{"id":28893,"date":"2020-04-25T11:53:30","date_gmt":"2020-04-25T09:53:30","guid":{"rendered":"https:\/\/guineediversite.com\/?p=28893"},"modified":"2020-04-25T11:53:32","modified_gmt":"2020-04-25T09:53:32","slug":"la-lutte-contre-le-paludisme-pourrait-patir-de-la-pandemie-de-covid-19","status":"publish","type":"post","link":"https:\/\/guineediversite.com\/index.php\/2020\/04\/25\/la-lutte-contre-le-paludisme-pourrait-patir-de-la-pandemie-de-covid-19\/","title":{"rendered":"La lutte contre le paludisme pourrait p\u00e2tir de la pand\u00e9mie de Covid-19"},"content":{"rendered":"\n<p>Ce samedi 25 avril marque la Journ\u00e9e internationale de lutte contre le paludisme. La maladie a frapp\u00e9 228 millions de personnes en 2018 et en a tu\u00e9 405&nbsp;000. Des chiffres \u00e9lev\u00e9s, qui pourraient l\u2019\u00eatre encore plus en 2020 \u00e0 cause de la pand\u00e9mie de Covid-19.<\/p>\n\n\n\n<p>Plus de 700&nbsp;000 morts du paludisme en 2020. C\u2019est le sombre pronostic de l\u2019OMS si jamais les programmes de pr\u00e9vention de la maladie venaient \u00e0 p\u00e2tir de la pand\u00e9mie de Covid-19. Avec 93% des cas et 94% des d\u00e9c\u00e8s, le continent africain est particuli\u00e8rement vuln\u00e9rable. \u00ab&nbsp;<em>L\u2019Afrique a fait des progr\u00e8s significatifs au cours des vingt&nbsp;derni\u00e8res ann\u00e9es<\/em>&nbsp;\u00bb, explique le Dr Moeti, directrice r\u00e9gionale pour l\u2019OMS pour l\u2019Afrique. \u00ab&nbsp;<em>Bien que le Covid-19 repr\u00e9sente une menace majeure pour la sant\u00e9, il est essentiel de maintenir les programmes de pr\u00e9vention et de traitement du paludisme. Nous ne devons pas revenir en arri\u00e8re<\/em>&nbsp;\u00bb.<\/p>\n\n\n\n<p>De surcro\u00eet, ces programmes ont encore du mal \u00e0 \u00eatre mis sur pied sur le terrain. \u00ab&nbsp;<em>Nous n\u2019en sommes pas au niveau souhait\u00e9&nbsp;<\/em>\u00bb, explique le Dr Sp\u00e8s Ntabangana, charg\u00e9e des strat\u00e9gies, du suivi et de l&rsquo;\u00e9valuation pour l&rsquo;Afrique centrale \u00e0 l\u2019OMS. \u00ab&nbsp;<em>En 2018, seulement 50% de la population dormait sous moustiquaire. Les femmes enceintes qui doivent recevoir trois doses de sulfadoxine pyrim\u00e9thamine durant leur grossesse n\u2019\u00e9taient que 31% \u00e0 en avoir. Une forte proportion d\u2019enfants qui pr\u00e9sentent des signes suspects du paludisme n\u2019ont b\u00e9n\u00e9fici\u00e9 d\u2019aucune prise en charge m\u00e9dicale. Ils \u00e9taient plus d\u2019un tiers en 2018.<\/em>&nbsp;\u00bb<\/p>\n","protected":false},"excerpt":{"rendered":"<p>Ce samedi 25 avril marque la Journ\u00e9e internationale de lutte contre le paludisme. La maladie a frapp\u00e9 228 millions de personnes en 2018 et en a tu\u00e9 405&nbsp;000. Des chiffres \u00e9lev\u00e9s, qui pourraient l\u2019\u00eatre encore plus en 2020 \u00e0 cause de la pand\u00e9mie de Covid-19. Plus de 700&nbsp;000 morts du paludisme en 2020. C\u2019est le [&hellip;]<\/p>\n","protected":false},"author":12,"featured_media":28894,"comment_status":"closed","ping_status":"closed","sticky":false,"template":"","format":"standard","meta":{"_exactmetrics_skip_tracking":false,"_exactmetrics_sitenote_active":false,"_exactmetrics_sitenote_note":"","_exactmetrics_sitenote_category":0,"tdm_status":"","tdm_grid_status":"","footnotes":""},"categories":[21],"tags":[],"class_list":{"0":"post-28893","1":"post","2":"type-post","3":"status-publish","4":"format-standard","5":"has-post-thumbnail","7":"category-international"},"yoast_head":"<!-- This site is optimized with the Yoast SEO plugin v24.2 - https:\/\/yoast.com\/wordpress\/plugins\/seo\/ -->\n<title>La lutte contre le paludisme pourrait p\u00e2tir de la pand\u00e9mie de Covid-19 | Guin\u00e9e Diversit\u00e9<\/title>\n<meta name=\"robots\" content=\"index, follow, max-snippet:-1, max-image-preview:large, max-video-preview:-1\" \/>\n<link rel=\"canonical\" href=\"https:\/\/guineediversite.com\/index.php\/2020\/04\/25\/la-lutte-contre-le-paludisme-pourrait-patir-de-la-pandemie-de-covid-19\/\" \/>\n<meta property=\"og:locale\" content=\"fr_FR\" \/>\n<meta property=\"og:type\" content=\"article\" \/>\n<meta property=\"og:title\" content=\"La lutte contre le paludisme pourrait p\u00e2tir de la pand\u00e9mie de Covid-19 | Guin\u00e9e Diversit\u00e9\" \/>\n<meta property=\"og:description\" content=\"Ce samedi 25 avril marque la Journ\u00e9e internationale de lutte contre le paludisme. La maladie a frapp\u00e9 228 millions de personnes en 2018 et en a tu\u00e9 405&nbsp;000. Des chiffres \u00e9lev\u00e9s, qui pourraient l\u2019\u00eatre encore plus en 2020 \u00e0 cause de la pand\u00e9mie de Covid-19. Plus de 700&nbsp;000 morts du paludisme en 2020. C\u2019est le [&hellip;]\" \/>\n<meta property=\"og:url\" content=\"https:\/\/guineediversite.com\/index.php\/2020\/04\/25\/la-lutte-contre-le-paludisme-pourrait-patir-de-la-pandemie-de-covid-19\/\" \/>\n<meta property=\"og:site_name\" content=\"Guin\u00e9e Diversit\u00e9\" \/>\n<meta property=\"article:publisher\" content=\"https:\/\/www.facebook.com\/guineediversite\/\" \/>\n<meta property=\"article:published_time\" content=\"2020-04-25T09:53:30+00:00\" \/>\n<meta property=\"article:modified_time\" content=\"2020-04-25T09:53:32+00:00\" \/>\n<meta property=\"og:image\" content=\"https:\/\/guineediversite.com\/wp-content\/uploads\/2020\/04\/campagne-de-vaccination-contre-le-paludisme.jpg\" \/>\n\t<meta property=\"og:image:width\" content=\"1500\" \/>\n\t<meta property=\"og:image:height\" content=\"843\" \/>\n\t<meta property=\"og:image:type\" content=\"image\/jpeg\" \/>\n<meta name=\"author\" content=\"Guin\u00e9e Diversit\u00e9\" \/>\n<meta name=\"twitter:card\" content=\"summary_large_image\" \/>\n<meta name=\"twitter:creator\" content=\"@GuineeDiversite\" \/>\n<meta name=\"twitter:site\" content=\"@GuineeDiversite\" \/>\n<meta name=\"twitter:label1\" content=\"\u00c9crit par\" \/>\n\t<meta name=\"twitter:data1\" content=\"Guin\u00e9e Diversit\u00e9\" \/>\n\t<meta name=\"twitter:label2\" content=\"Dur\u00e9e de lecture estim\u00e9e\" \/>\n\t<meta name=\"twitter:data2\" content=\"1 minute\" \/>\n<script type=\"application\/ld+json\" class=\"yoast-schema-graph\">{\"@context\":\"https:\/\/schema.org\",\"@graph\":[{\"@type\":\"Article\",\"@id\":\"https:\/\/guineediversite.com\/index.php\/2020\/04\/25\/la-lutte-contre-le-paludisme-pourrait-patir-de-la-pandemie-de-covid-19\/#article\",\"isPartOf\":{\"@id\":\"https:\/\/guineediversite.com\/index.php\/2020\/04\/25\/la-lutte-contre-le-paludisme-pourrait-patir-de-la-pandemie-de-covid-19\/\"},\"author\":{\"name\":\"Guin\u00e9e Diversit\u00e9\",\"@id\":\"https:\/\/guineediversite.com\/#\/schema\/person\/afa08fb34e7fc6e1feafc892612bc836\"},\"headline\":\"La lutte contre le paludisme pourrait p\u00e2tir de la pand\u00e9mie de Covid-19\",\"datePublished\":\"2020-04-25T09:53:30+00:00\",\"dateModified\":\"2020-04-25T09:53:32+00:00\",\"mainEntityOfPage\":{\"@id\":\"https:\/\/guineediversite.com\/index.php\/2020\/04\/25\/la-lutte-contre-le-paludisme-pourrait-patir-de-la-pandemie-de-covid-19\/\"},\"wordCount\":288,\"publisher\":{\"@id\":\"https:\/\/guineediversite.com\/#organization\"},\"image\":{\"@id\":\"https:\/\/guineediversite.com\/index.php\/2020\/04\/25\/la-lutte-contre-le-paludisme-pourrait-patir-de-la-pandemie-de-covid-19\/#primaryimage\"},\"thumbnailUrl\":\"https:\/\/guineediversite.com\/wp-content\/uploads\/2020\/04\/campagne-de-vaccination-contre-le-paludisme.jpg\",\"articleSection\":[\"International\"],\"inLanguage\":\"fr-FR\"},{\"@type\":\"WebPage\",\"@id\":\"https:\/\/guineediversite.com\/index.php\/2020\/04\/25\/la-lutte-contre-le-paludisme-pourrait-patir-de-la-pandemie-de-covid-19\/\",\"url\":\"https:\/\/guineediversite.com\/index.php\/2020\/04\/25\/la-lutte-contre-le-paludisme-pourrait-patir-de-la-pandemie-de-covid-19\/\",\"name\":\"La lutte contre le paludisme pourrait p\u00e2tir de la pand\u00e9mie de Covid-19 | Guin\u00e9e Diversit\u00e9\",\"isPartOf\":{\"@id\":\"https:\/\/guineediversite.com\/#website\"},\"primaryImageOfPage\":{\"@id\":\"https:\/\/guineediversite.com\/index.php\/2020\/04\/25\/la-lutte-contre-le-paludisme-pourrait-patir-de-la-pandemie-de-covid-19\/#primaryimage\"},\"image\":{\"@id\":\"https:\/\/guineediversite.com\/index.php\/2020\/04\/25\/la-lutte-contre-le-paludisme-pourrait-patir-de-la-pandemie-de-covid-19\/#primaryimage\"},\"thumbnailUrl\":\"https:\/\/guineediversite.com\/wp-content\/uploads\/2020\/04\/campagne-de-vaccination-contre-le-paludisme.jpg\",\"datePublished\":\"2020-04-25T09:53:30+00:00\",\"dateModified\":\"2020-04-25T09:53:32+00:00\",\"breadcrumb\":{\"@id\":\"https:\/\/guineediversite.com\/index.php\/2020\/04\/25\/la-lutte-contre-le-paludisme-pourrait-patir-de-la-pandemie-de-covid-19\/#breadcrumb\"},\"inLanguage\":\"fr-FR\",\"potentialAction\":[{\"@type\":\"ReadAction\",\"target\":[\"https:\/\/guineediversite.com\/index.php\/2020\/04\/25\/la-lutte-contre-le-paludisme-pourrait-patir-de-la-pandemie-de-covid-19\/\"]}]},{\"@type\":\"ImageObject\",\"inLanguage\":\"fr-FR\",\"@id\":\"https:\/\/guineediversite.com\/index.php\/2020\/04\/25\/la-lutte-contre-le-paludisme-pourrait-patir-de-la-pandemie-de-covid-19\/#primaryimage\",\"url\":\"https:\/\/guineediversite.com\/wp-content\/uploads\/2020\/04\/campagne-de-vaccination-contre-le-paludisme.jpg\",\"contentUrl\":\"https:\/\/guineediversite.com\/wp-content\/uploads\/2020\/04\/campagne-de-vaccination-contre-le-paludisme.jpg\",\"width\":1500,\"height\":843},{\"@type\":\"BreadcrumbList\",\"@id\":\"https:\/\/guineediversite.com\/index.php\/2020\/04\/25\/la-lutte-contre-le-paludisme-pourrait-patir-de-la-pandemie-de-covid-19\/#breadcrumb\",\"itemListElement\":[{\"@type\":\"ListItem\",\"position\":1,\"name\":\"Accueil\",\"item\":\"https:\/\/guineediversite.com\/\"},{\"@type\":\"ListItem\",\"position\":2,\"name\":\"La lutte contre le paludisme pourrait p\u00e2tir de la pand\u00e9mie de Covid-19\"}]},{\"@type\":\"WebSite\",\"@id\":\"https:\/\/guineediversite.com\/#website\",\"url\":\"https:\/\/guineediversite.com\/\",\"name\":\"Guin\u00e9e Diversit\u00e9\",\"description\":\"L&#039;Info dans toute sa diversit\u00e9\",\"publisher\":{\"@id\":\"https:\/\/guineediversite.com\/#organization\"},\"potentialAction\":[{\"@type\":\"SearchAction\",\"target\":{\"@type\":\"EntryPoint\",\"urlTemplate\":\"https:\/\/guineediversite.com\/?s={search_term_string}\"},\"query-input\":{\"@type\":\"PropertyValueSpecification\",\"valueRequired\":true,\"valueName\":\"search_term_string\"}}],\"inLanguage\":\"fr-FR\"},{\"@type\":\"Organization\",\"@id\":\"https:\/\/guineediversite.com\/#organization\",\"name\":\"Guin\u00e9e Diversit\u00e9\",\"url\":\"https:\/\/guineediversite.com\/\",\"logo\":{\"@type\":\"ImageObject\",\"inLanguage\":\"fr-FR\",\"@id\":\"https:\/\/guineediversite.com\/#\/schema\/logo\/image\/\",\"url\":\"https:\/\/guineediversite.com\/wp-content\/uploads\/2017\/04\/cropped-1jojlxEOMkX9Wyqfhe43D6kjPOGqBBKmx3EwWJqZ0cMrFF54yM49.png\",\"contentUrl\":\"https:\/\/guineediversite.com\/wp-content\/uploads\/2017\/04\/cropped-1jojlxEOMkX9Wyqfhe43D6kjPOGqBBKmx3EwWJqZ0cMrFF54yM49.png\",\"width\":186,\"height\":112,\"caption\":\"Guin\u00e9e Diversit\u00e9\"},\"image\":{\"@id\":\"https:\/\/guineediversite.com\/#\/schema\/logo\/image\/\"},\"sameAs\":[\"https:\/\/www.facebook.com\/guineediversite\/\",\"https:\/\/x.com\/GuineeDiversite\",\"https:\/\/www.youtube.com\/channel\/UC8sUY16qelG5ge6_D5SB83g\"]},{\"@type\":\"Person\",\"@id\":\"https:\/\/guineediversite.com\/#\/schema\/person\/afa08fb34e7fc6e1feafc892612bc836\",\"name\":\"Guin\u00e9e Diversit\u00e9\",\"image\":{\"@type\":\"ImageObject\",\"inLanguage\":\"fr-FR\",\"@id\":\"https:\/\/guineediversite.com\/#\/schema\/person\/image\/\",\"url\":\"https:\/\/secure.gravatar.com\/avatar\/50d5eb5b390f8b65ac30ac6f898eb83a?s=96&d=mm&r=g\",\"contentUrl\":\"https:\/\/secure.gravatar.com\/avatar\/50d5eb5b390f8b65ac30ac6f898eb83a?s=96&d=mm&r=g\",\"caption\":\"Guin\u00e9e Diversit\u00e9\"},\"url\":\"https:\/\/guineediversite.com\/index.php\/author\/guineediversite\/\"}]}<\/script>\n<!-- \/ Yoast SEO plugin. -->","yoast_head_json":{"title":"La lutte contre le paludisme pourrait p\u00e2tir de la pand\u00e9mie de Covid-19 | Guin\u00e9e Diversit\u00e9","robots":{"index":"index","follow":"follow","max-snippet":"max-snippet:-1","max-image-preview":"max-image-preview:large","max-video-preview":"max-video-preview:-1"},"canonical":"https:\/\/guineediversite.com\/index.php\/2020\/04\/25\/la-lutte-contre-le-paludisme-pourrait-patir-de-la-pandemie-de-covid-19\/","og_locale":"fr_FR","og_type":"article","og_title":"La lutte contre le paludisme pourrait p\u00e2tir de la pand\u00e9mie de Covid-19 | Guin\u00e9e Diversit\u00e9","og_description":"Ce samedi 25 avril marque la Journ\u00e9e internationale de lutte contre le paludisme. La maladie a frapp\u00e9 228 millions de personnes en 2018 et en a tu\u00e9 405&nbsp;000. Des chiffres \u00e9lev\u00e9s, qui pourraient l\u2019\u00eatre encore plus en 2020 \u00e0 cause de la pand\u00e9mie de Covid-19. Plus de 700&nbsp;000 morts du paludisme en 2020. C\u2019est le [&hellip;]","og_url":"https:\/\/guineediversite.com\/index.php\/2020\/04\/25\/la-lutte-contre-le-paludisme-pourrait-patir-de-la-pandemie-de-covid-19\/","og_site_name":"Guin\u00e9e Diversit\u00e9","article_publisher":"https:\/\/www.facebook.com\/guineediversite\/","article_published_time":"2020-04-25T09:53:30+00:00","article_modified_time":"2020-04-25T09:53:32+00:00","og_image":[{"width":1500,"height":843,"url":"https:\/\/guineediversite.com\/wp-content\/uploads\/2020\/04\/campagne-de-vaccination-contre-le-paludisme.jpg","type":"image\/jpeg"}],"author":"Guin\u00e9e Diversit\u00e9","twitter_card":"summary_large_image","twitter_creator":"@GuineeDiversite","twitter_site":"@GuineeDiversite","twitter_misc":{"\u00c9crit par":"Guin\u00e9e Diversit\u00e9","Dur\u00e9e de lecture estim\u00e9e":"1 minute"},"schema":{"@context":"https:\/\/schema.org","@graph":[{"@type":"Article","@id":"https:\/\/guineediversite.com\/index.php\/2020\/04\/25\/la-lutte-contre-le-paludisme-pourrait-patir-de-la-pandemie-de-covid-19\/#article","isPartOf":{"@id":"https:\/\/guineediversite.com\/index.php\/2020\/04\/25\/la-lutte-contre-le-paludisme-pourrait-patir-de-la-pandemie-de-covid-19\/"},"author":{"name":"Guin\u00e9e Diversit\u00e9","@id":"https:\/\/guineediversite.com\/#\/schema\/person\/afa08fb34e7fc6e1feafc892612bc836"},"headline":"La lutte contre le paludisme pourrait p\u00e2tir de la pand\u00e9mie de Covid-19","datePublished":"2020-04-25T09:53:30+00:00","dateModified":"2020-04-25T09:53:32+00:00","mainEntityOfPage":{"@id":"https:\/\/guineediversite.com\/index.php\/2020\/04\/25\/la-lutte-contre-le-paludisme-pourrait-patir-de-la-pandemie-de-covid-19\/"},"wordCount":288,"publisher":{"@id":"https:\/\/guineediversite.com\/#organization"},"image":{"@id":"https:\/\/guineediversite.com\/index.php\/2020\/04\/25\/la-lutte-contre-le-paludisme-pourrait-patir-de-la-pandemie-de-covid-19\/#primaryimage"},"thumbnailUrl":"https:\/\/guineediversite.com\/wp-content\/uploads\/2020\/04\/campagne-de-vaccination-contre-le-paludisme.jpg","articleSection":["International"],"inLanguage":"fr-FR"},{"@type":"WebPage","@id":"https:\/\/guineediversite.com\/index.php\/2020\/04\/25\/la-lutte-contre-le-paludisme-pourrait-patir-de-la-pandemie-de-covid-19\/","url":"https:\/\/guineediversite.com\/index.php\/2020\/04\/25\/la-lutte-contre-le-paludisme-pourrait-patir-de-la-pandemie-de-covid-19\/","name":"La lutte contre le paludisme pourrait p\u00e2tir de la pand\u00e9mie de Covid-19 | Guin\u00e9e Diversit\u00e9","isPartOf":{"@id":"https:\/\/guineediversite.com\/#website"},"primaryImageOfPage":{"@id":"https:\/\/guineediversite.com\/index.php\/2020\/04\/25\/la-lutte-contre-le-paludisme-pourrait-patir-de-la-pandemie-de-covid-19\/#primaryimage"},"image":{"@id":"https:\/\/guineediversite.com\/index.php\/2020\/04\/25\/la-lutte-contre-le-paludisme-pourrait-patir-de-la-pandemie-de-covid-19\/#primaryimage"},"thumbnailUrl":"https:\/\/guineediversite.com\/wp-content\/uploads\/2020\/04\/campagne-de-vaccination-contre-le-paludisme.jpg","datePublished":"2020-04-25T09:53:30+00:00","dateModified":"2020-04-25T09:53:32+00:00","breadcrumb":{"@id":"https:\/\/guineediversite.com\/index.php\/2020\/04\/25\/la-lutte-contre-le-paludisme-pourrait-patir-de-la-pandemie-de-covid-19\/#breadcrumb"},"inLanguage":"fr-FR","potentialAction":[{"@type":"ReadAction","target":["https:\/\/guineediversite.com\/index.php\/2020\/04\/25\/la-lutte-contre-le-paludisme-pourrait-patir-de-la-pandemie-de-covid-19\/"]}]},{"@type":"ImageObject","inLanguage":"fr-FR","@id":"https:\/\/guineediversite.com\/index.php\/2020\/04\/25\/la-lutte-contre-le-paludisme-pourrait-patir-de-la-pandemie-de-covid-19\/#primaryimage","url":"https:\/\/guineediversite.com\/wp-content\/uploads\/2020\/04\/campagne-de-vaccination-contre-le-paludisme.jpg","contentUrl":"https:\/\/guineediversite.com\/wp-content\/uploads\/2020\/04\/campagne-de-vaccination-contre-le-paludisme.jpg","width":1500,"height":843},{"@type":"BreadcrumbList","@id":"https:\/\/guineediversite.com\/index.php\/2020\/04\/25\/la-lutte-contre-le-paludisme-pourrait-patir-de-la-pandemie-de-covid-19\/#breadcrumb","itemListElement":[{"@type":"ListItem","position":1,"name":"Accueil","item":"https:\/\/guineediversite.com\/"},{"@type":"ListItem","position":2,"name":"La lutte contre le paludisme pourrait p\u00e2tir de la pand\u00e9mie de Covid-19"}]},{"@type":"WebSite","@id":"https:\/\/guineediversite.com\/#website","url":"https:\/\/guineediversite.com\/","name":"Guin\u00e9e Diversit\u00e9","description":"L&#039;Info dans toute sa diversit\u00e9","publisher":{"@id":"https:\/\/guineediversite.com\/#organization"},"potentialAction":[{"@type":"SearchAction","target":{"@type":"EntryPoint","urlTemplate":"https:\/\/guineediversite.com\/?s={search_term_string}"},"query-input":{"@type":"PropertyValueSpecification","valueRequired":true,"valueName":"search_term_string"}}],"inLanguage":"fr-FR"},{"@type":"Organization","@id":"https:\/\/guineediversite.com\/#organization","name":"Guin\u00e9e Diversit\u00e9","url":"https:\/\/guineediversite.com\/","logo":{"@type":"ImageObject","inLanguage":"fr-FR","@id":"https:\/\/guineediversite.com\/#\/schema\/logo\/image\/","url":"https:\/\/guineediversite.com\/wp-content\/uploads\/2017\/04\/cropped-1jojlxEOMkX9Wyqfhe43D6kjPOGqBBKmx3EwWJqZ0cMrFF54yM49.png","contentUrl":"https:\/\/guineediversite.com\/wp-content\/uploads\/2017\/04\/cropped-1jojlxEOMkX9Wyqfhe43D6kjPOGqBBKmx3EwWJqZ0cMrFF54yM49.png","width":186,"height":112,"caption":"Guin\u00e9e Diversit\u00e9"},"image":{"@id":"https:\/\/guineediversite.com\/#\/schema\/logo\/image\/"},"sameAs":["https:\/\/www.facebook.com\/guineediversite\/","https:\/\/x.com\/GuineeDiversite","https:\/\/www.youtube.com\/channel\/UC8sUY16qelG5ge6_D5SB83g"]},{"@type":"Person","@id":"https:\/\/guineediversite.com\/#\/schema\/person\/afa08fb34e7fc6e1feafc892612bc836","name":"Guin\u00e9e Diversit\u00e9","image":{"@type":"ImageObject","inLanguage":"fr-FR","@id":"https:\/\/guineediversite.com\/#\/schema\/person\/image\/","url":"https:\/\/secure.gravatar.com\/avatar\/50d5eb5b390f8b65ac30ac6f898eb83a?s=96&d=mm&r=g","contentUrl":"https:\/\/secure.gravatar.com\/avatar\/50d5eb5b390f8b65ac30ac6f898eb83a?s=96&d=mm&r=g","caption":"Guin\u00e9e Diversit\u00e9"},"url":"https:\/\/guineediversite.com\/index.php\/author\/guineediversite\/"}]}},"_links":{"self":[{"href":"https:\/\/guineediversite.com\/index.php\/wp-json\/wp\/v2\/posts\/28893"}],"collection":[{"href":"https:\/\/guineediversite.com\/index.php\/wp-json\/wp\/v2\/posts"}],"about":[{"href":"https:\/\/guineediversite.com\/index.php\/wp-json\/wp\/v2\/types\/post"}],"author":[{"embeddable":true,"href":"https:\/\/guineediversite.com\/index.php\/wp-json\/wp\/v2\/users\/12"}],"replies":[{"embeddable":true,"href":"https:\/\/guineediversite.com\/index.php\/wp-json\/wp\/v2\/comments?post=28893"}],"version-history":[{"count":1,"href":"https:\/\/guineediversite.com\/index.php\/wp-json\/wp\/v2\/posts\/28893\/revisions"}],"predecessor-version":[{"id":28895,"href":"https:\/\/guineediversite.com\/index.php\/wp-json\/wp\/v2\/posts\/28893\/revisions\/28895"}],"wp:featuredmedia":[{"embeddable":true,"href":"https:\/\/guineediversite.com\/index.php\/wp-json\/wp\/v2\/media\/28894"}],"wp:attachment":[{"href":"https:\/\/guineediversite.com\/index.php\/wp-json\/wp\/v2\/media?parent=28893"}],"wp:term":[{"taxonomy":"category","embeddable":true,"href":"https:\/\/guineediversite.com\/index.php\/wp-json\/wp\/v2\/categories?post=28893"},{"taxonomy":"post_tag","embeddable":true,"href":"https:\/\/guineediversite.com\/index.php\/wp-json\/wp\/v2\/tags?post=28893"}],"curies":[{"name":"wp","href":"https:\/\/api.w.org\/{rel}","templated":true}]}}