{"id":28887,"date":"2020-04-24T16:40:16","date_gmt":"2020-04-24T14:40:16","guid":{"rendered":"https:\/\/guineediversite.com\/?p=28887"},"modified":"2020-04-24T16:40:18","modified_gmt":"2020-04-24T14:40:18","slug":"covid-19-ils-peuvent-dire-tout-ce-quils-veulent-moi-je-sais-que-je-suis-bien-portant-fode-bangoura-sur-son-etat-de-sante","status":"publish","type":"post","link":"https:\/\/guineediversite.com\/index.php\/2020\/04\/24\/covid-19-ils-peuvent-dire-tout-ce-quils-veulent-moi-je-sais-que-je-suis-bien-portant-fode-bangoura-sur-son-etat-de-sante\/","title":{"rendered":"COVID-19: \u00ab Ils peuvent dire tout ce qu&rsquo;ils veulent, moi je sais que je suis bien portant(\u2026) \u00bb, Fod\u00e9 Bangoura sur son \u00e9tat de sant\u00e9"},"content":{"rendered":"\n<p>L\u2019actuel pr\u00e9sident du Parti de l&rsquo;Unit\u00e9 et du Progr\u00e8s (PUP), Fod\u00e9 Bangoura serait-il porteur de la maladie du coronavirus ? C\u2019est derniers jours les rumeurs circulaient qu\u2019il serait positif du Covid-19. &nbsp;<\/p>\n\n\n\n<p>Une rumeur qui n\u2019a pas fait taire Fod\u00e9 Bangoura, sa r\u00e9action n\u2019a pas tard\u00e9 \u00e0 travers la cellule de communication de son parti. Il dira, \u00ab&nbsp;<em>ce n&rsquo;est pas la premi\u00e8re fois que les gens disent les choses de moi. Ils peuvent dire tout ce qu&rsquo;ils veulent, moi je sais que je suis bien portant et je suis en famille tout va bien chez moi<\/em>&nbsp;\u00bb.&nbsp;<\/p>\n\n\n\n<p>Le premier responsable du Parti de l\u2019Unit\u00e9 et du Progr\u00e8s, dans sa communication affirme ceci, \u00ab&nbsp;<em>c&rsquo;est vraiment m\u00e9chant de souhaiter du malheur \u00e0 ton prochain surtout cette pand\u00e9mie covid-19. Mais, je ne peux rien faire, je laisse pour moi \u00e0 Dieu. Lui seul \u00e0 le dernier mot c&rsquo;est vraiment dommage. Que Dieu nous prot\u00e8ge tous de ce virus. Je suis chez moi avec ma famille<\/em>&nbsp;\u00bb.<\/p>\n","protected":false},"excerpt":{"rendered":"<p>L\u2019actuel pr\u00e9sident du Parti de l&rsquo;Unit\u00e9 et du Progr\u00e8s (PUP), Fod\u00e9 Bangoura serait-il porteur de la maladie du coronavirus ? C\u2019est derniers jours les rumeurs circulaient qu\u2019il serait positif du Covid-19. &nbsp; Une rumeur qui n\u2019a pas fait taire Fod\u00e9 Bangoura, sa r\u00e9action n\u2019a pas tard\u00e9 \u00e0 travers la cellule de communication de son parti. [&hellip;]<\/p>\n","protected":false},"author":10,"featured_media":28888,"comment_status":"closed","ping_status":"closed","sticky":false,"template":"","format":"standard","meta":{"_exactmetrics_skip_tracking":false,"_exactmetrics_sitenote_active":false,"_exactmetrics_sitenote_note":"","_exactmetrics_sitenote_category":0,"tdm_status":"","tdm_grid_status":"","footnotes":""},"categories":[16],"tags":[],"class_list":{"0":"post-28887","1":"post","2":"type-post","3":"status-publish","4":"format-standard","5":"has-post-thumbnail","7":"category-societe"},"yoast_head":"<!-- This site is optimized with the Yoast SEO plugin v24.2 - https:\/\/yoast.com\/wordpress\/plugins\/seo\/ -->\n<title>COVID-19: \u00ab Ils peuvent dire tout ce qu&#039;ils veulent, moi je sais que je suis bien portant(\u2026) \u00bb, Fod\u00e9 Bangoura sur son \u00e9tat de sant\u00e9 | Guin\u00e9e Diversit\u00e9<\/title>\n<meta name=\"robots\" content=\"index, follow, max-snippet:-1, max-image-preview:large, max-video-preview:-1\" \/>\n<link rel=\"canonical\" href=\"https:\/\/guineediversite.com\/index.php\/2020\/04\/24\/covid-19-ils-peuvent-dire-tout-ce-quils-veulent-moi-je-sais-que-je-suis-bien-portant-fode-bangoura-sur-son-etat-de-sante\/\" \/>\n<meta property=\"og:locale\" content=\"fr_FR\" \/>\n<meta property=\"og:type\" content=\"article\" \/>\n<meta property=\"og:title\" content=\"COVID-19: \u00ab Ils peuvent dire tout ce qu&#039;ils veulent, moi je sais que je suis bien portant(\u2026) \u00bb, Fod\u00e9 Bangoura sur son \u00e9tat de sant\u00e9 | Guin\u00e9e Diversit\u00e9\" \/>\n<meta property=\"og:description\" content=\"L\u2019actuel pr\u00e9sident du Parti de l&rsquo;Unit\u00e9 et du Progr\u00e8s (PUP), Fod\u00e9 Bangoura serait-il porteur de la maladie du coronavirus ? C\u2019est derniers jours les rumeurs circulaient qu\u2019il serait positif du Covid-19. &nbsp; Une rumeur qui n\u2019a pas fait taire Fod\u00e9 Bangoura, sa r\u00e9action n\u2019a pas tard\u00e9 \u00e0 travers la cellule de communication de son parti. [&hellip;]\" \/>\n<meta property=\"og:url\" content=\"https:\/\/guineediversite.com\/index.php\/2020\/04\/24\/covid-19-ils-peuvent-dire-tout-ce-quils-veulent-moi-je-sais-que-je-suis-bien-portant-fode-bangoura-sur-son-etat-de-sante\/\" \/>\n<meta property=\"og:site_name\" content=\"Guin\u00e9e Diversit\u00e9\" \/>\n<meta property=\"article:publisher\" content=\"https:\/\/www.facebook.com\/guineediversite\/\" \/>\n<meta property=\"article:published_time\" content=\"2020-04-24T14:40:16+00:00\" \/>\n<meta property=\"article:modified_time\" content=\"2020-04-24T14:40:18+00:00\" \/>\n<meta property=\"og:image\" content=\"https:\/\/guineediversite.com\/wp-content\/uploads\/2020\/04\/FODE-BANGOURA.jpg\" \/>\n\t<meta property=\"og:image:width\" content=\"1500\" \/>\n\t<meta property=\"og:image:height\" content=\"840\" \/>\n\t<meta property=\"og:image:type\" content=\"image\/jpeg\" \/>\n<meta name=\"author\" content=\"Morcire Camara\" \/>\n<meta name=\"twitter:card\" content=\"summary_large_image\" \/>\n<meta name=\"twitter:creator\" content=\"@GuineeDiversite\" \/>\n<meta name=\"twitter:site\" content=\"@GuineeDiversite\" \/>\n<meta name=\"twitter:label1\" content=\"\u00c9crit par\" \/>\n\t<meta name=\"twitter:data1\" content=\"Morcire Camara\" \/>\n\t<meta name=\"twitter:label2\" content=\"Dur\u00e9e de lecture estim\u00e9e\" \/>\n\t<meta name=\"twitter:data2\" content=\"1 minute\" \/>\n<script type=\"application\/ld+json\" class=\"yoast-schema-graph\">{\"@context\":\"https:\/\/schema.org\",\"@graph\":[{\"@type\":\"Article\",\"@id\":\"https:\/\/guineediversite.com\/index.php\/2020\/04\/24\/covid-19-ils-peuvent-dire-tout-ce-quils-veulent-moi-je-sais-que-je-suis-bien-portant-fode-bangoura-sur-son-etat-de-sante\/#article\",\"isPartOf\":{\"@id\":\"https:\/\/guineediversite.com\/index.php\/2020\/04\/24\/covid-19-ils-peuvent-dire-tout-ce-quils-veulent-moi-je-sais-que-je-suis-bien-portant-fode-bangoura-sur-son-etat-de-sante\/\"},\"author\":{\"name\":\"Morcire Camara\",\"@id\":\"https:\/\/guineediversite.com\/#\/schema\/person\/fa362494c47202ce4b3adf55abcc9d01\"},\"headline\":\"COVID-19: \u00ab Ils peuvent dire tout ce qu&rsquo;ils veulent, moi je sais que je suis bien portant(\u2026) \u00bb, Fod\u00e9 Bangoura sur son \u00e9tat de sant\u00e9\",\"datePublished\":\"2020-04-24T14:40:16+00:00\",\"dateModified\":\"2020-04-24T14:40:18+00:00\",\"mainEntityOfPage\":{\"@id\":\"https:\/\/guineediversite.com\/index.php\/2020\/04\/24\/covid-19-ils-peuvent-dire-tout-ce-quils-veulent-moi-je-sais-que-je-suis-bien-portant-fode-bangoura-sur-son-etat-de-sante\/\"},\"wordCount\":204,\"publisher\":{\"@id\":\"https:\/\/guineediversite.com\/#organization\"},\"image\":{\"@id\":\"https:\/\/guineediversite.com\/index.php\/2020\/04\/24\/covid-19-ils-peuvent-dire-tout-ce-quils-veulent-moi-je-sais-que-je-suis-bien-portant-fode-bangoura-sur-son-etat-de-sante\/#primaryimage\"},\"thumbnailUrl\":\"https:\/\/guineediversite.com\/wp-content\/uploads\/2020\/04\/FODE-BANGOURA.jpg\",\"articleSection\":[\"Soci\u00e9t\u00e9\"],\"inLanguage\":\"fr-FR\"},{\"@type\":\"WebPage\",\"@id\":\"https:\/\/guineediversite.com\/index.php\/2020\/04\/24\/covid-19-ils-peuvent-dire-tout-ce-quils-veulent-moi-je-sais-que-je-suis-bien-portant-fode-bangoura-sur-son-etat-de-sante\/\",\"url\":\"https:\/\/guineediversite.com\/index.php\/2020\/04\/24\/covid-19-ils-peuvent-dire-tout-ce-quils-veulent-moi-je-sais-que-je-suis-bien-portant-fode-bangoura-sur-son-etat-de-sante\/\",\"name\":\"COVID-19: \u00ab Ils peuvent dire tout ce qu'ils veulent, moi je sais que je suis bien portant(\u2026) \u00bb, Fod\u00e9 Bangoura sur son \u00e9tat de sant\u00e9 | Guin\u00e9e Diversit\u00e9\",\"isPartOf\":{\"@id\":\"https:\/\/guineediversite.com\/#website\"},\"primaryImageOfPage\":{\"@id\":\"https:\/\/guineediversite.com\/index.php\/2020\/04\/24\/covid-19-ils-peuvent-dire-tout-ce-quils-veulent-moi-je-sais-que-je-suis-bien-portant-fode-bangoura-sur-son-etat-de-sante\/#primaryimage\"},\"image\":{\"@id\":\"https:\/\/guineediversite.com\/index.php\/2020\/04\/24\/covid-19-ils-peuvent-dire-tout-ce-quils-veulent-moi-je-sais-que-je-suis-bien-portant-fode-bangoura-sur-son-etat-de-sante\/#primaryimage\"},\"thumbnailUrl\":\"https:\/\/guineediversite.com\/wp-content\/uploads\/2020\/04\/FODE-BANGOURA.jpg\",\"datePublished\":\"2020-04-24T14:40:16+00:00\",\"dateModified\":\"2020-04-24T14:40:18+00:00\",\"breadcrumb\":{\"@id\":\"https:\/\/guineediversite.com\/index.php\/2020\/04\/24\/covid-19-ils-peuvent-dire-tout-ce-quils-veulent-moi-je-sais-que-je-suis-bien-portant-fode-bangoura-sur-son-etat-de-sante\/#breadcrumb\"},\"inLanguage\":\"fr-FR\",\"potentialAction\":[{\"@type\":\"ReadAction\",\"target\":[\"https:\/\/guineediversite.com\/index.php\/2020\/04\/24\/covid-19-ils-peuvent-dire-tout-ce-quils-veulent-moi-je-sais-que-je-suis-bien-portant-fode-bangoura-sur-son-etat-de-sante\/\"]}]},{\"@type\":\"ImageObject\",\"inLanguage\":\"fr-FR\",\"@id\":\"https:\/\/guineediversite.com\/index.php\/2020\/04\/24\/covid-19-ils-peuvent-dire-tout-ce-quils-veulent-moi-je-sais-que-je-suis-bien-portant-fode-bangoura-sur-son-etat-de-sante\/#primaryimage\",\"url\":\"https:\/\/guineediversite.com\/wp-content\/uploads\/2020\/04\/FODE-BANGOURA.jpg\",\"contentUrl\":\"https:\/\/guineediversite.com\/wp-content\/uploads\/2020\/04\/FODE-BANGOURA.jpg\",\"width\":1500,\"height\":840},{\"@type\":\"BreadcrumbList\",\"@id\":\"https:\/\/guineediversite.com\/index.php\/2020\/04\/24\/covid-19-ils-peuvent-dire-tout-ce-quils-veulent-moi-je-sais-que-je-suis-bien-portant-fode-bangoura-sur-son-etat-de-sante\/#breadcrumb\",\"itemListElement\":[{\"@type\":\"ListItem\",\"position\":1,\"name\":\"Accueil\",\"item\":\"https:\/\/guineediversite.com\/\"},{\"@type\":\"ListItem\",\"position\":2,\"name\":\"COVID-19: \u00ab Ils peuvent dire tout ce qu&rsquo;ils veulent, moi je sais que je suis bien portant(\u2026) \u00bb, Fod\u00e9 Bangoura sur son \u00e9tat de sant\u00e9\"}]},{\"@type\":\"WebSite\",\"@id\":\"https:\/\/guineediversite.com\/#website\",\"url\":\"https:\/\/guineediversite.com\/\",\"name\":\"Guin\u00e9e Diversit\u00e9\",\"description\":\"L&#039;Info dans toute sa diversit\u00e9\",\"publisher\":{\"@id\":\"https:\/\/guineediversite.com\/#organization\"},\"potentialAction\":[{\"@type\":\"SearchAction\",\"target\":{\"@type\":\"EntryPoint\",\"urlTemplate\":\"https:\/\/guineediversite.com\/?s={search_term_string}\"},\"query-input\":{\"@type\":\"PropertyValueSpecification\",\"valueRequired\":true,\"valueName\":\"search_term_string\"}}],\"inLanguage\":\"fr-FR\"},{\"@type\":\"Organization\",\"@id\":\"https:\/\/guineediversite.com\/#organization\",\"name\":\"Guin\u00e9e Diversit\u00e9\",\"url\":\"https:\/\/guineediversite.com\/\",\"logo\":{\"@type\":\"ImageObject\",\"inLanguage\":\"fr-FR\",\"@id\":\"https:\/\/guineediversite.com\/#\/schema\/logo\/image\/\",\"url\":\"https:\/\/guineediversite.com\/wp-content\/uploads\/2017\/04\/cropped-1jojlxEOMkX9Wyqfhe43D6kjPOGqBBKmx3EwWJqZ0cMrFF54yM49.png\",\"contentUrl\":\"https:\/\/guineediversite.com\/wp-content\/uploads\/2017\/04\/cropped-1jojlxEOMkX9Wyqfhe43D6kjPOGqBBKmx3EwWJqZ0cMrFF54yM49.png\",\"width\":186,\"height\":112,\"caption\":\"Guin\u00e9e Diversit\u00e9\"},\"image\":{\"@id\":\"https:\/\/guineediversite.com\/#\/schema\/logo\/image\/\"},\"sameAs\":[\"https:\/\/www.facebook.com\/guineediversite\/\",\"https:\/\/x.com\/GuineeDiversite\",\"https:\/\/www.youtube.com\/channel\/UC8sUY16qelG5ge6_D5SB83g\"]},{\"@type\":\"Person\",\"@id\":\"https:\/\/guineediversite.com\/#\/schema\/person\/fa362494c47202ce4b3adf55abcc9d01\",\"name\":\"Morcire Camara\",\"image\":{\"@type\":\"ImageObject\",\"inLanguage\":\"fr-FR\",\"@id\":\"https:\/\/guineediversite.com\/#\/schema\/person\/image\/\",\"url\":\"https:\/\/secure.gravatar.com\/avatar\/3ec324f02295bbcebe03d99b39330ab4?s=96&d=mm&r=g\",\"contentUrl\":\"https:\/\/secure.gravatar.com\/avatar\/3ec324f02295bbcebe03d99b39330ab4?s=96&d=mm&r=g\",\"caption\":\"Morcire Camara\"},\"url\":\"https:\/\/guineediversite.com\/index.php\/author\/morcire\/\"}]}<\/script>\n<!-- \/ Yoast SEO plugin. -->","yoast_head_json":{"title":"COVID-19: \u00ab Ils peuvent dire tout ce qu'ils veulent, moi je sais que je suis bien portant(\u2026) \u00bb, Fod\u00e9 Bangoura sur son \u00e9tat de sant\u00e9 | Guin\u00e9e Diversit\u00e9","robots":{"index":"index","follow":"follow","max-snippet":"max-snippet:-1","max-image-preview":"max-image-preview:large","max-video-preview":"max-video-preview:-1"},"canonical":"https:\/\/guineediversite.com\/index.php\/2020\/04\/24\/covid-19-ils-peuvent-dire-tout-ce-quils-veulent-moi-je-sais-que-je-suis-bien-portant-fode-bangoura-sur-son-etat-de-sante\/","og_locale":"fr_FR","og_type":"article","og_title":"COVID-19: \u00ab Ils peuvent dire tout ce qu'ils veulent, moi je sais que je suis bien portant(\u2026) \u00bb, Fod\u00e9 Bangoura sur son \u00e9tat de sant\u00e9 | Guin\u00e9e Diversit\u00e9","og_description":"L\u2019actuel pr\u00e9sident du Parti de l&rsquo;Unit\u00e9 et du Progr\u00e8s (PUP), Fod\u00e9 Bangoura serait-il porteur de la maladie du coronavirus ? C\u2019est derniers jours les rumeurs circulaient qu\u2019il serait positif du Covid-19. &nbsp; Une rumeur qui n\u2019a pas fait taire Fod\u00e9 Bangoura, sa r\u00e9action n\u2019a pas tard\u00e9 \u00e0 travers la cellule de communication de son parti. [&hellip;]","og_url":"https:\/\/guineediversite.com\/index.php\/2020\/04\/24\/covid-19-ils-peuvent-dire-tout-ce-quils-veulent-moi-je-sais-que-je-suis-bien-portant-fode-bangoura-sur-son-etat-de-sante\/","og_site_name":"Guin\u00e9e Diversit\u00e9","article_publisher":"https:\/\/www.facebook.com\/guineediversite\/","article_published_time":"2020-04-24T14:40:16+00:00","article_modified_time":"2020-04-24T14:40:18+00:00","og_image":[{"width":1500,"height":840,"url":"https:\/\/guineediversite.com\/wp-content\/uploads\/2020\/04\/FODE-BANGOURA.jpg","type":"image\/jpeg"}],"author":"Morcire Camara","twitter_card":"summary_large_image","twitter_creator":"@GuineeDiversite","twitter_site":"@GuineeDiversite","twitter_misc":{"\u00c9crit par":"Morcire Camara","Dur\u00e9e de lecture estim\u00e9e":"1 minute"},"schema":{"@context":"https:\/\/schema.org","@graph":[{"@type":"Article","@id":"https:\/\/guineediversite.com\/index.php\/2020\/04\/24\/covid-19-ils-peuvent-dire-tout-ce-quils-veulent-moi-je-sais-que-je-suis-bien-portant-fode-bangoura-sur-son-etat-de-sante\/#article","isPartOf":{"@id":"https:\/\/guineediversite.com\/index.php\/2020\/04\/24\/covid-19-ils-peuvent-dire-tout-ce-quils-veulent-moi-je-sais-que-je-suis-bien-portant-fode-bangoura-sur-son-etat-de-sante\/"},"author":{"name":"Morcire Camara","@id":"https:\/\/guineediversite.com\/#\/schema\/person\/fa362494c47202ce4b3adf55abcc9d01"},"headline":"COVID-19: \u00ab Ils peuvent dire tout ce qu&rsquo;ils veulent, moi je sais que je suis bien portant(\u2026) \u00bb, Fod\u00e9 Bangoura sur son \u00e9tat de sant\u00e9","datePublished":"2020-04-24T14:40:16+00:00","dateModified":"2020-04-24T14:40:18+00:00","mainEntityOfPage":{"@id":"https:\/\/guineediversite.com\/index.php\/2020\/04\/24\/covid-19-ils-peuvent-dire-tout-ce-quils-veulent-moi-je-sais-que-je-suis-bien-portant-fode-bangoura-sur-son-etat-de-sante\/"},"wordCount":204,"publisher":{"@id":"https:\/\/guineediversite.com\/#organization"},"image":{"@id":"https:\/\/guineediversite.com\/index.php\/2020\/04\/24\/covid-19-ils-peuvent-dire-tout-ce-quils-veulent-moi-je-sais-que-je-suis-bien-portant-fode-bangoura-sur-son-etat-de-sante\/#primaryimage"},"thumbnailUrl":"https:\/\/guineediversite.com\/wp-content\/uploads\/2020\/04\/FODE-BANGOURA.jpg","articleSection":["Soci\u00e9t\u00e9"],"inLanguage":"fr-FR"},{"@type":"WebPage","@id":"https:\/\/guineediversite.com\/index.php\/2020\/04\/24\/covid-19-ils-peuvent-dire-tout-ce-quils-veulent-moi-je-sais-que-je-suis-bien-portant-fode-bangoura-sur-son-etat-de-sante\/","url":"https:\/\/guineediversite.com\/index.php\/2020\/04\/24\/covid-19-ils-peuvent-dire-tout-ce-quils-veulent-moi-je-sais-que-je-suis-bien-portant-fode-bangoura-sur-son-etat-de-sante\/","name":"COVID-19: \u00ab Ils peuvent dire tout ce qu'ils veulent, moi je sais que je suis bien portant(\u2026) \u00bb, Fod\u00e9 Bangoura sur son \u00e9tat de sant\u00e9 | Guin\u00e9e Diversit\u00e9","isPartOf":{"@id":"https:\/\/guineediversite.com\/#website"},"primaryImageOfPage":{"@id":"https:\/\/guineediversite.com\/index.php\/2020\/04\/24\/covid-19-ils-peuvent-dire-tout-ce-quils-veulent-moi-je-sais-que-je-suis-bien-portant-fode-bangoura-sur-son-etat-de-sante\/#primaryimage"},"image":{"@id":"https:\/\/guineediversite.com\/index.php\/2020\/04\/24\/covid-19-ils-peuvent-dire-tout-ce-quils-veulent-moi-je-sais-que-je-suis-bien-portant-fode-bangoura-sur-son-etat-de-sante\/#primaryimage"},"thumbnailUrl":"https:\/\/guineediversite.com\/wp-content\/uploads\/2020\/04\/FODE-BANGOURA.jpg","datePublished":"2020-04-24T14:40:16+00:00","dateModified":"2020-04-24T14:40:18+00:00","breadcrumb":{"@id":"https:\/\/guineediversite.com\/index.php\/2020\/04\/24\/covid-19-ils-peuvent-dire-tout-ce-quils-veulent-moi-je-sais-que-je-suis-bien-portant-fode-bangoura-sur-son-etat-de-sante\/#breadcrumb"},"inLanguage":"fr-FR","potentialAction":[{"@type":"ReadAction","target":["https:\/\/guineediversite.com\/index.php\/2020\/04\/24\/covid-19-ils-peuvent-dire-tout-ce-quils-veulent-moi-je-sais-que-je-suis-bien-portant-fode-bangoura-sur-son-etat-de-sante\/"]}]},{"@type":"ImageObject","inLanguage":"fr-FR","@id":"https:\/\/guineediversite.com\/index.php\/2020\/04\/24\/covid-19-ils-peuvent-dire-tout-ce-quils-veulent-moi-je-sais-que-je-suis-bien-portant-fode-bangoura-sur-son-etat-de-sante\/#primaryimage","url":"https:\/\/guineediversite.com\/wp-content\/uploads\/2020\/04\/FODE-BANGOURA.jpg","contentUrl":"https:\/\/guineediversite.com\/wp-content\/uploads\/2020\/04\/FODE-BANGOURA.jpg","width":1500,"height":840},{"@type":"BreadcrumbList","@id":"https:\/\/guineediversite.com\/index.php\/2020\/04\/24\/covid-19-ils-peuvent-dire-tout-ce-quils-veulent-moi-je-sais-que-je-suis-bien-portant-fode-bangoura-sur-son-etat-de-sante\/#breadcrumb","itemListElement":[{"@type":"ListItem","position":1,"name":"Accueil","item":"https:\/\/guineediversite.com\/"},{"@type":"ListItem","position":2,"name":"COVID-19: \u00ab Ils peuvent dire tout ce qu&rsquo;ils veulent, moi je sais que je suis bien portant(\u2026) \u00bb, Fod\u00e9 Bangoura sur son \u00e9tat de sant\u00e9"}]},{"@type":"WebSite","@id":"https:\/\/guineediversite.com\/#website","url":"https:\/\/guineediversite.com\/","name":"Guin\u00e9e Diversit\u00e9","description":"L&#039;Info dans toute sa diversit\u00e9","publisher":{"@id":"https:\/\/guineediversite.com\/#organization"},"potentialAction":[{"@type":"SearchAction","target":{"@type":"EntryPoint","urlTemplate":"https:\/\/guineediversite.com\/?s={search_term_string}"},"query-input":{"@type":"PropertyValueSpecification","valueRequired":true,"valueName":"search_term_string"}}],"inLanguage":"fr-FR"},{"@type":"Organization","@id":"https:\/\/guineediversite.com\/#organization","name":"Guin\u00e9e Diversit\u00e9","url":"https:\/\/guineediversite.com\/","logo":{"@type":"ImageObject","inLanguage":"fr-FR","@id":"https:\/\/guineediversite.com\/#\/schema\/logo\/image\/","url":"https:\/\/guineediversite.com\/wp-content\/uploads\/2017\/04\/cropped-1jojlxEOMkX9Wyqfhe43D6kjPOGqBBKmx3EwWJqZ0cMrFF54yM49.png","contentUrl":"https:\/\/guineediversite.com\/wp-content\/uploads\/2017\/04\/cropped-1jojlxEOMkX9Wyqfhe43D6kjPOGqBBKmx3EwWJqZ0cMrFF54yM49.png","width":186,"height":112,"caption":"Guin\u00e9e Diversit\u00e9"},"image":{"@id":"https:\/\/guineediversite.com\/#\/schema\/logo\/image\/"},"sameAs":["https:\/\/www.facebook.com\/guineediversite\/","https:\/\/x.com\/GuineeDiversite","https:\/\/www.youtube.com\/channel\/UC8sUY16qelG5ge6_D5SB83g"]},{"@type":"Person","@id":"https:\/\/guineediversite.com\/#\/schema\/person\/fa362494c47202ce4b3adf55abcc9d01","name":"Morcire Camara","image":{"@type":"ImageObject","inLanguage":"fr-FR","@id":"https:\/\/guineediversite.com\/#\/schema\/person\/image\/","url":"https:\/\/secure.gravatar.com\/avatar\/3ec324f02295bbcebe03d99b39330ab4?s=96&d=mm&r=g","contentUrl":"https:\/\/secure.gravatar.com\/avatar\/3ec324f02295bbcebe03d99b39330ab4?s=96&d=mm&r=g","caption":"Morcire Camara"},"url":"https:\/\/guineediversite.com\/index.php\/author\/morcire\/"}]}},"_links":{"self":[{"href":"https:\/\/guineediversite.com\/index.php\/wp-json\/wp\/v2\/posts\/28887"}],"collection":[{"href":"https:\/\/guineediversite.com\/index.php\/wp-json\/wp\/v2\/posts"}],"about":[{"href":"https:\/\/guineediversite.com\/index.php\/wp-json\/wp\/v2\/types\/post"}],"author":[{"embeddable":true,"href":"https:\/\/guineediversite.com\/index.php\/wp-json\/wp\/v2\/users\/10"}],"replies":[{"embeddable":true,"href":"https:\/\/guineediversite.com\/index.php\/wp-json\/wp\/v2\/comments?post=28887"}],"version-history":[{"count":1,"href":"https:\/\/guineediversite.com\/index.php\/wp-json\/wp\/v2\/posts\/28887\/revisions"}],"predecessor-version":[{"id":28889,"href":"https:\/\/guineediversite.com\/index.php\/wp-json\/wp\/v2\/posts\/28887\/revisions\/28889"}],"wp:featuredmedia":[{"embeddable":true,"href":"https:\/\/guineediversite.com\/index.php\/wp-json\/wp\/v2\/media\/28888"}],"wp:attachment":[{"href":"https:\/\/guineediversite.com\/index.php\/wp-json\/wp\/v2\/media?parent=28887"}],"wp:term":[{"taxonomy":"category","embeddable":true,"href":"https:\/\/guineediversite.com\/index.php\/wp-json\/wp\/v2\/categories?post=28887"},{"taxonomy":"post_tag","embeddable":true,"href":"https:\/\/guineediversite.com\/index.php\/wp-json\/wp\/v2\/tags?post=28887"}],"curies":[{"name":"wp","href":"https:\/\/api.w.org\/{rel}","templated":true}]}}