{"id":28852,"date":"2020-04-21T15:35:29","date_gmt":"2020-04-21T13:35:29","guid":{"rendered":"https:\/\/guineediversite.com\/?p=28852"},"modified":"2020-04-21T15:36:03","modified_gmt":"2020-04-21T13:36:03","slug":"nouveau-parlement-amadou-damaro-camara-elu-president-avec-98-voix","status":"publish","type":"post","link":"https:\/\/guineediversite.com\/index.php\/2020\/04\/21\/nouveau-parlement-amadou-damaro-camara-elu-president-avec-98-voix\/","title":{"rendered":"Nouveau parlement : Amadou Damaro Camara \u00e9lu Pr\u00e9sident avec 98 voix"},"content":{"rendered":"\n<p>Il avait pour concurrent Mohamed Lamine Kaba du parti FIDEL, l\u2019honnorable Amadou Damaro Camara a remport\u00e9 l\u2019\u00e9lection de la pr\u00e9sidence de l\u2019Assembl\u00e9e nationale guin\u00e9enne ce mardi lors de la session inaugurale.<\/p>\n\n\n\n<p>Amadou Damaro Camara est \u00e9lu avec 98 voix sur 110 votants. Ainsi, il est le deuxi\u00e8me pr\u00e9sident de l\u2019assembl\u00e9e nationale sous l\u2019\u00e8re du pr\u00e9sident Alpha Cond\u00e9. Il succ\u00e8de donc Kory Kondiano qui \u00e9tait pr\u00e9sident depuis 2013.<\/p>\n","protected":false},"excerpt":{"rendered":"<p>Il avait pour concurrent Mohamed Lamine Kaba du parti FIDEL, l\u2019honnorable Amadou Damaro Camara a remport\u00e9 l\u2019\u00e9lection de la pr\u00e9sidence de l\u2019Assembl\u00e9e nationale guin\u00e9enne ce mardi lors de la session inaugurale. Amadou Damaro Camara est \u00e9lu avec 98 voix sur 110 votants. Ainsi, il est le deuxi\u00e8me pr\u00e9sident de l\u2019assembl\u00e9e nationale sous l\u2019\u00e8re du pr\u00e9sident [&hellip;]<\/p>\n","protected":false},"author":7,"featured_media":28853,"comment_status":"closed","ping_status":"closed","sticky":false,"template":"","format":"standard","meta":{"_exactmetrics_skip_tracking":false,"_exactmetrics_sitenote_active":false,"_exactmetrics_sitenote_note":"","_exactmetrics_sitenote_category":0,"tdm_status":"","tdm_grid_status":"","footnotes":""},"categories":[14],"tags":[],"class_list":{"0":"post-28852","1":"post","2":"type-post","3":"status-publish","4":"format-standard","5":"has-post-thumbnail","7":"category-politique"},"yoast_head":"<!-- This site is optimized with the Yoast SEO plugin v24.2 - https:\/\/yoast.com\/wordpress\/plugins\/seo\/ -->\n<title>Nouveau parlement : Amadou Damaro Camara \u00e9lu Pr\u00e9sident avec 98 voix | Guin\u00e9e Diversit\u00e9<\/title>\n<meta name=\"robots\" content=\"index, follow, max-snippet:-1, max-image-preview:large, max-video-preview:-1\" \/>\n<link rel=\"canonical\" href=\"https:\/\/guineediversite.com\/index.php\/2020\/04\/21\/nouveau-parlement-amadou-damaro-camara-elu-president-avec-98-voix\/\" \/>\n<meta property=\"og:locale\" content=\"fr_FR\" \/>\n<meta property=\"og:type\" content=\"article\" \/>\n<meta property=\"og:title\" content=\"Nouveau parlement : Amadou Damaro Camara \u00e9lu Pr\u00e9sident avec 98 voix | Guin\u00e9e Diversit\u00e9\" \/>\n<meta property=\"og:description\" content=\"Il avait pour concurrent Mohamed Lamine Kaba du parti FIDEL, l\u2019honnorable Amadou Damaro Camara a remport\u00e9 l\u2019\u00e9lection de la pr\u00e9sidence de l\u2019Assembl\u00e9e nationale guin\u00e9enne ce mardi lors de la session inaugurale. Amadou Damaro Camara est \u00e9lu avec 98 voix sur 110 votants. Ainsi, il est le deuxi\u00e8me pr\u00e9sident de l\u2019assembl\u00e9e nationale sous l\u2019\u00e8re du pr\u00e9sident [&hellip;]\" \/>\n<meta property=\"og:url\" content=\"https:\/\/guineediversite.com\/index.php\/2020\/04\/21\/nouveau-parlement-amadou-damaro-camara-elu-president-avec-98-voix\/\" \/>\n<meta property=\"og:site_name\" content=\"Guin\u00e9e Diversit\u00e9\" \/>\n<meta property=\"article:publisher\" content=\"https:\/\/www.facebook.com\/guineediversite\/\" \/>\n<meta property=\"article:published_time\" content=\"2020-04-21T13:35:29+00:00\" \/>\n<meta property=\"article:modified_time\" content=\"2020-04-21T13:36:03+00:00\" \/>\n<meta property=\"og:image\" content=\"https:\/\/guineediversite.com\/wp-content\/uploads\/2020\/04\/AMADOU-DAMARO-CAMARA.jpg\" \/>\n\t<meta property=\"og:image:width\" content=\"1500\" \/>\n\t<meta property=\"og:image:height\" content=\"932\" \/>\n\t<meta property=\"og:image:type\" content=\"image\/jpeg\" \/>\n<meta name=\"author\" content=\"Bilguissa Diallo\" \/>\n<meta name=\"twitter:card\" content=\"summary_large_image\" \/>\n<meta name=\"twitter:creator\" content=\"@GuineeDiversite\" \/>\n<meta name=\"twitter:site\" content=\"@GuineeDiversite\" \/>\n<meta name=\"twitter:label1\" content=\"\u00c9crit par\" \/>\n\t<meta name=\"twitter:data1\" content=\"Bilguissa Diallo\" \/>\n<script type=\"application\/ld+json\" class=\"yoast-schema-graph\">{\"@context\":\"https:\/\/schema.org\",\"@graph\":[{\"@type\":\"Article\",\"@id\":\"https:\/\/guineediversite.com\/index.php\/2020\/04\/21\/nouveau-parlement-amadou-damaro-camara-elu-president-avec-98-voix\/#article\",\"isPartOf\":{\"@id\":\"https:\/\/guineediversite.com\/index.php\/2020\/04\/21\/nouveau-parlement-amadou-damaro-camara-elu-president-avec-98-voix\/\"},\"author\":{\"name\":\"Bilguissa Diallo\",\"@id\":\"https:\/\/guineediversite.com\/#\/schema\/person\/0e0e3e424768a50d025ac2218ccca73f\"},\"headline\":\"Nouveau parlement : Amadou Damaro Camara \u00e9lu Pr\u00e9sident avec 98 voix\",\"datePublished\":\"2020-04-21T13:35:29+00:00\",\"dateModified\":\"2020-04-21T13:36:03+00:00\",\"mainEntityOfPage\":{\"@id\":\"https:\/\/guineediversite.com\/index.php\/2020\/04\/21\/nouveau-parlement-amadou-damaro-camara-elu-president-avec-98-voix\/\"},\"wordCount\":88,\"publisher\":{\"@id\":\"https:\/\/guineediversite.com\/#organization\"},\"image\":{\"@id\":\"https:\/\/guineediversite.com\/index.php\/2020\/04\/21\/nouveau-parlement-amadou-damaro-camara-elu-president-avec-98-voix\/#primaryimage\"},\"thumbnailUrl\":\"https:\/\/guineediversite.com\/wp-content\/uploads\/2020\/04\/AMADOU-DAMARO-CAMARA.jpg\",\"articleSection\":[\"Politique\"],\"inLanguage\":\"fr-FR\"},{\"@type\":\"WebPage\",\"@id\":\"https:\/\/guineediversite.com\/index.php\/2020\/04\/21\/nouveau-parlement-amadou-damaro-camara-elu-president-avec-98-voix\/\",\"url\":\"https:\/\/guineediversite.com\/index.php\/2020\/04\/21\/nouveau-parlement-amadou-damaro-camara-elu-president-avec-98-voix\/\",\"name\":\"Nouveau parlement : Amadou Damaro Camara \u00e9lu Pr\u00e9sident avec 98 voix | Guin\u00e9e Diversit\u00e9\",\"isPartOf\":{\"@id\":\"https:\/\/guineediversite.com\/#website\"},\"primaryImageOfPage\":{\"@id\":\"https:\/\/guineediversite.com\/index.php\/2020\/04\/21\/nouveau-parlement-amadou-damaro-camara-elu-president-avec-98-voix\/#primaryimage\"},\"image\":{\"@id\":\"https:\/\/guineediversite.com\/index.php\/2020\/04\/21\/nouveau-parlement-amadou-damaro-camara-elu-president-avec-98-voix\/#primaryimage\"},\"thumbnailUrl\":\"https:\/\/guineediversite.com\/wp-content\/uploads\/2020\/04\/AMADOU-DAMARO-CAMARA.jpg\",\"datePublished\":\"2020-04-21T13:35:29+00:00\",\"dateModified\":\"2020-04-21T13:36:03+00:00\",\"breadcrumb\":{\"@id\":\"https:\/\/guineediversite.com\/index.php\/2020\/04\/21\/nouveau-parlement-amadou-damaro-camara-elu-president-avec-98-voix\/#breadcrumb\"},\"inLanguage\":\"fr-FR\",\"potentialAction\":[{\"@type\":\"ReadAction\",\"target\":[\"https:\/\/guineediversite.com\/index.php\/2020\/04\/21\/nouveau-parlement-amadou-damaro-camara-elu-president-avec-98-voix\/\"]}]},{\"@type\":\"ImageObject\",\"inLanguage\":\"fr-FR\",\"@id\":\"https:\/\/guineediversite.com\/index.php\/2020\/04\/21\/nouveau-parlement-amadou-damaro-camara-elu-president-avec-98-voix\/#primaryimage\",\"url\":\"https:\/\/guineediversite.com\/wp-content\/uploads\/2020\/04\/AMADOU-DAMARO-CAMARA.jpg\",\"contentUrl\":\"https:\/\/guineediversite.com\/wp-content\/uploads\/2020\/04\/AMADOU-DAMARO-CAMARA.jpg\",\"width\":1500,\"height\":932},{\"@type\":\"BreadcrumbList\",\"@id\":\"https:\/\/guineediversite.com\/index.php\/2020\/04\/21\/nouveau-parlement-amadou-damaro-camara-elu-president-avec-98-voix\/#breadcrumb\",\"itemListElement\":[{\"@type\":\"ListItem\",\"position\":1,\"name\":\"Accueil\",\"item\":\"https:\/\/guineediversite.com\/\"},{\"@type\":\"ListItem\",\"position\":2,\"name\":\"Nouveau parlement : Amadou Damaro Camara \u00e9lu Pr\u00e9sident avec 98 voix\"}]},{\"@type\":\"WebSite\",\"@id\":\"https:\/\/guineediversite.com\/#website\",\"url\":\"https:\/\/guineediversite.com\/\",\"name\":\"Guin\u00e9e Diversit\u00e9\",\"description\":\"L&#039;Info dans toute sa diversit\u00e9\",\"publisher\":{\"@id\":\"https:\/\/guineediversite.com\/#organization\"},\"potentialAction\":[{\"@type\":\"SearchAction\",\"target\":{\"@type\":\"EntryPoint\",\"urlTemplate\":\"https:\/\/guineediversite.com\/?s={search_term_string}\"},\"query-input\":{\"@type\":\"PropertyValueSpecification\",\"valueRequired\":true,\"valueName\":\"search_term_string\"}}],\"inLanguage\":\"fr-FR\"},{\"@type\":\"Organization\",\"@id\":\"https:\/\/guineediversite.com\/#organization\",\"name\":\"Guin\u00e9e Diversit\u00e9\",\"url\":\"https:\/\/guineediversite.com\/\",\"logo\":{\"@type\":\"ImageObject\",\"inLanguage\":\"fr-FR\",\"@id\":\"https:\/\/guineediversite.com\/#\/schema\/logo\/image\/\",\"url\":\"https:\/\/guineediversite.com\/wp-content\/uploads\/2017\/04\/cropped-1jojlxEOMkX9Wyqfhe43D6kjPOGqBBKmx3EwWJqZ0cMrFF54yM49.png\",\"contentUrl\":\"https:\/\/guineediversite.com\/wp-content\/uploads\/2017\/04\/cropped-1jojlxEOMkX9Wyqfhe43D6kjPOGqBBKmx3EwWJqZ0cMrFF54yM49.png\",\"width\":186,\"height\":112,\"caption\":\"Guin\u00e9e Diversit\u00e9\"},\"image\":{\"@id\":\"https:\/\/guineediversite.com\/#\/schema\/logo\/image\/\"},\"sameAs\":[\"https:\/\/www.facebook.com\/guineediversite\/\",\"https:\/\/x.com\/GuineeDiversite\",\"https:\/\/www.youtube.com\/channel\/UC8sUY16qelG5ge6_D5SB83g\"]},{\"@type\":\"Person\",\"@id\":\"https:\/\/guineediversite.com\/#\/schema\/person\/0e0e3e424768a50d025ac2218ccca73f\",\"name\":\"Bilguissa Diallo\",\"image\":{\"@type\":\"ImageObject\",\"inLanguage\":\"fr-FR\",\"@id\":\"https:\/\/guineediversite.com\/#\/schema\/person\/image\/\",\"url\":\"https:\/\/secure.gravatar.com\/avatar\/49bbbd2420ee34d62b1b191791f4b5df?s=96&d=mm&r=g\",\"contentUrl\":\"https:\/\/secure.gravatar.com\/avatar\/49bbbd2420ee34d62b1b191791f4b5df?s=96&d=mm&r=g\",\"caption\":\"Bilguissa Diallo\"},\"url\":\"https:\/\/guineediversite.com\/index.php\/author\/bilguissa\/\"}]}<\/script>\n<!-- \/ Yoast SEO plugin. -->","yoast_head_json":{"title":"Nouveau parlement : Amadou Damaro Camara \u00e9lu Pr\u00e9sident avec 98 voix | Guin\u00e9e Diversit\u00e9","robots":{"index":"index","follow":"follow","max-snippet":"max-snippet:-1","max-image-preview":"max-image-preview:large","max-video-preview":"max-video-preview:-1"},"canonical":"https:\/\/guineediversite.com\/index.php\/2020\/04\/21\/nouveau-parlement-amadou-damaro-camara-elu-president-avec-98-voix\/","og_locale":"fr_FR","og_type":"article","og_title":"Nouveau parlement : Amadou Damaro Camara \u00e9lu Pr\u00e9sident avec 98 voix | Guin\u00e9e Diversit\u00e9","og_description":"Il avait pour concurrent Mohamed Lamine Kaba du parti FIDEL, l\u2019honnorable Amadou Damaro Camara a remport\u00e9 l\u2019\u00e9lection de la pr\u00e9sidence de l\u2019Assembl\u00e9e nationale guin\u00e9enne ce mardi lors de la session inaugurale. Amadou Damaro Camara est \u00e9lu avec 98 voix sur 110 votants. Ainsi, il est le deuxi\u00e8me pr\u00e9sident de l\u2019assembl\u00e9e nationale sous l\u2019\u00e8re du pr\u00e9sident [&hellip;]","og_url":"https:\/\/guineediversite.com\/index.php\/2020\/04\/21\/nouveau-parlement-amadou-damaro-camara-elu-president-avec-98-voix\/","og_site_name":"Guin\u00e9e Diversit\u00e9","article_publisher":"https:\/\/www.facebook.com\/guineediversite\/","article_published_time":"2020-04-21T13:35:29+00:00","article_modified_time":"2020-04-21T13:36:03+00:00","og_image":[{"width":1500,"height":932,"url":"https:\/\/guineediversite.com\/wp-content\/uploads\/2020\/04\/AMADOU-DAMARO-CAMARA.jpg","type":"image\/jpeg"}],"author":"Bilguissa Diallo","twitter_card":"summary_large_image","twitter_creator":"@GuineeDiversite","twitter_site":"@GuineeDiversite","twitter_misc":{"\u00c9crit par":"Bilguissa Diallo"},"schema":{"@context":"https:\/\/schema.org","@graph":[{"@type":"Article","@id":"https:\/\/guineediversite.com\/index.php\/2020\/04\/21\/nouveau-parlement-amadou-damaro-camara-elu-president-avec-98-voix\/#article","isPartOf":{"@id":"https:\/\/guineediversite.com\/index.php\/2020\/04\/21\/nouveau-parlement-amadou-damaro-camara-elu-president-avec-98-voix\/"},"author":{"name":"Bilguissa Diallo","@id":"https:\/\/guineediversite.com\/#\/schema\/person\/0e0e3e424768a50d025ac2218ccca73f"},"headline":"Nouveau parlement : Amadou Damaro Camara \u00e9lu Pr\u00e9sident avec 98 voix","datePublished":"2020-04-21T13:35:29+00:00","dateModified":"2020-04-21T13:36:03+00:00","mainEntityOfPage":{"@id":"https:\/\/guineediversite.com\/index.php\/2020\/04\/21\/nouveau-parlement-amadou-damaro-camara-elu-president-avec-98-voix\/"},"wordCount":88,"publisher":{"@id":"https:\/\/guineediversite.com\/#organization"},"image":{"@id":"https:\/\/guineediversite.com\/index.php\/2020\/04\/21\/nouveau-parlement-amadou-damaro-camara-elu-president-avec-98-voix\/#primaryimage"},"thumbnailUrl":"https:\/\/guineediversite.com\/wp-content\/uploads\/2020\/04\/AMADOU-DAMARO-CAMARA.jpg","articleSection":["Politique"],"inLanguage":"fr-FR"},{"@type":"WebPage","@id":"https:\/\/guineediversite.com\/index.php\/2020\/04\/21\/nouveau-parlement-amadou-damaro-camara-elu-president-avec-98-voix\/","url":"https:\/\/guineediversite.com\/index.php\/2020\/04\/21\/nouveau-parlement-amadou-damaro-camara-elu-president-avec-98-voix\/","name":"Nouveau parlement : Amadou Damaro Camara \u00e9lu Pr\u00e9sident avec 98 voix | Guin\u00e9e Diversit\u00e9","isPartOf":{"@id":"https:\/\/guineediversite.com\/#website"},"primaryImageOfPage":{"@id":"https:\/\/guineediversite.com\/index.php\/2020\/04\/21\/nouveau-parlement-amadou-damaro-camara-elu-president-avec-98-voix\/#primaryimage"},"image":{"@id":"https:\/\/guineediversite.com\/index.php\/2020\/04\/21\/nouveau-parlement-amadou-damaro-camara-elu-president-avec-98-voix\/#primaryimage"},"thumbnailUrl":"https:\/\/guineediversite.com\/wp-content\/uploads\/2020\/04\/AMADOU-DAMARO-CAMARA.jpg","datePublished":"2020-04-21T13:35:29+00:00","dateModified":"2020-04-21T13:36:03+00:00","breadcrumb":{"@id":"https:\/\/guineediversite.com\/index.php\/2020\/04\/21\/nouveau-parlement-amadou-damaro-camara-elu-president-avec-98-voix\/#breadcrumb"},"inLanguage":"fr-FR","potentialAction":[{"@type":"ReadAction","target":["https:\/\/guineediversite.com\/index.php\/2020\/04\/21\/nouveau-parlement-amadou-damaro-camara-elu-president-avec-98-voix\/"]}]},{"@type":"ImageObject","inLanguage":"fr-FR","@id":"https:\/\/guineediversite.com\/index.php\/2020\/04\/21\/nouveau-parlement-amadou-damaro-camara-elu-president-avec-98-voix\/#primaryimage","url":"https:\/\/guineediversite.com\/wp-content\/uploads\/2020\/04\/AMADOU-DAMARO-CAMARA.jpg","contentUrl":"https:\/\/guineediversite.com\/wp-content\/uploads\/2020\/04\/AMADOU-DAMARO-CAMARA.jpg","width":1500,"height":932},{"@type":"BreadcrumbList","@id":"https:\/\/guineediversite.com\/index.php\/2020\/04\/21\/nouveau-parlement-amadou-damaro-camara-elu-president-avec-98-voix\/#breadcrumb","itemListElement":[{"@type":"ListItem","position":1,"name":"Accueil","item":"https:\/\/guineediversite.com\/"},{"@type":"ListItem","position":2,"name":"Nouveau parlement : Amadou Damaro Camara \u00e9lu Pr\u00e9sident avec 98 voix"}]},{"@type":"WebSite","@id":"https:\/\/guineediversite.com\/#website","url":"https:\/\/guineediversite.com\/","name":"Guin\u00e9e Diversit\u00e9","description":"L&#039;Info dans toute sa diversit\u00e9","publisher":{"@id":"https:\/\/guineediversite.com\/#organization"},"potentialAction":[{"@type":"SearchAction","target":{"@type":"EntryPoint","urlTemplate":"https:\/\/guineediversite.com\/?s={search_term_string}"},"query-input":{"@type":"PropertyValueSpecification","valueRequired":true,"valueName":"search_term_string"}}],"inLanguage":"fr-FR"},{"@type":"Organization","@id":"https:\/\/guineediversite.com\/#organization","name":"Guin\u00e9e Diversit\u00e9","url":"https:\/\/guineediversite.com\/","logo":{"@type":"ImageObject","inLanguage":"fr-FR","@id":"https:\/\/guineediversite.com\/#\/schema\/logo\/image\/","url":"https:\/\/guineediversite.com\/wp-content\/uploads\/2017\/04\/cropped-1jojlxEOMkX9Wyqfhe43D6kjPOGqBBKmx3EwWJqZ0cMrFF54yM49.png","contentUrl":"https:\/\/guineediversite.com\/wp-content\/uploads\/2017\/04\/cropped-1jojlxEOMkX9Wyqfhe43D6kjPOGqBBKmx3EwWJqZ0cMrFF54yM49.png","width":186,"height":112,"caption":"Guin\u00e9e Diversit\u00e9"},"image":{"@id":"https:\/\/guineediversite.com\/#\/schema\/logo\/image\/"},"sameAs":["https:\/\/www.facebook.com\/guineediversite\/","https:\/\/x.com\/GuineeDiversite","https:\/\/www.youtube.com\/channel\/UC8sUY16qelG5ge6_D5SB83g"]},{"@type":"Person","@id":"https:\/\/guineediversite.com\/#\/schema\/person\/0e0e3e424768a50d025ac2218ccca73f","name":"Bilguissa Diallo","image":{"@type":"ImageObject","inLanguage":"fr-FR","@id":"https:\/\/guineediversite.com\/#\/schema\/person\/image\/","url":"https:\/\/secure.gravatar.com\/avatar\/49bbbd2420ee34d62b1b191791f4b5df?s=96&d=mm&r=g","contentUrl":"https:\/\/secure.gravatar.com\/avatar\/49bbbd2420ee34d62b1b191791f4b5df?s=96&d=mm&r=g","caption":"Bilguissa Diallo"},"url":"https:\/\/guineediversite.com\/index.php\/author\/bilguissa\/"}]}},"_links":{"self":[{"href":"https:\/\/guineediversite.com\/index.php\/wp-json\/wp\/v2\/posts\/28852"}],"collection":[{"href":"https:\/\/guineediversite.com\/index.php\/wp-json\/wp\/v2\/posts"}],"about":[{"href":"https:\/\/guineediversite.com\/index.php\/wp-json\/wp\/v2\/types\/post"}],"author":[{"embeddable":true,"href":"https:\/\/guineediversite.com\/index.php\/wp-json\/wp\/v2\/users\/7"}],"replies":[{"embeddable":true,"href":"https:\/\/guineediversite.com\/index.php\/wp-json\/wp\/v2\/comments?post=28852"}],"version-history":[{"count":1,"href":"https:\/\/guineediversite.com\/index.php\/wp-json\/wp\/v2\/posts\/28852\/revisions"}],"predecessor-version":[{"id":28854,"href":"https:\/\/guineediversite.com\/index.php\/wp-json\/wp\/v2\/posts\/28852\/revisions\/28854"}],"wp:featuredmedia":[{"embeddable":true,"href":"https:\/\/guineediversite.com\/index.php\/wp-json\/wp\/v2\/media\/28853"}],"wp:attachment":[{"href":"https:\/\/guineediversite.com\/index.php\/wp-json\/wp\/v2\/media?parent=28852"}],"wp:term":[{"taxonomy":"category","embeddable":true,"href":"https:\/\/guineediversite.com\/index.php\/wp-json\/wp\/v2\/categories?post=28852"},{"taxonomy":"post_tag","embeddable":true,"href":"https:\/\/guineediversite.com\/index.php\/wp-json\/wp\/v2\/tags?post=28852"}],"curies":[{"name":"wp","href":"https:\/\/api.w.org\/{rel}","templated":true}]}}