{"id":28846,"date":"2020-04-21T14:50:08","date_gmt":"2020-04-21T12:50:08","guid":{"rendered":"https:\/\/guineediversite.com\/?p=28846"},"modified":"2020-04-21T14:50:11","modified_gmt":"2020-04-21T12:50:11","slug":"guinee-des-politiques-sindignent-face-a-la-session-inaugurale-du-parlement-en-ce-moment-de-crise-sanitaire","status":"publish","type":"post","link":"https:\/\/guineediversite.com\/index.php\/2020\/04\/21\/guinee-des-politiques-sindignent-face-a-la-session-inaugurale-du-parlement-en-ce-moment-de-crise-sanitaire\/","title":{"rendered":"Guin\u00e9e : Des politiques s\u2019indignent face \u00e0 la session inaugurale du parlement en ce moment de crise sanitaire"},"content":{"rendered":"\n<p><strong>Des partis de l\u2019opposition R\u00e9publicains d\u00e9noncent la convocation de l\u2019Assembl\u00e9e nationale par le pr\u00e9sident de la R\u00e9publique ce mardi en cette p\u00e9riode de crise sanitaire mondiale. Les opposants au r\u00e9gime d&rsquo;Alpha Cond\u00e9 parlent \u00ab\u00a0d&rsquo;acte criminelle\u00a0\u00bb et rappellent la d\u00e9cision du chef de l&rsquo;\u00c9tat interdisant les regroupements d\u00e9passant vingt personnes.<\/strong><\/p>\n\n\n\n<p>&nbsp;Interdire les regroupements de plus de vingt personnes, et convoqu\u00e9 une Assembl\u00e9e de 114 personnes serait \u2013il une fa\u00e7on de lutter contre le COVID19. En tout cas, le pr\u00e9sident Alpha Cond\u00e9 annon\u00e7ait r\u00e9cemment l&rsquo;interdiction de toute mobilisation d\u00e9passant 20 personnes.<\/p>\n\n\n\n<p>L&rsquo;objectif \u00e9tait de couper la cha\u00eene de contamination en Guin\u00e9e. Malgr\u00e9 les mesures du gouvernement, la situation de l&rsquo;\u00e9pid\u00e9mie COVID19 prend une allure inqui\u00e9tante.<\/p>\n\n\n\n<p>Pendant que les Guin\u00e9ens se focalisent sur cette crise sanitaire, le pr\u00e9sident Cond\u00e9 lui, convoque la nouvelle assembl\u00e9e contest\u00e9e par l&rsquo;opposition, la CEDEO et l&rsquo;union Africaine. Pour honorable Ibrahima Bangoura vice-pr\u00e9sident de l\u2019UFR, c&rsquo;est une violation des lois du pays.<\/p>\n\n\n\n<p>\u00ab <em>Il n\u2019est pas \u00e0 sa premi\u00e8re violation des lois, c\u2019est une continuit\u00e9 de sa part. il a organis\u00e9 une mascarade \u00e9lectorale qui lui a permis de faire un referendum et les l\u00e9gislatives, aujourd\u2019hui il veut couronner en bravant le confinement qu\u2019il a mis en place et a la limitation qu\u2019il a faite de ne pas que plus de vingt personnes se retrouve au m\u00eame endroit. Cela est tout \u00e0 fait d\u00e9plorable et ces tout ce que nous condamnons d\u00e9plorable et nous pensons que \u00e7a sera un facteur pour aggraver la propagation du coronavirus<\/em> \u00bb.<\/p>\n\n\n\n<p>&nbsp;Le vice-pr\u00e9sident du parti de l\u2019Union des Forces R\u00e9publicaines est cat\u00e9gorique sur sa position. Selon lui, cette assembl\u00e9e est ill\u00e9gitime. Honorable Ibrahima Bangoura \u00ab <em>mais c\u2019est une assembl\u00e9e Nationale qui n\u2019existe pas, nous avons d\u00e9j\u00e0 dit au niveau du FNDC que nous ne reconnaissons aucune institution issue de ces \u00e9lections. Donc \u00e7a sera un non-\u00e9v\u00e8nement, c\u2019est une A sembl\u00e9 fant\u00f4me <\/em>\u00bb.<\/p>\n","protected":false},"excerpt":{"rendered":"<p>Des partis de l\u2019opposition R\u00e9publicains d\u00e9noncent la convocation de l\u2019Assembl\u00e9e nationale par le pr\u00e9sident de la R\u00e9publique ce mardi en cette p\u00e9riode de crise sanitaire mondiale. Les opposants au r\u00e9gime d&rsquo;Alpha Cond\u00e9 parlent \u00ab\u00a0d&rsquo;acte criminelle\u00a0\u00bb et rappellent la d\u00e9cision du chef de l&rsquo;\u00c9tat interdisant les regroupements d\u00e9passant vingt personnes. &nbsp;Interdire les regroupements de plus de [&hellip;]<\/p>\n","protected":false},"author":10,"featured_media":28847,"comment_status":"closed","ping_status":"closed","sticky":false,"template":"","format":"standard","meta":{"_exactmetrics_skip_tracking":false,"_exactmetrics_sitenote_active":false,"_exactmetrics_sitenote_note":"","_exactmetrics_sitenote_category":0,"tdm_status":"","tdm_grid_status":"","footnotes":""},"categories":[14],"tags":[],"class_list":{"0":"post-28846","1":"post","2":"type-post","3":"status-publish","4":"format-standard","5":"has-post-thumbnail","7":"category-politique"},"yoast_head":"<!-- This site is optimized with the Yoast SEO plugin v24.2 - https:\/\/yoast.com\/wordpress\/plugins\/seo\/ -->\n<title>Guin\u00e9e : Des politiques s\u2019indignent face \u00e0 la session inaugurale du parlement en ce moment de crise sanitaire | Guin\u00e9e Diversit\u00e9<\/title>\n<meta name=\"robots\" content=\"index, follow, max-snippet:-1, max-image-preview:large, max-video-preview:-1\" \/>\n<link rel=\"canonical\" href=\"https:\/\/guineediversite.com\/index.php\/2020\/04\/21\/guinee-des-politiques-sindignent-face-a-la-session-inaugurale-du-parlement-en-ce-moment-de-crise-sanitaire\/\" \/>\n<meta property=\"og:locale\" content=\"fr_FR\" \/>\n<meta property=\"og:type\" content=\"article\" \/>\n<meta property=\"og:title\" content=\"Guin\u00e9e : Des politiques s\u2019indignent face \u00e0 la session inaugurale du parlement en ce moment de crise sanitaire | Guin\u00e9e Diversit\u00e9\" \/>\n<meta property=\"og:description\" content=\"Des partis de l\u2019opposition R\u00e9publicains d\u00e9noncent la convocation de l\u2019Assembl\u00e9e nationale par le pr\u00e9sident de la R\u00e9publique ce mardi en cette p\u00e9riode de crise sanitaire mondiale. Les opposants au r\u00e9gime d&rsquo;Alpha Cond\u00e9 parlent \u00ab\u00a0d&rsquo;acte criminelle\u00a0\u00bb et rappellent la d\u00e9cision du chef de l&rsquo;\u00c9tat interdisant les regroupements d\u00e9passant vingt personnes. &nbsp;Interdire les regroupements de plus de [&hellip;]\" \/>\n<meta property=\"og:url\" content=\"https:\/\/guineediversite.com\/index.php\/2020\/04\/21\/guinee-des-politiques-sindignent-face-a-la-session-inaugurale-du-parlement-en-ce-moment-de-crise-sanitaire\/\" \/>\n<meta property=\"og:site_name\" content=\"Guin\u00e9e Diversit\u00e9\" \/>\n<meta property=\"article:publisher\" content=\"https:\/\/www.facebook.com\/guineediversite\/\" \/>\n<meta property=\"article:published_time\" content=\"2020-04-21T12:50:08+00:00\" \/>\n<meta property=\"article:modified_time\" content=\"2020-04-21T12:50:11+00:00\" \/>\n<meta property=\"og:image\" content=\"https:\/\/guineediversite.com\/wp-content\/uploads\/2020\/04\/BANGOURA.jpg\" \/>\n\t<meta property=\"og:image:width\" content=\"1500\" \/>\n\t<meta property=\"og:image:height\" content=\"1124\" \/>\n\t<meta property=\"og:image:type\" content=\"image\/jpeg\" \/>\n<meta name=\"author\" content=\"Morcire Camara\" \/>\n<meta name=\"twitter:card\" content=\"summary_large_image\" \/>\n<meta name=\"twitter:creator\" content=\"@GuineeDiversite\" \/>\n<meta name=\"twitter:site\" content=\"@GuineeDiversite\" \/>\n<meta name=\"twitter:label1\" content=\"\u00c9crit par\" \/>\n\t<meta name=\"twitter:data1\" content=\"Morcire Camara\" \/>\n\t<meta name=\"twitter:label2\" content=\"Dur\u00e9e de lecture estim\u00e9e\" \/>\n\t<meta name=\"twitter:data2\" content=\"2 minutes\" \/>\n<script type=\"application\/ld+json\" class=\"yoast-schema-graph\">{\"@context\":\"https:\/\/schema.org\",\"@graph\":[{\"@type\":\"Article\",\"@id\":\"https:\/\/guineediversite.com\/index.php\/2020\/04\/21\/guinee-des-politiques-sindignent-face-a-la-session-inaugurale-du-parlement-en-ce-moment-de-crise-sanitaire\/#article\",\"isPartOf\":{\"@id\":\"https:\/\/guineediversite.com\/index.php\/2020\/04\/21\/guinee-des-politiques-sindignent-face-a-la-session-inaugurale-du-parlement-en-ce-moment-de-crise-sanitaire\/\"},\"author\":{\"name\":\"Morcire Camara\",\"@id\":\"https:\/\/guineediversite.com\/#\/schema\/person\/fa362494c47202ce4b3adf55abcc9d01\"},\"headline\":\"Guin\u00e9e : Des politiques s\u2019indignent face \u00e0 la session inaugurale du parlement en ce moment de crise sanitaire\",\"datePublished\":\"2020-04-21T12:50:08+00:00\",\"dateModified\":\"2020-04-21T12:50:11+00:00\",\"mainEntityOfPage\":{\"@id\":\"https:\/\/guineediversite.com\/index.php\/2020\/04\/21\/guinee-des-politiques-sindignent-face-a-la-session-inaugurale-du-parlement-en-ce-moment-de-crise-sanitaire\/\"},\"wordCount\":381,\"publisher\":{\"@id\":\"https:\/\/guineediversite.com\/#organization\"},\"image\":{\"@id\":\"https:\/\/guineediversite.com\/index.php\/2020\/04\/21\/guinee-des-politiques-sindignent-face-a-la-session-inaugurale-du-parlement-en-ce-moment-de-crise-sanitaire\/#primaryimage\"},\"thumbnailUrl\":\"https:\/\/guineediversite.com\/wp-content\/uploads\/2020\/04\/BANGOURA.jpg\",\"articleSection\":[\"Politique\"],\"inLanguage\":\"fr-FR\"},{\"@type\":\"WebPage\",\"@id\":\"https:\/\/guineediversite.com\/index.php\/2020\/04\/21\/guinee-des-politiques-sindignent-face-a-la-session-inaugurale-du-parlement-en-ce-moment-de-crise-sanitaire\/\",\"url\":\"https:\/\/guineediversite.com\/index.php\/2020\/04\/21\/guinee-des-politiques-sindignent-face-a-la-session-inaugurale-du-parlement-en-ce-moment-de-crise-sanitaire\/\",\"name\":\"Guin\u00e9e : Des politiques s\u2019indignent face \u00e0 la session inaugurale du parlement en ce moment de crise sanitaire | Guin\u00e9e Diversit\u00e9\",\"isPartOf\":{\"@id\":\"https:\/\/guineediversite.com\/#website\"},\"primaryImageOfPage\":{\"@id\":\"https:\/\/guineediversite.com\/index.php\/2020\/04\/21\/guinee-des-politiques-sindignent-face-a-la-session-inaugurale-du-parlement-en-ce-moment-de-crise-sanitaire\/#primaryimage\"},\"image\":{\"@id\":\"https:\/\/guineediversite.com\/index.php\/2020\/04\/21\/guinee-des-politiques-sindignent-face-a-la-session-inaugurale-du-parlement-en-ce-moment-de-crise-sanitaire\/#primaryimage\"},\"thumbnailUrl\":\"https:\/\/guineediversite.com\/wp-content\/uploads\/2020\/04\/BANGOURA.jpg\",\"datePublished\":\"2020-04-21T12:50:08+00:00\",\"dateModified\":\"2020-04-21T12:50:11+00:00\",\"breadcrumb\":{\"@id\":\"https:\/\/guineediversite.com\/index.php\/2020\/04\/21\/guinee-des-politiques-sindignent-face-a-la-session-inaugurale-du-parlement-en-ce-moment-de-crise-sanitaire\/#breadcrumb\"},\"inLanguage\":\"fr-FR\",\"potentialAction\":[{\"@type\":\"ReadAction\",\"target\":[\"https:\/\/guineediversite.com\/index.php\/2020\/04\/21\/guinee-des-politiques-sindignent-face-a-la-session-inaugurale-du-parlement-en-ce-moment-de-crise-sanitaire\/\"]}]},{\"@type\":\"ImageObject\",\"inLanguage\":\"fr-FR\",\"@id\":\"https:\/\/guineediversite.com\/index.php\/2020\/04\/21\/guinee-des-politiques-sindignent-face-a-la-session-inaugurale-du-parlement-en-ce-moment-de-crise-sanitaire\/#primaryimage\",\"url\":\"https:\/\/guineediversite.com\/wp-content\/uploads\/2020\/04\/BANGOURA.jpg\",\"contentUrl\":\"https:\/\/guineediversite.com\/wp-content\/uploads\/2020\/04\/BANGOURA.jpg\",\"width\":1500,\"height\":1124},{\"@type\":\"BreadcrumbList\",\"@id\":\"https:\/\/guineediversite.com\/index.php\/2020\/04\/21\/guinee-des-politiques-sindignent-face-a-la-session-inaugurale-du-parlement-en-ce-moment-de-crise-sanitaire\/#breadcrumb\",\"itemListElement\":[{\"@type\":\"ListItem\",\"position\":1,\"name\":\"Accueil\",\"item\":\"https:\/\/guineediversite.com\/\"},{\"@type\":\"ListItem\",\"position\":2,\"name\":\"Guin\u00e9e : Des politiques s\u2019indignent face \u00e0 la session inaugurale du parlement en ce moment de crise sanitaire\"}]},{\"@type\":\"WebSite\",\"@id\":\"https:\/\/guineediversite.com\/#website\",\"url\":\"https:\/\/guineediversite.com\/\",\"name\":\"Guin\u00e9e Diversit\u00e9\",\"description\":\"L&#039;Info dans toute sa diversit\u00e9\",\"publisher\":{\"@id\":\"https:\/\/guineediversite.com\/#organization\"},\"potentialAction\":[{\"@type\":\"SearchAction\",\"target\":{\"@type\":\"EntryPoint\",\"urlTemplate\":\"https:\/\/guineediversite.com\/?s={search_term_string}\"},\"query-input\":{\"@type\":\"PropertyValueSpecification\",\"valueRequired\":true,\"valueName\":\"search_term_string\"}}],\"inLanguage\":\"fr-FR\"},{\"@type\":\"Organization\",\"@id\":\"https:\/\/guineediversite.com\/#organization\",\"name\":\"Guin\u00e9e Diversit\u00e9\",\"url\":\"https:\/\/guineediversite.com\/\",\"logo\":{\"@type\":\"ImageObject\",\"inLanguage\":\"fr-FR\",\"@id\":\"https:\/\/guineediversite.com\/#\/schema\/logo\/image\/\",\"url\":\"https:\/\/guineediversite.com\/wp-content\/uploads\/2017\/04\/cropped-1jojlxEOMkX9Wyqfhe43D6kjPOGqBBKmx3EwWJqZ0cMrFF54yM49.png\",\"contentUrl\":\"https:\/\/guineediversite.com\/wp-content\/uploads\/2017\/04\/cropped-1jojlxEOMkX9Wyqfhe43D6kjPOGqBBKmx3EwWJqZ0cMrFF54yM49.png\",\"width\":186,\"height\":112,\"caption\":\"Guin\u00e9e Diversit\u00e9\"},\"image\":{\"@id\":\"https:\/\/guineediversite.com\/#\/schema\/logo\/image\/\"},\"sameAs\":[\"https:\/\/www.facebook.com\/guineediversite\/\",\"https:\/\/x.com\/GuineeDiversite\",\"https:\/\/www.youtube.com\/channel\/UC8sUY16qelG5ge6_D5SB83g\"]},{\"@type\":\"Person\",\"@id\":\"https:\/\/guineediversite.com\/#\/schema\/person\/fa362494c47202ce4b3adf55abcc9d01\",\"name\":\"Morcire Camara\",\"image\":{\"@type\":\"ImageObject\",\"inLanguage\":\"fr-FR\",\"@id\":\"https:\/\/guineediversite.com\/#\/schema\/person\/image\/\",\"url\":\"https:\/\/secure.gravatar.com\/avatar\/3ec324f02295bbcebe03d99b39330ab4?s=96&d=mm&r=g\",\"contentUrl\":\"https:\/\/secure.gravatar.com\/avatar\/3ec324f02295bbcebe03d99b39330ab4?s=96&d=mm&r=g\",\"caption\":\"Morcire Camara\"},\"url\":\"https:\/\/guineediversite.com\/index.php\/author\/morcire\/\"}]}<\/script>\n<!-- \/ Yoast SEO plugin. -->","yoast_head_json":{"title":"Guin\u00e9e : Des politiques s\u2019indignent face \u00e0 la session inaugurale du parlement en ce moment de crise sanitaire | Guin\u00e9e Diversit\u00e9","robots":{"index":"index","follow":"follow","max-snippet":"max-snippet:-1","max-image-preview":"max-image-preview:large","max-video-preview":"max-video-preview:-1"},"canonical":"https:\/\/guineediversite.com\/index.php\/2020\/04\/21\/guinee-des-politiques-sindignent-face-a-la-session-inaugurale-du-parlement-en-ce-moment-de-crise-sanitaire\/","og_locale":"fr_FR","og_type":"article","og_title":"Guin\u00e9e : Des politiques s\u2019indignent face \u00e0 la session inaugurale du parlement en ce moment de crise sanitaire | Guin\u00e9e Diversit\u00e9","og_description":"Des partis de l\u2019opposition R\u00e9publicains d\u00e9noncent la convocation de l\u2019Assembl\u00e9e nationale par le pr\u00e9sident de la R\u00e9publique ce mardi en cette p\u00e9riode de crise sanitaire mondiale. Les opposants au r\u00e9gime d&rsquo;Alpha Cond\u00e9 parlent \u00ab\u00a0d&rsquo;acte criminelle\u00a0\u00bb et rappellent la d\u00e9cision du chef de l&rsquo;\u00c9tat interdisant les regroupements d\u00e9passant vingt personnes. &nbsp;Interdire les regroupements de plus de [&hellip;]","og_url":"https:\/\/guineediversite.com\/index.php\/2020\/04\/21\/guinee-des-politiques-sindignent-face-a-la-session-inaugurale-du-parlement-en-ce-moment-de-crise-sanitaire\/","og_site_name":"Guin\u00e9e Diversit\u00e9","article_publisher":"https:\/\/www.facebook.com\/guineediversite\/","article_published_time":"2020-04-21T12:50:08+00:00","article_modified_time":"2020-04-21T12:50:11+00:00","og_image":[{"width":1500,"height":1124,"url":"https:\/\/guineediversite.com\/wp-content\/uploads\/2020\/04\/BANGOURA.jpg","type":"image\/jpeg"}],"author":"Morcire Camara","twitter_card":"summary_large_image","twitter_creator":"@GuineeDiversite","twitter_site":"@GuineeDiversite","twitter_misc":{"\u00c9crit par":"Morcire Camara","Dur\u00e9e de lecture estim\u00e9e":"2 minutes"},"schema":{"@context":"https:\/\/schema.org","@graph":[{"@type":"Article","@id":"https:\/\/guineediversite.com\/index.php\/2020\/04\/21\/guinee-des-politiques-sindignent-face-a-la-session-inaugurale-du-parlement-en-ce-moment-de-crise-sanitaire\/#article","isPartOf":{"@id":"https:\/\/guineediversite.com\/index.php\/2020\/04\/21\/guinee-des-politiques-sindignent-face-a-la-session-inaugurale-du-parlement-en-ce-moment-de-crise-sanitaire\/"},"author":{"name":"Morcire Camara","@id":"https:\/\/guineediversite.com\/#\/schema\/person\/fa362494c47202ce4b3adf55abcc9d01"},"headline":"Guin\u00e9e : Des politiques s\u2019indignent face \u00e0 la session inaugurale du parlement en ce moment de crise sanitaire","datePublished":"2020-04-21T12:50:08+00:00","dateModified":"2020-04-21T12:50:11+00:00","mainEntityOfPage":{"@id":"https:\/\/guineediversite.com\/index.php\/2020\/04\/21\/guinee-des-politiques-sindignent-face-a-la-session-inaugurale-du-parlement-en-ce-moment-de-crise-sanitaire\/"},"wordCount":381,"publisher":{"@id":"https:\/\/guineediversite.com\/#organization"},"image":{"@id":"https:\/\/guineediversite.com\/index.php\/2020\/04\/21\/guinee-des-politiques-sindignent-face-a-la-session-inaugurale-du-parlement-en-ce-moment-de-crise-sanitaire\/#primaryimage"},"thumbnailUrl":"https:\/\/guineediversite.com\/wp-content\/uploads\/2020\/04\/BANGOURA.jpg","articleSection":["Politique"],"inLanguage":"fr-FR"},{"@type":"WebPage","@id":"https:\/\/guineediversite.com\/index.php\/2020\/04\/21\/guinee-des-politiques-sindignent-face-a-la-session-inaugurale-du-parlement-en-ce-moment-de-crise-sanitaire\/","url":"https:\/\/guineediversite.com\/index.php\/2020\/04\/21\/guinee-des-politiques-sindignent-face-a-la-session-inaugurale-du-parlement-en-ce-moment-de-crise-sanitaire\/","name":"Guin\u00e9e : Des politiques s\u2019indignent face \u00e0 la session inaugurale du parlement en ce moment de crise sanitaire | Guin\u00e9e Diversit\u00e9","isPartOf":{"@id":"https:\/\/guineediversite.com\/#website"},"primaryImageOfPage":{"@id":"https:\/\/guineediversite.com\/index.php\/2020\/04\/21\/guinee-des-politiques-sindignent-face-a-la-session-inaugurale-du-parlement-en-ce-moment-de-crise-sanitaire\/#primaryimage"},"image":{"@id":"https:\/\/guineediversite.com\/index.php\/2020\/04\/21\/guinee-des-politiques-sindignent-face-a-la-session-inaugurale-du-parlement-en-ce-moment-de-crise-sanitaire\/#primaryimage"},"thumbnailUrl":"https:\/\/guineediversite.com\/wp-content\/uploads\/2020\/04\/BANGOURA.jpg","datePublished":"2020-04-21T12:50:08+00:00","dateModified":"2020-04-21T12:50:11+00:00","breadcrumb":{"@id":"https:\/\/guineediversite.com\/index.php\/2020\/04\/21\/guinee-des-politiques-sindignent-face-a-la-session-inaugurale-du-parlement-en-ce-moment-de-crise-sanitaire\/#breadcrumb"},"inLanguage":"fr-FR","potentialAction":[{"@type":"ReadAction","target":["https:\/\/guineediversite.com\/index.php\/2020\/04\/21\/guinee-des-politiques-sindignent-face-a-la-session-inaugurale-du-parlement-en-ce-moment-de-crise-sanitaire\/"]}]},{"@type":"ImageObject","inLanguage":"fr-FR","@id":"https:\/\/guineediversite.com\/index.php\/2020\/04\/21\/guinee-des-politiques-sindignent-face-a-la-session-inaugurale-du-parlement-en-ce-moment-de-crise-sanitaire\/#primaryimage","url":"https:\/\/guineediversite.com\/wp-content\/uploads\/2020\/04\/BANGOURA.jpg","contentUrl":"https:\/\/guineediversite.com\/wp-content\/uploads\/2020\/04\/BANGOURA.jpg","width":1500,"height":1124},{"@type":"BreadcrumbList","@id":"https:\/\/guineediversite.com\/index.php\/2020\/04\/21\/guinee-des-politiques-sindignent-face-a-la-session-inaugurale-du-parlement-en-ce-moment-de-crise-sanitaire\/#breadcrumb","itemListElement":[{"@type":"ListItem","position":1,"name":"Accueil","item":"https:\/\/guineediversite.com\/"},{"@type":"ListItem","position":2,"name":"Guin\u00e9e : Des politiques s\u2019indignent face \u00e0 la session inaugurale du parlement en ce moment de crise sanitaire"}]},{"@type":"WebSite","@id":"https:\/\/guineediversite.com\/#website","url":"https:\/\/guineediversite.com\/","name":"Guin\u00e9e Diversit\u00e9","description":"L&#039;Info dans toute sa diversit\u00e9","publisher":{"@id":"https:\/\/guineediversite.com\/#organization"},"potentialAction":[{"@type":"SearchAction","target":{"@type":"EntryPoint","urlTemplate":"https:\/\/guineediversite.com\/?s={search_term_string}"},"query-input":{"@type":"PropertyValueSpecification","valueRequired":true,"valueName":"search_term_string"}}],"inLanguage":"fr-FR"},{"@type":"Organization","@id":"https:\/\/guineediversite.com\/#organization","name":"Guin\u00e9e Diversit\u00e9","url":"https:\/\/guineediversite.com\/","logo":{"@type":"ImageObject","inLanguage":"fr-FR","@id":"https:\/\/guineediversite.com\/#\/schema\/logo\/image\/","url":"https:\/\/guineediversite.com\/wp-content\/uploads\/2017\/04\/cropped-1jojlxEOMkX9Wyqfhe43D6kjPOGqBBKmx3EwWJqZ0cMrFF54yM49.png","contentUrl":"https:\/\/guineediversite.com\/wp-content\/uploads\/2017\/04\/cropped-1jojlxEOMkX9Wyqfhe43D6kjPOGqBBKmx3EwWJqZ0cMrFF54yM49.png","width":186,"height":112,"caption":"Guin\u00e9e Diversit\u00e9"},"image":{"@id":"https:\/\/guineediversite.com\/#\/schema\/logo\/image\/"},"sameAs":["https:\/\/www.facebook.com\/guineediversite\/","https:\/\/x.com\/GuineeDiversite","https:\/\/www.youtube.com\/channel\/UC8sUY16qelG5ge6_D5SB83g"]},{"@type":"Person","@id":"https:\/\/guineediversite.com\/#\/schema\/person\/fa362494c47202ce4b3adf55abcc9d01","name":"Morcire Camara","image":{"@type":"ImageObject","inLanguage":"fr-FR","@id":"https:\/\/guineediversite.com\/#\/schema\/person\/image\/","url":"https:\/\/secure.gravatar.com\/avatar\/3ec324f02295bbcebe03d99b39330ab4?s=96&d=mm&r=g","contentUrl":"https:\/\/secure.gravatar.com\/avatar\/3ec324f02295bbcebe03d99b39330ab4?s=96&d=mm&r=g","caption":"Morcire Camara"},"url":"https:\/\/guineediversite.com\/index.php\/author\/morcire\/"}]}},"_links":{"self":[{"href":"https:\/\/guineediversite.com\/index.php\/wp-json\/wp\/v2\/posts\/28846"}],"collection":[{"href":"https:\/\/guineediversite.com\/index.php\/wp-json\/wp\/v2\/posts"}],"about":[{"href":"https:\/\/guineediversite.com\/index.php\/wp-json\/wp\/v2\/types\/post"}],"author":[{"embeddable":true,"href":"https:\/\/guineediversite.com\/index.php\/wp-json\/wp\/v2\/users\/10"}],"replies":[{"embeddable":true,"href":"https:\/\/guineediversite.com\/index.php\/wp-json\/wp\/v2\/comments?post=28846"}],"version-history":[{"count":1,"href":"https:\/\/guineediversite.com\/index.php\/wp-json\/wp\/v2\/posts\/28846\/revisions"}],"predecessor-version":[{"id":28848,"href":"https:\/\/guineediversite.com\/index.php\/wp-json\/wp\/v2\/posts\/28846\/revisions\/28848"}],"wp:featuredmedia":[{"embeddable":true,"href":"https:\/\/guineediversite.com\/index.php\/wp-json\/wp\/v2\/media\/28847"}],"wp:attachment":[{"href":"https:\/\/guineediversite.com\/index.php\/wp-json\/wp\/v2\/media?parent=28846"}],"wp:term":[{"taxonomy":"category","embeddable":true,"href":"https:\/\/guineediversite.com\/index.php\/wp-json\/wp\/v2\/categories?post=28846"},{"taxonomy":"post_tag","embeddable":true,"href":"https:\/\/guineediversite.com\/index.php\/wp-json\/wp\/v2\/tags?post=28846"}],"curies":[{"name":"wp","href":"https:\/\/api.w.org\/{rel}","templated":true}]}}