{"id":28839,"date":"2020-04-20T16:42:03","date_gmt":"2020-04-20T14:42:03","guid":{"rendered":"https:\/\/guineediversite.com\/?p=28839"},"modified":"2020-04-20T16:42:04","modified_gmt":"2020-04-20T14:42:04","slug":"coronavirus-lallemagne-rouvre-une-partie-de-ses-magasins","status":"publish","type":"post","link":"https:\/\/guineediversite.com\/index.php\/2020\/04\/20\/coronavirus-lallemagne-rouvre-une-partie-de-ses-magasins\/","title":{"rendered":"Coronavirus: l&rsquo;Allemagne rouvre une partie de ses magasins"},"content":{"rendered":"\n<p><strong>L&rsquo;Allemagne assouplit ses mesures de restriction&nbsp;adopt\u00e9es dans la lutte contre la pand\u00e9mie de Coronavirus. Les magasins de moins de 800&nbsp;m\u00e8tres carr\u00e9s peuvent rouvrir \u00e0 partir de ce lundi.<\/strong><\/p>\n\n\n\n<p>Le temps du d\u00e9confinement est arriv\u00e9 pour les&nbsp;<strong><a href=\"http:\/\/www.rfi.fr\/fr\/europe\/20200417-coronavirus-la-pand%C3%A9mie-est-devenue-contr%C3%B4lable-selon-le-gouvernement-allemand\" target=\"_blank\" rel=\"noreferrer noopener\">Allemands<\/a><\/strong>, qui peuvent d\u00e9sormais faire leurs achats&nbsp;dans les&nbsp;magasins de moins de 800&nbsp;m\u00e8tres carr\u00e9s. Les librairies, les concessionnaires automobiles et les marchands de v\u00e9los peuvent aussi, ind\u00e9pendamment de leur superficie, ouvrir leurs portes.<\/p>\n\n\n\n<p>Les subventions et autres aides que certains commerces ont pu obtenir ne remplacent \u00e9videmment pas un retour \u00e0 la normale, ou presque, pour esp\u00e9rer rattraper le chiffre d\u2019affaires perdu ces derni\u00e8res semaines alors que les co\u00fbts fixes restaient \u00e0 payer.<\/p>\n\n\n\n<p><strong>Pas plus de cinq clients en m\u00eame temps<\/strong><\/p>\n\n\n\n<p>Le propri\u00e9taire de ce magasin de chaussures en Sarre se r\u00e9jouit ainsi de sa r\u00e9ouverture.&nbsp;\u00ab&nbsp;<em>Nous ne pouvons pas laisser entrer plus de cinq clients en m\u00eame temps<\/em>, explique-t-il au micro de RFI.&nbsp;<em>Nous portons des masques et respectons une distance de deux m\u00e8tres. Les caisses sont prot\u00e9g\u00e9es par du plexiglas. Rien ne peut arriver. Depuis ce matin, il y a eu quelques clients, surtout des enfants qui ont besoin de nouvelles chaussures. Le deuxi\u00e8me trimestre est important avant l\u2019\u00e9t\u00e9 pour notre chiffre d\u2019affaires. Les clients ach\u00e8tent beaucoup de chaussures. Nous avons d\u00fb fermer pendant quatre semaines et c\u2019est important qu\u2019on puisse rouvrir m\u00eame si on s\u2019en sort mieux que d\u2019autres.<\/em>&nbsp;\u00bb<\/p>\n\n\n\n<p>Si l\u2019assouplissement des restrictions vaut pour les commerces de moins de 800&nbsp;m\u00e8tres carr\u00e9s, il y aura des disparit\u00e9s r\u00e9gionales. Certaines r\u00e9gions ne leur permettront de rouvrir que dans quelques jours. D\u2019autres sont plus g\u00e9n\u00e9reuses.&nbsp;<\/p>\n\n\n\n<p><strong>D\u00e9bat national<\/strong><\/p>\n\n\n\n<p>Cette nouvelle \u00e9tape a lanc\u00e9, en tout cas, un d\u00e9bat sur la fin plus large du confinement. Angela Merkel craint que ces discussions ne conduisent les Allemands \u00e0&nbsp;moins respecter&nbsp;<strong><a href=\"http:\/\/www.rfi.fr\/fr\/europe\/20200328-coronavirus-en-allemagne-%C3%A9pid%C3%A9mie-fait-peu-morts\" target=\"_blank\" rel=\"noreferrer noopener\">les gestes barri\u00e8res.<\/a><\/strong>&nbsp;Selon des m\u00e9dias allemands, la chanceli\u00e8re a appel\u00e9, lors d\u2019une r\u00e9union de son parti, \u00e0 mettre fin aux \u00ab&nbsp;<em>orgies de discussion<\/em>&nbsp;\u00bb sur un \u00e9ventuel d\u00e9confinement total.<\/p>\n\n\n\n<p>Les autres mesures, comme l&rsquo;interdiction de se rassembler \u00e0 plus de deux personnes,\u00a0restent encore valables. Les \u00e9coles doivent rouvrir progressivement \u00e0 partir du 4\u00a0mai.<\/p>\n\n\n\n<p>RF<strong>I<\/strong><\/p>\n","protected":false},"excerpt":{"rendered":"<p>L&rsquo;Allemagne assouplit ses mesures de restriction&nbsp;adopt\u00e9es dans la lutte contre la pand\u00e9mie de Coronavirus. Les magasins de moins de 800&nbsp;m\u00e8tres carr\u00e9s peuvent rouvrir \u00e0 partir de ce lundi. Le temps du d\u00e9confinement est arriv\u00e9 pour les&nbsp;Allemands, qui peuvent d\u00e9sormais faire leurs achats&nbsp;dans les&nbsp;magasins de moins de 800&nbsp;m\u00e8tres carr\u00e9s. Les librairies, les concessionnaires automobiles et les [&hellip;]<\/p>\n","protected":false},"author":12,"featured_media":28840,"comment_status":"closed","ping_status":"closed","sticky":false,"template":"","format":"standard","meta":{"_exactmetrics_skip_tracking":false,"_exactmetrics_sitenote_active":false,"_exactmetrics_sitenote_note":"","_exactmetrics_sitenote_category":0,"tdm_status":"","tdm_grid_status":"","footnotes":""},"categories":[21],"tags":[],"class_list":{"0":"post-28839","1":"post","2":"type-post","3":"status-publish","4":"format-standard","5":"has-post-thumbnail","7":"category-international"},"yoast_head":"<!-- This site is optimized with the Yoast SEO plugin v24.2 - https:\/\/yoast.com\/wordpress\/plugins\/seo\/ -->\n<title>Coronavirus: l&#039;Allemagne rouvre une partie de ses magasins | Guin\u00e9e Diversit\u00e9<\/title>\n<meta name=\"robots\" content=\"index, follow, max-snippet:-1, max-image-preview:large, max-video-preview:-1\" \/>\n<link rel=\"canonical\" href=\"https:\/\/guineediversite.com\/index.php\/2020\/04\/20\/coronavirus-lallemagne-rouvre-une-partie-de-ses-magasins\/\" \/>\n<meta property=\"og:locale\" content=\"fr_FR\" \/>\n<meta property=\"og:type\" content=\"article\" \/>\n<meta property=\"og:title\" content=\"Coronavirus: l&#039;Allemagne rouvre une partie de ses magasins | Guin\u00e9e Diversit\u00e9\" \/>\n<meta property=\"og:description\" content=\"L&rsquo;Allemagne assouplit ses mesures de restriction&nbsp;adopt\u00e9es dans la lutte contre la pand\u00e9mie de Coronavirus. Les magasins de moins de 800&nbsp;m\u00e8tres carr\u00e9s peuvent rouvrir \u00e0 partir de ce lundi. Le temps du d\u00e9confinement est arriv\u00e9 pour les&nbsp;Allemands, qui peuvent d\u00e9sormais faire leurs achats&nbsp;dans les&nbsp;magasins de moins de 800&nbsp;m\u00e8tres carr\u00e9s. Les librairies, les concessionnaires automobiles et les [&hellip;]\" \/>\n<meta property=\"og:url\" content=\"https:\/\/guineediversite.com\/index.php\/2020\/04\/20\/coronavirus-lallemagne-rouvre-une-partie-de-ses-magasins\/\" \/>\n<meta property=\"og:site_name\" content=\"Guin\u00e9e Diversit\u00e9\" \/>\n<meta property=\"article:publisher\" content=\"https:\/\/www.facebook.com\/guineediversite\/\" \/>\n<meta property=\"article:published_time\" content=\"2020-04-20T14:42:03+00:00\" \/>\n<meta property=\"article:modified_time\" content=\"2020-04-20T14:42:04+00:00\" \/>\n<meta property=\"og:image\" content=\"https:\/\/guineediversite.com\/wp-content\/uploads\/2020\/04\/BON.jpg\" \/>\n\t<meta property=\"og:image:width\" content=\"2000\" \/>\n\t<meta property=\"og:image:height\" content=\"1124\" \/>\n\t<meta property=\"og:image:type\" content=\"image\/jpeg\" \/>\n<meta name=\"author\" content=\"Guin\u00e9e Diversit\u00e9\" \/>\n<meta name=\"twitter:card\" content=\"summary_large_image\" \/>\n<meta name=\"twitter:creator\" content=\"@GuineeDiversite\" \/>\n<meta name=\"twitter:site\" content=\"@GuineeDiversite\" \/>\n<meta name=\"twitter:label1\" content=\"\u00c9crit par\" \/>\n\t<meta name=\"twitter:data1\" content=\"Guin\u00e9e Diversit\u00e9\" \/>\n\t<meta name=\"twitter:label2\" content=\"Dur\u00e9e de lecture estim\u00e9e\" \/>\n\t<meta name=\"twitter:data2\" content=\"2 minutes\" \/>\n<script type=\"application\/ld+json\" class=\"yoast-schema-graph\">{\"@context\":\"https:\/\/schema.org\",\"@graph\":[{\"@type\":\"Article\",\"@id\":\"https:\/\/guineediversite.com\/index.php\/2020\/04\/20\/coronavirus-lallemagne-rouvre-une-partie-de-ses-magasins\/#article\",\"isPartOf\":{\"@id\":\"https:\/\/guineediversite.com\/index.php\/2020\/04\/20\/coronavirus-lallemagne-rouvre-une-partie-de-ses-magasins\/\"},\"author\":{\"name\":\"Guin\u00e9e Diversit\u00e9\",\"@id\":\"https:\/\/guineediversite.com\/#\/schema\/person\/afa08fb34e7fc6e1feafc892612bc836\"},\"headline\":\"Coronavirus: l&rsquo;Allemagne rouvre une partie de ses magasins\",\"datePublished\":\"2020-04-20T14:42:03+00:00\",\"dateModified\":\"2020-04-20T14:42:04+00:00\",\"mainEntityOfPage\":{\"@id\":\"https:\/\/guineediversite.com\/index.php\/2020\/04\/20\/coronavirus-lallemagne-rouvre-une-partie-de-ses-magasins\/\"},\"wordCount\":420,\"publisher\":{\"@id\":\"https:\/\/guineediversite.com\/#organization\"},\"image\":{\"@id\":\"https:\/\/guineediversite.com\/index.php\/2020\/04\/20\/coronavirus-lallemagne-rouvre-une-partie-de-ses-magasins\/#primaryimage\"},\"thumbnailUrl\":\"https:\/\/guineediversite.com\/wp-content\/uploads\/2020\/04\/BON.jpg\",\"articleSection\":[\"International\"],\"inLanguage\":\"fr-FR\"},{\"@type\":\"WebPage\",\"@id\":\"https:\/\/guineediversite.com\/index.php\/2020\/04\/20\/coronavirus-lallemagne-rouvre-une-partie-de-ses-magasins\/\",\"url\":\"https:\/\/guineediversite.com\/index.php\/2020\/04\/20\/coronavirus-lallemagne-rouvre-une-partie-de-ses-magasins\/\",\"name\":\"Coronavirus: l'Allemagne rouvre une partie de ses magasins | Guin\u00e9e Diversit\u00e9\",\"isPartOf\":{\"@id\":\"https:\/\/guineediversite.com\/#website\"},\"primaryImageOfPage\":{\"@id\":\"https:\/\/guineediversite.com\/index.php\/2020\/04\/20\/coronavirus-lallemagne-rouvre-une-partie-de-ses-magasins\/#primaryimage\"},\"image\":{\"@id\":\"https:\/\/guineediversite.com\/index.php\/2020\/04\/20\/coronavirus-lallemagne-rouvre-une-partie-de-ses-magasins\/#primaryimage\"},\"thumbnailUrl\":\"https:\/\/guineediversite.com\/wp-content\/uploads\/2020\/04\/BON.jpg\",\"datePublished\":\"2020-04-20T14:42:03+00:00\",\"dateModified\":\"2020-04-20T14:42:04+00:00\",\"breadcrumb\":{\"@id\":\"https:\/\/guineediversite.com\/index.php\/2020\/04\/20\/coronavirus-lallemagne-rouvre-une-partie-de-ses-magasins\/#breadcrumb\"},\"inLanguage\":\"fr-FR\",\"potentialAction\":[{\"@type\":\"ReadAction\",\"target\":[\"https:\/\/guineediversite.com\/index.php\/2020\/04\/20\/coronavirus-lallemagne-rouvre-une-partie-de-ses-magasins\/\"]}]},{\"@type\":\"ImageObject\",\"inLanguage\":\"fr-FR\",\"@id\":\"https:\/\/guineediversite.com\/index.php\/2020\/04\/20\/coronavirus-lallemagne-rouvre-une-partie-de-ses-magasins\/#primaryimage\",\"url\":\"https:\/\/guineediversite.com\/wp-content\/uploads\/2020\/04\/BON.jpg\",\"contentUrl\":\"https:\/\/guineediversite.com\/wp-content\/uploads\/2020\/04\/BON.jpg\",\"width\":2000,\"height\":1124},{\"@type\":\"BreadcrumbList\",\"@id\":\"https:\/\/guineediversite.com\/index.php\/2020\/04\/20\/coronavirus-lallemagne-rouvre-une-partie-de-ses-magasins\/#breadcrumb\",\"itemListElement\":[{\"@type\":\"ListItem\",\"position\":1,\"name\":\"Accueil\",\"item\":\"https:\/\/guineediversite.com\/\"},{\"@type\":\"ListItem\",\"position\":2,\"name\":\"Coronavirus: l&rsquo;Allemagne rouvre une partie de ses magasins\"}]},{\"@type\":\"WebSite\",\"@id\":\"https:\/\/guineediversite.com\/#website\",\"url\":\"https:\/\/guineediversite.com\/\",\"name\":\"Guin\u00e9e Diversit\u00e9\",\"description\":\"L&#039;Info dans toute sa diversit\u00e9\",\"publisher\":{\"@id\":\"https:\/\/guineediversite.com\/#organization\"},\"potentialAction\":[{\"@type\":\"SearchAction\",\"target\":{\"@type\":\"EntryPoint\",\"urlTemplate\":\"https:\/\/guineediversite.com\/?s={search_term_string}\"},\"query-input\":{\"@type\":\"PropertyValueSpecification\",\"valueRequired\":true,\"valueName\":\"search_term_string\"}}],\"inLanguage\":\"fr-FR\"},{\"@type\":\"Organization\",\"@id\":\"https:\/\/guineediversite.com\/#organization\",\"name\":\"Guin\u00e9e Diversit\u00e9\",\"url\":\"https:\/\/guineediversite.com\/\",\"logo\":{\"@type\":\"ImageObject\",\"inLanguage\":\"fr-FR\",\"@id\":\"https:\/\/guineediversite.com\/#\/schema\/logo\/image\/\",\"url\":\"https:\/\/guineediversite.com\/wp-content\/uploads\/2017\/04\/cropped-1jojlxEOMkX9Wyqfhe43D6kjPOGqBBKmx3EwWJqZ0cMrFF54yM49.png\",\"contentUrl\":\"https:\/\/guineediversite.com\/wp-content\/uploads\/2017\/04\/cropped-1jojlxEOMkX9Wyqfhe43D6kjPOGqBBKmx3EwWJqZ0cMrFF54yM49.png\",\"width\":186,\"height\":112,\"caption\":\"Guin\u00e9e Diversit\u00e9\"},\"image\":{\"@id\":\"https:\/\/guineediversite.com\/#\/schema\/logo\/image\/\"},\"sameAs\":[\"https:\/\/www.facebook.com\/guineediversite\/\",\"https:\/\/x.com\/GuineeDiversite\",\"https:\/\/www.youtube.com\/channel\/UC8sUY16qelG5ge6_D5SB83g\"]},{\"@type\":\"Person\",\"@id\":\"https:\/\/guineediversite.com\/#\/schema\/person\/afa08fb34e7fc6e1feafc892612bc836\",\"name\":\"Guin\u00e9e Diversit\u00e9\",\"image\":{\"@type\":\"ImageObject\",\"inLanguage\":\"fr-FR\",\"@id\":\"https:\/\/guineediversite.com\/#\/schema\/person\/image\/\",\"url\":\"https:\/\/secure.gravatar.com\/avatar\/50d5eb5b390f8b65ac30ac6f898eb83a?s=96&d=mm&r=g\",\"contentUrl\":\"https:\/\/secure.gravatar.com\/avatar\/50d5eb5b390f8b65ac30ac6f898eb83a?s=96&d=mm&r=g\",\"caption\":\"Guin\u00e9e Diversit\u00e9\"},\"url\":\"https:\/\/guineediversite.com\/index.php\/author\/guineediversite\/\"}]}<\/script>\n<!-- \/ Yoast SEO plugin. -->","yoast_head_json":{"title":"Coronavirus: l'Allemagne rouvre une partie de ses magasins | Guin\u00e9e Diversit\u00e9","robots":{"index":"index","follow":"follow","max-snippet":"max-snippet:-1","max-image-preview":"max-image-preview:large","max-video-preview":"max-video-preview:-1"},"canonical":"https:\/\/guineediversite.com\/index.php\/2020\/04\/20\/coronavirus-lallemagne-rouvre-une-partie-de-ses-magasins\/","og_locale":"fr_FR","og_type":"article","og_title":"Coronavirus: l'Allemagne rouvre une partie de ses magasins | Guin\u00e9e Diversit\u00e9","og_description":"L&rsquo;Allemagne assouplit ses mesures de restriction&nbsp;adopt\u00e9es dans la lutte contre la pand\u00e9mie de Coronavirus. Les magasins de moins de 800&nbsp;m\u00e8tres carr\u00e9s peuvent rouvrir \u00e0 partir de ce lundi. Le temps du d\u00e9confinement est arriv\u00e9 pour les&nbsp;Allemands, qui peuvent d\u00e9sormais faire leurs achats&nbsp;dans les&nbsp;magasins de moins de 800&nbsp;m\u00e8tres carr\u00e9s. Les librairies, les concessionnaires automobiles et les [&hellip;]","og_url":"https:\/\/guineediversite.com\/index.php\/2020\/04\/20\/coronavirus-lallemagne-rouvre-une-partie-de-ses-magasins\/","og_site_name":"Guin\u00e9e Diversit\u00e9","article_publisher":"https:\/\/www.facebook.com\/guineediversite\/","article_published_time":"2020-04-20T14:42:03+00:00","article_modified_time":"2020-04-20T14:42:04+00:00","og_image":[{"width":2000,"height":1124,"url":"https:\/\/guineediversite.com\/wp-content\/uploads\/2020\/04\/BON.jpg","type":"image\/jpeg"}],"author":"Guin\u00e9e Diversit\u00e9","twitter_card":"summary_large_image","twitter_creator":"@GuineeDiversite","twitter_site":"@GuineeDiversite","twitter_misc":{"\u00c9crit par":"Guin\u00e9e Diversit\u00e9","Dur\u00e9e de lecture estim\u00e9e":"2 minutes"},"schema":{"@context":"https:\/\/schema.org","@graph":[{"@type":"Article","@id":"https:\/\/guineediversite.com\/index.php\/2020\/04\/20\/coronavirus-lallemagne-rouvre-une-partie-de-ses-magasins\/#article","isPartOf":{"@id":"https:\/\/guineediversite.com\/index.php\/2020\/04\/20\/coronavirus-lallemagne-rouvre-une-partie-de-ses-magasins\/"},"author":{"name":"Guin\u00e9e Diversit\u00e9","@id":"https:\/\/guineediversite.com\/#\/schema\/person\/afa08fb34e7fc6e1feafc892612bc836"},"headline":"Coronavirus: l&rsquo;Allemagne rouvre une partie de ses magasins","datePublished":"2020-04-20T14:42:03+00:00","dateModified":"2020-04-20T14:42:04+00:00","mainEntityOfPage":{"@id":"https:\/\/guineediversite.com\/index.php\/2020\/04\/20\/coronavirus-lallemagne-rouvre-une-partie-de-ses-magasins\/"},"wordCount":420,"publisher":{"@id":"https:\/\/guineediversite.com\/#organization"},"image":{"@id":"https:\/\/guineediversite.com\/index.php\/2020\/04\/20\/coronavirus-lallemagne-rouvre-une-partie-de-ses-magasins\/#primaryimage"},"thumbnailUrl":"https:\/\/guineediversite.com\/wp-content\/uploads\/2020\/04\/BON.jpg","articleSection":["International"],"inLanguage":"fr-FR"},{"@type":"WebPage","@id":"https:\/\/guineediversite.com\/index.php\/2020\/04\/20\/coronavirus-lallemagne-rouvre-une-partie-de-ses-magasins\/","url":"https:\/\/guineediversite.com\/index.php\/2020\/04\/20\/coronavirus-lallemagne-rouvre-une-partie-de-ses-magasins\/","name":"Coronavirus: l'Allemagne rouvre une partie de ses magasins | Guin\u00e9e Diversit\u00e9","isPartOf":{"@id":"https:\/\/guineediversite.com\/#website"},"primaryImageOfPage":{"@id":"https:\/\/guineediversite.com\/index.php\/2020\/04\/20\/coronavirus-lallemagne-rouvre-une-partie-de-ses-magasins\/#primaryimage"},"image":{"@id":"https:\/\/guineediversite.com\/index.php\/2020\/04\/20\/coronavirus-lallemagne-rouvre-une-partie-de-ses-magasins\/#primaryimage"},"thumbnailUrl":"https:\/\/guineediversite.com\/wp-content\/uploads\/2020\/04\/BON.jpg","datePublished":"2020-04-20T14:42:03+00:00","dateModified":"2020-04-20T14:42:04+00:00","breadcrumb":{"@id":"https:\/\/guineediversite.com\/index.php\/2020\/04\/20\/coronavirus-lallemagne-rouvre-une-partie-de-ses-magasins\/#breadcrumb"},"inLanguage":"fr-FR","potentialAction":[{"@type":"ReadAction","target":["https:\/\/guineediversite.com\/index.php\/2020\/04\/20\/coronavirus-lallemagne-rouvre-une-partie-de-ses-magasins\/"]}]},{"@type":"ImageObject","inLanguage":"fr-FR","@id":"https:\/\/guineediversite.com\/index.php\/2020\/04\/20\/coronavirus-lallemagne-rouvre-une-partie-de-ses-magasins\/#primaryimage","url":"https:\/\/guineediversite.com\/wp-content\/uploads\/2020\/04\/BON.jpg","contentUrl":"https:\/\/guineediversite.com\/wp-content\/uploads\/2020\/04\/BON.jpg","width":2000,"height":1124},{"@type":"BreadcrumbList","@id":"https:\/\/guineediversite.com\/index.php\/2020\/04\/20\/coronavirus-lallemagne-rouvre-une-partie-de-ses-magasins\/#breadcrumb","itemListElement":[{"@type":"ListItem","position":1,"name":"Accueil","item":"https:\/\/guineediversite.com\/"},{"@type":"ListItem","position":2,"name":"Coronavirus: l&rsquo;Allemagne rouvre une partie de ses magasins"}]},{"@type":"WebSite","@id":"https:\/\/guineediversite.com\/#website","url":"https:\/\/guineediversite.com\/","name":"Guin\u00e9e Diversit\u00e9","description":"L&#039;Info dans toute sa diversit\u00e9","publisher":{"@id":"https:\/\/guineediversite.com\/#organization"},"potentialAction":[{"@type":"SearchAction","target":{"@type":"EntryPoint","urlTemplate":"https:\/\/guineediversite.com\/?s={search_term_string}"},"query-input":{"@type":"PropertyValueSpecification","valueRequired":true,"valueName":"search_term_string"}}],"inLanguage":"fr-FR"},{"@type":"Organization","@id":"https:\/\/guineediversite.com\/#organization","name":"Guin\u00e9e Diversit\u00e9","url":"https:\/\/guineediversite.com\/","logo":{"@type":"ImageObject","inLanguage":"fr-FR","@id":"https:\/\/guineediversite.com\/#\/schema\/logo\/image\/","url":"https:\/\/guineediversite.com\/wp-content\/uploads\/2017\/04\/cropped-1jojlxEOMkX9Wyqfhe43D6kjPOGqBBKmx3EwWJqZ0cMrFF54yM49.png","contentUrl":"https:\/\/guineediversite.com\/wp-content\/uploads\/2017\/04\/cropped-1jojlxEOMkX9Wyqfhe43D6kjPOGqBBKmx3EwWJqZ0cMrFF54yM49.png","width":186,"height":112,"caption":"Guin\u00e9e Diversit\u00e9"},"image":{"@id":"https:\/\/guineediversite.com\/#\/schema\/logo\/image\/"},"sameAs":["https:\/\/www.facebook.com\/guineediversite\/","https:\/\/x.com\/GuineeDiversite","https:\/\/www.youtube.com\/channel\/UC8sUY16qelG5ge6_D5SB83g"]},{"@type":"Person","@id":"https:\/\/guineediversite.com\/#\/schema\/person\/afa08fb34e7fc6e1feafc892612bc836","name":"Guin\u00e9e Diversit\u00e9","image":{"@type":"ImageObject","inLanguage":"fr-FR","@id":"https:\/\/guineediversite.com\/#\/schema\/person\/image\/","url":"https:\/\/secure.gravatar.com\/avatar\/50d5eb5b390f8b65ac30ac6f898eb83a?s=96&d=mm&r=g","contentUrl":"https:\/\/secure.gravatar.com\/avatar\/50d5eb5b390f8b65ac30ac6f898eb83a?s=96&d=mm&r=g","caption":"Guin\u00e9e Diversit\u00e9"},"url":"https:\/\/guineediversite.com\/index.php\/author\/guineediversite\/"}]}},"_links":{"self":[{"href":"https:\/\/guineediversite.com\/index.php\/wp-json\/wp\/v2\/posts\/28839"}],"collection":[{"href":"https:\/\/guineediversite.com\/index.php\/wp-json\/wp\/v2\/posts"}],"about":[{"href":"https:\/\/guineediversite.com\/index.php\/wp-json\/wp\/v2\/types\/post"}],"author":[{"embeddable":true,"href":"https:\/\/guineediversite.com\/index.php\/wp-json\/wp\/v2\/users\/12"}],"replies":[{"embeddable":true,"href":"https:\/\/guineediversite.com\/index.php\/wp-json\/wp\/v2\/comments?post=28839"}],"version-history":[{"count":1,"href":"https:\/\/guineediversite.com\/index.php\/wp-json\/wp\/v2\/posts\/28839\/revisions"}],"predecessor-version":[{"id":28841,"href":"https:\/\/guineediversite.com\/index.php\/wp-json\/wp\/v2\/posts\/28839\/revisions\/28841"}],"wp:featuredmedia":[{"embeddable":true,"href":"https:\/\/guineediversite.com\/index.php\/wp-json\/wp\/v2\/media\/28840"}],"wp:attachment":[{"href":"https:\/\/guineediversite.com\/index.php\/wp-json\/wp\/v2\/media?parent=28839"}],"wp:term":[{"taxonomy":"category","embeddable":true,"href":"https:\/\/guineediversite.com\/index.php\/wp-json\/wp\/v2\/categories?post=28839"},{"taxonomy":"post_tag","embeddable":true,"href":"https:\/\/guineediversite.com\/index.php\/wp-json\/wp\/v2\/tags?post=28839"}],"curies":[{"name":"wp","href":"https:\/\/api.w.org\/{rel}","templated":true}]}}