{"id":28836,"date":"2020-04-20T16:28:29","date_gmt":"2020-04-20T14:28:29","guid":{"rendered":"https:\/\/guineediversite.com\/?p=28836"},"modified":"2020-04-20T16:44:09","modified_gmt":"2020-04-20T14:44:09","slug":"covid-19-moussa-yero-journaliste-a-hadofo-medias-denonce-les-tard-aux-cte-de-donka","status":"publish","type":"post","link":"https:\/\/guineediversite.com\/index.php\/2020\/04\/20\/covid-19-moussa-yero-journaliste-a-hadofo-medias-denonce-les-tard-aux-cte-de-donka\/","title":{"rendered":"COVID-19 : Moussa Y\u00e9ro journaliste \u00e0 Hadofo m\u00e9dias d\u00e9nonce les tard au CTE de Donka"},"content":{"rendered":"\n<p><strong>Moussa Yero Bah, chroniqueuse de l\u2019\u00e9mission les Grandes gueules, et patiente au Covid-19 hospitalis\u00e9s au CHU- Donka, raconte des mauvaises conditions dans lesquelles ils vivent leurs s\u00e9jours dans ce centre de traitement.<\/strong><\/p>\n\n\n\n<p>Parmi les manquements, elle avait d\u00e9nonc\u00e9 auparavant le mauvais \u00e9tat des toilettes. Ces malades du coronavirus d\u00e9noncent \u00e9galement l\u2019insuffisance et le retard des plats qui leur sont apport\u00e9s chaque jour. Une situation que d\u00e9plore cette dame se trouvant en \u00e9tat de famille d\u00e9plore et demande aux autorit\u00e9s \u00e0 faire mieux.<em><\/em><\/p>\n\n\n\n<p><em>\u00ab&nbsp;Vous avez des gens, des jeunes ici qui sont costauds, mais quand vous voyez les plats qu\u2019on leur am\u00e8ne, \u00e7a ne fait rien au fait. Et quand un malade ne mange pas bien, les conditions ne sont pas l\u00e0. Je me mets quelques fois \u00e0 la place des gens, je me dis que \u00e7a pourrait \u00eatre difficile. Les gens comprennent mal qu\u2019on veille critiquer, mais on critique pour que notre pays puisse aller de l\u2019avant, pour que les choses puissent changer, parce que l\u2019on peut faire mieux, parce qu\u2019il y\u2019a des fonds qui sont mis \u00e0 disposition pour cela&nbsp;\u00bb,<\/em> a-t-elle fustig\u00e9e,<\/p>\n\n\n\n<p>La journaliste chroniqueuse du groupe Hadafo m\u00e9dias &nbsp;poursuit &nbsp;ses pros en soulignant ceci \u00ab&nbsp;les m\u00e9decins qui s\u2019occupent des malades se trouvent \u00e9galement dans les m\u00eames conditions (&#8230;)&nbsp;\u00bb.<\/p>\n\n\n\n<p><em>Et de rench\u00e9rir, \u00ab&nbsp;Ce n\u2019est pas simplement pour les malades. Ce qu\u2019on am\u00e8ne pour les malades, c\u2019est ce qu\u2019on am\u00e8ne pour les m\u00e9decins. Hier, il y\u2019a un m\u00e9decin qui m\u2019a dit qu\u2019il a mis pour eux dans la poubelle, parce qu\u2019ils ne pouvaient pas manger cela. J\u2019ai \u00e9chang\u00e9 avec une dame qui m\u2019a dit que depuis le matin, on ne lui pas apport\u00e9 \u00e0 manger. Je ne sais pas comment \u00e7a se passe, mais il faut revoir la situation surtout la prise en charge alimentaire&nbsp;\u00bb.<\/em><\/p>\n\n\n\n<p><em>Selon Moussa Y\u00e9ro <\/em>les choses ne viennent pas \u00e0 temps. Le petit-d\u00e9jeuner peut venir des fois \u00e0 9h ou 10h.<\/p>\n","protected":false},"excerpt":{"rendered":"<p>Moussa Yero Bah, chroniqueuse de l\u2019\u00e9mission les Grandes gueules, et patiente au Covid-19 hospitalis\u00e9s au CHU- Donka, raconte des mauvaises conditions dans lesquelles ils vivent leurs s\u00e9jours dans ce centre de traitement. Parmi les manquements, elle avait d\u00e9nonc\u00e9 auparavant le mauvais \u00e9tat des toilettes. Ces malades du coronavirus d\u00e9noncent \u00e9galement l\u2019insuffisance et le retard des [&hellip;]<\/p>\n","protected":false},"author":10,"featured_media":28837,"comment_status":"closed","ping_status":"closed","sticky":false,"template":"","format":"standard","meta":{"_exactmetrics_skip_tracking":false,"_exactmetrics_sitenote_active":false,"_exactmetrics_sitenote_note":"","_exactmetrics_sitenote_category":0,"tdm_status":"","tdm_grid_status":"","footnotes":""},"categories":[16],"tags":[],"class_list":{"0":"post-28836","1":"post","2":"type-post","3":"status-publish","4":"format-standard","5":"has-post-thumbnail","7":"category-societe"},"yoast_head":"<!-- This site is optimized with the Yoast SEO plugin v24.2 - https:\/\/yoast.com\/wordpress\/plugins\/seo\/ -->\n<title>COVID-19 : Moussa Y\u00e9ro journaliste \u00e0 Hadofo m\u00e9dias d\u00e9nonce les tard au CTE de Donka | Guin\u00e9e Diversit\u00e9<\/title>\n<meta name=\"robots\" content=\"index, follow, max-snippet:-1, max-image-preview:large, max-video-preview:-1\" \/>\n<link rel=\"canonical\" href=\"https:\/\/guineediversite.com\/index.php\/2020\/04\/20\/covid-19-moussa-yero-journaliste-a-hadofo-medias-denonce-les-tard-aux-cte-de-donka\/\" \/>\n<meta property=\"og:locale\" content=\"fr_FR\" \/>\n<meta property=\"og:type\" content=\"article\" \/>\n<meta property=\"og:title\" content=\"COVID-19 : Moussa Y\u00e9ro journaliste \u00e0 Hadofo m\u00e9dias d\u00e9nonce les tard au CTE de Donka | Guin\u00e9e Diversit\u00e9\" \/>\n<meta property=\"og:description\" content=\"Moussa Yero Bah, chroniqueuse de l\u2019\u00e9mission les Grandes gueules, et patiente au Covid-19 hospitalis\u00e9s au CHU- Donka, raconte des mauvaises conditions dans lesquelles ils vivent leurs s\u00e9jours dans ce centre de traitement. Parmi les manquements, elle avait d\u00e9nonc\u00e9 auparavant le mauvais \u00e9tat des toilettes. Ces malades du coronavirus d\u00e9noncent \u00e9galement l\u2019insuffisance et le retard des [&hellip;]\" \/>\n<meta property=\"og:url\" content=\"https:\/\/guineediversite.com\/index.php\/2020\/04\/20\/covid-19-moussa-yero-journaliste-a-hadofo-medias-denonce-les-tard-aux-cte-de-donka\/\" \/>\n<meta property=\"og:site_name\" content=\"Guin\u00e9e Diversit\u00e9\" \/>\n<meta property=\"article:publisher\" content=\"https:\/\/www.facebook.com\/guineediversite\/\" \/>\n<meta property=\"article:published_time\" content=\"2020-04-20T14:28:29+00:00\" \/>\n<meta property=\"article:modified_time\" content=\"2020-04-20T14:44:09+00:00\" \/>\n<meta property=\"og:image\" content=\"https:\/\/guineediversite.com\/wp-content\/uploads\/2020\/04\/YERO.jpg\" \/>\n\t<meta property=\"og:image:width\" content=\"1258\" \/>\n\t<meta property=\"og:image:height\" content=\"2000\" \/>\n\t<meta property=\"og:image:type\" content=\"image\/jpeg\" \/>\n<meta name=\"author\" content=\"Morcire Camara\" \/>\n<meta name=\"twitter:card\" content=\"summary_large_image\" \/>\n<meta name=\"twitter:creator\" content=\"@GuineeDiversite\" \/>\n<meta name=\"twitter:site\" content=\"@GuineeDiversite\" \/>\n<meta name=\"twitter:label1\" content=\"\u00c9crit par\" \/>\n\t<meta name=\"twitter:data1\" content=\"Morcire Camara\" \/>\n\t<meta name=\"twitter:label2\" content=\"Dur\u00e9e de lecture estim\u00e9e\" \/>\n\t<meta name=\"twitter:data2\" content=\"2 minutes\" \/>\n<script type=\"application\/ld+json\" class=\"yoast-schema-graph\">{\"@context\":\"https:\/\/schema.org\",\"@graph\":[{\"@type\":\"Article\",\"@id\":\"https:\/\/guineediversite.com\/index.php\/2020\/04\/20\/covid-19-moussa-yero-journaliste-a-hadofo-medias-denonce-les-tard-aux-cte-de-donka\/#article\",\"isPartOf\":{\"@id\":\"https:\/\/guineediversite.com\/index.php\/2020\/04\/20\/covid-19-moussa-yero-journaliste-a-hadofo-medias-denonce-les-tard-aux-cte-de-donka\/\"},\"author\":{\"name\":\"Morcire Camara\",\"@id\":\"https:\/\/guineediversite.com\/#\/schema\/person\/fa362494c47202ce4b3adf55abcc9d01\"},\"headline\":\"COVID-19 : Moussa Y\u00e9ro journaliste \u00e0 Hadofo m\u00e9dias d\u00e9nonce les tard au CTE de Donka\",\"datePublished\":\"2020-04-20T14:28:29+00:00\",\"dateModified\":\"2020-04-20T14:44:09+00:00\",\"mainEntityOfPage\":{\"@id\":\"https:\/\/guineediversite.com\/index.php\/2020\/04\/20\/covid-19-moussa-yero-journaliste-a-hadofo-medias-denonce-les-tard-aux-cte-de-donka\/\"},\"wordCount\":371,\"publisher\":{\"@id\":\"https:\/\/guineediversite.com\/#organization\"},\"image\":{\"@id\":\"https:\/\/guineediversite.com\/index.php\/2020\/04\/20\/covid-19-moussa-yero-journaliste-a-hadofo-medias-denonce-les-tard-aux-cte-de-donka\/#primaryimage\"},\"thumbnailUrl\":\"https:\/\/guineediversite.com\/wp-content\/uploads\/2020\/04\/YERO.jpg\",\"articleSection\":[\"Soci\u00e9t\u00e9\"],\"inLanguage\":\"fr-FR\"},{\"@type\":\"WebPage\",\"@id\":\"https:\/\/guineediversite.com\/index.php\/2020\/04\/20\/covid-19-moussa-yero-journaliste-a-hadofo-medias-denonce-les-tard-aux-cte-de-donka\/\",\"url\":\"https:\/\/guineediversite.com\/index.php\/2020\/04\/20\/covid-19-moussa-yero-journaliste-a-hadofo-medias-denonce-les-tard-aux-cte-de-donka\/\",\"name\":\"COVID-19 : Moussa Y\u00e9ro journaliste \u00e0 Hadofo m\u00e9dias d\u00e9nonce les tard au CTE de Donka | Guin\u00e9e Diversit\u00e9\",\"isPartOf\":{\"@id\":\"https:\/\/guineediversite.com\/#website\"},\"primaryImageOfPage\":{\"@id\":\"https:\/\/guineediversite.com\/index.php\/2020\/04\/20\/covid-19-moussa-yero-journaliste-a-hadofo-medias-denonce-les-tard-aux-cte-de-donka\/#primaryimage\"},\"image\":{\"@id\":\"https:\/\/guineediversite.com\/index.php\/2020\/04\/20\/covid-19-moussa-yero-journaliste-a-hadofo-medias-denonce-les-tard-aux-cte-de-donka\/#primaryimage\"},\"thumbnailUrl\":\"https:\/\/guineediversite.com\/wp-content\/uploads\/2020\/04\/YERO.jpg\",\"datePublished\":\"2020-04-20T14:28:29+00:00\",\"dateModified\":\"2020-04-20T14:44:09+00:00\",\"breadcrumb\":{\"@id\":\"https:\/\/guineediversite.com\/index.php\/2020\/04\/20\/covid-19-moussa-yero-journaliste-a-hadofo-medias-denonce-les-tard-aux-cte-de-donka\/#breadcrumb\"},\"inLanguage\":\"fr-FR\",\"potentialAction\":[{\"@type\":\"ReadAction\",\"target\":[\"https:\/\/guineediversite.com\/index.php\/2020\/04\/20\/covid-19-moussa-yero-journaliste-a-hadofo-medias-denonce-les-tard-aux-cte-de-donka\/\"]}]},{\"@type\":\"ImageObject\",\"inLanguage\":\"fr-FR\",\"@id\":\"https:\/\/guineediversite.com\/index.php\/2020\/04\/20\/covid-19-moussa-yero-journaliste-a-hadofo-medias-denonce-les-tard-aux-cte-de-donka\/#primaryimage\",\"url\":\"https:\/\/guineediversite.com\/wp-content\/uploads\/2020\/04\/YERO.jpg\",\"contentUrl\":\"https:\/\/guineediversite.com\/wp-content\/uploads\/2020\/04\/YERO.jpg\",\"width\":1258,\"height\":2000},{\"@type\":\"BreadcrumbList\",\"@id\":\"https:\/\/guineediversite.com\/index.php\/2020\/04\/20\/covid-19-moussa-yero-journaliste-a-hadofo-medias-denonce-les-tard-aux-cte-de-donka\/#breadcrumb\",\"itemListElement\":[{\"@type\":\"ListItem\",\"position\":1,\"name\":\"Accueil\",\"item\":\"https:\/\/guineediversite.com\/\"},{\"@type\":\"ListItem\",\"position\":2,\"name\":\"COVID-19 : Moussa Y\u00e9ro journaliste \u00e0 Hadofo m\u00e9dias d\u00e9nonce les tard au CTE de Donka\"}]},{\"@type\":\"WebSite\",\"@id\":\"https:\/\/guineediversite.com\/#website\",\"url\":\"https:\/\/guineediversite.com\/\",\"name\":\"Guin\u00e9e Diversit\u00e9\",\"description\":\"L&#039;Info dans toute sa diversit\u00e9\",\"publisher\":{\"@id\":\"https:\/\/guineediversite.com\/#organization\"},\"potentialAction\":[{\"@type\":\"SearchAction\",\"target\":{\"@type\":\"EntryPoint\",\"urlTemplate\":\"https:\/\/guineediversite.com\/?s={search_term_string}\"},\"query-input\":{\"@type\":\"PropertyValueSpecification\",\"valueRequired\":true,\"valueName\":\"search_term_string\"}}],\"inLanguage\":\"fr-FR\"},{\"@type\":\"Organization\",\"@id\":\"https:\/\/guineediversite.com\/#organization\",\"name\":\"Guin\u00e9e Diversit\u00e9\",\"url\":\"https:\/\/guineediversite.com\/\",\"logo\":{\"@type\":\"ImageObject\",\"inLanguage\":\"fr-FR\",\"@id\":\"https:\/\/guineediversite.com\/#\/schema\/logo\/image\/\",\"url\":\"https:\/\/guineediversite.com\/wp-content\/uploads\/2017\/04\/cropped-1jojlxEOMkX9Wyqfhe43D6kjPOGqBBKmx3EwWJqZ0cMrFF54yM49.png\",\"contentUrl\":\"https:\/\/guineediversite.com\/wp-content\/uploads\/2017\/04\/cropped-1jojlxEOMkX9Wyqfhe43D6kjPOGqBBKmx3EwWJqZ0cMrFF54yM49.png\",\"width\":186,\"height\":112,\"caption\":\"Guin\u00e9e Diversit\u00e9\"},\"image\":{\"@id\":\"https:\/\/guineediversite.com\/#\/schema\/logo\/image\/\"},\"sameAs\":[\"https:\/\/www.facebook.com\/guineediversite\/\",\"https:\/\/x.com\/GuineeDiversite\",\"https:\/\/www.youtube.com\/channel\/UC8sUY16qelG5ge6_D5SB83g\"]},{\"@type\":\"Person\",\"@id\":\"https:\/\/guineediversite.com\/#\/schema\/person\/fa362494c47202ce4b3adf55abcc9d01\",\"name\":\"Morcire Camara\",\"image\":{\"@type\":\"ImageObject\",\"inLanguage\":\"fr-FR\",\"@id\":\"https:\/\/guineediversite.com\/#\/schema\/person\/image\/\",\"url\":\"https:\/\/secure.gravatar.com\/avatar\/3ec324f02295bbcebe03d99b39330ab4?s=96&d=mm&r=g\",\"contentUrl\":\"https:\/\/secure.gravatar.com\/avatar\/3ec324f02295bbcebe03d99b39330ab4?s=96&d=mm&r=g\",\"caption\":\"Morcire Camara\"},\"url\":\"https:\/\/guineediversite.com\/index.php\/author\/morcire\/\"}]}<\/script>\n<!-- \/ Yoast SEO plugin. -->","yoast_head_json":{"title":"COVID-19 : Moussa Y\u00e9ro journaliste \u00e0 Hadofo m\u00e9dias d\u00e9nonce les tard au CTE de Donka | Guin\u00e9e Diversit\u00e9","robots":{"index":"index","follow":"follow","max-snippet":"max-snippet:-1","max-image-preview":"max-image-preview:large","max-video-preview":"max-video-preview:-1"},"canonical":"https:\/\/guineediversite.com\/index.php\/2020\/04\/20\/covid-19-moussa-yero-journaliste-a-hadofo-medias-denonce-les-tard-aux-cte-de-donka\/","og_locale":"fr_FR","og_type":"article","og_title":"COVID-19 : Moussa Y\u00e9ro journaliste \u00e0 Hadofo m\u00e9dias d\u00e9nonce les tard au CTE de Donka | Guin\u00e9e Diversit\u00e9","og_description":"Moussa Yero Bah, chroniqueuse de l\u2019\u00e9mission les Grandes gueules, et patiente au Covid-19 hospitalis\u00e9s au CHU- Donka, raconte des mauvaises conditions dans lesquelles ils vivent leurs s\u00e9jours dans ce centre de traitement. Parmi les manquements, elle avait d\u00e9nonc\u00e9 auparavant le mauvais \u00e9tat des toilettes. Ces malades du coronavirus d\u00e9noncent \u00e9galement l\u2019insuffisance et le retard des [&hellip;]","og_url":"https:\/\/guineediversite.com\/index.php\/2020\/04\/20\/covid-19-moussa-yero-journaliste-a-hadofo-medias-denonce-les-tard-aux-cte-de-donka\/","og_site_name":"Guin\u00e9e Diversit\u00e9","article_publisher":"https:\/\/www.facebook.com\/guineediversite\/","article_published_time":"2020-04-20T14:28:29+00:00","article_modified_time":"2020-04-20T14:44:09+00:00","og_image":[{"width":1258,"height":2000,"url":"https:\/\/guineediversite.com\/wp-content\/uploads\/2020\/04\/YERO.jpg","type":"image\/jpeg"}],"author":"Morcire Camara","twitter_card":"summary_large_image","twitter_creator":"@GuineeDiversite","twitter_site":"@GuineeDiversite","twitter_misc":{"\u00c9crit par":"Morcire Camara","Dur\u00e9e de lecture estim\u00e9e":"2 minutes"},"schema":{"@context":"https:\/\/schema.org","@graph":[{"@type":"Article","@id":"https:\/\/guineediversite.com\/index.php\/2020\/04\/20\/covid-19-moussa-yero-journaliste-a-hadofo-medias-denonce-les-tard-aux-cte-de-donka\/#article","isPartOf":{"@id":"https:\/\/guineediversite.com\/index.php\/2020\/04\/20\/covid-19-moussa-yero-journaliste-a-hadofo-medias-denonce-les-tard-aux-cte-de-donka\/"},"author":{"name":"Morcire Camara","@id":"https:\/\/guineediversite.com\/#\/schema\/person\/fa362494c47202ce4b3adf55abcc9d01"},"headline":"COVID-19 : Moussa Y\u00e9ro journaliste \u00e0 Hadofo m\u00e9dias d\u00e9nonce les tard au CTE de Donka","datePublished":"2020-04-20T14:28:29+00:00","dateModified":"2020-04-20T14:44:09+00:00","mainEntityOfPage":{"@id":"https:\/\/guineediversite.com\/index.php\/2020\/04\/20\/covid-19-moussa-yero-journaliste-a-hadofo-medias-denonce-les-tard-aux-cte-de-donka\/"},"wordCount":371,"publisher":{"@id":"https:\/\/guineediversite.com\/#organization"},"image":{"@id":"https:\/\/guineediversite.com\/index.php\/2020\/04\/20\/covid-19-moussa-yero-journaliste-a-hadofo-medias-denonce-les-tard-aux-cte-de-donka\/#primaryimage"},"thumbnailUrl":"https:\/\/guineediversite.com\/wp-content\/uploads\/2020\/04\/YERO.jpg","articleSection":["Soci\u00e9t\u00e9"],"inLanguage":"fr-FR"},{"@type":"WebPage","@id":"https:\/\/guineediversite.com\/index.php\/2020\/04\/20\/covid-19-moussa-yero-journaliste-a-hadofo-medias-denonce-les-tard-aux-cte-de-donka\/","url":"https:\/\/guineediversite.com\/index.php\/2020\/04\/20\/covid-19-moussa-yero-journaliste-a-hadofo-medias-denonce-les-tard-aux-cte-de-donka\/","name":"COVID-19 : Moussa Y\u00e9ro journaliste \u00e0 Hadofo m\u00e9dias d\u00e9nonce les tard au CTE de Donka | Guin\u00e9e Diversit\u00e9","isPartOf":{"@id":"https:\/\/guineediversite.com\/#website"},"primaryImageOfPage":{"@id":"https:\/\/guineediversite.com\/index.php\/2020\/04\/20\/covid-19-moussa-yero-journaliste-a-hadofo-medias-denonce-les-tard-aux-cte-de-donka\/#primaryimage"},"image":{"@id":"https:\/\/guineediversite.com\/index.php\/2020\/04\/20\/covid-19-moussa-yero-journaliste-a-hadofo-medias-denonce-les-tard-aux-cte-de-donka\/#primaryimage"},"thumbnailUrl":"https:\/\/guineediversite.com\/wp-content\/uploads\/2020\/04\/YERO.jpg","datePublished":"2020-04-20T14:28:29+00:00","dateModified":"2020-04-20T14:44:09+00:00","breadcrumb":{"@id":"https:\/\/guineediversite.com\/index.php\/2020\/04\/20\/covid-19-moussa-yero-journaliste-a-hadofo-medias-denonce-les-tard-aux-cte-de-donka\/#breadcrumb"},"inLanguage":"fr-FR","potentialAction":[{"@type":"ReadAction","target":["https:\/\/guineediversite.com\/index.php\/2020\/04\/20\/covid-19-moussa-yero-journaliste-a-hadofo-medias-denonce-les-tard-aux-cte-de-donka\/"]}]},{"@type":"ImageObject","inLanguage":"fr-FR","@id":"https:\/\/guineediversite.com\/index.php\/2020\/04\/20\/covid-19-moussa-yero-journaliste-a-hadofo-medias-denonce-les-tard-aux-cte-de-donka\/#primaryimage","url":"https:\/\/guineediversite.com\/wp-content\/uploads\/2020\/04\/YERO.jpg","contentUrl":"https:\/\/guineediversite.com\/wp-content\/uploads\/2020\/04\/YERO.jpg","width":1258,"height":2000},{"@type":"BreadcrumbList","@id":"https:\/\/guineediversite.com\/index.php\/2020\/04\/20\/covid-19-moussa-yero-journaliste-a-hadofo-medias-denonce-les-tard-aux-cte-de-donka\/#breadcrumb","itemListElement":[{"@type":"ListItem","position":1,"name":"Accueil","item":"https:\/\/guineediversite.com\/"},{"@type":"ListItem","position":2,"name":"COVID-19 : Moussa Y\u00e9ro journaliste \u00e0 Hadofo m\u00e9dias d\u00e9nonce les tard au CTE de Donka"}]},{"@type":"WebSite","@id":"https:\/\/guineediversite.com\/#website","url":"https:\/\/guineediversite.com\/","name":"Guin\u00e9e Diversit\u00e9","description":"L&#039;Info dans toute sa diversit\u00e9","publisher":{"@id":"https:\/\/guineediversite.com\/#organization"},"potentialAction":[{"@type":"SearchAction","target":{"@type":"EntryPoint","urlTemplate":"https:\/\/guineediversite.com\/?s={search_term_string}"},"query-input":{"@type":"PropertyValueSpecification","valueRequired":true,"valueName":"search_term_string"}}],"inLanguage":"fr-FR"},{"@type":"Organization","@id":"https:\/\/guineediversite.com\/#organization","name":"Guin\u00e9e Diversit\u00e9","url":"https:\/\/guineediversite.com\/","logo":{"@type":"ImageObject","inLanguage":"fr-FR","@id":"https:\/\/guineediversite.com\/#\/schema\/logo\/image\/","url":"https:\/\/guineediversite.com\/wp-content\/uploads\/2017\/04\/cropped-1jojlxEOMkX9Wyqfhe43D6kjPOGqBBKmx3EwWJqZ0cMrFF54yM49.png","contentUrl":"https:\/\/guineediversite.com\/wp-content\/uploads\/2017\/04\/cropped-1jojlxEOMkX9Wyqfhe43D6kjPOGqBBKmx3EwWJqZ0cMrFF54yM49.png","width":186,"height":112,"caption":"Guin\u00e9e Diversit\u00e9"},"image":{"@id":"https:\/\/guineediversite.com\/#\/schema\/logo\/image\/"},"sameAs":["https:\/\/www.facebook.com\/guineediversite\/","https:\/\/x.com\/GuineeDiversite","https:\/\/www.youtube.com\/channel\/UC8sUY16qelG5ge6_D5SB83g"]},{"@type":"Person","@id":"https:\/\/guineediversite.com\/#\/schema\/person\/fa362494c47202ce4b3adf55abcc9d01","name":"Morcire Camara","image":{"@type":"ImageObject","inLanguage":"fr-FR","@id":"https:\/\/guineediversite.com\/#\/schema\/person\/image\/","url":"https:\/\/secure.gravatar.com\/avatar\/3ec324f02295bbcebe03d99b39330ab4?s=96&d=mm&r=g","contentUrl":"https:\/\/secure.gravatar.com\/avatar\/3ec324f02295bbcebe03d99b39330ab4?s=96&d=mm&r=g","caption":"Morcire Camara"},"url":"https:\/\/guineediversite.com\/index.php\/author\/morcire\/"}]}},"_links":{"self":[{"href":"https:\/\/guineediversite.com\/index.php\/wp-json\/wp\/v2\/posts\/28836"}],"collection":[{"href":"https:\/\/guineediversite.com\/index.php\/wp-json\/wp\/v2\/posts"}],"about":[{"href":"https:\/\/guineediversite.com\/index.php\/wp-json\/wp\/v2\/types\/post"}],"author":[{"embeddable":true,"href":"https:\/\/guineediversite.com\/index.php\/wp-json\/wp\/v2\/users\/10"}],"replies":[{"embeddable":true,"href":"https:\/\/guineediversite.com\/index.php\/wp-json\/wp\/v2\/comments?post=28836"}],"version-history":[{"count":2,"href":"https:\/\/guineediversite.com\/index.php\/wp-json\/wp\/v2\/posts\/28836\/revisions"}],"predecessor-version":[{"id":28842,"href":"https:\/\/guineediversite.com\/index.php\/wp-json\/wp\/v2\/posts\/28836\/revisions\/28842"}],"wp:featuredmedia":[{"embeddable":true,"href":"https:\/\/guineediversite.com\/index.php\/wp-json\/wp\/v2\/media\/28837"}],"wp:attachment":[{"href":"https:\/\/guineediversite.com\/index.php\/wp-json\/wp\/v2\/media?parent=28836"}],"wp:term":[{"taxonomy":"category","embeddable":true,"href":"https:\/\/guineediversite.com\/index.php\/wp-json\/wp\/v2\/categories?post=28836"},{"taxonomy":"post_tag","embeddable":true,"href":"https:\/\/guineediversite.com\/index.php\/wp-json\/wp\/v2\/tags?post=28836"}],"curies":[{"name":"wp","href":"https:\/\/api.w.org\/{rel}","templated":true}]}}