{"id":28803,"date":"2020-04-17T16:49:56","date_gmt":"2020-04-17T14:49:56","guid":{"rendered":"https:\/\/guineediversite.com\/?p=28803"},"modified":"2020-04-17T16:49:59","modified_gmt":"2020-04-17T14:49:59","slug":"urgent-maitre-salif-kebe-president-de-la-ceni-nest-plus","status":"publish","type":"post","link":"https:\/\/guineediversite.com\/index.php\/2020\/04\/17\/urgent-maitre-salif-kebe-president-de-la-ceni-nest-plus\/","title":{"rendered":"Urgent: Maitre Salif K\u00e9b\u00e9, pr\u00e9sident de la CENI n\u2019est plus !"},"content":{"rendered":"\n<p>Maitre Salifou K\u00e9b\u00e9 a rendu l\u2019\u00e2me ce vendredi 17 avril 2020 \u00e0 l\u2019h\u00f4pital Donka. Malade du Covid-19, il \u00e9tait en confinement \u00e0 son domicile o\u00f9 il recevait des traitements. <\/p>\n","protected":false},"excerpt":{"rendered":"<p>Maitre Salifou K\u00e9b\u00e9 a rendu l\u2019\u00e2me ce vendredi 17 avril 2020 \u00e0 l\u2019h\u00f4pital Donka. Malade du Covid-19, il \u00e9tait en confinement \u00e0 son domicile o\u00f9 il recevait des traitements.<\/p>\n","protected":false},"author":10,"featured_media":28804,"comment_status":"closed","ping_status":"closed","sticky":false,"template":"","format":"standard","meta":{"_exactmetrics_skip_tracking":false,"_exactmetrics_sitenote_active":false,"_exactmetrics_sitenote_note":"","_exactmetrics_sitenote_category":0,"tdm_status":"","tdm_grid_status":"","footnotes":""},"categories":[254,14],"tags":[],"class_list":{"0":"post-28803","1":"post","2":"type-post","3":"status-publish","4":"format-standard","5":"has-post-thumbnail","7":"category-derniere-minute","8":"category-politique"},"yoast_head":"<!-- This site is optimized with the Yoast SEO plugin v24.2 - https:\/\/yoast.com\/wordpress\/plugins\/seo\/ -->\n<title>Urgent: Maitre Salif K\u00e9b\u00e9, pr\u00e9sident de la CENI n\u2019est plus ! | Guin\u00e9e Diversit\u00e9<\/title>\n<meta name=\"robots\" content=\"index, follow, max-snippet:-1, max-image-preview:large, max-video-preview:-1\" \/>\n<link rel=\"canonical\" href=\"https:\/\/guineediversite.com\/index.php\/2020\/04\/17\/urgent-maitre-salif-kebe-president-de-la-ceni-nest-plus\/\" \/>\n<meta property=\"og:locale\" content=\"fr_FR\" \/>\n<meta property=\"og:type\" content=\"article\" \/>\n<meta property=\"og:title\" content=\"Urgent: Maitre Salif K\u00e9b\u00e9, pr\u00e9sident de la CENI n\u2019est plus ! | Guin\u00e9e Diversit\u00e9\" \/>\n<meta property=\"og:description\" content=\"Maitre Salifou K\u00e9b\u00e9 a rendu l\u2019\u00e2me ce vendredi 17 avril 2020 \u00e0 l\u2019h\u00f4pital Donka. Malade du Covid-19, il \u00e9tait en confinement \u00e0 son domicile o\u00f9 il recevait des traitements.\" \/>\n<meta property=\"og:url\" content=\"https:\/\/guineediversite.com\/index.php\/2020\/04\/17\/urgent-maitre-salif-kebe-president-de-la-ceni-nest-plus\/\" \/>\n<meta property=\"og:site_name\" content=\"Guin\u00e9e Diversit\u00e9\" \/>\n<meta property=\"article:publisher\" content=\"https:\/\/www.facebook.com\/guineediversite\/\" \/>\n<meta property=\"article:published_time\" content=\"2020-04-17T14:49:56+00:00\" \/>\n<meta property=\"article:modified_time\" content=\"2020-04-17T14:49:59+00:00\" \/>\n<meta property=\"og:image\" content=\"https:\/\/guineediversite.com\/wp-content\/uploads\/2020\/04\/kebe.jpg\" \/>\n\t<meta property=\"og:image:width\" content=\"1500\" \/>\n\t<meta property=\"og:image:height\" content=\"840\" \/>\n\t<meta property=\"og:image:type\" content=\"image\/jpeg\" \/>\n<meta name=\"author\" content=\"Morcire Camara\" \/>\n<meta name=\"twitter:card\" content=\"summary_large_image\" \/>\n<meta name=\"twitter:creator\" content=\"@GuineeDiversite\" \/>\n<meta name=\"twitter:site\" content=\"@GuineeDiversite\" \/>\n<meta name=\"twitter:label1\" content=\"\u00c9crit par\" \/>\n\t<meta name=\"twitter:data1\" content=\"Morcire Camara\" \/>\n<script type=\"application\/ld+json\" class=\"yoast-schema-graph\">{\"@context\":\"https:\/\/schema.org\",\"@graph\":[{\"@type\":\"Article\",\"@id\":\"https:\/\/guineediversite.com\/index.php\/2020\/04\/17\/urgent-maitre-salif-kebe-president-de-la-ceni-nest-plus\/#article\",\"isPartOf\":{\"@id\":\"https:\/\/guineediversite.com\/index.php\/2020\/04\/17\/urgent-maitre-salif-kebe-president-de-la-ceni-nest-plus\/\"},\"author\":{\"name\":\"Morcire Camara\",\"@id\":\"https:\/\/guineediversite.com\/#\/schema\/person\/fa362494c47202ce4b3adf55abcc9d01\"},\"headline\":\"Urgent: Maitre Salif K\u00e9b\u00e9, pr\u00e9sident de la CENI n\u2019est plus !\",\"datePublished\":\"2020-04-17T14:49:56+00:00\",\"dateModified\":\"2020-04-17T14:49:59+00:00\",\"mainEntityOfPage\":{\"@id\":\"https:\/\/guineediversite.com\/index.php\/2020\/04\/17\/urgent-maitre-salif-kebe-president-de-la-ceni-nest-plus\/\"},\"wordCount\":42,\"publisher\":{\"@id\":\"https:\/\/guineediversite.com\/#organization\"},\"image\":{\"@id\":\"https:\/\/guineediversite.com\/index.php\/2020\/04\/17\/urgent-maitre-salif-kebe-president-de-la-ceni-nest-plus\/#primaryimage\"},\"thumbnailUrl\":\"https:\/\/guineediversite.com\/wp-content\/uploads\/2020\/04\/kebe.jpg\",\"articleSection\":[\"Derni\u00e8re minute\",\"Politique\"],\"inLanguage\":\"fr-FR\"},{\"@type\":\"WebPage\",\"@id\":\"https:\/\/guineediversite.com\/index.php\/2020\/04\/17\/urgent-maitre-salif-kebe-president-de-la-ceni-nest-plus\/\",\"url\":\"https:\/\/guineediversite.com\/index.php\/2020\/04\/17\/urgent-maitre-salif-kebe-president-de-la-ceni-nest-plus\/\",\"name\":\"Urgent: Maitre Salif K\u00e9b\u00e9, pr\u00e9sident de la CENI n\u2019est plus ! | Guin\u00e9e Diversit\u00e9\",\"isPartOf\":{\"@id\":\"https:\/\/guineediversite.com\/#website\"},\"primaryImageOfPage\":{\"@id\":\"https:\/\/guineediversite.com\/index.php\/2020\/04\/17\/urgent-maitre-salif-kebe-president-de-la-ceni-nest-plus\/#primaryimage\"},\"image\":{\"@id\":\"https:\/\/guineediversite.com\/index.php\/2020\/04\/17\/urgent-maitre-salif-kebe-president-de-la-ceni-nest-plus\/#primaryimage\"},\"thumbnailUrl\":\"https:\/\/guineediversite.com\/wp-content\/uploads\/2020\/04\/kebe.jpg\",\"datePublished\":\"2020-04-17T14:49:56+00:00\",\"dateModified\":\"2020-04-17T14:49:59+00:00\",\"breadcrumb\":{\"@id\":\"https:\/\/guineediversite.com\/index.php\/2020\/04\/17\/urgent-maitre-salif-kebe-president-de-la-ceni-nest-plus\/#breadcrumb\"},\"inLanguage\":\"fr-FR\",\"potentialAction\":[{\"@type\":\"ReadAction\",\"target\":[\"https:\/\/guineediversite.com\/index.php\/2020\/04\/17\/urgent-maitre-salif-kebe-president-de-la-ceni-nest-plus\/\"]}]},{\"@type\":\"ImageObject\",\"inLanguage\":\"fr-FR\",\"@id\":\"https:\/\/guineediversite.com\/index.php\/2020\/04\/17\/urgent-maitre-salif-kebe-president-de-la-ceni-nest-plus\/#primaryimage\",\"url\":\"https:\/\/guineediversite.com\/wp-content\/uploads\/2020\/04\/kebe.jpg\",\"contentUrl\":\"https:\/\/guineediversite.com\/wp-content\/uploads\/2020\/04\/kebe.jpg\",\"width\":1500,\"height\":840},{\"@type\":\"BreadcrumbList\",\"@id\":\"https:\/\/guineediversite.com\/index.php\/2020\/04\/17\/urgent-maitre-salif-kebe-president-de-la-ceni-nest-plus\/#breadcrumb\",\"itemListElement\":[{\"@type\":\"ListItem\",\"position\":1,\"name\":\"Accueil\",\"item\":\"https:\/\/guineediversite.com\/\"},{\"@type\":\"ListItem\",\"position\":2,\"name\":\"Urgent: Maitre Salif K\u00e9b\u00e9, pr\u00e9sident de la CENI n\u2019est plus !\"}]},{\"@type\":\"WebSite\",\"@id\":\"https:\/\/guineediversite.com\/#website\",\"url\":\"https:\/\/guineediversite.com\/\",\"name\":\"Guin\u00e9e Diversit\u00e9\",\"description\":\"L&#039;Info dans toute sa diversit\u00e9\",\"publisher\":{\"@id\":\"https:\/\/guineediversite.com\/#organization\"},\"potentialAction\":[{\"@type\":\"SearchAction\",\"target\":{\"@type\":\"EntryPoint\",\"urlTemplate\":\"https:\/\/guineediversite.com\/?s={search_term_string}\"},\"query-input\":{\"@type\":\"PropertyValueSpecification\",\"valueRequired\":true,\"valueName\":\"search_term_string\"}}],\"inLanguage\":\"fr-FR\"},{\"@type\":\"Organization\",\"@id\":\"https:\/\/guineediversite.com\/#organization\",\"name\":\"Guin\u00e9e Diversit\u00e9\",\"url\":\"https:\/\/guineediversite.com\/\",\"logo\":{\"@type\":\"ImageObject\",\"inLanguage\":\"fr-FR\",\"@id\":\"https:\/\/guineediversite.com\/#\/schema\/logo\/image\/\",\"url\":\"https:\/\/guineediversite.com\/wp-content\/uploads\/2017\/04\/cropped-1jojlxEOMkX9Wyqfhe43D6kjPOGqBBKmx3EwWJqZ0cMrFF54yM49.png\",\"contentUrl\":\"https:\/\/guineediversite.com\/wp-content\/uploads\/2017\/04\/cropped-1jojlxEOMkX9Wyqfhe43D6kjPOGqBBKmx3EwWJqZ0cMrFF54yM49.png\",\"width\":186,\"height\":112,\"caption\":\"Guin\u00e9e Diversit\u00e9\"},\"image\":{\"@id\":\"https:\/\/guineediversite.com\/#\/schema\/logo\/image\/\"},\"sameAs\":[\"https:\/\/www.facebook.com\/guineediversite\/\",\"https:\/\/x.com\/GuineeDiversite\",\"https:\/\/www.youtube.com\/channel\/UC8sUY16qelG5ge6_D5SB83g\"]},{\"@type\":\"Person\",\"@id\":\"https:\/\/guineediversite.com\/#\/schema\/person\/fa362494c47202ce4b3adf55abcc9d01\",\"name\":\"Morcire Camara\",\"image\":{\"@type\":\"ImageObject\",\"inLanguage\":\"fr-FR\",\"@id\":\"https:\/\/guineediversite.com\/#\/schema\/person\/image\/\",\"url\":\"https:\/\/secure.gravatar.com\/avatar\/3ec324f02295bbcebe03d99b39330ab4?s=96&d=mm&r=g\",\"contentUrl\":\"https:\/\/secure.gravatar.com\/avatar\/3ec324f02295bbcebe03d99b39330ab4?s=96&d=mm&r=g\",\"caption\":\"Morcire Camara\"},\"url\":\"https:\/\/guineediversite.com\/index.php\/author\/morcire\/\"}]}<\/script>\n<!-- \/ Yoast SEO plugin. -->","yoast_head_json":{"title":"Urgent: Maitre Salif K\u00e9b\u00e9, pr\u00e9sident de la CENI n\u2019est plus ! | Guin\u00e9e Diversit\u00e9","robots":{"index":"index","follow":"follow","max-snippet":"max-snippet:-1","max-image-preview":"max-image-preview:large","max-video-preview":"max-video-preview:-1"},"canonical":"https:\/\/guineediversite.com\/index.php\/2020\/04\/17\/urgent-maitre-salif-kebe-president-de-la-ceni-nest-plus\/","og_locale":"fr_FR","og_type":"article","og_title":"Urgent: Maitre Salif K\u00e9b\u00e9, pr\u00e9sident de la CENI n\u2019est plus ! | Guin\u00e9e Diversit\u00e9","og_description":"Maitre Salifou K\u00e9b\u00e9 a rendu l\u2019\u00e2me ce vendredi 17 avril 2020 \u00e0 l\u2019h\u00f4pital Donka. Malade du Covid-19, il \u00e9tait en confinement \u00e0 son domicile o\u00f9 il recevait des traitements.","og_url":"https:\/\/guineediversite.com\/index.php\/2020\/04\/17\/urgent-maitre-salif-kebe-president-de-la-ceni-nest-plus\/","og_site_name":"Guin\u00e9e Diversit\u00e9","article_publisher":"https:\/\/www.facebook.com\/guineediversite\/","article_published_time":"2020-04-17T14:49:56+00:00","article_modified_time":"2020-04-17T14:49:59+00:00","og_image":[{"width":1500,"height":840,"url":"https:\/\/guineediversite.com\/wp-content\/uploads\/2020\/04\/kebe.jpg","type":"image\/jpeg"}],"author":"Morcire Camara","twitter_card":"summary_large_image","twitter_creator":"@GuineeDiversite","twitter_site":"@GuineeDiversite","twitter_misc":{"\u00c9crit par":"Morcire Camara"},"schema":{"@context":"https:\/\/schema.org","@graph":[{"@type":"Article","@id":"https:\/\/guineediversite.com\/index.php\/2020\/04\/17\/urgent-maitre-salif-kebe-president-de-la-ceni-nest-plus\/#article","isPartOf":{"@id":"https:\/\/guineediversite.com\/index.php\/2020\/04\/17\/urgent-maitre-salif-kebe-president-de-la-ceni-nest-plus\/"},"author":{"name":"Morcire Camara","@id":"https:\/\/guineediversite.com\/#\/schema\/person\/fa362494c47202ce4b3adf55abcc9d01"},"headline":"Urgent: Maitre Salif K\u00e9b\u00e9, pr\u00e9sident de la CENI n\u2019est plus !","datePublished":"2020-04-17T14:49:56+00:00","dateModified":"2020-04-17T14:49:59+00:00","mainEntityOfPage":{"@id":"https:\/\/guineediversite.com\/index.php\/2020\/04\/17\/urgent-maitre-salif-kebe-president-de-la-ceni-nest-plus\/"},"wordCount":42,"publisher":{"@id":"https:\/\/guineediversite.com\/#organization"},"image":{"@id":"https:\/\/guineediversite.com\/index.php\/2020\/04\/17\/urgent-maitre-salif-kebe-president-de-la-ceni-nest-plus\/#primaryimage"},"thumbnailUrl":"https:\/\/guineediversite.com\/wp-content\/uploads\/2020\/04\/kebe.jpg","articleSection":["Derni\u00e8re minute","Politique"],"inLanguage":"fr-FR"},{"@type":"WebPage","@id":"https:\/\/guineediversite.com\/index.php\/2020\/04\/17\/urgent-maitre-salif-kebe-president-de-la-ceni-nest-plus\/","url":"https:\/\/guineediversite.com\/index.php\/2020\/04\/17\/urgent-maitre-salif-kebe-president-de-la-ceni-nest-plus\/","name":"Urgent: Maitre Salif K\u00e9b\u00e9, pr\u00e9sident de la CENI n\u2019est plus ! | Guin\u00e9e Diversit\u00e9","isPartOf":{"@id":"https:\/\/guineediversite.com\/#website"},"primaryImageOfPage":{"@id":"https:\/\/guineediversite.com\/index.php\/2020\/04\/17\/urgent-maitre-salif-kebe-president-de-la-ceni-nest-plus\/#primaryimage"},"image":{"@id":"https:\/\/guineediversite.com\/index.php\/2020\/04\/17\/urgent-maitre-salif-kebe-president-de-la-ceni-nest-plus\/#primaryimage"},"thumbnailUrl":"https:\/\/guineediversite.com\/wp-content\/uploads\/2020\/04\/kebe.jpg","datePublished":"2020-04-17T14:49:56+00:00","dateModified":"2020-04-17T14:49:59+00:00","breadcrumb":{"@id":"https:\/\/guineediversite.com\/index.php\/2020\/04\/17\/urgent-maitre-salif-kebe-president-de-la-ceni-nest-plus\/#breadcrumb"},"inLanguage":"fr-FR","potentialAction":[{"@type":"ReadAction","target":["https:\/\/guineediversite.com\/index.php\/2020\/04\/17\/urgent-maitre-salif-kebe-president-de-la-ceni-nest-plus\/"]}]},{"@type":"ImageObject","inLanguage":"fr-FR","@id":"https:\/\/guineediversite.com\/index.php\/2020\/04\/17\/urgent-maitre-salif-kebe-president-de-la-ceni-nest-plus\/#primaryimage","url":"https:\/\/guineediversite.com\/wp-content\/uploads\/2020\/04\/kebe.jpg","contentUrl":"https:\/\/guineediversite.com\/wp-content\/uploads\/2020\/04\/kebe.jpg","width":1500,"height":840},{"@type":"BreadcrumbList","@id":"https:\/\/guineediversite.com\/index.php\/2020\/04\/17\/urgent-maitre-salif-kebe-president-de-la-ceni-nest-plus\/#breadcrumb","itemListElement":[{"@type":"ListItem","position":1,"name":"Accueil","item":"https:\/\/guineediversite.com\/"},{"@type":"ListItem","position":2,"name":"Urgent: Maitre Salif K\u00e9b\u00e9, pr\u00e9sident de la CENI n\u2019est plus !"}]},{"@type":"WebSite","@id":"https:\/\/guineediversite.com\/#website","url":"https:\/\/guineediversite.com\/","name":"Guin\u00e9e Diversit\u00e9","description":"L&#039;Info dans toute sa diversit\u00e9","publisher":{"@id":"https:\/\/guineediversite.com\/#organization"},"potentialAction":[{"@type":"SearchAction","target":{"@type":"EntryPoint","urlTemplate":"https:\/\/guineediversite.com\/?s={search_term_string}"},"query-input":{"@type":"PropertyValueSpecification","valueRequired":true,"valueName":"search_term_string"}}],"inLanguage":"fr-FR"},{"@type":"Organization","@id":"https:\/\/guineediversite.com\/#organization","name":"Guin\u00e9e Diversit\u00e9","url":"https:\/\/guineediversite.com\/","logo":{"@type":"ImageObject","inLanguage":"fr-FR","@id":"https:\/\/guineediversite.com\/#\/schema\/logo\/image\/","url":"https:\/\/guineediversite.com\/wp-content\/uploads\/2017\/04\/cropped-1jojlxEOMkX9Wyqfhe43D6kjPOGqBBKmx3EwWJqZ0cMrFF54yM49.png","contentUrl":"https:\/\/guineediversite.com\/wp-content\/uploads\/2017\/04\/cropped-1jojlxEOMkX9Wyqfhe43D6kjPOGqBBKmx3EwWJqZ0cMrFF54yM49.png","width":186,"height":112,"caption":"Guin\u00e9e Diversit\u00e9"},"image":{"@id":"https:\/\/guineediversite.com\/#\/schema\/logo\/image\/"},"sameAs":["https:\/\/www.facebook.com\/guineediversite\/","https:\/\/x.com\/GuineeDiversite","https:\/\/www.youtube.com\/channel\/UC8sUY16qelG5ge6_D5SB83g"]},{"@type":"Person","@id":"https:\/\/guineediversite.com\/#\/schema\/person\/fa362494c47202ce4b3adf55abcc9d01","name":"Morcire Camara","image":{"@type":"ImageObject","inLanguage":"fr-FR","@id":"https:\/\/guineediversite.com\/#\/schema\/person\/image\/","url":"https:\/\/secure.gravatar.com\/avatar\/3ec324f02295bbcebe03d99b39330ab4?s=96&d=mm&r=g","contentUrl":"https:\/\/secure.gravatar.com\/avatar\/3ec324f02295bbcebe03d99b39330ab4?s=96&d=mm&r=g","caption":"Morcire Camara"},"url":"https:\/\/guineediversite.com\/index.php\/author\/morcire\/"}]}},"_links":{"self":[{"href":"https:\/\/guineediversite.com\/index.php\/wp-json\/wp\/v2\/posts\/28803"}],"collection":[{"href":"https:\/\/guineediversite.com\/index.php\/wp-json\/wp\/v2\/posts"}],"about":[{"href":"https:\/\/guineediversite.com\/index.php\/wp-json\/wp\/v2\/types\/post"}],"author":[{"embeddable":true,"href":"https:\/\/guineediversite.com\/index.php\/wp-json\/wp\/v2\/users\/10"}],"replies":[{"embeddable":true,"href":"https:\/\/guineediversite.com\/index.php\/wp-json\/wp\/v2\/comments?post=28803"}],"version-history":[{"count":1,"href":"https:\/\/guineediversite.com\/index.php\/wp-json\/wp\/v2\/posts\/28803\/revisions"}],"predecessor-version":[{"id":28805,"href":"https:\/\/guineediversite.com\/index.php\/wp-json\/wp\/v2\/posts\/28803\/revisions\/28805"}],"wp:featuredmedia":[{"embeddable":true,"href":"https:\/\/guineediversite.com\/index.php\/wp-json\/wp\/v2\/media\/28804"}],"wp:attachment":[{"href":"https:\/\/guineediversite.com\/index.php\/wp-json\/wp\/v2\/media?parent=28803"}],"wp:term":[{"taxonomy":"category","embeddable":true,"href":"https:\/\/guineediversite.com\/index.php\/wp-json\/wp\/v2\/categories?post=28803"},{"taxonomy":"post_tag","embeddable":true,"href":"https:\/\/guineediversite.com\/index.php\/wp-json\/wp\/v2\/tags?post=28803"}],"curies":[{"name":"wp","href":"https:\/\/api.w.org\/{rel}","templated":true}]}}