{"id":28800,"date":"2020-04-17T10:50:00","date_gmt":"2020-04-17T08:50:00","guid":{"rendered":"https:\/\/guineediversite.com\/?p=28800"},"modified":"2020-04-17T10:50:02","modified_gmt":"2020-04-17T08:50:02","slug":"guinee-decret-le-president-conde-convoque-lassemblee-nationale","status":"publish","type":"post","link":"https:\/\/guineediversite.com\/index.php\/2020\/04\/17\/guinee-decret-le-president-conde-convoque-lassemblee-nationale\/","title":{"rendered":"Guin\u00e9e \/d\u00e9cret : Le pr\u00e9sident Cond\u00e9 convoque l\u2019assembl\u00e9e nationale"},"content":{"rendered":"\n<p><strong>C\u2019est dans un d\u00e9cret lu ce jeudi 16 avril 2020 sur les ondes de la t\u00e9l\u00e9vision nationale, que le pr\u00e9sident de la r\u00e9publique, professeur Alpha Cond\u00e9 a convoqu\u00e9 l\u2019assembl\u00e9e nationale en sa premi\u00e8re session inaugurale.<\/strong><\/p>\n\n\n\n<p>Une assembl\u00e9e hautement critiqu\u00e9e par bon nombre d\u2019observateurs. Cette assembl\u00e9e fera son entr\u00e9e ce mardi 21 avril 2020 \u00e0 10 heures dans la salle des congr\u00e8s du palais du peuple. La session est consacr\u00e9e exclusivement \u00e0 l\u2019\u00e9lection du bureau de l\u2019assembl\u00e9e nationale.<\/p>\n\n\n\n<p>Les d\u00e9put\u00e9s seront \u2013il cr\u00e9dibles au regard du peuple, vu les conditions dans les quelles ces \u00e9lections se sont d\u00e9roul\u00e9s dans le pays ? Une Assembl\u00e9e Nationale dont la quasi-totalit\u00e9 des si\u00e8ges est occup\u00e9e par la mouvance pr\u00e9sidentielle, avec une absence totale des grands partis de l\u2019opposition.<\/p>\n","protected":false},"excerpt":{"rendered":"<p>C\u2019est dans un d\u00e9cret lu ce jeudi 16 avril 2020 sur les ondes de la t\u00e9l\u00e9vision nationale, que le pr\u00e9sident de la r\u00e9publique, professeur Alpha Cond\u00e9 a convoqu\u00e9 l\u2019assembl\u00e9e nationale en sa premi\u00e8re session inaugurale. Une assembl\u00e9e hautement critiqu\u00e9e par bon nombre d\u2019observateurs. Cette assembl\u00e9e fera son entr\u00e9e ce mardi 21 avril 2020 \u00e0 10 [&hellip;]<\/p>\n","protected":false},"author":10,"featured_media":28801,"comment_status":"closed","ping_status":"closed","sticky":false,"template":"","format":"standard","meta":{"_exactmetrics_skip_tracking":false,"_exactmetrics_sitenote_active":false,"_exactmetrics_sitenote_note":"","_exactmetrics_sitenote_category":0,"tdm_status":"","tdm_grid_status":"","footnotes":""},"categories":[14],"tags":[],"class_list":{"0":"post-28800","1":"post","2":"type-post","3":"status-publish","4":"format-standard","5":"has-post-thumbnail","7":"category-politique"},"yoast_head":"<!-- This site is optimized with the Yoast SEO plugin v24.2 - https:\/\/yoast.com\/wordpress\/plugins\/seo\/ -->\n<title>Guin\u00e9e \/d\u00e9cret : Le pr\u00e9sident Cond\u00e9 convoque l\u2019assembl\u00e9e nationale | Guin\u00e9e Diversit\u00e9<\/title>\n<meta name=\"robots\" content=\"index, follow, max-snippet:-1, max-image-preview:large, max-video-preview:-1\" \/>\n<link rel=\"canonical\" href=\"https:\/\/guineediversite.com\/index.php\/2020\/04\/17\/guinee-decret-le-president-conde-convoque-lassemblee-nationale\/\" \/>\n<meta property=\"og:locale\" content=\"fr_FR\" \/>\n<meta property=\"og:type\" content=\"article\" \/>\n<meta property=\"og:title\" content=\"Guin\u00e9e \/d\u00e9cret : Le pr\u00e9sident Cond\u00e9 convoque l\u2019assembl\u00e9e nationale | Guin\u00e9e Diversit\u00e9\" \/>\n<meta property=\"og:description\" content=\"C\u2019est dans un d\u00e9cret lu ce jeudi 16 avril 2020 sur les ondes de la t\u00e9l\u00e9vision nationale, que le pr\u00e9sident de la r\u00e9publique, professeur Alpha Cond\u00e9 a convoqu\u00e9 l\u2019assembl\u00e9e nationale en sa premi\u00e8re session inaugurale. Une assembl\u00e9e hautement critiqu\u00e9e par bon nombre d\u2019observateurs. Cette assembl\u00e9e fera son entr\u00e9e ce mardi 21 avril 2020 \u00e0 10 [&hellip;]\" \/>\n<meta property=\"og:url\" content=\"https:\/\/guineediversite.com\/index.php\/2020\/04\/17\/guinee-decret-le-president-conde-convoque-lassemblee-nationale\/\" \/>\n<meta property=\"og:site_name\" content=\"Guin\u00e9e Diversit\u00e9\" \/>\n<meta property=\"article:publisher\" content=\"https:\/\/www.facebook.com\/guineediversite\/\" \/>\n<meta property=\"article:published_time\" content=\"2020-04-17T08:50:00+00:00\" \/>\n<meta property=\"article:modified_time\" content=\"2020-04-17T08:50:02+00:00\" \/>\n<meta property=\"og:image\" content=\"https:\/\/guineediversite.com\/wp-content\/uploads\/2020\/04\/conde.jpg\" \/>\n\t<meta property=\"og:image:width\" content=\"2000\" \/>\n\t<meta property=\"og:image:height\" content=\"1125\" \/>\n\t<meta property=\"og:image:type\" content=\"image\/jpeg\" \/>\n<meta name=\"author\" content=\"Morcire Camara\" \/>\n<meta name=\"twitter:card\" content=\"summary_large_image\" \/>\n<meta name=\"twitter:creator\" content=\"@GuineeDiversite\" \/>\n<meta name=\"twitter:site\" content=\"@GuineeDiversite\" \/>\n<meta name=\"twitter:label1\" content=\"\u00c9crit par\" \/>\n\t<meta name=\"twitter:data1\" content=\"Morcire Camara\" \/>\n\t<meta name=\"twitter:label2\" content=\"Dur\u00e9e de lecture estim\u00e9e\" \/>\n\t<meta name=\"twitter:data2\" content=\"1 minute\" \/>\n<script type=\"application\/ld+json\" class=\"yoast-schema-graph\">{\"@context\":\"https:\/\/schema.org\",\"@graph\":[{\"@type\":\"Article\",\"@id\":\"https:\/\/guineediversite.com\/index.php\/2020\/04\/17\/guinee-decret-le-president-conde-convoque-lassemblee-nationale\/#article\",\"isPartOf\":{\"@id\":\"https:\/\/guineediversite.com\/index.php\/2020\/04\/17\/guinee-decret-le-president-conde-convoque-lassemblee-nationale\/\"},\"author\":{\"name\":\"Morcire Camara\",\"@id\":\"https:\/\/guineediversite.com\/#\/schema\/person\/fa362494c47202ce4b3adf55abcc9d01\"},\"headline\":\"Guin\u00e9e \/d\u00e9cret : Le pr\u00e9sident Cond\u00e9 convoque l\u2019assembl\u00e9e nationale\",\"datePublished\":\"2020-04-17T08:50:00+00:00\",\"dateModified\":\"2020-04-17T08:50:02+00:00\",\"mainEntityOfPage\":{\"@id\":\"https:\/\/guineediversite.com\/index.php\/2020\/04\/17\/guinee-decret-le-president-conde-convoque-lassemblee-nationale\/\"},\"wordCount\":158,\"publisher\":{\"@id\":\"https:\/\/guineediversite.com\/#organization\"},\"image\":{\"@id\":\"https:\/\/guineediversite.com\/index.php\/2020\/04\/17\/guinee-decret-le-president-conde-convoque-lassemblee-nationale\/#primaryimage\"},\"thumbnailUrl\":\"https:\/\/guineediversite.com\/wp-content\/uploads\/2020\/04\/conde.jpg\",\"articleSection\":[\"Politique\"],\"inLanguage\":\"fr-FR\"},{\"@type\":\"WebPage\",\"@id\":\"https:\/\/guineediversite.com\/index.php\/2020\/04\/17\/guinee-decret-le-president-conde-convoque-lassemblee-nationale\/\",\"url\":\"https:\/\/guineediversite.com\/index.php\/2020\/04\/17\/guinee-decret-le-president-conde-convoque-lassemblee-nationale\/\",\"name\":\"Guin\u00e9e \/d\u00e9cret : Le pr\u00e9sident Cond\u00e9 convoque l\u2019assembl\u00e9e nationale | Guin\u00e9e Diversit\u00e9\",\"isPartOf\":{\"@id\":\"https:\/\/guineediversite.com\/#website\"},\"primaryImageOfPage\":{\"@id\":\"https:\/\/guineediversite.com\/index.php\/2020\/04\/17\/guinee-decret-le-president-conde-convoque-lassemblee-nationale\/#primaryimage\"},\"image\":{\"@id\":\"https:\/\/guineediversite.com\/index.php\/2020\/04\/17\/guinee-decret-le-president-conde-convoque-lassemblee-nationale\/#primaryimage\"},\"thumbnailUrl\":\"https:\/\/guineediversite.com\/wp-content\/uploads\/2020\/04\/conde.jpg\",\"datePublished\":\"2020-04-17T08:50:00+00:00\",\"dateModified\":\"2020-04-17T08:50:02+00:00\",\"breadcrumb\":{\"@id\":\"https:\/\/guineediversite.com\/index.php\/2020\/04\/17\/guinee-decret-le-president-conde-convoque-lassemblee-nationale\/#breadcrumb\"},\"inLanguage\":\"fr-FR\",\"potentialAction\":[{\"@type\":\"ReadAction\",\"target\":[\"https:\/\/guineediversite.com\/index.php\/2020\/04\/17\/guinee-decret-le-president-conde-convoque-lassemblee-nationale\/\"]}]},{\"@type\":\"ImageObject\",\"inLanguage\":\"fr-FR\",\"@id\":\"https:\/\/guineediversite.com\/index.php\/2020\/04\/17\/guinee-decret-le-president-conde-convoque-lassemblee-nationale\/#primaryimage\",\"url\":\"https:\/\/guineediversite.com\/wp-content\/uploads\/2020\/04\/conde.jpg\",\"contentUrl\":\"https:\/\/guineediversite.com\/wp-content\/uploads\/2020\/04\/conde.jpg\",\"width\":2000,\"height\":1125},{\"@type\":\"BreadcrumbList\",\"@id\":\"https:\/\/guineediversite.com\/index.php\/2020\/04\/17\/guinee-decret-le-president-conde-convoque-lassemblee-nationale\/#breadcrumb\",\"itemListElement\":[{\"@type\":\"ListItem\",\"position\":1,\"name\":\"Accueil\",\"item\":\"https:\/\/guineediversite.com\/\"},{\"@type\":\"ListItem\",\"position\":2,\"name\":\"Guin\u00e9e \/d\u00e9cret : Le pr\u00e9sident Cond\u00e9 convoque l\u2019assembl\u00e9e nationale\"}]},{\"@type\":\"WebSite\",\"@id\":\"https:\/\/guineediversite.com\/#website\",\"url\":\"https:\/\/guineediversite.com\/\",\"name\":\"Guin\u00e9e Diversit\u00e9\",\"description\":\"L&#039;Info dans toute sa diversit\u00e9\",\"publisher\":{\"@id\":\"https:\/\/guineediversite.com\/#organization\"},\"potentialAction\":[{\"@type\":\"SearchAction\",\"target\":{\"@type\":\"EntryPoint\",\"urlTemplate\":\"https:\/\/guineediversite.com\/?s={search_term_string}\"},\"query-input\":{\"@type\":\"PropertyValueSpecification\",\"valueRequired\":true,\"valueName\":\"search_term_string\"}}],\"inLanguage\":\"fr-FR\"},{\"@type\":\"Organization\",\"@id\":\"https:\/\/guineediversite.com\/#organization\",\"name\":\"Guin\u00e9e Diversit\u00e9\",\"url\":\"https:\/\/guineediversite.com\/\",\"logo\":{\"@type\":\"ImageObject\",\"inLanguage\":\"fr-FR\",\"@id\":\"https:\/\/guineediversite.com\/#\/schema\/logo\/image\/\",\"url\":\"https:\/\/guineediversite.com\/wp-content\/uploads\/2017\/04\/cropped-1jojlxEOMkX9Wyqfhe43D6kjPOGqBBKmx3EwWJqZ0cMrFF54yM49.png\",\"contentUrl\":\"https:\/\/guineediversite.com\/wp-content\/uploads\/2017\/04\/cropped-1jojlxEOMkX9Wyqfhe43D6kjPOGqBBKmx3EwWJqZ0cMrFF54yM49.png\",\"width\":186,\"height\":112,\"caption\":\"Guin\u00e9e Diversit\u00e9\"},\"image\":{\"@id\":\"https:\/\/guineediversite.com\/#\/schema\/logo\/image\/\"},\"sameAs\":[\"https:\/\/www.facebook.com\/guineediversite\/\",\"https:\/\/x.com\/GuineeDiversite\",\"https:\/\/www.youtube.com\/channel\/UC8sUY16qelG5ge6_D5SB83g\"]},{\"@type\":\"Person\",\"@id\":\"https:\/\/guineediversite.com\/#\/schema\/person\/fa362494c47202ce4b3adf55abcc9d01\",\"name\":\"Morcire Camara\",\"image\":{\"@type\":\"ImageObject\",\"inLanguage\":\"fr-FR\",\"@id\":\"https:\/\/guineediversite.com\/#\/schema\/person\/image\/\",\"url\":\"https:\/\/secure.gravatar.com\/avatar\/3ec324f02295bbcebe03d99b39330ab4?s=96&d=mm&r=g\",\"contentUrl\":\"https:\/\/secure.gravatar.com\/avatar\/3ec324f02295bbcebe03d99b39330ab4?s=96&d=mm&r=g\",\"caption\":\"Morcire Camara\"},\"url\":\"https:\/\/guineediversite.com\/index.php\/author\/morcire\/\"}]}<\/script>\n<!-- \/ Yoast SEO plugin. -->","yoast_head_json":{"title":"Guin\u00e9e \/d\u00e9cret : Le pr\u00e9sident Cond\u00e9 convoque l\u2019assembl\u00e9e nationale | Guin\u00e9e Diversit\u00e9","robots":{"index":"index","follow":"follow","max-snippet":"max-snippet:-1","max-image-preview":"max-image-preview:large","max-video-preview":"max-video-preview:-1"},"canonical":"https:\/\/guineediversite.com\/index.php\/2020\/04\/17\/guinee-decret-le-president-conde-convoque-lassemblee-nationale\/","og_locale":"fr_FR","og_type":"article","og_title":"Guin\u00e9e \/d\u00e9cret : Le pr\u00e9sident Cond\u00e9 convoque l\u2019assembl\u00e9e nationale | Guin\u00e9e Diversit\u00e9","og_description":"C\u2019est dans un d\u00e9cret lu ce jeudi 16 avril 2020 sur les ondes de la t\u00e9l\u00e9vision nationale, que le pr\u00e9sident de la r\u00e9publique, professeur Alpha Cond\u00e9 a convoqu\u00e9 l\u2019assembl\u00e9e nationale en sa premi\u00e8re session inaugurale. Une assembl\u00e9e hautement critiqu\u00e9e par bon nombre d\u2019observateurs. Cette assembl\u00e9e fera son entr\u00e9e ce mardi 21 avril 2020 \u00e0 10 [&hellip;]","og_url":"https:\/\/guineediversite.com\/index.php\/2020\/04\/17\/guinee-decret-le-president-conde-convoque-lassemblee-nationale\/","og_site_name":"Guin\u00e9e Diversit\u00e9","article_publisher":"https:\/\/www.facebook.com\/guineediversite\/","article_published_time":"2020-04-17T08:50:00+00:00","article_modified_time":"2020-04-17T08:50:02+00:00","og_image":[{"width":2000,"height":1125,"url":"https:\/\/guineediversite.com\/wp-content\/uploads\/2020\/04\/conde.jpg","type":"image\/jpeg"}],"author":"Morcire Camara","twitter_card":"summary_large_image","twitter_creator":"@GuineeDiversite","twitter_site":"@GuineeDiversite","twitter_misc":{"\u00c9crit par":"Morcire Camara","Dur\u00e9e de lecture estim\u00e9e":"1 minute"},"schema":{"@context":"https:\/\/schema.org","@graph":[{"@type":"Article","@id":"https:\/\/guineediversite.com\/index.php\/2020\/04\/17\/guinee-decret-le-president-conde-convoque-lassemblee-nationale\/#article","isPartOf":{"@id":"https:\/\/guineediversite.com\/index.php\/2020\/04\/17\/guinee-decret-le-president-conde-convoque-lassemblee-nationale\/"},"author":{"name":"Morcire Camara","@id":"https:\/\/guineediversite.com\/#\/schema\/person\/fa362494c47202ce4b3adf55abcc9d01"},"headline":"Guin\u00e9e \/d\u00e9cret : Le pr\u00e9sident Cond\u00e9 convoque l\u2019assembl\u00e9e nationale","datePublished":"2020-04-17T08:50:00+00:00","dateModified":"2020-04-17T08:50:02+00:00","mainEntityOfPage":{"@id":"https:\/\/guineediversite.com\/index.php\/2020\/04\/17\/guinee-decret-le-president-conde-convoque-lassemblee-nationale\/"},"wordCount":158,"publisher":{"@id":"https:\/\/guineediversite.com\/#organization"},"image":{"@id":"https:\/\/guineediversite.com\/index.php\/2020\/04\/17\/guinee-decret-le-president-conde-convoque-lassemblee-nationale\/#primaryimage"},"thumbnailUrl":"https:\/\/guineediversite.com\/wp-content\/uploads\/2020\/04\/conde.jpg","articleSection":["Politique"],"inLanguage":"fr-FR"},{"@type":"WebPage","@id":"https:\/\/guineediversite.com\/index.php\/2020\/04\/17\/guinee-decret-le-president-conde-convoque-lassemblee-nationale\/","url":"https:\/\/guineediversite.com\/index.php\/2020\/04\/17\/guinee-decret-le-president-conde-convoque-lassemblee-nationale\/","name":"Guin\u00e9e \/d\u00e9cret : Le pr\u00e9sident Cond\u00e9 convoque l\u2019assembl\u00e9e nationale | Guin\u00e9e Diversit\u00e9","isPartOf":{"@id":"https:\/\/guineediversite.com\/#website"},"primaryImageOfPage":{"@id":"https:\/\/guineediversite.com\/index.php\/2020\/04\/17\/guinee-decret-le-president-conde-convoque-lassemblee-nationale\/#primaryimage"},"image":{"@id":"https:\/\/guineediversite.com\/index.php\/2020\/04\/17\/guinee-decret-le-president-conde-convoque-lassemblee-nationale\/#primaryimage"},"thumbnailUrl":"https:\/\/guineediversite.com\/wp-content\/uploads\/2020\/04\/conde.jpg","datePublished":"2020-04-17T08:50:00+00:00","dateModified":"2020-04-17T08:50:02+00:00","breadcrumb":{"@id":"https:\/\/guineediversite.com\/index.php\/2020\/04\/17\/guinee-decret-le-president-conde-convoque-lassemblee-nationale\/#breadcrumb"},"inLanguage":"fr-FR","potentialAction":[{"@type":"ReadAction","target":["https:\/\/guineediversite.com\/index.php\/2020\/04\/17\/guinee-decret-le-president-conde-convoque-lassemblee-nationale\/"]}]},{"@type":"ImageObject","inLanguage":"fr-FR","@id":"https:\/\/guineediversite.com\/index.php\/2020\/04\/17\/guinee-decret-le-president-conde-convoque-lassemblee-nationale\/#primaryimage","url":"https:\/\/guineediversite.com\/wp-content\/uploads\/2020\/04\/conde.jpg","contentUrl":"https:\/\/guineediversite.com\/wp-content\/uploads\/2020\/04\/conde.jpg","width":2000,"height":1125},{"@type":"BreadcrumbList","@id":"https:\/\/guineediversite.com\/index.php\/2020\/04\/17\/guinee-decret-le-president-conde-convoque-lassemblee-nationale\/#breadcrumb","itemListElement":[{"@type":"ListItem","position":1,"name":"Accueil","item":"https:\/\/guineediversite.com\/"},{"@type":"ListItem","position":2,"name":"Guin\u00e9e \/d\u00e9cret : Le pr\u00e9sident Cond\u00e9 convoque l\u2019assembl\u00e9e nationale"}]},{"@type":"WebSite","@id":"https:\/\/guineediversite.com\/#website","url":"https:\/\/guineediversite.com\/","name":"Guin\u00e9e Diversit\u00e9","description":"L&#039;Info dans toute sa diversit\u00e9","publisher":{"@id":"https:\/\/guineediversite.com\/#organization"},"potentialAction":[{"@type":"SearchAction","target":{"@type":"EntryPoint","urlTemplate":"https:\/\/guineediversite.com\/?s={search_term_string}"},"query-input":{"@type":"PropertyValueSpecification","valueRequired":true,"valueName":"search_term_string"}}],"inLanguage":"fr-FR"},{"@type":"Organization","@id":"https:\/\/guineediversite.com\/#organization","name":"Guin\u00e9e Diversit\u00e9","url":"https:\/\/guineediversite.com\/","logo":{"@type":"ImageObject","inLanguage":"fr-FR","@id":"https:\/\/guineediversite.com\/#\/schema\/logo\/image\/","url":"https:\/\/guineediversite.com\/wp-content\/uploads\/2017\/04\/cropped-1jojlxEOMkX9Wyqfhe43D6kjPOGqBBKmx3EwWJqZ0cMrFF54yM49.png","contentUrl":"https:\/\/guineediversite.com\/wp-content\/uploads\/2017\/04\/cropped-1jojlxEOMkX9Wyqfhe43D6kjPOGqBBKmx3EwWJqZ0cMrFF54yM49.png","width":186,"height":112,"caption":"Guin\u00e9e Diversit\u00e9"},"image":{"@id":"https:\/\/guineediversite.com\/#\/schema\/logo\/image\/"},"sameAs":["https:\/\/www.facebook.com\/guineediversite\/","https:\/\/x.com\/GuineeDiversite","https:\/\/www.youtube.com\/channel\/UC8sUY16qelG5ge6_D5SB83g"]},{"@type":"Person","@id":"https:\/\/guineediversite.com\/#\/schema\/person\/fa362494c47202ce4b3adf55abcc9d01","name":"Morcire Camara","image":{"@type":"ImageObject","inLanguage":"fr-FR","@id":"https:\/\/guineediversite.com\/#\/schema\/person\/image\/","url":"https:\/\/secure.gravatar.com\/avatar\/3ec324f02295bbcebe03d99b39330ab4?s=96&d=mm&r=g","contentUrl":"https:\/\/secure.gravatar.com\/avatar\/3ec324f02295bbcebe03d99b39330ab4?s=96&d=mm&r=g","caption":"Morcire Camara"},"url":"https:\/\/guineediversite.com\/index.php\/author\/morcire\/"}]}},"_links":{"self":[{"href":"https:\/\/guineediversite.com\/index.php\/wp-json\/wp\/v2\/posts\/28800"}],"collection":[{"href":"https:\/\/guineediversite.com\/index.php\/wp-json\/wp\/v2\/posts"}],"about":[{"href":"https:\/\/guineediversite.com\/index.php\/wp-json\/wp\/v2\/types\/post"}],"author":[{"embeddable":true,"href":"https:\/\/guineediversite.com\/index.php\/wp-json\/wp\/v2\/users\/10"}],"replies":[{"embeddable":true,"href":"https:\/\/guineediversite.com\/index.php\/wp-json\/wp\/v2\/comments?post=28800"}],"version-history":[{"count":1,"href":"https:\/\/guineediversite.com\/index.php\/wp-json\/wp\/v2\/posts\/28800\/revisions"}],"predecessor-version":[{"id":28802,"href":"https:\/\/guineediversite.com\/index.php\/wp-json\/wp\/v2\/posts\/28800\/revisions\/28802"}],"wp:featuredmedia":[{"embeddable":true,"href":"https:\/\/guineediversite.com\/index.php\/wp-json\/wp\/v2\/media\/28801"}],"wp:attachment":[{"href":"https:\/\/guineediversite.com\/index.php\/wp-json\/wp\/v2\/media?parent=28800"}],"wp:term":[{"taxonomy":"category","embeddable":true,"href":"https:\/\/guineediversite.com\/index.php\/wp-json\/wp\/v2\/categories?post=28800"},{"taxonomy":"post_tag","embeddable":true,"href":"https:\/\/guineediversite.com\/index.php\/wp-json\/wp\/v2\/tags?post=28800"}],"curies":[{"name":"wp","href":"https:\/\/api.w.org\/{rel}","templated":true}]}}