{"id":28794,"date":"2020-04-17T08:00:00","date_gmt":"2020-04-17T06:00:00","guid":{"rendered":"https:\/\/guineediversite.com\/?p=28794"},"modified":"2020-04-17T00:49:29","modified_gmt":"2020-04-16T22:49:29","slug":"covid-19-en-guinee-le-president-conde-remet-en-cause-la-gestion-de-la-crise-sanitaire","status":"publish","type":"post","link":"https:\/\/guineediversite.com\/index.php\/2020\/04\/17\/covid-19-en-guinee-le-president-conde-remet-en-cause-la-gestion-de-la-crise-sanitaire\/","title":{"rendered":"COVID-19 en Guin\u00e9e : Le pr\u00e9sident Cond\u00e9 remet en cause la gestion de la crise sanitaire"},"content":{"rendered":"\n<p><strong>Tr\u00e8s troubl\u00e9 par la croissance des personnes contamin\u00e9es par la maladie du COVID-19 dans le pays, malgr\u00e9 les multiples dispositions mises en place par l\u2019autorit\u00e9. Le premier magistrat de la R\u00e9publique en conclave ce jeudi avec Les Acteurs de la sant\u00e9 engag\u00e9s dans la lutte contre la pand\u00e9mie du COVID-19, il (Alpha Cond\u00e9 Ndlr) n\u2019a pas manqu\u00e9 d\u2019\u00e9taler son insatisfaction totale dans la gestion de ladite crise.<\/strong><\/p>\n\n\n\n<p>Dans son palais pr\u00e9sidentiel ( S\u00e9houtour\u00e9ya), Alpha Cond\u00e9 n\u2019est pas pass\u00e9 par mille chemins critiquer mettre \u00e0 nu la mauvaise gestion de la crise sanitaire li\u00e9e au COVID -19.<\/p>\n\n\n\n<p>Le pr\u00e9sident Cond\u00e9 estime que cette lutte contre le coronavirus ne peut pas \u00eatre vaincue avec seulement les efforts de l&rsquo;ANSS (Agences Nationales de S\u00e9curit\u00e9 sanitaire Ndlr). \u00ab <em>Il faut, dit-il, associer toutes les capacit\u00e9s qui peuvent se battre. On ne nous dit pas la v\u00e9rit\u00e9 (&#8230;) et notre situation va \u00eatre pire alors que tout le monde disait que la Guin\u00e9e \u00e0 l&rsquo;exp\u00e9rience d&rsquo;Ebola, \u00e7a va l&rsquo;aider, mais ce n&rsquo;est pas le cas (&#8230;) <\/em>\u00bb.<\/p>\n\n\n\n<p>Dans son allocution, le chef de l\u2019\u00c9tat a, avec un ton hargneux, affirm\u00e9 ceci : \u00ab&nbsp; <em>nous sommes en train de passer \u00e0 un stade tr\u00e8s grave o\u00f9 on pense des contacts des gens qui sont venus \u00e0 eux (&#8230;). Et on va arriver \u00e0 la saison des pluies, donc il faut qu&rsquo;on se dise les quatre v\u00e9rit\u00e9s et qu&rsquo;on mette toutes nos forces m\u00e9dicales en action (&#8230;) Sinon on va \u00e0 la catastrophe<\/em> \u00bb.<\/p>\n\n\n\n<p>Loin, il d\u00e9plore : \u00ab <em>On a commenc\u00e9 par 1 cas, aujourd&rsquo;hui on est \u00e0 400 et quelques cas. Il faut qu&rsquo;on se dise la v\u00e9rit\u00e9, \u00e7a ne va pas. La fa\u00e7on dont nous g\u00e9rons n&rsquo;est pas bonne. Et j&rsquo;ai toujours dit qu&rsquo;il faut toujours associer le maximum il y a beaucoup de bonnes volont\u00e9s qui peuvent participer<\/em> \u00bb.<\/p>\n","protected":false},"excerpt":{"rendered":"<p>Tr\u00e8s troubl\u00e9 par la croissance des personnes contamin\u00e9es par la maladie du COVID-19 dans le pays, malgr\u00e9 les multiples dispositions mises en place par l\u2019autorit\u00e9. Le premier magistrat de la R\u00e9publique en conclave ce jeudi avec Les Acteurs de la sant\u00e9 engag\u00e9s dans la lutte contre la pand\u00e9mie du COVID-19, il (Alpha Cond\u00e9 Ndlr) n\u2019a [&hellip;]<\/p>\n","protected":false},"author":10,"featured_media":28795,"comment_status":"closed","ping_status":"closed","sticky":false,"template":"","format":"standard","meta":{"_exactmetrics_skip_tracking":false,"_exactmetrics_sitenote_active":false,"_exactmetrics_sitenote_note":"","_exactmetrics_sitenote_category":0,"tdm_status":"","tdm_grid_status":"","footnotes":""},"categories":[14,16],"tags":[],"class_list":{"0":"post-28794","1":"post","2":"type-post","3":"status-publish","4":"format-standard","5":"has-post-thumbnail","7":"category-politique","8":"category-societe"},"yoast_head":"<!-- This site is optimized with the Yoast SEO plugin v24.2 - https:\/\/yoast.com\/wordpress\/plugins\/seo\/ -->\n<title>COVID-19 en Guin\u00e9e : Le pr\u00e9sident Cond\u00e9 remet en cause la gestion de la crise sanitaire | Guin\u00e9e Diversit\u00e9<\/title>\n<meta name=\"robots\" content=\"index, follow, max-snippet:-1, max-image-preview:large, max-video-preview:-1\" \/>\n<link rel=\"canonical\" href=\"https:\/\/guineediversite.com\/index.php\/2020\/04\/17\/covid-19-en-guinee-le-president-conde-remet-en-cause-la-gestion-de-la-crise-sanitaire\/\" \/>\n<meta property=\"og:locale\" content=\"fr_FR\" \/>\n<meta property=\"og:type\" content=\"article\" \/>\n<meta property=\"og:title\" content=\"COVID-19 en Guin\u00e9e : Le pr\u00e9sident Cond\u00e9 remet en cause la gestion de la crise sanitaire | Guin\u00e9e Diversit\u00e9\" \/>\n<meta property=\"og:description\" content=\"Tr\u00e8s troubl\u00e9 par la croissance des personnes contamin\u00e9es par la maladie du COVID-19 dans le pays, malgr\u00e9 les multiples dispositions mises en place par l\u2019autorit\u00e9. Le premier magistrat de la R\u00e9publique en conclave ce jeudi avec Les Acteurs de la sant\u00e9 engag\u00e9s dans la lutte contre la pand\u00e9mie du COVID-19, il (Alpha Cond\u00e9 Ndlr) n\u2019a [&hellip;]\" \/>\n<meta property=\"og:url\" content=\"https:\/\/guineediversite.com\/index.php\/2020\/04\/17\/covid-19-en-guinee-le-president-conde-remet-en-cause-la-gestion-de-la-crise-sanitaire\/\" \/>\n<meta property=\"og:site_name\" content=\"Guin\u00e9e Diversit\u00e9\" \/>\n<meta property=\"article:publisher\" content=\"https:\/\/www.facebook.com\/guineediversite\/\" \/>\n<meta property=\"article:published_time\" content=\"2020-04-17T06:00:00+00:00\" \/>\n<meta property=\"article:modified_time\" content=\"2020-04-16T22:49:29+00:00\" \/>\n<meta property=\"og:image\" content=\"https:\/\/guineediversite.com\/wp-content\/uploads\/2020\/04\/al.jpg\" \/>\n\t<meta property=\"og:image:width\" content=\"1500\" \/>\n\t<meta property=\"og:image:height\" content=\"1378\" \/>\n\t<meta property=\"og:image:type\" content=\"image\/jpeg\" \/>\n<meta name=\"author\" content=\"Morcire Camara\" \/>\n<meta name=\"twitter:card\" content=\"summary_large_image\" \/>\n<meta name=\"twitter:creator\" content=\"@GuineeDiversite\" \/>\n<meta name=\"twitter:site\" content=\"@GuineeDiversite\" \/>\n<meta name=\"twitter:label1\" content=\"\u00c9crit par\" \/>\n\t<meta name=\"twitter:data1\" content=\"Morcire Camara\" \/>\n\t<meta name=\"twitter:label2\" content=\"Dur\u00e9e de lecture estim\u00e9e\" \/>\n\t<meta name=\"twitter:data2\" content=\"2 minutes\" \/>\n<script type=\"application\/ld+json\" class=\"yoast-schema-graph\">{\"@context\":\"https:\/\/schema.org\",\"@graph\":[{\"@type\":\"Article\",\"@id\":\"https:\/\/guineediversite.com\/index.php\/2020\/04\/17\/covid-19-en-guinee-le-president-conde-remet-en-cause-la-gestion-de-la-crise-sanitaire\/#article\",\"isPartOf\":{\"@id\":\"https:\/\/guineediversite.com\/index.php\/2020\/04\/17\/covid-19-en-guinee-le-president-conde-remet-en-cause-la-gestion-de-la-crise-sanitaire\/\"},\"author\":{\"name\":\"Morcire Camara\",\"@id\":\"https:\/\/guineediversite.com\/#\/schema\/person\/fa362494c47202ce4b3adf55abcc9d01\"},\"headline\":\"COVID-19 en Guin\u00e9e : Le pr\u00e9sident Cond\u00e9 remet en cause la gestion de la crise sanitaire\",\"datePublished\":\"2020-04-17T06:00:00+00:00\",\"dateModified\":\"2020-04-16T22:49:29+00:00\",\"mainEntityOfPage\":{\"@id\":\"https:\/\/guineediversite.com\/index.php\/2020\/04\/17\/covid-19-en-guinee-le-president-conde-remet-en-cause-la-gestion-de-la-crise-sanitaire\/\"},\"wordCount\":343,\"publisher\":{\"@id\":\"https:\/\/guineediversite.com\/#organization\"},\"image\":{\"@id\":\"https:\/\/guineediversite.com\/index.php\/2020\/04\/17\/covid-19-en-guinee-le-president-conde-remet-en-cause-la-gestion-de-la-crise-sanitaire\/#primaryimage\"},\"thumbnailUrl\":\"https:\/\/guineediversite.com\/wp-content\/uploads\/2020\/04\/al.jpg\",\"articleSection\":[\"Politique\",\"Soci\u00e9t\u00e9\"],\"inLanguage\":\"fr-FR\"},{\"@type\":\"WebPage\",\"@id\":\"https:\/\/guineediversite.com\/index.php\/2020\/04\/17\/covid-19-en-guinee-le-president-conde-remet-en-cause-la-gestion-de-la-crise-sanitaire\/\",\"url\":\"https:\/\/guineediversite.com\/index.php\/2020\/04\/17\/covid-19-en-guinee-le-president-conde-remet-en-cause-la-gestion-de-la-crise-sanitaire\/\",\"name\":\"COVID-19 en Guin\u00e9e : Le pr\u00e9sident Cond\u00e9 remet en cause la gestion de la crise sanitaire | Guin\u00e9e Diversit\u00e9\",\"isPartOf\":{\"@id\":\"https:\/\/guineediversite.com\/#website\"},\"primaryImageOfPage\":{\"@id\":\"https:\/\/guineediversite.com\/index.php\/2020\/04\/17\/covid-19-en-guinee-le-president-conde-remet-en-cause-la-gestion-de-la-crise-sanitaire\/#primaryimage\"},\"image\":{\"@id\":\"https:\/\/guineediversite.com\/index.php\/2020\/04\/17\/covid-19-en-guinee-le-president-conde-remet-en-cause-la-gestion-de-la-crise-sanitaire\/#primaryimage\"},\"thumbnailUrl\":\"https:\/\/guineediversite.com\/wp-content\/uploads\/2020\/04\/al.jpg\",\"datePublished\":\"2020-04-17T06:00:00+00:00\",\"dateModified\":\"2020-04-16T22:49:29+00:00\",\"breadcrumb\":{\"@id\":\"https:\/\/guineediversite.com\/index.php\/2020\/04\/17\/covid-19-en-guinee-le-president-conde-remet-en-cause-la-gestion-de-la-crise-sanitaire\/#breadcrumb\"},\"inLanguage\":\"fr-FR\",\"potentialAction\":[{\"@type\":\"ReadAction\",\"target\":[\"https:\/\/guineediversite.com\/index.php\/2020\/04\/17\/covid-19-en-guinee-le-president-conde-remet-en-cause-la-gestion-de-la-crise-sanitaire\/\"]}]},{\"@type\":\"ImageObject\",\"inLanguage\":\"fr-FR\",\"@id\":\"https:\/\/guineediversite.com\/index.php\/2020\/04\/17\/covid-19-en-guinee-le-president-conde-remet-en-cause-la-gestion-de-la-crise-sanitaire\/#primaryimage\",\"url\":\"https:\/\/guineediversite.com\/wp-content\/uploads\/2020\/04\/al.jpg\",\"contentUrl\":\"https:\/\/guineediversite.com\/wp-content\/uploads\/2020\/04\/al.jpg\",\"width\":1500,\"height\":1378},{\"@type\":\"BreadcrumbList\",\"@id\":\"https:\/\/guineediversite.com\/index.php\/2020\/04\/17\/covid-19-en-guinee-le-president-conde-remet-en-cause-la-gestion-de-la-crise-sanitaire\/#breadcrumb\",\"itemListElement\":[{\"@type\":\"ListItem\",\"position\":1,\"name\":\"Accueil\",\"item\":\"https:\/\/guineediversite.com\/\"},{\"@type\":\"ListItem\",\"position\":2,\"name\":\"COVID-19 en Guin\u00e9e : Le pr\u00e9sident Cond\u00e9 remet en cause la gestion de la crise sanitaire\"}]},{\"@type\":\"WebSite\",\"@id\":\"https:\/\/guineediversite.com\/#website\",\"url\":\"https:\/\/guineediversite.com\/\",\"name\":\"Guin\u00e9e Diversit\u00e9\",\"description\":\"L&#039;Info dans toute sa diversit\u00e9\",\"publisher\":{\"@id\":\"https:\/\/guineediversite.com\/#organization\"},\"potentialAction\":[{\"@type\":\"SearchAction\",\"target\":{\"@type\":\"EntryPoint\",\"urlTemplate\":\"https:\/\/guineediversite.com\/?s={search_term_string}\"},\"query-input\":{\"@type\":\"PropertyValueSpecification\",\"valueRequired\":true,\"valueName\":\"search_term_string\"}}],\"inLanguage\":\"fr-FR\"},{\"@type\":\"Organization\",\"@id\":\"https:\/\/guineediversite.com\/#organization\",\"name\":\"Guin\u00e9e Diversit\u00e9\",\"url\":\"https:\/\/guineediversite.com\/\",\"logo\":{\"@type\":\"ImageObject\",\"inLanguage\":\"fr-FR\",\"@id\":\"https:\/\/guineediversite.com\/#\/schema\/logo\/image\/\",\"url\":\"https:\/\/guineediversite.com\/wp-content\/uploads\/2017\/04\/cropped-1jojlxEOMkX9Wyqfhe43D6kjPOGqBBKmx3EwWJqZ0cMrFF54yM49.png\",\"contentUrl\":\"https:\/\/guineediversite.com\/wp-content\/uploads\/2017\/04\/cropped-1jojlxEOMkX9Wyqfhe43D6kjPOGqBBKmx3EwWJqZ0cMrFF54yM49.png\",\"width\":186,\"height\":112,\"caption\":\"Guin\u00e9e Diversit\u00e9\"},\"image\":{\"@id\":\"https:\/\/guineediversite.com\/#\/schema\/logo\/image\/\"},\"sameAs\":[\"https:\/\/www.facebook.com\/guineediversite\/\",\"https:\/\/x.com\/GuineeDiversite\",\"https:\/\/www.youtube.com\/channel\/UC8sUY16qelG5ge6_D5SB83g\"]},{\"@type\":\"Person\",\"@id\":\"https:\/\/guineediversite.com\/#\/schema\/person\/fa362494c47202ce4b3adf55abcc9d01\",\"name\":\"Morcire Camara\",\"image\":{\"@type\":\"ImageObject\",\"inLanguage\":\"fr-FR\",\"@id\":\"https:\/\/guineediversite.com\/#\/schema\/person\/image\/\",\"url\":\"https:\/\/secure.gravatar.com\/avatar\/3ec324f02295bbcebe03d99b39330ab4?s=96&d=mm&r=g\",\"contentUrl\":\"https:\/\/secure.gravatar.com\/avatar\/3ec324f02295bbcebe03d99b39330ab4?s=96&d=mm&r=g\",\"caption\":\"Morcire Camara\"},\"url\":\"https:\/\/guineediversite.com\/index.php\/author\/morcire\/\"}]}<\/script>\n<!-- \/ Yoast SEO plugin. -->","yoast_head_json":{"title":"COVID-19 en Guin\u00e9e : Le pr\u00e9sident Cond\u00e9 remet en cause la gestion de la crise sanitaire | Guin\u00e9e Diversit\u00e9","robots":{"index":"index","follow":"follow","max-snippet":"max-snippet:-1","max-image-preview":"max-image-preview:large","max-video-preview":"max-video-preview:-1"},"canonical":"https:\/\/guineediversite.com\/index.php\/2020\/04\/17\/covid-19-en-guinee-le-president-conde-remet-en-cause-la-gestion-de-la-crise-sanitaire\/","og_locale":"fr_FR","og_type":"article","og_title":"COVID-19 en Guin\u00e9e : Le pr\u00e9sident Cond\u00e9 remet en cause la gestion de la crise sanitaire | Guin\u00e9e Diversit\u00e9","og_description":"Tr\u00e8s troubl\u00e9 par la croissance des personnes contamin\u00e9es par la maladie du COVID-19 dans le pays, malgr\u00e9 les multiples dispositions mises en place par l\u2019autorit\u00e9. Le premier magistrat de la R\u00e9publique en conclave ce jeudi avec Les Acteurs de la sant\u00e9 engag\u00e9s dans la lutte contre la pand\u00e9mie du COVID-19, il (Alpha Cond\u00e9 Ndlr) n\u2019a [&hellip;]","og_url":"https:\/\/guineediversite.com\/index.php\/2020\/04\/17\/covid-19-en-guinee-le-president-conde-remet-en-cause-la-gestion-de-la-crise-sanitaire\/","og_site_name":"Guin\u00e9e Diversit\u00e9","article_publisher":"https:\/\/www.facebook.com\/guineediversite\/","article_published_time":"2020-04-17T06:00:00+00:00","article_modified_time":"2020-04-16T22:49:29+00:00","og_image":[{"width":1500,"height":1378,"url":"https:\/\/guineediversite.com\/wp-content\/uploads\/2020\/04\/al.jpg","type":"image\/jpeg"}],"author":"Morcire Camara","twitter_card":"summary_large_image","twitter_creator":"@GuineeDiversite","twitter_site":"@GuineeDiversite","twitter_misc":{"\u00c9crit par":"Morcire Camara","Dur\u00e9e de lecture estim\u00e9e":"2 minutes"},"schema":{"@context":"https:\/\/schema.org","@graph":[{"@type":"Article","@id":"https:\/\/guineediversite.com\/index.php\/2020\/04\/17\/covid-19-en-guinee-le-president-conde-remet-en-cause-la-gestion-de-la-crise-sanitaire\/#article","isPartOf":{"@id":"https:\/\/guineediversite.com\/index.php\/2020\/04\/17\/covid-19-en-guinee-le-president-conde-remet-en-cause-la-gestion-de-la-crise-sanitaire\/"},"author":{"name":"Morcire Camara","@id":"https:\/\/guineediversite.com\/#\/schema\/person\/fa362494c47202ce4b3adf55abcc9d01"},"headline":"COVID-19 en Guin\u00e9e : Le pr\u00e9sident Cond\u00e9 remet en cause la gestion de la crise sanitaire","datePublished":"2020-04-17T06:00:00+00:00","dateModified":"2020-04-16T22:49:29+00:00","mainEntityOfPage":{"@id":"https:\/\/guineediversite.com\/index.php\/2020\/04\/17\/covid-19-en-guinee-le-president-conde-remet-en-cause-la-gestion-de-la-crise-sanitaire\/"},"wordCount":343,"publisher":{"@id":"https:\/\/guineediversite.com\/#organization"},"image":{"@id":"https:\/\/guineediversite.com\/index.php\/2020\/04\/17\/covid-19-en-guinee-le-president-conde-remet-en-cause-la-gestion-de-la-crise-sanitaire\/#primaryimage"},"thumbnailUrl":"https:\/\/guineediversite.com\/wp-content\/uploads\/2020\/04\/al.jpg","articleSection":["Politique","Soci\u00e9t\u00e9"],"inLanguage":"fr-FR"},{"@type":"WebPage","@id":"https:\/\/guineediversite.com\/index.php\/2020\/04\/17\/covid-19-en-guinee-le-president-conde-remet-en-cause-la-gestion-de-la-crise-sanitaire\/","url":"https:\/\/guineediversite.com\/index.php\/2020\/04\/17\/covid-19-en-guinee-le-president-conde-remet-en-cause-la-gestion-de-la-crise-sanitaire\/","name":"COVID-19 en Guin\u00e9e : Le pr\u00e9sident Cond\u00e9 remet en cause la gestion de la crise sanitaire | Guin\u00e9e Diversit\u00e9","isPartOf":{"@id":"https:\/\/guineediversite.com\/#website"},"primaryImageOfPage":{"@id":"https:\/\/guineediversite.com\/index.php\/2020\/04\/17\/covid-19-en-guinee-le-president-conde-remet-en-cause-la-gestion-de-la-crise-sanitaire\/#primaryimage"},"image":{"@id":"https:\/\/guineediversite.com\/index.php\/2020\/04\/17\/covid-19-en-guinee-le-president-conde-remet-en-cause-la-gestion-de-la-crise-sanitaire\/#primaryimage"},"thumbnailUrl":"https:\/\/guineediversite.com\/wp-content\/uploads\/2020\/04\/al.jpg","datePublished":"2020-04-17T06:00:00+00:00","dateModified":"2020-04-16T22:49:29+00:00","breadcrumb":{"@id":"https:\/\/guineediversite.com\/index.php\/2020\/04\/17\/covid-19-en-guinee-le-president-conde-remet-en-cause-la-gestion-de-la-crise-sanitaire\/#breadcrumb"},"inLanguage":"fr-FR","potentialAction":[{"@type":"ReadAction","target":["https:\/\/guineediversite.com\/index.php\/2020\/04\/17\/covid-19-en-guinee-le-president-conde-remet-en-cause-la-gestion-de-la-crise-sanitaire\/"]}]},{"@type":"ImageObject","inLanguage":"fr-FR","@id":"https:\/\/guineediversite.com\/index.php\/2020\/04\/17\/covid-19-en-guinee-le-president-conde-remet-en-cause-la-gestion-de-la-crise-sanitaire\/#primaryimage","url":"https:\/\/guineediversite.com\/wp-content\/uploads\/2020\/04\/al.jpg","contentUrl":"https:\/\/guineediversite.com\/wp-content\/uploads\/2020\/04\/al.jpg","width":1500,"height":1378},{"@type":"BreadcrumbList","@id":"https:\/\/guineediversite.com\/index.php\/2020\/04\/17\/covid-19-en-guinee-le-president-conde-remet-en-cause-la-gestion-de-la-crise-sanitaire\/#breadcrumb","itemListElement":[{"@type":"ListItem","position":1,"name":"Accueil","item":"https:\/\/guineediversite.com\/"},{"@type":"ListItem","position":2,"name":"COVID-19 en Guin\u00e9e : Le pr\u00e9sident Cond\u00e9 remet en cause la gestion de la crise sanitaire"}]},{"@type":"WebSite","@id":"https:\/\/guineediversite.com\/#website","url":"https:\/\/guineediversite.com\/","name":"Guin\u00e9e Diversit\u00e9","description":"L&#039;Info dans toute sa diversit\u00e9","publisher":{"@id":"https:\/\/guineediversite.com\/#organization"},"potentialAction":[{"@type":"SearchAction","target":{"@type":"EntryPoint","urlTemplate":"https:\/\/guineediversite.com\/?s={search_term_string}"},"query-input":{"@type":"PropertyValueSpecification","valueRequired":true,"valueName":"search_term_string"}}],"inLanguage":"fr-FR"},{"@type":"Organization","@id":"https:\/\/guineediversite.com\/#organization","name":"Guin\u00e9e Diversit\u00e9","url":"https:\/\/guineediversite.com\/","logo":{"@type":"ImageObject","inLanguage":"fr-FR","@id":"https:\/\/guineediversite.com\/#\/schema\/logo\/image\/","url":"https:\/\/guineediversite.com\/wp-content\/uploads\/2017\/04\/cropped-1jojlxEOMkX9Wyqfhe43D6kjPOGqBBKmx3EwWJqZ0cMrFF54yM49.png","contentUrl":"https:\/\/guineediversite.com\/wp-content\/uploads\/2017\/04\/cropped-1jojlxEOMkX9Wyqfhe43D6kjPOGqBBKmx3EwWJqZ0cMrFF54yM49.png","width":186,"height":112,"caption":"Guin\u00e9e Diversit\u00e9"},"image":{"@id":"https:\/\/guineediversite.com\/#\/schema\/logo\/image\/"},"sameAs":["https:\/\/www.facebook.com\/guineediversite\/","https:\/\/x.com\/GuineeDiversite","https:\/\/www.youtube.com\/channel\/UC8sUY16qelG5ge6_D5SB83g"]},{"@type":"Person","@id":"https:\/\/guineediversite.com\/#\/schema\/person\/fa362494c47202ce4b3adf55abcc9d01","name":"Morcire Camara","image":{"@type":"ImageObject","inLanguage":"fr-FR","@id":"https:\/\/guineediversite.com\/#\/schema\/person\/image\/","url":"https:\/\/secure.gravatar.com\/avatar\/3ec324f02295bbcebe03d99b39330ab4?s=96&d=mm&r=g","contentUrl":"https:\/\/secure.gravatar.com\/avatar\/3ec324f02295bbcebe03d99b39330ab4?s=96&d=mm&r=g","caption":"Morcire Camara"},"url":"https:\/\/guineediversite.com\/index.php\/author\/morcire\/"}]}},"_links":{"self":[{"href":"https:\/\/guineediversite.com\/index.php\/wp-json\/wp\/v2\/posts\/28794"}],"collection":[{"href":"https:\/\/guineediversite.com\/index.php\/wp-json\/wp\/v2\/posts"}],"about":[{"href":"https:\/\/guineediversite.com\/index.php\/wp-json\/wp\/v2\/types\/post"}],"author":[{"embeddable":true,"href":"https:\/\/guineediversite.com\/index.php\/wp-json\/wp\/v2\/users\/10"}],"replies":[{"embeddable":true,"href":"https:\/\/guineediversite.com\/index.php\/wp-json\/wp\/v2\/comments?post=28794"}],"version-history":[{"count":1,"href":"https:\/\/guineediversite.com\/index.php\/wp-json\/wp\/v2\/posts\/28794\/revisions"}],"predecessor-version":[{"id":28796,"href":"https:\/\/guineediversite.com\/index.php\/wp-json\/wp\/v2\/posts\/28794\/revisions\/28796"}],"wp:featuredmedia":[{"embeddable":true,"href":"https:\/\/guineediversite.com\/index.php\/wp-json\/wp\/v2\/media\/28795"}],"wp:attachment":[{"href":"https:\/\/guineediversite.com\/index.php\/wp-json\/wp\/v2\/media?parent=28794"}],"wp:term":[{"taxonomy":"category","embeddable":true,"href":"https:\/\/guineediversite.com\/index.php\/wp-json\/wp\/v2\/categories?post=28794"},{"taxonomy":"post_tag","embeddable":true,"href":"https:\/\/guineediversite.com\/index.php\/wp-json\/wp\/v2\/tags?post=28794"}],"curies":[{"name":"wp","href":"https:\/\/api.w.org\/{rel}","templated":true}]}}