{"id":28777,"date":"2020-04-16T12:22:38","date_gmt":"2020-04-16T10:22:38","guid":{"rendered":"https:\/\/guineediversite.com\/?p=28777"},"modified":"2020-04-16T12:22:40","modified_gmt":"2020-04-16T10:22:40","slug":"coronavirus-voila-ce-quil-faut-faire-dans-lutilisation-des-masques","status":"publish","type":"post","link":"https:\/\/guineediversite.com\/index.php\/2020\/04\/16\/coronavirus-voila-ce-quil-faut-faire-dans-lutilisation-des-masques\/","title":{"rendered":"Coronavirus: Voil\u00e0 ce qu\u2019il faut faire dans l\u2019utilisation des masques"},"content":{"rendered":"\n<p>Comment agit le virus, mais \u00e9galement comment s&rsquo;en pr\u00e9munir&nbsp;? On parle beaucoup des masques, tr\u00e8s r\u00e9pandus en Asie, beaucoup moins en Europe. Cela pourrait changer avec les lev\u00e9es de confinement. Le pr\u00e9sident fran\u00e7ais, Emmanuel Macron a ainsi d\u00e9clar\u00e9 lors de son allocution de ce lundi 13 avril, que le port du masque devrait \u00eatre g\u00e9n\u00e9ralis\u00e9, voire m\u00eame rendu obligatoire dans certains cas, dans les transports en commun par exemple. &nbsp;Mais de quel type de masque parle-t-on&nbsp;?<\/p>\n\n\n\n<p>Il y a effectivement diff\u00e9rents types de masques&nbsp;: ceux utilis\u00e9s par le personnel m\u00e9dical, le FFP2. On en a beaucoup parl\u00e9 avec le probl\u00e8me de p\u00e9nurie, mais quel est ce masque&nbsp;? C&rsquo;est celui qui ressemble \u00e0 un bec de canard, assez technique \u00e0 porter et plut\u00f4t d\u00e9sagr\u00e9able. Il a cependant un grand int\u00e9r\u00eat, il prot\u00e8ge \u00e0 la fois la personne qui le porte mais \u00e9galement celles autour de lui. Une double protection qui explique son int\u00e9r\u00eat pour les soignants et toutes les personnes en contact r\u00e9gulier avec les malades.<\/p>\n\n\n\n<p><strong>Les masques chirurgicaux, classiques, sont-ils moins efficaces<\/strong>&nbsp;<strong>?<\/strong><\/p>\n\n\n\n<p>Oui en effet, ils sont moins efficaces car ils ne bloquent le virus que dans un sens. Ce masque&nbsp;ne prot\u00e8ge pas la personne qui le porte, mais prot\u00e8ge les autres. il est donc beaucoup plus simple et de facto beaucoup plus r\u00e9pandu.<\/p>\n\n\n\n<p><strong>Lors de son allocution, Emmanuel Macron \u00e9voquait un masque pour le \u00ab<\/strong>&nbsp;<strong>grand public<\/strong>&nbsp;<strong>\u00bb de quel masque s&rsquo;agit-il<\/strong>&nbsp;<strong>?<\/strong><\/p>\n\n\n\n<p>On ne le sait pas encore. A priori ce serait tr\u00e8s certainement des masques en tissu, lavables et r\u00e9utilisables. L\u2019\u00c9tat fran\u00e7ais en a homologu\u00e9 80 mod\u00e8les diff\u00e9rents. Avec ce type de masques ou ceux r\u00e9alis\u00e9s \u00e0 la maison, il faut faire attention car les scientifiques sont tr\u00e8s sceptiques sur sa capacit\u00e9 \u00e0 bloquer le virus. Le virus SARS COV-2 est beaucoup plus petit que les mailles du tissu. Il ne prot\u00e8ge donc pas des autres.<\/p>\n\n\n\n<p>On peut tout de m\u00eame consid\u00e9rer que c&rsquo;est mieux que ne pas en porter du tout. En effet, il \u00e9vite de propager les postillons, d\u2019\u00e9viter de se toucher le visage et donc de s&rsquo;infecter si on a du virus sur les mains.<\/p>\n\n\n\n<p>En somme, s&rsquo;il devient obligatoire et si tout le monde le porte, cela diminuera tout de m\u00eame le risque de propagation du covid-19<\/p>\n\n\n\n<p><strong>Le masque \u00ab<\/strong>&nbsp;<strong>grand public<\/strong>&nbsp;<strong>\u00bb serait un masque lavable. Quelles sont les pr\u00e9cautions \u00e0 prendre avec ce type de masque<\/strong>&nbsp;<strong>?<\/strong><\/p>\n\n\n\n<p>Un masque, ce n&rsquo;est mine de rien pas si simple \u00e0 manipuler. Concernant le lavage, on a de plus en plus d&rsquo;\u00e9l\u00e9ments indiquant que le virus supporte plut\u00f4t bien la chaleur, il faut donc laver son masque \u00e0 60 degr\u00e9s minimum.<\/p>\n\n\n\n<p>Pour le porter, il y a quelques gestes de base \u00e0 retenir : il faut se laver les mains consciencieusement avant de manipuler un masque, il doit parfaitement couvrir la bouche bien s\u00fbr, mais aussi le nez. On voit trop de personnes dans la rue qui ne font pas attention \u00e0 cela et il doit \u00eatre plac\u00e9 de fa\u00e7on herm\u00e9tique.<\/p>\n\n\n\n<p>Une fois qu&rsquo;il est bien mis, on ne le manipule plus : on ne l&rsquo;enl\u00e8ve que&nbsp;pour fumer ou manger. Par ailleurs avec notre respiration, il va s&rsquo;humidifier petit \u00e0 petit :&nbsp;s&rsquo;il est trop mouill\u00e9, il faut en changer. Il faut donc pr\u00e9voir plusieurs masques si l\u2019on sort plusieurs heures.<\/p>\n\n\n\n<p><strong>Il y a aussi des pr\u00e9cautions \u00e0 prendre quand on retire le maque<\/strong><\/p>\n\n\n\n<p>Si l\u2019on consid\u00e8re que le masque a&nbsp;fait son travail de bloquer le virus, alors c\u2019est qu\u2019il peut en \u00eatre infect\u00e9. On le manipule en le prenant par les \u00e9lastiques en \u00e9vitant de toucher la partie qui a prot\u00e9g\u00e9 le visage. On le place dans un sachet en plastique et on se lave les mains pendant 30 secondes.<\/p>\n\n\n\n<p>Si c&rsquo;est un masque jetable, il faut penser aux autres et ne surtout pas le jeter par terre ou dans une poubelle publique. Les \u00e9boueurs peuvent toucher un masque contamin\u00e9. L\u00e0 aussi, il faut le mettre dans un sachet en plastique avant de s\u2019en d\u00e9barrasser ou bien le jeter dans une poubelle \u00e0 condition que celle-ci ne soit manipul\u00e9e par personne durant les prochaines 24 heures.<\/p>\n\n\n\n<p>Ce sont quelques gestes un peu contraignants mais essentiels&nbsp;!<\/p>\n\n\n\n<p><strong>RFI<\/strong><\/p>\n","protected":false},"excerpt":{"rendered":"<p>Comment agit le virus, mais \u00e9galement comment s&rsquo;en pr\u00e9munir&nbsp;? On parle beaucoup des masques, tr\u00e8s r\u00e9pandus en Asie, beaucoup moins en Europe. Cela pourrait changer avec les lev\u00e9es de confinement. Le pr\u00e9sident fran\u00e7ais, Emmanuel Macron a ainsi d\u00e9clar\u00e9 lors de son allocution de ce lundi 13 avril, que le port du masque devrait \u00eatre g\u00e9n\u00e9ralis\u00e9, [&hellip;]<\/p>\n","protected":false},"author":12,"featured_media":28778,"comment_status":"closed","ping_status":"closed","sticky":false,"template":"","format":"standard","meta":{"_exactmetrics_skip_tracking":false,"_exactmetrics_sitenote_active":false,"_exactmetrics_sitenote_note":"","_exactmetrics_sitenote_category":0,"tdm_status":"","tdm_grid_status":"","footnotes":""},"categories":[21,16],"tags":[],"class_list":{"0":"post-28777","1":"post","2":"type-post","3":"status-publish","4":"format-standard","5":"has-post-thumbnail","7":"category-international","8":"category-societe"},"yoast_head":"<!-- This site is optimized with the Yoast SEO plugin v24.2 - https:\/\/yoast.com\/wordpress\/plugins\/seo\/ -->\n<title>Coronavirus: Voil\u00e0 ce qu\u2019il faut faire dans l\u2019utilisation des masques | Guin\u00e9e Diversit\u00e9<\/title>\n<meta name=\"robots\" content=\"index, follow, max-snippet:-1, max-image-preview:large, max-video-preview:-1\" \/>\n<link rel=\"canonical\" href=\"https:\/\/guineediversite.com\/index.php\/2020\/04\/16\/coronavirus-voila-ce-quil-faut-faire-dans-lutilisation-des-masques\/\" \/>\n<meta property=\"og:locale\" content=\"fr_FR\" \/>\n<meta property=\"og:type\" content=\"article\" \/>\n<meta property=\"og:title\" content=\"Coronavirus: Voil\u00e0 ce qu\u2019il faut faire dans l\u2019utilisation des masques | Guin\u00e9e Diversit\u00e9\" \/>\n<meta property=\"og:description\" content=\"Comment agit le virus, mais \u00e9galement comment s&rsquo;en pr\u00e9munir&nbsp;? On parle beaucoup des masques, tr\u00e8s r\u00e9pandus en Asie, beaucoup moins en Europe. Cela pourrait changer avec les lev\u00e9es de confinement. Le pr\u00e9sident fran\u00e7ais, Emmanuel Macron a ainsi d\u00e9clar\u00e9 lors de son allocution de ce lundi 13 avril, que le port du masque devrait \u00eatre g\u00e9n\u00e9ralis\u00e9, [&hellip;]\" \/>\n<meta property=\"og:url\" content=\"https:\/\/guineediversite.com\/index.php\/2020\/04\/16\/coronavirus-voila-ce-quil-faut-faire-dans-lutilisation-des-masques\/\" \/>\n<meta property=\"og:site_name\" content=\"Guin\u00e9e Diversit\u00e9\" \/>\n<meta property=\"article:publisher\" content=\"https:\/\/www.facebook.com\/guineediversite\/\" \/>\n<meta property=\"article:published_time\" content=\"2020-04-16T10:22:38+00:00\" \/>\n<meta property=\"article:modified_time\" content=\"2020-04-16T10:22:40+00:00\" \/>\n<meta property=\"og:image\" content=\"https:\/\/guineediversite.com\/wp-content\/uploads\/2020\/04\/MASQ.jpg\" \/>\n\t<meta property=\"og:image:width\" content=\"1300\" \/>\n\t<meta property=\"og:image:height\" content=\"680\" \/>\n\t<meta property=\"og:image:type\" content=\"image\/jpeg\" \/>\n<meta name=\"author\" content=\"Guin\u00e9e Diversit\u00e9\" \/>\n<meta name=\"twitter:card\" content=\"summary_large_image\" \/>\n<meta name=\"twitter:creator\" content=\"@GuineeDiversite\" \/>\n<meta name=\"twitter:site\" content=\"@GuineeDiversite\" \/>\n<meta name=\"twitter:label1\" content=\"\u00c9crit par\" \/>\n\t<meta name=\"twitter:data1\" content=\"Guin\u00e9e Diversit\u00e9\" \/>\n\t<meta name=\"twitter:label2\" content=\"Dur\u00e9e de lecture estim\u00e9e\" \/>\n\t<meta name=\"twitter:data2\" content=\"4 minutes\" \/>\n<script type=\"application\/ld+json\" class=\"yoast-schema-graph\">{\"@context\":\"https:\/\/schema.org\",\"@graph\":[{\"@type\":\"Article\",\"@id\":\"https:\/\/guineediversite.com\/index.php\/2020\/04\/16\/coronavirus-voila-ce-quil-faut-faire-dans-lutilisation-des-masques\/#article\",\"isPartOf\":{\"@id\":\"https:\/\/guineediversite.com\/index.php\/2020\/04\/16\/coronavirus-voila-ce-quil-faut-faire-dans-lutilisation-des-masques\/\"},\"author\":{\"name\":\"Guin\u00e9e Diversit\u00e9\",\"@id\":\"https:\/\/guineediversite.com\/#\/schema\/person\/afa08fb34e7fc6e1feafc892612bc836\"},\"headline\":\"Coronavirus: Voil\u00e0 ce qu\u2019il faut faire dans l\u2019utilisation des masques\",\"datePublished\":\"2020-04-16T10:22:38+00:00\",\"dateModified\":\"2020-04-16T10:22:40+00:00\",\"mainEntityOfPage\":{\"@id\":\"https:\/\/guineediversite.com\/index.php\/2020\/04\/16\/coronavirus-voila-ce-quil-faut-faire-dans-lutilisation-des-masques\/\"},\"wordCount\":771,\"publisher\":{\"@id\":\"https:\/\/guineediversite.com\/#organization\"},\"image\":{\"@id\":\"https:\/\/guineediversite.com\/index.php\/2020\/04\/16\/coronavirus-voila-ce-quil-faut-faire-dans-lutilisation-des-masques\/#primaryimage\"},\"thumbnailUrl\":\"https:\/\/guineediversite.com\/wp-content\/uploads\/2020\/04\/MASQ.jpg\",\"articleSection\":[\"International\",\"Soci\u00e9t\u00e9\"],\"inLanguage\":\"fr-FR\"},{\"@type\":\"WebPage\",\"@id\":\"https:\/\/guineediversite.com\/index.php\/2020\/04\/16\/coronavirus-voila-ce-quil-faut-faire-dans-lutilisation-des-masques\/\",\"url\":\"https:\/\/guineediversite.com\/index.php\/2020\/04\/16\/coronavirus-voila-ce-quil-faut-faire-dans-lutilisation-des-masques\/\",\"name\":\"Coronavirus: Voil\u00e0 ce qu\u2019il faut faire dans l\u2019utilisation des masques | Guin\u00e9e Diversit\u00e9\",\"isPartOf\":{\"@id\":\"https:\/\/guineediversite.com\/#website\"},\"primaryImageOfPage\":{\"@id\":\"https:\/\/guineediversite.com\/index.php\/2020\/04\/16\/coronavirus-voila-ce-quil-faut-faire-dans-lutilisation-des-masques\/#primaryimage\"},\"image\":{\"@id\":\"https:\/\/guineediversite.com\/index.php\/2020\/04\/16\/coronavirus-voila-ce-quil-faut-faire-dans-lutilisation-des-masques\/#primaryimage\"},\"thumbnailUrl\":\"https:\/\/guineediversite.com\/wp-content\/uploads\/2020\/04\/MASQ.jpg\",\"datePublished\":\"2020-04-16T10:22:38+00:00\",\"dateModified\":\"2020-04-16T10:22:40+00:00\",\"breadcrumb\":{\"@id\":\"https:\/\/guineediversite.com\/index.php\/2020\/04\/16\/coronavirus-voila-ce-quil-faut-faire-dans-lutilisation-des-masques\/#breadcrumb\"},\"inLanguage\":\"fr-FR\",\"potentialAction\":[{\"@type\":\"ReadAction\",\"target\":[\"https:\/\/guineediversite.com\/index.php\/2020\/04\/16\/coronavirus-voila-ce-quil-faut-faire-dans-lutilisation-des-masques\/\"]}]},{\"@type\":\"ImageObject\",\"inLanguage\":\"fr-FR\",\"@id\":\"https:\/\/guineediversite.com\/index.php\/2020\/04\/16\/coronavirus-voila-ce-quil-faut-faire-dans-lutilisation-des-masques\/#primaryimage\",\"url\":\"https:\/\/guineediversite.com\/wp-content\/uploads\/2020\/04\/MASQ.jpg\",\"contentUrl\":\"https:\/\/guineediversite.com\/wp-content\/uploads\/2020\/04\/MASQ.jpg\",\"width\":1300,\"height\":680},{\"@type\":\"BreadcrumbList\",\"@id\":\"https:\/\/guineediversite.com\/index.php\/2020\/04\/16\/coronavirus-voila-ce-quil-faut-faire-dans-lutilisation-des-masques\/#breadcrumb\",\"itemListElement\":[{\"@type\":\"ListItem\",\"position\":1,\"name\":\"Accueil\",\"item\":\"https:\/\/guineediversite.com\/\"},{\"@type\":\"ListItem\",\"position\":2,\"name\":\"Coronavirus: Voil\u00e0 ce qu\u2019il faut faire dans l\u2019utilisation des masques\"}]},{\"@type\":\"WebSite\",\"@id\":\"https:\/\/guineediversite.com\/#website\",\"url\":\"https:\/\/guineediversite.com\/\",\"name\":\"Guin\u00e9e Diversit\u00e9\",\"description\":\"L&#039;Info dans toute sa diversit\u00e9\",\"publisher\":{\"@id\":\"https:\/\/guineediversite.com\/#organization\"},\"potentialAction\":[{\"@type\":\"SearchAction\",\"target\":{\"@type\":\"EntryPoint\",\"urlTemplate\":\"https:\/\/guineediversite.com\/?s={search_term_string}\"},\"query-input\":{\"@type\":\"PropertyValueSpecification\",\"valueRequired\":true,\"valueName\":\"search_term_string\"}}],\"inLanguage\":\"fr-FR\"},{\"@type\":\"Organization\",\"@id\":\"https:\/\/guineediversite.com\/#organization\",\"name\":\"Guin\u00e9e Diversit\u00e9\",\"url\":\"https:\/\/guineediversite.com\/\",\"logo\":{\"@type\":\"ImageObject\",\"inLanguage\":\"fr-FR\",\"@id\":\"https:\/\/guineediversite.com\/#\/schema\/logo\/image\/\",\"url\":\"https:\/\/guineediversite.com\/wp-content\/uploads\/2017\/04\/cropped-1jojlxEOMkX9Wyqfhe43D6kjPOGqBBKmx3EwWJqZ0cMrFF54yM49.png\",\"contentUrl\":\"https:\/\/guineediversite.com\/wp-content\/uploads\/2017\/04\/cropped-1jojlxEOMkX9Wyqfhe43D6kjPOGqBBKmx3EwWJqZ0cMrFF54yM49.png\",\"width\":186,\"height\":112,\"caption\":\"Guin\u00e9e Diversit\u00e9\"},\"image\":{\"@id\":\"https:\/\/guineediversite.com\/#\/schema\/logo\/image\/\"},\"sameAs\":[\"https:\/\/www.facebook.com\/guineediversite\/\",\"https:\/\/x.com\/GuineeDiversite\",\"https:\/\/www.youtube.com\/channel\/UC8sUY16qelG5ge6_D5SB83g\"]},{\"@type\":\"Person\",\"@id\":\"https:\/\/guineediversite.com\/#\/schema\/person\/afa08fb34e7fc6e1feafc892612bc836\",\"name\":\"Guin\u00e9e Diversit\u00e9\",\"image\":{\"@type\":\"ImageObject\",\"inLanguage\":\"fr-FR\",\"@id\":\"https:\/\/guineediversite.com\/#\/schema\/person\/image\/\",\"url\":\"https:\/\/secure.gravatar.com\/avatar\/50d5eb5b390f8b65ac30ac6f898eb83a?s=96&d=mm&r=g\",\"contentUrl\":\"https:\/\/secure.gravatar.com\/avatar\/50d5eb5b390f8b65ac30ac6f898eb83a?s=96&d=mm&r=g\",\"caption\":\"Guin\u00e9e Diversit\u00e9\"},\"url\":\"https:\/\/guineediversite.com\/index.php\/author\/guineediversite\/\"}]}<\/script>\n<!-- \/ Yoast SEO plugin. -->","yoast_head_json":{"title":"Coronavirus: Voil\u00e0 ce qu\u2019il faut faire dans l\u2019utilisation des masques | Guin\u00e9e Diversit\u00e9","robots":{"index":"index","follow":"follow","max-snippet":"max-snippet:-1","max-image-preview":"max-image-preview:large","max-video-preview":"max-video-preview:-1"},"canonical":"https:\/\/guineediversite.com\/index.php\/2020\/04\/16\/coronavirus-voila-ce-quil-faut-faire-dans-lutilisation-des-masques\/","og_locale":"fr_FR","og_type":"article","og_title":"Coronavirus: Voil\u00e0 ce qu\u2019il faut faire dans l\u2019utilisation des masques | Guin\u00e9e Diversit\u00e9","og_description":"Comment agit le virus, mais \u00e9galement comment s&rsquo;en pr\u00e9munir&nbsp;? On parle beaucoup des masques, tr\u00e8s r\u00e9pandus en Asie, beaucoup moins en Europe. Cela pourrait changer avec les lev\u00e9es de confinement. Le pr\u00e9sident fran\u00e7ais, Emmanuel Macron a ainsi d\u00e9clar\u00e9 lors de son allocution de ce lundi 13 avril, que le port du masque devrait \u00eatre g\u00e9n\u00e9ralis\u00e9, [&hellip;]","og_url":"https:\/\/guineediversite.com\/index.php\/2020\/04\/16\/coronavirus-voila-ce-quil-faut-faire-dans-lutilisation-des-masques\/","og_site_name":"Guin\u00e9e Diversit\u00e9","article_publisher":"https:\/\/www.facebook.com\/guineediversite\/","article_published_time":"2020-04-16T10:22:38+00:00","article_modified_time":"2020-04-16T10:22:40+00:00","og_image":[{"width":1300,"height":680,"url":"https:\/\/guineediversite.com\/wp-content\/uploads\/2020\/04\/MASQ.jpg","type":"image\/jpeg"}],"author":"Guin\u00e9e Diversit\u00e9","twitter_card":"summary_large_image","twitter_creator":"@GuineeDiversite","twitter_site":"@GuineeDiversite","twitter_misc":{"\u00c9crit par":"Guin\u00e9e Diversit\u00e9","Dur\u00e9e de lecture estim\u00e9e":"4 minutes"},"schema":{"@context":"https:\/\/schema.org","@graph":[{"@type":"Article","@id":"https:\/\/guineediversite.com\/index.php\/2020\/04\/16\/coronavirus-voila-ce-quil-faut-faire-dans-lutilisation-des-masques\/#article","isPartOf":{"@id":"https:\/\/guineediversite.com\/index.php\/2020\/04\/16\/coronavirus-voila-ce-quil-faut-faire-dans-lutilisation-des-masques\/"},"author":{"name":"Guin\u00e9e Diversit\u00e9","@id":"https:\/\/guineediversite.com\/#\/schema\/person\/afa08fb34e7fc6e1feafc892612bc836"},"headline":"Coronavirus: Voil\u00e0 ce qu\u2019il faut faire dans l\u2019utilisation des masques","datePublished":"2020-04-16T10:22:38+00:00","dateModified":"2020-04-16T10:22:40+00:00","mainEntityOfPage":{"@id":"https:\/\/guineediversite.com\/index.php\/2020\/04\/16\/coronavirus-voila-ce-quil-faut-faire-dans-lutilisation-des-masques\/"},"wordCount":771,"publisher":{"@id":"https:\/\/guineediversite.com\/#organization"},"image":{"@id":"https:\/\/guineediversite.com\/index.php\/2020\/04\/16\/coronavirus-voila-ce-quil-faut-faire-dans-lutilisation-des-masques\/#primaryimage"},"thumbnailUrl":"https:\/\/guineediversite.com\/wp-content\/uploads\/2020\/04\/MASQ.jpg","articleSection":["International","Soci\u00e9t\u00e9"],"inLanguage":"fr-FR"},{"@type":"WebPage","@id":"https:\/\/guineediversite.com\/index.php\/2020\/04\/16\/coronavirus-voila-ce-quil-faut-faire-dans-lutilisation-des-masques\/","url":"https:\/\/guineediversite.com\/index.php\/2020\/04\/16\/coronavirus-voila-ce-quil-faut-faire-dans-lutilisation-des-masques\/","name":"Coronavirus: Voil\u00e0 ce qu\u2019il faut faire dans l\u2019utilisation des masques | Guin\u00e9e Diversit\u00e9","isPartOf":{"@id":"https:\/\/guineediversite.com\/#website"},"primaryImageOfPage":{"@id":"https:\/\/guineediversite.com\/index.php\/2020\/04\/16\/coronavirus-voila-ce-quil-faut-faire-dans-lutilisation-des-masques\/#primaryimage"},"image":{"@id":"https:\/\/guineediversite.com\/index.php\/2020\/04\/16\/coronavirus-voila-ce-quil-faut-faire-dans-lutilisation-des-masques\/#primaryimage"},"thumbnailUrl":"https:\/\/guineediversite.com\/wp-content\/uploads\/2020\/04\/MASQ.jpg","datePublished":"2020-04-16T10:22:38+00:00","dateModified":"2020-04-16T10:22:40+00:00","breadcrumb":{"@id":"https:\/\/guineediversite.com\/index.php\/2020\/04\/16\/coronavirus-voila-ce-quil-faut-faire-dans-lutilisation-des-masques\/#breadcrumb"},"inLanguage":"fr-FR","potentialAction":[{"@type":"ReadAction","target":["https:\/\/guineediversite.com\/index.php\/2020\/04\/16\/coronavirus-voila-ce-quil-faut-faire-dans-lutilisation-des-masques\/"]}]},{"@type":"ImageObject","inLanguage":"fr-FR","@id":"https:\/\/guineediversite.com\/index.php\/2020\/04\/16\/coronavirus-voila-ce-quil-faut-faire-dans-lutilisation-des-masques\/#primaryimage","url":"https:\/\/guineediversite.com\/wp-content\/uploads\/2020\/04\/MASQ.jpg","contentUrl":"https:\/\/guineediversite.com\/wp-content\/uploads\/2020\/04\/MASQ.jpg","width":1300,"height":680},{"@type":"BreadcrumbList","@id":"https:\/\/guineediversite.com\/index.php\/2020\/04\/16\/coronavirus-voila-ce-quil-faut-faire-dans-lutilisation-des-masques\/#breadcrumb","itemListElement":[{"@type":"ListItem","position":1,"name":"Accueil","item":"https:\/\/guineediversite.com\/"},{"@type":"ListItem","position":2,"name":"Coronavirus: Voil\u00e0 ce qu\u2019il faut faire dans l\u2019utilisation des masques"}]},{"@type":"WebSite","@id":"https:\/\/guineediversite.com\/#website","url":"https:\/\/guineediversite.com\/","name":"Guin\u00e9e Diversit\u00e9","description":"L&#039;Info dans toute sa diversit\u00e9","publisher":{"@id":"https:\/\/guineediversite.com\/#organization"},"potentialAction":[{"@type":"SearchAction","target":{"@type":"EntryPoint","urlTemplate":"https:\/\/guineediversite.com\/?s={search_term_string}"},"query-input":{"@type":"PropertyValueSpecification","valueRequired":true,"valueName":"search_term_string"}}],"inLanguage":"fr-FR"},{"@type":"Organization","@id":"https:\/\/guineediversite.com\/#organization","name":"Guin\u00e9e Diversit\u00e9","url":"https:\/\/guineediversite.com\/","logo":{"@type":"ImageObject","inLanguage":"fr-FR","@id":"https:\/\/guineediversite.com\/#\/schema\/logo\/image\/","url":"https:\/\/guineediversite.com\/wp-content\/uploads\/2017\/04\/cropped-1jojlxEOMkX9Wyqfhe43D6kjPOGqBBKmx3EwWJqZ0cMrFF54yM49.png","contentUrl":"https:\/\/guineediversite.com\/wp-content\/uploads\/2017\/04\/cropped-1jojlxEOMkX9Wyqfhe43D6kjPOGqBBKmx3EwWJqZ0cMrFF54yM49.png","width":186,"height":112,"caption":"Guin\u00e9e Diversit\u00e9"},"image":{"@id":"https:\/\/guineediversite.com\/#\/schema\/logo\/image\/"},"sameAs":["https:\/\/www.facebook.com\/guineediversite\/","https:\/\/x.com\/GuineeDiversite","https:\/\/www.youtube.com\/channel\/UC8sUY16qelG5ge6_D5SB83g"]},{"@type":"Person","@id":"https:\/\/guineediversite.com\/#\/schema\/person\/afa08fb34e7fc6e1feafc892612bc836","name":"Guin\u00e9e Diversit\u00e9","image":{"@type":"ImageObject","inLanguage":"fr-FR","@id":"https:\/\/guineediversite.com\/#\/schema\/person\/image\/","url":"https:\/\/secure.gravatar.com\/avatar\/50d5eb5b390f8b65ac30ac6f898eb83a?s=96&d=mm&r=g","contentUrl":"https:\/\/secure.gravatar.com\/avatar\/50d5eb5b390f8b65ac30ac6f898eb83a?s=96&d=mm&r=g","caption":"Guin\u00e9e Diversit\u00e9"},"url":"https:\/\/guineediversite.com\/index.php\/author\/guineediversite\/"}]}},"_links":{"self":[{"href":"https:\/\/guineediversite.com\/index.php\/wp-json\/wp\/v2\/posts\/28777"}],"collection":[{"href":"https:\/\/guineediversite.com\/index.php\/wp-json\/wp\/v2\/posts"}],"about":[{"href":"https:\/\/guineediversite.com\/index.php\/wp-json\/wp\/v2\/types\/post"}],"author":[{"embeddable":true,"href":"https:\/\/guineediversite.com\/index.php\/wp-json\/wp\/v2\/users\/12"}],"replies":[{"embeddable":true,"href":"https:\/\/guineediversite.com\/index.php\/wp-json\/wp\/v2\/comments?post=28777"}],"version-history":[{"count":1,"href":"https:\/\/guineediversite.com\/index.php\/wp-json\/wp\/v2\/posts\/28777\/revisions"}],"predecessor-version":[{"id":28779,"href":"https:\/\/guineediversite.com\/index.php\/wp-json\/wp\/v2\/posts\/28777\/revisions\/28779"}],"wp:featuredmedia":[{"embeddable":true,"href":"https:\/\/guineediversite.com\/index.php\/wp-json\/wp\/v2\/media\/28778"}],"wp:attachment":[{"href":"https:\/\/guineediversite.com\/index.php\/wp-json\/wp\/v2\/media?parent=28777"}],"wp:term":[{"taxonomy":"category","embeddable":true,"href":"https:\/\/guineediversite.com\/index.php\/wp-json\/wp\/v2\/categories?post=28777"},{"taxonomy":"post_tag","embeddable":true,"href":"https:\/\/guineediversite.com\/index.php\/wp-json\/wp\/v2\/tags?post=28777"}],"curies":[{"name":"wp","href":"https:\/\/api.w.org\/{rel}","templated":true}]}}