{"id":28774,"date":"2020-04-15T22:22:32","date_gmt":"2020-04-15T20:22:32","guid":{"rendered":"https:\/\/guineediversite.com\/?p=28774"},"modified":"2020-04-15T22:25:44","modified_gmt":"2020-04-15T20:25:44","slug":"coronavirus-lhumanite-face-a-la-pandemie-du-covid-19","status":"publish","type":"post","link":"https:\/\/guineediversite.com\/index.php\/2020\/04\/15\/coronavirus-lhumanite-face-a-la-pandemie-du-covid-19\/","title":{"rendered":"Coronavirus: L&rsquo;humanit\u00e9  face \u00e0 la pand\u00e9mie du COVID-19"},"content":{"rendered":"\n<p>Le nombre officiel de contaminations au Covid-19 dans le monde a franchi la barre des deux millions. Alors que les Etats-Unis enregistrent le pire bilan, avec plus de 2&nbsp;200 morts en 24 heures, le pr\u00e9sident am\u00e9ricain coupe les vivres \u00e0 l&rsquo;OMS qu&rsquo;il accuse de \u00ab&nbsp;mauvaise gestion&nbsp;\u00bb. En Europe, o\u00f9 la pand\u00e9mie ralentit l\u00e9g\u00e8rement, le Danemark est devenu le premier pays \u00e0 rouvrir ses \u00e9coles.<\/p>\n\n\n\n<p>L&rsquo;\u00e9pid\u00e9mie de coronavirus en France a fait au moins 17&nbsp;167 morts depuis d\u00e9but mars, dont 10&nbsp;643 \u00e0 l&rsquo;h\u00f4pital, selon le bilan officiel \u00e9tabli mercredi soir par le Directeur g\u00e9n\u00e9ral de la sant\u00e9, J\u00e9r\u00f4me Salomon. Un total de 6&nbsp;524 personnes malades du Covid-19 sont d\u00e9c\u00e9d\u00e9es dans des Ehpad et autres \u00e9tablissements m\u00e9dico-sociaux depuis le d\u00e9but de l&rsquo;\u00e9pid\u00e9mie, des chiffres en forte hausse sur les derni\u00e8res 24 heures, mais li\u00e9s \u00e0 un \u00ab&nbsp;rattrapage&nbsp;\u00bb dans les remont\u00e9es de donn\u00e9es, a soulign\u00e9 le Pr Salomon.<\/p>\n\n\n\n<p>Afin de remercier le personnel soignant en premi\u00e8re ligne contre le coronavirus, le Premier ministre Edouard Philippe a annonc\u00e9 le versement d&rsquo;une prime de 1&nbsp;500 euros pour tous les personnels des services de sant\u00e9 qui g\u00e8rent la crise du Covid-19 dans les d\u00e9partements les plus touch\u00e9s ainsi que des services ayant accueilli des patients Covid-19 dans les d\u00e9partements les moins touch\u00e9s. Les autres personnels de sant\u00e9 recevront une prime de 500 euros, \u00ab&nbsp;nettes de tout&nbsp;\u00bb, c&rsquo;est-\u00e0-dire exemptes de charges et d&rsquo;imp\u00f4ts.<\/p>\n","protected":false},"excerpt":{"rendered":"<p>Le nombre officiel de contaminations au Covid-19 dans le monde a franchi la barre des deux millions. Alors que les Etats-Unis enregistrent le pire bilan, avec plus de 2&nbsp;200 morts en 24 heures, le pr\u00e9sident am\u00e9ricain coupe les vivres \u00e0 l&rsquo;OMS qu&rsquo;il accuse de \u00ab&nbsp;mauvaise gestion&nbsp;\u00bb. En Europe, o\u00f9 la pand\u00e9mie ralentit l\u00e9g\u00e8rement, le Danemark [&hellip;]<\/p>\n","protected":false},"author":12,"featured_media":28775,"comment_status":"closed","ping_status":"closed","sticky":false,"template":"","format":"standard","meta":{"_exactmetrics_skip_tracking":false,"_exactmetrics_sitenote_active":false,"_exactmetrics_sitenote_note":"","_exactmetrics_sitenote_category":0,"tdm_status":"","tdm_grid_status":"","footnotes":""},"categories":[21],"tags":[],"class_list":{"0":"post-28774","1":"post","2":"type-post","3":"status-publish","4":"format-standard","5":"has-post-thumbnail","7":"category-international"},"yoast_head":"<!-- This site is optimized with the Yoast SEO plugin v24.2 - https:\/\/yoast.com\/wordpress\/plugins\/seo\/ -->\n<title>Coronavirus: L&#039;humanit\u00e9 face \u00e0 la pand\u00e9mie du COVID-19 | Guin\u00e9e Diversit\u00e9<\/title>\n<meta name=\"robots\" content=\"index, follow, max-snippet:-1, max-image-preview:large, max-video-preview:-1\" \/>\n<link rel=\"canonical\" href=\"https:\/\/guineediversite.com\/index.php\/2020\/04\/15\/coronavirus-lhumanite-face-a-la-pandemie-du-covid-19\/\" \/>\n<meta property=\"og:locale\" content=\"fr_FR\" \/>\n<meta property=\"og:type\" content=\"article\" \/>\n<meta property=\"og:title\" content=\"Coronavirus: L&#039;humanit\u00e9 face \u00e0 la pand\u00e9mie du COVID-19 | Guin\u00e9e Diversit\u00e9\" \/>\n<meta property=\"og:description\" content=\"Le nombre officiel de contaminations au Covid-19 dans le monde a franchi la barre des deux millions. Alors que les Etats-Unis enregistrent le pire bilan, avec plus de 2&nbsp;200 morts en 24 heures, le pr\u00e9sident am\u00e9ricain coupe les vivres \u00e0 l&rsquo;OMS qu&rsquo;il accuse de \u00ab&nbsp;mauvaise gestion&nbsp;\u00bb. En Europe, o\u00f9 la pand\u00e9mie ralentit l\u00e9g\u00e8rement, le Danemark [&hellip;]\" \/>\n<meta property=\"og:url\" content=\"https:\/\/guineediversite.com\/index.php\/2020\/04\/15\/coronavirus-lhumanite-face-a-la-pandemie-du-covid-19\/\" \/>\n<meta property=\"og:site_name\" content=\"Guin\u00e9e Diversit\u00e9\" \/>\n<meta property=\"article:publisher\" content=\"https:\/\/www.facebook.com\/guineediversite\/\" \/>\n<meta property=\"article:published_time\" content=\"2020-04-15T20:22:32+00:00\" \/>\n<meta property=\"article:modified_time\" content=\"2020-04-15T20:25:44+00:00\" \/>\n<meta property=\"og:image\" content=\"https:\/\/guineediversite.com\/wp-content\/uploads\/2020\/04\/GLO.jpg\" \/>\n\t<meta property=\"og:image:width\" content=\"2000\" \/>\n\t<meta property=\"og:image:height\" content=\"1500\" \/>\n\t<meta property=\"og:image:type\" content=\"image\/jpeg\" \/>\n<meta name=\"author\" content=\"Guin\u00e9e Diversit\u00e9\" \/>\n<meta name=\"twitter:card\" content=\"summary_large_image\" \/>\n<meta name=\"twitter:creator\" content=\"@GuineeDiversite\" \/>\n<meta name=\"twitter:site\" content=\"@GuineeDiversite\" \/>\n<meta name=\"twitter:label1\" content=\"\u00c9crit par\" \/>\n\t<meta name=\"twitter:data1\" content=\"Guin\u00e9e Diversit\u00e9\" \/>\n\t<meta name=\"twitter:label2\" content=\"Dur\u00e9e de lecture estim\u00e9e\" \/>\n\t<meta name=\"twitter:data2\" content=\"1 minute\" \/>\n<script type=\"application\/ld+json\" class=\"yoast-schema-graph\">{\"@context\":\"https:\/\/schema.org\",\"@graph\":[{\"@type\":\"Article\",\"@id\":\"https:\/\/guineediversite.com\/index.php\/2020\/04\/15\/coronavirus-lhumanite-face-a-la-pandemie-du-covid-19\/#article\",\"isPartOf\":{\"@id\":\"https:\/\/guineediversite.com\/index.php\/2020\/04\/15\/coronavirus-lhumanite-face-a-la-pandemie-du-covid-19\/\"},\"author\":{\"name\":\"Guin\u00e9e Diversit\u00e9\",\"@id\":\"https:\/\/guineediversite.com\/#\/schema\/person\/afa08fb34e7fc6e1feafc892612bc836\"},\"headline\":\"Coronavirus: L&rsquo;humanit\u00e9 face \u00e0 la pand\u00e9mie du COVID-19\",\"datePublished\":\"2020-04-15T20:22:32+00:00\",\"dateModified\":\"2020-04-15T20:25:44+00:00\",\"mainEntityOfPage\":{\"@id\":\"https:\/\/guineediversite.com\/index.php\/2020\/04\/15\/coronavirus-lhumanite-face-a-la-pandemie-du-covid-19\/\"},\"wordCount\":272,\"publisher\":{\"@id\":\"https:\/\/guineediversite.com\/#organization\"},\"image\":{\"@id\":\"https:\/\/guineediversite.com\/index.php\/2020\/04\/15\/coronavirus-lhumanite-face-a-la-pandemie-du-covid-19\/#primaryimage\"},\"thumbnailUrl\":\"https:\/\/guineediversite.com\/wp-content\/uploads\/2020\/04\/GLO.jpg\",\"articleSection\":[\"International\"],\"inLanguage\":\"fr-FR\"},{\"@type\":\"WebPage\",\"@id\":\"https:\/\/guineediversite.com\/index.php\/2020\/04\/15\/coronavirus-lhumanite-face-a-la-pandemie-du-covid-19\/\",\"url\":\"https:\/\/guineediversite.com\/index.php\/2020\/04\/15\/coronavirus-lhumanite-face-a-la-pandemie-du-covid-19\/\",\"name\":\"Coronavirus: L'humanit\u00e9 face \u00e0 la pand\u00e9mie du COVID-19 | Guin\u00e9e Diversit\u00e9\",\"isPartOf\":{\"@id\":\"https:\/\/guineediversite.com\/#website\"},\"primaryImageOfPage\":{\"@id\":\"https:\/\/guineediversite.com\/index.php\/2020\/04\/15\/coronavirus-lhumanite-face-a-la-pandemie-du-covid-19\/#primaryimage\"},\"image\":{\"@id\":\"https:\/\/guineediversite.com\/index.php\/2020\/04\/15\/coronavirus-lhumanite-face-a-la-pandemie-du-covid-19\/#primaryimage\"},\"thumbnailUrl\":\"https:\/\/guineediversite.com\/wp-content\/uploads\/2020\/04\/GLO.jpg\",\"datePublished\":\"2020-04-15T20:22:32+00:00\",\"dateModified\":\"2020-04-15T20:25:44+00:00\",\"breadcrumb\":{\"@id\":\"https:\/\/guineediversite.com\/index.php\/2020\/04\/15\/coronavirus-lhumanite-face-a-la-pandemie-du-covid-19\/#breadcrumb\"},\"inLanguage\":\"fr-FR\",\"potentialAction\":[{\"@type\":\"ReadAction\",\"target\":[\"https:\/\/guineediversite.com\/index.php\/2020\/04\/15\/coronavirus-lhumanite-face-a-la-pandemie-du-covid-19\/\"]}]},{\"@type\":\"ImageObject\",\"inLanguage\":\"fr-FR\",\"@id\":\"https:\/\/guineediversite.com\/index.php\/2020\/04\/15\/coronavirus-lhumanite-face-a-la-pandemie-du-covid-19\/#primaryimage\",\"url\":\"https:\/\/guineediversite.com\/wp-content\/uploads\/2020\/04\/GLO.jpg\",\"contentUrl\":\"https:\/\/guineediversite.com\/wp-content\/uploads\/2020\/04\/GLO.jpg\",\"width\":2000,\"height\":1500},{\"@type\":\"BreadcrumbList\",\"@id\":\"https:\/\/guineediversite.com\/index.php\/2020\/04\/15\/coronavirus-lhumanite-face-a-la-pandemie-du-covid-19\/#breadcrumb\",\"itemListElement\":[{\"@type\":\"ListItem\",\"position\":1,\"name\":\"Accueil\",\"item\":\"https:\/\/guineediversite.com\/\"},{\"@type\":\"ListItem\",\"position\":2,\"name\":\"Coronavirus: L&rsquo;humanit\u00e9 face \u00e0 la pand\u00e9mie du COVID-19\"}]},{\"@type\":\"WebSite\",\"@id\":\"https:\/\/guineediversite.com\/#website\",\"url\":\"https:\/\/guineediversite.com\/\",\"name\":\"Guin\u00e9e Diversit\u00e9\",\"description\":\"L&#039;Info dans toute sa diversit\u00e9\",\"publisher\":{\"@id\":\"https:\/\/guineediversite.com\/#organization\"},\"potentialAction\":[{\"@type\":\"SearchAction\",\"target\":{\"@type\":\"EntryPoint\",\"urlTemplate\":\"https:\/\/guineediversite.com\/?s={search_term_string}\"},\"query-input\":{\"@type\":\"PropertyValueSpecification\",\"valueRequired\":true,\"valueName\":\"search_term_string\"}}],\"inLanguage\":\"fr-FR\"},{\"@type\":\"Organization\",\"@id\":\"https:\/\/guineediversite.com\/#organization\",\"name\":\"Guin\u00e9e Diversit\u00e9\",\"url\":\"https:\/\/guineediversite.com\/\",\"logo\":{\"@type\":\"ImageObject\",\"inLanguage\":\"fr-FR\",\"@id\":\"https:\/\/guineediversite.com\/#\/schema\/logo\/image\/\",\"url\":\"https:\/\/guineediversite.com\/wp-content\/uploads\/2017\/04\/cropped-1jojlxEOMkX9Wyqfhe43D6kjPOGqBBKmx3EwWJqZ0cMrFF54yM49.png\",\"contentUrl\":\"https:\/\/guineediversite.com\/wp-content\/uploads\/2017\/04\/cropped-1jojlxEOMkX9Wyqfhe43D6kjPOGqBBKmx3EwWJqZ0cMrFF54yM49.png\",\"width\":186,\"height\":112,\"caption\":\"Guin\u00e9e Diversit\u00e9\"},\"image\":{\"@id\":\"https:\/\/guineediversite.com\/#\/schema\/logo\/image\/\"},\"sameAs\":[\"https:\/\/www.facebook.com\/guineediversite\/\",\"https:\/\/x.com\/GuineeDiversite\",\"https:\/\/www.youtube.com\/channel\/UC8sUY16qelG5ge6_D5SB83g\"]},{\"@type\":\"Person\",\"@id\":\"https:\/\/guineediversite.com\/#\/schema\/person\/afa08fb34e7fc6e1feafc892612bc836\",\"name\":\"Guin\u00e9e Diversit\u00e9\",\"image\":{\"@type\":\"ImageObject\",\"inLanguage\":\"fr-FR\",\"@id\":\"https:\/\/guineediversite.com\/#\/schema\/person\/image\/\",\"url\":\"https:\/\/secure.gravatar.com\/avatar\/50d5eb5b390f8b65ac30ac6f898eb83a?s=96&d=mm&r=g\",\"contentUrl\":\"https:\/\/secure.gravatar.com\/avatar\/50d5eb5b390f8b65ac30ac6f898eb83a?s=96&d=mm&r=g\",\"caption\":\"Guin\u00e9e Diversit\u00e9\"},\"url\":\"https:\/\/guineediversite.com\/index.php\/author\/guineediversite\/\"}]}<\/script>\n<!-- \/ Yoast SEO plugin. -->","yoast_head_json":{"title":"Coronavirus: L'humanit\u00e9 face \u00e0 la pand\u00e9mie du COVID-19 | Guin\u00e9e Diversit\u00e9","robots":{"index":"index","follow":"follow","max-snippet":"max-snippet:-1","max-image-preview":"max-image-preview:large","max-video-preview":"max-video-preview:-1"},"canonical":"https:\/\/guineediversite.com\/index.php\/2020\/04\/15\/coronavirus-lhumanite-face-a-la-pandemie-du-covid-19\/","og_locale":"fr_FR","og_type":"article","og_title":"Coronavirus: L'humanit\u00e9 face \u00e0 la pand\u00e9mie du COVID-19 | Guin\u00e9e Diversit\u00e9","og_description":"Le nombre officiel de contaminations au Covid-19 dans le monde a franchi la barre des deux millions. Alors que les Etats-Unis enregistrent le pire bilan, avec plus de 2&nbsp;200 morts en 24 heures, le pr\u00e9sident am\u00e9ricain coupe les vivres \u00e0 l&rsquo;OMS qu&rsquo;il accuse de \u00ab&nbsp;mauvaise gestion&nbsp;\u00bb. En Europe, o\u00f9 la pand\u00e9mie ralentit l\u00e9g\u00e8rement, le Danemark [&hellip;]","og_url":"https:\/\/guineediversite.com\/index.php\/2020\/04\/15\/coronavirus-lhumanite-face-a-la-pandemie-du-covid-19\/","og_site_name":"Guin\u00e9e Diversit\u00e9","article_publisher":"https:\/\/www.facebook.com\/guineediversite\/","article_published_time":"2020-04-15T20:22:32+00:00","article_modified_time":"2020-04-15T20:25:44+00:00","og_image":[{"width":2000,"height":1500,"url":"https:\/\/guineediversite.com\/wp-content\/uploads\/2020\/04\/GLO.jpg","type":"image\/jpeg"}],"author":"Guin\u00e9e Diversit\u00e9","twitter_card":"summary_large_image","twitter_creator":"@GuineeDiversite","twitter_site":"@GuineeDiversite","twitter_misc":{"\u00c9crit par":"Guin\u00e9e Diversit\u00e9","Dur\u00e9e de lecture estim\u00e9e":"1 minute"},"schema":{"@context":"https:\/\/schema.org","@graph":[{"@type":"Article","@id":"https:\/\/guineediversite.com\/index.php\/2020\/04\/15\/coronavirus-lhumanite-face-a-la-pandemie-du-covid-19\/#article","isPartOf":{"@id":"https:\/\/guineediversite.com\/index.php\/2020\/04\/15\/coronavirus-lhumanite-face-a-la-pandemie-du-covid-19\/"},"author":{"name":"Guin\u00e9e Diversit\u00e9","@id":"https:\/\/guineediversite.com\/#\/schema\/person\/afa08fb34e7fc6e1feafc892612bc836"},"headline":"Coronavirus: L&rsquo;humanit\u00e9 face \u00e0 la pand\u00e9mie du COVID-19","datePublished":"2020-04-15T20:22:32+00:00","dateModified":"2020-04-15T20:25:44+00:00","mainEntityOfPage":{"@id":"https:\/\/guineediversite.com\/index.php\/2020\/04\/15\/coronavirus-lhumanite-face-a-la-pandemie-du-covid-19\/"},"wordCount":272,"publisher":{"@id":"https:\/\/guineediversite.com\/#organization"},"image":{"@id":"https:\/\/guineediversite.com\/index.php\/2020\/04\/15\/coronavirus-lhumanite-face-a-la-pandemie-du-covid-19\/#primaryimage"},"thumbnailUrl":"https:\/\/guineediversite.com\/wp-content\/uploads\/2020\/04\/GLO.jpg","articleSection":["International"],"inLanguage":"fr-FR"},{"@type":"WebPage","@id":"https:\/\/guineediversite.com\/index.php\/2020\/04\/15\/coronavirus-lhumanite-face-a-la-pandemie-du-covid-19\/","url":"https:\/\/guineediversite.com\/index.php\/2020\/04\/15\/coronavirus-lhumanite-face-a-la-pandemie-du-covid-19\/","name":"Coronavirus: L'humanit\u00e9 face \u00e0 la pand\u00e9mie du COVID-19 | Guin\u00e9e Diversit\u00e9","isPartOf":{"@id":"https:\/\/guineediversite.com\/#website"},"primaryImageOfPage":{"@id":"https:\/\/guineediversite.com\/index.php\/2020\/04\/15\/coronavirus-lhumanite-face-a-la-pandemie-du-covid-19\/#primaryimage"},"image":{"@id":"https:\/\/guineediversite.com\/index.php\/2020\/04\/15\/coronavirus-lhumanite-face-a-la-pandemie-du-covid-19\/#primaryimage"},"thumbnailUrl":"https:\/\/guineediversite.com\/wp-content\/uploads\/2020\/04\/GLO.jpg","datePublished":"2020-04-15T20:22:32+00:00","dateModified":"2020-04-15T20:25:44+00:00","breadcrumb":{"@id":"https:\/\/guineediversite.com\/index.php\/2020\/04\/15\/coronavirus-lhumanite-face-a-la-pandemie-du-covid-19\/#breadcrumb"},"inLanguage":"fr-FR","potentialAction":[{"@type":"ReadAction","target":["https:\/\/guineediversite.com\/index.php\/2020\/04\/15\/coronavirus-lhumanite-face-a-la-pandemie-du-covid-19\/"]}]},{"@type":"ImageObject","inLanguage":"fr-FR","@id":"https:\/\/guineediversite.com\/index.php\/2020\/04\/15\/coronavirus-lhumanite-face-a-la-pandemie-du-covid-19\/#primaryimage","url":"https:\/\/guineediversite.com\/wp-content\/uploads\/2020\/04\/GLO.jpg","contentUrl":"https:\/\/guineediversite.com\/wp-content\/uploads\/2020\/04\/GLO.jpg","width":2000,"height":1500},{"@type":"BreadcrumbList","@id":"https:\/\/guineediversite.com\/index.php\/2020\/04\/15\/coronavirus-lhumanite-face-a-la-pandemie-du-covid-19\/#breadcrumb","itemListElement":[{"@type":"ListItem","position":1,"name":"Accueil","item":"https:\/\/guineediversite.com\/"},{"@type":"ListItem","position":2,"name":"Coronavirus: L&rsquo;humanit\u00e9 face \u00e0 la pand\u00e9mie du COVID-19"}]},{"@type":"WebSite","@id":"https:\/\/guineediversite.com\/#website","url":"https:\/\/guineediversite.com\/","name":"Guin\u00e9e Diversit\u00e9","description":"L&#039;Info dans toute sa diversit\u00e9","publisher":{"@id":"https:\/\/guineediversite.com\/#organization"},"potentialAction":[{"@type":"SearchAction","target":{"@type":"EntryPoint","urlTemplate":"https:\/\/guineediversite.com\/?s={search_term_string}"},"query-input":{"@type":"PropertyValueSpecification","valueRequired":true,"valueName":"search_term_string"}}],"inLanguage":"fr-FR"},{"@type":"Organization","@id":"https:\/\/guineediversite.com\/#organization","name":"Guin\u00e9e Diversit\u00e9","url":"https:\/\/guineediversite.com\/","logo":{"@type":"ImageObject","inLanguage":"fr-FR","@id":"https:\/\/guineediversite.com\/#\/schema\/logo\/image\/","url":"https:\/\/guineediversite.com\/wp-content\/uploads\/2017\/04\/cropped-1jojlxEOMkX9Wyqfhe43D6kjPOGqBBKmx3EwWJqZ0cMrFF54yM49.png","contentUrl":"https:\/\/guineediversite.com\/wp-content\/uploads\/2017\/04\/cropped-1jojlxEOMkX9Wyqfhe43D6kjPOGqBBKmx3EwWJqZ0cMrFF54yM49.png","width":186,"height":112,"caption":"Guin\u00e9e Diversit\u00e9"},"image":{"@id":"https:\/\/guineediversite.com\/#\/schema\/logo\/image\/"},"sameAs":["https:\/\/www.facebook.com\/guineediversite\/","https:\/\/x.com\/GuineeDiversite","https:\/\/www.youtube.com\/channel\/UC8sUY16qelG5ge6_D5SB83g"]},{"@type":"Person","@id":"https:\/\/guineediversite.com\/#\/schema\/person\/afa08fb34e7fc6e1feafc892612bc836","name":"Guin\u00e9e Diversit\u00e9","image":{"@type":"ImageObject","inLanguage":"fr-FR","@id":"https:\/\/guineediversite.com\/#\/schema\/person\/image\/","url":"https:\/\/secure.gravatar.com\/avatar\/50d5eb5b390f8b65ac30ac6f898eb83a?s=96&d=mm&r=g","contentUrl":"https:\/\/secure.gravatar.com\/avatar\/50d5eb5b390f8b65ac30ac6f898eb83a?s=96&d=mm&r=g","caption":"Guin\u00e9e Diversit\u00e9"},"url":"https:\/\/guineediversite.com\/index.php\/author\/guineediversite\/"}]}},"_links":{"self":[{"href":"https:\/\/guineediversite.com\/index.php\/wp-json\/wp\/v2\/posts\/28774"}],"collection":[{"href":"https:\/\/guineediversite.com\/index.php\/wp-json\/wp\/v2\/posts"}],"about":[{"href":"https:\/\/guineediversite.com\/index.php\/wp-json\/wp\/v2\/types\/post"}],"author":[{"embeddable":true,"href":"https:\/\/guineediversite.com\/index.php\/wp-json\/wp\/v2\/users\/12"}],"replies":[{"embeddable":true,"href":"https:\/\/guineediversite.com\/index.php\/wp-json\/wp\/v2\/comments?post=28774"}],"version-history":[{"count":1,"href":"https:\/\/guineediversite.com\/index.php\/wp-json\/wp\/v2\/posts\/28774\/revisions"}],"predecessor-version":[{"id":28776,"href":"https:\/\/guineediversite.com\/index.php\/wp-json\/wp\/v2\/posts\/28774\/revisions\/28776"}],"wp:featuredmedia":[{"embeddable":true,"href":"https:\/\/guineediversite.com\/index.php\/wp-json\/wp\/v2\/media\/28775"}],"wp:attachment":[{"href":"https:\/\/guineediversite.com\/index.php\/wp-json\/wp\/v2\/media?parent=28774"}],"wp:term":[{"taxonomy":"category","embeddable":true,"href":"https:\/\/guineediversite.com\/index.php\/wp-json\/wp\/v2\/categories?post=28774"},{"taxonomy":"post_tag","embeddable":true,"href":"https:\/\/guineediversite.com\/index.php\/wp-json\/wp\/v2\/tags?post=28774"}],"curies":[{"name":"wp","href":"https:\/\/api.w.org\/{rel}","templated":true}]}}