{"id":28771,"date":"2020-04-15T22:06:47","date_gmt":"2020-04-15T20:06:47","guid":{"rendered":"https:\/\/guineediversite.com\/?p=28771"},"modified":"2020-04-15T22:15:14","modified_gmt":"2020-04-15T20:15:14","slug":"conakry-trois-bus-de-transport-public-albaryak-partent-en-fumee","status":"publish","type":"post","link":"https:\/\/guineediversite.com\/index.php\/2020\/04\/15\/conakry-trois-bus-de-transport-public-albaryak-partent-en-fumee\/","title":{"rendered":"Conakry : Trois bus de transport public Albaryak partent en fum\u00e9e"},"content":{"rendered":"\n<p><strong>Au total trois bus guin\u00e9en g\u00e9r\u00e9s par la soci\u00e9t\u00e9 tuque Albaryak sont partis en fum\u00e9e ce mercredi \u00e0 la direction g\u00e9n\u00e9rale de ladite soci\u00e9t\u00e9 situ\u00e9e au quartier Matoto.<\/strong><\/p>\n\n\n\n<p>Il a fallu l\u2019intervention des sapeurs-pompiers de la protection civile et de la soci\u00e9t\u00e9 Topaz pour \u00e9tendre le feu qui a compl\u00e8tement endommag\u00e9 les trois bus immobilis\u00e9s pour des raisons de panne, selon le t\u00e9moignage d\u2019un employ\u00e9 rencontr\u00e9 sur place.<\/p>\n\n\n\n<p>&nbsp;Ghokan Ersoy, directeur g\u00e9n\u00e9ral d&rsquo;Albaryak, il affirme que c\u2019est vers 13h que l\u2019incendie s\u2019est d\u00e9clar\u00e9. \u00ab <em>On a vu la fum\u00e9e, on est venue. Donc on ne sait pas la cause. On a appel\u00e9 les sapeurs-pompiers et on a aussi essay\u00e9 de faire de notre mieux en attendant leur arriv\u00e9e\u2026 Je remercie la police, la gendarmerie, le personnel et tous ceux qui se sont investis pour \u00e9teindre le feu<\/em>\u00bb.<\/p>\n\n\n\n<p>Les employ\u00e9s qui \u00e9taient pr\u00e9sents au moment de l\u2019incendie estiment que l\u2019incendie provient d\u2019un caniveau dans lequel les marchands \u00e0 proximit\u00e9 brulent des ordures et qui se trouvent derri\u00e8re la cl\u00f4ture.<\/p>\n","protected":false},"excerpt":{"rendered":"<p>Au total trois bus guin\u00e9en g\u00e9r\u00e9s par la soci\u00e9t\u00e9 tuque Albaryak sont partis en fum\u00e9e ce mercredi \u00e0 la direction g\u00e9n\u00e9rale de ladite soci\u00e9t\u00e9 situ\u00e9e au quartier Matoto. Il a fallu l\u2019intervention des sapeurs-pompiers de la protection civile et de la soci\u00e9t\u00e9 Topaz pour \u00e9tendre le feu qui a compl\u00e8tement endommag\u00e9 les trois bus immobilis\u00e9s [&hellip;]<\/p>\n","protected":false},"author":10,"featured_media":28772,"comment_status":"closed","ping_status":"closed","sticky":false,"template":"","format":"standard","meta":{"_exactmetrics_skip_tracking":false,"_exactmetrics_sitenote_active":false,"_exactmetrics_sitenote_note":"","_exactmetrics_sitenote_category":0,"tdm_status":"","tdm_grid_status":"","footnotes":""},"categories":[16],"tags":[],"class_list":{"0":"post-28771","1":"post","2":"type-post","3":"status-publish","4":"format-standard","5":"has-post-thumbnail","7":"category-societe"},"yoast_head":"<!-- This site is optimized with the Yoast SEO plugin v24.2 - https:\/\/yoast.com\/wordpress\/plugins\/seo\/ -->\n<title>Conakry : Trois bus de transport public Albaryak partent en fum\u00e9e | Guin\u00e9e Diversit\u00e9<\/title>\n<meta name=\"robots\" content=\"index, follow, max-snippet:-1, max-image-preview:large, max-video-preview:-1\" \/>\n<link rel=\"canonical\" href=\"https:\/\/guineediversite.com\/index.php\/2020\/04\/15\/conakry-trois-bus-de-transport-public-albaryak-partent-en-fumee\/\" \/>\n<meta property=\"og:locale\" content=\"fr_FR\" \/>\n<meta property=\"og:type\" content=\"article\" \/>\n<meta property=\"og:title\" content=\"Conakry : Trois bus de transport public Albaryak partent en fum\u00e9e | Guin\u00e9e Diversit\u00e9\" \/>\n<meta property=\"og:description\" content=\"Au total trois bus guin\u00e9en g\u00e9r\u00e9s par la soci\u00e9t\u00e9 tuque Albaryak sont partis en fum\u00e9e ce mercredi \u00e0 la direction g\u00e9n\u00e9rale de ladite soci\u00e9t\u00e9 situ\u00e9e au quartier Matoto. Il a fallu l\u2019intervention des sapeurs-pompiers de la protection civile et de la soci\u00e9t\u00e9 Topaz pour \u00e9tendre le feu qui a compl\u00e8tement endommag\u00e9 les trois bus immobilis\u00e9s [&hellip;]\" \/>\n<meta property=\"og:url\" content=\"https:\/\/guineediversite.com\/index.php\/2020\/04\/15\/conakry-trois-bus-de-transport-public-albaryak-partent-en-fumee\/\" \/>\n<meta property=\"og:site_name\" content=\"Guin\u00e9e Diversit\u00e9\" \/>\n<meta property=\"article:publisher\" content=\"https:\/\/www.facebook.com\/guineediversite\/\" \/>\n<meta property=\"article:published_time\" content=\"2020-04-15T20:06:47+00:00\" \/>\n<meta property=\"article:modified_time\" content=\"2020-04-15T20:15:14+00:00\" \/>\n<meta property=\"og:image\" content=\"https:\/\/guineediversite.com\/wp-content\/uploads\/2020\/04\/received_521327318565715.jpeg\" \/>\n\t<meta property=\"og:image:width\" content=\"1440\" \/>\n\t<meta property=\"og:image:height\" content=\"810\" \/>\n\t<meta property=\"og:image:type\" content=\"image\/jpeg\" \/>\n<meta name=\"author\" content=\"Morcire Camara\" \/>\n<meta name=\"twitter:card\" content=\"summary_large_image\" \/>\n<meta name=\"twitter:creator\" content=\"@GuineeDiversite\" \/>\n<meta name=\"twitter:site\" content=\"@GuineeDiversite\" \/>\n<meta name=\"twitter:label1\" content=\"\u00c9crit par\" \/>\n\t<meta name=\"twitter:data1\" content=\"Morcire Camara\" \/>\n\t<meta name=\"twitter:label2\" content=\"Dur\u00e9e de lecture estim\u00e9e\" \/>\n\t<meta name=\"twitter:data2\" content=\"1 minute\" \/>\n<script type=\"application\/ld+json\" class=\"yoast-schema-graph\">{\"@context\":\"https:\/\/schema.org\",\"@graph\":[{\"@type\":\"Article\",\"@id\":\"https:\/\/guineediversite.com\/index.php\/2020\/04\/15\/conakry-trois-bus-de-transport-public-albaryak-partent-en-fumee\/#article\",\"isPartOf\":{\"@id\":\"https:\/\/guineediversite.com\/index.php\/2020\/04\/15\/conakry-trois-bus-de-transport-public-albaryak-partent-en-fumee\/\"},\"author\":{\"name\":\"Morcire Camara\",\"@id\":\"https:\/\/guineediversite.com\/#\/schema\/person\/fa362494c47202ce4b3adf55abcc9d01\"},\"headline\":\"Conakry : Trois bus de transport public Albaryak partent en fum\u00e9e\",\"datePublished\":\"2020-04-15T20:06:47+00:00\",\"dateModified\":\"2020-04-15T20:15:14+00:00\",\"mainEntityOfPage\":{\"@id\":\"https:\/\/guineediversite.com\/index.php\/2020\/04\/15\/conakry-trois-bus-de-transport-public-albaryak-partent-en-fumee\/\"},\"wordCount\":208,\"publisher\":{\"@id\":\"https:\/\/guineediversite.com\/#organization\"},\"image\":{\"@id\":\"https:\/\/guineediversite.com\/index.php\/2020\/04\/15\/conakry-trois-bus-de-transport-public-albaryak-partent-en-fumee\/#primaryimage\"},\"thumbnailUrl\":\"https:\/\/guineediversite.com\/wp-content\/uploads\/2020\/04\/received_521327318565715.jpeg\",\"articleSection\":[\"Soci\u00e9t\u00e9\"],\"inLanguage\":\"fr-FR\"},{\"@type\":\"WebPage\",\"@id\":\"https:\/\/guineediversite.com\/index.php\/2020\/04\/15\/conakry-trois-bus-de-transport-public-albaryak-partent-en-fumee\/\",\"url\":\"https:\/\/guineediversite.com\/index.php\/2020\/04\/15\/conakry-trois-bus-de-transport-public-albaryak-partent-en-fumee\/\",\"name\":\"Conakry : Trois bus de transport public Albaryak partent en fum\u00e9e | Guin\u00e9e Diversit\u00e9\",\"isPartOf\":{\"@id\":\"https:\/\/guineediversite.com\/#website\"},\"primaryImageOfPage\":{\"@id\":\"https:\/\/guineediversite.com\/index.php\/2020\/04\/15\/conakry-trois-bus-de-transport-public-albaryak-partent-en-fumee\/#primaryimage\"},\"image\":{\"@id\":\"https:\/\/guineediversite.com\/index.php\/2020\/04\/15\/conakry-trois-bus-de-transport-public-albaryak-partent-en-fumee\/#primaryimage\"},\"thumbnailUrl\":\"https:\/\/guineediversite.com\/wp-content\/uploads\/2020\/04\/received_521327318565715.jpeg\",\"datePublished\":\"2020-04-15T20:06:47+00:00\",\"dateModified\":\"2020-04-15T20:15:14+00:00\",\"breadcrumb\":{\"@id\":\"https:\/\/guineediversite.com\/index.php\/2020\/04\/15\/conakry-trois-bus-de-transport-public-albaryak-partent-en-fumee\/#breadcrumb\"},\"inLanguage\":\"fr-FR\",\"potentialAction\":[{\"@type\":\"ReadAction\",\"target\":[\"https:\/\/guineediversite.com\/index.php\/2020\/04\/15\/conakry-trois-bus-de-transport-public-albaryak-partent-en-fumee\/\"]}]},{\"@type\":\"ImageObject\",\"inLanguage\":\"fr-FR\",\"@id\":\"https:\/\/guineediversite.com\/index.php\/2020\/04\/15\/conakry-trois-bus-de-transport-public-albaryak-partent-en-fumee\/#primaryimage\",\"url\":\"https:\/\/guineediversite.com\/wp-content\/uploads\/2020\/04\/received_521327318565715.jpeg\",\"contentUrl\":\"https:\/\/guineediversite.com\/wp-content\/uploads\/2020\/04\/received_521327318565715.jpeg\",\"width\":1440,\"height\":810},{\"@type\":\"BreadcrumbList\",\"@id\":\"https:\/\/guineediversite.com\/index.php\/2020\/04\/15\/conakry-trois-bus-de-transport-public-albaryak-partent-en-fumee\/#breadcrumb\",\"itemListElement\":[{\"@type\":\"ListItem\",\"position\":1,\"name\":\"Accueil\",\"item\":\"https:\/\/guineediversite.com\/\"},{\"@type\":\"ListItem\",\"position\":2,\"name\":\"Conakry : Trois bus de transport public Albaryak partent en fum\u00e9e\"}]},{\"@type\":\"WebSite\",\"@id\":\"https:\/\/guineediversite.com\/#website\",\"url\":\"https:\/\/guineediversite.com\/\",\"name\":\"Guin\u00e9e Diversit\u00e9\",\"description\":\"L&#039;Info dans toute sa diversit\u00e9\",\"publisher\":{\"@id\":\"https:\/\/guineediversite.com\/#organization\"},\"potentialAction\":[{\"@type\":\"SearchAction\",\"target\":{\"@type\":\"EntryPoint\",\"urlTemplate\":\"https:\/\/guineediversite.com\/?s={search_term_string}\"},\"query-input\":{\"@type\":\"PropertyValueSpecification\",\"valueRequired\":true,\"valueName\":\"search_term_string\"}}],\"inLanguage\":\"fr-FR\"},{\"@type\":\"Organization\",\"@id\":\"https:\/\/guineediversite.com\/#organization\",\"name\":\"Guin\u00e9e Diversit\u00e9\",\"url\":\"https:\/\/guineediversite.com\/\",\"logo\":{\"@type\":\"ImageObject\",\"inLanguage\":\"fr-FR\",\"@id\":\"https:\/\/guineediversite.com\/#\/schema\/logo\/image\/\",\"url\":\"https:\/\/guineediversite.com\/wp-content\/uploads\/2017\/04\/cropped-1jojlxEOMkX9Wyqfhe43D6kjPOGqBBKmx3EwWJqZ0cMrFF54yM49.png\",\"contentUrl\":\"https:\/\/guineediversite.com\/wp-content\/uploads\/2017\/04\/cropped-1jojlxEOMkX9Wyqfhe43D6kjPOGqBBKmx3EwWJqZ0cMrFF54yM49.png\",\"width\":186,\"height\":112,\"caption\":\"Guin\u00e9e Diversit\u00e9\"},\"image\":{\"@id\":\"https:\/\/guineediversite.com\/#\/schema\/logo\/image\/\"},\"sameAs\":[\"https:\/\/www.facebook.com\/guineediversite\/\",\"https:\/\/x.com\/GuineeDiversite\",\"https:\/\/www.youtube.com\/channel\/UC8sUY16qelG5ge6_D5SB83g\"]},{\"@type\":\"Person\",\"@id\":\"https:\/\/guineediversite.com\/#\/schema\/person\/fa362494c47202ce4b3adf55abcc9d01\",\"name\":\"Morcire Camara\",\"image\":{\"@type\":\"ImageObject\",\"inLanguage\":\"fr-FR\",\"@id\":\"https:\/\/guineediversite.com\/#\/schema\/person\/image\/\",\"url\":\"https:\/\/secure.gravatar.com\/avatar\/3ec324f02295bbcebe03d99b39330ab4?s=96&d=mm&r=g\",\"contentUrl\":\"https:\/\/secure.gravatar.com\/avatar\/3ec324f02295bbcebe03d99b39330ab4?s=96&d=mm&r=g\",\"caption\":\"Morcire Camara\"},\"url\":\"https:\/\/guineediversite.com\/index.php\/author\/morcire\/\"}]}<\/script>\n<!-- \/ Yoast SEO plugin. -->","yoast_head_json":{"title":"Conakry : Trois bus de transport public Albaryak partent en fum\u00e9e | Guin\u00e9e Diversit\u00e9","robots":{"index":"index","follow":"follow","max-snippet":"max-snippet:-1","max-image-preview":"max-image-preview:large","max-video-preview":"max-video-preview:-1"},"canonical":"https:\/\/guineediversite.com\/index.php\/2020\/04\/15\/conakry-trois-bus-de-transport-public-albaryak-partent-en-fumee\/","og_locale":"fr_FR","og_type":"article","og_title":"Conakry : Trois bus de transport public Albaryak partent en fum\u00e9e | Guin\u00e9e Diversit\u00e9","og_description":"Au total trois bus guin\u00e9en g\u00e9r\u00e9s par la soci\u00e9t\u00e9 tuque Albaryak sont partis en fum\u00e9e ce mercredi \u00e0 la direction g\u00e9n\u00e9rale de ladite soci\u00e9t\u00e9 situ\u00e9e au quartier Matoto. Il a fallu l\u2019intervention des sapeurs-pompiers de la protection civile et de la soci\u00e9t\u00e9 Topaz pour \u00e9tendre le feu qui a compl\u00e8tement endommag\u00e9 les trois bus immobilis\u00e9s [&hellip;]","og_url":"https:\/\/guineediversite.com\/index.php\/2020\/04\/15\/conakry-trois-bus-de-transport-public-albaryak-partent-en-fumee\/","og_site_name":"Guin\u00e9e Diversit\u00e9","article_publisher":"https:\/\/www.facebook.com\/guineediversite\/","article_published_time":"2020-04-15T20:06:47+00:00","article_modified_time":"2020-04-15T20:15:14+00:00","og_image":[{"width":1440,"height":810,"url":"https:\/\/guineediversite.com\/wp-content\/uploads\/2020\/04\/received_521327318565715.jpeg","type":"image\/jpeg"}],"author":"Morcire Camara","twitter_card":"summary_large_image","twitter_creator":"@GuineeDiversite","twitter_site":"@GuineeDiversite","twitter_misc":{"\u00c9crit par":"Morcire Camara","Dur\u00e9e de lecture estim\u00e9e":"1 minute"},"schema":{"@context":"https:\/\/schema.org","@graph":[{"@type":"Article","@id":"https:\/\/guineediversite.com\/index.php\/2020\/04\/15\/conakry-trois-bus-de-transport-public-albaryak-partent-en-fumee\/#article","isPartOf":{"@id":"https:\/\/guineediversite.com\/index.php\/2020\/04\/15\/conakry-trois-bus-de-transport-public-albaryak-partent-en-fumee\/"},"author":{"name":"Morcire Camara","@id":"https:\/\/guineediversite.com\/#\/schema\/person\/fa362494c47202ce4b3adf55abcc9d01"},"headline":"Conakry : Trois bus de transport public Albaryak partent en fum\u00e9e","datePublished":"2020-04-15T20:06:47+00:00","dateModified":"2020-04-15T20:15:14+00:00","mainEntityOfPage":{"@id":"https:\/\/guineediversite.com\/index.php\/2020\/04\/15\/conakry-trois-bus-de-transport-public-albaryak-partent-en-fumee\/"},"wordCount":208,"publisher":{"@id":"https:\/\/guineediversite.com\/#organization"},"image":{"@id":"https:\/\/guineediversite.com\/index.php\/2020\/04\/15\/conakry-trois-bus-de-transport-public-albaryak-partent-en-fumee\/#primaryimage"},"thumbnailUrl":"https:\/\/guineediversite.com\/wp-content\/uploads\/2020\/04\/received_521327318565715.jpeg","articleSection":["Soci\u00e9t\u00e9"],"inLanguage":"fr-FR"},{"@type":"WebPage","@id":"https:\/\/guineediversite.com\/index.php\/2020\/04\/15\/conakry-trois-bus-de-transport-public-albaryak-partent-en-fumee\/","url":"https:\/\/guineediversite.com\/index.php\/2020\/04\/15\/conakry-trois-bus-de-transport-public-albaryak-partent-en-fumee\/","name":"Conakry : Trois bus de transport public Albaryak partent en fum\u00e9e | Guin\u00e9e Diversit\u00e9","isPartOf":{"@id":"https:\/\/guineediversite.com\/#website"},"primaryImageOfPage":{"@id":"https:\/\/guineediversite.com\/index.php\/2020\/04\/15\/conakry-trois-bus-de-transport-public-albaryak-partent-en-fumee\/#primaryimage"},"image":{"@id":"https:\/\/guineediversite.com\/index.php\/2020\/04\/15\/conakry-trois-bus-de-transport-public-albaryak-partent-en-fumee\/#primaryimage"},"thumbnailUrl":"https:\/\/guineediversite.com\/wp-content\/uploads\/2020\/04\/received_521327318565715.jpeg","datePublished":"2020-04-15T20:06:47+00:00","dateModified":"2020-04-15T20:15:14+00:00","breadcrumb":{"@id":"https:\/\/guineediversite.com\/index.php\/2020\/04\/15\/conakry-trois-bus-de-transport-public-albaryak-partent-en-fumee\/#breadcrumb"},"inLanguage":"fr-FR","potentialAction":[{"@type":"ReadAction","target":["https:\/\/guineediversite.com\/index.php\/2020\/04\/15\/conakry-trois-bus-de-transport-public-albaryak-partent-en-fumee\/"]}]},{"@type":"ImageObject","inLanguage":"fr-FR","@id":"https:\/\/guineediversite.com\/index.php\/2020\/04\/15\/conakry-trois-bus-de-transport-public-albaryak-partent-en-fumee\/#primaryimage","url":"https:\/\/guineediversite.com\/wp-content\/uploads\/2020\/04\/received_521327318565715.jpeg","contentUrl":"https:\/\/guineediversite.com\/wp-content\/uploads\/2020\/04\/received_521327318565715.jpeg","width":1440,"height":810},{"@type":"BreadcrumbList","@id":"https:\/\/guineediversite.com\/index.php\/2020\/04\/15\/conakry-trois-bus-de-transport-public-albaryak-partent-en-fumee\/#breadcrumb","itemListElement":[{"@type":"ListItem","position":1,"name":"Accueil","item":"https:\/\/guineediversite.com\/"},{"@type":"ListItem","position":2,"name":"Conakry : Trois bus de transport public Albaryak partent en fum\u00e9e"}]},{"@type":"WebSite","@id":"https:\/\/guineediversite.com\/#website","url":"https:\/\/guineediversite.com\/","name":"Guin\u00e9e Diversit\u00e9","description":"L&#039;Info dans toute sa diversit\u00e9","publisher":{"@id":"https:\/\/guineediversite.com\/#organization"},"potentialAction":[{"@type":"SearchAction","target":{"@type":"EntryPoint","urlTemplate":"https:\/\/guineediversite.com\/?s={search_term_string}"},"query-input":{"@type":"PropertyValueSpecification","valueRequired":true,"valueName":"search_term_string"}}],"inLanguage":"fr-FR"},{"@type":"Organization","@id":"https:\/\/guineediversite.com\/#organization","name":"Guin\u00e9e Diversit\u00e9","url":"https:\/\/guineediversite.com\/","logo":{"@type":"ImageObject","inLanguage":"fr-FR","@id":"https:\/\/guineediversite.com\/#\/schema\/logo\/image\/","url":"https:\/\/guineediversite.com\/wp-content\/uploads\/2017\/04\/cropped-1jojlxEOMkX9Wyqfhe43D6kjPOGqBBKmx3EwWJqZ0cMrFF54yM49.png","contentUrl":"https:\/\/guineediversite.com\/wp-content\/uploads\/2017\/04\/cropped-1jojlxEOMkX9Wyqfhe43D6kjPOGqBBKmx3EwWJqZ0cMrFF54yM49.png","width":186,"height":112,"caption":"Guin\u00e9e Diversit\u00e9"},"image":{"@id":"https:\/\/guineediversite.com\/#\/schema\/logo\/image\/"},"sameAs":["https:\/\/www.facebook.com\/guineediversite\/","https:\/\/x.com\/GuineeDiversite","https:\/\/www.youtube.com\/channel\/UC8sUY16qelG5ge6_D5SB83g"]},{"@type":"Person","@id":"https:\/\/guineediversite.com\/#\/schema\/person\/fa362494c47202ce4b3adf55abcc9d01","name":"Morcire Camara","image":{"@type":"ImageObject","inLanguage":"fr-FR","@id":"https:\/\/guineediversite.com\/#\/schema\/person\/image\/","url":"https:\/\/secure.gravatar.com\/avatar\/3ec324f02295bbcebe03d99b39330ab4?s=96&d=mm&r=g","contentUrl":"https:\/\/secure.gravatar.com\/avatar\/3ec324f02295bbcebe03d99b39330ab4?s=96&d=mm&r=g","caption":"Morcire Camara"},"url":"https:\/\/guineediversite.com\/index.php\/author\/morcire\/"}]}},"_links":{"self":[{"href":"https:\/\/guineediversite.com\/index.php\/wp-json\/wp\/v2\/posts\/28771"}],"collection":[{"href":"https:\/\/guineediversite.com\/index.php\/wp-json\/wp\/v2\/posts"}],"about":[{"href":"https:\/\/guineediversite.com\/index.php\/wp-json\/wp\/v2\/types\/post"}],"author":[{"embeddable":true,"href":"https:\/\/guineediversite.com\/index.php\/wp-json\/wp\/v2\/users\/10"}],"replies":[{"embeddable":true,"href":"https:\/\/guineediversite.com\/index.php\/wp-json\/wp\/v2\/comments?post=28771"}],"version-history":[{"count":1,"href":"https:\/\/guineediversite.com\/index.php\/wp-json\/wp\/v2\/posts\/28771\/revisions"}],"predecessor-version":[{"id":28773,"href":"https:\/\/guineediversite.com\/index.php\/wp-json\/wp\/v2\/posts\/28771\/revisions\/28773"}],"wp:featuredmedia":[{"embeddable":true,"href":"https:\/\/guineediversite.com\/index.php\/wp-json\/wp\/v2\/media\/28772"}],"wp:attachment":[{"href":"https:\/\/guineediversite.com\/index.php\/wp-json\/wp\/v2\/media?parent=28771"}],"wp:term":[{"taxonomy":"category","embeddable":true,"href":"https:\/\/guineediversite.com\/index.php\/wp-json\/wp\/v2\/categories?post=28771"},{"taxonomy":"post_tag","embeddable":true,"href":"https:\/\/guineediversite.com\/index.php\/wp-json\/wp\/v2\/tags?post=28771"}],"curies":[{"name":"wp","href":"https:\/\/api.w.org\/{rel}","templated":true}]}}