{"id":28768,"date":"2020-04-15T16:56:17","date_gmt":"2020-04-15T14:56:17","guid":{"rendered":"https:\/\/guineediversite.com\/?p=28768"},"modified":"2020-04-15T16:56:19","modified_gmt":"2020-04-15T14:56:19","slug":"ramadan-en-periode-du-covid-19-un-accord-en-vue-entre-le-ministre-du-commerce-et-des-commercants-pour-le-maintien-des-prix-des-denrees-de-premiere-necessite","status":"publish","type":"post","link":"https:\/\/guineediversite.com\/index.php\/2020\/04\/15\/ramadan-en-periode-du-covid-19-un-accord-en-vue-entre-le-ministre-du-commerce-et-des-commercants-pour-le-maintien-des-prix-des-denrees-de-premiere-necessite\/","title":{"rendered":"Ramadan en p\u00e9riode du COVID-19 : Un accord  en vue entre le ministre du commerce et des commer\u00e7ants pour le maintien des prix des denr\u00e9es de premi\u00e8re n\u00e9cessit\u00e9"},"content":{"rendered":"\n<p><strong>Le plus souvent en Guin\u00e9e, le prix des denr\u00e9es alimentaires est en hausse durant la p\u00e9riode du ramadan. Cette ann\u00e9e l\u2019approche du mois de ramadan co\u00efncide \u00e0 la crise sanitaire li\u00e9e \u00e0 la maladie du coronavirus.<\/strong><\/p>\n\n\n\n<p>Cette double situations (COVID-19, Ramadan) ne sera pas chose ais\u00e9 pour les fid\u00e8les musulmans, vu les proc\u00e9dures mises en place par l\u2019autorit\u00e9 dans l\u2019optique de freiner la propagation de la pand\u00e9mie COVID-19, pour qui sait que la majorit\u00e9 des Guin\u00e9ens vit du quotidien.<\/p>\n\n\n\n<p>Interrog\u00e9 sur les ondes de nos confr\u00e8res d\u2019Espace FM ce mardi, le ministre guin\u00e9en en charge du commerce, a au pr\u00e9ambule rassur\u00e9 les animateurs sur le niveau de s\u00e9curit\u00e9 alimentaire. \u00ab <em>Nous avons, les stocks qu\u2019il faut encore jusqu\u2019aux mois de juin, juillet. Et j\u2019esp\u00e8re que les ports maritimes o\u00f9 nous approvisionnons le plus souvent vont ouvrir d\u2019ici pour que nous puissions nous approvisionner et ravitailler le pays, puisque nous avons d\u00e9j\u00e0 des bateaux en attente. Donc \u00e0 ce niveau nous ne sommes pas tr\u00e8s inquiets<\/em> \u00bb a-t-il d\u00e9roul\u00e9.<\/p>\n\n\n\n<p>Loin, il s\u2019est exprim\u00e9 sur les prix des denr\u00e9es de premi\u00e8re n\u00e9cessit\u00e9 sur le march\u00e9 qui est une des priorit\u00e9s des Guin\u00e9ens en cette p\u00e9riode de crise sanitaire, Boubacar Barry dira : \u00ab <em>nous avons une loi qui consacre la libert\u00e9 des prix. Et cette loi d\u00e9finit \u00e9galement une structuration qui permet \u00e0 l\u2019op\u00e9rateur de d\u00e9terminer le prix de revenu de son produit \u00bb. Avant de souligner : \u00ab donc puisque nous sommes en accord avec un certain nombre de commer\u00e7ant qui alimente le march\u00e9, nous allons nous entendre avec eux pour homologuer ces prix-l\u00e0 et fixer les prix tels qu\u2019ils ont \u00e9t\u00e9 jusqu\u2019\u00e0 maintenant. Cela serait sanctionn\u00e9 par un arr\u00eat\u00e9 conjoint de ministre du commerce et du ministre du budget (\u2026) \u00bb.<\/em><\/p>\n\n\n\n<p>Le ministre Big-Up a avant de terminer l\u2019entretien, pr\u00e9cis\u00e9 que cet accord avec les commer\u00e7ants ne va concerner que les denr\u00e9es de premi\u00e8re n\u00e9cessit\u00e9 \u00e0 savoir, le Riz, l\u2019huile, le sucre, la tomate, l\u2019oignon etc.\u2026<\/p>\n","protected":false},"excerpt":{"rendered":"<p>Le plus souvent en Guin\u00e9e, le prix des denr\u00e9es alimentaires est en hausse durant la p\u00e9riode du ramadan. Cette ann\u00e9e l\u2019approche du mois de ramadan co\u00efncide \u00e0 la crise sanitaire li\u00e9e \u00e0 la maladie du coronavirus. Cette double situations (COVID-19, Ramadan) ne sera pas chose ais\u00e9 pour les fid\u00e8les musulmans, vu les proc\u00e9dures mises en [&hellip;]<\/p>\n","protected":false},"author":7,"featured_media":28769,"comment_status":"closed","ping_status":"closed","sticky":false,"template":"","format":"standard","meta":{"_exactmetrics_skip_tracking":false,"_exactmetrics_sitenote_active":false,"_exactmetrics_sitenote_note":"","_exactmetrics_sitenote_category":0,"tdm_status":"","tdm_grid_status":"","footnotes":""},"categories":[16],"tags":[],"class_list":{"0":"post-28768","1":"post","2":"type-post","3":"status-publish","4":"format-standard","5":"has-post-thumbnail","7":"category-societe"},"yoast_head":"<!-- This site is optimized with the Yoast SEO plugin v24.2 - https:\/\/yoast.com\/wordpress\/plugins\/seo\/ -->\n<title>Ramadan en p\u00e9riode du COVID-19 : Un accord en vue entre le ministre du commerce et des commer\u00e7ants pour le maintien des prix des denr\u00e9es de premi\u00e8re n\u00e9cessit\u00e9 | Guin\u00e9e Diversit\u00e9<\/title>\n<meta name=\"robots\" content=\"index, follow, max-snippet:-1, max-image-preview:large, max-video-preview:-1\" \/>\n<link rel=\"canonical\" href=\"https:\/\/guineediversite.com\/index.php\/2020\/04\/15\/ramadan-en-periode-du-covid-19-un-accord-en-vue-entre-le-ministre-du-commerce-et-des-commercants-pour-le-maintien-des-prix-des-denrees-de-premiere-necessite\/\" \/>\n<meta property=\"og:locale\" content=\"fr_FR\" \/>\n<meta property=\"og:type\" content=\"article\" \/>\n<meta property=\"og:title\" content=\"Ramadan en p\u00e9riode du COVID-19 : Un accord en vue entre le ministre du commerce et des commer\u00e7ants pour le maintien des prix des denr\u00e9es de premi\u00e8re n\u00e9cessit\u00e9 | Guin\u00e9e Diversit\u00e9\" \/>\n<meta property=\"og:description\" content=\"Le plus souvent en Guin\u00e9e, le prix des denr\u00e9es alimentaires est en hausse durant la p\u00e9riode du ramadan. Cette ann\u00e9e l\u2019approche du mois de ramadan co\u00efncide \u00e0 la crise sanitaire li\u00e9e \u00e0 la maladie du coronavirus. Cette double situations (COVID-19, Ramadan) ne sera pas chose ais\u00e9 pour les fid\u00e8les musulmans, vu les proc\u00e9dures mises en [&hellip;]\" \/>\n<meta property=\"og:url\" content=\"https:\/\/guineediversite.com\/index.php\/2020\/04\/15\/ramadan-en-periode-du-covid-19-un-accord-en-vue-entre-le-ministre-du-commerce-et-des-commercants-pour-le-maintien-des-prix-des-denrees-de-premiere-necessite\/\" \/>\n<meta property=\"og:site_name\" content=\"Guin\u00e9e Diversit\u00e9\" \/>\n<meta property=\"article:publisher\" content=\"https:\/\/www.facebook.com\/guineediversite\/\" \/>\n<meta property=\"article:published_time\" content=\"2020-04-15T14:56:17+00:00\" \/>\n<meta property=\"article:modified_time\" content=\"2020-04-15T14:56:19+00:00\" \/>\n<meta property=\"og:image\" content=\"https:\/\/guineediversite.com\/wp-content\/uploads\/2020\/04\/Boubacar-Barry.jpg\" \/>\n\t<meta property=\"og:image:width\" content=\"2000\" \/>\n\t<meta property=\"og:image:height\" content=\"1147\" \/>\n\t<meta property=\"og:image:type\" content=\"image\/jpeg\" \/>\n<meta name=\"author\" content=\"Bilguissa Diallo\" \/>\n<meta name=\"twitter:card\" content=\"summary_large_image\" \/>\n<meta name=\"twitter:creator\" content=\"@GuineeDiversite\" \/>\n<meta name=\"twitter:site\" content=\"@GuineeDiversite\" \/>\n<meta name=\"twitter:label1\" content=\"\u00c9crit par\" \/>\n\t<meta name=\"twitter:data1\" content=\"Bilguissa Diallo\" \/>\n\t<meta name=\"twitter:label2\" content=\"Dur\u00e9e de lecture estim\u00e9e\" \/>\n\t<meta name=\"twitter:data2\" content=\"2 minutes\" \/>\n<script type=\"application\/ld+json\" class=\"yoast-schema-graph\">{\"@context\":\"https:\/\/schema.org\",\"@graph\":[{\"@type\":\"Article\",\"@id\":\"https:\/\/guineediversite.com\/index.php\/2020\/04\/15\/ramadan-en-periode-du-covid-19-un-accord-en-vue-entre-le-ministre-du-commerce-et-des-commercants-pour-le-maintien-des-prix-des-denrees-de-premiere-necessite\/#article\",\"isPartOf\":{\"@id\":\"https:\/\/guineediversite.com\/index.php\/2020\/04\/15\/ramadan-en-periode-du-covid-19-un-accord-en-vue-entre-le-ministre-du-commerce-et-des-commercants-pour-le-maintien-des-prix-des-denrees-de-premiere-necessite\/\"},\"author\":{\"name\":\"Bilguissa Diallo\",\"@id\":\"https:\/\/guineediversite.com\/#\/schema\/person\/0e0e3e424768a50d025ac2218ccca73f\"},\"headline\":\"Ramadan en p\u00e9riode du COVID-19 : Un accord en vue entre le ministre du commerce et des commer\u00e7ants pour le maintien des prix des denr\u00e9es de premi\u00e8re n\u00e9cessit\u00e9\",\"datePublished\":\"2020-04-15T14:56:17+00:00\",\"dateModified\":\"2020-04-15T14:56:19+00:00\",\"mainEntityOfPage\":{\"@id\":\"https:\/\/guineediversite.com\/index.php\/2020\/04\/15\/ramadan-en-periode-du-covid-19-un-accord-en-vue-entre-le-ministre-du-commerce-et-des-commercants-pour-le-maintien-des-prix-des-denrees-de-premiere-necessite\/\"},\"wordCount\":392,\"publisher\":{\"@id\":\"https:\/\/guineediversite.com\/#organization\"},\"image\":{\"@id\":\"https:\/\/guineediversite.com\/index.php\/2020\/04\/15\/ramadan-en-periode-du-covid-19-un-accord-en-vue-entre-le-ministre-du-commerce-et-des-commercants-pour-le-maintien-des-prix-des-denrees-de-premiere-necessite\/#primaryimage\"},\"thumbnailUrl\":\"https:\/\/guineediversite.com\/wp-content\/uploads\/2020\/04\/Boubacar-Barry.jpg\",\"articleSection\":[\"Soci\u00e9t\u00e9\"],\"inLanguage\":\"fr-FR\"},{\"@type\":\"WebPage\",\"@id\":\"https:\/\/guineediversite.com\/index.php\/2020\/04\/15\/ramadan-en-periode-du-covid-19-un-accord-en-vue-entre-le-ministre-du-commerce-et-des-commercants-pour-le-maintien-des-prix-des-denrees-de-premiere-necessite\/\",\"url\":\"https:\/\/guineediversite.com\/index.php\/2020\/04\/15\/ramadan-en-periode-du-covid-19-un-accord-en-vue-entre-le-ministre-du-commerce-et-des-commercants-pour-le-maintien-des-prix-des-denrees-de-premiere-necessite\/\",\"name\":\"Ramadan en p\u00e9riode du COVID-19 : Un accord en vue entre le ministre du commerce et des commer\u00e7ants pour le maintien des prix des denr\u00e9es de premi\u00e8re n\u00e9cessit\u00e9 | Guin\u00e9e Diversit\u00e9\",\"isPartOf\":{\"@id\":\"https:\/\/guineediversite.com\/#website\"},\"primaryImageOfPage\":{\"@id\":\"https:\/\/guineediversite.com\/index.php\/2020\/04\/15\/ramadan-en-periode-du-covid-19-un-accord-en-vue-entre-le-ministre-du-commerce-et-des-commercants-pour-le-maintien-des-prix-des-denrees-de-premiere-necessite\/#primaryimage\"},\"image\":{\"@id\":\"https:\/\/guineediversite.com\/index.php\/2020\/04\/15\/ramadan-en-periode-du-covid-19-un-accord-en-vue-entre-le-ministre-du-commerce-et-des-commercants-pour-le-maintien-des-prix-des-denrees-de-premiere-necessite\/#primaryimage\"},\"thumbnailUrl\":\"https:\/\/guineediversite.com\/wp-content\/uploads\/2020\/04\/Boubacar-Barry.jpg\",\"datePublished\":\"2020-04-15T14:56:17+00:00\",\"dateModified\":\"2020-04-15T14:56:19+00:00\",\"breadcrumb\":{\"@id\":\"https:\/\/guineediversite.com\/index.php\/2020\/04\/15\/ramadan-en-periode-du-covid-19-un-accord-en-vue-entre-le-ministre-du-commerce-et-des-commercants-pour-le-maintien-des-prix-des-denrees-de-premiere-necessite\/#breadcrumb\"},\"inLanguage\":\"fr-FR\",\"potentialAction\":[{\"@type\":\"ReadAction\",\"target\":[\"https:\/\/guineediversite.com\/index.php\/2020\/04\/15\/ramadan-en-periode-du-covid-19-un-accord-en-vue-entre-le-ministre-du-commerce-et-des-commercants-pour-le-maintien-des-prix-des-denrees-de-premiere-necessite\/\"]}]},{\"@type\":\"ImageObject\",\"inLanguage\":\"fr-FR\",\"@id\":\"https:\/\/guineediversite.com\/index.php\/2020\/04\/15\/ramadan-en-periode-du-covid-19-un-accord-en-vue-entre-le-ministre-du-commerce-et-des-commercants-pour-le-maintien-des-prix-des-denrees-de-premiere-necessite\/#primaryimage\",\"url\":\"https:\/\/guineediversite.com\/wp-content\/uploads\/2020\/04\/Boubacar-Barry.jpg\",\"contentUrl\":\"https:\/\/guineediversite.com\/wp-content\/uploads\/2020\/04\/Boubacar-Barry.jpg\",\"width\":2000,\"height\":1147},{\"@type\":\"BreadcrumbList\",\"@id\":\"https:\/\/guineediversite.com\/index.php\/2020\/04\/15\/ramadan-en-periode-du-covid-19-un-accord-en-vue-entre-le-ministre-du-commerce-et-des-commercants-pour-le-maintien-des-prix-des-denrees-de-premiere-necessite\/#breadcrumb\",\"itemListElement\":[{\"@type\":\"ListItem\",\"position\":1,\"name\":\"Accueil\",\"item\":\"https:\/\/guineediversite.com\/\"},{\"@type\":\"ListItem\",\"position\":2,\"name\":\"Ramadan en p\u00e9riode du COVID-19 : Un accord en vue entre le ministre du commerce et des commer\u00e7ants pour le maintien des prix des denr\u00e9es de premi\u00e8re n\u00e9cessit\u00e9\"}]},{\"@type\":\"WebSite\",\"@id\":\"https:\/\/guineediversite.com\/#website\",\"url\":\"https:\/\/guineediversite.com\/\",\"name\":\"Guin\u00e9e Diversit\u00e9\",\"description\":\"L&#039;Info dans toute sa diversit\u00e9\",\"publisher\":{\"@id\":\"https:\/\/guineediversite.com\/#organization\"},\"potentialAction\":[{\"@type\":\"SearchAction\",\"target\":{\"@type\":\"EntryPoint\",\"urlTemplate\":\"https:\/\/guineediversite.com\/?s={search_term_string}\"},\"query-input\":{\"@type\":\"PropertyValueSpecification\",\"valueRequired\":true,\"valueName\":\"search_term_string\"}}],\"inLanguage\":\"fr-FR\"},{\"@type\":\"Organization\",\"@id\":\"https:\/\/guineediversite.com\/#organization\",\"name\":\"Guin\u00e9e Diversit\u00e9\",\"url\":\"https:\/\/guineediversite.com\/\",\"logo\":{\"@type\":\"ImageObject\",\"inLanguage\":\"fr-FR\",\"@id\":\"https:\/\/guineediversite.com\/#\/schema\/logo\/image\/\",\"url\":\"https:\/\/guineediversite.com\/wp-content\/uploads\/2017\/04\/cropped-1jojlxEOMkX9Wyqfhe43D6kjPOGqBBKmx3EwWJqZ0cMrFF54yM49.png\",\"contentUrl\":\"https:\/\/guineediversite.com\/wp-content\/uploads\/2017\/04\/cropped-1jojlxEOMkX9Wyqfhe43D6kjPOGqBBKmx3EwWJqZ0cMrFF54yM49.png\",\"width\":186,\"height\":112,\"caption\":\"Guin\u00e9e Diversit\u00e9\"},\"image\":{\"@id\":\"https:\/\/guineediversite.com\/#\/schema\/logo\/image\/\"},\"sameAs\":[\"https:\/\/www.facebook.com\/guineediversite\/\",\"https:\/\/x.com\/GuineeDiversite\",\"https:\/\/www.youtube.com\/channel\/UC8sUY16qelG5ge6_D5SB83g\"]},{\"@type\":\"Person\",\"@id\":\"https:\/\/guineediversite.com\/#\/schema\/person\/0e0e3e424768a50d025ac2218ccca73f\",\"name\":\"Bilguissa Diallo\",\"image\":{\"@type\":\"ImageObject\",\"inLanguage\":\"fr-FR\",\"@id\":\"https:\/\/guineediversite.com\/#\/schema\/person\/image\/\",\"url\":\"https:\/\/secure.gravatar.com\/avatar\/49bbbd2420ee34d62b1b191791f4b5df?s=96&d=mm&r=g\",\"contentUrl\":\"https:\/\/secure.gravatar.com\/avatar\/49bbbd2420ee34d62b1b191791f4b5df?s=96&d=mm&r=g\",\"caption\":\"Bilguissa Diallo\"},\"url\":\"https:\/\/guineediversite.com\/index.php\/author\/bilguissa\/\"}]}<\/script>\n<!-- \/ Yoast SEO plugin. -->","yoast_head_json":{"title":"Ramadan en p\u00e9riode du COVID-19 : Un accord en vue entre le ministre du commerce et des commer\u00e7ants pour le maintien des prix des denr\u00e9es de premi\u00e8re n\u00e9cessit\u00e9 | Guin\u00e9e Diversit\u00e9","robots":{"index":"index","follow":"follow","max-snippet":"max-snippet:-1","max-image-preview":"max-image-preview:large","max-video-preview":"max-video-preview:-1"},"canonical":"https:\/\/guineediversite.com\/index.php\/2020\/04\/15\/ramadan-en-periode-du-covid-19-un-accord-en-vue-entre-le-ministre-du-commerce-et-des-commercants-pour-le-maintien-des-prix-des-denrees-de-premiere-necessite\/","og_locale":"fr_FR","og_type":"article","og_title":"Ramadan en p\u00e9riode du COVID-19 : Un accord en vue entre le ministre du commerce et des commer\u00e7ants pour le maintien des prix des denr\u00e9es de premi\u00e8re n\u00e9cessit\u00e9 | Guin\u00e9e Diversit\u00e9","og_description":"Le plus souvent en Guin\u00e9e, le prix des denr\u00e9es alimentaires est en hausse durant la p\u00e9riode du ramadan. Cette ann\u00e9e l\u2019approche du mois de ramadan co\u00efncide \u00e0 la crise sanitaire li\u00e9e \u00e0 la maladie du coronavirus. Cette double situations (COVID-19, Ramadan) ne sera pas chose ais\u00e9 pour les fid\u00e8les musulmans, vu les proc\u00e9dures mises en [&hellip;]","og_url":"https:\/\/guineediversite.com\/index.php\/2020\/04\/15\/ramadan-en-periode-du-covid-19-un-accord-en-vue-entre-le-ministre-du-commerce-et-des-commercants-pour-le-maintien-des-prix-des-denrees-de-premiere-necessite\/","og_site_name":"Guin\u00e9e Diversit\u00e9","article_publisher":"https:\/\/www.facebook.com\/guineediversite\/","article_published_time":"2020-04-15T14:56:17+00:00","article_modified_time":"2020-04-15T14:56:19+00:00","og_image":[{"width":2000,"height":1147,"url":"https:\/\/guineediversite.com\/wp-content\/uploads\/2020\/04\/Boubacar-Barry.jpg","type":"image\/jpeg"}],"author":"Bilguissa Diallo","twitter_card":"summary_large_image","twitter_creator":"@GuineeDiversite","twitter_site":"@GuineeDiversite","twitter_misc":{"\u00c9crit par":"Bilguissa Diallo","Dur\u00e9e de lecture estim\u00e9e":"2 minutes"},"schema":{"@context":"https:\/\/schema.org","@graph":[{"@type":"Article","@id":"https:\/\/guineediversite.com\/index.php\/2020\/04\/15\/ramadan-en-periode-du-covid-19-un-accord-en-vue-entre-le-ministre-du-commerce-et-des-commercants-pour-le-maintien-des-prix-des-denrees-de-premiere-necessite\/#article","isPartOf":{"@id":"https:\/\/guineediversite.com\/index.php\/2020\/04\/15\/ramadan-en-periode-du-covid-19-un-accord-en-vue-entre-le-ministre-du-commerce-et-des-commercants-pour-le-maintien-des-prix-des-denrees-de-premiere-necessite\/"},"author":{"name":"Bilguissa Diallo","@id":"https:\/\/guineediversite.com\/#\/schema\/person\/0e0e3e424768a50d025ac2218ccca73f"},"headline":"Ramadan en p\u00e9riode du COVID-19 : Un accord en vue entre le ministre du commerce et des commer\u00e7ants pour le maintien des prix des denr\u00e9es de premi\u00e8re n\u00e9cessit\u00e9","datePublished":"2020-04-15T14:56:17+00:00","dateModified":"2020-04-15T14:56:19+00:00","mainEntityOfPage":{"@id":"https:\/\/guineediversite.com\/index.php\/2020\/04\/15\/ramadan-en-periode-du-covid-19-un-accord-en-vue-entre-le-ministre-du-commerce-et-des-commercants-pour-le-maintien-des-prix-des-denrees-de-premiere-necessite\/"},"wordCount":392,"publisher":{"@id":"https:\/\/guineediversite.com\/#organization"},"image":{"@id":"https:\/\/guineediversite.com\/index.php\/2020\/04\/15\/ramadan-en-periode-du-covid-19-un-accord-en-vue-entre-le-ministre-du-commerce-et-des-commercants-pour-le-maintien-des-prix-des-denrees-de-premiere-necessite\/#primaryimage"},"thumbnailUrl":"https:\/\/guineediversite.com\/wp-content\/uploads\/2020\/04\/Boubacar-Barry.jpg","articleSection":["Soci\u00e9t\u00e9"],"inLanguage":"fr-FR"},{"@type":"WebPage","@id":"https:\/\/guineediversite.com\/index.php\/2020\/04\/15\/ramadan-en-periode-du-covid-19-un-accord-en-vue-entre-le-ministre-du-commerce-et-des-commercants-pour-le-maintien-des-prix-des-denrees-de-premiere-necessite\/","url":"https:\/\/guineediversite.com\/index.php\/2020\/04\/15\/ramadan-en-periode-du-covid-19-un-accord-en-vue-entre-le-ministre-du-commerce-et-des-commercants-pour-le-maintien-des-prix-des-denrees-de-premiere-necessite\/","name":"Ramadan en p\u00e9riode du COVID-19 : Un accord en vue entre le ministre du commerce et des commer\u00e7ants pour le maintien des prix des denr\u00e9es de premi\u00e8re n\u00e9cessit\u00e9 | Guin\u00e9e Diversit\u00e9","isPartOf":{"@id":"https:\/\/guineediversite.com\/#website"},"primaryImageOfPage":{"@id":"https:\/\/guineediversite.com\/index.php\/2020\/04\/15\/ramadan-en-periode-du-covid-19-un-accord-en-vue-entre-le-ministre-du-commerce-et-des-commercants-pour-le-maintien-des-prix-des-denrees-de-premiere-necessite\/#primaryimage"},"image":{"@id":"https:\/\/guineediversite.com\/index.php\/2020\/04\/15\/ramadan-en-periode-du-covid-19-un-accord-en-vue-entre-le-ministre-du-commerce-et-des-commercants-pour-le-maintien-des-prix-des-denrees-de-premiere-necessite\/#primaryimage"},"thumbnailUrl":"https:\/\/guineediversite.com\/wp-content\/uploads\/2020\/04\/Boubacar-Barry.jpg","datePublished":"2020-04-15T14:56:17+00:00","dateModified":"2020-04-15T14:56:19+00:00","breadcrumb":{"@id":"https:\/\/guineediversite.com\/index.php\/2020\/04\/15\/ramadan-en-periode-du-covid-19-un-accord-en-vue-entre-le-ministre-du-commerce-et-des-commercants-pour-le-maintien-des-prix-des-denrees-de-premiere-necessite\/#breadcrumb"},"inLanguage":"fr-FR","potentialAction":[{"@type":"ReadAction","target":["https:\/\/guineediversite.com\/index.php\/2020\/04\/15\/ramadan-en-periode-du-covid-19-un-accord-en-vue-entre-le-ministre-du-commerce-et-des-commercants-pour-le-maintien-des-prix-des-denrees-de-premiere-necessite\/"]}]},{"@type":"ImageObject","inLanguage":"fr-FR","@id":"https:\/\/guineediversite.com\/index.php\/2020\/04\/15\/ramadan-en-periode-du-covid-19-un-accord-en-vue-entre-le-ministre-du-commerce-et-des-commercants-pour-le-maintien-des-prix-des-denrees-de-premiere-necessite\/#primaryimage","url":"https:\/\/guineediversite.com\/wp-content\/uploads\/2020\/04\/Boubacar-Barry.jpg","contentUrl":"https:\/\/guineediversite.com\/wp-content\/uploads\/2020\/04\/Boubacar-Barry.jpg","width":2000,"height":1147},{"@type":"BreadcrumbList","@id":"https:\/\/guineediversite.com\/index.php\/2020\/04\/15\/ramadan-en-periode-du-covid-19-un-accord-en-vue-entre-le-ministre-du-commerce-et-des-commercants-pour-le-maintien-des-prix-des-denrees-de-premiere-necessite\/#breadcrumb","itemListElement":[{"@type":"ListItem","position":1,"name":"Accueil","item":"https:\/\/guineediversite.com\/"},{"@type":"ListItem","position":2,"name":"Ramadan en p\u00e9riode du COVID-19 : Un accord en vue entre le ministre du commerce et des commer\u00e7ants pour le maintien des prix des denr\u00e9es de premi\u00e8re n\u00e9cessit\u00e9"}]},{"@type":"WebSite","@id":"https:\/\/guineediversite.com\/#website","url":"https:\/\/guineediversite.com\/","name":"Guin\u00e9e Diversit\u00e9","description":"L&#039;Info dans toute sa diversit\u00e9","publisher":{"@id":"https:\/\/guineediversite.com\/#organization"},"potentialAction":[{"@type":"SearchAction","target":{"@type":"EntryPoint","urlTemplate":"https:\/\/guineediversite.com\/?s={search_term_string}"},"query-input":{"@type":"PropertyValueSpecification","valueRequired":true,"valueName":"search_term_string"}}],"inLanguage":"fr-FR"},{"@type":"Organization","@id":"https:\/\/guineediversite.com\/#organization","name":"Guin\u00e9e Diversit\u00e9","url":"https:\/\/guineediversite.com\/","logo":{"@type":"ImageObject","inLanguage":"fr-FR","@id":"https:\/\/guineediversite.com\/#\/schema\/logo\/image\/","url":"https:\/\/guineediversite.com\/wp-content\/uploads\/2017\/04\/cropped-1jojlxEOMkX9Wyqfhe43D6kjPOGqBBKmx3EwWJqZ0cMrFF54yM49.png","contentUrl":"https:\/\/guineediversite.com\/wp-content\/uploads\/2017\/04\/cropped-1jojlxEOMkX9Wyqfhe43D6kjPOGqBBKmx3EwWJqZ0cMrFF54yM49.png","width":186,"height":112,"caption":"Guin\u00e9e Diversit\u00e9"},"image":{"@id":"https:\/\/guineediversite.com\/#\/schema\/logo\/image\/"},"sameAs":["https:\/\/www.facebook.com\/guineediversite\/","https:\/\/x.com\/GuineeDiversite","https:\/\/www.youtube.com\/channel\/UC8sUY16qelG5ge6_D5SB83g"]},{"@type":"Person","@id":"https:\/\/guineediversite.com\/#\/schema\/person\/0e0e3e424768a50d025ac2218ccca73f","name":"Bilguissa Diallo","image":{"@type":"ImageObject","inLanguage":"fr-FR","@id":"https:\/\/guineediversite.com\/#\/schema\/person\/image\/","url":"https:\/\/secure.gravatar.com\/avatar\/49bbbd2420ee34d62b1b191791f4b5df?s=96&d=mm&r=g","contentUrl":"https:\/\/secure.gravatar.com\/avatar\/49bbbd2420ee34d62b1b191791f4b5df?s=96&d=mm&r=g","caption":"Bilguissa Diallo"},"url":"https:\/\/guineediversite.com\/index.php\/author\/bilguissa\/"}]}},"_links":{"self":[{"href":"https:\/\/guineediversite.com\/index.php\/wp-json\/wp\/v2\/posts\/28768"}],"collection":[{"href":"https:\/\/guineediversite.com\/index.php\/wp-json\/wp\/v2\/posts"}],"about":[{"href":"https:\/\/guineediversite.com\/index.php\/wp-json\/wp\/v2\/types\/post"}],"author":[{"embeddable":true,"href":"https:\/\/guineediversite.com\/index.php\/wp-json\/wp\/v2\/users\/7"}],"replies":[{"embeddable":true,"href":"https:\/\/guineediversite.com\/index.php\/wp-json\/wp\/v2\/comments?post=28768"}],"version-history":[{"count":1,"href":"https:\/\/guineediversite.com\/index.php\/wp-json\/wp\/v2\/posts\/28768\/revisions"}],"predecessor-version":[{"id":28770,"href":"https:\/\/guineediversite.com\/index.php\/wp-json\/wp\/v2\/posts\/28768\/revisions\/28770"}],"wp:featuredmedia":[{"embeddable":true,"href":"https:\/\/guineediversite.com\/index.php\/wp-json\/wp\/v2\/media\/28769"}],"wp:attachment":[{"href":"https:\/\/guineediversite.com\/index.php\/wp-json\/wp\/v2\/media?parent=28768"}],"wp:term":[{"taxonomy":"category","embeddable":true,"href":"https:\/\/guineediversite.com\/index.php\/wp-json\/wp\/v2\/categories?post=28768"},{"taxonomy":"post_tag","embeddable":true,"href":"https:\/\/guineediversite.com\/index.php\/wp-json\/wp\/v2\/tags?post=28768"}],"curies":[{"name":"wp","href":"https:\/\/api.w.org\/{rel}","templated":true}]}}