{"id":28752,"date":"2020-04-14T23:22:21","date_gmt":"2020-04-14T21:22:21","guid":{"rendered":"https:\/\/guineediversite.com\/?p=28752"},"modified":"2020-04-14T23:23:38","modified_gmt":"2020-04-14T21:23:38","slug":"campagne-de-desinfection-des-marches-le-ministre-du-commerce-explique-les-procedures","status":"publish","type":"post","link":"https:\/\/guineediversite.com\/index.php\/2020\/04\/14\/campagne-de-desinfection-des-marches-le-ministre-du-commerce-explique-les-procedures\/","title":{"rendered":"Campagne de d\u00e9sinfection des march\u00e9s: le ministre du commerce explique les proc\u00e9dures"},"content":{"rendered":"\n<p><strong>La mesure prise par le minist\u00e8re du commerce pour la d\u00e9sinfection des diff\u00e9rents march\u00e9s de Conakry se poursuivra comme suit : \u00e0 partir du samedi 18 avril prochain, les march\u00e9s de la capitale guin\u00e9enne ouvriront \u00e0 8 heures matin et seront ferm\u00e9s au plus tard \u00e0 16 hs 30 minutes. C\u2019est une d\u00e9cision du minist\u00e8re du d\u00e9partement du commerce, afin de freiner la propagation de la maladie du COVID-19, qui selon l\u2019autorit\u00e9 sanitaire prend une allure inqui\u00e9tante dans le pays.<\/strong><\/p>\n\n\n\n<p>Joint au t\u00e9l\u00e9phone par nos confr\u00e8res de la radio Espace FM, ce matin, le premier responsable du d\u00e9partement a \u00e0 l\u2019entame de ces propos \u00e9nonc\u00e9s que ces mesures ne sont pas une interdiction, mais au contraire \u00ab <em>une restriction du temps d&rsquo;utilisation des march\u00e9s afin de permettre aux structures concern\u00e9es d&rsquo;apporter le plus n\u00e9cessaire au nettoyage des march\u00e9s, pour que nous puissions les d\u00e9sinfecter<\/em> \u00bb.<\/p>\n\n\n\n<p>le ministre Boubacar Barry alias \u00ab\u00a0Big-Up\u00a0\u00bb a \u00e9lucid\u00e9 : \u00ab <em>dans notre programmation, les march\u00e9s ouvrent \u00e0 8 h, il ferme \u00e0 16 h. Nous donnons \u00e0 peu pr\u00e8s 30 minutes aux gens de d\u00e9gager les affaires. De 16 hs 30 minutes \u00e0 18 hs 30 minutes, les march\u00e9s sont nettoy\u00e9s et ensuite la d\u00e9sinfection est effectu\u00e9e par les services comp\u00e9tents (&#8230;). La d\u00e9sinfection ne se fera pas qu&rsquo;une seule fois. C&rsquo;est un processus, qui se fera r\u00e9guli\u00e8rement<\/em> \u00bb. loin, M. Barry \u00ab\u00a0Big-Up\u00a0\u00bb a \u00e9voqu\u00e9 les march\u00e9s Madina et Matoto sont les plus grands obstacles dans cette campagne de d\u00e9sinfection qui doit s\u2019\u00e9tendre sur plusieurs mois.<\/p>\n","protected":false},"excerpt":{"rendered":"<p>La mesure prise par le minist\u00e8re du commerce pour la d\u00e9sinfection des diff\u00e9rents march\u00e9s de Conakry se poursuivra comme suit : \u00e0 partir du samedi 18 avril prochain, les march\u00e9s de la capitale guin\u00e9enne ouvriront \u00e0 8 heures matin et seront ferm\u00e9s au plus tard \u00e0 16 hs 30 minutes. C\u2019est une d\u00e9cision du minist\u00e8re [&hellip;]<\/p>\n","protected":false},"author":10,"featured_media":28753,"comment_status":"closed","ping_status":"closed","sticky":false,"template":"","format":"standard","meta":{"_exactmetrics_skip_tracking":false,"_exactmetrics_sitenote_active":false,"_exactmetrics_sitenote_note":"","_exactmetrics_sitenote_category":0,"tdm_status":"","tdm_grid_status":"","footnotes":""},"categories":[16],"tags":[],"class_list":{"0":"post-28752","1":"post","2":"type-post","3":"status-publish","4":"format-standard","5":"has-post-thumbnail","7":"category-societe"},"yoast_head":"<!-- This site is optimized with the Yoast SEO plugin v24.2 - https:\/\/yoast.com\/wordpress\/plugins\/seo\/ -->\n<title>Campagne de d\u00e9sinfection des march\u00e9s: le ministre du commerce explique les proc\u00e9dures | Guin\u00e9e Diversit\u00e9<\/title>\n<meta name=\"robots\" content=\"index, follow, max-snippet:-1, max-image-preview:large, max-video-preview:-1\" \/>\n<link rel=\"canonical\" href=\"https:\/\/guineediversite.com\/index.php\/2020\/04\/14\/campagne-de-desinfection-des-marches-le-ministre-du-commerce-explique-les-procedures\/\" \/>\n<meta property=\"og:locale\" content=\"fr_FR\" \/>\n<meta property=\"og:type\" content=\"article\" \/>\n<meta property=\"og:title\" content=\"Campagne de d\u00e9sinfection des march\u00e9s: le ministre du commerce explique les proc\u00e9dures | Guin\u00e9e Diversit\u00e9\" \/>\n<meta property=\"og:description\" content=\"La mesure prise par le minist\u00e8re du commerce pour la d\u00e9sinfection des diff\u00e9rents march\u00e9s de Conakry se poursuivra comme suit : \u00e0 partir du samedi 18 avril prochain, les march\u00e9s de la capitale guin\u00e9enne ouvriront \u00e0 8 heures matin et seront ferm\u00e9s au plus tard \u00e0 16 hs 30 minutes. C\u2019est une d\u00e9cision du minist\u00e8re [&hellip;]\" \/>\n<meta property=\"og:url\" content=\"https:\/\/guineediversite.com\/index.php\/2020\/04\/14\/campagne-de-desinfection-des-marches-le-ministre-du-commerce-explique-les-procedures\/\" \/>\n<meta property=\"og:site_name\" content=\"Guin\u00e9e Diversit\u00e9\" \/>\n<meta property=\"article:publisher\" content=\"https:\/\/www.facebook.com\/guineediversite\/\" \/>\n<meta property=\"article:published_time\" content=\"2020-04-14T21:22:21+00:00\" \/>\n<meta property=\"article:modified_time\" content=\"2020-04-14T21:23:38+00:00\" \/>\n<meta property=\"og:image\" content=\"https:\/\/guineediversite.com\/wp-content\/uploads\/2020\/04\/Boubacar-Barry-Big-up.jpg\" \/>\n\t<meta property=\"og:image:width\" content=\"1500\" \/>\n\t<meta property=\"og:image:height\" content=\"1125\" \/>\n\t<meta property=\"og:image:type\" content=\"image\/jpeg\" \/>\n<meta name=\"author\" content=\"Morcire Camara\" \/>\n<meta name=\"twitter:card\" content=\"summary_large_image\" \/>\n<meta name=\"twitter:creator\" content=\"@GuineeDiversite\" \/>\n<meta name=\"twitter:site\" content=\"@GuineeDiversite\" \/>\n<meta name=\"twitter:label1\" content=\"\u00c9crit par\" \/>\n\t<meta name=\"twitter:data1\" content=\"Morcire Camara\" \/>\n\t<meta name=\"twitter:label2\" content=\"Dur\u00e9e de lecture estim\u00e9e\" \/>\n\t<meta name=\"twitter:data2\" content=\"1 minute\" \/>\n<script type=\"application\/ld+json\" class=\"yoast-schema-graph\">{\"@context\":\"https:\/\/schema.org\",\"@graph\":[{\"@type\":\"Article\",\"@id\":\"https:\/\/guineediversite.com\/index.php\/2020\/04\/14\/campagne-de-desinfection-des-marches-le-ministre-du-commerce-explique-les-procedures\/#article\",\"isPartOf\":{\"@id\":\"https:\/\/guineediversite.com\/index.php\/2020\/04\/14\/campagne-de-desinfection-des-marches-le-ministre-du-commerce-explique-les-procedures\/\"},\"author\":{\"name\":\"Morcire Camara\",\"@id\":\"https:\/\/guineediversite.com\/#\/schema\/person\/fa362494c47202ce4b3adf55abcc9d01\"},\"headline\":\"Campagne de d\u00e9sinfection des march\u00e9s: le ministre du commerce explique les proc\u00e9dures\",\"datePublished\":\"2020-04-14T21:22:21+00:00\",\"dateModified\":\"2020-04-14T21:23:38+00:00\",\"mainEntityOfPage\":{\"@id\":\"https:\/\/guineediversite.com\/index.php\/2020\/04\/14\/campagne-de-desinfection-des-marches-le-ministre-du-commerce-explique-les-procedures\/\"},\"wordCount\":282,\"publisher\":{\"@id\":\"https:\/\/guineediversite.com\/#organization\"},\"image\":{\"@id\":\"https:\/\/guineediversite.com\/index.php\/2020\/04\/14\/campagne-de-desinfection-des-marches-le-ministre-du-commerce-explique-les-procedures\/#primaryimage\"},\"thumbnailUrl\":\"https:\/\/guineediversite.com\/wp-content\/uploads\/2020\/04\/Boubacar-Barry-Big-up.jpg\",\"articleSection\":[\"Soci\u00e9t\u00e9\"],\"inLanguage\":\"fr-FR\"},{\"@type\":\"WebPage\",\"@id\":\"https:\/\/guineediversite.com\/index.php\/2020\/04\/14\/campagne-de-desinfection-des-marches-le-ministre-du-commerce-explique-les-procedures\/\",\"url\":\"https:\/\/guineediversite.com\/index.php\/2020\/04\/14\/campagne-de-desinfection-des-marches-le-ministre-du-commerce-explique-les-procedures\/\",\"name\":\"Campagne de d\u00e9sinfection des march\u00e9s: le ministre du commerce explique les proc\u00e9dures | Guin\u00e9e Diversit\u00e9\",\"isPartOf\":{\"@id\":\"https:\/\/guineediversite.com\/#website\"},\"primaryImageOfPage\":{\"@id\":\"https:\/\/guineediversite.com\/index.php\/2020\/04\/14\/campagne-de-desinfection-des-marches-le-ministre-du-commerce-explique-les-procedures\/#primaryimage\"},\"image\":{\"@id\":\"https:\/\/guineediversite.com\/index.php\/2020\/04\/14\/campagne-de-desinfection-des-marches-le-ministre-du-commerce-explique-les-procedures\/#primaryimage\"},\"thumbnailUrl\":\"https:\/\/guineediversite.com\/wp-content\/uploads\/2020\/04\/Boubacar-Barry-Big-up.jpg\",\"datePublished\":\"2020-04-14T21:22:21+00:00\",\"dateModified\":\"2020-04-14T21:23:38+00:00\",\"breadcrumb\":{\"@id\":\"https:\/\/guineediversite.com\/index.php\/2020\/04\/14\/campagne-de-desinfection-des-marches-le-ministre-du-commerce-explique-les-procedures\/#breadcrumb\"},\"inLanguage\":\"fr-FR\",\"potentialAction\":[{\"@type\":\"ReadAction\",\"target\":[\"https:\/\/guineediversite.com\/index.php\/2020\/04\/14\/campagne-de-desinfection-des-marches-le-ministre-du-commerce-explique-les-procedures\/\"]}]},{\"@type\":\"ImageObject\",\"inLanguage\":\"fr-FR\",\"@id\":\"https:\/\/guineediversite.com\/index.php\/2020\/04\/14\/campagne-de-desinfection-des-marches-le-ministre-du-commerce-explique-les-procedures\/#primaryimage\",\"url\":\"https:\/\/guineediversite.com\/wp-content\/uploads\/2020\/04\/Boubacar-Barry-Big-up.jpg\",\"contentUrl\":\"https:\/\/guineediversite.com\/wp-content\/uploads\/2020\/04\/Boubacar-Barry-Big-up.jpg\",\"width\":1500,\"height\":1125},{\"@type\":\"BreadcrumbList\",\"@id\":\"https:\/\/guineediversite.com\/index.php\/2020\/04\/14\/campagne-de-desinfection-des-marches-le-ministre-du-commerce-explique-les-procedures\/#breadcrumb\",\"itemListElement\":[{\"@type\":\"ListItem\",\"position\":1,\"name\":\"Accueil\",\"item\":\"https:\/\/guineediversite.com\/\"},{\"@type\":\"ListItem\",\"position\":2,\"name\":\"Campagne de d\u00e9sinfection des march\u00e9s: le ministre du commerce explique les proc\u00e9dures\"}]},{\"@type\":\"WebSite\",\"@id\":\"https:\/\/guineediversite.com\/#website\",\"url\":\"https:\/\/guineediversite.com\/\",\"name\":\"Guin\u00e9e Diversit\u00e9\",\"description\":\"L&#039;Info dans toute sa diversit\u00e9\",\"publisher\":{\"@id\":\"https:\/\/guineediversite.com\/#organization\"},\"potentialAction\":[{\"@type\":\"SearchAction\",\"target\":{\"@type\":\"EntryPoint\",\"urlTemplate\":\"https:\/\/guineediversite.com\/?s={search_term_string}\"},\"query-input\":{\"@type\":\"PropertyValueSpecification\",\"valueRequired\":true,\"valueName\":\"search_term_string\"}}],\"inLanguage\":\"fr-FR\"},{\"@type\":\"Organization\",\"@id\":\"https:\/\/guineediversite.com\/#organization\",\"name\":\"Guin\u00e9e Diversit\u00e9\",\"url\":\"https:\/\/guineediversite.com\/\",\"logo\":{\"@type\":\"ImageObject\",\"inLanguage\":\"fr-FR\",\"@id\":\"https:\/\/guineediversite.com\/#\/schema\/logo\/image\/\",\"url\":\"https:\/\/guineediversite.com\/wp-content\/uploads\/2017\/04\/cropped-1jojlxEOMkX9Wyqfhe43D6kjPOGqBBKmx3EwWJqZ0cMrFF54yM49.png\",\"contentUrl\":\"https:\/\/guineediversite.com\/wp-content\/uploads\/2017\/04\/cropped-1jojlxEOMkX9Wyqfhe43D6kjPOGqBBKmx3EwWJqZ0cMrFF54yM49.png\",\"width\":186,\"height\":112,\"caption\":\"Guin\u00e9e Diversit\u00e9\"},\"image\":{\"@id\":\"https:\/\/guineediversite.com\/#\/schema\/logo\/image\/\"},\"sameAs\":[\"https:\/\/www.facebook.com\/guineediversite\/\",\"https:\/\/x.com\/GuineeDiversite\",\"https:\/\/www.youtube.com\/channel\/UC8sUY16qelG5ge6_D5SB83g\"]},{\"@type\":\"Person\",\"@id\":\"https:\/\/guineediversite.com\/#\/schema\/person\/fa362494c47202ce4b3adf55abcc9d01\",\"name\":\"Morcire Camara\",\"image\":{\"@type\":\"ImageObject\",\"inLanguage\":\"fr-FR\",\"@id\":\"https:\/\/guineediversite.com\/#\/schema\/person\/image\/\",\"url\":\"https:\/\/secure.gravatar.com\/avatar\/3ec324f02295bbcebe03d99b39330ab4?s=96&d=mm&r=g\",\"contentUrl\":\"https:\/\/secure.gravatar.com\/avatar\/3ec324f02295bbcebe03d99b39330ab4?s=96&d=mm&r=g\",\"caption\":\"Morcire Camara\"},\"url\":\"https:\/\/guineediversite.com\/index.php\/author\/morcire\/\"}]}<\/script>\n<!-- \/ Yoast SEO plugin. -->","yoast_head_json":{"title":"Campagne de d\u00e9sinfection des march\u00e9s: le ministre du commerce explique les proc\u00e9dures | Guin\u00e9e Diversit\u00e9","robots":{"index":"index","follow":"follow","max-snippet":"max-snippet:-1","max-image-preview":"max-image-preview:large","max-video-preview":"max-video-preview:-1"},"canonical":"https:\/\/guineediversite.com\/index.php\/2020\/04\/14\/campagne-de-desinfection-des-marches-le-ministre-du-commerce-explique-les-procedures\/","og_locale":"fr_FR","og_type":"article","og_title":"Campagne de d\u00e9sinfection des march\u00e9s: le ministre du commerce explique les proc\u00e9dures | Guin\u00e9e Diversit\u00e9","og_description":"La mesure prise par le minist\u00e8re du commerce pour la d\u00e9sinfection des diff\u00e9rents march\u00e9s de Conakry se poursuivra comme suit : \u00e0 partir du samedi 18 avril prochain, les march\u00e9s de la capitale guin\u00e9enne ouvriront \u00e0 8 heures matin et seront ferm\u00e9s au plus tard \u00e0 16 hs 30 minutes. C\u2019est une d\u00e9cision du minist\u00e8re [&hellip;]","og_url":"https:\/\/guineediversite.com\/index.php\/2020\/04\/14\/campagne-de-desinfection-des-marches-le-ministre-du-commerce-explique-les-procedures\/","og_site_name":"Guin\u00e9e Diversit\u00e9","article_publisher":"https:\/\/www.facebook.com\/guineediversite\/","article_published_time":"2020-04-14T21:22:21+00:00","article_modified_time":"2020-04-14T21:23:38+00:00","og_image":[{"width":1500,"height":1125,"url":"https:\/\/guineediversite.com\/wp-content\/uploads\/2020\/04\/Boubacar-Barry-Big-up.jpg","type":"image\/jpeg"}],"author":"Morcire Camara","twitter_card":"summary_large_image","twitter_creator":"@GuineeDiversite","twitter_site":"@GuineeDiversite","twitter_misc":{"\u00c9crit par":"Morcire Camara","Dur\u00e9e de lecture estim\u00e9e":"1 minute"},"schema":{"@context":"https:\/\/schema.org","@graph":[{"@type":"Article","@id":"https:\/\/guineediversite.com\/index.php\/2020\/04\/14\/campagne-de-desinfection-des-marches-le-ministre-du-commerce-explique-les-procedures\/#article","isPartOf":{"@id":"https:\/\/guineediversite.com\/index.php\/2020\/04\/14\/campagne-de-desinfection-des-marches-le-ministre-du-commerce-explique-les-procedures\/"},"author":{"name":"Morcire Camara","@id":"https:\/\/guineediversite.com\/#\/schema\/person\/fa362494c47202ce4b3adf55abcc9d01"},"headline":"Campagne de d\u00e9sinfection des march\u00e9s: le ministre du commerce explique les proc\u00e9dures","datePublished":"2020-04-14T21:22:21+00:00","dateModified":"2020-04-14T21:23:38+00:00","mainEntityOfPage":{"@id":"https:\/\/guineediversite.com\/index.php\/2020\/04\/14\/campagne-de-desinfection-des-marches-le-ministre-du-commerce-explique-les-procedures\/"},"wordCount":282,"publisher":{"@id":"https:\/\/guineediversite.com\/#organization"},"image":{"@id":"https:\/\/guineediversite.com\/index.php\/2020\/04\/14\/campagne-de-desinfection-des-marches-le-ministre-du-commerce-explique-les-procedures\/#primaryimage"},"thumbnailUrl":"https:\/\/guineediversite.com\/wp-content\/uploads\/2020\/04\/Boubacar-Barry-Big-up.jpg","articleSection":["Soci\u00e9t\u00e9"],"inLanguage":"fr-FR"},{"@type":"WebPage","@id":"https:\/\/guineediversite.com\/index.php\/2020\/04\/14\/campagne-de-desinfection-des-marches-le-ministre-du-commerce-explique-les-procedures\/","url":"https:\/\/guineediversite.com\/index.php\/2020\/04\/14\/campagne-de-desinfection-des-marches-le-ministre-du-commerce-explique-les-procedures\/","name":"Campagne de d\u00e9sinfection des march\u00e9s: le ministre du commerce explique les proc\u00e9dures | Guin\u00e9e Diversit\u00e9","isPartOf":{"@id":"https:\/\/guineediversite.com\/#website"},"primaryImageOfPage":{"@id":"https:\/\/guineediversite.com\/index.php\/2020\/04\/14\/campagne-de-desinfection-des-marches-le-ministre-du-commerce-explique-les-procedures\/#primaryimage"},"image":{"@id":"https:\/\/guineediversite.com\/index.php\/2020\/04\/14\/campagne-de-desinfection-des-marches-le-ministre-du-commerce-explique-les-procedures\/#primaryimage"},"thumbnailUrl":"https:\/\/guineediversite.com\/wp-content\/uploads\/2020\/04\/Boubacar-Barry-Big-up.jpg","datePublished":"2020-04-14T21:22:21+00:00","dateModified":"2020-04-14T21:23:38+00:00","breadcrumb":{"@id":"https:\/\/guineediversite.com\/index.php\/2020\/04\/14\/campagne-de-desinfection-des-marches-le-ministre-du-commerce-explique-les-procedures\/#breadcrumb"},"inLanguage":"fr-FR","potentialAction":[{"@type":"ReadAction","target":["https:\/\/guineediversite.com\/index.php\/2020\/04\/14\/campagne-de-desinfection-des-marches-le-ministre-du-commerce-explique-les-procedures\/"]}]},{"@type":"ImageObject","inLanguage":"fr-FR","@id":"https:\/\/guineediversite.com\/index.php\/2020\/04\/14\/campagne-de-desinfection-des-marches-le-ministre-du-commerce-explique-les-procedures\/#primaryimage","url":"https:\/\/guineediversite.com\/wp-content\/uploads\/2020\/04\/Boubacar-Barry-Big-up.jpg","contentUrl":"https:\/\/guineediversite.com\/wp-content\/uploads\/2020\/04\/Boubacar-Barry-Big-up.jpg","width":1500,"height":1125},{"@type":"BreadcrumbList","@id":"https:\/\/guineediversite.com\/index.php\/2020\/04\/14\/campagne-de-desinfection-des-marches-le-ministre-du-commerce-explique-les-procedures\/#breadcrumb","itemListElement":[{"@type":"ListItem","position":1,"name":"Accueil","item":"https:\/\/guineediversite.com\/"},{"@type":"ListItem","position":2,"name":"Campagne de d\u00e9sinfection des march\u00e9s: le ministre du commerce explique les proc\u00e9dures"}]},{"@type":"WebSite","@id":"https:\/\/guineediversite.com\/#website","url":"https:\/\/guineediversite.com\/","name":"Guin\u00e9e Diversit\u00e9","description":"L&#039;Info dans toute sa diversit\u00e9","publisher":{"@id":"https:\/\/guineediversite.com\/#organization"},"potentialAction":[{"@type":"SearchAction","target":{"@type":"EntryPoint","urlTemplate":"https:\/\/guineediversite.com\/?s={search_term_string}"},"query-input":{"@type":"PropertyValueSpecification","valueRequired":true,"valueName":"search_term_string"}}],"inLanguage":"fr-FR"},{"@type":"Organization","@id":"https:\/\/guineediversite.com\/#organization","name":"Guin\u00e9e Diversit\u00e9","url":"https:\/\/guineediversite.com\/","logo":{"@type":"ImageObject","inLanguage":"fr-FR","@id":"https:\/\/guineediversite.com\/#\/schema\/logo\/image\/","url":"https:\/\/guineediversite.com\/wp-content\/uploads\/2017\/04\/cropped-1jojlxEOMkX9Wyqfhe43D6kjPOGqBBKmx3EwWJqZ0cMrFF54yM49.png","contentUrl":"https:\/\/guineediversite.com\/wp-content\/uploads\/2017\/04\/cropped-1jojlxEOMkX9Wyqfhe43D6kjPOGqBBKmx3EwWJqZ0cMrFF54yM49.png","width":186,"height":112,"caption":"Guin\u00e9e Diversit\u00e9"},"image":{"@id":"https:\/\/guineediversite.com\/#\/schema\/logo\/image\/"},"sameAs":["https:\/\/www.facebook.com\/guineediversite\/","https:\/\/x.com\/GuineeDiversite","https:\/\/www.youtube.com\/channel\/UC8sUY16qelG5ge6_D5SB83g"]},{"@type":"Person","@id":"https:\/\/guineediversite.com\/#\/schema\/person\/fa362494c47202ce4b3adf55abcc9d01","name":"Morcire Camara","image":{"@type":"ImageObject","inLanguage":"fr-FR","@id":"https:\/\/guineediversite.com\/#\/schema\/person\/image\/","url":"https:\/\/secure.gravatar.com\/avatar\/3ec324f02295bbcebe03d99b39330ab4?s=96&d=mm&r=g","contentUrl":"https:\/\/secure.gravatar.com\/avatar\/3ec324f02295bbcebe03d99b39330ab4?s=96&d=mm&r=g","caption":"Morcire Camara"},"url":"https:\/\/guineediversite.com\/index.php\/author\/morcire\/"}]}},"_links":{"self":[{"href":"https:\/\/guineediversite.com\/index.php\/wp-json\/wp\/v2\/posts\/28752"}],"collection":[{"href":"https:\/\/guineediversite.com\/index.php\/wp-json\/wp\/v2\/posts"}],"about":[{"href":"https:\/\/guineediversite.com\/index.php\/wp-json\/wp\/v2\/types\/post"}],"author":[{"embeddable":true,"href":"https:\/\/guineediversite.com\/index.php\/wp-json\/wp\/v2\/users\/10"}],"replies":[{"embeddable":true,"href":"https:\/\/guineediversite.com\/index.php\/wp-json\/wp\/v2\/comments?post=28752"}],"version-history":[{"count":1,"href":"https:\/\/guineediversite.com\/index.php\/wp-json\/wp\/v2\/posts\/28752\/revisions"}],"predecessor-version":[{"id":28754,"href":"https:\/\/guineediversite.com\/index.php\/wp-json\/wp\/v2\/posts\/28752\/revisions\/28754"}],"wp:featuredmedia":[{"embeddable":true,"href":"https:\/\/guineediversite.com\/index.php\/wp-json\/wp\/v2\/media\/28753"}],"wp:attachment":[{"href":"https:\/\/guineediversite.com\/index.php\/wp-json\/wp\/v2\/media?parent=28752"}],"wp:term":[{"taxonomy":"category","embeddable":true,"href":"https:\/\/guineediversite.com\/index.php\/wp-json\/wp\/v2\/categories?post=28752"},{"taxonomy":"post_tag","embeddable":true,"href":"https:\/\/guineediversite.com\/index.php\/wp-json\/wp\/v2\/tags?post=28752"}],"curies":[{"name":"wp","href":"https:\/\/api.w.org\/{rel}","templated":true}]}}