{"id":28746,"date":"2020-04-14T22:27:13","date_gmt":"2020-04-14T20:27:13","guid":{"rendered":"https:\/\/guineediversite.com\/?p=28746"},"modified":"2020-04-14T22:27:20","modified_gmt":"2020-04-14T20:27:20","slug":"covid-19-les-eleves-guineens-suivront-les-cours-en-ligne-et-audiovisuels","status":"publish","type":"post","link":"https:\/\/guineediversite.com\/index.php\/2020\/04\/14\/covid-19-les-eleves-guineens-suivront-les-cours-en-ligne-et-audiovisuels\/","title":{"rendered":"COVID-19: Les \u00e9l\u00e8ves Guin\u00e9ens suivront les cours en ligne et audiovisuels"},"content":{"rendered":"\n<p><strong>Le Minist\u00e8re de l&rsquo;Education Nationale et de l&rsquo;Alphab\u00e9tisation (MEN-A ndlr) a dans une note publi\u00e9e sur les r\u00e9seaux sociaux, ce lundi, via sa cellule de communication a annonc\u00e9 les dispositifs mis en place poursuivre le minimum de formation et d\u2019apprentissage des \u00e9l\u00e8ves guin\u00e9ens en ce moment de crise sanitaire.<\/strong><\/p>\n\n\n\n<p><em>\u00ab Ces mesures qui ont commenc\u00e9 par la mise en place d&rsquo;une commission p\u00e9dagogique de travail d\u00e8s l&rsquo;annonce de l&rsquo;\u00e9tat d&rsquo;urgence, ont aussi pr\u00e9vu de nombreuses rencontres avec les partenaires sociaux techniques et financiers du d\u00e9partement ainsi que la conception et la mise en route de certains documents p\u00e9dagogiques vers les structures de base de l&rsquo;\u00e9ducation<\/em> \u00bb, est-il indiqu\u00e9 dans la note.<\/p>\n\n\n\n<p>Dans la m\u00eame copie, il a \u00e9t\u00e9 \u00e9nonc\u00e9 que \u00ab <em>des cours en ligne, en audiovisuel et m\u00eame dans les brochures sont en cours d&rsquo;\u00e9laboration avec l&rsquo;obligation de tenir compte des niveaux d&rsquo;apprentissage et d&rsquo;ex\u00e9cution des programmes d&rsquo;enseignement. Autant de dispositions qui exigent du d\u00e9partement de l&rsquo;\u00e9ducation, la patience et la s\u00e9r\u00e9nit\u00e9 ; surtout qu&rsquo;il s&rsquo;agit pour notre pays d&rsquo;une premi\u00e8re exp\u00e9rience dans la gestion d&rsquo;un \u00e9tat d&rsquo;urgence sanitaire notamment dans le domaine de l&rsquo;\u00e9ducation <\/em>\u00bb.<\/p>\n\n\n\n<p>Le d\u00e9partement en charge de l&rsquo;\u00c9ducation Nationale dit \u00eatre en pleine activit\u00e9 dans la pr\u00e9paration des cours et pourrait les mettre tr\u00e8s bient\u00f4t \u00e0 la disposition des \u00e9l\u00e8ves et de leurs parents.<\/p>\n","protected":false},"excerpt":{"rendered":"<p>Le Minist\u00e8re de l&rsquo;Education Nationale et de l&rsquo;Alphab\u00e9tisation (MEN-A ndlr) a dans une note publi\u00e9e sur les r\u00e9seaux sociaux, ce lundi, via sa cellule de communication a annonc\u00e9 les dispositifs mis en place poursuivre le minimum de formation et d\u2019apprentissage des \u00e9l\u00e8ves guin\u00e9ens en ce moment de crise sanitaire. \u00ab Ces mesures qui ont commenc\u00e9 [&hellip;]<\/p>\n","protected":false},"author":7,"featured_media":28748,"comment_status":"closed","ping_status":"closed","sticky":false,"template":"","format":"standard","meta":{"_exactmetrics_skip_tracking":false,"_exactmetrics_sitenote_active":false,"_exactmetrics_sitenote_note":"","_exactmetrics_sitenote_category":0,"tdm_status":"","tdm_grid_status":"","footnotes":""},"categories":[16],"tags":[],"class_list":{"0":"post-28746","1":"post","2":"type-post","3":"status-publish","4":"format-standard","5":"has-post-thumbnail","7":"category-societe"},"yoast_head":"<!-- This site is optimized with the Yoast SEO plugin v24.2 - https:\/\/yoast.com\/wordpress\/plugins\/seo\/ -->\n<title>COVID-19: Les \u00e9l\u00e8ves Guin\u00e9ens suivront les cours en ligne et audiovisuels | Guin\u00e9e Diversit\u00e9<\/title>\n<meta name=\"robots\" content=\"index, follow, max-snippet:-1, max-image-preview:large, max-video-preview:-1\" \/>\n<link rel=\"canonical\" href=\"https:\/\/guineediversite.com\/index.php\/2020\/04\/14\/covid-19-les-eleves-guineens-suivront-les-cours-en-ligne-et-audiovisuels\/\" \/>\n<meta property=\"og:locale\" content=\"fr_FR\" \/>\n<meta property=\"og:type\" content=\"article\" \/>\n<meta property=\"og:title\" content=\"COVID-19: Les \u00e9l\u00e8ves Guin\u00e9ens suivront les cours en ligne et audiovisuels | Guin\u00e9e Diversit\u00e9\" \/>\n<meta property=\"og:description\" content=\"Le Minist\u00e8re de l&rsquo;Education Nationale et de l&rsquo;Alphab\u00e9tisation (MEN-A ndlr) a dans une note publi\u00e9e sur les r\u00e9seaux sociaux, ce lundi, via sa cellule de communication a annonc\u00e9 les dispositifs mis en place poursuivre le minimum de formation et d\u2019apprentissage des \u00e9l\u00e8ves guin\u00e9ens en ce moment de crise sanitaire. \u00ab Ces mesures qui ont commenc\u00e9 [&hellip;]\" \/>\n<meta property=\"og:url\" content=\"https:\/\/guineediversite.com\/index.php\/2020\/04\/14\/covid-19-les-eleves-guineens-suivront-les-cours-en-ligne-et-audiovisuels\/\" \/>\n<meta property=\"og:site_name\" content=\"Guin\u00e9e Diversit\u00e9\" \/>\n<meta property=\"article:publisher\" content=\"https:\/\/www.facebook.com\/guineediversite\/\" \/>\n<meta property=\"article:published_time\" content=\"2020-04-14T20:27:13+00:00\" \/>\n<meta property=\"article:modified_time\" content=\"2020-04-14T20:27:20+00:00\" \/>\n<meta property=\"og:image\" content=\"https:\/\/guineediversite.com\/wp-content\/uploads\/2020\/04\/th.jpg\" \/>\n\t<meta property=\"og:image:width\" content=\"2000\" \/>\n\t<meta property=\"og:image:height\" content=\"1135\" \/>\n\t<meta property=\"og:image:type\" content=\"image\/jpeg\" \/>\n<meta name=\"author\" content=\"Bilguissa Diallo\" \/>\n<meta name=\"twitter:card\" content=\"summary_large_image\" \/>\n<meta name=\"twitter:creator\" content=\"@GuineeDiversite\" \/>\n<meta name=\"twitter:site\" content=\"@GuineeDiversite\" \/>\n<meta name=\"twitter:label1\" content=\"\u00c9crit par\" \/>\n\t<meta name=\"twitter:data1\" content=\"Bilguissa Diallo\" \/>\n\t<meta name=\"twitter:label2\" content=\"Dur\u00e9e de lecture estim\u00e9e\" \/>\n\t<meta name=\"twitter:data2\" content=\"1 minute\" \/>\n<script type=\"application\/ld+json\" class=\"yoast-schema-graph\">{\"@context\":\"https:\/\/schema.org\",\"@graph\":[{\"@type\":\"Article\",\"@id\":\"https:\/\/guineediversite.com\/index.php\/2020\/04\/14\/covid-19-les-eleves-guineens-suivront-les-cours-en-ligne-et-audiovisuels\/#article\",\"isPartOf\":{\"@id\":\"https:\/\/guineediversite.com\/index.php\/2020\/04\/14\/covid-19-les-eleves-guineens-suivront-les-cours-en-ligne-et-audiovisuels\/\"},\"author\":{\"name\":\"Bilguissa Diallo\",\"@id\":\"https:\/\/guineediversite.com\/#\/schema\/person\/0e0e3e424768a50d025ac2218ccca73f\"},\"headline\":\"COVID-19: Les \u00e9l\u00e8ves Guin\u00e9ens suivront les cours en ligne et audiovisuels\",\"datePublished\":\"2020-04-14T20:27:13+00:00\",\"dateModified\":\"2020-04-14T20:27:20+00:00\",\"mainEntityOfPage\":{\"@id\":\"https:\/\/guineediversite.com\/index.php\/2020\/04\/14\/covid-19-les-eleves-guineens-suivront-les-cours-en-ligne-et-audiovisuels\/\"},\"wordCount\":271,\"publisher\":{\"@id\":\"https:\/\/guineediversite.com\/#organization\"},\"image\":{\"@id\":\"https:\/\/guineediversite.com\/index.php\/2020\/04\/14\/covid-19-les-eleves-guineens-suivront-les-cours-en-ligne-et-audiovisuels\/#primaryimage\"},\"thumbnailUrl\":\"https:\/\/guineediversite.com\/wp-content\/uploads\/2020\/04\/th.jpg\",\"articleSection\":[\"Soci\u00e9t\u00e9\"],\"inLanguage\":\"fr-FR\"},{\"@type\":\"WebPage\",\"@id\":\"https:\/\/guineediversite.com\/index.php\/2020\/04\/14\/covid-19-les-eleves-guineens-suivront-les-cours-en-ligne-et-audiovisuels\/\",\"url\":\"https:\/\/guineediversite.com\/index.php\/2020\/04\/14\/covid-19-les-eleves-guineens-suivront-les-cours-en-ligne-et-audiovisuels\/\",\"name\":\"COVID-19: Les \u00e9l\u00e8ves Guin\u00e9ens suivront les cours en ligne et audiovisuels | Guin\u00e9e Diversit\u00e9\",\"isPartOf\":{\"@id\":\"https:\/\/guineediversite.com\/#website\"},\"primaryImageOfPage\":{\"@id\":\"https:\/\/guineediversite.com\/index.php\/2020\/04\/14\/covid-19-les-eleves-guineens-suivront-les-cours-en-ligne-et-audiovisuels\/#primaryimage\"},\"image\":{\"@id\":\"https:\/\/guineediversite.com\/index.php\/2020\/04\/14\/covid-19-les-eleves-guineens-suivront-les-cours-en-ligne-et-audiovisuels\/#primaryimage\"},\"thumbnailUrl\":\"https:\/\/guineediversite.com\/wp-content\/uploads\/2020\/04\/th.jpg\",\"datePublished\":\"2020-04-14T20:27:13+00:00\",\"dateModified\":\"2020-04-14T20:27:20+00:00\",\"breadcrumb\":{\"@id\":\"https:\/\/guineediversite.com\/index.php\/2020\/04\/14\/covid-19-les-eleves-guineens-suivront-les-cours-en-ligne-et-audiovisuels\/#breadcrumb\"},\"inLanguage\":\"fr-FR\",\"potentialAction\":[{\"@type\":\"ReadAction\",\"target\":[\"https:\/\/guineediversite.com\/index.php\/2020\/04\/14\/covid-19-les-eleves-guineens-suivront-les-cours-en-ligne-et-audiovisuels\/\"]}]},{\"@type\":\"ImageObject\",\"inLanguage\":\"fr-FR\",\"@id\":\"https:\/\/guineediversite.com\/index.php\/2020\/04\/14\/covid-19-les-eleves-guineens-suivront-les-cours-en-ligne-et-audiovisuels\/#primaryimage\",\"url\":\"https:\/\/guineediversite.com\/wp-content\/uploads\/2020\/04\/th.jpg\",\"contentUrl\":\"https:\/\/guineediversite.com\/wp-content\/uploads\/2020\/04\/th.jpg\",\"width\":2000,\"height\":1135},{\"@type\":\"BreadcrumbList\",\"@id\":\"https:\/\/guineediversite.com\/index.php\/2020\/04\/14\/covid-19-les-eleves-guineens-suivront-les-cours-en-ligne-et-audiovisuels\/#breadcrumb\",\"itemListElement\":[{\"@type\":\"ListItem\",\"position\":1,\"name\":\"Accueil\",\"item\":\"https:\/\/guineediversite.com\/\"},{\"@type\":\"ListItem\",\"position\":2,\"name\":\"COVID-19: Les \u00e9l\u00e8ves Guin\u00e9ens suivront les cours en ligne et audiovisuels\"}]},{\"@type\":\"WebSite\",\"@id\":\"https:\/\/guineediversite.com\/#website\",\"url\":\"https:\/\/guineediversite.com\/\",\"name\":\"Guin\u00e9e Diversit\u00e9\",\"description\":\"L&#039;Info dans toute sa diversit\u00e9\",\"publisher\":{\"@id\":\"https:\/\/guineediversite.com\/#organization\"},\"potentialAction\":[{\"@type\":\"SearchAction\",\"target\":{\"@type\":\"EntryPoint\",\"urlTemplate\":\"https:\/\/guineediversite.com\/?s={search_term_string}\"},\"query-input\":{\"@type\":\"PropertyValueSpecification\",\"valueRequired\":true,\"valueName\":\"search_term_string\"}}],\"inLanguage\":\"fr-FR\"},{\"@type\":\"Organization\",\"@id\":\"https:\/\/guineediversite.com\/#organization\",\"name\":\"Guin\u00e9e Diversit\u00e9\",\"url\":\"https:\/\/guineediversite.com\/\",\"logo\":{\"@type\":\"ImageObject\",\"inLanguage\":\"fr-FR\",\"@id\":\"https:\/\/guineediversite.com\/#\/schema\/logo\/image\/\",\"url\":\"https:\/\/guineediversite.com\/wp-content\/uploads\/2017\/04\/cropped-1jojlxEOMkX9Wyqfhe43D6kjPOGqBBKmx3EwWJqZ0cMrFF54yM49.png\",\"contentUrl\":\"https:\/\/guineediversite.com\/wp-content\/uploads\/2017\/04\/cropped-1jojlxEOMkX9Wyqfhe43D6kjPOGqBBKmx3EwWJqZ0cMrFF54yM49.png\",\"width\":186,\"height\":112,\"caption\":\"Guin\u00e9e Diversit\u00e9\"},\"image\":{\"@id\":\"https:\/\/guineediversite.com\/#\/schema\/logo\/image\/\"},\"sameAs\":[\"https:\/\/www.facebook.com\/guineediversite\/\",\"https:\/\/x.com\/GuineeDiversite\",\"https:\/\/www.youtube.com\/channel\/UC8sUY16qelG5ge6_D5SB83g\"]},{\"@type\":\"Person\",\"@id\":\"https:\/\/guineediversite.com\/#\/schema\/person\/0e0e3e424768a50d025ac2218ccca73f\",\"name\":\"Bilguissa Diallo\",\"image\":{\"@type\":\"ImageObject\",\"inLanguage\":\"fr-FR\",\"@id\":\"https:\/\/guineediversite.com\/#\/schema\/person\/image\/\",\"url\":\"https:\/\/secure.gravatar.com\/avatar\/49bbbd2420ee34d62b1b191791f4b5df?s=96&d=mm&r=g\",\"contentUrl\":\"https:\/\/secure.gravatar.com\/avatar\/49bbbd2420ee34d62b1b191791f4b5df?s=96&d=mm&r=g\",\"caption\":\"Bilguissa Diallo\"},\"url\":\"https:\/\/guineediversite.com\/index.php\/author\/bilguissa\/\"}]}<\/script>\n<!-- \/ Yoast SEO plugin. -->","yoast_head_json":{"title":"COVID-19: Les \u00e9l\u00e8ves Guin\u00e9ens suivront les cours en ligne et audiovisuels | Guin\u00e9e Diversit\u00e9","robots":{"index":"index","follow":"follow","max-snippet":"max-snippet:-1","max-image-preview":"max-image-preview:large","max-video-preview":"max-video-preview:-1"},"canonical":"https:\/\/guineediversite.com\/index.php\/2020\/04\/14\/covid-19-les-eleves-guineens-suivront-les-cours-en-ligne-et-audiovisuels\/","og_locale":"fr_FR","og_type":"article","og_title":"COVID-19: Les \u00e9l\u00e8ves Guin\u00e9ens suivront les cours en ligne et audiovisuels | Guin\u00e9e Diversit\u00e9","og_description":"Le Minist\u00e8re de l&rsquo;Education Nationale et de l&rsquo;Alphab\u00e9tisation (MEN-A ndlr) a dans une note publi\u00e9e sur les r\u00e9seaux sociaux, ce lundi, via sa cellule de communication a annonc\u00e9 les dispositifs mis en place poursuivre le minimum de formation et d\u2019apprentissage des \u00e9l\u00e8ves guin\u00e9ens en ce moment de crise sanitaire. \u00ab Ces mesures qui ont commenc\u00e9 [&hellip;]","og_url":"https:\/\/guineediversite.com\/index.php\/2020\/04\/14\/covid-19-les-eleves-guineens-suivront-les-cours-en-ligne-et-audiovisuels\/","og_site_name":"Guin\u00e9e Diversit\u00e9","article_publisher":"https:\/\/www.facebook.com\/guineediversite\/","article_published_time":"2020-04-14T20:27:13+00:00","article_modified_time":"2020-04-14T20:27:20+00:00","og_image":[{"width":2000,"height":1135,"url":"https:\/\/guineediversite.com\/wp-content\/uploads\/2020\/04\/th.jpg","type":"image\/jpeg"}],"author":"Bilguissa Diallo","twitter_card":"summary_large_image","twitter_creator":"@GuineeDiversite","twitter_site":"@GuineeDiversite","twitter_misc":{"\u00c9crit par":"Bilguissa Diallo","Dur\u00e9e de lecture estim\u00e9e":"1 minute"},"schema":{"@context":"https:\/\/schema.org","@graph":[{"@type":"Article","@id":"https:\/\/guineediversite.com\/index.php\/2020\/04\/14\/covid-19-les-eleves-guineens-suivront-les-cours-en-ligne-et-audiovisuels\/#article","isPartOf":{"@id":"https:\/\/guineediversite.com\/index.php\/2020\/04\/14\/covid-19-les-eleves-guineens-suivront-les-cours-en-ligne-et-audiovisuels\/"},"author":{"name":"Bilguissa Diallo","@id":"https:\/\/guineediversite.com\/#\/schema\/person\/0e0e3e424768a50d025ac2218ccca73f"},"headline":"COVID-19: Les \u00e9l\u00e8ves Guin\u00e9ens suivront les cours en ligne et audiovisuels","datePublished":"2020-04-14T20:27:13+00:00","dateModified":"2020-04-14T20:27:20+00:00","mainEntityOfPage":{"@id":"https:\/\/guineediversite.com\/index.php\/2020\/04\/14\/covid-19-les-eleves-guineens-suivront-les-cours-en-ligne-et-audiovisuels\/"},"wordCount":271,"publisher":{"@id":"https:\/\/guineediversite.com\/#organization"},"image":{"@id":"https:\/\/guineediversite.com\/index.php\/2020\/04\/14\/covid-19-les-eleves-guineens-suivront-les-cours-en-ligne-et-audiovisuels\/#primaryimage"},"thumbnailUrl":"https:\/\/guineediversite.com\/wp-content\/uploads\/2020\/04\/th.jpg","articleSection":["Soci\u00e9t\u00e9"],"inLanguage":"fr-FR"},{"@type":"WebPage","@id":"https:\/\/guineediversite.com\/index.php\/2020\/04\/14\/covid-19-les-eleves-guineens-suivront-les-cours-en-ligne-et-audiovisuels\/","url":"https:\/\/guineediversite.com\/index.php\/2020\/04\/14\/covid-19-les-eleves-guineens-suivront-les-cours-en-ligne-et-audiovisuels\/","name":"COVID-19: Les \u00e9l\u00e8ves Guin\u00e9ens suivront les cours en ligne et audiovisuels | Guin\u00e9e Diversit\u00e9","isPartOf":{"@id":"https:\/\/guineediversite.com\/#website"},"primaryImageOfPage":{"@id":"https:\/\/guineediversite.com\/index.php\/2020\/04\/14\/covid-19-les-eleves-guineens-suivront-les-cours-en-ligne-et-audiovisuels\/#primaryimage"},"image":{"@id":"https:\/\/guineediversite.com\/index.php\/2020\/04\/14\/covid-19-les-eleves-guineens-suivront-les-cours-en-ligne-et-audiovisuels\/#primaryimage"},"thumbnailUrl":"https:\/\/guineediversite.com\/wp-content\/uploads\/2020\/04\/th.jpg","datePublished":"2020-04-14T20:27:13+00:00","dateModified":"2020-04-14T20:27:20+00:00","breadcrumb":{"@id":"https:\/\/guineediversite.com\/index.php\/2020\/04\/14\/covid-19-les-eleves-guineens-suivront-les-cours-en-ligne-et-audiovisuels\/#breadcrumb"},"inLanguage":"fr-FR","potentialAction":[{"@type":"ReadAction","target":["https:\/\/guineediversite.com\/index.php\/2020\/04\/14\/covid-19-les-eleves-guineens-suivront-les-cours-en-ligne-et-audiovisuels\/"]}]},{"@type":"ImageObject","inLanguage":"fr-FR","@id":"https:\/\/guineediversite.com\/index.php\/2020\/04\/14\/covid-19-les-eleves-guineens-suivront-les-cours-en-ligne-et-audiovisuels\/#primaryimage","url":"https:\/\/guineediversite.com\/wp-content\/uploads\/2020\/04\/th.jpg","contentUrl":"https:\/\/guineediversite.com\/wp-content\/uploads\/2020\/04\/th.jpg","width":2000,"height":1135},{"@type":"BreadcrumbList","@id":"https:\/\/guineediversite.com\/index.php\/2020\/04\/14\/covid-19-les-eleves-guineens-suivront-les-cours-en-ligne-et-audiovisuels\/#breadcrumb","itemListElement":[{"@type":"ListItem","position":1,"name":"Accueil","item":"https:\/\/guineediversite.com\/"},{"@type":"ListItem","position":2,"name":"COVID-19: Les \u00e9l\u00e8ves Guin\u00e9ens suivront les cours en ligne et audiovisuels"}]},{"@type":"WebSite","@id":"https:\/\/guineediversite.com\/#website","url":"https:\/\/guineediversite.com\/","name":"Guin\u00e9e Diversit\u00e9","description":"L&#039;Info dans toute sa diversit\u00e9","publisher":{"@id":"https:\/\/guineediversite.com\/#organization"},"potentialAction":[{"@type":"SearchAction","target":{"@type":"EntryPoint","urlTemplate":"https:\/\/guineediversite.com\/?s={search_term_string}"},"query-input":{"@type":"PropertyValueSpecification","valueRequired":true,"valueName":"search_term_string"}}],"inLanguage":"fr-FR"},{"@type":"Organization","@id":"https:\/\/guineediversite.com\/#organization","name":"Guin\u00e9e Diversit\u00e9","url":"https:\/\/guineediversite.com\/","logo":{"@type":"ImageObject","inLanguage":"fr-FR","@id":"https:\/\/guineediversite.com\/#\/schema\/logo\/image\/","url":"https:\/\/guineediversite.com\/wp-content\/uploads\/2017\/04\/cropped-1jojlxEOMkX9Wyqfhe43D6kjPOGqBBKmx3EwWJqZ0cMrFF54yM49.png","contentUrl":"https:\/\/guineediversite.com\/wp-content\/uploads\/2017\/04\/cropped-1jojlxEOMkX9Wyqfhe43D6kjPOGqBBKmx3EwWJqZ0cMrFF54yM49.png","width":186,"height":112,"caption":"Guin\u00e9e Diversit\u00e9"},"image":{"@id":"https:\/\/guineediversite.com\/#\/schema\/logo\/image\/"},"sameAs":["https:\/\/www.facebook.com\/guineediversite\/","https:\/\/x.com\/GuineeDiversite","https:\/\/www.youtube.com\/channel\/UC8sUY16qelG5ge6_D5SB83g"]},{"@type":"Person","@id":"https:\/\/guineediversite.com\/#\/schema\/person\/0e0e3e424768a50d025ac2218ccca73f","name":"Bilguissa Diallo","image":{"@type":"ImageObject","inLanguage":"fr-FR","@id":"https:\/\/guineediversite.com\/#\/schema\/person\/image\/","url":"https:\/\/secure.gravatar.com\/avatar\/49bbbd2420ee34d62b1b191791f4b5df?s=96&d=mm&r=g","contentUrl":"https:\/\/secure.gravatar.com\/avatar\/49bbbd2420ee34d62b1b191791f4b5df?s=96&d=mm&r=g","caption":"Bilguissa Diallo"},"url":"https:\/\/guineediversite.com\/index.php\/author\/bilguissa\/"}]}},"_links":{"self":[{"href":"https:\/\/guineediversite.com\/index.php\/wp-json\/wp\/v2\/posts\/28746"}],"collection":[{"href":"https:\/\/guineediversite.com\/index.php\/wp-json\/wp\/v2\/posts"}],"about":[{"href":"https:\/\/guineediversite.com\/index.php\/wp-json\/wp\/v2\/types\/post"}],"author":[{"embeddable":true,"href":"https:\/\/guineediversite.com\/index.php\/wp-json\/wp\/v2\/users\/7"}],"replies":[{"embeddable":true,"href":"https:\/\/guineediversite.com\/index.php\/wp-json\/wp\/v2\/comments?post=28746"}],"version-history":[{"count":1,"href":"https:\/\/guineediversite.com\/index.php\/wp-json\/wp\/v2\/posts\/28746\/revisions"}],"predecessor-version":[{"id":28749,"href":"https:\/\/guineediversite.com\/index.php\/wp-json\/wp\/v2\/posts\/28746\/revisions\/28749"}],"wp:featuredmedia":[{"embeddable":true,"href":"https:\/\/guineediversite.com\/index.php\/wp-json\/wp\/v2\/media\/28748"}],"wp:attachment":[{"href":"https:\/\/guineediversite.com\/index.php\/wp-json\/wp\/v2\/media?parent=28746"}],"wp:term":[{"taxonomy":"category","embeddable":true,"href":"https:\/\/guineediversite.com\/index.php\/wp-json\/wp\/v2\/categories?post=28746"},{"taxonomy":"post_tag","embeddable":true,"href":"https:\/\/guineediversite.com\/index.php\/wp-json\/wp\/v2\/tags?post=28746"}],"curies":[{"name":"wp","href":"https:\/\/api.w.org\/{rel}","templated":true}]}}