{"id":28733,"date":"2020-04-13T22:06:20","date_gmt":"2020-04-13T20:06:20","guid":{"rendered":"https:\/\/guineediversite.com\/?p=28733"},"modified":"2020-04-13T22:06:22","modified_gmt":"2020-04-13T20:06:22","slug":"france-macron-prolonge-le-confinement-jusquau-11-mai","status":"publish","type":"post","link":"https:\/\/guineediversite.com\/index.php\/2020\/04\/13\/france-macron-prolonge-le-confinement-jusquau-11-mai\/","title":{"rendered":"France: Macron prolonge le confinement jusqu&rsquo;au 11 mai"},"content":{"rendered":"\n<p><strong>Emmanuel Macron a annonc\u00e9 lundi la prolongation du confinement jusqu&rsquo;au 11 mai dans le cadre de la lutte contre le Covid-19 qui a fait pr\u00e8s de 15.000 morts en France, et promis que les \u00e9coles et cr\u00e8ches commenceront \u00e0 rouvrir \u00e0 cette date.<\/strong><\/p>\n\n\n\n<p>\u00ab\u00a0L&rsquo;\u00e9pid\u00e9mie commence \u00e0 marquer le pas\u00a0\u00bb et \u00ab\u00a0l&rsquo;espoir rena\u00eet\u00a0\u00bb, a soulign\u00e9 le pr\u00e9sident, tout en reconnaissant que la France n&rsquo;\u00e9tait \u00ab\u00a0\u00e0 l&rsquo;\u00e9vidence pas assez pr\u00e9par\u00e9e\u00a0\u00bb \u00e0 la pand\u00e9mie.<\/p>\n\n\n\n<p>\u00ab\u00a0Rien n&rsquo;est acquis\u00a0\u00bb, a soulign\u00e9 le pr\u00e9sident, qui a commenc\u00e9 son allocution juste apr\u00e8s les applaudissements de 20H00. A la fin du confinement, \u00ab\u00a0\u00e0 partir du 11 mai, nous rouvrirons progressivement les cr\u00e8ches, les \u00e9coles, les coll\u00e8ges et les lyc\u00e9es\u00a0\u00bb, a-t-il ajout\u00e9, mais les universit\u00e9s ne rouvriront pas \u00ab\u00a0avant l&rsquo;\u00e9t\u00e9\u00a0\u00bb.<\/p>\n\n\n\n<p>\u00ab\u00a0Le 11 mai, nous serons capables de tester toutes les personnes ayant un symt\u00f4me\u00a0\u00bb, a-t-il affirm\u00e9, tout en demandant aux personnes \u00e2g\u00e9es et fragiles de rester confin\u00e9es.<\/p>\n\n\n\n<p>Selon un dernier bilan lundi soir, l&rsquo;\u00e9pid\u00e9mie de coronavirus a fait 14.967 morts en France, 574 de plus depuis dimanche. 9.588 personnes sont mortes dans les h\u00f4pitaux (335 de plus en 24 heures) et 5.379 dans les maisons de retraite et autres \u00e9tablissements m\u00e9dico-sociaux.<\/p>\n\n\n\n<p>Pour le cinqui\u00e8me jour cons\u00e9cutif, le nombre de patients en r\u00e9animation a \u00e9galement baiss\u00e9: 24 patients en moins depuis dimanche.<\/p>\n\n\n\n<p>Le d\u00e9confinement, d\u00e9j\u00e0 amorc\u00e9 dans quelques pays europ\u00e9ens, s&rsquo;annonce comme une entreprise infiniment d\u00e9licate.<\/p>\n\n\n\n<p>L&rsquo;op\u00e9ration pourrait s&rsquo;av\u00e9rer catastrophique si n&rsquo;\u00e9tait pas mis en place un syst\u00e8me de tests massifs et d&rsquo;isolement des personnes infect\u00e9es, selon une \u00e9tude r\u00e9alis\u00e9e notamment par l&rsquo;Inserm qui laisse entendre qu&rsquo;il ne pourrait pas intervenir avant fin mai-juin.<\/p>\n\n\n\n<p>\u00ab\u00a0La lev\u00e9e du confinement sans strat\u00e9gie de sortie entra\u00eenerait une deuxi\u00e8me vague \u00e9crasant largement le syst\u00e8me de sant\u00e9\u00a0\u00bb, selon le r\u00e9sum\u00e9 de l&rsquo;\u00e9tude, mise en ligne dimanche et r\u00e9v\u00e9l\u00e9e lundi par Le Monde.<\/p>\n\n\n\n<p>\u00ab\u00a0Il ne faut pas trop rapidement se projeter dans le jour d&rsquo;apr\u00e8s. Nous entrons pour de nombreux mois\u00a0\u00bb dans une crise \u00ab\u00a0qui sera extr\u00eamement profonde\u00a0\u00bb, a pr\u00e9venu de son c\u00f4t\u00e9 Stanislas Guerini, le d\u00e9l\u00e9gu\u00e9 g\u00e9n\u00e9ral de La R\u00e9publique en marche, comme pour pr\u00e9parer les esprits. La r\u00e9ouverture des commerces et des \u00e9coles, en particulier, semble encore lointaine.<\/p>\n\n\n\n<p>Le chef de l&rsquo;Etat aborde cette \u00e9tape lest\u00e9 d&rsquo;une d\u00e9fiance de l&rsquo;opinion envers sa gestion de la crise. Elle se cristallise, selon les sondages, sur la question de la disponibilit\u00e9 des masques et des tests de s\u00e9rologie.<\/p>\n\n\n\n<p><strong>Avec AFP<\/strong><\/p>\n","protected":false},"excerpt":{"rendered":"<p>Emmanuel Macron a annonc\u00e9 lundi la prolongation du confinement jusqu&rsquo;au 11 mai dans le cadre de la lutte contre le Covid-19 qui a fait pr\u00e8s de 15.000 morts en France, et promis que les \u00e9coles et cr\u00e8ches commenceront \u00e0 rouvrir \u00e0 cette date. \u00ab\u00a0L&rsquo;\u00e9pid\u00e9mie commence \u00e0 marquer le pas\u00a0\u00bb et \u00ab\u00a0l&rsquo;espoir rena\u00eet\u00a0\u00bb, a soulign\u00e9 le [&hellip;]<\/p>\n","protected":false},"author":12,"featured_media":28734,"comment_status":"closed","ping_status":"closed","sticky":false,"template":"","format":"standard","meta":{"_exactmetrics_skip_tracking":false,"_exactmetrics_sitenote_active":false,"_exactmetrics_sitenote_note":"","_exactmetrics_sitenote_category":0,"tdm_status":"","tdm_grid_status":"","footnotes":""},"categories":[254,21],"tags":[],"class_list":{"0":"post-28733","1":"post","2":"type-post","3":"status-publish","4":"format-standard","5":"has-post-thumbnail","7":"category-derniere-minute","8":"category-international"},"yoast_head":"<!-- This site is optimized with the Yoast SEO plugin v24.2 - https:\/\/yoast.com\/wordpress\/plugins\/seo\/ -->\n<title>France: Macron prolonge le confinement jusqu&#039;au 11 mai | Guin\u00e9e Diversit\u00e9<\/title>\n<meta name=\"robots\" content=\"index, follow, max-snippet:-1, max-image-preview:large, max-video-preview:-1\" \/>\n<link rel=\"canonical\" href=\"https:\/\/guineediversite.com\/index.php\/2020\/04\/13\/france-macron-prolonge-le-confinement-jusquau-11-mai\/\" \/>\n<meta property=\"og:locale\" content=\"fr_FR\" \/>\n<meta property=\"og:type\" content=\"article\" \/>\n<meta property=\"og:title\" content=\"France: Macron prolonge le confinement jusqu&#039;au 11 mai | Guin\u00e9e Diversit\u00e9\" \/>\n<meta property=\"og:description\" content=\"Emmanuel Macron a annonc\u00e9 lundi la prolongation du confinement jusqu&rsquo;au 11 mai dans le cadre de la lutte contre le Covid-19 qui a fait pr\u00e8s de 15.000 morts en France, et promis que les \u00e9coles et cr\u00e8ches commenceront \u00e0 rouvrir \u00e0 cette date. \u00ab\u00a0L&rsquo;\u00e9pid\u00e9mie commence \u00e0 marquer le pas\u00a0\u00bb et \u00ab\u00a0l&rsquo;espoir rena\u00eet\u00a0\u00bb, a soulign\u00e9 le [&hellip;]\" \/>\n<meta property=\"og:url\" content=\"https:\/\/guineediversite.com\/index.php\/2020\/04\/13\/france-macron-prolonge-le-confinement-jusquau-11-mai\/\" \/>\n<meta property=\"og:site_name\" content=\"Guin\u00e9e Diversit\u00e9\" \/>\n<meta property=\"article:publisher\" content=\"https:\/\/www.facebook.com\/guineediversite\/\" \/>\n<meta property=\"article:published_time\" content=\"2020-04-13T20:06:20+00:00\" \/>\n<meta property=\"article:modified_time\" content=\"2020-04-13T20:06:22+00:00\" \/>\n<meta property=\"og:image\" content=\"https:\/\/guineediversite.com\/wp-content\/uploads\/2020\/04\/macron0222.jpeg\" \/>\n\t<meta property=\"og:image:width\" content=\"1200\" \/>\n\t<meta property=\"og:image:height\" content=\"1200\" \/>\n\t<meta property=\"og:image:type\" content=\"image\/jpeg\" \/>\n<meta name=\"author\" content=\"Guin\u00e9e Diversit\u00e9\" \/>\n<meta name=\"twitter:card\" content=\"summary_large_image\" \/>\n<meta name=\"twitter:creator\" content=\"@GuineeDiversite\" \/>\n<meta name=\"twitter:site\" content=\"@GuineeDiversite\" \/>\n<meta name=\"twitter:label1\" content=\"\u00c9crit par\" \/>\n\t<meta name=\"twitter:data1\" content=\"Guin\u00e9e Diversit\u00e9\" \/>\n\t<meta name=\"twitter:label2\" content=\"Dur\u00e9e de lecture estim\u00e9e\" \/>\n\t<meta name=\"twitter:data2\" content=\"2 minutes\" \/>\n<script type=\"application\/ld+json\" class=\"yoast-schema-graph\">{\"@context\":\"https:\/\/schema.org\",\"@graph\":[{\"@type\":\"Article\",\"@id\":\"https:\/\/guineediversite.com\/index.php\/2020\/04\/13\/france-macron-prolonge-le-confinement-jusquau-11-mai\/#article\",\"isPartOf\":{\"@id\":\"https:\/\/guineediversite.com\/index.php\/2020\/04\/13\/france-macron-prolonge-le-confinement-jusquau-11-mai\/\"},\"author\":{\"name\":\"Guin\u00e9e Diversit\u00e9\",\"@id\":\"https:\/\/guineediversite.com\/#\/schema\/person\/afa08fb34e7fc6e1feafc892612bc836\"},\"headline\":\"France: Macron prolonge le confinement jusqu&rsquo;au 11 mai\",\"datePublished\":\"2020-04-13T20:06:20+00:00\",\"dateModified\":\"2020-04-13T20:06:22+00:00\",\"mainEntityOfPage\":{\"@id\":\"https:\/\/guineediversite.com\/index.php\/2020\/04\/13\/france-macron-prolonge-le-confinement-jusquau-11-mai\/\"},\"wordCount\":459,\"publisher\":{\"@id\":\"https:\/\/guineediversite.com\/#organization\"},\"image\":{\"@id\":\"https:\/\/guineediversite.com\/index.php\/2020\/04\/13\/france-macron-prolonge-le-confinement-jusquau-11-mai\/#primaryimage\"},\"thumbnailUrl\":\"https:\/\/guineediversite.com\/wp-content\/uploads\/2020\/04\/macron0222.jpeg\",\"articleSection\":[\"Derni\u00e8re minute\",\"International\"],\"inLanguage\":\"fr-FR\"},{\"@type\":\"WebPage\",\"@id\":\"https:\/\/guineediversite.com\/index.php\/2020\/04\/13\/france-macron-prolonge-le-confinement-jusquau-11-mai\/\",\"url\":\"https:\/\/guineediversite.com\/index.php\/2020\/04\/13\/france-macron-prolonge-le-confinement-jusquau-11-mai\/\",\"name\":\"France: Macron prolonge le confinement jusqu'au 11 mai | Guin\u00e9e Diversit\u00e9\",\"isPartOf\":{\"@id\":\"https:\/\/guineediversite.com\/#website\"},\"primaryImageOfPage\":{\"@id\":\"https:\/\/guineediversite.com\/index.php\/2020\/04\/13\/france-macron-prolonge-le-confinement-jusquau-11-mai\/#primaryimage\"},\"image\":{\"@id\":\"https:\/\/guineediversite.com\/index.php\/2020\/04\/13\/france-macron-prolonge-le-confinement-jusquau-11-mai\/#primaryimage\"},\"thumbnailUrl\":\"https:\/\/guineediversite.com\/wp-content\/uploads\/2020\/04\/macron0222.jpeg\",\"datePublished\":\"2020-04-13T20:06:20+00:00\",\"dateModified\":\"2020-04-13T20:06:22+00:00\",\"breadcrumb\":{\"@id\":\"https:\/\/guineediversite.com\/index.php\/2020\/04\/13\/france-macron-prolonge-le-confinement-jusquau-11-mai\/#breadcrumb\"},\"inLanguage\":\"fr-FR\",\"potentialAction\":[{\"@type\":\"ReadAction\",\"target\":[\"https:\/\/guineediversite.com\/index.php\/2020\/04\/13\/france-macron-prolonge-le-confinement-jusquau-11-mai\/\"]}]},{\"@type\":\"ImageObject\",\"inLanguage\":\"fr-FR\",\"@id\":\"https:\/\/guineediversite.com\/index.php\/2020\/04\/13\/france-macron-prolonge-le-confinement-jusquau-11-mai\/#primaryimage\",\"url\":\"https:\/\/guineediversite.com\/wp-content\/uploads\/2020\/04\/macron0222.jpeg\",\"contentUrl\":\"https:\/\/guineediversite.com\/wp-content\/uploads\/2020\/04\/macron0222.jpeg\",\"width\":1200,\"height\":1200},{\"@type\":\"BreadcrumbList\",\"@id\":\"https:\/\/guineediversite.com\/index.php\/2020\/04\/13\/france-macron-prolonge-le-confinement-jusquau-11-mai\/#breadcrumb\",\"itemListElement\":[{\"@type\":\"ListItem\",\"position\":1,\"name\":\"Accueil\",\"item\":\"https:\/\/guineediversite.com\/\"},{\"@type\":\"ListItem\",\"position\":2,\"name\":\"France: Macron prolonge le confinement jusqu&rsquo;au 11 mai\"}]},{\"@type\":\"WebSite\",\"@id\":\"https:\/\/guineediversite.com\/#website\",\"url\":\"https:\/\/guineediversite.com\/\",\"name\":\"Guin\u00e9e Diversit\u00e9\",\"description\":\"L&#039;Info dans toute sa diversit\u00e9\",\"publisher\":{\"@id\":\"https:\/\/guineediversite.com\/#organization\"},\"potentialAction\":[{\"@type\":\"SearchAction\",\"target\":{\"@type\":\"EntryPoint\",\"urlTemplate\":\"https:\/\/guineediversite.com\/?s={search_term_string}\"},\"query-input\":{\"@type\":\"PropertyValueSpecification\",\"valueRequired\":true,\"valueName\":\"search_term_string\"}}],\"inLanguage\":\"fr-FR\"},{\"@type\":\"Organization\",\"@id\":\"https:\/\/guineediversite.com\/#organization\",\"name\":\"Guin\u00e9e Diversit\u00e9\",\"url\":\"https:\/\/guineediversite.com\/\",\"logo\":{\"@type\":\"ImageObject\",\"inLanguage\":\"fr-FR\",\"@id\":\"https:\/\/guineediversite.com\/#\/schema\/logo\/image\/\",\"url\":\"https:\/\/guineediversite.com\/wp-content\/uploads\/2017\/04\/cropped-1jojlxEOMkX9Wyqfhe43D6kjPOGqBBKmx3EwWJqZ0cMrFF54yM49.png\",\"contentUrl\":\"https:\/\/guineediversite.com\/wp-content\/uploads\/2017\/04\/cropped-1jojlxEOMkX9Wyqfhe43D6kjPOGqBBKmx3EwWJqZ0cMrFF54yM49.png\",\"width\":186,\"height\":112,\"caption\":\"Guin\u00e9e Diversit\u00e9\"},\"image\":{\"@id\":\"https:\/\/guineediversite.com\/#\/schema\/logo\/image\/\"},\"sameAs\":[\"https:\/\/www.facebook.com\/guineediversite\/\",\"https:\/\/x.com\/GuineeDiversite\",\"https:\/\/www.youtube.com\/channel\/UC8sUY16qelG5ge6_D5SB83g\"]},{\"@type\":\"Person\",\"@id\":\"https:\/\/guineediversite.com\/#\/schema\/person\/afa08fb34e7fc6e1feafc892612bc836\",\"name\":\"Guin\u00e9e Diversit\u00e9\",\"image\":{\"@type\":\"ImageObject\",\"inLanguage\":\"fr-FR\",\"@id\":\"https:\/\/guineediversite.com\/#\/schema\/person\/image\/\",\"url\":\"https:\/\/secure.gravatar.com\/avatar\/50d5eb5b390f8b65ac30ac6f898eb83a?s=96&d=mm&r=g\",\"contentUrl\":\"https:\/\/secure.gravatar.com\/avatar\/50d5eb5b390f8b65ac30ac6f898eb83a?s=96&d=mm&r=g\",\"caption\":\"Guin\u00e9e Diversit\u00e9\"},\"url\":\"https:\/\/guineediversite.com\/index.php\/author\/guineediversite\/\"}]}<\/script>\n<!-- \/ Yoast SEO plugin. -->","yoast_head_json":{"title":"France: Macron prolonge le confinement jusqu'au 11 mai | Guin\u00e9e Diversit\u00e9","robots":{"index":"index","follow":"follow","max-snippet":"max-snippet:-1","max-image-preview":"max-image-preview:large","max-video-preview":"max-video-preview:-1"},"canonical":"https:\/\/guineediversite.com\/index.php\/2020\/04\/13\/france-macron-prolonge-le-confinement-jusquau-11-mai\/","og_locale":"fr_FR","og_type":"article","og_title":"France: Macron prolonge le confinement jusqu'au 11 mai | Guin\u00e9e Diversit\u00e9","og_description":"Emmanuel Macron a annonc\u00e9 lundi la prolongation du confinement jusqu&rsquo;au 11 mai dans le cadre de la lutte contre le Covid-19 qui a fait pr\u00e8s de 15.000 morts en France, et promis que les \u00e9coles et cr\u00e8ches commenceront \u00e0 rouvrir \u00e0 cette date. \u00ab\u00a0L&rsquo;\u00e9pid\u00e9mie commence \u00e0 marquer le pas\u00a0\u00bb et \u00ab\u00a0l&rsquo;espoir rena\u00eet\u00a0\u00bb, a soulign\u00e9 le [&hellip;]","og_url":"https:\/\/guineediversite.com\/index.php\/2020\/04\/13\/france-macron-prolonge-le-confinement-jusquau-11-mai\/","og_site_name":"Guin\u00e9e Diversit\u00e9","article_publisher":"https:\/\/www.facebook.com\/guineediversite\/","article_published_time":"2020-04-13T20:06:20+00:00","article_modified_time":"2020-04-13T20:06:22+00:00","og_image":[{"width":1200,"height":1200,"url":"https:\/\/guineediversite.com\/wp-content\/uploads\/2020\/04\/macron0222.jpeg","type":"image\/jpeg"}],"author":"Guin\u00e9e Diversit\u00e9","twitter_card":"summary_large_image","twitter_creator":"@GuineeDiversite","twitter_site":"@GuineeDiversite","twitter_misc":{"\u00c9crit par":"Guin\u00e9e Diversit\u00e9","Dur\u00e9e de lecture estim\u00e9e":"2 minutes"},"schema":{"@context":"https:\/\/schema.org","@graph":[{"@type":"Article","@id":"https:\/\/guineediversite.com\/index.php\/2020\/04\/13\/france-macron-prolonge-le-confinement-jusquau-11-mai\/#article","isPartOf":{"@id":"https:\/\/guineediversite.com\/index.php\/2020\/04\/13\/france-macron-prolonge-le-confinement-jusquau-11-mai\/"},"author":{"name":"Guin\u00e9e Diversit\u00e9","@id":"https:\/\/guineediversite.com\/#\/schema\/person\/afa08fb34e7fc6e1feafc892612bc836"},"headline":"France: Macron prolonge le confinement jusqu&rsquo;au 11 mai","datePublished":"2020-04-13T20:06:20+00:00","dateModified":"2020-04-13T20:06:22+00:00","mainEntityOfPage":{"@id":"https:\/\/guineediversite.com\/index.php\/2020\/04\/13\/france-macron-prolonge-le-confinement-jusquau-11-mai\/"},"wordCount":459,"publisher":{"@id":"https:\/\/guineediversite.com\/#organization"},"image":{"@id":"https:\/\/guineediversite.com\/index.php\/2020\/04\/13\/france-macron-prolonge-le-confinement-jusquau-11-mai\/#primaryimage"},"thumbnailUrl":"https:\/\/guineediversite.com\/wp-content\/uploads\/2020\/04\/macron0222.jpeg","articleSection":["Derni\u00e8re minute","International"],"inLanguage":"fr-FR"},{"@type":"WebPage","@id":"https:\/\/guineediversite.com\/index.php\/2020\/04\/13\/france-macron-prolonge-le-confinement-jusquau-11-mai\/","url":"https:\/\/guineediversite.com\/index.php\/2020\/04\/13\/france-macron-prolonge-le-confinement-jusquau-11-mai\/","name":"France: Macron prolonge le confinement jusqu'au 11 mai | Guin\u00e9e Diversit\u00e9","isPartOf":{"@id":"https:\/\/guineediversite.com\/#website"},"primaryImageOfPage":{"@id":"https:\/\/guineediversite.com\/index.php\/2020\/04\/13\/france-macron-prolonge-le-confinement-jusquau-11-mai\/#primaryimage"},"image":{"@id":"https:\/\/guineediversite.com\/index.php\/2020\/04\/13\/france-macron-prolonge-le-confinement-jusquau-11-mai\/#primaryimage"},"thumbnailUrl":"https:\/\/guineediversite.com\/wp-content\/uploads\/2020\/04\/macron0222.jpeg","datePublished":"2020-04-13T20:06:20+00:00","dateModified":"2020-04-13T20:06:22+00:00","breadcrumb":{"@id":"https:\/\/guineediversite.com\/index.php\/2020\/04\/13\/france-macron-prolonge-le-confinement-jusquau-11-mai\/#breadcrumb"},"inLanguage":"fr-FR","potentialAction":[{"@type":"ReadAction","target":["https:\/\/guineediversite.com\/index.php\/2020\/04\/13\/france-macron-prolonge-le-confinement-jusquau-11-mai\/"]}]},{"@type":"ImageObject","inLanguage":"fr-FR","@id":"https:\/\/guineediversite.com\/index.php\/2020\/04\/13\/france-macron-prolonge-le-confinement-jusquau-11-mai\/#primaryimage","url":"https:\/\/guineediversite.com\/wp-content\/uploads\/2020\/04\/macron0222.jpeg","contentUrl":"https:\/\/guineediversite.com\/wp-content\/uploads\/2020\/04\/macron0222.jpeg","width":1200,"height":1200},{"@type":"BreadcrumbList","@id":"https:\/\/guineediversite.com\/index.php\/2020\/04\/13\/france-macron-prolonge-le-confinement-jusquau-11-mai\/#breadcrumb","itemListElement":[{"@type":"ListItem","position":1,"name":"Accueil","item":"https:\/\/guineediversite.com\/"},{"@type":"ListItem","position":2,"name":"France: Macron prolonge le confinement jusqu&rsquo;au 11 mai"}]},{"@type":"WebSite","@id":"https:\/\/guineediversite.com\/#website","url":"https:\/\/guineediversite.com\/","name":"Guin\u00e9e Diversit\u00e9","description":"L&#039;Info dans toute sa diversit\u00e9","publisher":{"@id":"https:\/\/guineediversite.com\/#organization"},"potentialAction":[{"@type":"SearchAction","target":{"@type":"EntryPoint","urlTemplate":"https:\/\/guineediversite.com\/?s={search_term_string}"},"query-input":{"@type":"PropertyValueSpecification","valueRequired":true,"valueName":"search_term_string"}}],"inLanguage":"fr-FR"},{"@type":"Organization","@id":"https:\/\/guineediversite.com\/#organization","name":"Guin\u00e9e Diversit\u00e9","url":"https:\/\/guineediversite.com\/","logo":{"@type":"ImageObject","inLanguage":"fr-FR","@id":"https:\/\/guineediversite.com\/#\/schema\/logo\/image\/","url":"https:\/\/guineediversite.com\/wp-content\/uploads\/2017\/04\/cropped-1jojlxEOMkX9Wyqfhe43D6kjPOGqBBKmx3EwWJqZ0cMrFF54yM49.png","contentUrl":"https:\/\/guineediversite.com\/wp-content\/uploads\/2017\/04\/cropped-1jojlxEOMkX9Wyqfhe43D6kjPOGqBBKmx3EwWJqZ0cMrFF54yM49.png","width":186,"height":112,"caption":"Guin\u00e9e Diversit\u00e9"},"image":{"@id":"https:\/\/guineediversite.com\/#\/schema\/logo\/image\/"},"sameAs":["https:\/\/www.facebook.com\/guineediversite\/","https:\/\/x.com\/GuineeDiversite","https:\/\/www.youtube.com\/channel\/UC8sUY16qelG5ge6_D5SB83g"]},{"@type":"Person","@id":"https:\/\/guineediversite.com\/#\/schema\/person\/afa08fb34e7fc6e1feafc892612bc836","name":"Guin\u00e9e Diversit\u00e9","image":{"@type":"ImageObject","inLanguage":"fr-FR","@id":"https:\/\/guineediversite.com\/#\/schema\/person\/image\/","url":"https:\/\/secure.gravatar.com\/avatar\/50d5eb5b390f8b65ac30ac6f898eb83a?s=96&d=mm&r=g","contentUrl":"https:\/\/secure.gravatar.com\/avatar\/50d5eb5b390f8b65ac30ac6f898eb83a?s=96&d=mm&r=g","caption":"Guin\u00e9e Diversit\u00e9"},"url":"https:\/\/guineediversite.com\/index.php\/author\/guineediversite\/"}]}},"_links":{"self":[{"href":"https:\/\/guineediversite.com\/index.php\/wp-json\/wp\/v2\/posts\/28733"}],"collection":[{"href":"https:\/\/guineediversite.com\/index.php\/wp-json\/wp\/v2\/posts"}],"about":[{"href":"https:\/\/guineediversite.com\/index.php\/wp-json\/wp\/v2\/types\/post"}],"author":[{"embeddable":true,"href":"https:\/\/guineediversite.com\/index.php\/wp-json\/wp\/v2\/users\/12"}],"replies":[{"embeddable":true,"href":"https:\/\/guineediversite.com\/index.php\/wp-json\/wp\/v2\/comments?post=28733"}],"version-history":[{"count":1,"href":"https:\/\/guineediversite.com\/index.php\/wp-json\/wp\/v2\/posts\/28733\/revisions"}],"predecessor-version":[{"id":28735,"href":"https:\/\/guineediversite.com\/index.php\/wp-json\/wp\/v2\/posts\/28733\/revisions\/28735"}],"wp:featuredmedia":[{"embeddable":true,"href":"https:\/\/guineediversite.com\/index.php\/wp-json\/wp\/v2\/media\/28734"}],"wp:attachment":[{"href":"https:\/\/guineediversite.com\/index.php\/wp-json\/wp\/v2\/media?parent=28733"}],"wp:term":[{"taxonomy":"category","embeddable":true,"href":"https:\/\/guineediversite.com\/index.php\/wp-json\/wp\/v2\/categories?post=28733"},{"taxonomy":"post_tag","embeddable":true,"href":"https:\/\/guineediversite.com\/index.php\/wp-json\/wp\/v2\/tags?post=28733"}],"curies":[{"name":"wp","href":"https:\/\/api.w.org\/{rel}","templated":true}]}}