{"id":28694,"date":"2019-08-18T15:10:30","date_gmt":"2019-08-18T13:10:30","guid":{"rendered":"https:\/\/guineediversite.com\/?p=28694"},"modified":"2019-08-18T16:47:33","modified_gmt":"2019-08-18T14:47:33","slug":"haiti-une-radio-privee-mis-a-sac-par-des-bandits","status":"publish","type":"post","link":"https:\/\/guineediversite.com\/index.php\/2019\/08\/18\/haiti-une-radio-privee-mis-a-sac-par-des-bandits\/","title":{"rendered":"Ha\u00efti : Une radio priv\u00e9e mis \u00e0 sac par des \u00abbandits \u00bb"},"content":{"rendered":"\n<p><strong>Les faits remontent \u00e0 la semaine derni\u00e8re.\u00a0La Radio BMD internationale \u00e9mettant depuis le Cap ha\u00eftien, dans le d\u00e9partement du Nord a re\u00e7u la visite d\u2019un groupe de \u00ab bandits \u00bb qui a mis \u00e0 sac tous les \u00e9q<\/strong>uipements de la radio.<br><br>Selon le PDG de la radio, les voleurs ont tout emport\u00e9 :\u00a0\u00ab <em>Ordinateurs, console num\u00e9rique, micros, groupe \u00e9lectrog\u00e8ne, ils ont tout pris<\/em> \u00bb, explique\u00a0Bidry\u00a0Dorsainvil.\u00a0<br><br>Et pourtant, cette radio priv\u00e9e, \u00e9tait d\u2019une grande utilit\u00e9 publique pour ses nombreux auditeurs.\u00a0La radio qui \u00e9met depuis 2015 sur 90.7 Fm touche des th\u00e8mes comme l\u2019\u00e9ducation, la soci\u00e9t\u00e9, la politique ainsi que les droits de l\u2019Homme.\u00a0<\/p>\n\n\n\n<h2 class=\"wp-block-heading\"><br \/>Une menace pour la libert\u00e9 de la presse<\/h2>\n\n\n\n<p><br \/>Cet acte relance le d\u00e9bat sur la s\u00e9curit\u00e9 et la libert\u00e9 de la presse dans ce pays class\u00e9 62e rang mondial sur la libert\u00e9 de la presse, selon Reporters sans fronti\u00e8res.&nbsp;<br \/> \u00ab <em>Pour le moment, des enqu\u00eates sont ouvertes pour retrouver les auteurs et les commanditaires de ce sabotage <\/em>\u00bb, indique&nbsp;Bidry&nbsp;Dorsainvil.&nbsp; <\/p>\n","protected":false},"excerpt":{"rendered":"<p>Les faits remontent \u00e0 la semaine derni\u00e8re.\u00a0La Radio BMD internationale \u00e9mettant depuis le Cap ha\u00eftien, dans le d\u00e9partement du Nord a re\u00e7u la visite d\u2019un groupe de \u00ab bandits \u00bb qui a mis \u00e0 sac tous les \u00e9quipements de la radio. Selon le PDG de la radio, les voleurs ont tout emport\u00e9 :\u00a0\u00ab Ordinateurs, console [&hellip;]<\/p>\n","protected":false},"author":12,"featured_media":28699,"comment_status":"closed","ping_status":"closed","sticky":false,"template":"","format":"standard","meta":{"_exactmetrics_skip_tracking":false,"_exactmetrics_sitenote_active":false,"_exactmetrics_sitenote_note":"","_exactmetrics_sitenote_category":0,"tdm_status":"","tdm_grid_status":"","footnotes":""},"categories":[21],"tags":[],"class_list":{"0":"post-28694","1":"post","2":"type-post","3":"status-publish","4":"format-standard","5":"has-post-thumbnail","7":"category-international"},"yoast_head":"<!-- This site is optimized with the Yoast SEO plugin v24.2 - https:\/\/yoast.com\/wordpress\/plugins\/seo\/ -->\n<title>Ha\u00efti : Une radio priv\u00e9e mis \u00e0 sac par des \u00abbandits \u00bb | Guin\u00e9e Diversit\u00e9<\/title>\n<meta name=\"robots\" content=\"index, follow, max-snippet:-1, max-image-preview:large, max-video-preview:-1\" \/>\n<link rel=\"canonical\" href=\"https:\/\/guineediversite.com\/index.php\/2019\/08\/18\/haiti-une-radio-privee-mis-a-sac-par-des-bandits\/\" \/>\n<meta property=\"og:locale\" content=\"fr_FR\" \/>\n<meta property=\"og:type\" content=\"article\" \/>\n<meta property=\"og:title\" content=\"Ha\u00efti : Une radio priv\u00e9e mis \u00e0 sac par des \u00abbandits \u00bb | Guin\u00e9e Diversit\u00e9\" \/>\n<meta property=\"og:description\" content=\"Les faits remontent \u00e0 la semaine derni\u00e8re.\u00a0La Radio BMD internationale \u00e9mettant depuis le Cap ha\u00eftien, dans le d\u00e9partement du Nord a re\u00e7u la visite d\u2019un groupe de \u00ab bandits \u00bb qui a mis \u00e0 sac tous les \u00e9quipements de la radio. Selon le PDG de la radio, les voleurs ont tout emport\u00e9 :\u00a0\u00ab Ordinateurs, console [&hellip;]\" \/>\n<meta property=\"og:url\" content=\"https:\/\/guineediversite.com\/index.php\/2019\/08\/18\/haiti-une-radio-privee-mis-a-sac-par-des-bandits\/\" \/>\n<meta property=\"og:site_name\" content=\"Guin\u00e9e Diversit\u00e9\" \/>\n<meta property=\"article:publisher\" content=\"https:\/\/www.facebook.com\/guineediversite\/\" \/>\n<meta property=\"article:published_time\" content=\"2019-08-18T13:10:30+00:00\" \/>\n<meta property=\"article:modified_time\" content=\"2019-08-18T14:47:33+00:00\" \/>\n<meta property=\"og:image\" content=\"https:\/\/guineediversite.com\/wp-content\/uploads\/2019\/08\/studio_12-1.jpg\" \/>\n\t<meta property=\"og:image:width\" content=\"3400\" \/>\n\t<meta property=\"og:image:height\" content=\"2267\" \/>\n\t<meta property=\"og:image:type\" content=\"image\/jpeg\" \/>\n<meta name=\"author\" content=\"Guin\u00e9e Diversit\u00e9\" \/>\n<meta name=\"twitter:card\" content=\"summary_large_image\" \/>\n<meta name=\"twitter:creator\" content=\"@GuineeDiversite\" \/>\n<meta name=\"twitter:site\" content=\"@GuineeDiversite\" \/>\n<meta name=\"twitter:label1\" content=\"\u00c9crit par\" \/>\n\t<meta name=\"twitter:data1\" content=\"Guin\u00e9e Diversit\u00e9\" \/>\n\t<meta name=\"twitter:label2\" content=\"Dur\u00e9e de lecture estim\u00e9e\" \/>\n\t<meta name=\"twitter:data2\" content=\"1 minute\" \/>\n<script type=\"application\/ld+json\" class=\"yoast-schema-graph\">{\"@context\":\"https:\/\/schema.org\",\"@graph\":[{\"@type\":\"Article\",\"@id\":\"https:\/\/guineediversite.com\/index.php\/2019\/08\/18\/haiti-une-radio-privee-mis-a-sac-par-des-bandits\/#article\",\"isPartOf\":{\"@id\":\"https:\/\/guineediversite.com\/index.php\/2019\/08\/18\/haiti-une-radio-privee-mis-a-sac-par-des-bandits\/\"},\"author\":{\"name\":\"Guin\u00e9e Diversit\u00e9\",\"@id\":\"https:\/\/guineediversite.com\/#\/schema\/person\/afa08fb34e7fc6e1feafc892612bc836\"},\"headline\":\"Ha\u00efti : Une radio priv\u00e9e mis \u00e0 sac par des \u00abbandits \u00bb\",\"datePublished\":\"2019-08-18T13:10:30+00:00\",\"dateModified\":\"2019-08-18T14:47:33+00:00\",\"mainEntityOfPage\":{\"@id\":\"https:\/\/guineediversite.com\/index.php\/2019\/08\/18\/haiti-une-radio-privee-mis-a-sac-par-des-bandits\/\"},\"wordCount\":189,\"publisher\":{\"@id\":\"https:\/\/guineediversite.com\/#organization\"},\"image\":{\"@id\":\"https:\/\/guineediversite.com\/index.php\/2019\/08\/18\/haiti-une-radio-privee-mis-a-sac-par-des-bandits\/#primaryimage\"},\"thumbnailUrl\":\"https:\/\/guineediversite.com\/wp-content\/uploads\/2019\/08\/studio_12-1.jpg\",\"articleSection\":[\"International\"],\"inLanguage\":\"fr-FR\"},{\"@type\":\"WebPage\",\"@id\":\"https:\/\/guineediversite.com\/index.php\/2019\/08\/18\/haiti-une-radio-privee-mis-a-sac-par-des-bandits\/\",\"url\":\"https:\/\/guineediversite.com\/index.php\/2019\/08\/18\/haiti-une-radio-privee-mis-a-sac-par-des-bandits\/\",\"name\":\"Ha\u00efti : Une radio priv\u00e9e mis \u00e0 sac par des \u00abbandits \u00bb | Guin\u00e9e Diversit\u00e9\",\"isPartOf\":{\"@id\":\"https:\/\/guineediversite.com\/#website\"},\"primaryImageOfPage\":{\"@id\":\"https:\/\/guineediversite.com\/index.php\/2019\/08\/18\/haiti-une-radio-privee-mis-a-sac-par-des-bandits\/#primaryimage\"},\"image\":{\"@id\":\"https:\/\/guineediversite.com\/index.php\/2019\/08\/18\/haiti-une-radio-privee-mis-a-sac-par-des-bandits\/#primaryimage\"},\"thumbnailUrl\":\"https:\/\/guineediversite.com\/wp-content\/uploads\/2019\/08\/studio_12-1.jpg\",\"datePublished\":\"2019-08-18T13:10:30+00:00\",\"dateModified\":\"2019-08-18T14:47:33+00:00\",\"breadcrumb\":{\"@id\":\"https:\/\/guineediversite.com\/index.php\/2019\/08\/18\/haiti-une-radio-privee-mis-a-sac-par-des-bandits\/#breadcrumb\"},\"inLanguage\":\"fr-FR\",\"potentialAction\":[{\"@type\":\"ReadAction\",\"target\":[\"https:\/\/guineediversite.com\/index.php\/2019\/08\/18\/haiti-une-radio-privee-mis-a-sac-par-des-bandits\/\"]}]},{\"@type\":\"ImageObject\",\"inLanguage\":\"fr-FR\",\"@id\":\"https:\/\/guineediversite.com\/index.php\/2019\/08\/18\/haiti-une-radio-privee-mis-a-sac-par-des-bandits\/#primaryimage\",\"url\":\"https:\/\/guineediversite.com\/wp-content\/uploads\/2019\/08\/studio_12-1.jpg\",\"contentUrl\":\"https:\/\/guineediversite.com\/wp-content\/uploads\/2019\/08\/studio_12-1.jpg\",\"width\":3400,\"height\":2267},{\"@type\":\"BreadcrumbList\",\"@id\":\"https:\/\/guineediversite.com\/index.php\/2019\/08\/18\/haiti-une-radio-privee-mis-a-sac-par-des-bandits\/#breadcrumb\",\"itemListElement\":[{\"@type\":\"ListItem\",\"position\":1,\"name\":\"Accueil\",\"item\":\"https:\/\/guineediversite.com\/\"},{\"@type\":\"ListItem\",\"position\":2,\"name\":\"Ha\u00efti : Une radio priv\u00e9e mis \u00e0 sac par des \u00abbandits \u00bb\"}]},{\"@type\":\"WebSite\",\"@id\":\"https:\/\/guineediversite.com\/#website\",\"url\":\"https:\/\/guineediversite.com\/\",\"name\":\"Guin\u00e9e Diversit\u00e9\",\"description\":\"L&#039;Info dans toute sa diversit\u00e9\",\"publisher\":{\"@id\":\"https:\/\/guineediversite.com\/#organization\"},\"potentialAction\":[{\"@type\":\"SearchAction\",\"target\":{\"@type\":\"EntryPoint\",\"urlTemplate\":\"https:\/\/guineediversite.com\/?s={search_term_string}\"},\"query-input\":{\"@type\":\"PropertyValueSpecification\",\"valueRequired\":true,\"valueName\":\"search_term_string\"}}],\"inLanguage\":\"fr-FR\"},{\"@type\":\"Organization\",\"@id\":\"https:\/\/guineediversite.com\/#organization\",\"name\":\"Guin\u00e9e Diversit\u00e9\",\"url\":\"https:\/\/guineediversite.com\/\",\"logo\":{\"@type\":\"ImageObject\",\"inLanguage\":\"fr-FR\",\"@id\":\"https:\/\/guineediversite.com\/#\/schema\/logo\/image\/\",\"url\":\"https:\/\/guineediversite.com\/wp-content\/uploads\/2017\/04\/cropped-1jojlxEOMkX9Wyqfhe43D6kjPOGqBBKmx3EwWJqZ0cMrFF54yM49.png\",\"contentUrl\":\"https:\/\/guineediversite.com\/wp-content\/uploads\/2017\/04\/cropped-1jojlxEOMkX9Wyqfhe43D6kjPOGqBBKmx3EwWJqZ0cMrFF54yM49.png\",\"width\":186,\"height\":112,\"caption\":\"Guin\u00e9e Diversit\u00e9\"},\"image\":{\"@id\":\"https:\/\/guineediversite.com\/#\/schema\/logo\/image\/\"},\"sameAs\":[\"https:\/\/www.facebook.com\/guineediversite\/\",\"https:\/\/x.com\/GuineeDiversite\",\"https:\/\/www.youtube.com\/channel\/UC8sUY16qelG5ge6_D5SB83g\"]},{\"@type\":\"Person\",\"@id\":\"https:\/\/guineediversite.com\/#\/schema\/person\/afa08fb34e7fc6e1feafc892612bc836\",\"name\":\"Guin\u00e9e Diversit\u00e9\",\"image\":{\"@type\":\"ImageObject\",\"inLanguage\":\"fr-FR\",\"@id\":\"https:\/\/guineediversite.com\/#\/schema\/person\/image\/\",\"url\":\"https:\/\/secure.gravatar.com\/avatar\/50d5eb5b390f8b65ac30ac6f898eb83a?s=96&d=mm&r=g\",\"contentUrl\":\"https:\/\/secure.gravatar.com\/avatar\/50d5eb5b390f8b65ac30ac6f898eb83a?s=96&d=mm&r=g\",\"caption\":\"Guin\u00e9e Diversit\u00e9\"},\"url\":\"https:\/\/guineediversite.com\/index.php\/author\/guineediversite\/\"}]}<\/script>\n<!-- \/ Yoast SEO plugin. -->","yoast_head_json":{"title":"Ha\u00efti : Une radio priv\u00e9e mis \u00e0 sac par des \u00abbandits \u00bb | Guin\u00e9e Diversit\u00e9","robots":{"index":"index","follow":"follow","max-snippet":"max-snippet:-1","max-image-preview":"max-image-preview:large","max-video-preview":"max-video-preview:-1"},"canonical":"https:\/\/guineediversite.com\/index.php\/2019\/08\/18\/haiti-une-radio-privee-mis-a-sac-par-des-bandits\/","og_locale":"fr_FR","og_type":"article","og_title":"Ha\u00efti : Une radio priv\u00e9e mis \u00e0 sac par des \u00abbandits \u00bb | Guin\u00e9e Diversit\u00e9","og_description":"Les faits remontent \u00e0 la semaine derni\u00e8re.\u00a0La Radio BMD internationale \u00e9mettant depuis le Cap ha\u00eftien, dans le d\u00e9partement du Nord a re\u00e7u la visite d\u2019un groupe de \u00ab bandits \u00bb qui a mis \u00e0 sac tous les \u00e9quipements de la radio. Selon le PDG de la radio, les voleurs ont tout emport\u00e9 :\u00a0\u00ab Ordinateurs, console [&hellip;]","og_url":"https:\/\/guineediversite.com\/index.php\/2019\/08\/18\/haiti-une-radio-privee-mis-a-sac-par-des-bandits\/","og_site_name":"Guin\u00e9e Diversit\u00e9","article_publisher":"https:\/\/www.facebook.com\/guineediversite\/","article_published_time":"2019-08-18T13:10:30+00:00","article_modified_time":"2019-08-18T14:47:33+00:00","og_image":[{"width":3400,"height":2267,"url":"https:\/\/guineediversite.com\/wp-content\/uploads\/2019\/08\/studio_12-1.jpg","type":"image\/jpeg"}],"author":"Guin\u00e9e Diversit\u00e9","twitter_card":"summary_large_image","twitter_creator":"@GuineeDiversite","twitter_site":"@GuineeDiversite","twitter_misc":{"\u00c9crit par":"Guin\u00e9e Diversit\u00e9","Dur\u00e9e de lecture estim\u00e9e":"1 minute"},"schema":{"@context":"https:\/\/schema.org","@graph":[{"@type":"Article","@id":"https:\/\/guineediversite.com\/index.php\/2019\/08\/18\/haiti-une-radio-privee-mis-a-sac-par-des-bandits\/#article","isPartOf":{"@id":"https:\/\/guineediversite.com\/index.php\/2019\/08\/18\/haiti-une-radio-privee-mis-a-sac-par-des-bandits\/"},"author":{"name":"Guin\u00e9e Diversit\u00e9","@id":"https:\/\/guineediversite.com\/#\/schema\/person\/afa08fb34e7fc6e1feafc892612bc836"},"headline":"Ha\u00efti : Une radio priv\u00e9e mis \u00e0 sac par des \u00abbandits \u00bb","datePublished":"2019-08-18T13:10:30+00:00","dateModified":"2019-08-18T14:47:33+00:00","mainEntityOfPage":{"@id":"https:\/\/guineediversite.com\/index.php\/2019\/08\/18\/haiti-une-radio-privee-mis-a-sac-par-des-bandits\/"},"wordCount":189,"publisher":{"@id":"https:\/\/guineediversite.com\/#organization"},"image":{"@id":"https:\/\/guineediversite.com\/index.php\/2019\/08\/18\/haiti-une-radio-privee-mis-a-sac-par-des-bandits\/#primaryimage"},"thumbnailUrl":"https:\/\/guineediversite.com\/wp-content\/uploads\/2019\/08\/studio_12-1.jpg","articleSection":["International"],"inLanguage":"fr-FR"},{"@type":"WebPage","@id":"https:\/\/guineediversite.com\/index.php\/2019\/08\/18\/haiti-une-radio-privee-mis-a-sac-par-des-bandits\/","url":"https:\/\/guineediversite.com\/index.php\/2019\/08\/18\/haiti-une-radio-privee-mis-a-sac-par-des-bandits\/","name":"Ha\u00efti : Une radio priv\u00e9e mis \u00e0 sac par des \u00abbandits \u00bb | Guin\u00e9e Diversit\u00e9","isPartOf":{"@id":"https:\/\/guineediversite.com\/#website"},"primaryImageOfPage":{"@id":"https:\/\/guineediversite.com\/index.php\/2019\/08\/18\/haiti-une-radio-privee-mis-a-sac-par-des-bandits\/#primaryimage"},"image":{"@id":"https:\/\/guineediversite.com\/index.php\/2019\/08\/18\/haiti-une-radio-privee-mis-a-sac-par-des-bandits\/#primaryimage"},"thumbnailUrl":"https:\/\/guineediversite.com\/wp-content\/uploads\/2019\/08\/studio_12-1.jpg","datePublished":"2019-08-18T13:10:30+00:00","dateModified":"2019-08-18T14:47:33+00:00","breadcrumb":{"@id":"https:\/\/guineediversite.com\/index.php\/2019\/08\/18\/haiti-une-radio-privee-mis-a-sac-par-des-bandits\/#breadcrumb"},"inLanguage":"fr-FR","potentialAction":[{"@type":"ReadAction","target":["https:\/\/guineediversite.com\/index.php\/2019\/08\/18\/haiti-une-radio-privee-mis-a-sac-par-des-bandits\/"]}]},{"@type":"ImageObject","inLanguage":"fr-FR","@id":"https:\/\/guineediversite.com\/index.php\/2019\/08\/18\/haiti-une-radio-privee-mis-a-sac-par-des-bandits\/#primaryimage","url":"https:\/\/guineediversite.com\/wp-content\/uploads\/2019\/08\/studio_12-1.jpg","contentUrl":"https:\/\/guineediversite.com\/wp-content\/uploads\/2019\/08\/studio_12-1.jpg","width":3400,"height":2267},{"@type":"BreadcrumbList","@id":"https:\/\/guineediversite.com\/index.php\/2019\/08\/18\/haiti-une-radio-privee-mis-a-sac-par-des-bandits\/#breadcrumb","itemListElement":[{"@type":"ListItem","position":1,"name":"Accueil","item":"https:\/\/guineediversite.com\/"},{"@type":"ListItem","position":2,"name":"Ha\u00efti : Une radio priv\u00e9e mis \u00e0 sac par des \u00abbandits \u00bb"}]},{"@type":"WebSite","@id":"https:\/\/guineediversite.com\/#website","url":"https:\/\/guineediversite.com\/","name":"Guin\u00e9e Diversit\u00e9","description":"L&#039;Info dans toute sa diversit\u00e9","publisher":{"@id":"https:\/\/guineediversite.com\/#organization"},"potentialAction":[{"@type":"SearchAction","target":{"@type":"EntryPoint","urlTemplate":"https:\/\/guineediversite.com\/?s={search_term_string}"},"query-input":{"@type":"PropertyValueSpecification","valueRequired":true,"valueName":"search_term_string"}}],"inLanguage":"fr-FR"},{"@type":"Organization","@id":"https:\/\/guineediversite.com\/#organization","name":"Guin\u00e9e Diversit\u00e9","url":"https:\/\/guineediversite.com\/","logo":{"@type":"ImageObject","inLanguage":"fr-FR","@id":"https:\/\/guineediversite.com\/#\/schema\/logo\/image\/","url":"https:\/\/guineediversite.com\/wp-content\/uploads\/2017\/04\/cropped-1jojlxEOMkX9Wyqfhe43D6kjPOGqBBKmx3EwWJqZ0cMrFF54yM49.png","contentUrl":"https:\/\/guineediversite.com\/wp-content\/uploads\/2017\/04\/cropped-1jojlxEOMkX9Wyqfhe43D6kjPOGqBBKmx3EwWJqZ0cMrFF54yM49.png","width":186,"height":112,"caption":"Guin\u00e9e Diversit\u00e9"},"image":{"@id":"https:\/\/guineediversite.com\/#\/schema\/logo\/image\/"},"sameAs":["https:\/\/www.facebook.com\/guineediversite\/","https:\/\/x.com\/GuineeDiversite","https:\/\/www.youtube.com\/channel\/UC8sUY16qelG5ge6_D5SB83g"]},{"@type":"Person","@id":"https:\/\/guineediversite.com\/#\/schema\/person\/afa08fb34e7fc6e1feafc892612bc836","name":"Guin\u00e9e Diversit\u00e9","image":{"@type":"ImageObject","inLanguage":"fr-FR","@id":"https:\/\/guineediversite.com\/#\/schema\/person\/image\/","url":"https:\/\/secure.gravatar.com\/avatar\/50d5eb5b390f8b65ac30ac6f898eb83a?s=96&d=mm&r=g","contentUrl":"https:\/\/secure.gravatar.com\/avatar\/50d5eb5b390f8b65ac30ac6f898eb83a?s=96&d=mm&r=g","caption":"Guin\u00e9e Diversit\u00e9"},"url":"https:\/\/guineediversite.com\/index.php\/author\/guineediversite\/"}]}},"_links":{"self":[{"href":"https:\/\/guineediversite.com\/index.php\/wp-json\/wp\/v2\/posts\/28694"}],"collection":[{"href":"https:\/\/guineediversite.com\/index.php\/wp-json\/wp\/v2\/posts"}],"about":[{"href":"https:\/\/guineediversite.com\/index.php\/wp-json\/wp\/v2\/types\/post"}],"author":[{"embeddable":true,"href":"https:\/\/guineediversite.com\/index.php\/wp-json\/wp\/v2\/users\/12"}],"replies":[{"embeddable":true,"href":"https:\/\/guineediversite.com\/index.php\/wp-json\/wp\/v2\/comments?post=28694"}],"version-history":[{"count":0,"href":"https:\/\/guineediversite.com\/index.php\/wp-json\/wp\/v2\/posts\/28694\/revisions"}],"wp:featuredmedia":[{"embeddable":true,"href":"https:\/\/guineediversite.com\/index.php\/wp-json\/wp\/v2\/media\/28699"}],"wp:attachment":[{"href":"https:\/\/guineediversite.com\/index.php\/wp-json\/wp\/v2\/media?parent=28694"}],"wp:term":[{"taxonomy":"category","embeddable":true,"href":"https:\/\/guineediversite.com\/index.php\/wp-json\/wp\/v2\/categories?post=28694"},{"taxonomy":"post_tag","embeddable":true,"href":"https:\/\/guineediversite.com\/index.php\/wp-json\/wp\/v2\/tags?post=28694"}],"curies":[{"name":"wp","href":"https:\/\/api.w.org\/{rel}","templated":true}]}}