{"id":28688,"date":"2019-08-01T12:47:42","date_gmt":"2019-08-01T10:47:42","guid":{"rendered":"https:\/\/guineediversite.com\/?p=28688"},"modified":"2019-08-04T17:44:28","modified_gmt":"2019-08-04T15:44:28","slug":"guinee-arrivee-du-president-indien-ce-jeudi-1er-aout-communique","status":"publish","type":"post","link":"https:\/\/guineediversite.com\/index.php\/2019\/08\/01\/guinee-arrivee-du-president-indien-ce-jeudi-1er-aout-communique\/","title":{"rendered":"Guin\u00e9e : Arriv\u00e9e du pr\u00e9sident indien ce jeudi 1er ao\u00fbt ( communiqu\u00e9)"},"content":{"rendered":"\n<p>Dans le cadre du renforcement des liens d\u2019amiti\u00e9 et de\nfraternit\u00e9 existant entre la R\u00e9publique de Guin\u00e9e et la R\u00e9publique de l\u2019Inde,\nSon Excellence Ram Nath Kovind, Pr\u00e9sident indien, effectuera \u00e0 partir du jeudi\n01 ao\u00fbt 2019, une visite d\u2019Etat \u00e0 Conakry.<\/p>\n\n\n\n<p>Sont\nconvi\u00e9es \u00e0 prendre part au c\u00e9r\u00e9monial d\u2019accueil pr\u00e9vu \u00e0 16 heures \u00e0 l\u2019A\u00e9roport\nInternational de Conakry-Gb\u00e9ssia, les personnalit\u00e9s ci-apr\u00e8s :<\/p>\n\n\n\n<p>\u2022\nMonsieur le Pr\u00e9sident de l\u2019Assembl\u00e9e Nationale ;<br>\n\u2022 Monsieur le Premier Ministre, Chef du Gouvernement ;<br>\n\u2022 Monsieur le Pr\u00e9sident de la Cour Constitutionnelle ;<br>\n\u2022 Monsieur le Pr\u00e9sident de la Cour Supr\u00eame ;<br>\n\u2022 Monsieur le Pr\u00e9sident de la Cour des Comptes ;<br>\n\u2022 Madame la Pr\u00e9sidente de la Haute Autorit\u00e9 de la Communication;<br>\n\u2022 Madame la Pr\u00e9sidente du Conseil Economique et Social ;<br>\n\u2022 Monsieur le M\u00e9diateur de la R\u00e9publique ;<br>\n\u2022 Monsieur le Grand Chancelier des Ordres Nationaux de Guin\u00e9e ;<br>\n\u2022 Monsieur le Pr\u00e9sident de la Commission Electorale Nationale Ind\u00e9pendante ;<br>\n\u2022 Monsieur le Pr\u00e9sident de l\u2019Institution Nationale Ind\u00e9pendante des Droits\nHumains ;<br>\n\u2022 Monsieur le Chef de File de l\u2019Opposition ;<br>\n\u2022 Mesdames et Messieurs les Membres du Gouvernement ;<br>\n\u2022 Mesdames et Messieurs les Ministres Conseillers membres du cabinet\npr\u00e9sidentiel ;<br>\n\u2022 Monsieur le Chef d\u2019Etat-major G\u00e9n\u00e9ral des Arm\u00e9es ;<br>\n\u2022 Monsieur le Haut Commandant de la Gendarmerie Nationale;<br>\n\u2022 Messieurs les Chefs des Etats-majors des Arm\u00e9es de Terre, de l\u2019Air et de la\nMarine ;<br>\n\u2022 Monsieur le Chef d\u2019Etat-major Particulier de la Pr\u00e9sidence ;<br>\n\u2022 Messieurs les Directeurs G\u00e9n\u00e9raux de la Police, de la Douane et des\nConservateurs de la Nature ;<br>\n\u2022 Mesdames et Messieurs les Chefs des Missions Diplomatiques et les\nRepr\u00e9sentants des Organisations Internationales ;<br>\n\u2022 Monsieur le Gouverneur de la ville de Conakry.<\/p>\n\n\n\n<p>Conakry,\nle 31 juillet 2019<\/p>\n\n\n\n<p>Mamady\nSinkoun Kaba<br>\nAmbassadeur, Directeur du Protocole d\u2019Etat<\/p>\n","protected":false},"excerpt":{"rendered":"<p>Dans le cadre du renforcement des liens d\u2019amiti\u00e9 et de fraternit\u00e9 existant entre la R\u00e9publique de Guin\u00e9e et la R\u00e9publique de l\u2019Inde, Son Excellence Ram Nath Kovind, Pr\u00e9sident indien, effectuera \u00e0 partir du jeudi 01 ao\u00fbt 2019, une visite d\u2019Etat \u00e0 Conakry. Sont convi\u00e9es \u00e0 prendre part au c\u00e9r\u00e9monial d\u2019accueil pr\u00e9vu \u00e0 16 heures \u00e0 [&hellip;]<\/p>\n","protected":false},"author":12,"featured_media":28691,"comment_status":"closed","ping_status":"closed","sticky":false,"template":"","format":"standard","meta":{"_exactmetrics_skip_tracking":false,"_exactmetrics_sitenote_active":false,"_exactmetrics_sitenote_note":"","_exactmetrics_sitenote_category":0,"tdm_status":"","tdm_grid_status":"","footnotes":""},"categories":[14],"tags":[],"class_list":{"0":"post-28688","1":"post","2":"type-post","3":"status-publish","4":"format-standard","5":"has-post-thumbnail","7":"category-politique"},"yoast_head":"<!-- This site is optimized with the Yoast SEO plugin v24.2 - https:\/\/yoast.com\/wordpress\/plugins\/seo\/ -->\n<title>Guin\u00e9e : Arriv\u00e9e du pr\u00e9sident indien ce jeudi 1er ao\u00fbt ( communiqu\u00e9) | Guin\u00e9e Diversit\u00e9<\/title>\n<meta name=\"robots\" content=\"index, follow, max-snippet:-1, max-image-preview:large, max-video-preview:-1\" \/>\n<link rel=\"canonical\" href=\"https:\/\/guineediversite.com\/index.php\/2019\/08\/01\/guinee-arrivee-du-president-indien-ce-jeudi-1er-aout-communique\/\" \/>\n<meta property=\"og:locale\" content=\"fr_FR\" \/>\n<meta property=\"og:type\" content=\"article\" \/>\n<meta property=\"og:title\" content=\"Guin\u00e9e : Arriv\u00e9e du pr\u00e9sident indien ce jeudi 1er ao\u00fbt ( communiqu\u00e9) | Guin\u00e9e Diversit\u00e9\" \/>\n<meta property=\"og:description\" content=\"Dans le cadre du renforcement des liens d\u2019amiti\u00e9 et de fraternit\u00e9 existant entre la R\u00e9publique de Guin\u00e9e et la R\u00e9publique de l\u2019Inde, Son Excellence Ram Nath Kovind, Pr\u00e9sident indien, effectuera \u00e0 partir du jeudi 01 ao\u00fbt 2019, une visite d\u2019Etat \u00e0 Conakry. Sont convi\u00e9es \u00e0 prendre part au c\u00e9r\u00e9monial d\u2019accueil pr\u00e9vu \u00e0 16 heures \u00e0 [&hellip;]\" \/>\n<meta property=\"og:url\" content=\"https:\/\/guineediversite.com\/index.php\/2019\/08\/01\/guinee-arrivee-du-president-indien-ce-jeudi-1er-aout-communique\/\" \/>\n<meta property=\"og:site_name\" content=\"Guin\u00e9e Diversit\u00e9\" \/>\n<meta property=\"article:publisher\" content=\"https:\/\/www.facebook.com\/guineediversite\/\" \/>\n<meta property=\"article:published_time\" content=\"2019-08-01T10:47:42+00:00\" \/>\n<meta property=\"article:modified_time\" content=\"2019-08-04T15:44:28+00:00\" \/>\n<meta property=\"og:image\" content=\"https:\/\/guineediversite.com\/wp-content\/uploads\/2019\/08\/president-profile1.jpg\" \/>\n\t<meta property=\"og:image:width\" content=\"1025\" \/>\n\t<meta property=\"og:image:height\" content=\"1229\" \/>\n\t<meta property=\"og:image:type\" content=\"image\/jpeg\" \/>\n<meta name=\"author\" content=\"Guin\u00e9e Diversit\u00e9\" \/>\n<meta name=\"twitter:card\" content=\"summary_large_image\" \/>\n<meta name=\"twitter:creator\" content=\"@GuineeDiversite\" \/>\n<meta name=\"twitter:site\" content=\"@GuineeDiversite\" \/>\n<meta name=\"twitter:label1\" content=\"\u00c9crit par\" \/>\n\t<meta name=\"twitter:data1\" content=\"Guin\u00e9e Diversit\u00e9\" \/>\n\t<meta name=\"twitter:label2\" content=\"Dur\u00e9e de lecture estim\u00e9e\" \/>\n\t<meta name=\"twitter:data2\" content=\"2 minutes\" \/>\n<script type=\"application\/ld+json\" class=\"yoast-schema-graph\">{\"@context\":\"https:\/\/schema.org\",\"@graph\":[{\"@type\":\"Article\",\"@id\":\"https:\/\/guineediversite.com\/index.php\/2019\/08\/01\/guinee-arrivee-du-president-indien-ce-jeudi-1er-aout-communique\/#article\",\"isPartOf\":{\"@id\":\"https:\/\/guineediversite.com\/index.php\/2019\/08\/01\/guinee-arrivee-du-president-indien-ce-jeudi-1er-aout-communique\/\"},\"author\":{\"name\":\"Guin\u00e9e Diversit\u00e9\",\"@id\":\"https:\/\/guineediversite.com\/#\/schema\/person\/afa08fb34e7fc6e1feafc892612bc836\"},\"headline\":\"Guin\u00e9e : Arriv\u00e9e du pr\u00e9sident indien ce jeudi 1er ao\u00fbt ( communiqu\u00e9)\",\"datePublished\":\"2019-08-01T10:47:42+00:00\",\"dateModified\":\"2019-08-04T15:44:28+00:00\",\"mainEntityOfPage\":{\"@id\":\"https:\/\/guineediversite.com\/index.php\/2019\/08\/01\/guinee-arrivee-du-president-indien-ce-jeudi-1er-aout-communique\/\"},\"wordCount\":315,\"publisher\":{\"@id\":\"https:\/\/guineediversite.com\/#organization\"},\"image\":{\"@id\":\"https:\/\/guineediversite.com\/index.php\/2019\/08\/01\/guinee-arrivee-du-president-indien-ce-jeudi-1er-aout-communique\/#primaryimage\"},\"thumbnailUrl\":\"https:\/\/guineediversite.com\/wp-content\/uploads\/2019\/08\/president-profile1.jpg\",\"articleSection\":[\"Politique\"],\"inLanguage\":\"fr-FR\"},{\"@type\":\"WebPage\",\"@id\":\"https:\/\/guineediversite.com\/index.php\/2019\/08\/01\/guinee-arrivee-du-president-indien-ce-jeudi-1er-aout-communique\/\",\"url\":\"https:\/\/guineediversite.com\/index.php\/2019\/08\/01\/guinee-arrivee-du-president-indien-ce-jeudi-1er-aout-communique\/\",\"name\":\"Guin\u00e9e : Arriv\u00e9e du pr\u00e9sident indien ce jeudi 1er ao\u00fbt ( communiqu\u00e9) | Guin\u00e9e Diversit\u00e9\",\"isPartOf\":{\"@id\":\"https:\/\/guineediversite.com\/#website\"},\"primaryImageOfPage\":{\"@id\":\"https:\/\/guineediversite.com\/index.php\/2019\/08\/01\/guinee-arrivee-du-president-indien-ce-jeudi-1er-aout-communique\/#primaryimage\"},\"image\":{\"@id\":\"https:\/\/guineediversite.com\/index.php\/2019\/08\/01\/guinee-arrivee-du-president-indien-ce-jeudi-1er-aout-communique\/#primaryimage\"},\"thumbnailUrl\":\"https:\/\/guineediversite.com\/wp-content\/uploads\/2019\/08\/president-profile1.jpg\",\"datePublished\":\"2019-08-01T10:47:42+00:00\",\"dateModified\":\"2019-08-04T15:44:28+00:00\",\"breadcrumb\":{\"@id\":\"https:\/\/guineediversite.com\/index.php\/2019\/08\/01\/guinee-arrivee-du-president-indien-ce-jeudi-1er-aout-communique\/#breadcrumb\"},\"inLanguage\":\"fr-FR\",\"potentialAction\":[{\"@type\":\"ReadAction\",\"target\":[\"https:\/\/guineediversite.com\/index.php\/2019\/08\/01\/guinee-arrivee-du-president-indien-ce-jeudi-1er-aout-communique\/\"]}]},{\"@type\":\"ImageObject\",\"inLanguage\":\"fr-FR\",\"@id\":\"https:\/\/guineediversite.com\/index.php\/2019\/08\/01\/guinee-arrivee-du-president-indien-ce-jeudi-1er-aout-communique\/#primaryimage\",\"url\":\"https:\/\/guineediversite.com\/wp-content\/uploads\/2019\/08\/president-profile1.jpg\",\"contentUrl\":\"https:\/\/guineediversite.com\/wp-content\/uploads\/2019\/08\/president-profile1.jpg\",\"width\":1025,\"height\":1229},{\"@type\":\"BreadcrumbList\",\"@id\":\"https:\/\/guineediversite.com\/index.php\/2019\/08\/01\/guinee-arrivee-du-president-indien-ce-jeudi-1er-aout-communique\/#breadcrumb\",\"itemListElement\":[{\"@type\":\"ListItem\",\"position\":1,\"name\":\"Accueil\",\"item\":\"https:\/\/guineediversite.com\/\"},{\"@type\":\"ListItem\",\"position\":2,\"name\":\"Guin\u00e9e : Arriv\u00e9e du pr\u00e9sident indien ce jeudi 1er ao\u00fbt ( communiqu\u00e9)\"}]},{\"@type\":\"WebSite\",\"@id\":\"https:\/\/guineediversite.com\/#website\",\"url\":\"https:\/\/guineediversite.com\/\",\"name\":\"Guin\u00e9e Diversit\u00e9\",\"description\":\"L&#039;Info dans toute sa diversit\u00e9\",\"publisher\":{\"@id\":\"https:\/\/guineediversite.com\/#organization\"},\"potentialAction\":[{\"@type\":\"SearchAction\",\"target\":{\"@type\":\"EntryPoint\",\"urlTemplate\":\"https:\/\/guineediversite.com\/?s={search_term_string}\"},\"query-input\":{\"@type\":\"PropertyValueSpecification\",\"valueRequired\":true,\"valueName\":\"search_term_string\"}}],\"inLanguage\":\"fr-FR\"},{\"@type\":\"Organization\",\"@id\":\"https:\/\/guineediversite.com\/#organization\",\"name\":\"Guin\u00e9e Diversit\u00e9\",\"url\":\"https:\/\/guineediversite.com\/\",\"logo\":{\"@type\":\"ImageObject\",\"inLanguage\":\"fr-FR\",\"@id\":\"https:\/\/guineediversite.com\/#\/schema\/logo\/image\/\",\"url\":\"https:\/\/guineediversite.com\/wp-content\/uploads\/2017\/04\/cropped-1jojlxEOMkX9Wyqfhe43D6kjPOGqBBKmx3EwWJqZ0cMrFF54yM49.png\",\"contentUrl\":\"https:\/\/guineediversite.com\/wp-content\/uploads\/2017\/04\/cropped-1jojlxEOMkX9Wyqfhe43D6kjPOGqBBKmx3EwWJqZ0cMrFF54yM49.png\",\"width\":186,\"height\":112,\"caption\":\"Guin\u00e9e Diversit\u00e9\"},\"image\":{\"@id\":\"https:\/\/guineediversite.com\/#\/schema\/logo\/image\/\"},\"sameAs\":[\"https:\/\/www.facebook.com\/guineediversite\/\",\"https:\/\/x.com\/GuineeDiversite\",\"https:\/\/www.youtube.com\/channel\/UC8sUY16qelG5ge6_D5SB83g\"]},{\"@type\":\"Person\",\"@id\":\"https:\/\/guineediversite.com\/#\/schema\/person\/afa08fb34e7fc6e1feafc892612bc836\",\"name\":\"Guin\u00e9e Diversit\u00e9\",\"image\":{\"@type\":\"ImageObject\",\"inLanguage\":\"fr-FR\",\"@id\":\"https:\/\/guineediversite.com\/#\/schema\/person\/image\/\",\"url\":\"https:\/\/secure.gravatar.com\/avatar\/50d5eb5b390f8b65ac30ac6f898eb83a?s=96&d=mm&r=g\",\"contentUrl\":\"https:\/\/secure.gravatar.com\/avatar\/50d5eb5b390f8b65ac30ac6f898eb83a?s=96&d=mm&r=g\",\"caption\":\"Guin\u00e9e Diversit\u00e9\"},\"url\":\"https:\/\/guineediversite.com\/index.php\/author\/guineediversite\/\"}]}<\/script>\n<!-- \/ Yoast SEO plugin. -->","yoast_head_json":{"title":"Guin\u00e9e : Arriv\u00e9e du pr\u00e9sident indien ce jeudi 1er ao\u00fbt ( communiqu\u00e9) | Guin\u00e9e Diversit\u00e9","robots":{"index":"index","follow":"follow","max-snippet":"max-snippet:-1","max-image-preview":"max-image-preview:large","max-video-preview":"max-video-preview:-1"},"canonical":"https:\/\/guineediversite.com\/index.php\/2019\/08\/01\/guinee-arrivee-du-president-indien-ce-jeudi-1er-aout-communique\/","og_locale":"fr_FR","og_type":"article","og_title":"Guin\u00e9e : Arriv\u00e9e du pr\u00e9sident indien ce jeudi 1er ao\u00fbt ( communiqu\u00e9) | Guin\u00e9e Diversit\u00e9","og_description":"Dans le cadre du renforcement des liens d\u2019amiti\u00e9 et de fraternit\u00e9 existant entre la R\u00e9publique de Guin\u00e9e et la R\u00e9publique de l\u2019Inde, Son Excellence Ram Nath Kovind, Pr\u00e9sident indien, effectuera \u00e0 partir du jeudi 01 ao\u00fbt 2019, une visite d\u2019Etat \u00e0 Conakry. Sont convi\u00e9es \u00e0 prendre part au c\u00e9r\u00e9monial d\u2019accueil pr\u00e9vu \u00e0 16 heures \u00e0 [&hellip;]","og_url":"https:\/\/guineediversite.com\/index.php\/2019\/08\/01\/guinee-arrivee-du-president-indien-ce-jeudi-1er-aout-communique\/","og_site_name":"Guin\u00e9e Diversit\u00e9","article_publisher":"https:\/\/www.facebook.com\/guineediversite\/","article_published_time":"2019-08-01T10:47:42+00:00","article_modified_time":"2019-08-04T15:44:28+00:00","og_image":[{"width":1025,"height":1229,"url":"https:\/\/guineediversite.com\/wp-content\/uploads\/2019\/08\/president-profile1.jpg","type":"image\/jpeg"}],"author":"Guin\u00e9e Diversit\u00e9","twitter_card":"summary_large_image","twitter_creator":"@GuineeDiversite","twitter_site":"@GuineeDiversite","twitter_misc":{"\u00c9crit par":"Guin\u00e9e Diversit\u00e9","Dur\u00e9e de lecture estim\u00e9e":"2 minutes"},"schema":{"@context":"https:\/\/schema.org","@graph":[{"@type":"Article","@id":"https:\/\/guineediversite.com\/index.php\/2019\/08\/01\/guinee-arrivee-du-president-indien-ce-jeudi-1er-aout-communique\/#article","isPartOf":{"@id":"https:\/\/guineediversite.com\/index.php\/2019\/08\/01\/guinee-arrivee-du-president-indien-ce-jeudi-1er-aout-communique\/"},"author":{"name":"Guin\u00e9e Diversit\u00e9","@id":"https:\/\/guineediversite.com\/#\/schema\/person\/afa08fb34e7fc6e1feafc892612bc836"},"headline":"Guin\u00e9e : Arriv\u00e9e du pr\u00e9sident indien ce jeudi 1er ao\u00fbt ( communiqu\u00e9)","datePublished":"2019-08-01T10:47:42+00:00","dateModified":"2019-08-04T15:44:28+00:00","mainEntityOfPage":{"@id":"https:\/\/guineediversite.com\/index.php\/2019\/08\/01\/guinee-arrivee-du-president-indien-ce-jeudi-1er-aout-communique\/"},"wordCount":315,"publisher":{"@id":"https:\/\/guineediversite.com\/#organization"},"image":{"@id":"https:\/\/guineediversite.com\/index.php\/2019\/08\/01\/guinee-arrivee-du-president-indien-ce-jeudi-1er-aout-communique\/#primaryimage"},"thumbnailUrl":"https:\/\/guineediversite.com\/wp-content\/uploads\/2019\/08\/president-profile1.jpg","articleSection":["Politique"],"inLanguage":"fr-FR"},{"@type":"WebPage","@id":"https:\/\/guineediversite.com\/index.php\/2019\/08\/01\/guinee-arrivee-du-president-indien-ce-jeudi-1er-aout-communique\/","url":"https:\/\/guineediversite.com\/index.php\/2019\/08\/01\/guinee-arrivee-du-president-indien-ce-jeudi-1er-aout-communique\/","name":"Guin\u00e9e : Arriv\u00e9e du pr\u00e9sident indien ce jeudi 1er ao\u00fbt ( communiqu\u00e9) | Guin\u00e9e Diversit\u00e9","isPartOf":{"@id":"https:\/\/guineediversite.com\/#website"},"primaryImageOfPage":{"@id":"https:\/\/guineediversite.com\/index.php\/2019\/08\/01\/guinee-arrivee-du-president-indien-ce-jeudi-1er-aout-communique\/#primaryimage"},"image":{"@id":"https:\/\/guineediversite.com\/index.php\/2019\/08\/01\/guinee-arrivee-du-president-indien-ce-jeudi-1er-aout-communique\/#primaryimage"},"thumbnailUrl":"https:\/\/guineediversite.com\/wp-content\/uploads\/2019\/08\/president-profile1.jpg","datePublished":"2019-08-01T10:47:42+00:00","dateModified":"2019-08-04T15:44:28+00:00","breadcrumb":{"@id":"https:\/\/guineediversite.com\/index.php\/2019\/08\/01\/guinee-arrivee-du-president-indien-ce-jeudi-1er-aout-communique\/#breadcrumb"},"inLanguage":"fr-FR","potentialAction":[{"@type":"ReadAction","target":["https:\/\/guineediversite.com\/index.php\/2019\/08\/01\/guinee-arrivee-du-president-indien-ce-jeudi-1er-aout-communique\/"]}]},{"@type":"ImageObject","inLanguage":"fr-FR","@id":"https:\/\/guineediversite.com\/index.php\/2019\/08\/01\/guinee-arrivee-du-president-indien-ce-jeudi-1er-aout-communique\/#primaryimage","url":"https:\/\/guineediversite.com\/wp-content\/uploads\/2019\/08\/president-profile1.jpg","contentUrl":"https:\/\/guineediversite.com\/wp-content\/uploads\/2019\/08\/president-profile1.jpg","width":1025,"height":1229},{"@type":"BreadcrumbList","@id":"https:\/\/guineediversite.com\/index.php\/2019\/08\/01\/guinee-arrivee-du-president-indien-ce-jeudi-1er-aout-communique\/#breadcrumb","itemListElement":[{"@type":"ListItem","position":1,"name":"Accueil","item":"https:\/\/guineediversite.com\/"},{"@type":"ListItem","position":2,"name":"Guin\u00e9e : Arriv\u00e9e du pr\u00e9sident indien ce jeudi 1er ao\u00fbt ( communiqu\u00e9)"}]},{"@type":"WebSite","@id":"https:\/\/guineediversite.com\/#website","url":"https:\/\/guineediversite.com\/","name":"Guin\u00e9e Diversit\u00e9","description":"L&#039;Info dans toute sa diversit\u00e9","publisher":{"@id":"https:\/\/guineediversite.com\/#organization"},"potentialAction":[{"@type":"SearchAction","target":{"@type":"EntryPoint","urlTemplate":"https:\/\/guineediversite.com\/?s={search_term_string}"},"query-input":{"@type":"PropertyValueSpecification","valueRequired":true,"valueName":"search_term_string"}}],"inLanguage":"fr-FR"},{"@type":"Organization","@id":"https:\/\/guineediversite.com\/#organization","name":"Guin\u00e9e Diversit\u00e9","url":"https:\/\/guineediversite.com\/","logo":{"@type":"ImageObject","inLanguage":"fr-FR","@id":"https:\/\/guineediversite.com\/#\/schema\/logo\/image\/","url":"https:\/\/guineediversite.com\/wp-content\/uploads\/2017\/04\/cropped-1jojlxEOMkX9Wyqfhe43D6kjPOGqBBKmx3EwWJqZ0cMrFF54yM49.png","contentUrl":"https:\/\/guineediversite.com\/wp-content\/uploads\/2017\/04\/cropped-1jojlxEOMkX9Wyqfhe43D6kjPOGqBBKmx3EwWJqZ0cMrFF54yM49.png","width":186,"height":112,"caption":"Guin\u00e9e Diversit\u00e9"},"image":{"@id":"https:\/\/guineediversite.com\/#\/schema\/logo\/image\/"},"sameAs":["https:\/\/www.facebook.com\/guineediversite\/","https:\/\/x.com\/GuineeDiversite","https:\/\/www.youtube.com\/channel\/UC8sUY16qelG5ge6_D5SB83g"]},{"@type":"Person","@id":"https:\/\/guineediversite.com\/#\/schema\/person\/afa08fb34e7fc6e1feafc892612bc836","name":"Guin\u00e9e Diversit\u00e9","image":{"@type":"ImageObject","inLanguage":"fr-FR","@id":"https:\/\/guineediversite.com\/#\/schema\/person\/image\/","url":"https:\/\/secure.gravatar.com\/avatar\/50d5eb5b390f8b65ac30ac6f898eb83a?s=96&d=mm&r=g","contentUrl":"https:\/\/secure.gravatar.com\/avatar\/50d5eb5b390f8b65ac30ac6f898eb83a?s=96&d=mm&r=g","caption":"Guin\u00e9e Diversit\u00e9"},"url":"https:\/\/guineediversite.com\/index.php\/author\/guineediversite\/"}]}},"_links":{"self":[{"href":"https:\/\/guineediversite.com\/index.php\/wp-json\/wp\/v2\/posts\/28688"}],"collection":[{"href":"https:\/\/guineediversite.com\/index.php\/wp-json\/wp\/v2\/posts"}],"about":[{"href":"https:\/\/guineediversite.com\/index.php\/wp-json\/wp\/v2\/types\/post"}],"author":[{"embeddable":true,"href":"https:\/\/guineediversite.com\/index.php\/wp-json\/wp\/v2\/users\/12"}],"replies":[{"embeddable":true,"href":"https:\/\/guineediversite.com\/index.php\/wp-json\/wp\/v2\/comments?post=28688"}],"version-history":[{"count":0,"href":"https:\/\/guineediversite.com\/index.php\/wp-json\/wp\/v2\/posts\/28688\/revisions"}],"wp:featuredmedia":[{"embeddable":true,"href":"https:\/\/guineediversite.com\/index.php\/wp-json\/wp\/v2\/media\/28691"}],"wp:attachment":[{"href":"https:\/\/guineediversite.com\/index.php\/wp-json\/wp\/v2\/media?parent=28688"}],"wp:term":[{"taxonomy":"category","embeddable":true,"href":"https:\/\/guineediversite.com\/index.php\/wp-json\/wp\/v2\/categories?post=28688"},{"taxonomy":"post_tag","embeddable":true,"href":"https:\/\/guineediversite.com\/index.php\/wp-json\/wp\/v2\/tags?post=28688"}],"curies":[{"name":"wp","href":"https:\/\/api.w.org\/{rel}","templated":true}]}}