{"id":28679,"date":"2019-08-01T12:30:31","date_gmt":"2019-08-01T10:30:31","guid":{"rendered":"https:\/\/guineediversite.com\/?p=28679"},"modified":"2019-08-01T12:30:38","modified_gmt":"2019-08-01T10:30:38","slug":"declaration-de-mme-la-ministre-de-laction-sociale-de-la-promotion-feminine-et-de-lenfance-relative-a-la-celebration-de-la-journee-panafricaine-des-femmes","status":"publish","type":"post","link":"https:\/\/guineediversite.com\/index.php\/2019\/08\/01\/declaration-de-mme-la-ministre-de-laction-sociale-de-la-promotion-feminine-et-de-lenfance-relative-a-la-celebration-de-la-journee-panafricaine-des-femmes\/","title":{"rendered":"D\u00e9claration de Mme la ministre de l\u2019action sociale de la promotion f\u00e9minine et de l\u2019enfance relative a la c\u00e9l\u00e9bration de la journ\u00e9e panafricaine des femmes"},"content":{"rendered":"\n<p><strong>Conakry, le 31 Juillet 2019 &#8211;&nbsp;<\/strong><strong>Guin\u00e9ennes et Guin\u00e9ens&nbsp;;<\/strong><\/p>\n\n\n\n<p><strong>Chers compatriotes<\/strong><\/p>\n\n\n\n<p>Ce mercredi, 31 Juillet 2019, les femmes de Guin\u00e9e, \u00e0 l\u2019instar&nbsp; de leurs cons\u0153urs des autres pays africains, c\u00e9l\u00e8breront le 57<sup>\u00e8me<\/sup>anniversaire de la journ\u00e9e panafricaine des femmes autour du th\u00e8me: \u00ab<strong><em>&nbsp;Paix, S\u00e9curit\u00e9 et R\u00e9conciliation&nbsp;: Enjeux et D\u00e9fis \u00bb.<\/em><\/strong><\/p>\n\n\n\n<p>Pour rappel, c\u2019est le 31 juillet 1962 que cette organisation Panafricaine a \u00e9t\u00e9 cr\u00e9\u00e9e \u00e0 Dar-Es-Salam, en Tanzanie. Depuis cette date, la journ\u00e9e du 31 juillet a \u00e9t\u00e9 consacr\u00e9e journ\u00e9e de la femme africaine.<\/p>\n\n\n\n<p>En ce jour de souvenir, mes pens\u00e9es vont&nbsp; \u00e0 toutes nos devanci\u00e8res qui ont consenti d\u2019\u00e9normes&nbsp; sacrifices et beaucoup d\u2019\u00e9nergies pour&nbsp; le rayonnement de cette organisation \u00e0 travers la participation des femmes \u00e0 l\u2019atteinte des nobles id\u00e9aux des&nbsp; leaders Africains pour la d\u00e9fense de l\u2019ind\u00e9pendance et de la souverainet\u00e9 &nbsp;africaine.<\/p>\n\n\n\n<p>Au nombre de celles-ci je voudrais citer notre compatriote feue Hadja Jeanne Martin CISSE qui a \u00e9t\u00e9 la premi\u00e8re femme \u00e0 assurer la pr\u00e9sidence de l\u2019Institution d\u00e8s sa cr\u00e9ation, d\u00e9montrant ainsi le r\u00f4le primordial que la Guin\u00e9e a jou\u00e9 dans l\u2019\u00e9mancipation de l\u2019Afrique tout enti\u00e8re.<\/p>\n\n\n\n<p>Je saisis cette opportunit\u00e9 pour rendre un hommage m\u00e9rit\u00e9 \u00e0 toutes les femmes de Guin\u00e9e \u00e0 travers cette illustre pionni\u00e8re qui a fait la fiert\u00e9 de notre pays par son \u0153uvre fort remarquable.<\/p>\n\n\n\n<p><strong>Mesdames et Messieurs&nbsp;<\/strong><\/p>\n\n\n\n<p><strong>Chers compatriotes&nbsp;;<\/strong><\/p>\n\n\n\n<p>Par rapport \u00e0 sa mission premi\u00e8re, il est vrai qu\u2019aujourd\u2019hui, &nbsp;l\u2019Afrique a des raisons de se f\u00e9liciter de la r\u00e9alisation en grande partie de l\u2019objectif majeur qu\u2019aura \u00e9t\u00e9 la d\u00e9colonisation \u00e0 laquelle les femmes ont pris une part tr\u00e8s active.<\/p>\n\n\n\n<p>Cependant, force est de reconnaitre que les nombreux d\u00e9fis auxquels le continent fait face, r\u00e9sident dans la dynamique de concertation et d\u2019action permettant \u00e0 ces femmes de prendre une part active au d\u00e9veloppement du continent.<\/p>\n\n\n\n<p>Une des dispositions de ce d\u00e9veloppement endog\u00e8ne est la cr\u00e9ation d\u2019une zone de Libre Echange Continentale Africaine.&nbsp; Dans la mat\u00e9rialisation de cet ambitieux objectif des Chefs d\u2019Etats Africains, les femmes ne doivent pas rester en marge du processus. Elles &nbsp;doivent occuper une place de choix et jouer un r\u00f4le de premier plan \u00e0 l\u2019image de nos devanci\u00e8res.<\/p>\n\n\n\n<p>Dans cette perspective, l\u2019Afrique a besoin d\u2019un climat de paix et de s\u00e9curit\u00e9, gage certain pour son d\u00e9veloppement harmonieux et durable.<\/p>\n\n\n\n<p>C\u2019est pourquoi, en marge de la derni\u00e8re conf\u00e9rence des chefs d\u2019Etats pour la cr\u00e9ation d\u2019une zone de libre \u00e9change, les premi\u00e8res dames se sont r\u00e9unies pour \u00e9changer sur certains fl\u00e9aux tels que les Violences faites aux femmes et aux enfants aux nombres desquels on peut citer les mariages pr\u00e9coces, la traite, la migration &nbsp;et le viol,&nbsp;qui sont devenus des questions de d\u00e9veloppement pour notre continent.<\/p>\n\n\n\n<p><strong>Mesdames et Messieurs&nbsp;;<\/strong><\/p>\n\n\n\n<p><strong>Chers compatriotes&nbsp;;<\/strong><\/p>\n\n\n\n<p>C\u2019est le lieu et l\u2019occasion pour moi, au nom du Gouvernement Guin\u00e9en, de rendre un hommage m\u00e9rit\u00e9 \u00e0 toutes les pionni\u00e8res vivantes ou non qui ont contribu\u00e9 \u00e0 l\u2019\u00e9mancipation de la femme africaine en g\u00e9n\u00e9ral, et la guin\u00e9enne en particulier.<\/p>\n\n\n\n<p>A tous les partenaires de notre pays, j\u2019adresse &nbsp;au nom du Gouvernement, mes sinc\u00e8res remerciements pour&nbsp; les efforts qu\u2019ils ne cessent de fournir pour la&nbsp; protection et l\u2019autonomisation de la femme en Guin\u00e9e.<\/p>\n\n\n\n<p>Pour terminer, je voudrais me faire porte voix des femmes de Guin\u00e9e pour remercier son&nbsp;<strong>Excellence Monsieur &nbsp;le Pr\u00e9sident de la R\u00e9publique, Chef de l\u2019Etat, le Professeur Alpha CONDE,<\/strong>&nbsp;pour tous les actes qu\u2019il pose &nbsp;en faveur de la couche f\u00e9minine.<\/p>\n\n\n\n<p><strong>Vive la Journ\u00e9e Panafricaine de la Femme<\/strong><\/p>\n\n\n\n<p><strong>Vive la Coop\u00e9ration Internationale&nbsp;;<\/strong><\/p>\n\n\n\n<p><strong>Je vous remercie.<\/strong><\/p>\n","protected":false},"excerpt":{"rendered":"<p>Conakry, le 31 Juillet 2019 &#8211;&nbsp;Guin\u00e9ennes et Guin\u00e9ens&nbsp;; Chers compatriotes Ce mercredi, 31 Juillet 2019, les femmes de Guin\u00e9e, \u00e0 l\u2019instar&nbsp; de leurs cons\u0153urs des autres pays africains, c\u00e9l\u00e8breront le 57\u00e8meanniversaire de la journ\u00e9e panafricaine des femmes autour du th\u00e8me: \u00ab&nbsp;Paix, S\u00e9curit\u00e9 et R\u00e9conciliation&nbsp;: Enjeux et D\u00e9fis \u00bb. Pour rappel, c\u2019est le 31 juillet 1962 [&hellip;]<\/p>\n","protected":false},"author":12,"featured_media":27432,"comment_status":"closed","ping_status":"closed","sticky":false,"template":"","format":"standard","meta":{"_exactmetrics_skip_tracking":false,"_exactmetrics_sitenote_active":false,"_exactmetrics_sitenote_note":"","_exactmetrics_sitenote_category":0,"tdm_status":"","tdm_grid_status":"","footnotes":""},"categories":[1],"tags":[],"class_list":{"0":"post-28679","1":"post","2":"type-post","3":"status-publish","4":"format-standard","5":"has-post-thumbnail","7":"category-non-classe"},"yoast_head":"<!-- This site is optimized with the Yoast SEO plugin v24.2 - https:\/\/yoast.com\/wordpress\/plugins\/seo\/ -->\n<title>D\u00e9claration de Mme la ministre de l\u2019action sociale de la promotion f\u00e9minine et de l\u2019enfance relative a la c\u00e9l\u00e9bration de la journ\u00e9e panafricaine des femmes | Guin\u00e9e Diversit\u00e9<\/title>\n<meta name=\"robots\" content=\"index, follow, max-snippet:-1, max-image-preview:large, max-video-preview:-1\" \/>\n<link rel=\"canonical\" href=\"https:\/\/guineediversite.com\/index.php\/2019\/08\/01\/declaration-de-mme-la-ministre-de-laction-sociale-de-la-promotion-feminine-et-de-lenfance-relative-a-la-celebration-de-la-journee-panafricaine-des-femmes\/\" \/>\n<meta property=\"og:locale\" content=\"fr_FR\" \/>\n<meta property=\"og:type\" content=\"article\" \/>\n<meta property=\"og:title\" content=\"D\u00e9claration de Mme la ministre de l\u2019action sociale de la promotion f\u00e9minine et de l\u2019enfance relative a la c\u00e9l\u00e9bration de la journ\u00e9e panafricaine des femmes | Guin\u00e9e Diversit\u00e9\" \/>\n<meta property=\"og:description\" content=\"Conakry, le 31 Juillet 2019 &#8211;&nbsp;Guin\u00e9ennes et Guin\u00e9ens&nbsp;; Chers compatriotes Ce mercredi, 31 Juillet 2019, les femmes de Guin\u00e9e, \u00e0 l\u2019instar&nbsp; de leurs cons\u0153urs des autres pays africains, c\u00e9l\u00e8breront le 57\u00e8meanniversaire de la journ\u00e9e panafricaine des femmes autour du th\u00e8me: \u00ab&nbsp;Paix, S\u00e9curit\u00e9 et R\u00e9conciliation&nbsp;: Enjeux et D\u00e9fis \u00bb. Pour rappel, c\u2019est le 31 juillet 1962 [&hellip;]\" \/>\n<meta property=\"og:url\" content=\"https:\/\/guineediversite.com\/index.php\/2019\/08\/01\/declaration-de-mme-la-ministre-de-laction-sociale-de-la-promotion-feminine-et-de-lenfance-relative-a-la-celebration-de-la-journee-panafricaine-des-femmes\/\" \/>\n<meta property=\"og:site_name\" content=\"Guin\u00e9e Diversit\u00e9\" \/>\n<meta property=\"article:publisher\" content=\"https:\/\/www.facebook.com\/guineediversite\/\" \/>\n<meta property=\"article:published_time\" content=\"2019-08-01T10:30:31+00:00\" \/>\n<meta property=\"article:modified_time\" content=\"2019-08-01T10:30:38+00:00\" \/>\n<meta property=\"og:image\" content=\"https:\/\/guineediversite.com\/wp-content\/uploads\/2018\/12\/Mariama-Sylla-Ministre-de-l-Action-Sociale-de-la-Promotion-Feminine-et-de-l-Enfance0.png\" \/>\n\t<meta property=\"og:image:width\" content=\"1024\" \/>\n\t<meta property=\"og:image:height\" content=\"628\" \/>\n\t<meta property=\"og:image:type\" content=\"image\/png\" \/>\n<meta name=\"author\" content=\"Guin\u00e9e Diversit\u00e9\" \/>\n<meta name=\"twitter:card\" content=\"summary_large_image\" \/>\n<meta name=\"twitter:creator\" content=\"@GuineeDiversite\" \/>\n<meta name=\"twitter:site\" content=\"@GuineeDiversite\" \/>\n<meta name=\"twitter:label1\" content=\"\u00c9crit par\" \/>\n\t<meta name=\"twitter:data1\" content=\"Guin\u00e9e Diversit\u00e9\" \/>\n\t<meta name=\"twitter:label2\" content=\"Dur\u00e9e de lecture estim\u00e9e\" \/>\n\t<meta name=\"twitter:data2\" content=\"3 minutes\" \/>\n<script type=\"application\/ld+json\" class=\"yoast-schema-graph\">{\"@context\":\"https:\/\/schema.org\",\"@graph\":[{\"@type\":\"Article\",\"@id\":\"https:\/\/guineediversite.com\/index.php\/2019\/08\/01\/declaration-de-mme-la-ministre-de-laction-sociale-de-la-promotion-feminine-et-de-lenfance-relative-a-la-celebration-de-la-journee-panafricaine-des-femmes\/#article\",\"isPartOf\":{\"@id\":\"https:\/\/guineediversite.com\/index.php\/2019\/08\/01\/declaration-de-mme-la-ministre-de-laction-sociale-de-la-promotion-feminine-et-de-lenfance-relative-a-la-celebration-de-la-journee-panafricaine-des-femmes\/\"},\"author\":{\"name\":\"Guin\u00e9e Diversit\u00e9\",\"@id\":\"https:\/\/guineediversite.com\/#\/schema\/person\/afa08fb34e7fc6e1feafc892612bc836\"},\"headline\":\"D\u00e9claration de Mme la ministre de l\u2019action sociale de la promotion f\u00e9minine et de l\u2019enfance relative a la c\u00e9l\u00e9bration de la journ\u00e9e panafricaine des femmes\",\"datePublished\":\"2019-08-01T10:30:31+00:00\",\"dateModified\":\"2019-08-01T10:30:38+00:00\",\"mainEntityOfPage\":{\"@id\":\"https:\/\/guineediversite.com\/index.php\/2019\/08\/01\/declaration-de-mme-la-ministre-de-laction-sociale-de-la-promotion-feminine-et-de-lenfance-relative-a-la-celebration-de-la-journee-panafricaine-des-femmes\/\"},\"wordCount\":705,\"publisher\":{\"@id\":\"https:\/\/guineediversite.com\/#organization\"},\"image\":{\"@id\":\"https:\/\/guineediversite.com\/index.php\/2019\/08\/01\/declaration-de-mme-la-ministre-de-laction-sociale-de-la-promotion-feminine-et-de-lenfance-relative-a-la-celebration-de-la-journee-panafricaine-des-femmes\/#primaryimage\"},\"thumbnailUrl\":\"https:\/\/guineediversite.com\/wp-content\/uploads\/2018\/12\/Mariama-Sylla-Ministre-de-l-Action-Sociale-de-la-Promotion-Feminine-et-de-l-Enfance0.png\",\"inLanguage\":\"fr-FR\"},{\"@type\":\"WebPage\",\"@id\":\"https:\/\/guineediversite.com\/index.php\/2019\/08\/01\/declaration-de-mme-la-ministre-de-laction-sociale-de-la-promotion-feminine-et-de-lenfance-relative-a-la-celebration-de-la-journee-panafricaine-des-femmes\/\",\"url\":\"https:\/\/guineediversite.com\/index.php\/2019\/08\/01\/declaration-de-mme-la-ministre-de-laction-sociale-de-la-promotion-feminine-et-de-lenfance-relative-a-la-celebration-de-la-journee-panafricaine-des-femmes\/\",\"name\":\"D\u00e9claration de Mme la ministre de l\u2019action sociale de la promotion f\u00e9minine et de l\u2019enfance relative a la c\u00e9l\u00e9bration de la journ\u00e9e panafricaine des femmes | Guin\u00e9e Diversit\u00e9\",\"isPartOf\":{\"@id\":\"https:\/\/guineediversite.com\/#website\"},\"primaryImageOfPage\":{\"@id\":\"https:\/\/guineediversite.com\/index.php\/2019\/08\/01\/declaration-de-mme-la-ministre-de-laction-sociale-de-la-promotion-feminine-et-de-lenfance-relative-a-la-celebration-de-la-journee-panafricaine-des-femmes\/#primaryimage\"},\"image\":{\"@id\":\"https:\/\/guineediversite.com\/index.php\/2019\/08\/01\/declaration-de-mme-la-ministre-de-laction-sociale-de-la-promotion-feminine-et-de-lenfance-relative-a-la-celebration-de-la-journee-panafricaine-des-femmes\/#primaryimage\"},\"thumbnailUrl\":\"https:\/\/guineediversite.com\/wp-content\/uploads\/2018\/12\/Mariama-Sylla-Ministre-de-l-Action-Sociale-de-la-Promotion-Feminine-et-de-l-Enfance0.png\",\"datePublished\":\"2019-08-01T10:30:31+00:00\",\"dateModified\":\"2019-08-01T10:30:38+00:00\",\"breadcrumb\":{\"@id\":\"https:\/\/guineediversite.com\/index.php\/2019\/08\/01\/declaration-de-mme-la-ministre-de-laction-sociale-de-la-promotion-feminine-et-de-lenfance-relative-a-la-celebration-de-la-journee-panafricaine-des-femmes\/#breadcrumb\"},\"inLanguage\":\"fr-FR\",\"potentialAction\":[{\"@type\":\"ReadAction\",\"target\":[\"https:\/\/guineediversite.com\/index.php\/2019\/08\/01\/declaration-de-mme-la-ministre-de-laction-sociale-de-la-promotion-feminine-et-de-lenfance-relative-a-la-celebration-de-la-journee-panafricaine-des-femmes\/\"]}]},{\"@type\":\"ImageObject\",\"inLanguage\":\"fr-FR\",\"@id\":\"https:\/\/guineediversite.com\/index.php\/2019\/08\/01\/declaration-de-mme-la-ministre-de-laction-sociale-de-la-promotion-feminine-et-de-lenfance-relative-a-la-celebration-de-la-journee-panafricaine-des-femmes\/#primaryimage\",\"url\":\"https:\/\/guineediversite.com\/wp-content\/uploads\/2018\/12\/Mariama-Sylla-Ministre-de-l-Action-Sociale-de-la-Promotion-Feminine-et-de-l-Enfance0.png\",\"contentUrl\":\"https:\/\/guineediversite.com\/wp-content\/uploads\/2018\/12\/Mariama-Sylla-Ministre-de-l-Action-Sociale-de-la-Promotion-Feminine-et-de-l-Enfance0.png\",\"width\":1024,\"height\":628},{\"@type\":\"BreadcrumbList\",\"@id\":\"https:\/\/guineediversite.com\/index.php\/2019\/08\/01\/declaration-de-mme-la-ministre-de-laction-sociale-de-la-promotion-feminine-et-de-lenfance-relative-a-la-celebration-de-la-journee-panafricaine-des-femmes\/#breadcrumb\",\"itemListElement\":[{\"@type\":\"ListItem\",\"position\":1,\"name\":\"Accueil\",\"item\":\"https:\/\/guineediversite.com\/\"},{\"@type\":\"ListItem\",\"position\":2,\"name\":\"D\u00e9claration de Mme la ministre de l\u2019action sociale de la promotion f\u00e9minine et de l\u2019enfance relative a la c\u00e9l\u00e9bration de la journ\u00e9e panafricaine des femmes\"}]},{\"@type\":\"WebSite\",\"@id\":\"https:\/\/guineediversite.com\/#website\",\"url\":\"https:\/\/guineediversite.com\/\",\"name\":\"Guin\u00e9e Diversit\u00e9\",\"description\":\"L&#039;Info dans toute sa diversit\u00e9\",\"publisher\":{\"@id\":\"https:\/\/guineediversite.com\/#organization\"},\"potentialAction\":[{\"@type\":\"SearchAction\",\"target\":{\"@type\":\"EntryPoint\",\"urlTemplate\":\"https:\/\/guineediversite.com\/?s={search_term_string}\"},\"query-input\":{\"@type\":\"PropertyValueSpecification\",\"valueRequired\":true,\"valueName\":\"search_term_string\"}}],\"inLanguage\":\"fr-FR\"},{\"@type\":\"Organization\",\"@id\":\"https:\/\/guineediversite.com\/#organization\",\"name\":\"Guin\u00e9e Diversit\u00e9\",\"url\":\"https:\/\/guineediversite.com\/\",\"logo\":{\"@type\":\"ImageObject\",\"inLanguage\":\"fr-FR\",\"@id\":\"https:\/\/guineediversite.com\/#\/schema\/logo\/image\/\",\"url\":\"https:\/\/guineediversite.com\/wp-content\/uploads\/2017\/04\/cropped-1jojlxEOMkX9Wyqfhe43D6kjPOGqBBKmx3EwWJqZ0cMrFF54yM49.png\",\"contentUrl\":\"https:\/\/guineediversite.com\/wp-content\/uploads\/2017\/04\/cropped-1jojlxEOMkX9Wyqfhe43D6kjPOGqBBKmx3EwWJqZ0cMrFF54yM49.png\",\"width\":186,\"height\":112,\"caption\":\"Guin\u00e9e Diversit\u00e9\"},\"image\":{\"@id\":\"https:\/\/guineediversite.com\/#\/schema\/logo\/image\/\"},\"sameAs\":[\"https:\/\/www.facebook.com\/guineediversite\/\",\"https:\/\/x.com\/GuineeDiversite\",\"https:\/\/www.youtube.com\/channel\/UC8sUY16qelG5ge6_D5SB83g\"]},{\"@type\":\"Person\",\"@id\":\"https:\/\/guineediversite.com\/#\/schema\/person\/afa08fb34e7fc6e1feafc892612bc836\",\"name\":\"Guin\u00e9e Diversit\u00e9\",\"image\":{\"@type\":\"ImageObject\",\"inLanguage\":\"fr-FR\",\"@id\":\"https:\/\/guineediversite.com\/#\/schema\/person\/image\/\",\"url\":\"https:\/\/secure.gravatar.com\/avatar\/50d5eb5b390f8b65ac30ac6f898eb83a?s=96&d=mm&r=g\",\"contentUrl\":\"https:\/\/secure.gravatar.com\/avatar\/50d5eb5b390f8b65ac30ac6f898eb83a?s=96&d=mm&r=g\",\"caption\":\"Guin\u00e9e Diversit\u00e9\"},\"url\":\"https:\/\/guineediversite.com\/index.php\/author\/guineediversite\/\"}]}<\/script>\n<!-- \/ Yoast SEO plugin. -->","yoast_head_json":{"title":"D\u00e9claration de Mme la ministre de l\u2019action sociale de la promotion f\u00e9minine et de l\u2019enfance relative a la c\u00e9l\u00e9bration de la journ\u00e9e panafricaine des femmes | Guin\u00e9e Diversit\u00e9","robots":{"index":"index","follow":"follow","max-snippet":"max-snippet:-1","max-image-preview":"max-image-preview:large","max-video-preview":"max-video-preview:-1"},"canonical":"https:\/\/guineediversite.com\/index.php\/2019\/08\/01\/declaration-de-mme-la-ministre-de-laction-sociale-de-la-promotion-feminine-et-de-lenfance-relative-a-la-celebration-de-la-journee-panafricaine-des-femmes\/","og_locale":"fr_FR","og_type":"article","og_title":"D\u00e9claration de Mme la ministre de l\u2019action sociale de la promotion f\u00e9minine et de l\u2019enfance relative a la c\u00e9l\u00e9bration de la journ\u00e9e panafricaine des femmes | Guin\u00e9e Diversit\u00e9","og_description":"Conakry, le 31 Juillet 2019 &#8211;&nbsp;Guin\u00e9ennes et Guin\u00e9ens&nbsp;; Chers compatriotes Ce mercredi, 31 Juillet 2019, les femmes de Guin\u00e9e, \u00e0 l\u2019instar&nbsp; de leurs cons\u0153urs des autres pays africains, c\u00e9l\u00e8breront le 57\u00e8meanniversaire de la journ\u00e9e panafricaine des femmes autour du th\u00e8me: \u00ab&nbsp;Paix, S\u00e9curit\u00e9 et R\u00e9conciliation&nbsp;: Enjeux et D\u00e9fis \u00bb. Pour rappel, c\u2019est le 31 juillet 1962 [&hellip;]","og_url":"https:\/\/guineediversite.com\/index.php\/2019\/08\/01\/declaration-de-mme-la-ministre-de-laction-sociale-de-la-promotion-feminine-et-de-lenfance-relative-a-la-celebration-de-la-journee-panafricaine-des-femmes\/","og_site_name":"Guin\u00e9e Diversit\u00e9","article_publisher":"https:\/\/www.facebook.com\/guineediversite\/","article_published_time":"2019-08-01T10:30:31+00:00","article_modified_time":"2019-08-01T10:30:38+00:00","og_image":[{"width":1024,"height":628,"url":"https:\/\/guineediversite.com\/wp-content\/uploads\/2018\/12\/Mariama-Sylla-Ministre-de-l-Action-Sociale-de-la-Promotion-Feminine-et-de-l-Enfance0.png","type":"image\/png"}],"author":"Guin\u00e9e Diversit\u00e9","twitter_card":"summary_large_image","twitter_creator":"@GuineeDiversite","twitter_site":"@GuineeDiversite","twitter_misc":{"\u00c9crit par":"Guin\u00e9e Diversit\u00e9","Dur\u00e9e de lecture estim\u00e9e":"3 minutes"},"schema":{"@context":"https:\/\/schema.org","@graph":[{"@type":"Article","@id":"https:\/\/guineediversite.com\/index.php\/2019\/08\/01\/declaration-de-mme-la-ministre-de-laction-sociale-de-la-promotion-feminine-et-de-lenfance-relative-a-la-celebration-de-la-journee-panafricaine-des-femmes\/#article","isPartOf":{"@id":"https:\/\/guineediversite.com\/index.php\/2019\/08\/01\/declaration-de-mme-la-ministre-de-laction-sociale-de-la-promotion-feminine-et-de-lenfance-relative-a-la-celebration-de-la-journee-panafricaine-des-femmes\/"},"author":{"name":"Guin\u00e9e Diversit\u00e9","@id":"https:\/\/guineediversite.com\/#\/schema\/person\/afa08fb34e7fc6e1feafc892612bc836"},"headline":"D\u00e9claration de Mme la ministre de l\u2019action sociale de la promotion f\u00e9minine et de l\u2019enfance relative a la c\u00e9l\u00e9bration de la journ\u00e9e panafricaine des femmes","datePublished":"2019-08-01T10:30:31+00:00","dateModified":"2019-08-01T10:30:38+00:00","mainEntityOfPage":{"@id":"https:\/\/guineediversite.com\/index.php\/2019\/08\/01\/declaration-de-mme-la-ministre-de-laction-sociale-de-la-promotion-feminine-et-de-lenfance-relative-a-la-celebration-de-la-journee-panafricaine-des-femmes\/"},"wordCount":705,"publisher":{"@id":"https:\/\/guineediversite.com\/#organization"},"image":{"@id":"https:\/\/guineediversite.com\/index.php\/2019\/08\/01\/declaration-de-mme-la-ministre-de-laction-sociale-de-la-promotion-feminine-et-de-lenfance-relative-a-la-celebration-de-la-journee-panafricaine-des-femmes\/#primaryimage"},"thumbnailUrl":"https:\/\/guineediversite.com\/wp-content\/uploads\/2018\/12\/Mariama-Sylla-Ministre-de-l-Action-Sociale-de-la-Promotion-Feminine-et-de-l-Enfance0.png","inLanguage":"fr-FR"},{"@type":"WebPage","@id":"https:\/\/guineediversite.com\/index.php\/2019\/08\/01\/declaration-de-mme-la-ministre-de-laction-sociale-de-la-promotion-feminine-et-de-lenfance-relative-a-la-celebration-de-la-journee-panafricaine-des-femmes\/","url":"https:\/\/guineediversite.com\/index.php\/2019\/08\/01\/declaration-de-mme-la-ministre-de-laction-sociale-de-la-promotion-feminine-et-de-lenfance-relative-a-la-celebration-de-la-journee-panafricaine-des-femmes\/","name":"D\u00e9claration de Mme la ministre de l\u2019action sociale de la promotion f\u00e9minine et de l\u2019enfance relative a la c\u00e9l\u00e9bration de la journ\u00e9e panafricaine des femmes | Guin\u00e9e Diversit\u00e9","isPartOf":{"@id":"https:\/\/guineediversite.com\/#website"},"primaryImageOfPage":{"@id":"https:\/\/guineediversite.com\/index.php\/2019\/08\/01\/declaration-de-mme-la-ministre-de-laction-sociale-de-la-promotion-feminine-et-de-lenfance-relative-a-la-celebration-de-la-journee-panafricaine-des-femmes\/#primaryimage"},"image":{"@id":"https:\/\/guineediversite.com\/index.php\/2019\/08\/01\/declaration-de-mme-la-ministre-de-laction-sociale-de-la-promotion-feminine-et-de-lenfance-relative-a-la-celebration-de-la-journee-panafricaine-des-femmes\/#primaryimage"},"thumbnailUrl":"https:\/\/guineediversite.com\/wp-content\/uploads\/2018\/12\/Mariama-Sylla-Ministre-de-l-Action-Sociale-de-la-Promotion-Feminine-et-de-l-Enfance0.png","datePublished":"2019-08-01T10:30:31+00:00","dateModified":"2019-08-01T10:30:38+00:00","breadcrumb":{"@id":"https:\/\/guineediversite.com\/index.php\/2019\/08\/01\/declaration-de-mme-la-ministre-de-laction-sociale-de-la-promotion-feminine-et-de-lenfance-relative-a-la-celebration-de-la-journee-panafricaine-des-femmes\/#breadcrumb"},"inLanguage":"fr-FR","potentialAction":[{"@type":"ReadAction","target":["https:\/\/guineediversite.com\/index.php\/2019\/08\/01\/declaration-de-mme-la-ministre-de-laction-sociale-de-la-promotion-feminine-et-de-lenfance-relative-a-la-celebration-de-la-journee-panafricaine-des-femmes\/"]}]},{"@type":"ImageObject","inLanguage":"fr-FR","@id":"https:\/\/guineediversite.com\/index.php\/2019\/08\/01\/declaration-de-mme-la-ministre-de-laction-sociale-de-la-promotion-feminine-et-de-lenfance-relative-a-la-celebration-de-la-journee-panafricaine-des-femmes\/#primaryimage","url":"https:\/\/guineediversite.com\/wp-content\/uploads\/2018\/12\/Mariama-Sylla-Ministre-de-l-Action-Sociale-de-la-Promotion-Feminine-et-de-l-Enfance0.png","contentUrl":"https:\/\/guineediversite.com\/wp-content\/uploads\/2018\/12\/Mariama-Sylla-Ministre-de-l-Action-Sociale-de-la-Promotion-Feminine-et-de-l-Enfance0.png","width":1024,"height":628},{"@type":"BreadcrumbList","@id":"https:\/\/guineediversite.com\/index.php\/2019\/08\/01\/declaration-de-mme-la-ministre-de-laction-sociale-de-la-promotion-feminine-et-de-lenfance-relative-a-la-celebration-de-la-journee-panafricaine-des-femmes\/#breadcrumb","itemListElement":[{"@type":"ListItem","position":1,"name":"Accueil","item":"https:\/\/guineediversite.com\/"},{"@type":"ListItem","position":2,"name":"D\u00e9claration de Mme la ministre de l\u2019action sociale de la promotion f\u00e9minine et de l\u2019enfance relative a la c\u00e9l\u00e9bration de la journ\u00e9e panafricaine des femmes"}]},{"@type":"WebSite","@id":"https:\/\/guineediversite.com\/#website","url":"https:\/\/guineediversite.com\/","name":"Guin\u00e9e Diversit\u00e9","description":"L&#039;Info dans toute sa diversit\u00e9","publisher":{"@id":"https:\/\/guineediversite.com\/#organization"},"potentialAction":[{"@type":"SearchAction","target":{"@type":"EntryPoint","urlTemplate":"https:\/\/guineediversite.com\/?s={search_term_string}"},"query-input":{"@type":"PropertyValueSpecification","valueRequired":true,"valueName":"search_term_string"}}],"inLanguage":"fr-FR"},{"@type":"Organization","@id":"https:\/\/guineediversite.com\/#organization","name":"Guin\u00e9e Diversit\u00e9","url":"https:\/\/guineediversite.com\/","logo":{"@type":"ImageObject","inLanguage":"fr-FR","@id":"https:\/\/guineediversite.com\/#\/schema\/logo\/image\/","url":"https:\/\/guineediversite.com\/wp-content\/uploads\/2017\/04\/cropped-1jojlxEOMkX9Wyqfhe43D6kjPOGqBBKmx3EwWJqZ0cMrFF54yM49.png","contentUrl":"https:\/\/guineediversite.com\/wp-content\/uploads\/2017\/04\/cropped-1jojlxEOMkX9Wyqfhe43D6kjPOGqBBKmx3EwWJqZ0cMrFF54yM49.png","width":186,"height":112,"caption":"Guin\u00e9e Diversit\u00e9"},"image":{"@id":"https:\/\/guineediversite.com\/#\/schema\/logo\/image\/"},"sameAs":["https:\/\/www.facebook.com\/guineediversite\/","https:\/\/x.com\/GuineeDiversite","https:\/\/www.youtube.com\/channel\/UC8sUY16qelG5ge6_D5SB83g"]},{"@type":"Person","@id":"https:\/\/guineediversite.com\/#\/schema\/person\/afa08fb34e7fc6e1feafc892612bc836","name":"Guin\u00e9e Diversit\u00e9","image":{"@type":"ImageObject","inLanguage":"fr-FR","@id":"https:\/\/guineediversite.com\/#\/schema\/person\/image\/","url":"https:\/\/secure.gravatar.com\/avatar\/50d5eb5b390f8b65ac30ac6f898eb83a?s=96&d=mm&r=g","contentUrl":"https:\/\/secure.gravatar.com\/avatar\/50d5eb5b390f8b65ac30ac6f898eb83a?s=96&d=mm&r=g","caption":"Guin\u00e9e Diversit\u00e9"},"url":"https:\/\/guineediversite.com\/index.php\/author\/guineediversite\/"}]}},"_links":{"self":[{"href":"https:\/\/guineediversite.com\/index.php\/wp-json\/wp\/v2\/posts\/28679"}],"collection":[{"href":"https:\/\/guineediversite.com\/index.php\/wp-json\/wp\/v2\/posts"}],"about":[{"href":"https:\/\/guineediversite.com\/index.php\/wp-json\/wp\/v2\/types\/post"}],"author":[{"embeddable":true,"href":"https:\/\/guineediversite.com\/index.php\/wp-json\/wp\/v2\/users\/12"}],"replies":[{"embeddable":true,"href":"https:\/\/guineediversite.com\/index.php\/wp-json\/wp\/v2\/comments?post=28679"}],"version-history":[{"count":0,"href":"https:\/\/guineediversite.com\/index.php\/wp-json\/wp\/v2\/posts\/28679\/revisions"}],"wp:featuredmedia":[{"embeddable":true,"href":"https:\/\/guineediversite.com\/index.php\/wp-json\/wp\/v2\/media\/27432"}],"wp:attachment":[{"href":"https:\/\/guineediversite.com\/index.php\/wp-json\/wp\/v2\/media?parent=28679"}],"wp:term":[{"taxonomy":"category","embeddable":true,"href":"https:\/\/guineediversite.com\/index.php\/wp-json\/wp\/v2\/categories?post=28679"},{"taxonomy":"post_tag","embeddable":true,"href":"https:\/\/guineediversite.com\/index.php\/wp-json\/wp\/v2\/tags?post=28679"}],"curies":[{"name":"wp","href":"https:\/\/api.w.org\/{rel}","templated":true}]}}