{"id":28662,"date":"2019-07-16T13:57:46","date_gmt":"2019-07-16T11:57:46","guid":{"rendered":"https:\/\/guineediversite.com\/?p=28662"},"modified":"2019-07-16T13:57:46","modified_gmt":"2019-07-16T11:57:46","slug":"can-2019-les-algeriens-entre-la-manifestation-politique-et-la-finale-de-la-can-2019","status":"publish","type":"post","link":"https:\/\/guineediversite.com\/index.php\/2019\/07\/16\/can-2019-les-algeriens-entre-la-manifestation-politique-et-la-finale-de-la-can-2019\/","title":{"rendered":"CAN 2019: les alg\u00e9riens entre la manifestation politique et la finale de la CAN 2019"},"content":{"rendered":"<p>La grande finale de la 32<sup>\u00e8me<\/sup> \u00e9dition de la coupe d\u2019Afrique des Nations est pr\u00e9vue pour ce vendredi au Caire, une rencontre qui mettra au prise les Fennecs et les lions du S\u00e9n\u00e9gal. Malgr\u00e9 l\u2019engouement qui amine les supporters alg\u00e9riens, ils ne d\u00e9col\u00e8rent point face aux manifestions politique qui d\u00e9stabilisent le pays il y a des mois. Ce parcours exceptionnel des footballeurs alg\u00e9riens n\u2019emp\u00eache pas leurs compatriotes de manifester chaque vendredi. Les Verts deviendront peut-\u00eatre champions d\u2019Afrique face au S\u00e9n\u00e9gal l&rsquo;ann\u00e9e-m\u00eame o\u00f9 leur pays plonge dans le chaos.<\/p>\n<p><strong>Le foot, un moyen d&rsquo;exprimer sa col\u00e8re pour les Alg\u00e9riens<\/strong><\/p>\n<p>Le 14 juillet au Caire, le\u00a0drapeau alg\u00e9rien\u00a0a flott\u00e9 dans les rues et au stade. Dans l\u2019apr\u00e8s-midi, certains supporters avaient fait le d\u00e9placement au pied des pyramides pour marteler les slogans que l\u2019on peut entendre lors des manifestations de chaque fin de semaine.<\/p>\n<p>Comme \u00ab\u00a0<em>H\u00e9 viva l\u2019Alg\u00e9rie, yetnahaw ga\u00e2<\/em>\u00a0\u00bb (\u00ab\u00a0Vive l\u2019Alg\u00e9rie, qu\u2019ils d\u00e9gagent tous\u00a0\u00bb). Ou encore\u00a0: \u00ab\u00a0<em>Miziriya w tahia el djazair<\/em>\u00a0\u00bb (On vit la mis\u00e8re et vive l\u2019Alg\u00e9rie). L\u2019ambiance \u00e9tait bon enfant.<\/p>\n<p>Pourtant, il y a quelques jours \u00e0 Alger, apr\u00e8s avoir \u00e9t\u00e9 expuls\u00e9 d&rsquo;\u00c9gypte, un jeune homme avait \u00e9t\u00e9 condamn\u00e9 \u00e0 un an de prison pour avoir brandi une pancarte lors d\u2019une rencontre sur laquelle on pouvait aussi lire\u00a0: \u00ab\u00a0<em>Qu\u2019ils d\u00e9gagent tous.<\/em>\u00a0\u00bb La pr\u00e9sence du \u00ab\u00a012e homme\u00a0\u00bb n&rsquo;est pas toujours appr\u00e9ci\u00e9e.<\/p>\n<p>Si le football reste pour les Alg\u00e9riens le sport phare, il est aussi le moyen de faire part de leur col\u00e8re. Exemple\u00a0: lors de la derni\u00e8re journ\u00e9e de qualification pour l\u2019\u00e9dition 2019, alors que les Verts avaient d\u00e9j\u00e0 leur ticket en poche pour participer au tournoi, les supporters avaient d\u00e9sert\u00e9 le stade de Mustapha-Tchaker de Blida.<\/p>\n<p>La rencontre face \u00e0 la Gambie s\u2019\u00e9tait d\u00e9roul\u00e9e sans public. C\u2019est sous le hashtag #KhalouhFaragh (laissez-le vide) que les internautes avaient lanc\u00e9 la campagne. Le foot au stade n\u2019avait pour une fois plus toute sa place.<\/p>\n<p><strong>\u00ab\u00a0<em>Au pays, ils iront manifester et ensuite ils regarderont le match<\/em>\u00a0\u00bb<\/strong><\/p>\n<p>Avant d\u2019\u00e9liminer le Nigeria, l\u2019Alg\u00e9rie s\u2019\u00e9tait qualifi\u00e9e pour le dernier carr\u00e9 en battant la C\u00f4te d\u2019Ivoire aux tirs au but apr\u00e8s une rencontre tendue et \u00e9quilibr\u00e9e. Depuis le Mondial 2014 au Br\u00e9sil, les Fennecs n\u2019ont plus fait autant r\u00eav\u00e9 du c\u00f4t\u00e9 d\u2019Alger et dans le reste du monde, o\u00f9 la diaspora reste riv\u00e9e \u00e0\u00a0son \u00e9cran.<\/p>\n<p>Vendredi 19\u00a0juillet, lors de la finale face \u00e0 S\u00e9n\u00e9gal, les supporters des Fennecs seront encore plus nombreux. Des\u00a0avions militaires\u00a0vont \u00eatre affr\u00e9t\u00e9s pour l\u2019occasion. Mais comme depuis le 16\u00a0f\u00e9vrier, il y aura bien un 22e\u00a0vendredi le m\u00eame jour. \u00ab\u00a0<em>Au pays, ils iront manifester et ensuite ils regarderont le match<\/em>\u00a0\u00bb, assure un confr\u00e8re alg\u00e9rien pr\u00e9sent au Caire.<\/p>\n","protected":false},"excerpt":{"rendered":"<p>La grande finale de la 32\u00e8me \u00e9dition de la coupe d\u2019Afrique des Nations est pr\u00e9vue pour ce vendredi au Caire, une rencontre qui mettra au prise les Fennecs et les lions du S\u00e9n\u00e9gal. Malgr\u00e9 l\u2019engouement qui amine les supporters alg\u00e9riens, ils ne d\u00e9col\u00e8rent point face aux manifestions politique qui d\u00e9stabilisent le pays il y a [&hellip;]<\/p>\n","protected":false},"author":12,"featured_media":28663,"comment_status":"closed","ping_status":"closed","sticky":false,"template":"","format":"standard","meta":{"_exactmetrics_skip_tracking":false,"_exactmetrics_sitenote_active":false,"_exactmetrics_sitenote_note":"","_exactmetrics_sitenote_category":0,"tdm_status":"","tdm_grid_status":"","footnotes":""},"categories":[21],"tags":[],"class_list":{"0":"post-28662","1":"post","2":"type-post","3":"status-publish","4":"format-standard","5":"has-post-thumbnail","7":"category-international"},"yoast_head":"<!-- This site is optimized with the Yoast SEO plugin v24.2 - https:\/\/yoast.com\/wordpress\/plugins\/seo\/ -->\n<title>CAN 2019: les alg\u00e9riens entre la manifestation politique et la finale de la CAN 2019 | Guin\u00e9e Diversit\u00e9<\/title>\n<meta name=\"robots\" content=\"index, follow, max-snippet:-1, max-image-preview:large, max-video-preview:-1\" \/>\n<link rel=\"canonical\" href=\"https:\/\/guineediversite.com\/index.php\/2019\/07\/16\/can-2019-les-algeriens-entre-la-manifestation-politique-et-la-finale-de-la-can-2019\/\" \/>\n<meta property=\"og:locale\" content=\"fr_FR\" \/>\n<meta property=\"og:type\" content=\"article\" \/>\n<meta property=\"og:title\" content=\"CAN 2019: les alg\u00e9riens entre la manifestation politique et la finale de la CAN 2019 | Guin\u00e9e Diversit\u00e9\" \/>\n<meta property=\"og:description\" content=\"La grande finale de la 32\u00e8me \u00e9dition de la coupe d\u2019Afrique des Nations est pr\u00e9vue pour ce vendredi au Caire, une rencontre qui mettra au prise les Fennecs et les lions du S\u00e9n\u00e9gal. Malgr\u00e9 l\u2019engouement qui amine les supporters alg\u00e9riens, ils ne d\u00e9col\u00e8rent point face aux manifestions politique qui d\u00e9stabilisent le pays il y a [&hellip;]\" \/>\n<meta property=\"og:url\" content=\"https:\/\/guineediversite.com\/index.php\/2019\/07\/16\/can-2019-les-algeriens-entre-la-manifestation-politique-et-la-finale-de-la-can-2019\/\" \/>\n<meta property=\"og:site_name\" content=\"Guin\u00e9e Diversit\u00e9\" \/>\n<meta property=\"article:publisher\" content=\"https:\/\/www.facebook.com\/guineediversite\/\" \/>\n<meta property=\"article:published_time\" content=\"2019-07-16T11:57:46+00:00\" \/>\n<meta property=\"og:image\" content=\"https:\/\/guineediversite.com\/wp-content\/uploads\/2019\/07\/ALGERIE-2.jpg\" \/>\n\t<meta property=\"og:image:width\" content=\"1024\" \/>\n\t<meta property=\"og:image:height\" content=\"578\" \/>\n\t<meta property=\"og:image:type\" content=\"image\/jpeg\" \/>\n<meta name=\"author\" content=\"Guin\u00e9e Diversit\u00e9\" \/>\n<meta name=\"twitter:card\" content=\"summary_large_image\" \/>\n<meta name=\"twitter:creator\" content=\"@GuineeDiversite\" \/>\n<meta name=\"twitter:site\" content=\"@GuineeDiversite\" \/>\n<meta name=\"twitter:label1\" content=\"\u00c9crit par\" \/>\n\t<meta name=\"twitter:data1\" content=\"Guin\u00e9e Diversit\u00e9\" \/>\n\t<meta name=\"twitter:label2\" content=\"Dur\u00e9e de lecture estim\u00e9e\" \/>\n\t<meta name=\"twitter:data2\" content=\"3 minutes\" \/>\n<script type=\"application\/ld+json\" class=\"yoast-schema-graph\">{\"@context\":\"https:\/\/schema.org\",\"@graph\":[{\"@type\":\"Article\",\"@id\":\"https:\/\/guineediversite.com\/index.php\/2019\/07\/16\/can-2019-les-algeriens-entre-la-manifestation-politique-et-la-finale-de-la-can-2019\/#article\",\"isPartOf\":{\"@id\":\"https:\/\/guineediversite.com\/index.php\/2019\/07\/16\/can-2019-les-algeriens-entre-la-manifestation-politique-et-la-finale-de-la-can-2019\/\"},\"author\":{\"name\":\"Guin\u00e9e Diversit\u00e9\",\"@id\":\"https:\/\/guineediversite.com\/#\/schema\/person\/afa08fb34e7fc6e1feafc892612bc836\"},\"headline\":\"CAN 2019: les alg\u00e9riens entre la manifestation politique et la finale de la CAN 2019\",\"datePublished\":\"2019-07-16T11:57:46+00:00\",\"dateModified\":\"2019-07-16T11:57:46+00:00\",\"mainEntityOfPage\":{\"@id\":\"https:\/\/guineediversite.com\/index.php\/2019\/07\/16\/can-2019-les-algeriens-entre-la-manifestation-politique-et-la-finale-de-la-can-2019\/\"},\"wordCount\":527,\"publisher\":{\"@id\":\"https:\/\/guineediversite.com\/#organization\"},\"image\":{\"@id\":\"https:\/\/guineediversite.com\/index.php\/2019\/07\/16\/can-2019-les-algeriens-entre-la-manifestation-politique-et-la-finale-de-la-can-2019\/#primaryimage\"},\"thumbnailUrl\":\"https:\/\/guineediversite.com\/wp-content\/uploads\/2019\/07\/ALGERIE-2.jpg\",\"articleSection\":[\"International\"],\"inLanguage\":\"fr-FR\"},{\"@type\":\"WebPage\",\"@id\":\"https:\/\/guineediversite.com\/index.php\/2019\/07\/16\/can-2019-les-algeriens-entre-la-manifestation-politique-et-la-finale-de-la-can-2019\/\",\"url\":\"https:\/\/guineediversite.com\/index.php\/2019\/07\/16\/can-2019-les-algeriens-entre-la-manifestation-politique-et-la-finale-de-la-can-2019\/\",\"name\":\"CAN 2019: les alg\u00e9riens entre la manifestation politique et la finale de la CAN 2019 | Guin\u00e9e Diversit\u00e9\",\"isPartOf\":{\"@id\":\"https:\/\/guineediversite.com\/#website\"},\"primaryImageOfPage\":{\"@id\":\"https:\/\/guineediversite.com\/index.php\/2019\/07\/16\/can-2019-les-algeriens-entre-la-manifestation-politique-et-la-finale-de-la-can-2019\/#primaryimage\"},\"image\":{\"@id\":\"https:\/\/guineediversite.com\/index.php\/2019\/07\/16\/can-2019-les-algeriens-entre-la-manifestation-politique-et-la-finale-de-la-can-2019\/#primaryimage\"},\"thumbnailUrl\":\"https:\/\/guineediversite.com\/wp-content\/uploads\/2019\/07\/ALGERIE-2.jpg\",\"datePublished\":\"2019-07-16T11:57:46+00:00\",\"dateModified\":\"2019-07-16T11:57:46+00:00\",\"breadcrumb\":{\"@id\":\"https:\/\/guineediversite.com\/index.php\/2019\/07\/16\/can-2019-les-algeriens-entre-la-manifestation-politique-et-la-finale-de-la-can-2019\/#breadcrumb\"},\"inLanguage\":\"fr-FR\",\"potentialAction\":[{\"@type\":\"ReadAction\",\"target\":[\"https:\/\/guineediversite.com\/index.php\/2019\/07\/16\/can-2019-les-algeriens-entre-la-manifestation-politique-et-la-finale-de-la-can-2019\/\"]}]},{\"@type\":\"ImageObject\",\"inLanguage\":\"fr-FR\",\"@id\":\"https:\/\/guineediversite.com\/index.php\/2019\/07\/16\/can-2019-les-algeriens-entre-la-manifestation-politique-et-la-finale-de-la-can-2019\/#primaryimage\",\"url\":\"https:\/\/guineediversite.com\/wp-content\/uploads\/2019\/07\/ALGERIE-2.jpg\",\"contentUrl\":\"https:\/\/guineediversite.com\/wp-content\/uploads\/2019\/07\/ALGERIE-2.jpg\",\"width\":1024,\"height\":578},{\"@type\":\"BreadcrumbList\",\"@id\":\"https:\/\/guineediversite.com\/index.php\/2019\/07\/16\/can-2019-les-algeriens-entre-la-manifestation-politique-et-la-finale-de-la-can-2019\/#breadcrumb\",\"itemListElement\":[{\"@type\":\"ListItem\",\"position\":1,\"name\":\"Accueil\",\"item\":\"https:\/\/guineediversite.com\/\"},{\"@type\":\"ListItem\",\"position\":2,\"name\":\"CAN 2019: les alg\u00e9riens entre la manifestation politique et la finale de la CAN 2019\"}]},{\"@type\":\"WebSite\",\"@id\":\"https:\/\/guineediversite.com\/#website\",\"url\":\"https:\/\/guineediversite.com\/\",\"name\":\"Guin\u00e9e Diversit\u00e9\",\"description\":\"L&#039;Info dans toute sa diversit\u00e9\",\"publisher\":{\"@id\":\"https:\/\/guineediversite.com\/#organization\"},\"potentialAction\":[{\"@type\":\"SearchAction\",\"target\":{\"@type\":\"EntryPoint\",\"urlTemplate\":\"https:\/\/guineediversite.com\/?s={search_term_string}\"},\"query-input\":{\"@type\":\"PropertyValueSpecification\",\"valueRequired\":true,\"valueName\":\"search_term_string\"}}],\"inLanguage\":\"fr-FR\"},{\"@type\":\"Organization\",\"@id\":\"https:\/\/guineediversite.com\/#organization\",\"name\":\"Guin\u00e9e Diversit\u00e9\",\"url\":\"https:\/\/guineediversite.com\/\",\"logo\":{\"@type\":\"ImageObject\",\"inLanguage\":\"fr-FR\",\"@id\":\"https:\/\/guineediversite.com\/#\/schema\/logo\/image\/\",\"url\":\"https:\/\/guineediversite.com\/wp-content\/uploads\/2017\/04\/cropped-1jojlxEOMkX9Wyqfhe43D6kjPOGqBBKmx3EwWJqZ0cMrFF54yM49.png\",\"contentUrl\":\"https:\/\/guineediversite.com\/wp-content\/uploads\/2017\/04\/cropped-1jojlxEOMkX9Wyqfhe43D6kjPOGqBBKmx3EwWJqZ0cMrFF54yM49.png\",\"width\":186,\"height\":112,\"caption\":\"Guin\u00e9e Diversit\u00e9\"},\"image\":{\"@id\":\"https:\/\/guineediversite.com\/#\/schema\/logo\/image\/\"},\"sameAs\":[\"https:\/\/www.facebook.com\/guineediversite\/\",\"https:\/\/x.com\/GuineeDiversite\",\"https:\/\/www.youtube.com\/channel\/UC8sUY16qelG5ge6_D5SB83g\"]},{\"@type\":\"Person\",\"@id\":\"https:\/\/guineediversite.com\/#\/schema\/person\/afa08fb34e7fc6e1feafc892612bc836\",\"name\":\"Guin\u00e9e Diversit\u00e9\",\"image\":{\"@type\":\"ImageObject\",\"inLanguage\":\"fr-FR\",\"@id\":\"https:\/\/guineediversite.com\/#\/schema\/person\/image\/\",\"url\":\"https:\/\/secure.gravatar.com\/avatar\/50d5eb5b390f8b65ac30ac6f898eb83a?s=96&d=mm&r=g\",\"contentUrl\":\"https:\/\/secure.gravatar.com\/avatar\/50d5eb5b390f8b65ac30ac6f898eb83a?s=96&d=mm&r=g\",\"caption\":\"Guin\u00e9e Diversit\u00e9\"},\"url\":\"https:\/\/guineediversite.com\/index.php\/author\/guineediversite\/\"}]}<\/script>\n<!-- \/ Yoast SEO plugin. -->","yoast_head_json":{"title":"CAN 2019: les alg\u00e9riens entre la manifestation politique et la finale de la CAN 2019 | Guin\u00e9e Diversit\u00e9","robots":{"index":"index","follow":"follow","max-snippet":"max-snippet:-1","max-image-preview":"max-image-preview:large","max-video-preview":"max-video-preview:-1"},"canonical":"https:\/\/guineediversite.com\/index.php\/2019\/07\/16\/can-2019-les-algeriens-entre-la-manifestation-politique-et-la-finale-de-la-can-2019\/","og_locale":"fr_FR","og_type":"article","og_title":"CAN 2019: les alg\u00e9riens entre la manifestation politique et la finale de la CAN 2019 | Guin\u00e9e Diversit\u00e9","og_description":"La grande finale de la 32\u00e8me \u00e9dition de la coupe d\u2019Afrique des Nations est pr\u00e9vue pour ce vendredi au Caire, une rencontre qui mettra au prise les Fennecs et les lions du S\u00e9n\u00e9gal. Malgr\u00e9 l\u2019engouement qui amine les supporters alg\u00e9riens, ils ne d\u00e9col\u00e8rent point face aux manifestions politique qui d\u00e9stabilisent le pays il y a [&hellip;]","og_url":"https:\/\/guineediversite.com\/index.php\/2019\/07\/16\/can-2019-les-algeriens-entre-la-manifestation-politique-et-la-finale-de-la-can-2019\/","og_site_name":"Guin\u00e9e Diversit\u00e9","article_publisher":"https:\/\/www.facebook.com\/guineediversite\/","article_published_time":"2019-07-16T11:57:46+00:00","og_image":[{"width":1024,"height":578,"url":"https:\/\/guineediversite.com\/wp-content\/uploads\/2019\/07\/ALGERIE-2.jpg","type":"image\/jpeg"}],"author":"Guin\u00e9e Diversit\u00e9","twitter_card":"summary_large_image","twitter_creator":"@GuineeDiversite","twitter_site":"@GuineeDiversite","twitter_misc":{"\u00c9crit par":"Guin\u00e9e Diversit\u00e9","Dur\u00e9e de lecture estim\u00e9e":"3 minutes"},"schema":{"@context":"https:\/\/schema.org","@graph":[{"@type":"Article","@id":"https:\/\/guineediversite.com\/index.php\/2019\/07\/16\/can-2019-les-algeriens-entre-la-manifestation-politique-et-la-finale-de-la-can-2019\/#article","isPartOf":{"@id":"https:\/\/guineediversite.com\/index.php\/2019\/07\/16\/can-2019-les-algeriens-entre-la-manifestation-politique-et-la-finale-de-la-can-2019\/"},"author":{"name":"Guin\u00e9e Diversit\u00e9","@id":"https:\/\/guineediversite.com\/#\/schema\/person\/afa08fb34e7fc6e1feafc892612bc836"},"headline":"CAN 2019: les alg\u00e9riens entre la manifestation politique et la finale de la CAN 2019","datePublished":"2019-07-16T11:57:46+00:00","dateModified":"2019-07-16T11:57:46+00:00","mainEntityOfPage":{"@id":"https:\/\/guineediversite.com\/index.php\/2019\/07\/16\/can-2019-les-algeriens-entre-la-manifestation-politique-et-la-finale-de-la-can-2019\/"},"wordCount":527,"publisher":{"@id":"https:\/\/guineediversite.com\/#organization"},"image":{"@id":"https:\/\/guineediversite.com\/index.php\/2019\/07\/16\/can-2019-les-algeriens-entre-la-manifestation-politique-et-la-finale-de-la-can-2019\/#primaryimage"},"thumbnailUrl":"https:\/\/guineediversite.com\/wp-content\/uploads\/2019\/07\/ALGERIE-2.jpg","articleSection":["International"],"inLanguage":"fr-FR"},{"@type":"WebPage","@id":"https:\/\/guineediversite.com\/index.php\/2019\/07\/16\/can-2019-les-algeriens-entre-la-manifestation-politique-et-la-finale-de-la-can-2019\/","url":"https:\/\/guineediversite.com\/index.php\/2019\/07\/16\/can-2019-les-algeriens-entre-la-manifestation-politique-et-la-finale-de-la-can-2019\/","name":"CAN 2019: les alg\u00e9riens entre la manifestation politique et la finale de la CAN 2019 | Guin\u00e9e Diversit\u00e9","isPartOf":{"@id":"https:\/\/guineediversite.com\/#website"},"primaryImageOfPage":{"@id":"https:\/\/guineediversite.com\/index.php\/2019\/07\/16\/can-2019-les-algeriens-entre-la-manifestation-politique-et-la-finale-de-la-can-2019\/#primaryimage"},"image":{"@id":"https:\/\/guineediversite.com\/index.php\/2019\/07\/16\/can-2019-les-algeriens-entre-la-manifestation-politique-et-la-finale-de-la-can-2019\/#primaryimage"},"thumbnailUrl":"https:\/\/guineediversite.com\/wp-content\/uploads\/2019\/07\/ALGERIE-2.jpg","datePublished":"2019-07-16T11:57:46+00:00","dateModified":"2019-07-16T11:57:46+00:00","breadcrumb":{"@id":"https:\/\/guineediversite.com\/index.php\/2019\/07\/16\/can-2019-les-algeriens-entre-la-manifestation-politique-et-la-finale-de-la-can-2019\/#breadcrumb"},"inLanguage":"fr-FR","potentialAction":[{"@type":"ReadAction","target":["https:\/\/guineediversite.com\/index.php\/2019\/07\/16\/can-2019-les-algeriens-entre-la-manifestation-politique-et-la-finale-de-la-can-2019\/"]}]},{"@type":"ImageObject","inLanguage":"fr-FR","@id":"https:\/\/guineediversite.com\/index.php\/2019\/07\/16\/can-2019-les-algeriens-entre-la-manifestation-politique-et-la-finale-de-la-can-2019\/#primaryimage","url":"https:\/\/guineediversite.com\/wp-content\/uploads\/2019\/07\/ALGERIE-2.jpg","contentUrl":"https:\/\/guineediversite.com\/wp-content\/uploads\/2019\/07\/ALGERIE-2.jpg","width":1024,"height":578},{"@type":"BreadcrumbList","@id":"https:\/\/guineediversite.com\/index.php\/2019\/07\/16\/can-2019-les-algeriens-entre-la-manifestation-politique-et-la-finale-de-la-can-2019\/#breadcrumb","itemListElement":[{"@type":"ListItem","position":1,"name":"Accueil","item":"https:\/\/guineediversite.com\/"},{"@type":"ListItem","position":2,"name":"CAN 2019: les alg\u00e9riens entre la manifestation politique et la finale de la CAN 2019"}]},{"@type":"WebSite","@id":"https:\/\/guineediversite.com\/#website","url":"https:\/\/guineediversite.com\/","name":"Guin\u00e9e Diversit\u00e9","description":"L&#039;Info dans toute sa diversit\u00e9","publisher":{"@id":"https:\/\/guineediversite.com\/#organization"},"potentialAction":[{"@type":"SearchAction","target":{"@type":"EntryPoint","urlTemplate":"https:\/\/guineediversite.com\/?s={search_term_string}"},"query-input":{"@type":"PropertyValueSpecification","valueRequired":true,"valueName":"search_term_string"}}],"inLanguage":"fr-FR"},{"@type":"Organization","@id":"https:\/\/guineediversite.com\/#organization","name":"Guin\u00e9e Diversit\u00e9","url":"https:\/\/guineediversite.com\/","logo":{"@type":"ImageObject","inLanguage":"fr-FR","@id":"https:\/\/guineediversite.com\/#\/schema\/logo\/image\/","url":"https:\/\/guineediversite.com\/wp-content\/uploads\/2017\/04\/cropped-1jojlxEOMkX9Wyqfhe43D6kjPOGqBBKmx3EwWJqZ0cMrFF54yM49.png","contentUrl":"https:\/\/guineediversite.com\/wp-content\/uploads\/2017\/04\/cropped-1jojlxEOMkX9Wyqfhe43D6kjPOGqBBKmx3EwWJqZ0cMrFF54yM49.png","width":186,"height":112,"caption":"Guin\u00e9e Diversit\u00e9"},"image":{"@id":"https:\/\/guineediversite.com\/#\/schema\/logo\/image\/"},"sameAs":["https:\/\/www.facebook.com\/guineediversite\/","https:\/\/x.com\/GuineeDiversite","https:\/\/www.youtube.com\/channel\/UC8sUY16qelG5ge6_D5SB83g"]},{"@type":"Person","@id":"https:\/\/guineediversite.com\/#\/schema\/person\/afa08fb34e7fc6e1feafc892612bc836","name":"Guin\u00e9e Diversit\u00e9","image":{"@type":"ImageObject","inLanguage":"fr-FR","@id":"https:\/\/guineediversite.com\/#\/schema\/person\/image\/","url":"https:\/\/secure.gravatar.com\/avatar\/50d5eb5b390f8b65ac30ac6f898eb83a?s=96&d=mm&r=g","contentUrl":"https:\/\/secure.gravatar.com\/avatar\/50d5eb5b390f8b65ac30ac6f898eb83a?s=96&d=mm&r=g","caption":"Guin\u00e9e Diversit\u00e9"},"url":"https:\/\/guineediversite.com\/index.php\/author\/guineediversite\/"}]}},"_links":{"self":[{"href":"https:\/\/guineediversite.com\/index.php\/wp-json\/wp\/v2\/posts\/28662"}],"collection":[{"href":"https:\/\/guineediversite.com\/index.php\/wp-json\/wp\/v2\/posts"}],"about":[{"href":"https:\/\/guineediversite.com\/index.php\/wp-json\/wp\/v2\/types\/post"}],"author":[{"embeddable":true,"href":"https:\/\/guineediversite.com\/index.php\/wp-json\/wp\/v2\/users\/12"}],"replies":[{"embeddable":true,"href":"https:\/\/guineediversite.com\/index.php\/wp-json\/wp\/v2\/comments?post=28662"}],"version-history":[{"count":0,"href":"https:\/\/guineediversite.com\/index.php\/wp-json\/wp\/v2\/posts\/28662\/revisions"}],"wp:featuredmedia":[{"embeddable":true,"href":"https:\/\/guineediversite.com\/index.php\/wp-json\/wp\/v2\/media\/28663"}],"wp:attachment":[{"href":"https:\/\/guineediversite.com\/index.php\/wp-json\/wp\/v2\/media?parent=28662"}],"wp:term":[{"taxonomy":"category","embeddable":true,"href":"https:\/\/guineediversite.com\/index.php\/wp-json\/wp\/v2\/categories?post=28662"},{"taxonomy":"post_tag","embeddable":true,"href":"https:\/\/guineediversite.com\/index.php\/wp-json\/wp\/v2\/tags?post=28662"}],"curies":[{"name":"wp","href":"https:\/\/api.w.org\/{rel}","templated":true}]}}