{"id":28659,"date":"2019-07-16T13:21:37","date_gmt":"2019-07-16T11:21:37","guid":{"rendered":"https:\/\/guineediversite.com\/?p=28659"},"modified":"2019-07-16T13:21:37","modified_gmt":"2019-07-16T11:21:37","slug":"la-famine-ne-fait-que-prendre-le-dessus-sur-le-monde","status":"publish","type":"post","link":"https:\/\/guineediversite.com\/index.php\/2019\/07\/16\/la-famine-ne-fait-que-prendre-le-dessus-sur-le-monde\/","title":{"rendered":"La famine ne fait que prendre le dessus sur le monde"},"content":{"rendered":"<p class=\"MsoNormal\" style=\"mso-line-height-alt: 15.6pt; mso-outline-level: 2; margin: 15.0pt 0cm 7.5pt 0cm;\"><span style=\"font-size: 17.5pt; font-family: 'inherit','serif'; mso-fareast-font-family: 'Times New Roman'; mso-bidi-font-family: 'Times New Roman'; mso-fareast-language: FR;\">De<\/span><span style=\"font-size: 17.5pt; font-family: 'inherit','serif'; mso-fareast-font-family: 'Times New Roman'; mso-bidi-font-family: 'Times New Roman'; mso-fareast-language: FR;\">puis<\/span><b><span style=\"font-size: 17.5pt; font-family: 'inherit','serif'; mso-fareast-font-family: 'Times New Roman'; mso-bidi-font-family: 'Times New Roman'; mso-fareast-language: FR;\"> 2018, la faim dans le monde affecte plus de 821,6 millions de personnes, contre 811 l\u2019ann\u00e9e pr\u00e9c\u00e9dente. Apr\u00e8s des d\u00e9cennies de baisse, il s&rsquo;agit de la troisi\u00e8me ann\u00e9e cons\u00e9cutive de hausse de la sous-alimentation, appel\u00e9e aussi ins\u00e9curit\u00e9 alimentaire.<\/span><\/b><\/p>\n<p class=\"MsoNormal\" style=\"margin-bottom: 7.5pt; line-height: normal;\"><span style=\"font-size: 12.0pt; font-family: 'Times New Roman','serif'; mso-fareast-font-family: 'Times New Roman'; mso-fareast-language: FR;\">Les conflits et le r\u00e9chauffement climatique serait la cause principale de la faim \u00e0 travers le monde, selon un rapport annuel publi\u00e9 ce lundi par des organisations des Nations Unies. Apr\u00e8s des ann\u00e9es de baisse, la famine ne cesse d&rsquo;augmenter depuis 2015. L&rsquo;ann\u00e9e derni\u00e8re, elle touchait 821,6 millions de personnes. Une personne sur neuf souffre ainsi de la faim. <\/span><\/p>\n<p class=\"MsoNormal\" style=\"margin-bottom: 7.5pt; line-height: normal;\"><span style=\"font-size: 12.0pt; font-family: 'Times New Roman','serif'; mso-fareast-font-family: 'Times New Roman'; mso-fareast-language: FR;\">La perspective d&rsquo;un monde sans aucune personne en \u00e9tat de sous-alimentation \u00e0 l&rsquo;horizon 2030, qui est l&rsquo;un des\u00a0objectifs du d\u00e9veloppement durable ( ODD)\u00a0fix\u00e9s pour cette \u00e9ch\u00e9ance, rel\u00e8ve d&rsquo;un \u00ab\u00a0<i>immense d\u00e9fi<\/i>\u00a0\u00bb, note le rapport. \u00ab\u00a0<i>On n&rsquo;atteindra pas d&rsquo;ici 2030<\/i>\u00a0\u00bb cet objectif, a frapp\u00e9 lors d&rsquo;une conf\u00e9rence au si\u00e8ge des Nations unies le patron du Programme alimentaire mondial (PAM), David Beasley.<\/span><\/p>\n<p class=\"MsoNormal\" style=\"margin-bottom: 7.5pt; line-height: normal;\"><span style=\"font-size: 12.0pt; font-family: 'Times New Roman','serif'; mso-fareast-font-family: 'Times New Roman'; mso-fareast-language: FR;\">\u00ab\u00a0<i>Sans s\u00e9curit\u00e9 alimentaire, nous n&rsquo;aurons jamais de paix et de stabilit\u00e9<\/i>\u00a0\u00bb, a-t-il averti, en soulignant l&rsquo;interaction entre ces param\u00e8tres. Partout o\u00f9 des groupes extr\u00e9mistes ont de l&rsquo;influence, la faim est utilis\u00e9e par eux comme une arme pour diviser ou recruter, a mis en garde David Beasley.<\/span><\/p>\n<p class=\"MsoNormal\" style=\"margin-bottom: 7.5pt; line-height: normal;\"><b><span style=\"font-size: 12.0pt; font-family: 'Times New Roman','serif'; mso-fareast-font-family: 'Times New Roman'; mso-fareast-language: FR;\"><span style=\"mso-spacerun: yes;\">\u00a0<\/span>L\u2019Afrique n\u2019est pas \u00e9pargn\u00e9e, 20\u00a0% de la population africaine est touch\u00e9e<\/span><\/b><\/p>\n<p class=\"MsoNormal\" style=\"margin-bottom: 7.5pt; line-height: normal;\"><span style=\"font-size: 12.0pt; font-family: 'Times New Roman','serif'; mso-fareast-font-family: 'Times New Roman'; mso-fareast-language: FR;\">Le rapport, r\u00e9dig\u00e9 par l&rsquo;Organisation des Nations unies pour l&rsquo;alimentation et l&rsquo;agriculture, avec le concours du Fonds international pour le d\u00e9veloppement de l&rsquo;agriculture, l&rsquo;Unicef, le PAM et l&rsquo;OMS, rel\u00e8ve que la sous-alimentation reste pr\u00e9valente sur de nombreux continents. En Afrique, elle touche pr\u00e8s de 20\u00a0% de la population\u00a0; en Asie, plus de 11\u00a0%\u00a0; en Am\u00e9rique latine et dans les Cara\u00efbes, moins de 7\u00a0%.<\/span><\/p>\n<p class=\"MsoNormal\" style=\"margin-bottom: 7.5pt; line-height: normal;\"><span style=\"font-size: 12.0pt; font-family: 'Times New Roman','serif'; mso-fareast-font-family: 'Times New Roman'; mso-fareast-language: FR;\">En ajoutant \u00e0 ces personnes souffrant de la faim celles touch\u00e9es par l&rsquo;ins\u00e9curit\u00e9 alimentaire, les Nations unies estiment que plus de 2 milliards d&rsquo;habitants de la plan\u00e8te, dont 8\u00a0% vivent en Am\u00e9rique du Nord et en Europe, n&rsquo;ont pas r\u00e9guli\u00e8rement acc\u00e8s \u00e0 des aliments sains, nutritifs et en quantit\u00e9 suffisante.<\/span><\/p>\n<p class=\"MsoNormal\" style=\"margin-bottom: 7.5pt; line-height: normal;\"><span style=\"font-size: 12.0pt; font-family: 'Times New Roman','serif'; mso-fareast-font-family: 'Times New Roman'; mso-fareast-language: FR;\">Paradoxalement, le rapport observe que la surcharge pond\u00e9rale et l&rsquo;ob\u00e9sit\u00e9 continuent d&rsquo;augmenter dans toutes les r\u00e9gions, en particulier chez les enfants d&rsquo;\u00e2ge scolaire et les adultes. En 2018, environ 40 millions d&rsquo;enfants de moins de cinq ans pr\u00e9sentaient ainsi un exc\u00e8s de poids. En 2016, 131 millions d&rsquo;enfants de 5 \u00e0 9 ans, 207 millions d&rsquo;adolescents et 2 milliards d&rsquo;adultes \u00e9taient en surpoids, selon le rapport.<\/span><\/p>\n<p class=\"MsoNormal\">\n","protected":false},"excerpt":{"rendered":"<p>Depuis 2018, la faim dans le monde affecte plus de 821,6 millions de personnes, contre 811 l\u2019ann\u00e9e pr\u00e9c\u00e9dente. Apr\u00e8s des d\u00e9cennies de baisse, il s&rsquo;agit de la troisi\u00e8me ann\u00e9e cons\u00e9cutive de hausse de la sous-alimentation, appel\u00e9e aussi ins\u00e9curit\u00e9 alimentaire. Les conflits et le r\u00e9chauffement climatique serait la cause principale de la faim \u00e0 travers le [&hellip;]<\/p>\n","protected":false},"author":7,"featured_media":28660,"comment_status":"closed","ping_status":"closed","sticky":false,"template":"","format":"standard","meta":{"_exactmetrics_skip_tracking":false,"_exactmetrics_sitenote_active":false,"_exactmetrics_sitenote_note":"","_exactmetrics_sitenote_category":0,"tdm_status":"","tdm_grid_status":"","footnotes":""},"categories":[21],"tags":[],"class_list":{"0":"post-28659","1":"post","2":"type-post","3":"status-publish","4":"format-standard","5":"has-post-thumbnail","7":"category-international"},"yoast_head":"<!-- This site is optimized with the Yoast SEO plugin v24.2 - https:\/\/yoast.com\/wordpress\/plugins\/seo\/ -->\n<title>La famine ne fait que prendre le dessus sur le monde | Guin\u00e9e Diversit\u00e9<\/title>\n<meta name=\"robots\" content=\"index, follow, max-snippet:-1, max-image-preview:large, max-video-preview:-1\" \/>\n<link rel=\"canonical\" href=\"https:\/\/guineediversite.com\/index.php\/2019\/07\/16\/la-famine-ne-fait-que-prendre-le-dessus-sur-le-monde\/\" \/>\n<meta property=\"og:locale\" content=\"fr_FR\" \/>\n<meta property=\"og:type\" content=\"article\" \/>\n<meta property=\"og:title\" content=\"La famine ne fait que prendre le dessus sur le monde | Guin\u00e9e Diversit\u00e9\" \/>\n<meta property=\"og:description\" content=\"Depuis 2018, la faim dans le monde affecte plus de 821,6 millions de personnes, contre 811 l\u2019ann\u00e9e pr\u00e9c\u00e9dente. Apr\u00e8s des d\u00e9cennies de baisse, il s&rsquo;agit de la troisi\u00e8me ann\u00e9e cons\u00e9cutive de hausse de la sous-alimentation, appel\u00e9e aussi ins\u00e9curit\u00e9 alimentaire. Les conflits et le r\u00e9chauffement climatique serait la cause principale de la faim \u00e0 travers le [&hellip;]\" \/>\n<meta property=\"og:url\" content=\"https:\/\/guineediversite.com\/index.php\/2019\/07\/16\/la-famine-ne-fait-que-prendre-le-dessus-sur-le-monde\/\" \/>\n<meta property=\"og:site_name\" content=\"Guin\u00e9e Diversit\u00e9\" \/>\n<meta property=\"article:publisher\" content=\"https:\/\/www.facebook.com\/guineediversite\/\" \/>\n<meta property=\"article:published_time\" content=\"2019-07-16T11:21:37+00:00\" \/>\n<meta property=\"og:image\" content=\"https:\/\/guineediversite.com\/wp-content\/uploads\/2019\/07\/FAIM.jpg\" \/>\n\t<meta property=\"og:image:width\" content=\"1024\" \/>\n\t<meta property=\"og:image:height\" content=\"578\" \/>\n\t<meta property=\"og:image:type\" content=\"image\/jpeg\" \/>\n<meta name=\"author\" content=\"Bilguissa Diallo\" \/>\n<meta name=\"twitter:card\" content=\"summary_large_image\" \/>\n<meta name=\"twitter:creator\" content=\"@GuineeDiversite\" \/>\n<meta name=\"twitter:site\" content=\"@GuineeDiversite\" \/>\n<meta name=\"twitter:label1\" content=\"\u00c9crit par\" \/>\n\t<meta name=\"twitter:data1\" content=\"Bilguissa Diallo\" \/>\n\t<meta name=\"twitter:label2\" content=\"Dur\u00e9e de lecture estim\u00e9e\" \/>\n\t<meta name=\"twitter:data2\" content=\"2 minutes\" \/>\n<script type=\"application\/ld+json\" class=\"yoast-schema-graph\">{\"@context\":\"https:\/\/schema.org\",\"@graph\":[{\"@type\":\"Article\",\"@id\":\"https:\/\/guineediversite.com\/index.php\/2019\/07\/16\/la-famine-ne-fait-que-prendre-le-dessus-sur-le-monde\/#article\",\"isPartOf\":{\"@id\":\"https:\/\/guineediversite.com\/index.php\/2019\/07\/16\/la-famine-ne-fait-que-prendre-le-dessus-sur-le-monde\/\"},\"author\":{\"name\":\"Bilguissa Diallo\",\"@id\":\"https:\/\/guineediversite.com\/#\/schema\/person\/0e0e3e424768a50d025ac2218ccca73f\"},\"headline\":\"La famine ne fait que prendre le dessus sur le monde\",\"datePublished\":\"2019-07-16T11:21:37+00:00\",\"dateModified\":\"2019-07-16T11:21:37+00:00\",\"mainEntityOfPage\":{\"@id\":\"https:\/\/guineediversite.com\/index.php\/2019\/07\/16\/la-famine-ne-fait-que-prendre-le-dessus-sur-le-monde\/\"},\"wordCount\":459,\"publisher\":{\"@id\":\"https:\/\/guineediversite.com\/#organization\"},\"image\":{\"@id\":\"https:\/\/guineediversite.com\/index.php\/2019\/07\/16\/la-famine-ne-fait-que-prendre-le-dessus-sur-le-monde\/#primaryimage\"},\"thumbnailUrl\":\"https:\/\/guineediversite.com\/wp-content\/uploads\/2019\/07\/FAIM.jpg\",\"articleSection\":[\"International\"],\"inLanguage\":\"fr-FR\"},{\"@type\":\"WebPage\",\"@id\":\"https:\/\/guineediversite.com\/index.php\/2019\/07\/16\/la-famine-ne-fait-que-prendre-le-dessus-sur-le-monde\/\",\"url\":\"https:\/\/guineediversite.com\/index.php\/2019\/07\/16\/la-famine-ne-fait-que-prendre-le-dessus-sur-le-monde\/\",\"name\":\"La famine ne fait que prendre le dessus sur le monde | Guin\u00e9e Diversit\u00e9\",\"isPartOf\":{\"@id\":\"https:\/\/guineediversite.com\/#website\"},\"primaryImageOfPage\":{\"@id\":\"https:\/\/guineediversite.com\/index.php\/2019\/07\/16\/la-famine-ne-fait-que-prendre-le-dessus-sur-le-monde\/#primaryimage\"},\"image\":{\"@id\":\"https:\/\/guineediversite.com\/index.php\/2019\/07\/16\/la-famine-ne-fait-que-prendre-le-dessus-sur-le-monde\/#primaryimage\"},\"thumbnailUrl\":\"https:\/\/guineediversite.com\/wp-content\/uploads\/2019\/07\/FAIM.jpg\",\"datePublished\":\"2019-07-16T11:21:37+00:00\",\"dateModified\":\"2019-07-16T11:21:37+00:00\",\"breadcrumb\":{\"@id\":\"https:\/\/guineediversite.com\/index.php\/2019\/07\/16\/la-famine-ne-fait-que-prendre-le-dessus-sur-le-monde\/#breadcrumb\"},\"inLanguage\":\"fr-FR\",\"potentialAction\":[{\"@type\":\"ReadAction\",\"target\":[\"https:\/\/guineediversite.com\/index.php\/2019\/07\/16\/la-famine-ne-fait-que-prendre-le-dessus-sur-le-monde\/\"]}]},{\"@type\":\"ImageObject\",\"inLanguage\":\"fr-FR\",\"@id\":\"https:\/\/guineediversite.com\/index.php\/2019\/07\/16\/la-famine-ne-fait-que-prendre-le-dessus-sur-le-monde\/#primaryimage\",\"url\":\"https:\/\/guineediversite.com\/wp-content\/uploads\/2019\/07\/FAIM.jpg\",\"contentUrl\":\"https:\/\/guineediversite.com\/wp-content\/uploads\/2019\/07\/FAIM.jpg\",\"width\":1024,\"height\":578},{\"@type\":\"BreadcrumbList\",\"@id\":\"https:\/\/guineediversite.com\/index.php\/2019\/07\/16\/la-famine-ne-fait-que-prendre-le-dessus-sur-le-monde\/#breadcrumb\",\"itemListElement\":[{\"@type\":\"ListItem\",\"position\":1,\"name\":\"Accueil\",\"item\":\"https:\/\/guineediversite.com\/\"},{\"@type\":\"ListItem\",\"position\":2,\"name\":\"La famine ne fait que prendre le dessus sur le monde\"}]},{\"@type\":\"WebSite\",\"@id\":\"https:\/\/guineediversite.com\/#website\",\"url\":\"https:\/\/guineediversite.com\/\",\"name\":\"Guin\u00e9e Diversit\u00e9\",\"description\":\"L&#039;Info dans toute sa diversit\u00e9\",\"publisher\":{\"@id\":\"https:\/\/guineediversite.com\/#organization\"},\"potentialAction\":[{\"@type\":\"SearchAction\",\"target\":{\"@type\":\"EntryPoint\",\"urlTemplate\":\"https:\/\/guineediversite.com\/?s={search_term_string}\"},\"query-input\":{\"@type\":\"PropertyValueSpecification\",\"valueRequired\":true,\"valueName\":\"search_term_string\"}}],\"inLanguage\":\"fr-FR\"},{\"@type\":\"Organization\",\"@id\":\"https:\/\/guineediversite.com\/#organization\",\"name\":\"Guin\u00e9e Diversit\u00e9\",\"url\":\"https:\/\/guineediversite.com\/\",\"logo\":{\"@type\":\"ImageObject\",\"inLanguage\":\"fr-FR\",\"@id\":\"https:\/\/guineediversite.com\/#\/schema\/logo\/image\/\",\"url\":\"https:\/\/guineediversite.com\/wp-content\/uploads\/2017\/04\/cropped-1jojlxEOMkX9Wyqfhe43D6kjPOGqBBKmx3EwWJqZ0cMrFF54yM49.png\",\"contentUrl\":\"https:\/\/guineediversite.com\/wp-content\/uploads\/2017\/04\/cropped-1jojlxEOMkX9Wyqfhe43D6kjPOGqBBKmx3EwWJqZ0cMrFF54yM49.png\",\"width\":186,\"height\":112,\"caption\":\"Guin\u00e9e Diversit\u00e9\"},\"image\":{\"@id\":\"https:\/\/guineediversite.com\/#\/schema\/logo\/image\/\"},\"sameAs\":[\"https:\/\/www.facebook.com\/guineediversite\/\",\"https:\/\/x.com\/GuineeDiversite\",\"https:\/\/www.youtube.com\/channel\/UC8sUY16qelG5ge6_D5SB83g\"]},{\"@type\":\"Person\",\"@id\":\"https:\/\/guineediversite.com\/#\/schema\/person\/0e0e3e424768a50d025ac2218ccca73f\",\"name\":\"Bilguissa Diallo\",\"image\":{\"@type\":\"ImageObject\",\"inLanguage\":\"fr-FR\",\"@id\":\"https:\/\/guineediversite.com\/#\/schema\/person\/image\/\",\"url\":\"https:\/\/secure.gravatar.com\/avatar\/49bbbd2420ee34d62b1b191791f4b5df?s=96&d=mm&r=g\",\"contentUrl\":\"https:\/\/secure.gravatar.com\/avatar\/49bbbd2420ee34d62b1b191791f4b5df?s=96&d=mm&r=g\",\"caption\":\"Bilguissa Diallo\"},\"url\":\"https:\/\/guineediversite.com\/index.php\/author\/bilguissa\/\"}]}<\/script>\n<!-- \/ Yoast SEO plugin. -->","yoast_head_json":{"title":"La famine ne fait que prendre le dessus sur le monde | Guin\u00e9e Diversit\u00e9","robots":{"index":"index","follow":"follow","max-snippet":"max-snippet:-1","max-image-preview":"max-image-preview:large","max-video-preview":"max-video-preview:-1"},"canonical":"https:\/\/guineediversite.com\/index.php\/2019\/07\/16\/la-famine-ne-fait-que-prendre-le-dessus-sur-le-monde\/","og_locale":"fr_FR","og_type":"article","og_title":"La famine ne fait que prendre le dessus sur le monde | Guin\u00e9e Diversit\u00e9","og_description":"Depuis 2018, la faim dans le monde affecte plus de 821,6 millions de personnes, contre 811 l\u2019ann\u00e9e pr\u00e9c\u00e9dente. Apr\u00e8s des d\u00e9cennies de baisse, il s&rsquo;agit de la troisi\u00e8me ann\u00e9e cons\u00e9cutive de hausse de la sous-alimentation, appel\u00e9e aussi ins\u00e9curit\u00e9 alimentaire. Les conflits et le r\u00e9chauffement climatique serait la cause principale de la faim \u00e0 travers le [&hellip;]","og_url":"https:\/\/guineediversite.com\/index.php\/2019\/07\/16\/la-famine-ne-fait-que-prendre-le-dessus-sur-le-monde\/","og_site_name":"Guin\u00e9e Diversit\u00e9","article_publisher":"https:\/\/www.facebook.com\/guineediversite\/","article_published_time":"2019-07-16T11:21:37+00:00","og_image":[{"width":1024,"height":578,"url":"https:\/\/guineediversite.com\/wp-content\/uploads\/2019\/07\/FAIM.jpg","type":"image\/jpeg"}],"author":"Bilguissa Diallo","twitter_card":"summary_large_image","twitter_creator":"@GuineeDiversite","twitter_site":"@GuineeDiversite","twitter_misc":{"\u00c9crit par":"Bilguissa Diallo","Dur\u00e9e de lecture estim\u00e9e":"2 minutes"},"schema":{"@context":"https:\/\/schema.org","@graph":[{"@type":"Article","@id":"https:\/\/guineediversite.com\/index.php\/2019\/07\/16\/la-famine-ne-fait-que-prendre-le-dessus-sur-le-monde\/#article","isPartOf":{"@id":"https:\/\/guineediversite.com\/index.php\/2019\/07\/16\/la-famine-ne-fait-que-prendre-le-dessus-sur-le-monde\/"},"author":{"name":"Bilguissa Diallo","@id":"https:\/\/guineediversite.com\/#\/schema\/person\/0e0e3e424768a50d025ac2218ccca73f"},"headline":"La famine ne fait que prendre le dessus sur le monde","datePublished":"2019-07-16T11:21:37+00:00","dateModified":"2019-07-16T11:21:37+00:00","mainEntityOfPage":{"@id":"https:\/\/guineediversite.com\/index.php\/2019\/07\/16\/la-famine-ne-fait-que-prendre-le-dessus-sur-le-monde\/"},"wordCount":459,"publisher":{"@id":"https:\/\/guineediversite.com\/#organization"},"image":{"@id":"https:\/\/guineediversite.com\/index.php\/2019\/07\/16\/la-famine-ne-fait-que-prendre-le-dessus-sur-le-monde\/#primaryimage"},"thumbnailUrl":"https:\/\/guineediversite.com\/wp-content\/uploads\/2019\/07\/FAIM.jpg","articleSection":["International"],"inLanguage":"fr-FR"},{"@type":"WebPage","@id":"https:\/\/guineediversite.com\/index.php\/2019\/07\/16\/la-famine-ne-fait-que-prendre-le-dessus-sur-le-monde\/","url":"https:\/\/guineediversite.com\/index.php\/2019\/07\/16\/la-famine-ne-fait-que-prendre-le-dessus-sur-le-monde\/","name":"La famine ne fait que prendre le dessus sur le monde | Guin\u00e9e Diversit\u00e9","isPartOf":{"@id":"https:\/\/guineediversite.com\/#website"},"primaryImageOfPage":{"@id":"https:\/\/guineediversite.com\/index.php\/2019\/07\/16\/la-famine-ne-fait-que-prendre-le-dessus-sur-le-monde\/#primaryimage"},"image":{"@id":"https:\/\/guineediversite.com\/index.php\/2019\/07\/16\/la-famine-ne-fait-que-prendre-le-dessus-sur-le-monde\/#primaryimage"},"thumbnailUrl":"https:\/\/guineediversite.com\/wp-content\/uploads\/2019\/07\/FAIM.jpg","datePublished":"2019-07-16T11:21:37+00:00","dateModified":"2019-07-16T11:21:37+00:00","breadcrumb":{"@id":"https:\/\/guineediversite.com\/index.php\/2019\/07\/16\/la-famine-ne-fait-que-prendre-le-dessus-sur-le-monde\/#breadcrumb"},"inLanguage":"fr-FR","potentialAction":[{"@type":"ReadAction","target":["https:\/\/guineediversite.com\/index.php\/2019\/07\/16\/la-famine-ne-fait-que-prendre-le-dessus-sur-le-monde\/"]}]},{"@type":"ImageObject","inLanguage":"fr-FR","@id":"https:\/\/guineediversite.com\/index.php\/2019\/07\/16\/la-famine-ne-fait-que-prendre-le-dessus-sur-le-monde\/#primaryimage","url":"https:\/\/guineediversite.com\/wp-content\/uploads\/2019\/07\/FAIM.jpg","contentUrl":"https:\/\/guineediversite.com\/wp-content\/uploads\/2019\/07\/FAIM.jpg","width":1024,"height":578},{"@type":"BreadcrumbList","@id":"https:\/\/guineediversite.com\/index.php\/2019\/07\/16\/la-famine-ne-fait-que-prendre-le-dessus-sur-le-monde\/#breadcrumb","itemListElement":[{"@type":"ListItem","position":1,"name":"Accueil","item":"https:\/\/guineediversite.com\/"},{"@type":"ListItem","position":2,"name":"La famine ne fait que prendre le dessus sur le monde"}]},{"@type":"WebSite","@id":"https:\/\/guineediversite.com\/#website","url":"https:\/\/guineediversite.com\/","name":"Guin\u00e9e Diversit\u00e9","description":"L&#039;Info dans toute sa diversit\u00e9","publisher":{"@id":"https:\/\/guineediversite.com\/#organization"},"potentialAction":[{"@type":"SearchAction","target":{"@type":"EntryPoint","urlTemplate":"https:\/\/guineediversite.com\/?s={search_term_string}"},"query-input":{"@type":"PropertyValueSpecification","valueRequired":true,"valueName":"search_term_string"}}],"inLanguage":"fr-FR"},{"@type":"Organization","@id":"https:\/\/guineediversite.com\/#organization","name":"Guin\u00e9e Diversit\u00e9","url":"https:\/\/guineediversite.com\/","logo":{"@type":"ImageObject","inLanguage":"fr-FR","@id":"https:\/\/guineediversite.com\/#\/schema\/logo\/image\/","url":"https:\/\/guineediversite.com\/wp-content\/uploads\/2017\/04\/cropped-1jojlxEOMkX9Wyqfhe43D6kjPOGqBBKmx3EwWJqZ0cMrFF54yM49.png","contentUrl":"https:\/\/guineediversite.com\/wp-content\/uploads\/2017\/04\/cropped-1jojlxEOMkX9Wyqfhe43D6kjPOGqBBKmx3EwWJqZ0cMrFF54yM49.png","width":186,"height":112,"caption":"Guin\u00e9e Diversit\u00e9"},"image":{"@id":"https:\/\/guineediversite.com\/#\/schema\/logo\/image\/"},"sameAs":["https:\/\/www.facebook.com\/guineediversite\/","https:\/\/x.com\/GuineeDiversite","https:\/\/www.youtube.com\/channel\/UC8sUY16qelG5ge6_D5SB83g"]},{"@type":"Person","@id":"https:\/\/guineediversite.com\/#\/schema\/person\/0e0e3e424768a50d025ac2218ccca73f","name":"Bilguissa Diallo","image":{"@type":"ImageObject","inLanguage":"fr-FR","@id":"https:\/\/guineediversite.com\/#\/schema\/person\/image\/","url":"https:\/\/secure.gravatar.com\/avatar\/49bbbd2420ee34d62b1b191791f4b5df?s=96&d=mm&r=g","contentUrl":"https:\/\/secure.gravatar.com\/avatar\/49bbbd2420ee34d62b1b191791f4b5df?s=96&d=mm&r=g","caption":"Bilguissa Diallo"},"url":"https:\/\/guineediversite.com\/index.php\/author\/bilguissa\/"}]}},"_links":{"self":[{"href":"https:\/\/guineediversite.com\/index.php\/wp-json\/wp\/v2\/posts\/28659"}],"collection":[{"href":"https:\/\/guineediversite.com\/index.php\/wp-json\/wp\/v2\/posts"}],"about":[{"href":"https:\/\/guineediversite.com\/index.php\/wp-json\/wp\/v2\/types\/post"}],"author":[{"embeddable":true,"href":"https:\/\/guineediversite.com\/index.php\/wp-json\/wp\/v2\/users\/7"}],"replies":[{"embeddable":true,"href":"https:\/\/guineediversite.com\/index.php\/wp-json\/wp\/v2\/comments?post=28659"}],"version-history":[{"count":0,"href":"https:\/\/guineediversite.com\/index.php\/wp-json\/wp\/v2\/posts\/28659\/revisions"}],"wp:featuredmedia":[{"embeddable":true,"href":"https:\/\/guineediversite.com\/index.php\/wp-json\/wp\/v2\/media\/28660"}],"wp:attachment":[{"href":"https:\/\/guineediversite.com\/index.php\/wp-json\/wp\/v2\/media?parent=28659"}],"wp:term":[{"taxonomy":"category","embeddable":true,"href":"https:\/\/guineediversite.com\/index.php\/wp-json\/wp\/v2\/categories?post=28659"},{"taxonomy":"post_tag","embeddable":true,"href":"https:\/\/guineediversite.com\/index.php\/wp-json\/wp\/v2\/tags?post=28659"}],"curies":[{"name":"wp","href":"https:\/\/api.w.org\/{rel}","templated":true}]}}