{"id":28656,"date":"2019-07-16T01:54:38","date_gmt":"2019-07-15T23:54:38","guid":{"rendered":"https:\/\/guineediversite.com\/?p=28656"},"modified":"2019-07-16T01:54:38","modified_gmt":"2019-07-15T23:54:38","slug":"guinee-officiel-fin-de-regne-du-coach-de-lequipe-nationale-guineenne-et-son-staff","status":"publish","type":"post","link":"https:\/\/guineediversite.com\/index.php\/2019\/07\/16\/guinee-officiel-fin-de-regne-du-coach-de-lequipe-nationale-guineenne-et-son-staff\/","title":{"rendered":"Guin\u00e9e\/Officiel : Fin de r\u00e8gne du coach de l\u2019\u00e9quipe nationale guin\u00e9enne et son staff"},"content":{"rendered":"<p>A compter de ce jour, Paul Put n\u2019est plus le s\u00e9lectionneur du syli national. C\u2019est une d\u00e9cision de la f\u00e9d\u00e9ration guin\u00e9enne de football. Le technicien belge et tout son staff technique sont limog\u00e9s.<\/p>\n<p>Cette d\u00e9cision a \u00e9t\u00e9 prise suite au mauvais r\u00e9sultat de l\u2019\u00e9quipe guin\u00e9enne a la CAN 2019. Cette d\u00e9cision a \u00e9t\u00e9 rendue publique ce lundi lors d\u2019un point de presse anim\u00e9 par le pr\u00e9sident au si\u00e8ge de la f\u00e9guifoot.<\/p>\n<p>Paul Put et son staff ont pris fonction en mars 2018 \u00e0 la t\u00eate du syli national, il a dirig\u00e9 12 matchs officiels avec le Syli pour un bilan 3 victoires, 5 d\u00e9faites et 4 matchs nuls.<\/p>\n","protected":false},"excerpt":{"rendered":"<p>A compter de ce jour, Paul Put n\u2019est plus le s\u00e9lectionneur du syli national. C\u2019est une d\u00e9cision de la f\u00e9d\u00e9ration guin\u00e9enne de football. Le technicien belge et tout son staff technique sont limog\u00e9s. Cette d\u00e9cision a \u00e9t\u00e9 prise suite au mauvais r\u00e9sultat de l\u2019\u00e9quipe guin\u00e9enne a la CAN 2019. Cette d\u00e9cision a \u00e9t\u00e9 rendue publique [&hellip;]<\/p>\n","protected":false},"author":7,"featured_media":28657,"comment_status":"closed","ping_status":"closed","sticky":false,"template":"","format":"standard","meta":{"_exactmetrics_skip_tracking":false,"_exactmetrics_sitenote_active":false,"_exactmetrics_sitenote_note":"","_exactmetrics_sitenote_category":0,"tdm_status":"","tdm_grid_status":"","footnotes":""},"categories":[18],"tags":[],"class_list":{"0":"post-28656","1":"post","2":"type-post","3":"status-publish","4":"format-standard","5":"has-post-thumbnail","7":"category-sport"},"yoast_head":"<!-- This site is optimized with the Yoast SEO plugin v24.2 - https:\/\/yoast.com\/wordpress\/plugins\/seo\/ -->\n<title>Guin\u00e9e\/Officiel : Fin de r\u00e8gne du coach de l\u2019\u00e9quipe nationale guin\u00e9enne et son staff | Guin\u00e9e Diversit\u00e9<\/title>\n<meta name=\"robots\" content=\"index, follow, max-snippet:-1, max-image-preview:large, max-video-preview:-1\" \/>\n<link rel=\"canonical\" href=\"https:\/\/guineediversite.com\/index.php\/2019\/07\/16\/guinee-officiel-fin-de-regne-du-coach-de-lequipe-nationale-guineenne-et-son-staff\/\" \/>\n<meta property=\"og:locale\" content=\"fr_FR\" \/>\n<meta property=\"og:type\" content=\"article\" \/>\n<meta property=\"og:title\" content=\"Guin\u00e9e\/Officiel : Fin de r\u00e8gne du coach de l\u2019\u00e9quipe nationale guin\u00e9enne et son staff | Guin\u00e9e Diversit\u00e9\" \/>\n<meta property=\"og:description\" content=\"A compter de ce jour, Paul Put n\u2019est plus le s\u00e9lectionneur du syli national. C\u2019est une d\u00e9cision de la f\u00e9d\u00e9ration guin\u00e9enne de football. Le technicien belge et tout son staff technique sont limog\u00e9s. Cette d\u00e9cision a \u00e9t\u00e9 prise suite au mauvais r\u00e9sultat de l\u2019\u00e9quipe guin\u00e9enne a la CAN 2019. Cette d\u00e9cision a \u00e9t\u00e9 rendue publique [&hellip;]\" \/>\n<meta property=\"og:url\" content=\"https:\/\/guineediversite.com\/index.php\/2019\/07\/16\/guinee-officiel-fin-de-regne-du-coach-de-lequipe-nationale-guineenne-et-son-staff\/\" \/>\n<meta property=\"og:site_name\" content=\"Guin\u00e9e Diversit\u00e9\" \/>\n<meta property=\"article:publisher\" content=\"https:\/\/www.facebook.com\/guineediversite\/\" \/>\n<meta property=\"article:published_time\" content=\"2019-07-15T23:54:38+00:00\" \/>\n<meta property=\"og:image\" content=\"https:\/\/guineediversite.com\/wp-content\/uploads\/2019\/07\/put.jpg\" \/>\n\t<meta property=\"og:image:width\" content=\"1828\" \/>\n\t<meta property=\"og:image:height\" content=\"1024\" \/>\n\t<meta property=\"og:image:type\" content=\"image\/jpeg\" \/>\n<meta name=\"author\" content=\"Bilguissa Diallo\" \/>\n<meta name=\"twitter:card\" content=\"summary_large_image\" \/>\n<meta name=\"twitter:creator\" content=\"@GuineeDiversite\" \/>\n<meta name=\"twitter:site\" content=\"@GuineeDiversite\" \/>\n<meta name=\"twitter:label1\" content=\"\u00c9crit par\" \/>\n\t<meta name=\"twitter:data1\" content=\"Bilguissa Diallo\" \/>\n\t<meta name=\"twitter:label2\" content=\"Dur\u00e9e de lecture estim\u00e9e\" \/>\n\t<meta name=\"twitter:data2\" content=\"1 minute\" \/>\n<script type=\"application\/ld+json\" class=\"yoast-schema-graph\">{\"@context\":\"https:\/\/schema.org\",\"@graph\":[{\"@type\":\"Article\",\"@id\":\"https:\/\/guineediversite.com\/index.php\/2019\/07\/16\/guinee-officiel-fin-de-regne-du-coach-de-lequipe-nationale-guineenne-et-son-staff\/#article\",\"isPartOf\":{\"@id\":\"https:\/\/guineediversite.com\/index.php\/2019\/07\/16\/guinee-officiel-fin-de-regne-du-coach-de-lequipe-nationale-guineenne-et-son-staff\/\"},\"author\":{\"name\":\"Bilguissa Diallo\",\"@id\":\"https:\/\/guineediversite.com\/#\/schema\/person\/0e0e3e424768a50d025ac2218ccca73f\"},\"headline\":\"Guin\u00e9e\/Officiel : Fin de r\u00e8gne du coach de l\u2019\u00e9quipe nationale guin\u00e9enne et son staff\",\"datePublished\":\"2019-07-15T23:54:38+00:00\",\"dateModified\":\"2019-07-15T23:54:38+00:00\",\"mainEntityOfPage\":{\"@id\":\"https:\/\/guineediversite.com\/index.php\/2019\/07\/16\/guinee-officiel-fin-de-regne-du-coach-de-lequipe-nationale-guineenne-et-son-staff\/\"},\"wordCount\":138,\"publisher\":{\"@id\":\"https:\/\/guineediversite.com\/#organization\"},\"image\":{\"@id\":\"https:\/\/guineediversite.com\/index.php\/2019\/07\/16\/guinee-officiel-fin-de-regne-du-coach-de-lequipe-nationale-guineenne-et-son-staff\/#primaryimage\"},\"thumbnailUrl\":\"https:\/\/guineediversite.com\/wp-content\/uploads\/2019\/07\/put.jpg\",\"articleSection\":[\"Sport\"],\"inLanguage\":\"fr-FR\"},{\"@type\":\"WebPage\",\"@id\":\"https:\/\/guineediversite.com\/index.php\/2019\/07\/16\/guinee-officiel-fin-de-regne-du-coach-de-lequipe-nationale-guineenne-et-son-staff\/\",\"url\":\"https:\/\/guineediversite.com\/index.php\/2019\/07\/16\/guinee-officiel-fin-de-regne-du-coach-de-lequipe-nationale-guineenne-et-son-staff\/\",\"name\":\"Guin\u00e9e\/Officiel : Fin de r\u00e8gne du coach de l\u2019\u00e9quipe nationale guin\u00e9enne et son staff | Guin\u00e9e Diversit\u00e9\",\"isPartOf\":{\"@id\":\"https:\/\/guineediversite.com\/#website\"},\"primaryImageOfPage\":{\"@id\":\"https:\/\/guineediversite.com\/index.php\/2019\/07\/16\/guinee-officiel-fin-de-regne-du-coach-de-lequipe-nationale-guineenne-et-son-staff\/#primaryimage\"},\"image\":{\"@id\":\"https:\/\/guineediversite.com\/index.php\/2019\/07\/16\/guinee-officiel-fin-de-regne-du-coach-de-lequipe-nationale-guineenne-et-son-staff\/#primaryimage\"},\"thumbnailUrl\":\"https:\/\/guineediversite.com\/wp-content\/uploads\/2019\/07\/put.jpg\",\"datePublished\":\"2019-07-15T23:54:38+00:00\",\"dateModified\":\"2019-07-15T23:54:38+00:00\",\"breadcrumb\":{\"@id\":\"https:\/\/guineediversite.com\/index.php\/2019\/07\/16\/guinee-officiel-fin-de-regne-du-coach-de-lequipe-nationale-guineenne-et-son-staff\/#breadcrumb\"},\"inLanguage\":\"fr-FR\",\"potentialAction\":[{\"@type\":\"ReadAction\",\"target\":[\"https:\/\/guineediversite.com\/index.php\/2019\/07\/16\/guinee-officiel-fin-de-regne-du-coach-de-lequipe-nationale-guineenne-et-son-staff\/\"]}]},{\"@type\":\"ImageObject\",\"inLanguage\":\"fr-FR\",\"@id\":\"https:\/\/guineediversite.com\/index.php\/2019\/07\/16\/guinee-officiel-fin-de-regne-du-coach-de-lequipe-nationale-guineenne-et-son-staff\/#primaryimage\",\"url\":\"https:\/\/guineediversite.com\/wp-content\/uploads\/2019\/07\/put.jpg\",\"contentUrl\":\"https:\/\/guineediversite.com\/wp-content\/uploads\/2019\/07\/put.jpg\",\"width\":1828,\"height\":1024},{\"@type\":\"BreadcrumbList\",\"@id\":\"https:\/\/guineediversite.com\/index.php\/2019\/07\/16\/guinee-officiel-fin-de-regne-du-coach-de-lequipe-nationale-guineenne-et-son-staff\/#breadcrumb\",\"itemListElement\":[{\"@type\":\"ListItem\",\"position\":1,\"name\":\"Accueil\",\"item\":\"https:\/\/guineediversite.com\/\"},{\"@type\":\"ListItem\",\"position\":2,\"name\":\"Guin\u00e9e\/Officiel : Fin de r\u00e8gne du coach de l\u2019\u00e9quipe nationale guin\u00e9enne et son staff\"}]},{\"@type\":\"WebSite\",\"@id\":\"https:\/\/guineediversite.com\/#website\",\"url\":\"https:\/\/guineediversite.com\/\",\"name\":\"Guin\u00e9e Diversit\u00e9\",\"description\":\"L&#039;Info dans toute sa diversit\u00e9\",\"publisher\":{\"@id\":\"https:\/\/guineediversite.com\/#organization\"},\"potentialAction\":[{\"@type\":\"SearchAction\",\"target\":{\"@type\":\"EntryPoint\",\"urlTemplate\":\"https:\/\/guineediversite.com\/?s={search_term_string}\"},\"query-input\":{\"@type\":\"PropertyValueSpecification\",\"valueRequired\":true,\"valueName\":\"search_term_string\"}}],\"inLanguage\":\"fr-FR\"},{\"@type\":\"Organization\",\"@id\":\"https:\/\/guineediversite.com\/#organization\",\"name\":\"Guin\u00e9e Diversit\u00e9\",\"url\":\"https:\/\/guineediversite.com\/\",\"logo\":{\"@type\":\"ImageObject\",\"inLanguage\":\"fr-FR\",\"@id\":\"https:\/\/guineediversite.com\/#\/schema\/logo\/image\/\",\"url\":\"https:\/\/guineediversite.com\/wp-content\/uploads\/2017\/04\/cropped-1jojlxEOMkX9Wyqfhe43D6kjPOGqBBKmx3EwWJqZ0cMrFF54yM49.png\",\"contentUrl\":\"https:\/\/guineediversite.com\/wp-content\/uploads\/2017\/04\/cropped-1jojlxEOMkX9Wyqfhe43D6kjPOGqBBKmx3EwWJqZ0cMrFF54yM49.png\",\"width\":186,\"height\":112,\"caption\":\"Guin\u00e9e Diversit\u00e9\"},\"image\":{\"@id\":\"https:\/\/guineediversite.com\/#\/schema\/logo\/image\/\"},\"sameAs\":[\"https:\/\/www.facebook.com\/guineediversite\/\",\"https:\/\/x.com\/GuineeDiversite\",\"https:\/\/www.youtube.com\/channel\/UC8sUY16qelG5ge6_D5SB83g\"]},{\"@type\":\"Person\",\"@id\":\"https:\/\/guineediversite.com\/#\/schema\/person\/0e0e3e424768a50d025ac2218ccca73f\",\"name\":\"Bilguissa Diallo\",\"image\":{\"@type\":\"ImageObject\",\"inLanguage\":\"fr-FR\",\"@id\":\"https:\/\/guineediversite.com\/#\/schema\/person\/image\/\",\"url\":\"https:\/\/secure.gravatar.com\/avatar\/49bbbd2420ee34d62b1b191791f4b5df?s=96&d=mm&r=g\",\"contentUrl\":\"https:\/\/secure.gravatar.com\/avatar\/49bbbd2420ee34d62b1b191791f4b5df?s=96&d=mm&r=g\",\"caption\":\"Bilguissa Diallo\"},\"url\":\"https:\/\/guineediversite.com\/index.php\/author\/bilguissa\/\"}]}<\/script>\n<!-- \/ Yoast SEO plugin. -->","yoast_head_json":{"title":"Guin\u00e9e\/Officiel : Fin de r\u00e8gne du coach de l\u2019\u00e9quipe nationale guin\u00e9enne et son staff | Guin\u00e9e Diversit\u00e9","robots":{"index":"index","follow":"follow","max-snippet":"max-snippet:-1","max-image-preview":"max-image-preview:large","max-video-preview":"max-video-preview:-1"},"canonical":"https:\/\/guineediversite.com\/index.php\/2019\/07\/16\/guinee-officiel-fin-de-regne-du-coach-de-lequipe-nationale-guineenne-et-son-staff\/","og_locale":"fr_FR","og_type":"article","og_title":"Guin\u00e9e\/Officiel : Fin de r\u00e8gne du coach de l\u2019\u00e9quipe nationale guin\u00e9enne et son staff | Guin\u00e9e Diversit\u00e9","og_description":"A compter de ce jour, Paul Put n\u2019est plus le s\u00e9lectionneur du syli national. C\u2019est une d\u00e9cision de la f\u00e9d\u00e9ration guin\u00e9enne de football. Le technicien belge et tout son staff technique sont limog\u00e9s. Cette d\u00e9cision a \u00e9t\u00e9 prise suite au mauvais r\u00e9sultat de l\u2019\u00e9quipe guin\u00e9enne a la CAN 2019. Cette d\u00e9cision a \u00e9t\u00e9 rendue publique [&hellip;]","og_url":"https:\/\/guineediversite.com\/index.php\/2019\/07\/16\/guinee-officiel-fin-de-regne-du-coach-de-lequipe-nationale-guineenne-et-son-staff\/","og_site_name":"Guin\u00e9e Diversit\u00e9","article_publisher":"https:\/\/www.facebook.com\/guineediversite\/","article_published_time":"2019-07-15T23:54:38+00:00","og_image":[{"width":1828,"height":1024,"url":"https:\/\/guineediversite.com\/wp-content\/uploads\/2019\/07\/put.jpg","type":"image\/jpeg"}],"author":"Bilguissa Diallo","twitter_card":"summary_large_image","twitter_creator":"@GuineeDiversite","twitter_site":"@GuineeDiversite","twitter_misc":{"\u00c9crit par":"Bilguissa Diallo","Dur\u00e9e de lecture estim\u00e9e":"1 minute"},"schema":{"@context":"https:\/\/schema.org","@graph":[{"@type":"Article","@id":"https:\/\/guineediversite.com\/index.php\/2019\/07\/16\/guinee-officiel-fin-de-regne-du-coach-de-lequipe-nationale-guineenne-et-son-staff\/#article","isPartOf":{"@id":"https:\/\/guineediversite.com\/index.php\/2019\/07\/16\/guinee-officiel-fin-de-regne-du-coach-de-lequipe-nationale-guineenne-et-son-staff\/"},"author":{"name":"Bilguissa Diallo","@id":"https:\/\/guineediversite.com\/#\/schema\/person\/0e0e3e424768a50d025ac2218ccca73f"},"headline":"Guin\u00e9e\/Officiel : Fin de r\u00e8gne du coach de l\u2019\u00e9quipe nationale guin\u00e9enne et son staff","datePublished":"2019-07-15T23:54:38+00:00","dateModified":"2019-07-15T23:54:38+00:00","mainEntityOfPage":{"@id":"https:\/\/guineediversite.com\/index.php\/2019\/07\/16\/guinee-officiel-fin-de-regne-du-coach-de-lequipe-nationale-guineenne-et-son-staff\/"},"wordCount":138,"publisher":{"@id":"https:\/\/guineediversite.com\/#organization"},"image":{"@id":"https:\/\/guineediversite.com\/index.php\/2019\/07\/16\/guinee-officiel-fin-de-regne-du-coach-de-lequipe-nationale-guineenne-et-son-staff\/#primaryimage"},"thumbnailUrl":"https:\/\/guineediversite.com\/wp-content\/uploads\/2019\/07\/put.jpg","articleSection":["Sport"],"inLanguage":"fr-FR"},{"@type":"WebPage","@id":"https:\/\/guineediversite.com\/index.php\/2019\/07\/16\/guinee-officiel-fin-de-regne-du-coach-de-lequipe-nationale-guineenne-et-son-staff\/","url":"https:\/\/guineediversite.com\/index.php\/2019\/07\/16\/guinee-officiel-fin-de-regne-du-coach-de-lequipe-nationale-guineenne-et-son-staff\/","name":"Guin\u00e9e\/Officiel : Fin de r\u00e8gne du coach de l\u2019\u00e9quipe nationale guin\u00e9enne et son staff | Guin\u00e9e Diversit\u00e9","isPartOf":{"@id":"https:\/\/guineediversite.com\/#website"},"primaryImageOfPage":{"@id":"https:\/\/guineediversite.com\/index.php\/2019\/07\/16\/guinee-officiel-fin-de-regne-du-coach-de-lequipe-nationale-guineenne-et-son-staff\/#primaryimage"},"image":{"@id":"https:\/\/guineediversite.com\/index.php\/2019\/07\/16\/guinee-officiel-fin-de-regne-du-coach-de-lequipe-nationale-guineenne-et-son-staff\/#primaryimage"},"thumbnailUrl":"https:\/\/guineediversite.com\/wp-content\/uploads\/2019\/07\/put.jpg","datePublished":"2019-07-15T23:54:38+00:00","dateModified":"2019-07-15T23:54:38+00:00","breadcrumb":{"@id":"https:\/\/guineediversite.com\/index.php\/2019\/07\/16\/guinee-officiel-fin-de-regne-du-coach-de-lequipe-nationale-guineenne-et-son-staff\/#breadcrumb"},"inLanguage":"fr-FR","potentialAction":[{"@type":"ReadAction","target":["https:\/\/guineediversite.com\/index.php\/2019\/07\/16\/guinee-officiel-fin-de-regne-du-coach-de-lequipe-nationale-guineenne-et-son-staff\/"]}]},{"@type":"ImageObject","inLanguage":"fr-FR","@id":"https:\/\/guineediversite.com\/index.php\/2019\/07\/16\/guinee-officiel-fin-de-regne-du-coach-de-lequipe-nationale-guineenne-et-son-staff\/#primaryimage","url":"https:\/\/guineediversite.com\/wp-content\/uploads\/2019\/07\/put.jpg","contentUrl":"https:\/\/guineediversite.com\/wp-content\/uploads\/2019\/07\/put.jpg","width":1828,"height":1024},{"@type":"BreadcrumbList","@id":"https:\/\/guineediversite.com\/index.php\/2019\/07\/16\/guinee-officiel-fin-de-regne-du-coach-de-lequipe-nationale-guineenne-et-son-staff\/#breadcrumb","itemListElement":[{"@type":"ListItem","position":1,"name":"Accueil","item":"https:\/\/guineediversite.com\/"},{"@type":"ListItem","position":2,"name":"Guin\u00e9e\/Officiel : Fin de r\u00e8gne du coach de l\u2019\u00e9quipe nationale guin\u00e9enne et son staff"}]},{"@type":"WebSite","@id":"https:\/\/guineediversite.com\/#website","url":"https:\/\/guineediversite.com\/","name":"Guin\u00e9e Diversit\u00e9","description":"L&#039;Info dans toute sa diversit\u00e9","publisher":{"@id":"https:\/\/guineediversite.com\/#organization"},"potentialAction":[{"@type":"SearchAction","target":{"@type":"EntryPoint","urlTemplate":"https:\/\/guineediversite.com\/?s={search_term_string}"},"query-input":{"@type":"PropertyValueSpecification","valueRequired":true,"valueName":"search_term_string"}}],"inLanguage":"fr-FR"},{"@type":"Organization","@id":"https:\/\/guineediversite.com\/#organization","name":"Guin\u00e9e Diversit\u00e9","url":"https:\/\/guineediversite.com\/","logo":{"@type":"ImageObject","inLanguage":"fr-FR","@id":"https:\/\/guineediversite.com\/#\/schema\/logo\/image\/","url":"https:\/\/guineediversite.com\/wp-content\/uploads\/2017\/04\/cropped-1jojlxEOMkX9Wyqfhe43D6kjPOGqBBKmx3EwWJqZ0cMrFF54yM49.png","contentUrl":"https:\/\/guineediversite.com\/wp-content\/uploads\/2017\/04\/cropped-1jojlxEOMkX9Wyqfhe43D6kjPOGqBBKmx3EwWJqZ0cMrFF54yM49.png","width":186,"height":112,"caption":"Guin\u00e9e Diversit\u00e9"},"image":{"@id":"https:\/\/guineediversite.com\/#\/schema\/logo\/image\/"},"sameAs":["https:\/\/www.facebook.com\/guineediversite\/","https:\/\/x.com\/GuineeDiversite","https:\/\/www.youtube.com\/channel\/UC8sUY16qelG5ge6_D5SB83g"]},{"@type":"Person","@id":"https:\/\/guineediversite.com\/#\/schema\/person\/0e0e3e424768a50d025ac2218ccca73f","name":"Bilguissa Diallo","image":{"@type":"ImageObject","inLanguage":"fr-FR","@id":"https:\/\/guineediversite.com\/#\/schema\/person\/image\/","url":"https:\/\/secure.gravatar.com\/avatar\/49bbbd2420ee34d62b1b191791f4b5df?s=96&d=mm&r=g","contentUrl":"https:\/\/secure.gravatar.com\/avatar\/49bbbd2420ee34d62b1b191791f4b5df?s=96&d=mm&r=g","caption":"Bilguissa Diallo"},"url":"https:\/\/guineediversite.com\/index.php\/author\/bilguissa\/"}]}},"_links":{"self":[{"href":"https:\/\/guineediversite.com\/index.php\/wp-json\/wp\/v2\/posts\/28656"}],"collection":[{"href":"https:\/\/guineediversite.com\/index.php\/wp-json\/wp\/v2\/posts"}],"about":[{"href":"https:\/\/guineediversite.com\/index.php\/wp-json\/wp\/v2\/types\/post"}],"author":[{"embeddable":true,"href":"https:\/\/guineediversite.com\/index.php\/wp-json\/wp\/v2\/users\/7"}],"replies":[{"embeddable":true,"href":"https:\/\/guineediversite.com\/index.php\/wp-json\/wp\/v2\/comments?post=28656"}],"version-history":[{"count":0,"href":"https:\/\/guineediversite.com\/index.php\/wp-json\/wp\/v2\/posts\/28656\/revisions"}],"wp:featuredmedia":[{"embeddable":true,"href":"https:\/\/guineediversite.com\/index.php\/wp-json\/wp\/v2\/media\/28657"}],"wp:attachment":[{"href":"https:\/\/guineediversite.com\/index.php\/wp-json\/wp\/v2\/media?parent=28656"}],"wp:term":[{"taxonomy":"category","embeddable":true,"href":"https:\/\/guineediversite.com\/index.php\/wp-json\/wp\/v2\/categories?post=28656"},{"taxonomy":"post_tag","embeddable":true,"href":"https:\/\/guineediversite.com\/index.php\/wp-json\/wp\/v2\/tags?post=28656"}],"curies":[{"name":"wp","href":"https:\/\/api.w.org\/{rel}","templated":true}]}}