{"id":28636,"date":"2019-07-12T19:46:51","date_gmt":"2019-07-12T17:46:51","guid":{"rendered":"https:\/\/guineediversite.com\/?p=28636"},"modified":"2019-07-12T20:21:20","modified_gmt":"2019-07-12T18:21:20","slug":"societe-education-on-ne-fait-pas-le-bilan-de-leducation-a-linterieur-du-pays-mais-nous-savons-juste-que-ces-enfants-la-manquent-dencadrement-affi","status":"publish","type":"post","link":"https:\/\/guineediversite.com\/index.php\/2019\/07\/12\/societe-education-on-ne-fait-pas-le-bilan-de-leducation-a-linterieur-du-pays-mais-nous-savons-juste-que-ces-enfants-la-manquent-dencadrement-affi\/","title":{"rendered":"Soci\u00e9t\u00e9\/\u00e9ducation : \u00ab on ne fait pas le bilan de l\u2019\u00e9ducation \u00e0 l\u2019int\u00e9rieur du pays, mais nous savons juste que ces enfants-l\u00e0 manquent d\u2019encadrement(\u2026) \u00bb affirme le coordinateur du projet \u2018\u2019224 objectifs BAC\u2019\u2019"},"content":{"rendered":"<p>Apr\u00e8s dix jours pass\u00e9 dans la r\u00e9gion de Mamou, les porteurs du projet \u2018\u2019224 objectifs BAC\u2019\u2019 ont conf\u00e9r\u00e9 ce vendredi avec la presse sur le d\u00e9roulement de ce projet social. Il consistait \u00e0 mobiliser les enseignants volontaires pour apporter un appui p\u00e9dagogique aux candidats au baccalaur\u00e9at 2019 de la r\u00e9gion de Mamou.<\/p>\n<p>Pour les initiateurs du projet, le choix de la r\u00e9gion de Mamou n\u2019est pas fortuit, \u00ab <em>c\u2019est un projet social et qui parle du social, parle forc\u00e9ment de la citoyennet\u00e9, qui consistait \u00e0 aller donner une assistance aux \u00e9l\u00e8ves candidats au baccalaur\u00e9at. Cela est venue suite \u00e0 un constat, vous savez depuis deux ans les r\u00e9sultats au baccalaur\u00e9at c\u2019est un peu la cata, si vous regardez sur nos t-shirts, c&rsquo;est \u00e9crit \u2018\u201974% c\u2019est trop \u00ab\u00a0. C\u2019est parce que depuis deux ans le taux d\u2019\u00e9chec au baccalaur\u00e9at tourne autour de 74%, ce qui veut dire que plus de 7 jeunes sur 10 \u00e9chouent aujourd\u2019hui en Guin\u00e9e. L\u2019ann\u00e9e derni\u00e8re nous avons constat\u00e9 que la r\u00e9gion de Mamou \u00e9tait la r\u00e9gion la plus affect\u00e9e, ils ont pr\u00e9sent\u00e9 1898 candidats et seulement 265 ont \u00e9t\u00e9 admis, et donc c\u2019\u00e9tait plus de 80% d\u2019\u00e9chec dans la r\u00e9gion de Mamou. Seulement 13,96 % d\u2019admis et on c\u2019\u00e9tait dit que c\u2019\u00e9tait trop, on aurait aim\u00e9 prendre ce projet et l\u2019impl\u00e9menter par tout en Guin\u00e9e, mais on n\u2019avait pas les moyens. C\u2019est un projet financ\u00e9 par les bonnes volont\u00e9s, il faut signaler que les \u00e9l\u00e8ves de l\u2019int\u00e9rieur ont la soif d\u2019apprendre(\u2026) <\/em>\u00bb, \u00e0 souligner Mohamed Aly Kond\u00e9, coordinateur du projet.<\/p>\n<p>Loin, Mohamed Aly Kond\u00e9 coordinateur du projet \u2018\u2019224 objectifs BAC rajoute :<\/p>\n<p>\u00ab <em>On a \u00e9t\u00e9 dans la r\u00e9gion de Mamou, on a d\u00e9roul\u00e9 comme on a pens\u00e9 avec les quelques difficult\u00e9s qui peuvent entraver le bon fonctionnement du projet. Nous avions \u00e9t\u00e9 surpris de la mobilisation des enfants du fait qu\u2019ils s\u2019int\u00e9ressent au projet qui, au d\u00e9part laissait croire \u00e0 certains que c\u2019\u00e9tait une perturbation du processus normal de la programmation des examens, notamment le baccalaur\u00e9at. Mais c\u2019est tout \u00e0 fait le contraire, nous avons \u00e9t\u00e9 \u00e0 Mamou, on s\u2019est entretenue avec pr\u00e8s de 2 miles et quelques candidats, nous leur avions transmis la m\u00e9thode pour aborder les diff\u00e9rents sujets au BAC sans aucune pr\u00e9tention de leur avoir enseign\u00e9 le programme enti\u00e8rement<\/em> \u00bb.<\/p>\n<p>De la f\u00e9condation de l\u2019initiative, \u00e0 la r\u00e9alisation du projet, ils (les porteurs du projet 224 objectifs Bac) affirment avoir rencontr\u00e9 des difficult\u00e9s tant aupr\u00e8s de l\u2019autorit\u00e9 du syst\u00e8me \u00e9ducatif qu\u2019au niveau de la mobilisation des enseignants volontaires. Les initiateurs du projet \u2018\u2019224 objectifs BAC\u2019\u2019 n&rsquo;ont pu mobiliser que 23 enseignants au total, pour un total de 2155 candidats au baccalaur\u00e9at dans les trois pr\u00e9fectures de la r\u00e9gion de Mamou.<\/p>\n<p>\u00ab <em>Apr\u00e8s la s\u00e9lection des enseignants qui devrait aller avec nous \u00e0 l\u2019int\u00e9rieur du pays, nous avions d\u00e9cid\u00e9 que je me rends en premier pour aller prendre contact avec les autorit\u00e9s r\u00e9gionales, pr\u00e9fectorales de Mamou et donc j\u2019ai commenc\u00e9 par rencontrer les autorit\u00e9s de Mamou o\u00f9 j&rsquo;ai pris contact avec l\u2019inspecteur r\u00e9gional de l\u2019\u00e9ducation et le directeur pr\u00e9fectoral de l\u2019\u00e9ducation, j&rsquo;ai fait la m\u00eame la chose \u00e0 Pita et \u00e0 Dalaba. Mais il faut le dire que le premier contact n\u2019a pas du tout \u00e9t\u00e9 facile, parce qu\u2019on a plut\u00f4t \u00e9t\u00e9 vue comme des perturbateurs, au lieu d\u2019\u00eatre vue comme des personnes qui viennent apporter \u00e0 des fr\u00e8res et des s\u0153urs ( \u2026). A Dalaba nous avions eu beaucoup de difficult\u00e9s avec le directeur pr\u00e9fectoral de l\u2019\u00e9ducation (DPE) qui nous avaient dit qu\u2019il n\u2019\u00e9tait pas possible que nous travaillions \u00e0 Dalaba, puisque nous ne disposons pas d\u2019ordre de mission. C\u2019est apr\u00e8s plusieurs \u00e9changes avec la complicit\u00e9 de certains contacts au Minist\u00e8re de l\u2019\u00e9ducation Nationale et l\u2019alphab\u00e9tisation (MENA) qu\u2019il nous laisse travailler tout en s\u2019adh\u00e9rant \u00e0 notre initiative. Notre initiative a permis aux autorit\u00e9s de l\u2019\u00e9ducation de la r\u00e9gion de Mamou de comprendre qu\u2019il y avait des professeurs qui ne terminaient pas leur programme<\/em> \u00bb, explique Ibrahima Djould\u00e9 Diallo responsable \u00e0 la mobilisation et \u00e0 la gestion des enseignants volontaires.<\/p>\n<p>Pour le coordinateur, ce projet \u00e9tait tr\u00e8s mal vu ou compris par certaines personnes de la r\u00e9gion. Il rench\u00e9rit les propos sur des difficult\u00e9s rencontr\u00e9es du responsable \u00e0 la mobilisation et \u00e0 la gestion des enseignants volontaires.<\/p>\n<p>\u00ab <em>C\u2019\u00e9tait des mauvaises incompr\u00e9hensions, d\u00fb par exemple, peut \u00eatre \u00e0 la mauvaise explication du projet au d\u00e9part, certains non pas compris comment est-ce que des volontaires pouvaient venir sans rien demander \u00e0 des enfants, pendant que d\u2019autres leur faisaient payer de 250 miles \u00e0 500 miles pour des cours de r\u00e9vision. Nous nous venons leurs enseign\u00e9s gratuitement, d\u2019autres ont pris dans l\u2019autre sens, qu\u2019on venait faire une d\u00e9monstration de connaissance pour mettre en mal les enfants et leurs enseignants, mais non ce n\u2019\u00e9tait pas comme \u00e7a, nous nous sommes mis \u00e0 leurs dispositions et ils l\u2019ont compris \u00e0 la fin, ils nous ont f\u00e9licit\u00e9s<\/em> \u00bb.<\/p>\n<p>L&rsquo;objectif fix\u00e9 par les concepteurs de \u2018\u2019224 objectif BAC\u2019\u2019 est accro\u00eetre le taux d\u2019admission des candidats au baccalaur\u00e9at dans la r\u00e9gion de Mamou, qui \u00e9tait \u00e0 l\u2019ann\u00e9e derni\u00e8re 13, 93%. Selon le coordinateur, ils cibleront l\u2019ann\u00e9e \u00e0 venir d&rsquo;autres r\u00e9gions o\u00f9 le taux d\u2019admis sera faible.<\/p>\n","protected":false},"excerpt":{"rendered":"<p>Apr\u00e8s dix jours pass\u00e9 dans la r\u00e9gion de Mamou, les porteurs du projet \u2018\u2019224 objectifs BAC\u2019\u2019 ont conf\u00e9r\u00e9 ce vendredi avec la presse sur le d\u00e9roulement de ce projet social. Il consistait \u00e0 mobiliser les enseignants volontaires pour apporter un appui p\u00e9dagogique aux candidats au baccalaur\u00e9at 2019 de la r\u00e9gion de Mamou. Pour les initiateurs [&hellip;]<\/p>\n","protected":false},"author":10,"featured_media":28637,"comment_status":"closed","ping_status":"closed","sticky":false,"template":"","format":"standard","meta":{"_exactmetrics_skip_tracking":false,"_exactmetrics_sitenote_active":false,"_exactmetrics_sitenote_note":"","_exactmetrics_sitenote_category":0,"tdm_status":"","tdm_grid_status":"","footnotes":""},"categories":[16],"tags":[],"class_list":{"0":"post-28636","1":"post","2":"type-post","3":"status-publish","4":"format-standard","5":"has-post-thumbnail","7":"category-societe"},"yoast_head":"<!-- This site is optimized with the Yoast SEO plugin v24.2 - https:\/\/yoast.com\/wordpress\/plugins\/seo\/ -->\n<title>Soci\u00e9t\u00e9\/\u00e9ducation : \u00ab on ne fait pas le bilan de l\u2019\u00e9ducation \u00e0 l\u2019int\u00e9rieur du pays, mais nous savons juste que ces enfants-l\u00e0 manquent d\u2019encadrement(\u2026) \u00bb affirme le coordinateur du projet \u2018\u2019224 objectifs BAC\u2019\u2019 | Guin\u00e9e Diversit\u00e9<\/title>\n<meta name=\"robots\" content=\"index, follow, max-snippet:-1, max-image-preview:large, max-video-preview:-1\" \/>\n<link rel=\"canonical\" href=\"https:\/\/guineediversite.com\/index.php\/2019\/07\/12\/societe-education-on-ne-fait-pas-le-bilan-de-leducation-a-linterieur-du-pays-mais-nous-savons-juste-que-ces-enfants-la-manquent-dencadrement-affi\/\" \/>\n<meta property=\"og:locale\" content=\"fr_FR\" \/>\n<meta property=\"og:type\" content=\"article\" \/>\n<meta property=\"og:title\" content=\"Soci\u00e9t\u00e9\/\u00e9ducation : \u00ab on ne fait pas le bilan de l\u2019\u00e9ducation \u00e0 l\u2019int\u00e9rieur du pays, mais nous savons juste que ces enfants-l\u00e0 manquent d\u2019encadrement(\u2026) \u00bb affirme le coordinateur du projet \u2018\u2019224 objectifs BAC\u2019\u2019 | Guin\u00e9e Diversit\u00e9\" \/>\n<meta property=\"og:description\" content=\"Apr\u00e8s dix jours pass\u00e9 dans la r\u00e9gion de Mamou, les porteurs du projet \u2018\u2019224 objectifs BAC\u2019\u2019 ont conf\u00e9r\u00e9 ce vendredi avec la presse sur le d\u00e9roulement de ce projet social. Il consistait \u00e0 mobiliser les enseignants volontaires pour apporter un appui p\u00e9dagogique aux candidats au baccalaur\u00e9at 2019 de la r\u00e9gion de Mamou. Pour les initiateurs [&hellip;]\" \/>\n<meta property=\"og:url\" content=\"https:\/\/guineediversite.com\/index.php\/2019\/07\/12\/societe-education-on-ne-fait-pas-le-bilan-de-leducation-a-linterieur-du-pays-mais-nous-savons-juste-que-ces-enfants-la-manquent-dencadrement-affi\/\" \/>\n<meta property=\"og:site_name\" content=\"Guin\u00e9e Diversit\u00e9\" \/>\n<meta property=\"article:publisher\" content=\"https:\/\/www.facebook.com\/guineediversite\/\" \/>\n<meta property=\"article:published_time\" content=\"2019-07-12T17:46:51+00:00\" \/>\n<meta property=\"article:modified_time\" content=\"2019-07-12T18:21:20+00:00\" \/>\n<meta property=\"og:image\" content=\"https:\/\/guineediversite.com\/wp-content\/uploads\/2019\/07\/224.jpg\" \/>\n\t<meta property=\"og:image:width\" content=\"2000\" \/>\n\t<meta property=\"og:image:height\" content=\"973\" \/>\n\t<meta property=\"og:image:type\" content=\"image\/jpeg\" \/>\n<meta name=\"author\" content=\"Morcire Camara\" \/>\n<meta name=\"twitter:card\" content=\"summary_large_image\" \/>\n<meta name=\"twitter:creator\" content=\"@GuineeDiversite\" \/>\n<meta name=\"twitter:site\" content=\"@GuineeDiversite\" \/>\n<meta name=\"twitter:label1\" content=\"\u00c9crit par\" \/>\n\t<meta name=\"twitter:data1\" content=\"Morcire Camara\" \/>\n\t<meta name=\"twitter:label2\" content=\"Dur\u00e9e de lecture estim\u00e9e\" \/>\n\t<meta name=\"twitter:data2\" content=\"5 minutes\" \/>\n<script type=\"application\/ld+json\" class=\"yoast-schema-graph\">{\"@context\":\"https:\/\/schema.org\",\"@graph\":[{\"@type\":\"Article\",\"@id\":\"https:\/\/guineediversite.com\/index.php\/2019\/07\/12\/societe-education-on-ne-fait-pas-le-bilan-de-leducation-a-linterieur-du-pays-mais-nous-savons-juste-que-ces-enfants-la-manquent-dencadrement-affi\/#article\",\"isPartOf\":{\"@id\":\"https:\/\/guineediversite.com\/index.php\/2019\/07\/12\/societe-education-on-ne-fait-pas-le-bilan-de-leducation-a-linterieur-du-pays-mais-nous-savons-juste-que-ces-enfants-la-manquent-dencadrement-affi\/\"},\"author\":{\"name\":\"Morcire Camara\",\"@id\":\"https:\/\/guineediversite.com\/#\/schema\/person\/fa362494c47202ce4b3adf55abcc9d01\"},\"headline\":\"Soci\u00e9t\u00e9\/\u00e9ducation : \u00ab on ne fait pas le bilan de l\u2019\u00e9ducation \u00e0 l\u2019int\u00e9rieur du pays, mais nous savons juste que ces enfants-l\u00e0 manquent d\u2019encadrement(\u2026) \u00bb affirme le coordinateur du projet \u2018\u2019224 objectifs BAC\u2019\u2019\",\"datePublished\":\"2019-07-12T17:46:51+00:00\",\"dateModified\":\"2019-07-12T18:21:20+00:00\",\"mainEntityOfPage\":{\"@id\":\"https:\/\/guineediversite.com\/index.php\/2019\/07\/12\/societe-education-on-ne-fait-pas-le-bilan-de-leducation-a-linterieur-du-pays-mais-nous-savons-juste-que-ces-enfants-la-manquent-dencadrement-affi\/\"},\"wordCount\":980,\"publisher\":{\"@id\":\"https:\/\/guineediversite.com\/#organization\"},\"image\":{\"@id\":\"https:\/\/guineediversite.com\/index.php\/2019\/07\/12\/societe-education-on-ne-fait-pas-le-bilan-de-leducation-a-linterieur-du-pays-mais-nous-savons-juste-que-ces-enfants-la-manquent-dencadrement-affi\/#primaryimage\"},\"thumbnailUrl\":\"https:\/\/guineediversite.com\/wp-content\/uploads\/2019\/07\/224.jpg\",\"articleSection\":[\"Soci\u00e9t\u00e9\"],\"inLanguage\":\"fr-FR\"},{\"@type\":\"WebPage\",\"@id\":\"https:\/\/guineediversite.com\/index.php\/2019\/07\/12\/societe-education-on-ne-fait-pas-le-bilan-de-leducation-a-linterieur-du-pays-mais-nous-savons-juste-que-ces-enfants-la-manquent-dencadrement-affi\/\",\"url\":\"https:\/\/guineediversite.com\/index.php\/2019\/07\/12\/societe-education-on-ne-fait-pas-le-bilan-de-leducation-a-linterieur-du-pays-mais-nous-savons-juste-que-ces-enfants-la-manquent-dencadrement-affi\/\",\"name\":\"Soci\u00e9t\u00e9\/\u00e9ducation : \u00ab on ne fait pas le bilan de l\u2019\u00e9ducation \u00e0 l\u2019int\u00e9rieur du pays, mais nous savons juste que ces enfants-l\u00e0 manquent d\u2019encadrement(\u2026) \u00bb affirme le coordinateur du projet \u2018\u2019224 objectifs BAC\u2019\u2019 | Guin\u00e9e Diversit\u00e9\",\"isPartOf\":{\"@id\":\"https:\/\/guineediversite.com\/#website\"},\"primaryImageOfPage\":{\"@id\":\"https:\/\/guineediversite.com\/index.php\/2019\/07\/12\/societe-education-on-ne-fait-pas-le-bilan-de-leducation-a-linterieur-du-pays-mais-nous-savons-juste-que-ces-enfants-la-manquent-dencadrement-affi\/#primaryimage\"},\"image\":{\"@id\":\"https:\/\/guineediversite.com\/index.php\/2019\/07\/12\/societe-education-on-ne-fait-pas-le-bilan-de-leducation-a-linterieur-du-pays-mais-nous-savons-juste-que-ces-enfants-la-manquent-dencadrement-affi\/#primaryimage\"},\"thumbnailUrl\":\"https:\/\/guineediversite.com\/wp-content\/uploads\/2019\/07\/224.jpg\",\"datePublished\":\"2019-07-12T17:46:51+00:00\",\"dateModified\":\"2019-07-12T18:21:20+00:00\",\"breadcrumb\":{\"@id\":\"https:\/\/guineediversite.com\/index.php\/2019\/07\/12\/societe-education-on-ne-fait-pas-le-bilan-de-leducation-a-linterieur-du-pays-mais-nous-savons-juste-que-ces-enfants-la-manquent-dencadrement-affi\/#breadcrumb\"},\"inLanguage\":\"fr-FR\",\"potentialAction\":[{\"@type\":\"ReadAction\",\"target\":[\"https:\/\/guineediversite.com\/index.php\/2019\/07\/12\/societe-education-on-ne-fait-pas-le-bilan-de-leducation-a-linterieur-du-pays-mais-nous-savons-juste-que-ces-enfants-la-manquent-dencadrement-affi\/\"]}]},{\"@type\":\"ImageObject\",\"inLanguage\":\"fr-FR\",\"@id\":\"https:\/\/guineediversite.com\/index.php\/2019\/07\/12\/societe-education-on-ne-fait-pas-le-bilan-de-leducation-a-linterieur-du-pays-mais-nous-savons-juste-que-ces-enfants-la-manquent-dencadrement-affi\/#primaryimage\",\"url\":\"https:\/\/guineediversite.com\/wp-content\/uploads\/2019\/07\/224.jpg\",\"contentUrl\":\"https:\/\/guineediversite.com\/wp-content\/uploads\/2019\/07\/224.jpg\",\"width\":2000,\"height\":973},{\"@type\":\"BreadcrumbList\",\"@id\":\"https:\/\/guineediversite.com\/index.php\/2019\/07\/12\/societe-education-on-ne-fait-pas-le-bilan-de-leducation-a-linterieur-du-pays-mais-nous-savons-juste-que-ces-enfants-la-manquent-dencadrement-affi\/#breadcrumb\",\"itemListElement\":[{\"@type\":\"ListItem\",\"position\":1,\"name\":\"Accueil\",\"item\":\"https:\/\/guineediversite.com\/\"},{\"@type\":\"ListItem\",\"position\":2,\"name\":\"Soci\u00e9t\u00e9\/\u00e9ducation : \u00ab on ne fait pas le bilan de l\u2019\u00e9ducation \u00e0 l\u2019int\u00e9rieur du pays, mais nous savons juste que ces enfants-l\u00e0 manquent d\u2019encadrement(\u2026) \u00bb affirme le coordinateur du projet \u2018\u2019224 objectifs BAC\u2019\u2019\"}]},{\"@type\":\"WebSite\",\"@id\":\"https:\/\/guineediversite.com\/#website\",\"url\":\"https:\/\/guineediversite.com\/\",\"name\":\"Guin\u00e9e Diversit\u00e9\",\"description\":\"L&#039;Info dans toute sa diversit\u00e9\",\"publisher\":{\"@id\":\"https:\/\/guineediversite.com\/#organization\"},\"potentialAction\":[{\"@type\":\"SearchAction\",\"target\":{\"@type\":\"EntryPoint\",\"urlTemplate\":\"https:\/\/guineediversite.com\/?s={search_term_string}\"},\"query-input\":{\"@type\":\"PropertyValueSpecification\",\"valueRequired\":true,\"valueName\":\"search_term_string\"}}],\"inLanguage\":\"fr-FR\"},{\"@type\":\"Organization\",\"@id\":\"https:\/\/guineediversite.com\/#organization\",\"name\":\"Guin\u00e9e Diversit\u00e9\",\"url\":\"https:\/\/guineediversite.com\/\",\"logo\":{\"@type\":\"ImageObject\",\"inLanguage\":\"fr-FR\",\"@id\":\"https:\/\/guineediversite.com\/#\/schema\/logo\/image\/\",\"url\":\"https:\/\/guineediversite.com\/wp-content\/uploads\/2017\/04\/cropped-1jojlxEOMkX9Wyqfhe43D6kjPOGqBBKmx3EwWJqZ0cMrFF54yM49.png\",\"contentUrl\":\"https:\/\/guineediversite.com\/wp-content\/uploads\/2017\/04\/cropped-1jojlxEOMkX9Wyqfhe43D6kjPOGqBBKmx3EwWJqZ0cMrFF54yM49.png\",\"width\":186,\"height\":112,\"caption\":\"Guin\u00e9e Diversit\u00e9\"},\"image\":{\"@id\":\"https:\/\/guineediversite.com\/#\/schema\/logo\/image\/\"},\"sameAs\":[\"https:\/\/www.facebook.com\/guineediversite\/\",\"https:\/\/x.com\/GuineeDiversite\",\"https:\/\/www.youtube.com\/channel\/UC8sUY16qelG5ge6_D5SB83g\"]},{\"@type\":\"Person\",\"@id\":\"https:\/\/guineediversite.com\/#\/schema\/person\/fa362494c47202ce4b3adf55abcc9d01\",\"name\":\"Morcire Camara\",\"image\":{\"@type\":\"ImageObject\",\"inLanguage\":\"fr-FR\",\"@id\":\"https:\/\/guineediversite.com\/#\/schema\/person\/image\/\",\"url\":\"https:\/\/secure.gravatar.com\/avatar\/3ec324f02295bbcebe03d99b39330ab4?s=96&d=mm&r=g\",\"contentUrl\":\"https:\/\/secure.gravatar.com\/avatar\/3ec324f02295bbcebe03d99b39330ab4?s=96&d=mm&r=g\",\"caption\":\"Morcire Camara\"},\"url\":\"https:\/\/guineediversite.com\/index.php\/author\/morcire\/\"}]}<\/script>\n<!-- \/ Yoast SEO plugin. -->","yoast_head_json":{"title":"Soci\u00e9t\u00e9\/\u00e9ducation : \u00ab on ne fait pas le bilan de l\u2019\u00e9ducation \u00e0 l\u2019int\u00e9rieur du pays, mais nous savons juste que ces enfants-l\u00e0 manquent d\u2019encadrement(\u2026) \u00bb affirme le coordinateur du projet \u2018\u2019224 objectifs BAC\u2019\u2019 | Guin\u00e9e Diversit\u00e9","robots":{"index":"index","follow":"follow","max-snippet":"max-snippet:-1","max-image-preview":"max-image-preview:large","max-video-preview":"max-video-preview:-1"},"canonical":"https:\/\/guineediversite.com\/index.php\/2019\/07\/12\/societe-education-on-ne-fait-pas-le-bilan-de-leducation-a-linterieur-du-pays-mais-nous-savons-juste-que-ces-enfants-la-manquent-dencadrement-affi\/","og_locale":"fr_FR","og_type":"article","og_title":"Soci\u00e9t\u00e9\/\u00e9ducation : \u00ab on ne fait pas le bilan de l\u2019\u00e9ducation \u00e0 l\u2019int\u00e9rieur du pays, mais nous savons juste que ces enfants-l\u00e0 manquent d\u2019encadrement(\u2026) \u00bb affirme le coordinateur du projet \u2018\u2019224 objectifs BAC\u2019\u2019 | Guin\u00e9e Diversit\u00e9","og_description":"Apr\u00e8s dix jours pass\u00e9 dans la r\u00e9gion de Mamou, les porteurs du projet \u2018\u2019224 objectifs BAC\u2019\u2019 ont conf\u00e9r\u00e9 ce vendredi avec la presse sur le d\u00e9roulement de ce projet social. Il consistait \u00e0 mobiliser les enseignants volontaires pour apporter un appui p\u00e9dagogique aux candidats au baccalaur\u00e9at 2019 de la r\u00e9gion de Mamou. Pour les initiateurs [&hellip;]","og_url":"https:\/\/guineediversite.com\/index.php\/2019\/07\/12\/societe-education-on-ne-fait-pas-le-bilan-de-leducation-a-linterieur-du-pays-mais-nous-savons-juste-que-ces-enfants-la-manquent-dencadrement-affi\/","og_site_name":"Guin\u00e9e Diversit\u00e9","article_publisher":"https:\/\/www.facebook.com\/guineediversite\/","article_published_time":"2019-07-12T17:46:51+00:00","article_modified_time":"2019-07-12T18:21:20+00:00","og_image":[{"width":2000,"height":973,"url":"https:\/\/guineediversite.com\/wp-content\/uploads\/2019\/07\/224.jpg","type":"image\/jpeg"}],"author":"Morcire Camara","twitter_card":"summary_large_image","twitter_creator":"@GuineeDiversite","twitter_site":"@GuineeDiversite","twitter_misc":{"\u00c9crit par":"Morcire Camara","Dur\u00e9e de lecture estim\u00e9e":"5 minutes"},"schema":{"@context":"https:\/\/schema.org","@graph":[{"@type":"Article","@id":"https:\/\/guineediversite.com\/index.php\/2019\/07\/12\/societe-education-on-ne-fait-pas-le-bilan-de-leducation-a-linterieur-du-pays-mais-nous-savons-juste-que-ces-enfants-la-manquent-dencadrement-affi\/#article","isPartOf":{"@id":"https:\/\/guineediversite.com\/index.php\/2019\/07\/12\/societe-education-on-ne-fait-pas-le-bilan-de-leducation-a-linterieur-du-pays-mais-nous-savons-juste-que-ces-enfants-la-manquent-dencadrement-affi\/"},"author":{"name":"Morcire Camara","@id":"https:\/\/guineediversite.com\/#\/schema\/person\/fa362494c47202ce4b3adf55abcc9d01"},"headline":"Soci\u00e9t\u00e9\/\u00e9ducation : \u00ab on ne fait pas le bilan de l\u2019\u00e9ducation \u00e0 l\u2019int\u00e9rieur du pays, mais nous savons juste que ces enfants-l\u00e0 manquent d\u2019encadrement(\u2026) \u00bb affirme le coordinateur du projet \u2018\u2019224 objectifs BAC\u2019\u2019","datePublished":"2019-07-12T17:46:51+00:00","dateModified":"2019-07-12T18:21:20+00:00","mainEntityOfPage":{"@id":"https:\/\/guineediversite.com\/index.php\/2019\/07\/12\/societe-education-on-ne-fait-pas-le-bilan-de-leducation-a-linterieur-du-pays-mais-nous-savons-juste-que-ces-enfants-la-manquent-dencadrement-affi\/"},"wordCount":980,"publisher":{"@id":"https:\/\/guineediversite.com\/#organization"},"image":{"@id":"https:\/\/guineediversite.com\/index.php\/2019\/07\/12\/societe-education-on-ne-fait-pas-le-bilan-de-leducation-a-linterieur-du-pays-mais-nous-savons-juste-que-ces-enfants-la-manquent-dencadrement-affi\/#primaryimage"},"thumbnailUrl":"https:\/\/guineediversite.com\/wp-content\/uploads\/2019\/07\/224.jpg","articleSection":["Soci\u00e9t\u00e9"],"inLanguage":"fr-FR"},{"@type":"WebPage","@id":"https:\/\/guineediversite.com\/index.php\/2019\/07\/12\/societe-education-on-ne-fait-pas-le-bilan-de-leducation-a-linterieur-du-pays-mais-nous-savons-juste-que-ces-enfants-la-manquent-dencadrement-affi\/","url":"https:\/\/guineediversite.com\/index.php\/2019\/07\/12\/societe-education-on-ne-fait-pas-le-bilan-de-leducation-a-linterieur-du-pays-mais-nous-savons-juste-que-ces-enfants-la-manquent-dencadrement-affi\/","name":"Soci\u00e9t\u00e9\/\u00e9ducation : \u00ab on ne fait pas le bilan de l\u2019\u00e9ducation \u00e0 l\u2019int\u00e9rieur du pays, mais nous savons juste que ces enfants-l\u00e0 manquent d\u2019encadrement(\u2026) \u00bb affirme le coordinateur du projet \u2018\u2019224 objectifs BAC\u2019\u2019 | Guin\u00e9e Diversit\u00e9","isPartOf":{"@id":"https:\/\/guineediversite.com\/#website"},"primaryImageOfPage":{"@id":"https:\/\/guineediversite.com\/index.php\/2019\/07\/12\/societe-education-on-ne-fait-pas-le-bilan-de-leducation-a-linterieur-du-pays-mais-nous-savons-juste-que-ces-enfants-la-manquent-dencadrement-affi\/#primaryimage"},"image":{"@id":"https:\/\/guineediversite.com\/index.php\/2019\/07\/12\/societe-education-on-ne-fait-pas-le-bilan-de-leducation-a-linterieur-du-pays-mais-nous-savons-juste-que-ces-enfants-la-manquent-dencadrement-affi\/#primaryimage"},"thumbnailUrl":"https:\/\/guineediversite.com\/wp-content\/uploads\/2019\/07\/224.jpg","datePublished":"2019-07-12T17:46:51+00:00","dateModified":"2019-07-12T18:21:20+00:00","breadcrumb":{"@id":"https:\/\/guineediversite.com\/index.php\/2019\/07\/12\/societe-education-on-ne-fait-pas-le-bilan-de-leducation-a-linterieur-du-pays-mais-nous-savons-juste-que-ces-enfants-la-manquent-dencadrement-affi\/#breadcrumb"},"inLanguage":"fr-FR","potentialAction":[{"@type":"ReadAction","target":["https:\/\/guineediversite.com\/index.php\/2019\/07\/12\/societe-education-on-ne-fait-pas-le-bilan-de-leducation-a-linterieur-du-pays-mais-nous-savons-juste-que-ces-enfants-la-manquent-dencadrement-affi\/"]}]},{"@type":"ImageObject","inLanguage":"fr-FR","@id":"https:\/\/guineediversite.com\/index.php\/2019\/07\/12\/societe-education-on-ne-fait-pas-le-bilan-de-leducation-a-linterieur-du-pays-mais-nous-savons-juste-que-ces-enfants-la-manquent-dencadrement-affi\/#primaryimage","url":"https:\/\/guineediversite.com\/wp-content\/uploads\/2019\/07\/224.jpg","contentUrl":"https:\/\/guineediversite.com\/wp-content\/uploads\/2019\/07\/224.jpg","width":2000,"height":973},{"@type":"BreadcrumbList","@id":"https:\/\/guineediversite.com\/index.php\/2019\/07\/12\/societe-education-on-ne-fait-pas-le-bilan-de-leducation-a-linterieur-du-pays-mais-nous-savons-juste-que-ces-enfants-la-manquent-dencadrement-affi\/#breadcrumb","itemListElement":[{"@type":"ListItem","position":1,"name":"Accueil","item":"https:\/\/guineediversite.com\/"},{"@type":"ListItem","position":2,"name":"Soci\u00e9t\u00e9\/\u00e9ducation : \u00ab on ne fait pas le bilan de l\u2019\u00e9ducation \u00e0 l\u2019int\u00e9rieur du pays, mais nous savons juste que ces enfants-l\u00e0 manquent d\u2019encadrement(\u2026) \u00bb affirme le coordinateur du projet \u2018\u2019224 objectifs BAC\u2019\u2019"}]},{"@type":"WebSite","@id":"https:\/\/guineediversite.com\/#website","url":"https:\/\/guineediversite.com\/","name":"Guin\u00e9e Diversit\u00e9","description":"L&#039;Info dans toute sa diversit\u00e9","publisher":{"@id":"https:\/\/guineediversite.com\/#organization"},"potentialAction":[{"@type":"SearchAction","target":{"@type":"EntryPoint","urlTemplate":"https:\/\/guineediversite.com\/?s={search_term_string}"},"query-input":{"@type":"PropertyValueSpecification","valueRequired":true,"valueName":"search_term_string"}}],"inLanguage":"fr-FR"},{"@type":"Organization","@id":"https:\/\/guineediversite.com\/#organization","name":"Guin\u00e9e Diversit\u00e9","url":"https:\/\/guineediversite.com\/","logo":{"@type":"ImageObject","inLanguage":"fr-FR","@id":"https:\/\/guineediversite.com\/#\/schema\/logo\/image\/","url":"https:\/\/guineediversite.com\/wp-content\/uploads\/2017\/04\/cropped-1jojlxEOMkX9Wyqfhe43D6kjPOGqBBKmx3EwWJqZ0cMrFF54yM49.png","contentUrl":"https:\/\/guineediversite.com\/wp-content\/uploads\/2017\/04\/cropped-1jojlxEOMkX9Wyqfhe43D6kjPOGqBBKmx3EwWJqZ0cMrFF54yM49.png","width":186,"height":112,"caption":"Guin\u00e9e Diversit\u00e9"},"image":{"@id":"https:\/\/guineediversite.com\/#\/schema\/logo\/image\/"},"sameAs":["https:\/\/www.facebook.com\/guineediversite\/","https:\/\/x.com\/GuineeDiversite","https:\/\/www.youtube.com\/channel\/UC8sUY16qelG5ge6_D5SB83g"]},{"@type":"Person","@id":"https:\/\/guineediversite.com\/#\/schema\/person\/fa362494c47202ce4b3adf55abcc9d01","name":"Morcire Camara","image":{"@type":"ImageObject","inLanguage":"fr-FR","@id":"https:\/\/guineediversite.com\/#\/schema\/person\/image\/","url":"https:\/\/secure.gravatar.com\/avatar\/3ec324f02295bbcebe03d99b39330ab4?s=96&d=mm&r=g","contentUrl":"https:\/\/secure.gravatar.com\/avatar\/3ec324f02295bbcebe03d99b39330ab4?s=96&d=mm&r=g","caption":"Morcire Camara"},"url":"https:\/\/guineediversite.com\/index.php\/author\/morcire\/"}]}},"_links":{"self":[{"href":"https:\/\/guineediversite.com\/index.php\/wp-json\/wp\/v2\/posts\/28636"}],"collection":[{"href":"https:\/\/guineediversite.com\/index.php\/wp-json\/wp\/v2\/posts"}],"about":[{"href":"https:\/\/guineediversite.com\/index.php\/wp-json\/wp\/v2\/types\/post"}],"author":[{"embeddable":true,"href":"https:\/\/guineediversite.com\/index.php\/wp-json\/wp\/v2\/users\/10"}],"replies":[{"embeddable":true,"href":"https:\/\/guineediversite.com\/index.php\/wp-json\/wp\/v2\/comments?post=28636"}],"version-history":[{"count":0,"href":"https:\/\/guineediversite.com\/index.php\/wp-json\/wp\/v2\/posts\/28636\/revisions"}],"wp:featuredmedia":[{"embeddable":true,"href":"https:\/\/guineediversite.com\/index.php\/wp-json\/wp\/v2\/media\/28637"}],"wp:attachment":[{"href":"https:\/\/guineediversite.com\/index.php\/wp-json\/wp\/v2\/media?parent=28636"}],"wp:term":[{"taxonomy":"category","embeddable":true,"href":"https:\/\/guineediversite.com\/index.php\/wp-json\/wp\/v2\/categories?post=28636"},{"taxonomy":"post_tag","embeddable":true,"href":"https:\/\/guineediversite.com\/index.php\/wp-json\/wp\/v2\/tags?post=28636"}],"curies":[{"name":"wp","href":"https:\/\/api.w.org\/{rel}","templated":true}]}}