{"id":28629,"date":"2019-06-21T15:04:32","date_gmt":"2019-06-21T13:04:32","guid":{"rendered":"https:\/\/guineediversite.com\/?p=28629"},"modified":"2019-06-21T15:04:32","modified_gmt":"2019-06-21T13:04:32","slug":"can-2019-francois-kamano-le-jeune-cadre-de-la-guinee","status":"publish","type":"post","link":"https:\/\/guineediversite.com\/index.php\/2019\/06\/21\/can-2019-francois-kamano-le-jeune-cadre-de-la-guinee\/","title":{"rendered":"CAN 2019: Fran\u00e7ois Kamano, le jeune cadre de la Guin\u00e9e"},"content":{"rendered":"<p>L\u2019attaquant guin\u00e9en Fran\u00e7ois Kamano sera l&rsquo;un des principaux atouts du Sily national qui entre dans la comp\u00e9tition samedi 22 juin \u00e0 Alexandrie. Le jeune pensionnaire des Girondins de Bordeaux va vivre son deuxi\u00e8me tournoi continental apr\u00e8s celui de 2015 en Guin\u00e9e \u00e9quatoriale. Rencontre.<\/p>\n<p>La chaleur d\u2019Alexandrie reste supportable en cette fin d\u2019apr\u00e8s-midi. La Guin\u00e9e termine son entra\u00eenement non loin du centre de la ville o\u00f9 le bruit des klaxons et les voitures au ralenti font partie du d\u00e9cor. Fran\u00e7ois Kamano, 23 ans, un des principaux atouts du Sily national pour la Coupe d&rsquo;Afrique des nations en \u00c9gypte est bien l\u00e0.<\/p>\n<p><strong>Tenter de montrer le vrai visage de la Guin\u00e9e <\/strong><\/p>\n<p>Et contrairement \u00e0 la CAN 2015 en Guin\u00e9e \u00e9quatoriale, l\u2019attaquant a bien l\u2019intention de peser sur le groupe. \u00c0 condition que le Girondin de Bordeaux retrouve l\u2019efficacit\u00e9 qui lui a fait d\u00e9faut en deuxi\u00e8me partie de saison. Apr\u00e8s huit r\u00e9alisations lors des cinq premiers mois, il a termin\u00e9 l\u2019exercice sans convaincre.<\/p>\n<div id=\"teads-2508428173344228\"><\/div>\n<p>Rapide, adroit, capable de jouer dans l\u2019axe et sur les c\u00f4t\u00e9s, Kamano avoue avoir bien travaill\u00e9 pendant la pr\u00e9paration de la CAN. \u00ab\u00a0<em>Face au Nigeria, nous allons tenter de montrer notre vrai visage<\/em>\u00a0\u00bb, avance Kamano. Pourtant, la Guin\u00e9e s\u2019est inclin\u00e9e en amical face \u00e0 l\u2019Egypte (3-1). Auparavant, sur le sol marocain, les hommes de Paul Put avaient v\u00e9cu deux autres d\u00e9faites,\u00a0face \u00e0 la Gambie et au B\u00e9nin. Mais\u00a0tout ceci n\u2019a pas l\u2019air d\u2019inqui\u00e9ter\u00a0Kamano. \u00ab\u00a0<em>On s\u2019entra\u00eene, on avance et on doit oublier ces trois d\u00e9faites et retrouver une \u00e9nergie positive<\/em>.\u00a0\u00bb<\/p>\n<p><strong>R\u00e9pondre physiquement<\/strong><\/p>\n<p>Si la Guin\u00e9e semble \u00eatre dans un groupe abordable, Kamano sait qu\u2019il faut \u00ab\u00a0<em>prendre tous les matches au s\u00e9rieux<\/em>\u00a0\u00bb. \u00ab\u00a0<em>On est m\u00e9fiant<\/em>\u00a0\u00bb, dit l\u2019ancien pensionnaire du Satellite Football Club de Conakry. \u00ab\u00a0<em>Il y a de la place pour faire un bon tournoi. A la CAN, il faudra r\u00e9pondre physiquement et on est averti par rapport aux trois derniers matches<\/em>\u00a0\u00bb, avoue Fran\u00e7ois Kamano qui compte sur Naby Keita pour rassurer, jouer les \u00ab\u00a0grands fr\u00e8res\u00a0\u00bb, et faire vivre le groupe.<\/p>\n<p>De son c\u00f4t\u00e9, Kamano compte briller en Egypte. \u00ab\u00a0<em>A chaque match, je veux prouver que je fais du mieux possible. La CAN est pour moi quelque chose d\u2019exceptionnel et c\u2019est comme un r\u00eave d\u2019enfant quand on est appel\u00e9 en s\u00e9lection. J\u2019ai h\u00e2te de commencer<\/em>\u00a0\u00bb. Il poursuit\u00a0: \u00ab\u00a0<em>En 2015, je n\u2019ai pas eu beaucoup de temps de jeu, c\u2019\u00e9tait ma premi\u00e8re ann\u00e9e professionnelle \u00e0 Bastia. J\u2019ai observ\u00e9, j\u2019ai \u00e9t\u00e9 patient. Maintenant c\u2019est diff\u00e9rent, je suis un des cadres de l\u2019\u00e9quipe<\/em>.\u00a0\u00bb En qualification pour la CAN 2019, Kamano avait inscrit deux buts contre la C\u00f4te d\u2019Ivoire et le Rwanda (27 s\u00e9lections).<\/p>\n<p>\u00c0 Alexandrie, le natif de Conakry a bien l\u2019intention de \u00ab\u00a0<em>mettre les points sur les i<\/em>\u00a0\u00bb.<\/p>\n<p>RFI<\/p>\n","protected":false},"excerpt":{"rendered":"<p>L\u2019attaquant guin\u00e9en Fran\u00e7ois Kamano sera l&rsquo;un des principaux atouts du Sily national qui entre dans la comp\u00e9tition samedi 22 juin \u00e0 Alexandrie. Le jeune pensionnaire des Girondins de Bordeaux va vivre son deuxi\u00e8me tournoi continental apr\u00e8s celui de 2015 en Guin\u00e9e \u00e9quatoriale. Rencontre. La chaleur d\u2019Alexandrie reste supportable en cette fin d\u2019apr\u00e8s-midi. La Guin\u00e9e termine [&hellip;]<\/p>\n","protected":false},"author":12,"featured_media":28630,"comment_status":"closed","ping_status":"closed","sticky":false,"template":"","format":"standard","meta":{"_exactmetrics_skip_tracking":false,"_exactmetrics_sitenote_active":false,"_exactmetrics_sitenote_note":"","_exactmetrics_sitenote_category":0,"tdm_status":"","tdm_grid_status":"","footnotes":""},"categories":[18],"tags":[],"class_list":{"0":"post-28629","1":"post","2":"type-post","3":"status-publish","4":"format-standard","5":"has-post-thumbnail","7":"category-sport"},"yoast_head":"<!-- This site is optimized with the Yoast SEO plugin v24.2 - https:\/\/yoast.com\/wordpress\/plugins\/seo\/ -->\n<title>CAN 2019: Fran\u00e7ois Kamano, le jeune cadre de la Guin\u00e9e | Guin\u00e9e Diversit\u00e9<\/title>\n<meta name=\"robots\" content=\"index, follow, max-snippet:-1, max-image-preview:large, max-video-preview:-1\" \/>\n<link rel=\"canonical\" href=\"https:\/\/guineediversite.com\/index.php\/2019\/06\/21\/can-2019-francois-kamano-le-jeune-cadre-de-la-guinee\/\" \/>\n<meta property=\"og:locale\" content=\"fr_FR\" \/>\n<meta property=\"og:type\" content=\"article\" \/>\n<meta property=\"og:title\" content=\"CAN 2019: Fran\u00e7ois Kamano, le jeune cadre de la Guin\u00e9e | Guin\u00e9e Diversit\u00e9\" \/>\n<meta property=\"og:description\" content=\"L\u2019attaquant guin\u00e9en Fran\u00e7ois Kamano sera l&rsquo;un des principaux atouts du Sily national qui entre dans la comp\u00e9tition samedi 22 juin \u00e0 Alexandrie. Le jeune pensionnaire des Girondins de Bordeaux va vivre son deuxi\u00e8me tournoi continental apr\u00e8s celui de 2015 en Guin\u00e9e \u00e9quatoriale. Rencontre. La chaleur d\u2019Alexandrie reste supportable en cette fin d\u2019apr\u00e8s-midi. La Guin\u00e9e termine [&hellip;]\" \/>\n<meta property=\"og:url\" content=\"https:\/\/guineediversite.com\/index.php\/2019\/06\/21\/can-2019-francois-kamano-le-jeune-cadre-de-la-guinee\/\" \/>\n<meta property=\"og:site_name\" content=\"Guin\u00e9e Diversit\u00e9\" \/>\n<meta property=\"article:publisher\" content=\"https:\/\/www.facebook.com\/guineediversite\/\" \/>\n<meta property=\"article:published_time\" content=\"2019-06-21T13:04:32+00:00\" \/>\n<meta property=\"og:image\" content=\"https:\/\/guineediversite.com\/wp-content\/uploads\/2019\/06\/6-kamano-nicolas-tucat-afp_0.jpg\" \/>\n\t<meta property=\"og:image:width\" content=\"1024\" \/>\n\t<meta property=\"og:image:height\" content=\"578\" \/>\n\t<meta property=\"og:image:type\" content=\"image\/jpeg\" \/>\n<meta name=\"author\" content=\"Guin\u00e9e Diversit\u00e9\" \/>\n<meta name=\"twitter:card\" content=\"summary_large_image\" \/>\n<meta name=\"twitter:creator\" content=\"@GuineeDiversite\" \/>\n<meta name=\"twitter:site\" content=\"@GuineeDiversite\" \/>\n<meta name=\"twitter:label1\" content=\"\u00c9crit par\" \/>\n\t<meta name=\"twitter:data1\" content=\"Guin\u00e9e Diversit\u00e9\" \/>\n\t<meta name=\"twitter:label2\" content=\"Dur\u00e9e de lecture estim\u00e9e\" \/>\n\t<meta name=\"twitter:data2\" content=\"3 minutes\" \/>\n<script type=\"application\/ld+json\" class=\"yoast-schema-graph\">{\"@context\":\"https:\/\/schema.org\",\"@graph\":[{\"@type\":\"Article\",\"@id\":\"https:\/\/guineediversite.com\/index.php\/2019\/06\/21\/can-2019-francois-kamano-le-jeune-cadre-de-la-guinee\/#article\",\"isPartOf\":{\"@id\":\"https:\/\/guineediversite.com\/index.php\/2019\/06\/21\/can-2019-francois-kamano-le-jeune-cadre-de-la-guinee\/\"},\"author\":{\"name\":\"Guin\u00e9e Diversit\u00e9\",\"@id\":\"https:\/\/guineediversite.com\/#\/schema\/person\/afa08fb34e7fc6e1feafc892612bc836\"},\"headline\":\"CAN 2019: Fran\u00e7ois Kamano, le jeune cadre de la Guin\u00e9e\",\"datePublished\":\"2019-06-21T13:04:32+00:00\",\"dateModified\":\"2019-06-21T13:04:32+00:00\",\"mainEntityOfPage\":{\"@id\":\"https:\/\/guineediversite.com\/index.php\/2019\/06\/21\/can-2019-francois-kamano-le-jeune-cadre-de-la-guinee\/\"},\"wordCount\":519,\"publisher\":{\"@id\":\"https:\/\/guineediversite.com\/#organization\"},\"image\":{\"@id\":\"https:\/\/guineediversite.com\/index.php\/2019\/06\/21\/can-2019-francois-kamano-le-jeune-cadre-de-la-guinee\/#primaryimage\"},\"thumbnailUrl\":\"https:\/\/guineediversite.com\/wp-content\/uploads\/2019\/06\/6-kamano-nicolas-tucat-afp_0.jpg\",\"articleSection\":[\"Sport\"],\"inLanguage\":\"fr-FR\"},{\"@type\":\"WebPage\",\"@id\":\"https:\/\/guineediversite.com\/index.php\/2019\/06\/21\/can-2019-francois-kamano-le-jeune-cadre-de-la-guinee\/\",\"url\":\"https:\/\/guineediversite.com\/index.php\/2019\/06\/21\/can-2019-francois-kamano-le-jeune-cadre-de-la-guinee\/\",\"name\":\"CAN 2019: Fran\u00e7ois Kamano, le jeune cadre de la Guin\u00e9e | Guin\u00e9e Diversit\u00e9\",\"isPartOf\":{\"@id\":\"https:\/\/guineediversite.com\/#website\"},\"primaryImageOfPage\":{\"@id\":\"https:\/\/guineediversite.com\/index.php\/2019\/06\/21\/can-2019-francois-kamano-le-jeune-cadre-de-la-guinee\/#primaryimage\"},\"image\":{\"@id\":\"https:\/\/guineediversite.com\/index.php\/2019\/06\/21\/can-2019-francois-kamano-le-jeune-cadre-de-la-guinee\/#primaryimage\"},\"thumbnailUrl\":\"https:\/\/guineediversite.com\/wp-content\/uploads\/2019\/06\/6-kamano-nicolas-tucat-afp_0.jpg\",\"datePublished\":\"2019-06-21T13:04:32+00:00\",\"dateModified\":\"2019-06-21T13:04:32+00:00\",\"breadcrumb\":{\"@id\":\"https:\/\/guineediversite.com\/index.php\/2019\/06\/21\/can-2019-francois-kamano-le-jeune-cadre-de-la-guinee\/#breadcrumb\"},\"inLanguage\":\"fr-FR\",\"potentialAction\":[{\"@type\":\"ReadAction\",\"target\":[\"https:\/\/guineediversite.com\/index.php\/2019\/06\/21\/can-2019-francois-kamano-le-jeune-cadre-de-la-guinee\/\"]}]},{\"@type\":\"ImageObject\",\"inLanguage\":\"fr-FR\",\"@id\":\"https:\/\/guineediversite.com\/index.php\/2019\/06\/21\/can-2019-francois-kamano-le-jeune-cadre-de-la-guinee\/#primaryimage\",\"url\":\"https:\/\/guineediversite.com\/wp-content\/uploads\/2019\/06\/6-kamano-nicolas-tucat-afp_0.jpg\",\"contentUrl\":\"https:\/\/guineediversite.com\/wp-content\/uploads\/2019\/06\/6-kamano-nicolas-tucat-afp_0.jpg\",\"width\":1024,\"height\":578},{\"@type\":\"BreadcrumbList\",\"@id\":\"https:\/\/guineediversite.com\/index.php\/2019\/06\/21\/can-2019-francois-kamano-le-jeune-cadre-de-la-guinee\/#breadcrumb\",\"itemListElement\":[{\"@type\":\"ListItem\",\"position\":1,\"name\":\"Accueil\",\"item\":\"https:\/\/guineediversite.com\/\"},{\"@type\":\"ListItem\",\"position\":2,\"name\":\"CAN 2019: Fran\u00e7ois Kamano, le jeune cadre de la Guin\u00e9e\"}]},{\"@type\":\"WebSite\",\"@id\":\"https:\/\/guineediversite.com\/#website\",\"url\":\"https:\/\/guineediversite.com\/\",\"name\":\"Guin\u00e9e Diversit\u00e9\",\"description\":\"L&#039;Info dans toute sa diversit\u00e9\",\"publisher\":{\"@id\":\"https:\/\/guineediversite.com\/#organization\"},\"potentialAction\":[{\"@type\":\"SearchAction\",\"target\":{\"@type\":\"EntryPoint\",\"urlTemplate\":\"https:\/\/guineediversite.com\/?s={search_term_string}\"},\"query-input\":{\"@type\":\"PropertyValueSpecification\",\"valueRequired\":true,\"valueName\":\"search_term_string\"}}],\"inLanguage\":\"fr-FR\"},{\"@type\":\"Organization\",\"@id\":\"https:\/\/guineediversite.com\/#organization\",\"name\":\"Guin\u00e9e Diversit\u00e9\",\"url\":\"https:\/\/guineediversite.com\/\",\"logo\":{\"@type\":\"ImageObject\",\"inLanguage\":\"fr-FR\",\"@id\":\"https:\/\/guineediversite.com\/#\/schema\/logo\/image\/\",\"url\":\"https:\/\/guineediversite.com\/wp-content\/uploads\/2017\/04\/cropped-1jojlxEOMkX9Wyqfhe43D6kjPOGqBBKmx3EwWJqZ0cMrFF54yM49.png\",\"contentUrl\":\"https:\/\/guineediversite.com\/wp-content\/uploads\/2017\/04\/cropped-1jojlxEOMkX9Wyqfhe43D6kjPOGqBBKmx3EwWJqZ0cMrFF54yM49.png\",\"width\":186,\"height\":112,\"caption\":\"Guin\u00e9e Diversit\u00e9\"},\"image\":{\"@id\":\"https:\/\/guineediversite.com\/#\/schema\/logo\/image\/\"},\"sameAs\":[\"https:\/\/www.facebook.com\/guineediversite\/\",\"https:\/\/x.com\/GuineeDiversite\",\"https:\/\/www.youtube.com\/channel\/UC8sUY16qelG5ge6_D5SB83g\"]},{\"@type\":\"Person\",\"@id\":\"https:\/\/guineediversite.com\/#\/schema\/person\/afa08fb34e7fc6e1feafc892612bc836\",\"name\":\"Guin\u00e9e Diversit\u00e9\",\"image\":{\"@type\":\"ImageObject\",\"inLanguage\":\"fr-FR\",\"@id\":\"https:\/\/guineediversite.com\/#\/schema\/person\/image\/\",\"url\":\"https:\/\/secure.gravatar.com\/avatar\/50d5eb5b390f8b65ac30ac6f898eb83a?s=96&d=mm&r=g\",\"contentUrl\":\"https:\/\/secure.gravatar.com\/avatar\/50d5eb5b390f8b65ac30ac6f898eb83a?s=96&d=mm&r=g\",\"caption\":\"Guin\u00e9e Diversit\u00e9\"},\"url\":\"https:\/\/guineediversite.com\/index.php\/author\/guineediversite\/\"}]}<\/script>\n<!-- \/ Yoast SEO plugin. -->","yoast_head_json":{"title":"CAN 2019: Fran\u00e7ois Kamano, le jeune cadre de la Guin\u00e9e | Guin\u00e9e Diversit\u00e9","robots":{"index":"index","follow":"follow","max-snippet":"max-snippet:-1","max-image-preview":"max-image-preview:large","max-video-preview":"max-video-preview:-1"},"canonical":"https:\/\/guineediversite.com\/index.php\/2019\/06\/21\/can-2019-francois-kamano-le-jeune-cadre-de-la-guinee\/","og_locale":"fr_FR","og_type":"article","og_title":"CAN 2019: Fran\u00e7ois Kamano, le jeune cadre de la Guin\u00e9e | Guin\u00e9e Diversit\u00e9","og_description":"L\u2019attaquant guin\u00e9en Fran\u00e7ois Kamano sera l&rsquo;un des principaux atouts du Sily national qui entre dans la comp\u00e9tition samedi 22 juin \u00e0 Alexandrie. Le jeune pensionnaire des Girondins de Bordeaux va vivre son deuxi\u00e8me tournoi continental apr\u00e8s celui de 2015 en Guin\u00e9e \u00e9quatoriale. Rencontre. La chaleur d\u2019Alexandrie reste supportable en cette fin d\u2019apr\u00e8s-midi. La Guin\u00e9e termine [&hellip;]","og_url":"https:\/\/guineediversite.com\/index.php\/2019\/06\/21\/can-2019-francois-kamano-le-jeune-cadre-de-la-guinee\/","og_site_name":"Guin\u00e9e Diversit\u00e9","article_publisher":"https:\/\/www.facebook.com\/guineediversite\/","article_published_time":"2019-06-21T13:04:32+00:00","og_image":[{"width":1024,"height":578,"url":"https:\/\/guineediversite.com\/wp-content\/uploads\/2019\/06\/6-kamano-nicolas-tucat-afp_0.jpg","type":"image\/jpeg"}],"author":"Guin\u00e9e Diversit\u00e9","twitter_card":"summary_large_image","twitter_creator":"@GuineeDiversite","twitter_site":"@GuineeDiversite","twitter_misc":{"\u00c9crit par":"Guin\u00e9e Diversit\u00e9","Dur\u00e9e de lecture estim\u00e9e":"3 minutes"},"schema":{"@context":"https:\/\/schema.org","@graph":[{"@type":"Article","@id":"https:\/\/guineediversite.com\/index.php\/2019\/06\/21\/can-2019-francois-kamano-le-jeune-cadre-de-la-guinee\/#article","isPartOf":{"@id":"https:\/\/guineediversite.com\/index.php\/2019\/06\/21\/can-2019-francois-kamano-le-jeune-cadre-de-la-guinee\/"},"author":{"name":"Guin\u00e9e Diversit\u00e9","@id":"https:\/\/guineediversite.com\/#\/schema\/person\/afa08fb34e7fc6e1feafc892612bc836"},"headline":"CAN 2019: Fran\u00e7ois Kamano, le jeune cadre de la Guin\u00e9e","datePublished":"2019-06-21T13:04:32+00:00","dateModified":"2019-06-21T13:04:32+00:00","mainEntityOfPage":{"@id":"https:\/\/guineediversite.com\/index.php\/2019\/06\/21\/can-2019-francois-kamano-le-jeune-cadre-de-la-guinee\/"},"wordCount":519,"publisher":{"@id":"https:\/\/guineediversite.com\/#organization"},"image":{"@id":"https:\/\/guineediversite.com\/index.php\/2019\/06\/21\/can-2019-francois-kamano-le-jeune-cadre-de-la-guinee\/#primaryimage"},"thumbnailUrl":"https:\/\/guineediversite.com\/wp-content\/uploads\/2019\/06\/6-kamano-nicolas-tucat-afp_0.jpg","articleSection":["Sport"],"inLanguage":"fr-FR"},{"@type":"WebPage","@id":"https:\/\/guineediversite.com\/index.php\/2019\/06\/21\/can-2019-francois-kamano-le-jeune-cadre-de-la-guinee\/","url":"https:\/\/guineediversite.com\/index.php\/2019\/06\/21\/can-2019-francois-kamano-le-jeune-cadre-de-la-guinee\/","name":"CAN 2019: Fran\u00e7ois Kamano, le jeune cadre de la Guin\u00e9e | Guin\u00e9e Diversit\u00e9","isPartOf":{"@id":"https:\/\/guineediversite.com\/#website"},"primaryImageOfPage":{"@id":"https:\/\/guineediversite.com\/index.php\/2019\/06\/21\/can-2019-francois-kamano-le-jeune-cadre-de-la-guinee\/#primaryimage"},"image":{"@id":"https:\/\/guineediversite.com\/index.php\/2019\/06\/21\/can-2019-francois-kamano-le-jeune-cadre-de-la-guinee\/#primaryimage"},"thumbnailUrl":"https:\/\/guineediversite.com\/wp-content\/uploads\/2019\/06\/6-kamano-nicolas-tucat-afp_0.jpg","datePublished":"2019-06-21T13:04:32+00:00","dateModified":"2019-06-21T13:04:32+00:00","breadcrumb":{"@id":"https:\/\/guineediversite.com\/index.php\/2019\/06\/21\/can-2019-francois-kamano-le-jeune-cadre-de-la-guinee\/#breadcrumb"},"inLanguage":"fr-FR","potentialAction":[{"@type":"ReadAction","target":["https:\/\/guineediversite.com\/index.php\/2019\/06\/21\/can-2019-francois-kamano-le-jeune-cadre-de-la-guinee\/"]}]},{"@type":"ImageObject","inLanguage":"fr-FR","@id":"https:\/\/guineediversite.com\/index.php\/2019\/06\/21\/can-2019-francois-kamano-le-jeune-cadre-de-la-guinee\/#primaryimage","url":"https:\/\/guineediversite.com\/wp-content\/uploads\/2019\/06\/6-kamano-nicolas-tucat-afp_0.jpg","contentUrl":"https:\/\/guineediversite.com\/wp-content\/uploads\/2019\/06\/6-kamano-nicolas-tucat-afp_0.jpg","width":1024,"height":578},{"@type":"BreadcrumbList","@id":"https:\/\/guineediversite.com\/index.php\/2019\/06\/21\/can-2019-francois-kamano-le-jeune-cadre-de-la-guinee\/#breadcrumb","itemListElement":[{"@type":"ListItem","position":1,"name":"Accueil","item":"https:\/\/guineediversite.com\/"},{"@type":"ListItem","position":2,"name":"CAN 2019: Fran\u00e7ois Kamano, le jeune cadre de la Guin\u00e9e"}]},{"@type":"WebSite","@id":"https:\/\/guineediversite.com\/#website","url":"https:\/\/guineediversite.com\/","name":"Guin\u00e9e Diversit\u00e9","description":"L&#039;Info dans toute sa diversit\u00e9","publisher":{"@id":"https:\/\/guineediversite.com\/#organization"},"potentialAction":[{"@type":"SearchAction","target":{"@type":"EntryPoint","urlTemplate":"https:\/\/guineediversite.com\/?s={search_term_string}"},"query-input":{"@type":"PropertyValueSpecification","valueRequired":true,"valueName":"search_term_string"}}],"inLanguage":"fr-FR"},{"@type":"Organization","@id":"https:\/\/guineediversite.com\/#organization","name":"Guin\u00e9e Diversit\u00e9","url":"https:\/\/guineediversite.com\/","logo":{"@type":"ImageObject","inLanguage":"fr-FR","@id":"https:\/\/guineediversite.com\/#\/schema\/logo\/image\/","url":"https:\/\/guineediversite.com\/wp-content\/uploads\/2017\/04\/cropped-1jojlxEOMkX9Wyqfhe43D6kjPOGqBBKmx3EwWJqZ0cMrFF54yM49.png","contentUrl":"https:\/\/guineediversite.com\/wp-content\/uploads\/2017\/04\/cropped-1jojlxEOMkX9Wyqfhe43D6kjPOGqBBKmx3EwWJqZ0cMrFF54yM49.png","width":186,"height":112,"caption":"Guin\u00e9e Diversit\u00e9"},"image":{"@id":"https:\/\/guineediversite.com\/#\/schema\/logo\/image\/"},"sameAs":["https:\/\/www.facebook.com\/guineediversite\/","https:\/\/x.com\/GuineeDiversite","https:\/\/www.youtube.com\/channel\/UC8sUY16qelG5ge6_D5SB83g"]},{"@type":"Person","@id":"https:\/\/guineediversite.com\/#\/schema\/person\/afa08fb34e7fc6e1feafc892612bc836","name":"Guin\u00e9e Diversit\u00e9","image":{"@type":"ImageObject","inLanguage":"fr-FR","@id":"https:\/\/guineediversite.com\/#\/schema\/person\/image\/","url":"https:\/\/secure.gravatar.com\/avatar\/50d5eb5b390f8b65ac30ac6f898eb83a?s=96&d=mm&r=g","contentUrl":"https:\/\/secure.gravatar.com\/avatar\/50d5eb5b390f8b65ac30ac6f898eb83a?s=96&d=mm&r=g","caption":"Guin\u00e9e Diversit\u00e9"},"url":"https:\/\/guineediversite.com\/index.php\/author\/guineediversite\/"}]}},"_links":{"self":[{"href":"https:\/\/guineediversite.com\/index.php\/wp-json\/wp\/v2\/posts\/28629"}],"collection":[{"href":"https:\/\/guineediversite.com\/index.php\/wp-json\/wp\/v2\/posts"}],"about":[{"href":"https:\/\/guineediversite.com\/index.php\/wp-json\/wp\/v2\/types\/post"}],"author":[{"embeddable":true,"href":"https:\/\/guineediversite.com\/index.php\/wp-json\/wp\/v2\/users\/12"}],"replies":[{"embeddable":true,"href":"https:\/\/guineediversite.com\/index.php\/wp-json\/wp\/v2\/comments?post=28629"}],"version-history":[{"count":0,"href":"https:\/\/guineediversite.com\/index.php\/wp-json\/wp\/v2\/posts\/28629\/revisions"}],"wp:featuredmedia":[{"embeddable":true,"href":"https:\/\/guineediversite.com\/index.php\/wp-json\/wp\/v2\/media\/28630"}],"wp:attachment":[{"href":"https:\/\/guineediversite.com\/index.php\/wp-json\/wp\/v2\/media?parent=28629"}],"wp:term":[{"taxonomy":"category","embeddable":true,"href":"https:\/\/guineediversite.com\/index.php\/wp-json\/wp\/v2\/categories?post=28629"},{"taxonomy":"post_tag","embeddable":true,"href":"https:\/\/guineediversite.com\/index.php\/wp-json\/wp\/v2\/tags?post=28629"}],"curies":[{"name":"wp","href":"https:\/\/api.w.org\/{rel}","templated":true}]}}