{"id":28626,"date":"2019-06-21T14:48:21","date_gmt":"2019-06-21T12:48:21","guid":{"rendered":"https:\/\/guineediversite.com\/?p=28626"},"modified":"2019-06-21T14:48:21","modified_gmt":"2019-06-21T12:48:21","slug":"algerie-plusieurs-arrestations-au-18e-vendredi-de-manifestations","status":"publish","type":"post","link":"https:\/\/guineediversite.com\/index.php\/2019\/06\/21\/algerie-plusieurs-arrestations-au-18e-vendredi-de-manifestations\/","title":{"rendered":"Alg\u00e9rie: plusieurs arrestations au 18e vendredi de manifestations"},"content":{"rendered":"<p>Plusieurs arrestations ont \u00e9t\u00e9 effectu\u00e9es par la police vendredi 21 juin \u00e0 Alger, aux abords de la Grande Poste, point de ralliement de la grande manifestation hebdomadaire contre le r\u00e9gime.<\/p>\n<p>Une vingtaine d\u2019hommes, essentiellement des jeunes, ont \u00e9t\u00e9 interpell\u00e9s par les nombreux policiers en civil ou en tenue, d\u00e9ploy\u00e9s dans les rues autour de la Grande Poste, dans le centre de la capitale alg\u00e9rienne. Les personnes interpell\u00e9es ne portaient ni drapeaux ni pancartes.<\/p>\n<p>Les policiers ont r\u00e9cup\u00e9r\u00e9 les pi\u00e8ces d\u2019identit\u00e9 et les portables, avant de les fouiller et de les faire monter dans des fourgons. Des t\u00e9moins ont fait \u00e9tat d\u2019interpellations dans les rues adjacentes d\u00e8s 6h du matin. Deux fourgons pleins ont d\u00e9j\u00e0 quitt\u00e9 les lieux en d\u00e9but de matin\u00e9e en direction de postes de police et d\u2019autres v\u00e9hicules les ont remplac\u00e9s.<\/p>\n<p>Durant plusieurs vendredis, la police a proc\u00e9d\u00e9 \u00e0 des arrestations matinales avant de rel\u00e2cher les manifestants en fin de journ\u00e9e \u00e0 plusieurs kilom\u00e8tres du centre de la capitale.<\/p>\n<p><strong>Changement de syst\u00e8me<\/strong><\/p>\n<p>Depuis le 22 f\u00e9vrier, les Alg\u00e9riens sortent chaque vendredi massivement dans les rues, notamment \u00e0 Alger, pour r\u00e9clamer un changement du \u00ab\u00a0syst\u00e8me\u00a0\u00bb politique en Alg\u00e9rie.<\/p>\n<p>Les manifestations, pourtant strictement et totalement interdites dans la capitale depuis 2001, ont \u00e9t\u00e9 jusqu\u2019ici largement tol\u00e9r\u00e9es par la police, d\u00e9bord\u00e9e par le nombre et qui se contente habituellement de contenir le d\u00e9fil\u00e9 dans un p\u00e9rim\u00e8tre d\u00e9fini.<\/p>\n<p>Les forces de l\u2019ordre ont re\u00e7u des consignes afin de s\u2019assurer qu\u2019aucun autre drapeau que \u00ab\u00a0l\u2019embl\u00e8me national\u00a0\u00bb ne sera brandi dans les manifestations, avait annonc\u00e9 mercredi le chef d\u2019\u00e9tat-major de l\u2019arm\u00e9e Ahmed Ga\u00efd Salah, v\u00e9ritable homme fort du pays, en allusion au drapeau berb\u00e8re tr\u00e8s pr\u00e9sent dans les d\u00e9fil\u00e9s.<\/p>\n<p>(<em>Avec AFP<\/em>)<\/p>\n","protected":false},"excerpt":{"rendered":"<p>Plusieurs arrestations ont \u00e9t\u00e9 effectu\u00e9es par la police vendredi 21 juin \u00e0 Alger, aux abords de la Grande Poste, point de ralliement de la grande manifestation hebdomadaire contre le r\u00e9gime. Une vingtaine d\u2019hommes, essentiellement des jeunes, ont \u00e9t\u00e9 interpell\u00e9s par les nombreux policiers en civil ou en tenue, d\u00e9ploy\u00e9s dans les rues autour de la [&hellip;]<\/p>\n","protected":false},"author":7,"featured_media":28627,"comment_status":"closed","ping_status":"closed","sticky":false,"template":"","format":"standard","meta":{"_exactmetrics_skip_tracking":false,"_exactmetrics_sitenote_active":false,"_exactmetrics_sitenote_note":"","_exactmetrics_sitenote_category":0,"tdm_status":"","tdm_grid_status":"","footnotes":""},"categories":[21],"tags":[],"class_list":{"0":"post-28626","1":"post","2":"type-post","3":"status-publish","4":"format-standard","5":"has-post-thumbnail","7":"category-international"},"yoast_head":"<!-- This site is optimized with the Yoast SEO plugin v24.2 - https:\/\/yoast.com\/wordpress\/plugins\/seo\/ -->\n<title>Alg\u00e9rie: plusieurs arrestations au 18e vendredi de manifestations | Guin\u00e9e Diversit\u00e9<\/title>\n<meta name=\"robots\" content=\"index, follow, max-snippet:-1, max-image-preview:large, max-video-preview:-1\" \/>\n<link rel=\"canonical\" href=\"https:\/\/guineediversite.com\/index.php\/2019\/06\/21\/algerie-plusieurs-arrestations-au-18e-vendredi-de-manifestations\/\" \/>\n<meta property=\"og:locale\" content=\"fr_FR\" \/>\n<meta property=\"og:type\" content=\"article\" \/>\n<meta property=\"og:title\" content=\"Alg\u00e9rie: plusieurs arrestations au 18e vendredi de manifestations | Guin\u00e9e Diversit\u00e9\" \/>\n<meta property=\"og:description\" content=\"Plusieurs arrestations ont \u00e9t\u00e9 effectu\u00e9es par la police vendredi 21 juin \u00e0 Alger, aux abords de la Grande Poste, point de ralliement de la grande manifestation hebdomadaire contre le r\u00e9gime. Une vingtaine d\u2019hommes, essentiellement des jeunes, ont \u00e9t\u00e9 interpell\u00e9s par les nombreux policiers en civil ou en tenue, d\u00e9ploy\u00e9s dans les rues autour de la [&hellip;]\" \/>\n<meta property=\"og:url\" content=\"https:\/\/guineediversite.com\/index.php\/2019\/06\/21\/algerie-plusieurs-arrestations-au-18e-vendredi-de-manifestations\/\" \/>\n<meta property=\"og:site_name\" content=\"Guin\u00e9e Diversit\u00e9\" \/>\n<meta property=\"article:publisher\" content=\"https:\/\/www.facebook.com\/guineediversite\/\" \/>\n<meta property=\"article:published_time\" content=\"2019-06-21T12:48:21+00:00\" \/>\n<meta property=\"og:image\" content=\"https:\/\/guineediversite.com\/wp-content\/uploads\/2019\/06\/000_1hi5ve_0.jpg\" \/>\n\t<meta property=\"og:image:width\" content=\"1024\" \/>\n\t<meta property=\"og:image:height\" content=\"578\" \/>\n\t<meta property=\"og:image:type\" content=\"image\/jpeg\" \/>\n<meta name=\"author\" content=\"Bilguissa Diallo\" \/>\n<meta name=\"twitter:card\" content=\"summary_large_image\" \/>\n<meta name=\"twitter:creator\" content=\"@GuineeDiversite\" \/>\n<meta name=\"twitter:site\" content=\"@GuineeDiversite\" \/>\n<meta name=\"twitter:label1\" content=\"\u00c9crit par\" \/>\n\t<meta name=\"twitter:data1\" content=\"Bilguissa Diallo\" \/>\n\t<meta name=\"twitter:label2\" content=\"Dur\u00e9e de lecture estim\u00e9e\" \/>\n\t<meta name=\"twitter:data2\" content=\"2 minutes\" \/>\n<script type=\"application\/ld+json\" class=\"yoast-schema-graph\">{\"@context\":\"https:\/\/schema.org\",\"@graph\":[{\"@type\":\"Article\",\"@id\":\"https:\/\/guineediversite.com\/index.php\/2019\/06\/21\/algerie-plusieurs-arrestations-au-18e-vendredi-de-manifestations\/#article\",\"isPartOf\":{\"@id\":\"https:\/\/guineediversite.com\/index.php\/2019\/06\/21\/algerie-plusieurs-arrestations-au-18e-vendredi-de-manifestations\/\"},\"author\":{\"name\":\"Bilguissa Diallo\",\"@id\":\"https:\/\/guineediversite.com\/#\/schema\/person\/0e0e3e424768a50d025ac2218ccca73f\"},\"headline\":\"Alg\u00e9rie: plusieurs arrestations au 18e vendredi de manifestations\",\"datePublished\":\"2019-06-21T12:48:21+00:00\",\"dateModified\":\"2019-06-21T12:48:21+00:00\",\"mainEntityOfPage\":{\"@id\":\"https:\/\/guineediversite.com\/index.php\/2019\/06\/21\/algerie-plusieurs-arrestations-au-18e-vendredi-de-manifestations\/\"},\"wordCount\":335,\"publisher\":{\"@id\":\"https:\/\/guineediversite.com\/#organization\"},\"image\":{\"@id\":\"https:\/\/guineediversite.com\/index.php\/2019\/06\/21\/algerie-plusieurs-arrestations-au-18e-vendredi-de-manifestations\/#primaryimage\"},\"thumbnailUrl\":\"https:\/\/guineediversite.com\/wp-content\/uploads\/2019\/06\/000_1hi5ve_0.jpg\",\"articleSection\":[\"International\"],\"inLanguage\":\"fr-FR\"},{\"@type\":\"WebPage\",\"@id\":\"https:\/\/guineediversite.com\/index.php\/2019\/06\/21\/algerie-plusieurs-arrestations-au-18e-vendredi-de-manifestations\/\",\"url\":\"https:\/\/guineediversite.com\/index.php\/2019\/06\/21\/algerie-plusieurs-arrestations-au-18e-vendredi-de-manifestations\/\",\"name\":\"Alg\u00e9rie: plusieurs arrestations au 18e vendredi de manifestations | Guin\u00e9e Diversit\u00e9\",\"isPartOf\":{\"@id\":\"https:\/\/guineediversite.com\/#website\"},\"primaryImageOfPage\":{\"@id\":\"https:\/\/guineediversite.com\/index.php\/2019\/06\/21\/algerie-plusieurs-arrestations-au-18e-vendredi-de-manifestations\/#primaryimage\"},\"image\":{\"@id\":\"https:\/\/guineediversite.com\/index.php\/2019\/06\/21\/algerie-plusieurs-arrestations-au-18e-vendredi-de-manifestations\/#primaryimage\"},\"thumbnailUrl\":\"https:\/\/guineediversite.com\/wp-content\/uploads\/2019\/06\/000_1hi5ve_0.jpg\",\"datePublished\":\"2019-06-21T12:48:21+00:00\",\"dateModified\":\"2019-06-21T12:48:21+00:00\",\"breadcrumb\":{\"@id\":\"https:\/\/guineediversite.com\/index.php\/2019\/06\/21\/algerie-plusieurs-arrestations-au-18e-vendredi-de-manifestations\/#breadcrumb\"},\"inLanguage\":\"fr-FR\",\"potentialAction\":[{\"@type\":\"ReadAction\",\"target\":[\"https:\/\/guineediversite.com\/index.php\/2019\/06\/21\/algerie-plusieurs-arrestations-au-18e-vendredi-de-manifestations\/\"]}]},{\"@type\":\"ImageObject\",\"inLanguage\":\"fr-FR\",\"@id\":\"https:\/\/guineediversite.com\/index.php\/2019\/06\/21\/algerie-plusieurs-arrestations-au-18e-vendredi-de-manifestations\/#primaryimage\",\"url\":\"https:\/\/guineediversite.com\/wp-content\/uploads\/2019\/06\/000_1hi5ve_0.jpg\",\"contentUrl\":\"https:\/\/guineediversite.com\/wp-content\/uploads\/2019\/06\/000_1hi5ve_0.jpg\",\"width\":1024,\"height\":578},{\"@type\":\"BreadcrumbList\",\"@id\":\"https:\/\/guineediversite.com\/index.php\/2019\/06\/21\/algerie-plusieurs-arrestations-au-18e-vendredi-de-manifestations\/#breadcrumb\",\"itemListElement\":[{\"@type\":\"ListItem\",\"position\":1,\"name\":\"Accueil\",\"item\":\"https:\/\/guineediversite.com\/\"},{\"@type\":\"ListItem\",\"position\":2,\"name\":\"Alg\u00e9rie: plusieurs arrestations au 18e vendredi de manifestations\"}]},{\"@type\":\"WebSite\",\"@id\":\"https:\/\/guineediversite.com\/#website\",\"url\":\"https:\/\/guineediversite.com\/\",\"name\":\"Guin\u00e9e Diversit\u00e9\",\"description\":\"L&#039;Info dans toute sa diversit\u00e9\",\"publisher\":{\"@id\":\"https:\/\/guineediversite.com\/#organization\"},\"potentialAction\":[{\"@type\":\"SearchAction\",\"target\":{\"@type\":\"EntryPoint\",\"urlTemplate\":\"https:\/\/guineediversite.com\/?s={search_term_string}\"},\"query-input\":{\"@type\":\"PropertyValueSpecification\",\"valueRequired\":true,\"valueName\":\"search_term_string\"}}],\"inLanguage\":\"fr-FR\"},{\"@type\":\"Organization\",\"@id\":\"https:\/\/guineediversite.com\/#organization\",\"name\":\"Guin\u00e9e Diversit\u00e9\",\"url\":\"https:\/\/guineediversite.com\/\",\"logo\":{\"@type\":\"ImageObject\",\"inLanguage\":\"fr-FR\",\"@id\":\"https:\/\/guineediversite.com\/#\/schema\/logo\/image\/\",\"url\":\"https:\/\/guineediversite.com\/wp-content\/uploads\/2017\/04\/cropped-1jojlxEOMkX9Wyqfhe43D6kjPOGqBBKmx3EwWJqZ0cMrFF54yM49.png\",\"contentUrl\":\"https:\/\/guineediversite.com\/wp-content\/uploads\/2017\/04\/cropped-1jojlxEOMkX9Wyqfhe43D6kjPOGqBBKmx3EwWJqZ0cMrFF54yM49.png\",\"width\":186,\"height\":112,\"caption\":\"Guin\u00e9e Diversit\u00e9\"},\"image\":{\"@id\":\"https:\/\/guineediversite.com\/#\/schema\/logo\/image\/\"},\"sameAs\":[\"https:\/\/www.facebook.com\/guineediversite\/\",\"https:\/\/x.com\/GuineeDiversite\",\"https:\/\/www.youtube.com\/channel\/UC8sUY16qelG5ge6_D5SB83g\"]},{\"@type\":\"Person\",\"@id\":\"https:\/\/guineediversite.com\/#\/schema\/person\/0e0e3e424768a50d025ac2218ccca73f\",\"name\":\"Bilguissa Diallo\",\"image\":{\"@type\":\"ImageObject\",\"inLanguage\":\"fr-FR\",\"@id\":\"https:\/\/guineediversite.com\/#\/schema\/person\/image\/\",\"url\":\"https:\/\/secure.gravatar.com\/avatar\/49bbbd2420ee34d62b1b191791f4b5df?s=96&d=mm&r=g\",\"contentUrl\":\"https:\/\/secure.gravatar.com\/avatar\/49bbbd2420ee34d62b1b191791f4b5df?s=96&d=mm&r=g\",\"caption\":\"Bilguissa Diallo\"},\"url\":\"https:\/\/guineediversite.com\/index.php\/author\/bilguissa\/\"}]}<\/script>\n<!-- \/ Yoast SEO plugin. -->","yoast_head_json":{"title":"Alg\u00e9rie: plusieurs arrestations au 18e vendredi de manifestations | Guin\u00e9e Diversit\u00e9","robots":{"index":"index","follow":"follow","max-snippet":"max-snippet:-1","max-image-preview":"max-image-preview:large","max-video-preview":"max-video-preview:-1"},"canonical":"https:\/\/guineediversite.com\/index.php\/2019\/06\/21\/algerie-plusieurs-arrestations-au-18e-vendredi-de-manifestations\/","og_locale":"fr_FR","og_type":"article","og_title":"Alg\u00e9rie: plusieurs arrestations au 18e vendredi de manifestations | Guin\u00e9e Diversit\u00e9","og_description":"Plusieurs arrestations ont \u00e9t\u00e9 effectu\u00e9es par la police vendredi 21 juin \u00e0 Alger, aux abords de la Grande Poste, point de ralliement de la grande manifestation hebdomadaire contre le r\u00e9gime. Une vingtaine d\u2019hommes, essentiellement des jeunes, ont \u00e9t\u00e9 interpell\u00e9s par les nombreux policiers en civil ou en tenue, d\u00e9ploy\u00e9s dans les rues autour de la [&hellip;]","og_url":"https:\/\/guineediversite.com\/index.php\/2019\/06\/21\/algerie-plusieurs-arrestations-au-18e-vendredi-de-manifestations\/","og_site_name":"Guin\u00e9e Diversit\u00e9","article_publisher":"https:\/\/www.facebook.com\/guineediversite\/","article_published_time":"2019-06-21T12:48:21+00:00","og_image":[{"width":1024,"height":578,"url":"https:\/\/guineediversite.com\/wp-content\/uploads\/2019\/06\/000_1hi5ve_0.jpg","type":"image\/jpeg"}],"author":"Bilguissa Diallo","twitter_card":"summary_large_image","twitter_creator":"@GuineeDiversite","twitter_site":"@GuineeDiversite","twitter_misc":{"\u00c9crit par":"Bilguissa Diallo","Dur\u00e9e de lecture estim\u00e9e":"2 minutes"},"schema":{"@context":"https:\/\/schema.org","@graph":[{"@type":"Article","@id":"https:\/\/guineediversite.com\/index.php\/2019\/06\/21\/algerie-plusieurs-arrestations-au-18e-vendredi-de-manifestations\/#article","isPartOf":{"@id":"https:\/\/guineediversite.com\/index.php\/2019\/06\/21\/algerie-plusieurs-arrestations-au-18e-vendredi-de-manifestations\/"},"author":{"name":"Bilguissa Diallo","@id":"https:\/\/guineediversite.com\/#\/schema\/person\/0e0e3e424768a50d025ac2218ccca73f"},"headline":"Alg\u00e9rie: plusieurs arrestations au 18e vendredi de manifestations","datePublished":"2019-06-21T12:48:21+00:00","dateModified":"2019-06-21T12:48:21+00:00","mainEntityOfPage":{"@id":"https:\/\/guineediversite.com\/index.php\/2019\/06\/21\/algerie-plusieurs-arrestations-au-18e-vendredi-de-manifestations\/"},"wordCount":335,"publisher":{"@id":"https:\/\/guineediversite.com\/#organization"},"image":{"@id":"https:\/\/guineediversite.com\/index.php\/2019\/06\/21\/algerie-plusieurs-arrestations-au-18e-vendredi-de-manifestations\/#primaryimage"},"thumbnailUrl":"https:\/\/guineediversite.com\/wp-content\/uploads\/2019\/06\/000_1hi5ve_0.jpg","articleSection":["International"],"inLanguage":"fr-FR"},{"@type":"WebPage","@id":"https:\/\/guineediversite.com\/index.php\/2019\/06\/21\/algerie-plusieurs-arrestations-au-18e-vendredi-de-manifestations\/","url":"https:\/\/guineediversite.com\/index.php\/2019\/06\/21\/algerie-plusieurs-arrestations-au-18e-vendredi-de-manifestations\/","name":"Alg\u00e9rie: plusieurs arrestations au 18e vendredi de manifestations | Guin\u00e9e Diversit\u00e9","isPartOf":{"@id":"https:\/\/guineediversite.com\/#website"},"primaryImageOfPage":{"@id":"https:\/\/guineediversite.com\/index.php\/2019\/06\/21\/algerie-plusieurs-arrestations-au-18e-vendredi-de-manifestations\/#primaryimage"},"image":{"@id":"https:\/\/guineediversite.com\/index.php\/2019\/06\/21\/algerie-plusieurs-arrestations-au-18e-vendredi-de-manifestations\/#primaryimage"},"thumbnailUrl":"https:\/\/guineediversite.com\/wp-content\/uploads\/2019\/06\/000_1hi5ve_0.jpg","datePublished":"2019-06-21T12:48:21+00:00","dateModified":"2019-06-21T12:48:21+00:00","breadcrumb":{"@id":"https:\/\/guineediversite.com\/index.php\/2019\/06\/21\/algerie-plusieurs-arrestations-au-18e-vendredi-de-manifestations\/#breadcrumb"},"inLanguage":"fr-FR","potentialAction":[{"@type":"ReadAction","target":["https:\/\/guineediversite.com\/index.php\/2019\/06\/21\/algerie-plusieurs-arrestations-au-18e-vendredi-de-manifestations\/"]}]},{"@type":"ImageObject","inLanguage":"fr-FR","@id":"https:\/\/guineediversite.com\/index.php\/2019\/06\/21\/algerie-plusieurs-arrestations-au-18e-vendredi-de-manifestations\/#primaryimage","url":"https:\/\/guineediversite.com\/wp-content\/uploads\/2019\/06\/000_1hi5ve_0.jpg","contentUrl":"https:\/\/guineediversite.com\/wp-content\/uploads\/2019\/06\/000_1hi5ve_0.jpg","width":1024,"height":578},{"@type":"BreadcrumbList","@id":"https:\/\/guineediversite.com\/index.php\/2019\/06\/21\/algerie-plusieurs-arrestations-au-18e-vendredi-de-manifestations\/#breadcrumb","itemListElement":[{"@type":"ListItem","position":1,"name":"Accueil","item":"https:\/\/guineediversite.com\/"},{"@type":"ListItem","position":2,"name":"Alg\u00e9rie: plusieurs arrestations au 18e vendredi de manifestations"}]},{"@type":"WebSite","@id":"https:\/\/guineediversite.com\/#website","url":"https:\/\/guineediversite.com\/","name":"Guin\u00e9e Diversit\u00e9","description":"L&#039;Info dans toute sa diversit\u00e9","publisher":{"@id":"https:\/\/guineediversite.com\/#organization"},"potentialAction":[{"@type":"SearchAction","target":{"@type":"EntryPoint","urlTemplate":"https:\/\/guineediversite.com\/?s={search_term_string}"},"query-input":{"@type":"PropertyValueSpecification","valueRequired":true,"valueName":"search_term_string"}}],"inLanguage":"fr-FR"},{"@type":"Organization","@id":"https:\/\/guineediversite.com\/#organization","name":"Guin\u00e9e Diversit\u00e9","url":"https:\/\/guineediversite.com\/","logo":{"@type":"ImageObject","inLanguage":"fr-FR","@id":"https:\/\/guineediversite.com\/#\/schema\/logo\/image\/","url":"https:\/\/guineediversite.com\/wp-content\/uploads\/2017\/04\/cropped-1jojlxEOMkX9Wyqfhe43D6kjPOGqBBKmx3EwWJqZ0cMrFF54yM49.png","contentUrl":"https:\/\/guineediversite.com\/wp-content\/uploads\/2017\/04\/cropped-1jojlxEOMkX9Wyqfhe43D6kjPOGqBBKmx3EwWJqZ0cMrFF54yM49.png","width":186,"height":112,"caption":"Guin\u00e9e Diversit\u00e9"},"image":{"@id":"https:\/\/guineediversite.com\/#\/schema\/logo\/image\/"},"sameAs":["https:\/\/www.facebook.com\/guineediversite\/","https:\/\/x.com\/GuineeDiversite","https:\/\/www.youtube.com\/channel\/UC8sUY16qelG5ge6_D5SB83g"]},{"@type":"Person","@id":"https:\/\/guineediversite.com\/#\/schema\/person\/0e0e3e424768a50d025ac2218ccca73f","name":"Bilguissa Diallo","image":{"@type":"ImageObject","inLanguage":"fr-FR","@id":"https:\/\/guineediversite.com\/#\/schema\/person\/image\/","url":"https:\/\/secure.gravatar.com\/avatar\/49bbbd2420ee34d62b1b191791f4b5df?s=96&d=mm&r=g","contentUrl":"https:\/\/secure.gravatar.com\/avatar\/49bbbd2420ee34d62b1b191791f4b5df?s=96&d=mm&r=g","caption":"Bilguissa Diallo"},"url":"https:\/\/guineediversite.com\/index.php\/author\/bilguissa\/"}]}},"_links":{"self":[{"href":"https:\/\/guineediversite.com\/index.php\/wp-json\/wp\/v2\/posts\/28626"}],"collection":[{"href":"https:\/\/guineediversite.com\/index.php\/wp-json\/wp\/v2\/posts"}],"about":[{"href":"https:\/\/guineediversite.com\/index.php\/wp-json\/wp\/v2\/types\/post"}],"author":[{"embeddable":true,"href":"https:\/\/guineediversite.com\/index.php\/wp-json\/wp\/v2\/users\/7"}],"replies":[{"embeddable":true,"href":"https:\/\/guineediversite.com\/index.php\/wp-json\/wp\/v2\/comments?post=28626"}],"version-history":[{"count":0,"href":"https:\/\/guineediversite.com\/index.php\/wp-json\/wp\/v2\/posts\/28626\/revisions"}],"wp:featuredmedia":[{"embeddable":true,"href":"https:\/\/guineediversite.com\/index.php\/wp-json\/wp\/v2\/media\/28627"}],"wp:attachment":[{"href":"https:\/\/guineediversite.com\/index.php\/wp-json\/wp\/v2\/media?parent=28626"}],"wp:term":[{"taxonomy":"category","embeddable":true,"href":"https:\/\/guineediversite.com\/index.php\/wp-json\/wp\/v2\/categories?post=28626"},{"taxonomy":"post_tag","embeddable":true,"href":"https:\/\/guineediversite.com\/index.php\/wp-json\/wp\/v2\/tags?post=28626"}],"curies":[{"name":"wp","href":"https:\/\/api.w.org\/{rel}","templated":true}]}}