{"id":28615,"date":"2019-06-20T14:00:06","date_gmt":"2019-06-20T12:00:06","guid":{"rendered":"https:\/\/guineediversite.com\/?p=28615"},"modified":"2019-06-20T14:00:06","modified_gmt":"2019-06-20T12:00:06","slug":"organisation-de-la-can-2019-lheure-de-verite-pour-la-caf-et-legypte","status":"publish","type":"post","link":"https:\/\/guineediversite.com\/index.php\/2019\/06\/20\/organisation-de-la-can-2019-lheure-de-verite-pour-la-caf-et-legypte\/","title":{"rendered":"Organisation de la CAN 2019: l\u2019heure de v\u00e9rit\u00e9 pour la CAF et l\u2019\u00c9gypte"},"content":{"rendered":"<p>La phase finale de la Coupe d\u2019Afrique des nations 2019 va se d\u00e9rouler du 21 juin au 19 juillet en \u00c9gypte. Cette CAN 2019 devait initialement se disputer au Cameroun, en janvier-f\u00e9vrier, et avec seize \u00e9quipes. Mais, en l\u2019espace de cinq ans, l\u2019organisation de ce tournoi a connu bien des vicissitudes et des bouleversements. \u00ab\u00a0<em>Tout est pr\u00eat<\/em>\u00a0\u00bb, a cependant assur\u00e9 le patron de la Conf\u00e9d\u00e9ration africaine de football, le Malgache Ahmad, \u00e0 la veille du coup d\u2019envoi.<\/p>\n<p>\u00ab\u00a0<em>Je me sens heureux parce que la famille du foot africain se retrouve ici aujourd\u2019hui pour cette premi\u00e8re Coupe d\u2019Afrique des nations \u00e0 24.<\/em>\u00a0\u00bb Dans une salle bond\u00e9e, le pr\u00e9sident de la Conf\u00e9d\u00e9ration africaine de football (CAF) affiche sa d\u00e9contraction \u00e0 24 heures du coup d\u2019envoi de la CAN 2019. \u00ab\u00a0<em>Nous avons relev\u00e9 ce challenge de changer <\/em>[de format et de p\u00e9riode, Ndlr] <em>d\u00e8s 2019, tous ensemble<\/em>, lance Ahmad, en introduction d\u2019une conf\u00e9rence de presse, ce 20 juin au Caire. <em>Le chemin a \u00e9t\u00e9 long et parsem\u00e9 d\u2019embuches voulues ou pas voulues<\/em>\u00a0\u00bb.<\/p>\n<p>Le Malgache assure\u00a0: \u00ab\u00a0<em>Je pense que tout est pr\u00eat pour l\u2019organisation de cette Coupe d\u2019Afrique des nations \u00e0 24 \u00e9quipes.<\/em>\u00a0\u00bb Cette 32e \u00e9dition a pourtant connu bien des vicissitudes. Rembobinons.<\/p>\n<p><strong>Un hommage \u00e0 Issa Hayatou<\/strong><\/p>\n<div id=\"teads-4672148262603453\"><\/div>\n<p>Le 20 septembre 2014, le gouvernement du foot africain, le Comit\u00e9 ex\u00e9cutif (ComEx) de la CAF, r\u00e9serve quelques grosses surprises aux amateurs de ballon rond. Ce jour-l\u00e0, le ComEx d\u00e9cide en effet d\u2019attribuer l\u2019organisation respective des Coupes d\u2019Afrique des nations 2019, 2021 et 2023 au Cameroun, \u00e0 la C\u00f4te d\u2019Ivoire et \u00e0 la Guin\u00e9e.<\/p>\n<p>Le pays de Paul Biya, superpuissance sur les pelouses, ne brille en revanche pas par sa capacit\u00e9 \u00e0 accueillir les grands \u00e9v\u00e9nements sportifs. Pour preuve, la derni\u00e8re CAN camerounaise remonte \u00e0 1972.<\/p>\n<p>Mais le Cameroun compte un s\u00e9rieux atout\u00a0: le pr\u00e9sident de la CAF. Le Camerounais Issa Hayatou r\u00eave d\u2019achever son ultime mandat par un tournoi sur ses terres. Quelques ann\u00e9es plus tard, certains de ses proches admettront d\u2019ailleurs que confier la CAN 2019 aux autorit\u00e9s camerounaises \u00e9tait aussi un peu un hommage rendu \u00e0 l\u2019omnipotent patron du foot continental. Un peu comme l\u2019Euro 2016 attribu\u00e9 \u00e0 la France par la conf\u00e9d\u00e9ration europ\u00e9enne (UEFA), en cadeau \u00e0 Michel Platini, alors pr\u00e9sident de l\u2019UEFA.<\/p>\n<p><strong>La victoire d\u2019Ahmad a tout chang\u00e9<\/strong><\/p>\n<p>Seulement voil\u00e0, un vent de r\u00e9volte commence \u00e0 souffler \u00e0 la CAF. Issa Hayatou est au pouvoir depuis 1988 et certains en ont assez. Sous le regard bienveillant de la F\u00e9d\u00e9ration internationale de football (FIFA), Ahmad vient d\u00e9tr\u00f4ner le vieux \u00ab\u00a0Lion\u00a0\u00bb de Garoua, lors de l\u2019\u00e9lection pr\u00e9sidentielle de mars 2017 \u00e0 Addis-Abeba.<\/p>\n<p>Le nouveau chef a l\u2019ambition de tout changer. Et il n\u2019a aucun tabou. Y compris au sujet de la Coupe d\u2019Afrique des nations, la poule aux \u0153ufs d\u2019or de la CAF. En juillet 2017, au Maroc, \u00e0 l\u2019issue d\u2019un symposium, l\u2019instance fa\u00eeti\u00e8re du foot africain estime que la CAN doit d\u00e9sormais se disputer en juin-juillet plut\u00f4t qu\u2019en janvier-f\u00e9vrier, et avec davantage d\u2019\u00e9quipes (24 au lieu de 16).<\/p>\n<p>Mis devant le fait accompli, les dirigeants camerounais d\u00e9cident toutefois de relever le d\u00e9fi. Le climat n\u2019est pourtant pas au beau fixe avec la CAF. \u00c0 plusieurs reprises, Ahmad exprime ses doutes quant \u00e0 la capacit\u00e9 du Cameroun \u00e0 organiser la CAN 2019, y compris avec seulement 16 participants.<\/p>\n<p><strong>Des \u00c9gyptiens opportunistes\u2026<\/strong><\/p>\n<p>Le 30 novembre 2018, apr\u00e8s plusieurs mois de discussions, de sp\u00e9culations, de tensions et de visites d\u2019inspection, la sentence tombe\u00a0: la phase finale n\u2019aura pas lieu chez les \u00ab\u00a0Lions Indomptables\u00a0\u00bb. Tr\u00e8s vite, la CAF propose au Cameroun, champion d\u2019Afrique en titre, de se consoler avec la tenue de la CAN 2021.<\/p>\n<p>Reste la grande question\u00a0: o\u00f9 va avoir lieu l\u2019\u00e9dition 2019\u00a0? Le Maroc, candidat-malheureux \u00e0 l\u2019organisation de la Coupe du monde 2026 et tr\u00e8s influent au sein de la CAF, semble \u00eatre un recours id\u00e9al. Mais le pouvoir marocain n\u2019a pas les m\u00eames ambitions que sa F\u00e9d\u00e9ration de football\u00a0: il souhaite offrir les meilleurs \u00ab\u00a0jeux olympiques de l\u2019Afrique\u00a0\u00bb de l\u2019histoire. Des Jeux Africains 2019 (19-31 ao\u00fbt) pr\u00e9vus seulement quelques semaines apr\u00e8s la CAN.<\/p>\n<p>Le Maroc n\u2019\u00e9tant pas postulant, l\u2019\u00c9gypte s\u2019engouffre dans la br\u00e8che. Les \u00c9gyptiens n\u2019ont alors aucun mal \u00e0 \u00eatre choisis par la CAF comme rempla\u00e7ants, face \u00e0 leur seul adversaire\u00a0: une Afrique du Sud ayant d\u00e9pos\u00e9 un dossier faiblard.<\/p>\n<p><strong>\u2026<\/strong>\u00a0<strong>et ambitieux<\/strong><\/p>\n<p>Nous sommes le 8 janvier 2019 et il reste \u00e0 peine moins de six mois \u00e0 l\u2019\u00c9gypte pour r\u00e9ussir son pari. Les autorit\u00e9s locales ne l\u00e9sinent pas sur les moyens. Elles promettent de mettre en place un syst\u00e8me de badges (FAN ID) pour les supporters, sur le m\u00eame mod\u00e8le que celui utilis\u00e9 lors de la Coupe du monde 2018 en Russie. Elles comptent d\u00e9ployer 7\u00a0000 volontaires et des forces de l\u2019ordre par dizaine de milliers.<\/p>\n<p>\u00c0 la CAF, le comit\u00e9 d\u2019organisation (COCAN) propose une dizaine de grands stades et 24 terrains d\u2019entra\u00eenement (un par \u00e9quipe participante). La Conf\u00e9d\u00e9ration africaine de football retient quatre villes (Le Caire, Alexandrie, Isma\u00eflia et Suez) et six enceintes pour les matchs.<\/p>\n<p><strong>\u00c0 (RE)LIRE \u25ba <a href=\"http:\/\/afriquefoot.rfi.fr\/20190405-can-2019-calendrier-resultats-classements-coupe-afrique-nations-egypte\" target=\"_blank\" rel=\"noopener\">CAN 2019 : Calendrier, r\u00e9sultats et classements de la Coupe d&rsquo;Afrique<\/a><\/strong><\/p>\n<p><strong>L\u2019heure de v\u00e9rit\u00e9<\/strong><\/p>\n<p>Malgr\u00e9 leurs nombreuses infrastructures \u2013\u00a0transports, routes, h\u00f4tels, stades\u00a0\u2013 les \u00c9gyptiens courent n\u00e9anmoins apr\u00e8s le temps. Des entreprises britanniques sont charg\u00e9es de refaire les pelouses pour que le spectacle soit \u00e0 la hauteur. Le COCAN et la CAF travaillent nuit et jour pour justifier trois d\u00e9cisions cruciales\u00a0: r\u00e9volutionner la CAN, le faire d\u00e8s l\u2019\u00e9dition 2019, et ce, dans un pays choisi \u00e0 la derni\u00e8re minute ou presque\u2026<\/p>\n<p>Et lorsqu\u2019on demande \u00e0 Ahmad si son \u00e9quipe joue sa cr\u00e9dibilit\u00e9 sur son \u00e9quipe, l\u2019int\u00e9ress\u00e9 sourit\u00a0: \u00ab\u00a0<em>Les ingr\u00e9dients sont l\u00e0 pour la r\u00e9ussite de cette CAN 2019. Mais \u00e7a n\u2019entame en rien les vell\u00e9it\u00e9s de certaines personnes de toujours vouloir nous d\u00e9truire. Ils vont toujours le faire. Et ce n\u2019est pas la r\u00e9ussite de cette CAN qui va les arr\u00eater.<\/em>\u00a0\u00bb<\/p>\n<div class=\"em-image orientation-center\">\n<div class=\"media\">RFI<\/div>\n<\/div>\n","protected":false},"excerpt":{"rendered":"<p>La phase finale de la Coupe d\u2019Afrique des nations 2019 va se d\u00e9rouler du 21 juin au 19 juillet en \u00c9gypte. Cette CAN 2019 devait initialement se disputer au Cameroun, en janvier-f\u00e9vrier, et avec seize \u00e9quipes. Mais, en l\u2019espace de cinq ans, l\u2019organisation de ce tournoi a connu bien des vicissitudes et des bouleversements. \u00ab\u00a0Tout [&hellip;]<\/p>\n","protected":false},"author":7,"featured_media":28616,"comment_status":"closed","ping_status":"closed","sticky":false,"template":"","format":"standard","meta":{"_exactmetrics_skip_tracking":false,"_exactmetrics_sitenote_active":false,"_exactmetrics_sitenote_note":"","_exactmetrics_sitenote_category":0,"tdm_status":"","tdm_grid_status":"","footnotes":""},"categories":[18],"tags":[],"class_list":{"0":"post-28615","1":"post","2":"type-post","3":"status-publish","4":"format-standard","5":"has-post-thumbnail","7":"category-sport"},"yoast_head":"<!-- This site is optimized with the Yoast SEO plugin v24.2 - https:\/\/yoast.com\/wordpress\/plugins\/seo\/ -->\n<title>Organisation de la CAN 2019: l\u2019heure de v\u00e9rit\u00e9 pour la CAF et l\u2019\u00c9gypte | Guin\u00e9e Diversit\u00e9<\/title>\n<meta name=\"robots\" content=\"index, follow, max-snippet:-1, max-image-preview:large, max-video-preview:-1\" \/>\n<link rel=\"canonical\" href=\"https:\/\/guineediversite.com\/index.php\/2019\/06\/20\/organisation-de-la-can-2019-lheure-de-verite-pour-la-caf-et-legypte\/\" \/>\n<meta property=\"og:locale\" content=\"fr_FR\" \/>\n<meta property=\"og:type\" content=\"article\" \/>\n<meta property=\"og:title\" content=\"Organisation de la CAN 2019: l\u2019heure de v\u00e9rit\u00e9 pour la CAF et l\u2019\u00c9gypte | Guin\u00e9e Diversit\u00e9\" \/>\n<meta property=\"og:description\" content=\"La phase finale de la Coupe d\u2019Afrique des nations 2019 va se d\u00e9rouler du 21 juin au 19 juillet en \u00c9gypte. Cette CAN 2019 devait initialement se disputer au Cameroun, en janvier-f\u00e9vrier, et avec seize \u00e9quipes. Mais, en l\u2019espace de cinq ans, l\u2019organisation de ce tournoi a connu bien des vicissitudes et des bouleversements. \u00ab\u00a0Tout [&hellip;]\" \/>\n<meta property=\"og:url\" content=\"https:\/\/guineediversite.com\/index.php\/2019\/06\/20\/organisation-de-la-can-2019-lheure-de-verite-pour-la-caf-et-legypte\/\" \/>\n<meta property=\"og:site_name\" content=\"Guin\u00e9e Diversit\u00e9\" \/>\n<meta property=\"article:publisher\" content=\"https:\/\/www.facebook.com\/guineediversite\/\" \/>\n<meta property=\"article:published_time\" content=\"2019-06-20T12:00:06+00:00\" \/>\n<meta property=\"og:image\" content=\"https:\/\/guineediversite.com\/wp-content\/uploads\/2019\/06\/6816480701710364538_img_3963_0.jpg\" \/>\n\t<meta property=\"og:image:width\" content=\"1024\" \/>\n\t<meta property=\"og:image:height\" content=\"578\" \/>\n\t<meta property=\"og:image:type\" content=\"image\/jpeg\" \/>\n<meta name=\"author\" content=\"Bilguissa Diallo\" \/>\n<meta name=\"twitter:card\" content=\"summary_large_image\" \/>\n<meta name=\"twitter:creator\" content=\"@GuineeDiversite\" \/>\n<meta name=\"twitter:site\" content=\"@GuineeDiversite\" \/>\n<meta name=\"twitter:label1\" content=\"\u00c9crit par\" \/>\n\t<meta name=\"twitter:data1\" content=\"Bilguissa Diallo\" \/>\n\t<meta name=\"twitter:label2\" content=\"Dur\u00e9e de lecture estim\u00e9e\" \/>\n\t<meta name=\"twitter:data2\" content=\"5 minutes\" \/>\n<script type=\"application\/ld+json\" class=\"yoast-schema-graph\">{\"@context\":\"https:\/\/schema.org\",\"@graph\":[{\"@type\":\"Article\",\"@id\":\"https:\/\/guineediversite.com\/index.php\/2019\/06\/20\/organisation-de-la-can-2019-lheure-de-verite-pour-la-caf-et-legypte\/#article\",\"isPartOf\":{\"@id\":\"https:\/\/guineediversite.com\/index.php\/2019\/06\/20\/organisation-de-la-can-2019-lheure-de-verite-pour-la-caf-et-legypte\/\"},\"author\":{\"name\":\"Bilguissa Diallo\",\"@id\":\"https:\/\/guineediversite.com\/#\/schema\/person\/0e0e3e424768a50d025ac2218ccca73f\"},\"headline\":\"Organisation de la CAN 2019: l\u2019heure de v\u00e9rit\u00e9 pour la CAF et l\u2019\u00c9gypte\",\"datePublished\":\"2019-06-20T12:00:06+00:00\",\"dateModified\":\"2019-06-20T12:00:06+00:00\",\"mainEntityOfPage\":{\"@id\":\"https:\/\/guineediversite.com\/index.php\/2019\/06\/20\/organisation-de-la-can-2019-lheure-de-verite-pour-la-caf-et-legypte\/\"},\"wordCount\":1060,\"publisher\":{\"@id\":\"https:\/\/guineediversite.com\/#organization\"},\"image\":{\"@id\":\"https:\/\/guineediversite.com\/index.php\/2019\/06\/20\/organisation-de-la-can-2019-lheure-de-verite-pour-la-caf-et-legypte\/#primaryimage\"},\"thumbnailUrl\":\"https:\/\/guineediversite.com\/wp-content\/uploads\/2019\/06\/6816480701710364538_img_3963_0.jpg\",\"articleSection\":[\"Sport\"],\"inLanguage\":\"fr-FR\"},{\"@type\":\"WebPage\",\"@id\":\"https:\/\/guineediversite.com\/index.php\/2019\/06\/20\/organisation-de-la-can-2019-lheure-de-verite-pour-la-caf-et-legypte\/\",\"url\":\"https:\/\/guineediversite.com\/index.php\/2019\/06\/20\/organisation-de-la-can-2019-lheure-de-verite-pour-la-caf-et-legypte\/\",\"name\":\"Organisation de la CAN 2019: l\u2019heure de v\u00e9rit\u00e9 pour la CAF et l\u2019\u00c9gypte | Guin\u00e9e Diversit\u00e9\",\"isPartOf\":{\"@id\":\"https:\/\/guineediversite.com\/#website\"},\"primaryImageOfPage\":{\"@id\":\"https:\/\/guineediversite.com\/index.php\/2019\/06\/20\/organisation-de-la-can-2019-lheure-de-verite-pour-la-caf-et-legypte\/#primaryimage\"},\"image\":{\"@id\":\"https:\/\/guineediversite.com\/index.php\/2019\/06\/20\/organisation-de-la-can-2019-lheure-de-verite-pour-la-caf-et-legypte\/#primaryimage\"},\"thumbnailUrl\":\"https:\/\/guineediversite.com\/wp-content\/uploads\/2019\/06\/6816480701710364538_img_3963_0.jpg\",\"datePublished\":\"2019-06-20T12:00:06+00:00\",\"dateModified\":\"2019-06-20T12:00:06+00:00\",\"breadcrumb\":{\"@id\":\"https:\/\/guineediversite.com\/index.php\/2019\/06\/20\/organisation-de-la-can-2019-lheure-de-verite-pour-la-caf-et-legypte\/#breadcrumb\"},\"inLanguage\":\"fr-FR\",\"potentialAction\":[{\"@type\":\"ReadAction\",\"target\":[\"https:\/\/guineediversite.com\/index.php\/2019\/06\/20\/organisation-de-la-can-2019-lheure-de-verite-pour-la-caf-et-legypte\/\"]}]},{\"@type\":\"ImageObject\",\"inLanguage\":\"fr-FR\",\"@id\":\"https:\/\/guineediversite.com\/index.php\/2019\/06\/20\/organisation-de-la-can-2019-lheure-de-verite-pour-la-caf-et-legypte\/#primaryimage\",\"url\":\"https:\/\/guineediversite.com\/wp-content\/uploads\/2019\/06\/6816480701710364538_img_3963_0.jpg\",\"contentUrl\":\"https:\/\/guineediversite.com\/wp-content\/uploads\/2019\/06\/6816480701710364538_img_3963_0.jpg\",\"width\":1024,\"height\":578},{\"@type\":\"BreadcrumbList\",\"@id\":\"https:\/\/guineediversite.com\/index.php\/2019\/06\/20\/organisation-de-la-can-2019-lheure-de-verite-pour-la-caf-et-legypte\/#breadcrumb\",\"itemListElement\":[{\"@type\":\"ListItem\",\"position\":1,\"name\":\"Accueil\",\"item\":\"https:\/\/guineediversite.com\/\"},{\"@type\":\"ListItem\",\"position\":2,\"name\":\"Organisation de la CAN 2019: l\u2019heure de v\u00e9rit\u00e9 pour la CAF et l\u2019\u00c9gypte\"}]},{\"@type\":\"WebSite\",\"@id\":\"https:\/\/guineediversite.com\/#website\",\"url\":\"https:\/\/guineediversite.com\/\",\"name\":\"Guin\u00e9e Diversit\u00e9\",\"description\":\"L&#039;Info dans toute sa diversit\u00e9\",\"publisher\":{\"@id\":\"https:\/\/guineediversite.com\/#organization\"},\"potentialAction\":[{\"@type\":\"SearchAction\",\"target\":{\"@type\":\"EntryPoint\",\"urlTemplate\":\"https:\/\/guineediversite.com\/?s={search_term_string}\"},\"query-input\":{\"@type\":\"PropertyValueSpecification\",\"valueRequired\":true,\"valueName\":\"search_term_string\"}}],\"inLanguage\":\"fr-FR\"},{\"@type\":\"Organization\",\"@id\":\"https:\/\/guineediversite.com\/#organization\",\"name\":\"Guin\u00e9e Diversit\u00e9\",\"url\":\"https:\/\/guineediversite.com\/\",\"logo\":{\"@type\":\"ImageObject\",\"inLanguage\":\"fr-FR\",\"@id\":\"https:\/\/guineediversite.com\/#\/schema\/logo\/image\/\",\"url\":\"https:\/\/guineediversite.com\/wp-content\/uploads\/2017\/04\/cropped-1jojlxEOMkX9Wyqfhe43D6kjPOGqBBKmx3EwWJqZ0cMrFF54yM49.png\",\"contentUrl\":\"https:\/\/guineediversite.com\/wp-content\/uploads\/2017\/04\/cropped-1jojlxEOMkX9Wyqfhe43D6kjPOGqBBKmx3EwWJqZ0cMrFF54yM49.png\",\"width\":186,\"height\":112,\"caption\":\"Guin\u00e9e Diversit\u00e9\"},\"image\":{\"@id\":\"https:\/\/guineediversite.com\/#\/schema\/logo\/image\/\"},\"sameAs\":[\"https:\/\/www.facebook.com\/guineediversite\/\",\"https:\/\/x.com\/GuineeDiversite\",\"https:\/\/www.youtube.com\/channel\/UC8sUY16qelG5ge6_D5SB83g\"]},{\"@type\":\"Person\",\"@id\":\"https:\/\/guineediversite.com\/#\/schema\/person\/0e0e3e424768a50d025ac2218ccca73f\",\"name\":\"Bilguissa Diallo\",\"image\":{\"@type\":\"ImageObject\",\"inLanguage\":\"fr-FR\",\"@id\":\"https:\/\/guineediversite.com\/#\/schema\/person\/image\/\",\"url\":\"https:\/\/secure.gravatar.com\/avatar\/49bbbd2420ee34d62b1b191791f4b5df?s=96&d=mm&r=g\",\"contentUrl\":\"https:\/\/secure.gravatar.com\/avatar\/49bbbd2420ee34d62b1b191791f4b5df?s=96&d=mm&r=g\",\"caption\":\"Bilguissa Diallo\"},\"url\":\"https:\/\/guineediversite.com\/index.php\/author\/bilguissa\/\"}]}<\/script>\n<!-- \/ Yoast SEO plugin. -->","yoast_head_json":{"title":"Organisation de la CAN 2019: l\u2019heure de v\u00e9rit\u00e9 pour la CAF et l\u2019\u00c9gypte | Guin\u00e9e Diversit\u00e9","robots":{"index":"index","follow":"follow","max-snippet":"max-snippet:-1","max-image-preview":"max-image-preview:large","max-video-preview":"max-video-preview:-1"},"canonical":"https:\/\/guineediversite.com\/index.php\/2019\/06\/20\/organisation-de-la-can-2019-lheure-de-verite-pour-la-caf-et-legypte\/","og_locale":"fr_FR","og_type":"article","og_title":"Organisation de la CAN 2019: l\u2019heure de v\u00e9rit\u00e9 pour la CAF et l\u2019\u00c9gypte | Guin\u00e9e Diversit\u00e9","og_description":"La phase finale de la Coupe d\u2019Afrique des nations 2019 va se d\u00e9rouler du 21 juin au 19 juillet en \u00c9gypte. Cette CAN 2019 devait initialement se disputer au Cameroun, en janvier-f\u00e9vrier, et avec seize \u00e9quipes. Mais, en l\u2019espace de cinq ans, l\u2019organisation de ce tournoi a connu bien des vicissitudes et des bouleversements. \u00ab\u00a0Tout [&hellip;]","og_url":"https:\/\/guineediversite.com\/index.php\/2019\/06\/20\/organisation-de-la-can-2019-lheure-de-verite-pour-la-caf-et-legypte\/","og_site_name":"Guin\u00e9e Diversit\u00e9","article_publisher":"https:\/\/www.facebook.com\/guineediversite\/","article_published_time":"2019-06-20T12:00:06+00:00","og_image":[{"width":1024,"height":578,"url":"https:\/\/guineediversite.com\/wp-content\/uploads\/2019\/06\/6816480701710364538_img_3963_0.jpg","type":"image\/jpeg"}],"author":"Bilguissa Diallo","twitter_card":"summary_large_image","twitter_creator":"@GuineeDiversite","twitter_site":"@GuineeDiversite","twitter_misc":{"\u00c9crit par":"Bilguissa Diallo","Dur\u00e9e de lecture estim\u00e9e":"5 minutes"},"schema":{"@context":"https:\/\/schema.org","@graph":[{"@type":"Article","@id":"https:\/\/guineediversite.com\/index.php\/2019\/06\/20\/organisation-de-la-can-2019-lheure-de-verite-pour-la-caf-et-legypte\/#article","isPartOf":{"@id":"https:\/\/guineediversite.com\/index.php\/2019\/06\/20\/organisation-de-la-can-2019-lheure-de-verite-pour-la-caf-et-legypte\/"},"author":{"name":"Bilguissa Diallo","@id":"https:\/\/guineediversite.com\/#\/schema\/person\/0e0e3e424768a50d025ac2218ccca73f"},"headline":"Organisation de la CAN 2019: l\u2019heure de v\u00e9rit\u00e9 pour la CAF et l\u2019\u00c9gypte","datePublished":"2019-06-20T12:00:06+00:00","dateModified":"2019-06-20T12:00:06+00:00","mainEntityOfPage":{"@id":"https:\/\/guineediversite.com\/index.php\/2019\/06\/20\/organisation-de-la-can-2019-lheure-de-verite-pour-la-caf-et-legypte\/"},"wordCount":1060,"publisher":{"@id":"https:\/\/guineediversite.com\/#organization"},"image":{"@id":"https:\/\/guineediversite.com\/index.php\/2019\/06\/20\/organisation-de-la-can-2019-lheure-de-verite-pour-la-caf-et-legypte\/#primaryimage"},"thumbnailUrl":"https:\/\/guineediversite.com\/wp-content\/uploads\/2019\/06\/6816480701710364538_img_3963_0.jpg","articleSection":["Sport"],"inLanguage":"fr-FR"},{"@type":"WebPage","@id":"https:\/\/guineediversite.com\/index.php\/2019\/06\/20\/organisation-de-la-can-2019-lheure-de-verite-pour-la-caf-et-legypte\/","url":"https:\/\/guineediversite.com\/index.php\/2019\/06\/20\/organisation-de-la-can-2019-lheure-de-verite-pour-la-caf-et-legypte\/","name":"Organisation de la CAN 2019: l\u2019heure de v\u00e9rit\u00e9 pour la CAF et l\u2019\u00c9gypte | Guin\u00e9e Diversit\u00e9","isPartOf":{"@id":"https:\/\/guineediversite.com\/#website"},"primaryImageOfPage":{"@id":"https:\/\/guineediversite.com\/index.php\/2019\/06\/20\/organisation-de-la-can-2019-lheure-de-verite-pour-la-caf-et-legypte\/#primaryimage"},"image":{"@id":"https:\/\/guineediversite.com\/index.php\/2019\/06\/20\/organisation-de-la-can-2019-lheure-de-verite-pour-la-caf-et-legypte\/#primaryimage"},"thumbnailUrl":"https:\/\/guineediversite.com\/wp-content\/uploads\/2019\/06\/6816480701710364538_img_3963_0.jpg","datePublished":"2019-06-20T12:00:06+00:00","dateModified":"2019-06-20T12:00:06+00:00","breadcrumb":{"@id":"https:\/\/guineediversite.com\/index.php\/2019\/06\/20\/organisation-de-la-can-2019-lheure-de-verite-pour-la-caf-et-legypte\/#breadcrumb"},"inLanguage":"fr-FR","potentialAction":[{"@type":"ReadAction","target":["https:\/\/guineediversite.com\/index.php\/2019\/06\/20\/organisation-de-la-can-2019-lheure-de-verite-pour-la-caf-et-legypte\/"]}]},{"@type":"ImageObject","inLanguage":"fr-FR","@id":"https:\/\/guineediversite.com\/index.php\/2019\/06\/20\/organisation-de-la-can-2019-lheure-de-verite-pour-la-caf-et-legypte\/#primaryimage","url":"https:\/\/guineediversite.com\/wp-content\/uploads\/2019\/06\/6816480701710364538_img_3963_0.jpg","contentUrl":"https:\/\/guineediversite.com\/wp-content\/uploads\/2019\/06\/6816480701710364538_img_3963_0.jpg","width":1024,"height":578},{"@type":"BreadcrumbList","@id":"https:\/\/guineediversite.com\/index.php\/2019\/06\/20\/organisation-de-la-can-2019-lheure-de-verite-pour-la-caf-et-legypte\/#breadcrumb","itemListElement":[{"@type":"ListItem","position":1,"name":"Accueil","item":"https:\/\/guineediversite.com\/"},{"@type":"ListItem","position":2,"name":"Organisation de la CAN 2019: l\u2019heure de v\u00e9rit\u00e9 pour la CAF et l\u2019\u00c9gypte"}]},{"@type":"WebSite","@id":"https:\/\/guineediversite.com\/#website","url":"https:\/\/guineediversite.com\/","name":"Guin\u00e9e Diversit\u00e9","description":"L&#039;Info dans toute sa diversit\u00e9","publisher":{"@id":"https:\/\/guineediversite.com\/#organization"},"potentialAction":[{"@type":"SearchAction","target":{"@type":"EntryPoint","urlTemplate":"https:\/\/guineediversite.com\/?s={search_term_string}"},"query-input":{"@type":"PropertyValueSpecification","valueRequired":true,"valueName":"search_term_string"}}],"inLanguage":"fr-FR"},{"@type":"Organization","@id":"https:\/\/guineediversite.com\/#organization","name":"Guin\u00e9e Diversit\u00e9","url":"https:\/\/guineediversite.com\/","logo":{"@type":"ImageObject","inLanguage":"fr-FR","@id":"https:\/\/guineediversite.com\/#\/schema\/logo\/image\/","url":"https:\/\/guineediversite.com\/wp-content\/uploads\/2017\/04\/cropped-1jojlxEOMkX9Wyqfhe43D6kjPOGqBBKmx3EwWJqZ0cMrFF54yM49.png","contentUrl":"https:\/\/guineediversite.com\/wp-content\/uploads\/2017\/04\/cropped-1jojlxEOMkX9Wyqfhe43D6kjPOGqBBKmx3EwWJqZ0cMrFF54yM49.png","width":186,"height":112,"caption":"Guin\u00e9e Diversit\u00e9"},"image":{"@id":"https:\/\/guineediversite.com\/#\/schema\/logo\/image\/"},"sameAs":["https:\/\/www.facebook.com\/guineediversite\/","https:\/\/x.com\/GuineeDiversite","https:\/\/www.youtube.com\/channel\/UC8sUY16qelG5ge6_D5SB83g"]},{"@type":"Person","@id":"https:\/\/guineediversite.com\/#\/schema\/person\/0e0e3e424768a50d025ac2218ccca73f","name":"Bilguissa Diallo","image":{"@type":"ImageObject","inLanguage":"fr-FR","@id":"https:\/\/guineediversite.com\/#\/schema\/person\/image\/","url":"https:\/\/secure.gravatar.com\/avatar\/49bbbd2420ee34d62b1b191791f4b5df?s=96&d=mm&r=g","contentUrl":"https:\/\/secure.gravatar.com\/avatar\/49bbbd2420ee34d62b1b191791f4b5df?s=96&d=mm&r=g","caption":"Bilguissa Diallo"},"url":"https:\/\/guineediversite.com\/index.php\/author\/bilguissa\/"}]}},"_links":{"self":[{"href":"https:\/\/guineediversite.com\/index.php\/wp-json\/wp\/v2\/posts\/28615"}],"collection":[{"href":"https:\/\/guineediversite.com\/index.php\/wp-json\/wp\/v2\/posts"}],"about":[{"href":"https:\/\/guineediversite.com\/index.php\/wp-json\/wp\/v2\/types\/post"}],"author":[{"embeddable":true,"href":"https:\/\/guineediversite.com\/index.php\/wp-json\/wp\/v2\/users\/7"}],"replies":[{"embeddable":true,"href":"https:\/\/guineediversite.com\/index.php\/wp-json\/wp\/v2\/comments?post=28615"}],"version-history":[{"count":0,"href":"https:\/\/guineediversite.com\/index.php\/wp-json\/wp\/v2\/posts\/28615\/revisions"}],"wp:featuredmedia":[{"embeddable":true,"href":"https:\/\/guineediversite.com\/index.php\/wp-json\/wp\/v2\/media\/28616"}],"wp:attachment":[{"href":"https:\/\/guineediversite.com\/index.php\/wp-json\/wp\/v2\/media?parent=28615"}],"wp:term":[{"taxonomy":"category","embeddable":true,"href":"https:\/\/guineediversite.com\/index.php\/wp-json\/wp\/v2\/categories?post=28615"},{"taxonomy":"post_tag","embeddable":true,"href":"https:\/\/guineediversite.com\/index.php\/wp-json\/wp\/v2\/tags?post=28615"}],"curies":[{"name":"wp","href":"https:\/\/api.w.org\/{rel}","templated":true}]}}