{"id":28609,"date":"2019-06-18T13:36:00","date_gmt":"2019-06-18T11:36:00","guid":{"rendered":"https:\/\/guineediversite.com\/?p=28609"},"modified":"2019-06-18T13:36:00","modified_gmt":"2019-06-18T11:36:00","slug":"les-dix-stars-africaines-a-suivre-pendant-la-can-2019-en-egypte","status":"publish","type":"post","link":"https:\/\/guineediversite.com\/index.php\/2019\/06\/18\/les-dix-stars-africaines-a-suivre-pendant-la-can-2019-en-egypte\/","title":{"rendered":"Les dix stars africaines \u00e0 suivre pendant la CAN 2019 en \u00c9gypte"},"content":{"rendered":"<div class=\"intro\">\n<p>Alors que la Coupe d\u2019Afrique des nations 2019 d\u00e9bute ce vendredi 21 juin au Caire avec le match d\u2019ouverture opposant l\u2019\u00c9gypte au Zimbabwe, RFI fait le tour d\u2019horizon des 10 stars africaines qui vont animer la comp\u00e9tition.<\/p>\n<\/div>\n<div>\n<ul>\n<li><strong>Mohamed Salah (27 ans, \u00c9gypte)<\/strong><\/li>\n<\/ul>\n<p>L\u2019\u00c9gyptien Mohamed Salah sera sans aucun doute l\u2019un des joueurs les plus scrut\u00e9s tout au long de la comp\u00e9tition qui se d\u00e9roule \u00e0 domicile pour les Pharaons. Apr\u00e8s une Coupe du monde 2018 d\u00e9cevante qui s\u2019\u00e9tait sold\u00e9e par une \u00e9limination au premier tour, les \u00c9gyptiens esp\u00e8rent bien se racheter devant leur public et la pression sera immense sur les \u00e9paules de Mo Salah. Avec 27 buts inscrits cette saison pour Liverpool, contre 44 sur l\u2019exercice 2017-2018, l\u2019attaquant de 27 ans s\u2019est montr\u00e9, sur le plan individuel, un peu moins convaincant que l\u2019ann\u00e9e pass\u00e9e. En revanche, sur le plan collectif, <a href=\"http:\/\/www.rfi.fr\/sports\/20190601-foot-liverpool-gagne-ligue-champions-face-tottenham\" target=\"_blank\" rel=\"noopener\"><strong>il a remport\u00e9 cette ann\u00e9e la Ligue des champions avec les Reds<\/strong><\/a>, en inscrivant notamment un but capital en finale. D\u00e9crocher pour l\u2019\u00c9gypte une 8<sup>e<\/sup> CAN viendrait donc conclure une saison de r\u00eave pour Salah et le ferait d\u00e9finitivement rentrer au panth\u00e9on du football \u00e9gyptien.<\/p>\n<ul>\n<li><strong>Sadio Man\u00e9 (27 ans, S\u00e9n\u00e9gal)<\/strong><\/li>\n<\/ul>\n<p>Avec Salah, Sadio Man\u00e9 a \u00e9t\u00e9 l\u2019un des autres grands artisans de la victoire de Liverpool en Ligue des champions face \u00e0 Tottenham. Le virevoltant ailier s\u00e9n\u00e9galais n\u2019a cess\u00e9 de progresser depuis son arriv\u00e9e sur les bords de la Mersey en 2016, \u00e0 tel point qu\u2019il a probablement \u00e9tait l\u2019un des meilleurs joueurs de l\u2019\u00e9quipe de Jurgen Klopp tout au long de cette saison o\u00f9 il a inscrit 27 buts. Son explosion au plus haut niveau fait d\u00e9sormais de lui le leader technique incontest\u00e9 de la s\u00e9lection s\u00e9n\u00e9galaise dont il est le capitaine. Il sera malheureusement suspendu pour le premier match des Lions de la Teranga face \u00e0 la Tanzanie le 23 juin apr\u00e8s avoir \u00e9cop\u00e9 de deux cartons jaunes lors des \u00e9liminatoires. <a href=\"http:\/\/afriquefoot.rfi.fr\/20161125-sadio-mane-senegal-liverpool-metz\" target=\"_blank\" rel=\"noopener\"><strong>L\u2019ancien joueur de Metz<\/strong><\/a> ne fera ses d\u00e9buts dans la comp\u00e9tition que pour le choc du groupe C qui opposera les hommes d\u2019Aliou Ciss\u00e9 \u00e0 l\u2019Alg\u00e9rie.<\/p>\n<ul>\n<li><strong>Riyad Mahrez (28 ans, Alg\u00e9rie)<\/strong><\/li>\n<\/ul>\n<p>C\u2019est d\u2019ailleurs dans ce match du groupe C que Sadio Man\u00e9 devrait croiser la route d\u2019une autre grande star de cette CAN 2019 en \u00c9gypte.<a href=\"http:\/\/afriquefoot.rfi.fr\/20190512-riyad-mahrez-le-joker-double-champion-angleterre\" target=\"_blank\" rel=\"noopener\"><strong> Transf\u00e9r\u00e9 de Leicester \u00e0 Manchester City l\u2019\u00e9t\u00e9 dernier<\/strong><\/a>, Riyad Mahrez vient de terminer une premi\u00e8re saison concluante avec les Citizens qui s\u2019est sold\u00e9e par un titre de Champion d\u2019Angleterre. Avec la non-qualification de l\u2019Alg\u00e9rie pour la Coupe du monde 2018, le capitaine des Fennecs aspire sans aucun doute \u00e0 se rattraper et \u00e0 faire montre de tout son talent. Le<a href=\"http:\/\/afriquefoot.rfi.fr\/20170105-football-joueur-africain-2016-sacre-riyad-mahrez\" target=\"_blank\" rel=\"noopener\"><strong> Ballon d\u2019or africain 2016 <\/strong><\/a>a d\u00e9j\u00e0 donn\u00e9 le ton avant le premier match de son \u00e9quipe dans la comp\u00e9tition en d\u00e9clarant\u00a0: \u00ab\u00a0<em>Face au Kenya, on aura aucune excuse<\/em>\u00a0\u00bb.<\/p>\n<div class=\"em-image orientation-center\">\n<div class=\"media\"><img decoding=\"async\" src=\"http:\/\/scd.rfi.fr\/sites\/filesrfi\/aefimagesnew\/imagecache\/aef_image_original_format\/sites\/images.rfi.fr\/files\/aef_image\/2018-11-07t214126z_1961922813_rc139644d750_rtrmadp_3_soccer-champions-mci-shk_0.jpg\" \/> <small>L&rsquo;Alg\u00e9rien Riyad Mahrez.<\/small> <small>Reuters\/Lee Smith<\/small><\/div>\n<\/div>\n<ul>\n<li><strong>Nicolas P\u00e9p\u00e9 (24 ans, C\u00f4te d&rsquo;Ivoire)<\/strong><\/li>\n<\/ul>\n<p>Il a \u00e9t\u00e9 la r\u00e9v\u00e9lation du Championnat de France cette saison avec Lille avec 22 buts et 11 passes d\u00e9cisive. Le jeune attaquant de 24 ans, <a href=\"http:\/\/afriquefoot.rfi.fr\/20190517-nicolas-pepe-etre-prix-marc-vivien-foe-est-deja-bien\" target=\"_blank\" rel=\"noopener\"><strong>laur\u00e9at du Prix Marc-Vivien Fo\u00e9<\/strong><\/a> r\u00e9compensant le meilleur joueur africain de L1, a \u00e9t\u00e9 l\u2019un des principaux architectes de la 2e place de Lille et de sa qualification en Ligue des champions. L\u2019ivoirien est d\u00e9sormais l\u2019un des joueurs les plus courtis\u00e9s d\u2019Europe durant ce mercato. Mais avant de penser \u00e0 changer de club, l\u2019ailier aux 11 s\u00e9lections pour 4 buts, qui sera la principale arme offensive des \u00c9l\u00e9phants, croisera sur sa route l\u2019Afrique du Sud le 24 juin pour le premier match de la comp\u00e9tition des Ivoiriens.<\/p>\n<ul>\n<li><strong>Hakim Ziyech (26 ans, Maroc)<\/strong><\/li>\n<\/ul>\n<p>Le milieu offensif marocain a r\u00e9alis\u00e9 une saison \u00e9poustouflante avec l\u2019Ajax d\u2019Amsterdam qui l\u2019a men\u00e9 jusqu\u2019<a href=\"http:\/\/www.rfi.fr\/sports\/20190508-ligue-champions-tottenham-renverse-ajax-file-finale\" target=\"_blank\" rel=\"noopener\"><strong>en demi-finale de la Ligue des champions<\/strong><\/a> et l\u2019a fait remporter le championnat n\u00e9erlandais. A 26 ans, Hakim Ziyech vient de r\u00e9aliser l\u2019une des meilleures saisons de carri\u00e8re et tous les grands clubs europ\u00e9ens gardent un \u0153il sur lui. F\u00e2ch\u00e9 pendant un temps avec le s\u00e9lectionneur Herv\u00e9 Renard, il est d\u00e9sormais de retour dans l\u2019\u00e9quipe et est une pi\u00e8ce ma\u00eetresse des Lions de l\u2019Atlas qui d\u00e9fieront la Namibie pour leur premier match dans la comp\u00e9tition le 23 juin.<\/p>\n<ul>\n<li><strong>Kalidou Koulibaly (27 ans, S\u00e9n\u00e9gal)<\/strong><\/li>\n<\/ul>\n<p>Pour certains, il fait partie des meilleurs d\u00e9fenseurs du monde, il en tout cas sans aucun doute le meilleur d\u00e9fenseur africain en activit\u00e9. Toujours r\u00e9guliers avec Naples o\u00f9 il joue depuis 2014, <a href=\"http:\/\/afriquefoot.rfi.fr\/20181108-kalidou-koulibaly-je-suis-super-heureux-naples-senegal\" target=\"_blank\" rel=\"noopener\"><strong>Kalidou Koulibaly<\/strong><\/a> s\u2019est impos\u00e9 comme l\u2019un des arri\u00e8res centraux les plus solides de S\u00e9rie A. Rapide, puissant et imp\u00e9rial dans le domaine a\u00e9rien, il est le patron de l\u2019arri\u00e8re-garde s\u00e9n\u00e9galaise et r\u00e9pond toujours pr\u00e9sent dans les gros matches.<\/p>\n<div class=\"em-image orientation-center\">\n<div class=\"media\"><img decoding=\"async\" src=\"http:\/\/scd.rfi.fr\/sites\/filesrfi\/aefimagesnew\/imagecache\/aef_image_original_format\/sites\/images.rfi.fr\/files\/aef_image\/000_1488af_0.jpg\" \/> <small>Le d\u00e9fenseur s\u00e9n\u00e9galais de Naples, Kalidou Koulibaly.<\/small> <small>MARCO BERTORELLO \/ AFP<\/small><\/div>\n<\/div>\n<ul>\n<li><strong>Andr\u00e9 Onana (23 ans, Cameroun)<\/strong><\/li>\n<\/ul>\n<p>Tout comme son co\u00e9quipier Hakim Ziyech, le gardien de but camerounais Andr\u00e9 Onana vient de r\u00e9aliser la meilleure saison de sa carri\u00e8re avec l\u2019Ajax d\u2019Amsterdam. A seulement 23 ans, il est l\u2019un des gardiens les plus prometteurs de sa g\u00e9n\u00e9ration. Form\u00e9 pendant quatre ans \u00e0 la Masia du FC Barcelone, c\u2019est avec l\u2019Ajax qu\u2019il explose au plus haut niveau. Il f\u00eatera sa dixi\u00e8me s\u00e9lection avec le Cameroun face \u00e0 la Guin\u00e9e-Bissau pour le premier match des Lions indomptables dans cette CAN 2019.<\/p>\n<ul>\n<li><strong>Whabi Khazri (28 ans, Tunisie)<\/strong><\/li>\n<\/ul>\n<p>A 28 ans, le milieu offensif tunisien <a href=\"http:\/\/afriquefoot.rfi.fr\/20180217-le-tunisien-wahbi-khazri-ambitieux-rennes-tunisie\" target=\"_blank\" rel=\"noopener\"><strong>a d\u00e9j\u00e0 connu beaucoup de clubs de Ligue 1<\/strong><\/a> et il va d\u00e9j\u00e0 prendre part \u00e0 la troisi\u00e8me CAN de sa carri\u00e8re, mais avec sa derni\u00e8re saison, il est pass\u00e9 dans une autre dimension avec Saint-\u00c9tienne. Auteur de 15 buts et de 10 passes d\u00e9cisif, il a \u00e9t\u00e9 l\u2019un des grands artisans de la quatri\u00e8me place des Verts synonyme de qualification pour la Ligue Europa. Il sera le principal atout offensif des Aigles de Carthage qui feront leur entr\u00e9e dans la comp\u00e9tition le 24 juin face \u00e0 l\u2019Angola \u00e0 Suez.<\/p>\n<ul>\n<li><strong>C\u00e9dric Bakambu (28 ans, RD Congo)<\/strong><\/li>\n<\/ul>\n<p>Son transfert au Beijing Guoan pour environ 72 millions en a fait <a href=\"http:\/\/afriquefoot.rfi.fr\/20180301-rdcongo-cedric-bakambu-footballeur-africain-plus-cher-histoire-beijing-guoan\" target=\"_blank\" rel=\"noopener\"><strong>le joueur africain le plus cher de l\u2019histoire<\/strong><\/a>, et s\u2019il assume avoir pris la direction de la Chine pour des raisons financi\u00e8res, C\u00e9dric Bakambu reste l\u2019arme offensive num\u00e9ro une des L\u00e9opards du Congo. M\u00eame si le championnat chinois est nettement moins relev\u00e9 que la Liga espagnole o\u00f9 il \u00e9voluait auparavant avec Villareal, l\u2019attaquant RD Congolais continue de flamber avec 23 buts inscrits pour Beijing Guoan en 28 matches jou\u00e9s en 2018. C\u2019est lui aussi qui a offert la qualification aux siens pour la CAN 2019, en inscrivant le but crucial du 1-0 face au Liberia lors du dernier match des \u00e9liminatoires.<\/p>\n<div class=\"em-image orientation-center\">\n<div class=\"media\"><img decoding=\"async\" src=\"http:\/\/scd.rfi.fr\/sites\/filesrfi\/aefimagesnew\/imagecache\/aef_image_original_format\/sites\/images.rfi.fr\/files\/aef_image\/bakambu_0.jpg\" \/> <small>Le Congolais C\u00e9dric Bakambu.<\/small> <small>RFI \/ Pierre Ren\u00e9-Worms<\/small><\/div>\n<\/div>\n<ul>\n<li><strong>Andr\u00e9 Ayew (30 ans, Ghana)<\/strong><\/li>\n<\/ul>\n<p>A 30 ans, Andr\u00e9 Ayew est un cadre incontournable de l\u2019\u00e9quipe du Ghana avec laquelle il a honor\u00e9 sa premi\u00e8re s\u00e9lection il y a maintenant 12 ans. Le milieu offensif est d\u00e9sormais le capitaine des Black Stars et m\u00eame s\u2019il sort d\u2019une saison en demi-teinte avec son club de Fenerbah\u00e7e, il fera partie des joueurs sur lesquels il faudra compter. S\u2019il est parfois d\u00e9cevant en club, sa longue exp\u00e9rience des comp\u00e9titions internationale, que ce soit de la CAN ou de la Coupe du monde 2010 o\u00f9 le Ghana a atteint les quarts de finale, lui permet de toujours r\u00e9pondre pr\u00e9sent lorsqu\u2019il faut d\u00e9fendre les couleurs de son pays. Il n\u2019y a donc pas de raison que cela change lors du premier match des Black Stars face au B\u00e9nin le 24 juin.<\/p>\n<p>RFI<\/p>\n<\/div>\n","protected":false},"excerpt":{"rendered":"<p>Alors que la Coupe d\u2019Afrique des nations 2019 d\u00e9bute ce vendredi 21 juin au Caire avec le match d\u2019ouverture opposant l\u2019\u00c9gypte au Zimbabwe, RFI fait le tour d\u2019horizon des 10 stars africaines qui vont animer la comp\u00e9tition. Mohamed Salah (27 ans, \u00c9gypte) L\u2019\u00c9gyptien Mohamed Salah sera sans aucun doute l\u2019un des joueurs les plus scrut\u00e9s [&hellip;]<\/p>\n","protected":false},"author":12,"featured_media":28610,"comment_status":"closed","ping_status":"closed","sticky":false,"template":"","format":"standard","meta":{"_exactmetrics_skip_tracking":false,"_exactmetrics_sitenote_active":false,"_exactmetrics_sitenote_note":"","_exactmetrics_sitenote_category":0,"tdm_status":"","tdm_grid_status":"","footnotes":""},"categories":[18],"tags":[],"class_list":{"0":"post-28609","1":"post","2":"type-post","3":"status-publish","4":"format-standard","5":"has-post-thumbnail","7":"category-sport"},"yoast_head":"<!-- This site is optimized with the Yoast SEO plugin v24.2 - https:\/\/yoast.com\/wordpress\/plugins\/seo\/ -->\n<title>Les dix stars africaines \u00e0 suivre pendant la CAN 2019 en \u00c9gypte | Guin\u00e9e Diversit\u00e9<\/title>\n<meta name=\"robots\" content=\"index, follow, max-snippet:-1, max-image-preview:large, max-video-preview:-1\" \/>\n<link rel=\"canonical\" href=\"https:\/\/guineediversite.com\/index.php\/2019\/06\/18\/les-dix-stars-africaines-a-suivre-pendant-la-can-2019-en-egypte\/\" \/>\n<meta property=\"og:locale\" content=\"fr_FR\" \/>\n<meta property=\"og:type\" content=\"article\" \/>\n<meta property=\"og:title\" content=\"Les dix stars africaines \u00e0 suivre pendant la CAN 2019 en \u00c9gypte | Guin\u00e9e Diversit\u00e9\" \/>\n<meta property=\"og:description\" content=\"Alors que la Coupe d\u2019Afrique des nations 2019 d\u00e9bute ce vendredi 21 juin au Caire avec le match d\u2019ouverture opposant l\u2019\u00c9gypte au Zimbabwe, RFI fait le tour d\u2019horizon des 10 stars africaines qui vont animer la comp\u00e9tition. Mohamed Salah (27 ans, \u00c9gypte) L\u2019\u00c9gyptien Mohamed Salah sera sans aucun doute l\u2019un des joueurs les plus scrut\u00e9s [&hellip;]\" \/>\n<meta property=\"og:url\" content=\"https:\/\/guineediversite.com\/index.php\/2019\/06\/18\/les-dix-stars-africaines-a-suivre-pendant-la-can-2019-en-egypte\/\" \/>\n<meta property=\"og:site_name\" content=\"Guin\u00e9e Diversit\u00e9\" \/>\n<meta property=\"article:publisher\" content=\"https:\/\/www.facebook.com\/guineediversite\/\" \/>\n<meta property=\"article:published_time\" content=\"2019-06-18T11:36:00+00:00\" \/>\n<meta property=\"og:image\" content=\"https:\/\/guineediversite.com\/wp-content\/uploads\/2019\/06\/000_rw0ok_0.jpg\" \/>\n\t<meta property=\"og:image:width\" content=\"1023\" \/>\n\t<meta property=\"og:image:height\" content=\"578\" \/>\n\t<meta property=\"og:image:type\" content=\"image\/jpeg\" \/>\n<meta name=\"author\" content=\"Guin\u00e9e Diversit\u00e9\" \/>\n<meta name=\"twitter:card\" content=\"summary_large_image\" \/>\n<meta name=\"twitter:creator\" content=\"@GuineeDiversite\" \/>\n<meta name=\"twitter:site\" content=\"@GuineeDiversite\" \/>\n<meta name=\"twitter:label1\" content=\"\u00c9crit par\" \/>\n\t<meta name=\"twitter:data1\" content=\"Guin\u00e9e Diversit\u00e9\" \/>\n\t<meta name=\"twitter:label2\" content=\"Dur\u00e9e de lecture estim\u00e9e\" \/>\n\t<meta name=\"twitter:data2\" content=\"7 minutes\" \/>\n<script type=\"application\/ld+json\" class=\"yoast-schema-graph\">{\"@context\":\"https:\/\/schema.org\",\"@graph\":[{\"@type\":\"Article\",\"@id\":\"https:\/\/guineediversite.com\/index.php\/2019\/06\/18\/les-dix-stars-africaines-a-suivre-pendant-la-can-2019-en-egypte\/#article\",\"isPartOf\":{\"@id\":\"https:\/\/guineediversite.com\/index.php\/2019\/06\/18\/les-dix-stars-africaines-a-suivre-pendant-la-can-2019-en-egypte\/\"},\"author\":{\"name\":\"Guin\u00e9e Diversit\u00e9\",\"@id\":\"https:\/\/guineediversite.com\/#\/schema\/person\/afa08fb34e7fc6e1feafc892612bc836\"},\"headline\":\"Les dix stars africaines \u00e0 suivre pendant la CAN 2019 en \u00c9gypte\",\"datePublished\":\"2019-06-18T11:36:00+00:00\",\"dateModified\":\"2019-06-18T11:36:00+00:00\",\"mainEntityOfPage\":{\"@id\":\"https:\/\/guineediversite.com\/index.php\/2019\/06\/18\/les-dix-stars-africaines-a-suivre-pendant-la-can-2019-en-egypte\/\"},\"wordCount\":1351,\"publisher\":{\"@id\":\"https:\/\/guineediversite.com\/#organization\"},\"image\":{\"@id\":\"https:\/\/guineediversite.com\/index.php\/2019\/06\/18\/les-dix-stars-africaines-a-suivre-pendant-la-can-2019-en-egypte\/#primaryimage\"},\"thumbnailUrl\":\"https:\/\/guineediversite.com\/wp-content\/uploads\/2019\/06\/000_rw0ok_0.jpg\",\"articleSection\":[\"Sport\"],\"inLanguage\":\"fr-FR\"},{\"@type\":\"WebPage\",\"@id\":\"https:\/\/guineediversite.com\/index.php\/2019\/06\/18\/les-dix-stars-africaines-a-suivre-pendant-la-can-2019-en-egypte\/\",\"url\":\"https:\/\/guineediversite.com\/index.php\/2019\/06\/18\/les-dix-stars-africaines-a-suivre-pendant-la-can-2019-en-egypte\/\",\"name\":\"Les dix stars africaines \u00e0 suivre pendant la CAN 2019 en \u00c9gypte | Guin\u00e9e Diversit\u00e9\",\"isPartOf\":{\"@id\":\"https:\/\/guineediversite.com\/#website\"},\"primaryImageOfPage\":{\"@id\":\"https:\/\/guineediversite.com\/index.php\/2019\/06\/18\/les-dix-stars-africaines-a-suivre-pendant-la-can-2019-en-egypte\/#primaryimage\"},\"image\":{\"@id\":\"https:\/\/guineediversite.com\/index.php\/2019\/06\/18\/les-dix-stars-africaines-a-suivre-pendant-la-can-2019-en-egypte\/#primaryimage\"},\"thumbnailUrl\":\"https:\/\/guineediversite.com\/wp-content\/uploads\/2019\/06\/000_rw0ok_0.jpg\",\"datePublished\":\"2019-06-18T11:36:00+00:00\",\"dateModified\":\"2019-06-18T11:36:00+00:00\",\"breadcrumb\":{\"@id\":\"https:\/\/guineediversite.com\/index.php\/2019\/06\/18\/les-dix-stars-africaines-a-suivre-pendant-la-can-2019-en-egypte\/#breadcrumb\"},\"inLanguage\":\"fr-FR\",\"potentialAction\":[{\"@type\":\"ReadAction\",\"target\":[\"https:\/\/guineediversite.com\/index.php\/2019\/06\/18\/les-dix-stars-africaines-a-suivre-pendant-la-can-2019-en-egypte\/\"]}]},{\"@type\":\"ImageObject\",\"inLanguage\":\"fr-FR\",\"@id\":\"https:\/\/guineediversite.com\/index.php\/2019\/06\/18\/les-dix-stars-africaines-a-suivre-pendant-la-can-2019-en-egypte\/#primaryimage\",\"url\":\"https:\/\/guineediversite.com\/wp-content\/uploads\/2019\/06\/000_rw0ok_0.jpg\",\"contentUrl\":\"https:\/\/guineediversite.com\/wp-content\/uploads\/2019\/06\/000_rw0ok_0.jpg\",\"width\":1023,\"height\":578},{\"@type\":\"BreadcrumbList\",\"@id\":\"https:\/\/guineediversite.com\/index.php\/2019\/06\/18\/les-dix-stars-africaines-a-suivre-pendant-la-can-2019-en-egypte\/#breadcrumb\",\"itemListElement\":[{\"@type\":\"ListItem\",\"position\":1,\"name\":\"Accueil\",\"item\":\"https:\/\/guineediversite.com\/\"},{\"@type\":\"ListItem\",\"position\":2,\"name\":\"Les dix stars africaines \u00e0 suivre pendant la CAN 2019 en \u00c9gypte\"}]},{\"@type\":\"WebSite\",\"@id\":\"https:\/\/guineediversite.com\/#website\",\"url\":\"https:\/\/guineediversite.com\/\",\"name\":\"Guin\u00e9e Diversit\u00e9\",\"description\":\"L&#039;Info dans toute sa diversit\u00e9\",\"publisher\":{\"@id\":\"https:\/\/guineediversite.com\/#organization\"},\"potentialAction\":[{\"@type\":\"SearchAction\",\"target\":{\"@type\":\"EntryPoint\",\"urlTemplate\":\"https:\/\/guineediversite.com\/?s={search_term_string}\"},\"query-input\":{\"@type\":\"PropertyValueSpecification\",\"valueRequired\":true,\"valueName\":\"search_term_string\"}}],\"inLanguage\":\"fr-FR\"},{\"@type\":\"Organization\",\"@id\":\"https:\/\/guineediversite.com\/#organization\",\"name\":\"Guin\u00e9e Diversit\u00e9\",\"url\":\"https:\/\/guineediversite.com\/\",\"logo\":{\"@type\":\"ImageObject\",\"inLanguage\":\"fr-FR\",\"@id\":\"https:\/\/guineediversite.com\/#\/schema\/logo\/image\/\",\"url\":\"https:\/\/guineediversite.com\/wp-content\/uploads\/2017\/04\/cropped-1jojlxEOMkX9Wyqfhe43D6kjPOGqBBKmx3EwWJqZ0cMrFF54yM49.png\",\"contentUrl\":\"https:\/\/guineediversite.com\/wp-content\/uploads\/2017\/04\/cropped-1jojlxEOMkX9Wyqfhe43D6kjPOGqBBKmx3EwWJqZ0cMrFF54yM49.png\",\"width\":186,\"height\":112,\"caption\":\"Guin\u00e9e Diversit\u00e9\"},\"image\":{\"@id\":\"https:\/\/guineediversite.com\/#\/schema\/logo\/image\/\"},\"sameAs\":[\"https:\/\/www.facebook.com\/guineediversite\/\",\"https:\/\/x.com\/GuineeDiversite\",\"https:\/\/www.youtube.com\/channel\/UC8sUY16qelG5ge6_D5SB83g\"]},{\"@type\":\"Person\",\"@id\":\"https:\/\/guineediversite.com\/#\/schema\/person\/afa08fb34e7fc6e1feafc892612bc836\",\"name\":\"Guin\u00e9e Diversit\u00e9\",\"image\":{\"@type\":\"ImageObject\",\"inLanguage\":\"fr-FR\",\"@id\":\"https:\/\/guineediversite.com\/#\/schema\/person\/image\/\",\"url\":\"https:\/\/secure.gravatar.com\/avatar\/50d5eb5b390f8b65ac30ac6f898eb83a?s=96&d=mm&r=g\",\"contentUrl\":\"https:\/\/secure.gravatar.com\/avatar\/50d5eb5b390f8b65ac30ac6f898eb83a?s=96&d=mm&r=g\",\"caption\":\"Guin\u00e9e Diversit\u00e9\"},\"url\":\"https:\/\/guineediversite.com\/index.php\/author\/guineediversite\/\"}]}<\/script>\n<!-- \/ Yoast SEO plugin. -->","yoast_head_json":{"title":"Les dix stars africaines \u00e0 suivre pendant la CAN 2019 en \u00c9gypte | Guin\u00e9e Diversit\u00e9","robots":{"index":"index","follow":"follow","max-snippet":"max-snippet:-1","max-image-preview":"max-image-preview:large","max-video-preview":"max-video-preview:-1"},"canonical":"https:\/\/guineediversite.com\/index.php\/2019\/06\/18\/les-dix-stars-africaines-a-suivre-pendant-la-can-2019-en-egypte\/","og_locale":"fr_FR","og_type":"article","og_title":"Les dix stars africaines \u00e0 suivre pendant la CAN 2019 en \u00c9gypte | Guin\u00e9e Diversit\u00e9","og_description":"Alors que la Coupe d\u2019Afrique des nations 2019 d\u00e9bute ce vendredi 21 juin au Caire avec le match d\u2019ouverture opposant l\u2019\u00c9gypte au Zimbabwe, RFI fait le tour d\u2019horizon des 10 stars africaines qui vont animer la comp\u00e9tition. Mohamed Salah (27 ans, \u00c9gypte) L\u2019\u00c9gyptien Mohamed Salah sera sans aucun doute l\u2019un des joueurs les plus scrut\u00e9s [&hellip;]","og_url":"https:\/\/guineediversite.com\/index.php\/2019\/06\/18\/les-dix-stars-africaines-a-suivre-pendant-la-can-2019-en-egypte\/","og_site_name":"Guin\u00e9e Diversit\u00e9","article_publisher":"https:\/\/www.facebook.com\/guineediversite\/","article_published_time":"2019-06-18T11:36:00+00:00","og_image":[{"width":1023,"height":578,"url":"https:\/\/guineediversite.com\/wp-content\/uploads\/2019\/06\/000_rw0ok_0.jpg","type":"image\/jpeg"}],"author":"Guin\u00e9e Diversit\u00e9","twitter_card":"summary_large_image","twitter_creator":"@GuineeDiversite","twitter_site":"@GuineeDiversite","twitter_misc":{"\u00c9crit par":"Guin\u00e9e Diversit\u00e9","Dur\u00e9e de lecture estim\u00e9e":"7 minutes"},"schema":{"@context":"https:\/\/schema.org","@graph":[{"@type":"Article","@id":"https:\/\/guineediversite.com\/index.php\/2019\/06\/18\/les-dix-stars-africaines-a-suivre-pendant-la-can-2019-en-egypte\/#article","isPartOf":{"@id":"https:\/\/guineediversite.com\/index.php\/2019\/06\/18\/les-dix-stars-africaines-a-suivre-pendant-la-can-2019-en-egypte\/"},"author":{"name":"Guin\u00e9e Diversit\u00e9","@id":"https:\/\/guineediversite.com\/#\/schema\/person\/afa08fb34e7fc6e1feafc892612bc836"},"headline":"Les dix stars africaines \u00e0 suivre pendant la CAN 2019 en \u00c9gypte","datePublished":"2019-06-18T11:36:00+00:00","dateModified":"2019-06-18T11:36:00+00:00","mainEntityOfPage":{"@id":"https:\/\/guineediversite.com\/index.php\/2019\/06\/18\/les-dix-stars-africaines-a-suivre-pendant-la-can-2019-en-egypte\/"},"wordCount":1351,"publisher":{"@id":"https:\/\/guineediversite.com\/#organization"},"image":{"@id":"https:\/\/guineediversite.com\/index.php\/2019\/06\/18\/les-dix-stars-africaines-a-suivre-pendant-la-can-2019-en-egypte\/#primaryimage"},"thumbnailUrl":"https:\/\/guineediversite.com\/wp-content\/uploads\/2019\/06\/000_rw0ok_0.jpg","articleSection":["Sport"],"inLanguage":"fr-FR"},{"@type":"WebPage","@id":"https:\/\/guineediversite.com\/index.php\/2019\/06\/18\/les-dix-stars-africaines-a-suivre-pendant-la-can-2019-en-egypte\/","url":"https:\/\/guineediversite.com\/index.php\/2019\/06\/18\/les-dix-stars-africaines-a-suivre-pendant-la-can-2019-en-egypte\/","name":"Les dix stars africaines \u00e0 suivre pendant la CAN 2019 en \u00c9gypte | Guin\u00e9e Diversit\u00e9","isPartOf":{"@id":"https:\/\/guineediversite.com\/#website"},"primaryImageOfPage":{"@id":"https:\/\/guineediversite.com\/index.php\/2019\/06\/18\/les-dix-stars-africaines-a-suivre-pendant-la-can-2019-en-egypte\/#primaryimage"},"image":{"@id":"https:\/\/guineediversite.com\/index.php\/2019\/06\/18\/les-dix-stars-africaines-a-suivre-pendant-la-can-2019-en-egypte\/#primaryimage"},"thumbnailUrl":"https:\/\/guineediversite.com\/wp-content\/uploads\/2019\/06\/000_rw0ok_0.jpg","datePublished":"2019-06-18T11:36:00+00:00","dateModified":"2019-06-18T11:36:00+00:00","breadcrumb":{"@id":"https:\/\/guineediversite.com\/index.php\/2019\/06\/18\/les-dix-stars-africaines-a-suivre-pendant-la-can-2019-en-egypte\/#breadcrumb"},"inLanguage":"fr-FR","potentialAction":[{"@type":"ReadAction","target":["https:\/\/guineediversite.com\/index.php\/2019\/06\/18\/les-dix-stars-africaines-a-suivre-pendant-la-can-2019-en-egypte\/"]}]},{"@type":"ImageObject","inLanguage":"fr-FR","@id":"https:\/\/guineediversite.com\/index.php\/2019\/06\/18\/les-dix-stars-africaines-a-suivre-pendant-la-can-2019-en-egypte\/#primaryimage","url":"https:\/\/guineediversite.com\/wp-content\/uploads\/2019\/06\/000_rw0ok_0.jpg","contentUrl":"https:\/\/guineediversite.com\/wp-content\/uploads\/2019\/06\/000_rw0ok_0.jpg","width":1023,"height":578},{"@type":"BreadcrumbList","@id":"https:\/\/guineediversite.com\/index.php\/2019\/06\/18\/les-dix-stars-africaines-a-suivre-pendant-la-can-2019-en-egypte\/#breadcrumb","itemListElement":[{"@type":"ListItem","position":1,"name":"Accueil","item":"https:\/\/guineediversite.com\/"},{"@type":"ListItem","position":2,"name":"Les dix stars africaines \u00e0 suivre pendant la CAN 2019 en \u00c9gypte"}]},{"@type":"WebSite","@id":"https:\/\/guineediversite.com\/#website","url":"https:\/\/guineediversite.com\/","name":"Guin\u00e9e Diversit\u00e9","description":"L&#039;Info dans toute sa diversit\u00e9","publisher":{"@id":"https:\/\/guineediversite.com\/#organization"},"potentialAction":[{"@type":"SearchAction","target":{"@type":"EntryPoint","urlTemplate":"https:\/\/guineediversite.com\/?s={search_term_string}"},"query-input":{"@type":"PropertyValueSpecification","valueRequired":true,"valueName":"search_term_string"}}],"inLanguage":"fr-FR"},{"@type":"Organization","@id":"https:\/\/guineediversite.com\/#organization","name":"Guin\u00e9e Diversit\u00e9","url":"https:\/\/guineediversite.com\/","logo":{"@type":"ImageObject","inLanguage":"fr-FR","@id":"https:\/\/guineediversite.com\/#\/schema\/logo\/image\/","url":"https:\/\/guineediversite.com\/wp-content\/uploads\/2017\/04\/cropped-1jojlxEOMkX9Wyqfhe43D6kjPOGqBBKmx3EwWJqZ0cMrFF54yM49.png","contentUrl":"https:\/\/guineediversite.com\/wp-content\/uploads\/2017\/04\/cropped-1jojlxEOMkX9Wyqfhe43D6kjPOGqBBKmx3EwWJqZ0cMrFF54yM49.png","width":186,"height":112,"caption":"Guin\u00e9e Diversit\u00e9"},"image":{"@id":"https:\/\/guineediversite.com\/#\/schema\/logo\/image\/"},"sameAs":["https:\/\/www.facebook.com\/guineediversite\/","https:\/\/x.com\/GuineeDiversite","https:\/\/www.youtube.com\/channel\/UC8sUY16qelG5ge6_D5SB83g"]},{"@type":"Person","@id":"https:\/\/guineediversite.com\/#\/schema\/person\/afa08fb34e7fc6e1feafc892612bc836","name":"Guin\u00e9e Diversit\u00e9","image":{"@type":"ImageObject","inLanguage":"fr-FR","@id":"https:\/\/guineediversite.com\/#\/schema\/person\/image\/","url":"https:\/\/secure.gravatar.com\/avatar\/50d5eb5b390f8b65ac30ac6f898eb83a?s=96&d=mm&r=g","contentUrl":"https:\/\/secure.gravatar.com\/avatar\/50d5eb5b390f8b65ac30ac6f898eb83a?s=96&d=mm&r=g","caption":"Guin\u00e9e Diversit\u00e9"},"url":"https:\/\/guineediversite.com\/index.php\/author\/guineediversite\/"}]}},"_links":{"self":[{"href":"https:\/\/guineediversite.com\/index.php\/wp-json\/wp\/v2\/posts\/28609"}],"collection":[{"href":"https:\/\/guineediversite.com\/index.php\/wp-json\/wp\/v2\/posts"}],"about":[{"href":"https:\/\/guineediversite.com\/index.php\/wp-json\/wp\/v2\/types\/post"}],"author":[{"embeddable":true,"href":"https:\/\/guineediversite.com\/index.php\/wp-json\/wp\/v2\/users\/12"}],"replies":[{"embeddable":true,"href":"https:\/\/guineediversite.com\/index.php\/wp-json\/wp\/v2\/comments?post=28609"}],"version-history":[{"count":0,"href":"https:\/\/guineediversite.com\/index.php\/wp-json\/wp\/v2\/posts\/28609\/revisions"}],"wp:featuredmedia":[{"embeddable":true,"href":"https:\/\/guineediversite.com\/index.php\/wp-json\/wp\/v2\/media\/28610"}],"wp:attachment":[{"href":"https:\/\/guineediversite.com\/index.php\/wp-json\/wp\/v2\/media?parent=28609"}],"wp:term":[{"taxonomy":"category","embeddable":true,"href":"https:\/\/guineediversite.com\/index.php\/wp-json\/wp\/v2\/categories?post=28609"},{"taxonomy":"post_tag","embeddable":true,"href":"https:\/\/guineediversite.com\/index.php\/wp-json\/wp\/v2\/tags?post=28609"}],"curies":[{"name":"wp","href":"https:\/\/api.w.org\/{rel}","templated":true}]}}