{"id":28588,"date":"2019-06-17T14:31:35","date_gmt":"2019-06-17T12:31:35","guid":{"rendered":"https:\/\/guineediversite.com\/?p=28588"},"modified":"2019-06-17T15:18:58","modified_gmt":"2019-06-17T13:18:58","slug":"conakry-la-maison-des-associations-attaquees-par-la-police","status":"publish","type":"post","link":"https:\/\/guineediversite.com\/index.php\/2019\/06\/17\/conakry-la-maison-des-associations-attaquees-par-la-police\/","title":{"rendered":"Conakry : La maison des associations attaqu\u00e9es par la police"},"content":{"rendered":"<p><strong>Le mouvement Amoulanf\u00e9 en fran\u00e7ais ( pas question) a \u00e9t\u00e9 lanc\u00e9 ce dimanche par des jeunes de la commune de Matoto. Ce mouvement s\u2019inscrit dans l\u2019esprit de protester contre toute modification de la constitution guin\u00e9enne. La c\u00e9r\u00e9monie s\u2019est tenue dans la Maison des Associations sise \u00e0 Yimbaya pharmacie. Cette rencontre s\u2019est termin\u00e9e par une descente muscl\u00e9e des agents de la police.<\/strong><\/p>\n<p><img loading=\"lazy\" decoding=\"async\" class=\"alignnone wp-image-28591\" src=\"https:\/\/guineediversite.com.bwjx4292.odns.fr\/wp-content\/uploads\/2019\/06\/YIMB2-300x146.jpg\" alt=\"\" width=\"787\" height=\"383\" srcset=\"https:\/\/guineediversite.com\/wp-content\/uploads\/2019\/06\/YIMB2-300x146.jpg 300w, https:\/\/guineediversite.com\/wp-content\/uploads\/2019\/06\/YIMB2-768x374.jpg 768w, https:\/\/guineediversite.com\/wp-content\/uploads\/2019\/06\/YIMB2-1024x498.jpg 1024w, https:\/\/guineediversite.com\/wp-content\/uploads\/2019\/06\/YIMB2-600x292.jpg 600w, https:\/\/guineediversite.com\/wp-content\/uploads\/2019\/06\/YIMB2.jpg 1260w\" sizes=\"(max-width: 787px) 100vw, 787px\" \/><\/p>\n<p>Le lancement du mouvement Amoulaf\u00e9 a drain\u00e9 ce dimanche dans la cour de la maison des associations, une foule de jeunes et des repr\u00e9sentants des partis politiques dont Bah Oury, pr\u00e9sident de l\u2019UFDG-Renouveau, Aliou Bah pr\u00e9sident du parti MODEM, tous venus pour soutenir le concept <strong>Amoulanf\u00e9<\/strong> en soussou et en fran\u00e7ais <strong>(pas question)<\/strong>.<\/p>\n<p>Une id\u00e9e qui selon les organisateurs est n\u00e9e pour emp\u00eacher toute possibilit\u00e9 de modification de la constitution. Malone Souar\u00e9 est l\u2019administrateur du mouvement Amoulanf\u00e9<\/p>\n<p>\u00ab <em>Notre objectif est de faire \u00e9merger un type nouveau mod\u00e8le de citoyen, un citoyen qui conna\u00eet ses droits et surtout ses devoirs .qui s&rsquo;, int\u00e9ressent et s\u2019impliquent dans la gestion de la chose publique, nous ne souhaitons pas que les politiques fassent l\u2019\u00e9ducation citoyenne de nos jeunes, mais que cette \u00e9ducation se fasse de telle sorte que la nation enti\u00e8re en tire un b\u00e9n\u00e9fice. En m\u00eame temps nous travaillons \u00e0 promouvoir l\u2019exemplarit\u00e9, agir pour tous, d\u00e9fendre les bonnes pratiques de bonnes gouvernances et inciter au respect des principes d\u00e9mocratiques<\/em> \u00bb.<\/p>\n<p><strong>\u2018\u2019 Si le pr\u00e9sident Alpha Cond\u00e9 refuse de respecter la constitution de 2010, il creusera sa propre tombe\u2019\u2019<\/strong><\/p>\n<p>Badara konat\u00e9 de l\u2019UFR, tr\u00e8s remont\u00e9 ne passera pas par quatre chemins en prodiguant des conseils au pr\u00e9sident Alpha Cond\u00e9.<\/p>\n<p>\u00ab <em>Le pr\u00e9sident Alpha Cond\u00e9, il est temps pour lui de comprendre qu\u2019il serait mieux de faire comme Nelson Mandela, ou encore comme Alpha Oumar Konar\u00e9, et cela va l\u2019aider \u00e0 \u00eatre un grand homme dans l\u2019histoire de la Guin\u00e9e. S&rsquo;il ne le fait pas. Il creusera lui-m\u00eame sa propre tombe<\/em> \u00bb.<\/p>\n<p>Lansana Diawara, initiateur du concept brassard Rouge a de son cot\u00e9 adress\u00e9 un message fort au promoteur de la nouvelle constitution.<\/p>\n<p>\u00ab <em>Ce jour est un jour historique pour dire au pr\u00e9sident Cond\u00e9 et les d\u00e9linquants politiques qui sont autour de lui, de leur dire Amoulanfe. Ce jour est jour historique pourquoi ? Puisque depuis que nous avons constat\u00e9 les vell\u00e9it\u00e9s d\u2019un troisi\u00e8me mandat du pr\u00e9sident Cond\u00e9 et de son entourage, c\u2019est le tout premier meeting pour l\u2019ensemble des mouvements essentiels les plus repr\u00e9sentatifs d\u2019une activit\u00e9 commune<\/em> \u00bb.<\/p>\n<p>A signaler qu\u2019au terme de cette c\u00e9r\u00e9monie, la police a effectu\u00e9e une descente muscl\u00e9e faisant usage des gaz lacrymog\u00e8nes. Deux membres du mouvement <strong>Amoulanf\u00e9<\/strong> en soussou et en fran\u00e7ais <strong>(pas question)<\/strong> \u00a0ont \u00e9t\u00e9 arr\u00eat\u00e9s. Des journalistes et autres participants \u00e0 cette activit\u00e9 ont \u00e9t\u00e9 gri\u00e8vement bless\u00e9s.<\/p>\n<p><img loading=\"lazy\" decoding=\"async\" class=\"alignnone wp-image-28590\" src=\"https:\/\/guineediversite.com.bwjx4292.odns.fr\/wp-content\/uploads\/2019\/06\/YIMB1-300x146.jpg\" alt=\"\" width=\"818\" height=\"398\" srcset=\"https:\/\/guineediversite.com\/wp-content\/uploads\/2019\/06\/YIMB1-300x146.jpg 300w, https:\/\/guineediversite.com\/wp-content\/uploads\/2019\/06\/YIMB1-768x374.jpg 768w, https:\/\/guineediversite.com\/wp-content\/uploads\/2019\/06\/YIMB1-1024x498.jpg 1024w, https:\/\/guineediversite.com\/wp-content\/uploads\/2019\/06\/YIMB1-600x292.jpg 600w, https:\/\/guineediversite.com\/wp-content\/uploads\/2019\/06\/YIMB1.jpg 1260w\" sizes=\"(max-width: 818px) 100vw, 818px\" \/><\/p>\n","protected":false},"excerpt":{"rendered":"<p>Le mouvement Amoulanf\u00e9 en fran\u00e7ais ( pas question) a \u00e9t\u00e9 lanc\u00e9 ce dimanche par des jeunes de la commune de Matoto. Ce mouvement s\u2019inscrit dans l\u2019esprit de protester contre toute modification de la constitution guin\u00e9enne. La c\u00e9r\u00e9monie s\u2019est tenue dans la Maison des Associations sise \u00e0 Yimbaya pharmacie. Cette rencontre s\u2019est termin\u00e9e par une descente [&hellip;]<\/p>\n","protected":false},"author":10,"featured_media":28589,"comment_status":"closed","ping_status":"closed","sticky":false,"template":"","format":"standard","meta":{"_exactmetrics_skip_tracking":false,"_exactmetrics_sitenote_active":false,"_exactmetrics_sitenote_note":"","_exactmetrics_sitenote_category":0,"tdm_status":"","tdm_grid_status":"","footnotes":""},"categories":[14,16],"tags":[],"class_list":{"0":"post-28588","1":"post","2":"type-post","3":"status-publish","4":"format-standard","5":"has-post-thumbnail","7":"category-politique","8":"category-societe"},"yoast_head":"<!-- This site is optimized with the Yoast SEO plugin v24.2 - https:\/\/yoast.com\/wordpress\/plugins\/seo\/ -->\n<title>Conakry : La maison des associations attaqu\u00e9es par la police | Guin\u00e9e Diversit\u00e9<\/title>\n<meta name=\"robots\" content=\"index, follow, max-snippet:-1, max-image-preview:large, max-video-preview:-1\" \/>\n<link rel=\"canonical\" href=\"https:\/\/guineediversite.com\/index.php\/2019\/06\/17\/conakry-la-maison-des-associations-attaquees-par-la-police\/\" \/>\n<meta property=\"og:locale\" content=\"fr_FR\" \/>\n<meta property=\"og:type\" content=\"article\" \/>\n<meta property=\"og:title\" content=\"Conakry : La maison des associations attaqu\u00e9es par la police | Guin\u00e9e Diversit\u00e9\" \/>\n<meta property=\"og:description\" content=\"Le mouvement Amoulanf\u00e9 en fran\u00e7ais ( pas question) a \u00e9t\u00e9 lanc\u00e9 ce dimanche par des jeunes de la commune de Matoto. Ce mouvement s\u2019inscrit dans l\u2019esprit de protester contre toute modification de la constitution guin\u00e9enne. La c\u00e9r\u00e9monie s\u2019est tenue dans la Maison des Associations sise \u00e0 Yimbaya pharmacie. Cette rencontre s\u2019est termin\u00e9e par une descente [&hellip;]\" \/>\n<meta property=\"og:url\" content=\"https:\/\/guineediversite.com\/index.php\/2019\/06\/17\/conakry-la-maison-des-associations-attaquees-par-la-police\/\" \/>\n<meta property=\"og:site_name\" content=\"Guin\u00e9e Diversit\u00e9\" \/>\n<meta property=\"article:publisher\" content=\"https:\/\/www.facebook.com\/guineediversite\/\" \/>\n<meta property=\"article:published_time\" content=\"2019-06-17T12:31:35+00:00\" \/>\n<meta property=\"article:modified_time\" content=\"2019-06-17T13:18:58+00:00\" \/>\n<meta property=\"og:image\" content=\"https:\/\/guineediversite.com\/wp-content\/uploads\/2019\/06\/YMB3.jpg\" \/>\n\t<meta property=\"og:image:width\" content=\"1260\" \/>\n\t<meta property=\"og:image:height\" content=\"613\" \/>\n\t<meta property=\"og:image:type\" content=\"image\/jpeg\" \/>\n<meta name=\"author\" content=\"Morcire Camara\" \/>\n<meta name=\"twitter:card\" content=\"summary_large_image\" \/>\n<meta name=\"twitter:creator\" content=\"@GuineeDiversite\" \/>\n<meta name=\"twitter:site\" content=\"@GuineeDiversite\" \/>\n<meta name=\"twitter:label1\" content=\"\u00c9crit par\" \/>\n\t<meta name=\"twitter:data1\" content=\"Morcire Camara\" \/>\n\t<meta name=\"twitter:label2\" content=\"Dur\u00e9e de lecture estim\u00e9e\" \/>\n\t<meta name=\"twitter:data2\" content=\"3 minutes\" \/>\n<script type=\"application\/ld+json\" class=\"yoast-schema-graph\">{\"@context\":\"https:\/\/schema.org\",\"@graph\":[{\"@type\":\"Article\",\"@id\":\"https:\/\/guineediversite.com\/index.php\/2019\/06\/17\/conakry-la-maison-des-associations-attaquees-par-la-police\/#article\",\"isPartOf\":{\"@id\":\"https:\/\/guineediversite.com\/index.php\/2019\/06\/17\/conakry-la-maison-des-associations-attaquees-par-la-police\/\"},\"author\":{\"name\":\"Morcire Camara\",\"@id\":\"https:\/\/guineediversite.com\/#\/schema\/person\/fa362494c47202ce4b3adf55abcc9d01\"},\"headline\":\"Conakry : La maison des associations attaqu\u00e9es par la police\",\"datePublished\":\"2019-06-17T12:31:35+00:00\",\"dateModified\":\"2019-06-17T13:18:58+00:00\",\"mainEntityOfPage\":{\"@id\":\"https:\/\/guineediversite.com\/index.php\/2019\/06\/17\/conakry-la-maison-des-associations-attaquees-par-la-police\/\"},\"wordCount\":513,\"publisher\":{\"@id\":\"https:\/\/guineediversite.com\/#organization\"},\"image\":{\"@id\":\"https:\/\/guineediversite.com\/index.php\/2019\/06\/17\/conakry-la-maison-des-associations-attaquees-par-la-police\/#primaryimage\"},\"thumbnailUrl\":\"https:\/\/guineediversite.com\/wp-content\/uploads\/2019\/06\/YMB3.jpg\",\"articleSection\":[\"Politique\",\"Soci\u00e9t\u00e9\"],\"inLanguage\":\"fr-FR\"},{\"@type\":\"WebPage\",\"@id\":\"https:\/\/guineediversite.com\/index.php\/2019\/06\/17\/conakry-la-maison-des-associations-attaquees-par-la-police\/\",\"url\":\"https:\/\/guineediversite.com\/index.php\/2019\/06\/17\/conakry-la-maison-des-associations-attaquees-par-la-police\/\",\"name\":\"Conakry : La maison des associations attaqu\u00e9es par la police | Guin\u00e9e Diversit\u00e9\",\"isPartOf\":{\"@id\":\"https:\/\/guineediversite.com\/#website\"},\"primaryImageOfPage\":{\"@id\":\"https:\/\/guineediversite.com\/index.php\/2019\/06\/17\/conakry-la-maison-des-associations-attaquees-par-la-police\/#primaryimage\"},\"image\":{\"@id\":\"https:\/\/guineediversite.com\/index.php\/2019\/06\/17\/conakry-la-maison-des-associations-attaquees-par-la-police\/#primaryimage\"},\"thumbnailUrl\":\"https:\/\/guineediversite.com\/wp-content\/uploads\/2019\/06\/YMB3.jpg\",\"datePublished\":\"2019-06-17T12:31:35+00:00\",\"dateModified\":\"2019-06-17T13:18:58+00:00\",\"breadcrumb\":{\"@id\":\"https:\/\/guineediversite.com\/index.php\/2019\/06\/17\/conakry-la-maison-des-associations-attaquees-par-la-police\/#breadcrumb\"},\"inLanguage\":\"fr-FR\",\"potentialAction\":[{\"@type\":\"ReadAction\",\"target\":[\"https:\/\/guineediversite.com\/index.php\/2019\/06\/17\/conakry-la-maison-des-associations-attaquees-par-la-police\/\"]}]},{\"@type\":\"ImageObject\",\"inLanguage\":\"fr-FR\",\"@id\":\"https:\/\/guineediversite.com\/index.php\/2019\/06\/17\/conakry-la-maison-des-associations-attaquees-par-la-police\/#primaryimage\",\"url\":\"https:\/\/guineediversite.com\/wp-content\/uploads\/2019\/06\/YMB3.jpg\",\"contentUrl\":\"https:\/\/guineediversite.com\/wp-content\/uploads\/2019\/06\/YMB3.jpg\",\"width\":1260,\"height\":613},{\"@type\":\"BreadcrumbList\",\"@id\":\"https:\/\/guineediversite.com\/index.php\/2019\/06\/17\/conakry-la-maison-des-associations-attaquees-par-la-police\/#breadcrumb\",\"itemListElement\":[{\"@type\":\"ListItem\",\"position\":1,\"name\":\"Accueil\",\"item\":\"https:\/\/guineediversite.com\/\"},{\"@type\":\"ListItem\",\"position\":2,\"name\":\"Conakry : La maison des associations attaqu\u00e9es par la police\"}]},{\"@type\":\"WebSite\",\"@id\":\"https:\/\/guineediversite.com\/#website\",\"url\":\"https:\/\/guineediversite.com\/\",\"name\":\"Guin\u00e9e Diversit\u00e9\",\"description\":\"L&#039;Info dans toute sa diversit\u00e9\",\"publisher\":{\"@id\":\"https:\/\/guineediversite.com\/#organization\"},\"potentialAction\":[{\"@type\":\"SearchAction\",\"target\":{\"@type\":\"EntryPoint\",\"urlTemplate\":\"https:\/\/guineediversite.com\/?s={search_term_string}\"},\"query-input\":{\"@type\":\"PropertyValueSpecification\",\"valueRequired\":true,\"valueName\":\"search_term_string\"}}],\"inLanguage\":\"fr-FR\"},{\"@type\":\"Organization\",\"@id\":\"https:\/\/guineediversite.com\/#organization\",\"name\":\"Guin\u00e9e Diversit\u00e9\",\"url\":\"https:\/\/guineediversite.com\/\",\"logo\":{\"@type\":\"ImageObject\",\"inLanguage\":\"fr-FR\",\"@id\":\"https:\/\/guineediversite.com\/#\/schema\/logo\/image\/\",\"url\":\"https:\/\/guineediversite.com\/wp-content\/uploads\/2017\/04\/cropped-1jojlxEOMkX9Wyqfhe43D6kjPOGqBBKmx3EwWJqZ0cMrFF54yM49.png\",\"contentUrl\":\"https:\/\/guineediversite.com\/wp-content\/uploads\/2017\/04\/cropped-1jojlxEOMkX9Wyqfhe43D6kjPOGqBBKmx3EwWJqZ0cMrFF54yM49.png\",\"width\":186,\"height\":112,\"caption\":\"Guin\u00e9e Diversit\u00e9\"},\"image\":{\"@id\":\"https:\/\/guineediversite.com\/#\/schema\/logo\/image\/\"},\"sameAs\":[\"https:\/\/www.facebook.com\/guineediversite\/\",\"https:\/\/x.com\/GuineeDiversite\",\"https:\/\/www.youtube.com\/channel\/UC8sUY16qelG5ge6_D5SB83g\"]},{\"@type\":\"Person\",\"@id\":\"https:\/\/guineediversite.com\/#\/schema\/person\/fa362494c47202ce4b3adf55abcc9d01\",\"name\":\"Morcire Camara\",\"image\":{\"@type\":\"ImageObject\",\"inLanguage\":\"fr-FR\",\"@id\":\"https:\/\/guineediversite.com\/#\/schema\/person\/image\/\",\"url\":\"https:\/\/secure.gravatar.com\/avatar\/3ec324f02295bbcebe03d99b39330ab4?s=96&d=mm&r=g\",\"contentUrl\":\"https:\/\/secure.gravatar.com\/avatar\/3ec324f02295bbcebe03d99b39330ab4?s=96&d=mm&r=g\",\"caption\":\"Morcire Camara\"},\"url\":\"https:\/\/guineediversite.com\/index.php\/author\/morcire\/\"}]}<\/script>\n<!-- \/ Yoast SEO plugin. -->","yoast_head_json":{"title":"Conakry : La maison des associations attaqu\u00e9es par la police | Guin\u00e9e Diversit\u00e9","robots":{"index":"index","follow":"follow","max-snippet":"max-snippet:-1","max-image-preview":"max-image-preview:large","max-video-preview":"max-video-preview:-1"},"canonical":"https:\/\/guineediversite.com\/index.php\/2019\/06\/17\/conakry-la-maison-des-associations-attaquees-par-la-police\/","og_locale":"fr_FR","og_type":"article","og_title":"Conakry : La maison des associations attaqu\u00e9es par la police | Guin\u00e9e Diversit\u00e9","og_description":"Le mouvement Amoulanf\u00e9 en fran\u00e7ais ( pas question) a \u00e9t\u00e9 lanc\u00e9 ce dimanche par des jeunes de la commune de Matoto. Ce mouvement s\u2019inscrit dans l\u2019esprit de protester contre toute modification de la constitution guin\u00e9enne. La c\u00e9r\u00e9monie s\u2019est tenue dans la Maison des Associations sise \u00e0 Yimbaya pharmacie. Cette rencontre s\u2019est termin\u00e9e par une descente [&hellip;]","og_url":"https:\/\/guineediversite.com\/index.php\/2019\/06\/17\/conakry-la-maison-des-associations-attaquees-par-la-police\/","og_site_name":"Guin\u00e9e Diversit\u00e9","article_publisher":"https:\/\/www.facebook.com\/guineediversite\/","article_published_time":"2019-06-17T12:31:35+00:00","article_modified_time":"2019-06-17T13:18:58+00:00","og_image":[{"width":1260,"height":613,"url":"https:\/\/guineediversite.com\/wp-content\/uploads\/2019\/06\/YMB3.jpg","type":"image\/jpeg"}],"author":"Morcire Camara","twitter_card":"summary_large_image","twitter_creator":"@GuineeDiversite","twitter_site":"@GuineeDiversite","twitter_misc":{"\u00c9crit par":"Morcire Camara","Dur\u00e9e de lecture estim\u00e9e":"3 minutes"},"schema":{"@context":"https:\/\/schema.org","@graph":[{"@type":"Article","@id":"https:\/\/guineediversite.com\/index.php\/2019\/06\/17\/conakry-la-maison-des-associations-attaquees-par-la-police\/#article","isPartOf":{"@id":"https:\/\/guineediversite.com\/index.php\/2019\/06\/17\/conakry-la-maison-des-associations-attaquees-par-la-police\/"},"author":{"name":"Morcire Camara","@id":"https:\/\/guineediversite.com\/#\/schema\/person\/fa362494c47202ce4b3adf55abcc9d01"},"headline":"Conakry : La maison des associations attaqu\u00e9es par la police","datePublished":"2019-06-17T12:31:35+00:00","dateModified":"2019-06-17T13:18:58+00:00","mainEntityOfPage":{"@id":"https:\/\/guineediversite.com\/index.php\/2019\/06\/17\/conakry-la-maison-des-associations-attaquees-par-la-police\/"},"wordCount":513,"publisher":{"@id":"https:\/\/guineediversite.com\/#organization"},"image":{"@id":"https:\/\/guineediversite.com\/index.php\/2019\/06\/17\/conakry-la-maison-des-associations-attaquees-par-la-police\/#primaryimage"},"thumbnailUrl":"https:\/\/guineediversite.com\/wp-content\/uploads\/2019\/06\/YMB3.jpg","articleSection":["Politique","Soci\u00e9t\u00e9"],"inLanguage":"fr-FR"},{"@type":"WebPage","@id":"https:\/\/guineediversite.com\/index.php\/2019\/06\/17\/conakry-la-maison-des-associations-attaquees-par-la-police\/","url":"https:\/\/guineediversite.com\/index.php\/2019\/06\/17\/conakry-la-maison-des-associations-attaquees-par-la-police\/","name":"Conakry : La maison des associations attaqu\u00e9es par la police | Guin\u00e9e Diversit\u00e9","isPartOf":{"@id":"https:\/\/guineediversite.com\/#website"},"primaryImageOfPage":{"@id":"https:\/\/guineediversite.com\/index.php\/2019\/06\/17\/conakry-la-maison-des-associations-attaquees-par-la-police\/#primaryimage"},"image":{"@id":"https:\/\/guineediversite.com\/index.php\/2019\/06\/17\/conakry-la-maison-des-associations-attaquees-par-la-police\/#primaryimage"},"thumbnailUrl":"https:\/\/guineediversite.com\/wp-content\/uploads\/2019\/06\/YMB3.jpg","datePublished":"2019-06-17T12:31:35+00:00","dateModified":"2019-06-17T13:18:58+00:00","breadcrumb":{"@id":"https:\/\/guineediversite.com\/index.php\/2019\/06\/17\/conakry-la-maison-des-associations-attaquees-par-la-police\/#breadcrumb"},"inLanguage":"fr-FR","potentialAction":[{"@type":"ReadAction","target":["https:\/\/guineediversite.com\/index.php\/2019\/06\/17\/conakry-la-maison-des-associations-attaquees-par-la-police\/"]}]},{"@type":"ImageObject","inLanguage":"fr-FR","@id":"https:\/\/guineediversite.com\/index.php\/2019\/06\/17\/conakry-la-maison-des-associations-attaquees-par-la-police\/#primaryimage","url":"https:\/\/guineediversite.com\/wp-content\/uploads\/2019\/06\/YMB3.jpg","contentUrl":"https:\/\/guineediversite.com\/wp-content\/uploads\/2019\/06\/YMB3.jpg","width":1260,"height":613},{"@type":"BreadcrumbList","@id":"https:\/\/guineediversite.com\/index.php\/2019\/06\/17\/conakry-la-maison-des-associations-attaquees-par-la-police\/#breadcrumb","itemListElement":[{"@type":"ListItem","position":1,"name":"Accueil","item":"https:\/\/guineediversite.com\/"},{"@type":"ListItem","position":2,"name":"Conakry : La maison des associations attaqu\u00e9es par la police"}]},{"@type":"WebSite","@id":"https:\/\/guineediversite.com\/#website","url":"https:\/\/guineediversite.com\/","name":"Guin\u00e9e Diversit\u00e9","description":"L&#039;Info dans toute sa diversit\u00e9","publisher":{"@id":"https:\/\/guineediversite.com\/#organization"},"potentialAction":[{"@type":"SearchAction","target":{"@type":"EntryPoint","urlTemplate":"https:\/\/guineediversite.com\/?s={search_term_string}"},"query-input":{"@type":"PropertyValueSpecification","valueRequired":true,"valueName":"search_term_string"}}],"inLanguage":"fr-FR"},{"@type":"Organization","@id":"https:\/\/guineediversite.com\/#organization","name":"Guin\u00e9e Diversit\u00e9","url":"https:\/\/guineediversite.com\/","logo":{"@type":"ImageObject","inLanguage":"fr-FR","@id":"https:\/\/guineediversite.com\/#\/schema\/logo\/image\/","url":"https:\/\/guineediversite.com\/wp-content\/uploads\/2017\/04\/cropped-1jojlxEOMkX9Wyqfhe43D6kjPOGqBBKmx3EwWJqZ0cMrFF54yM49.png","contentUrl":"https:\/\/guineediversite.com\/wp-content\/uploads\/2017\/04\/cropped-1jojlxEOMkX9Wyqfhe43D6kjPOGqBBKmx3EwWJqZ0cMrFF54yM49.png","width":186,"height":112,"caption":"Guin\u00e9e Diversit\u00e9"},"image":{"@id":"https:\/\/guineediversite.com\/#\/schema\/logo\/image\/"},"sameAs":["https:\/\/www.facebook.com\/guineediversite\/","https:\/\/x.com\/GuineeDiversite","https:\/\/www.youtube.com\/channel\/UC8sUY16qelG5ge6_D5SB83g"]},{"@type":"Person","@id":"https:\/\/guineediversite.com\/#\/schema\/person\/fa362494c47202ce4b3adf55abcc9d01","name":"Morcire Camara","image":{"@type":"ImageObject","inLanguage":"fr-FR","@id":"https:\/\/guineediversite.com\/#\/schema\/person\/image\/","url":"https:\/\/secure.gravatar.com\/avatar\/3ec324f02295bbcebe03d99b39330ab4?s=96&d=mm&r=g","contentUrl":"https:\/\/secure.gravatar.com\/avatar\/3ec324f02295bbcebe03d99b39330ab4?s=96&d=mm&r=g","caption":"Morcire Camara"},"url":"https:\/\/guineediversite.com\/index.php\/author\/morcire\/"}]}},"_links":{"self":[{"href":"https:\/\/guineediversite.com\/index.php\/wp-json\/wp\/v2\/posts\/28588"}],"collection":[{"href":"https:\/\/guineediversite.com\/index.php\/wp-json\/wp\/v2\/posts"}],"about":[{"href":"https:\/\/guineediversite.com\/index.php\/wp-json\/wp\/v2\/types\/post"}],"author":[{"embeddable":true,"href":"https:\/\/guineediversite.com\/index.php\/wp-json\/wp\/v2\/users\/10"}],"replies":[{"embeddable":true,"href":"https:\/\/guineediversite.com\/index.php\/wp-json\/wp\/v2\/comments?post=28588"}],"version-history":[{"count":0,"href":"https:\/\/guineediversite.com\/index.php\/wp-json\/wp\/v2\/posts\/28588\/revisions"}],"wp:featuredmedia":[{"embeddable":true,"href":"https:\/\/guineediversite.com\/index.php\/wp-json\/wp\/v2\/media\/28589"}],"wp:attachment":[{"href":"https:\/\/guineediversite.com\/index.php\/wp-json\/wp\/v2\/media?parent=28588"}],"wp:term":[{"taxonomy":"category","embeddable":true,"href":"https:\/\/guineediversite.com\/index.php\/wp-json\/wp\/v2\/categories?post=28588"},{"taxonomy":"post_tag","embeddable":true,"href":"https:\/\/guineediversite.com\/index.php\/wp-json\/wp\/v2\/tags?post=28588"}],"curies":[{"name":"wp","href":"https:\/\/api.w.org\/{rel}","templated":true}]}}