{"id":28581,"date":"2019-06-14T13:39:54","date_gmt":"2019-06-14T11:39:54","guid":{"rendered":"https:\/\/guineediversite.com\/?p=28581"},"modified":"2019-06-14T13:39:54","modified_gmt":"2019-06-14T11:39:54","slug":"gambie-le-gouvernement-saisit-les-biens-et-les-avoirs-de-yahya-jammeh","status":"publish","type":"post","link":"https:\/\/guineediversite.com\/index.php\/2019\/06\/14\/gambie-le-gouvernement-saisit-les-biens-et-les-avoirs-de-yahya-jammeh\/","title":{"rendered":"Gambie: le gouvernement saisit les biens et les avoirs de Yahya Jammeh"},"content":{"rendered":"<h2>En Gambie, le gouvernement a saisi les biens et les avoirs de l&rsquo;ancien pr\u00e9sident Yahya Jammeh et de son associ\u00e9, l&rsquo;homme d&rsquo;affaire libanais Muhammed Bazzi. Ils \u00e9taient gel\u00e9s jusqu&rsquo;au 17 juin. Cette confiscation fait suite \u00e0 l&rsquo;enqu\u00eate de la \u00ab\u00a0Janneh Commission\u00a0\u00bb close fin mars, sur les crimes \u00e9conomiques pendant le r\u00e9gime.<\/h2>\n<p>L\u2019\u00c9tat gambien saisi des propri\u00e9t\u00e9s immobili\u00e8res, des terrains, des soci\u00e9t\u00e9s et de multiples comptes en banques dans le pays. Le ministre de la Justice Abubacarr Tambadou demande l&rsquo;aide de ses alli\u00e9s \u00e9trangers pour frapper plus fort.<\/p>\n<p>\u00ab\u00a0<em>J&rsquo;en profite pour demander l&rsquo;aide de la communaut\u00e9 internationale, en particulier nos amis et alli\u00e9s am\u00e9ricains et britanniques, \u00e0 l&rsquo;Union europ\u00e9enne, aux pays africains et du Moyen-Orient, pour nous aider \u00e0 mettre la main sur les avoirs vol\u00e9s au gouvernent<\/em>\u00a0\u00bb, a-t-il d\u00e9clar\u00e9.<\/p>\n<p>La Commission sur les crimes \u00e9conomiques commis sous Yahya Jammeh estime \u00e0 360 millions de dollars l&rsquo;ampleur de la fraude. Une fourchette basse selon un consortium international de journalistes qui \u00e9value l&rsquo;ampleur du pillage \u00e0 un milliard de dollars.<\/p>\n<p>Sherrif Kijera, du centre des victimes, appelle les autorit\u00e9s \u00e0 se servir d&rsquo;une partie des fonds pour financer les r\u00e9parations. \u00ab\u00a0<em>Je pense que le gouvernement doit travailler davantage pour mobiliser des fonds pour les r\u00e9parations. Il pourrait par exemple utiliser au moins une partie de cet argent pour financer la r\u00e9paration des victimes<\/em>\u00a0\u00bb, explique-t-il.<\/p>\n<p>En juin 2018, pour renflouer les caisses de l&rsquo;\u00c9tat,\u00a0<a href=\"http:\/\/www.rfi.fr\/afrique\/20180514-gambie-vend-biens-luxe-yahya-jammeh-renflouer-caisses\" target=\"_blank\" rel=\"noopener\"><strong>le gouvernement gambien avait mis en vente des avions, des voitures de luxe et des terrains<\/strong><\/a>\u00a0appartenant \u00e0 Yahya Jammeh. En d\u00e9cembre 2017, les \u00c9tats-Unis avaient \u00e9galement gel\u00e9 les comptes bancaires et les avoirs de Yahya Jammeh qui poss\u00e8de une r\u00e9sidence sur le sol am\u00e9ricain. Il est d\u00e9sormais interdit de territoire.<\/p>\n<p>RFI<\/p>\n","protected":false},"excerpt":{"rendered":"<p>En Gambie, le gouvernement a saisi les biens et les avoirs de l&rsquo;ancien pr\u00e9sident Yahya Jammeh et de son associ\u00e9, l&rsquo;homme d&rsquo;affaire libanais Muhammed Bazzi. Ils \u00e9taient gel\u00e9s jusqu&rsquo;au 17 juin. Cette confiscation fait suite \u00e0 l&rsquo;enqu\u00eate de la \u00ab\u00a0Janneh Commission\u00a0\u00bb close fin mars, sur les crimes \u00e9conomiques pendant le r\u00e9gime. L\u2019\u00c9tat gambien saisi des [&hellip;]<\/p>\n","protected":false},"author":7,"featured_media":28582,"comment_status":"closed","ping_status":"closed","sticky":false,"template":"","format":"standard","meta":{"_exactmetrics_skip_tracking":false,"_exactmetrics_sitenote_active":false,"_exactmetrics_sitenote_note":"","_exactmetrics_sitenote_category":0,"tdm_status":"","tdm_grid_status":"","footnotes":""},"categories":[21],"tags":[],"class_list":{"0":"post-28581","1":"post","2":"type-post","3":"status-publish","4":"format-standard","5":"has-post-thumbnail","7":"category-international"},"yoast_head":"<!-- This site is optimized with the Yoast SEO plugin v24.2 - https:\/\/yoast.com\/wordpress\/plugins\/seo\/ -->\n<title>Gambie: le gouvernement saisit les biens et les avoirs de Yahya Jammeh | Guin\u00e9e Diversit\u00e9<\/title>\n<meta name=\"robots\" content=\"index, follow, max-snippet:-1, max-image-preview:large, max-video-preview:-1\" \/>\n<link rel=\"canonical\" href=\"https:\/\/guineediversite.com\/index.php\/2019\/06\/14\/gambie-le-gouvernement-saisit-les-biens-et-les-avoirs-de-yahya-jammeh\/\" \/>\n<meta property=\"og:locale\" content=\"fr_FR\" \/>\n<meta property=\"og:type\" content=\"article\" \/>\n<meta property=\"og:title\" content=\"Gambie: le gouvernement saisit les biens et les avoirs de Yahya Jammeh | Guin\u00e9e Diversit\u00e9\" \/>\n<meta property=\"og:description\" content=\"En Gambie, le gouvernement a saisi les biens et les avoirs de l&rsquo;ancien pr\u00e9sident Yahya Jammeh et de son associ\u00e9, l&rsquo;homme d&rsquo;affaire libanais Muhammed Bazzi. Ils \u00e9taient gel\u00e9s jusqu&rsquo;au 17 juin. Cette confiscation fait suite \u00e0 l&rsquo;enqu\u00eate de la \u00ab\u00a0Janneh Commission\u00a0\u00bb close fin mars, sur les crimes \u00e9conomiques pendant le r\u00e9gime. L\u2019\u00c9tat gambien saisi des [&hellip;]\" \/>\n<meta property=\"og:url\" content=\"https:\/\/guineediversite.com\/index.php\/2019\/06\/14\/gambie-le-gouvernement-saisit-les-biens-et-les-avoirs-de-yahya-jammeh\/\" \/>\n<meta property=\"og:site_name\" content=\"Guin\u00e9e Diversit\u00e9\" \/>\n<meta property=\"article:publisher\" content=\"https:\/\/www.facebook.com\/guineediversite\/\" \/>\n<meta property=\"article:published_time\" content=\"2019-06-14T11:39:54+00:00\" \/>\n<meta property=\"og:image\" content=\"https:\/\/guineediversite.com\/wp-content\/uploads\/2019\/06\/GAMBIE.jpg\" \/>\n\t<meta property=\"og:image:width\" content=\"1024\" \/>\n\t<meta property=\"og:image:height\" content=\"578\" \/>\n\t<meta property=\"og:image:type\" content=\"image\/jpeg\" \/>\n<meta name=\"author\" content=\"Bilguissa Diallo\" \/>\n<meta name=\"twitter:card\" content=\"summary_large_image\" \/>\n<meta name=\"twitter:creator\" content=\"@GuineeDiversite\" \/>\n<meta name=\"twitter:site\" content=\"@GuineeDiversite\" \/>\n<meta name=\"twitter:label1\" content=\"\u00c9crit par\" \/>\n\t<meta name=\"twitter:data1\" content=\"Bilguissa Diallo\" \/>\n\t<meta name=\"twitter:label2\" content=\"Dur\u00e9e de lecture estim\u00e9e\" \/>\n\t<meta name=\"twitter:data2\" content=\"1 minute\" \/>\n<script type=\"application\/ld+json\" class=\"yoast-schema-graph\">{\"@context\":\"https:\/\/schema.org\",\"@graph\":[{\"@type\":\"Article\",\"@id\":\"https:\/\/guineediversite.com\/index.php\/2019\/06\/14\/gambie-le-gouvernement-saisit-les-biens-et-les-avoirs-de-yahya-jammeh\/#article\",\"isPartOf\":{\"@id\":\"https:\/\/guineediversite.com\/index.php\/2019\/06\/14\/gambie-le-gouvernement-saisit-les-biens-et-les-avoirs-de-yahya-jammeh\/\"},\"author\":{\"name\":\"Bilguissa Diallo\",\"@id\":\"https:\/\/guineediversite.com\/#\/schema\/person\/0e0e3e424768a50d025ac2218ccca73f\"},\"headline\":\"Gambie: le gouvernement saisit les biens et les avoirs de Yahya Jammeh\",\"datePublished\":\"2019-06-14T11:39:54+00:00\",\"dateModified\":\"2019-06-14T11:39:54+00:00\",\"mainEntityOfPage\":{\"@id\":\"https:\/\/guineediversite.com\/index.php\/2019\/06\/14\/gambie-le-gouvernement-saisit-les-biens-et-les-avoirs-de-yahya-jammeh\/\"},\"wordCount\":322,\"publisher\":{\"@id\":\"https:\/\/guineediversite.com\/#organization\"},\"image\":{\"@id\":\"https:\/\/guineediversite.com\/index.php\/2019\/06\/14\/gambie-le-gouvernement-saisit-les-biens-et-les-avoirs-de-yahya-jammeh\/#primaryimage\"},\"thumbnailUrl\":\"https:\/\/guineediversite.com\/wp-content\/uploads\/2019\/06\/GAMBIE.jpg\",\"articleSection\":[\"International\"],\"inLanguage\":\"fr-FR\"},{\"@type\":\"WebPage\",\"@id\":\"https:\/\/guineediversite.com\/index.php\/2019\/06\/14\/gambie-le-gouvernement-saisit-les-biens-et-les-avoirs-de-yahya-jammeh\/\",\"url\":\"https:\/\/guineediversite.com\/index.php\/2019\/06\/14\/gambie-le-gouvernement-saisit-les-biens-et-les-avoirs-de-yahya-jammeh\/\",\"name\":\"Gambie: le gouvernement saisit les biens et les avoirs de Yahya Jammeh | Guin\u00e9e Diversit\u00e9\",\"isPartOf\":{\"@id\":\"https:\/\/guineediversite.com\/#website\"},\"primaryImageOfPage\":{\"@id\":\"https:\/\/guineediversite.com\/index.php\/2019\/06\/14\/gambie-le-gouvernement-saisit-les-biens-et-les-avoirs-de-yahya-jammeh\/#primaryimage\"},\"image\":{\"@id\":\"https:\/\/guineediversite.com\/index.php\/2019\/06\/14\/gambie-le-gouvernement-saisit-les-biens-et-les-avoirs-de-yahya-jammeh\/#primaryimage\"},\"thumbnailUrl\":\"https:\/\/guineediversite.com\/wp-content\/uploads\/2019\/06\/GAMBIE.jpg\",\"datePublished\":\"2019-06-14T11:39:54+00:00\",\"dateModified\":\"2019-06-14T11:39:54+00:00\",\"breadcrumb\":{\"@id\":\"https:\/\/guineediversite.com\/index.php\/2019\/06\/14\/gambie-le-gouvernement-saisit-les-biens-et-les-avoirs-de-yahya-jammeh\/#breadcrumb\"},\"inLanguage\":\"fr-FR\",\"potentialAction\":[{\"@type\":\"ReadAction\",\"target\":[\"https:\/\/guineediversite.com\/index.php\/2019\/06\/14\/gambie-le-gouvernement-saisit-les-biens-et-les-avoirs-de-yahya-jammeh\/\"]}]},{\"@type\":\"ImageObject\",\"inLanguage\":\"fr-FR\",\"@id\":\"https:\/\/guineediversite.com\/index.php\/2019\/06\/14\/gambie-le-gouvernement-saisit-les-biens-et-les-avoirs-de-yahya-jammeh\/#primaryimage\",\"url\":\"https:\/\/guineediversite.com\/wp-content\/uploads\/2019\/06\/GAMBIE.jpg\",\"contentUrl\":\"https:\/\/guineediversite.com\/wp-content\/uploads\/2019\/06\/GAMBIE.jpg\",\"width\":1024,\"height\":578},{\"@type\":\"BreadcrumbList\",\"@id\":\"https:\/\/guineediversite.com\/index.php\/2019\/06\/14\/gambie-le-gouvernement-saisit-les-biens-et-les-avoirs-de-yahya-jammeh\/#breadcrumb\",\"itemListElement\":[{\"@type\":\"ListItem\",\"position\":1,\"name\":\"Accueil\",\"item\":\"https:\/\/guineediversite.com\/\"},{\"@type\":\"ListItem\",\"position\":2,\"name\":\"Gambie: le gouvernement saisit les biens et les avoirs de Yahya Jammeh\"}]},{\"@type\":\"WebSite\",\"@id\":\"https:\/\/guineediversite.com\/#website\",\"url\":\"https:\/\/guineediversite.com\/\",\"name\":\"Guin\u00e9e Diversit\u00e9\",\"description\":\"L&#039;Info dans toute sa diversit\u00e9\",\"publisher\":{\"@id\":\"https:\/\/guineediversite.com\/#organization\"},\"potentialAction\":[{\"@type\":\"SearchAction\",\"target\":{\"@type\":\"EntryPoint\",\"urlTemplate\":\"https:\/\/guineediversite.com\/?s={search_term_string}\"},\"query-input\":{\"@type\":\"PropertyValueSpecification\",\"valueRequired\":true,\"valueName\":\"search_term_string\"}}],\"inLanguage\":\"fr-FR\"},{\"@type\":\"Organization\",\"@id\":\"https:\/\/guineediversite.com\/#organization\",\"name\":\"Guin\u00e9e Diversit\u00e9\",\"url\":\"https:\/\/guineediversite.com\/\",\"logo\":{\"@type\":\"ImageObject\",\"inLanguage\":\"fr-FR\",\"@id\":\"https:\/\/guineediversite.com\/#\/schema\/logo\/image\/\",\"url\":\"https:\/\/guineediversite.com\/wp-content\/uploads\/2017\/04\/cropped-1jojlxEOMkX9Wyqfhe43D6kjPOGqBBKmx3EwWJqZ0cMrFF54yM49.png\",\"contentUrl\":\"https:\/\/guineediversite.com\/wp-content\/uploads\/2017\/04\/cropped-1jojlxEOMkX9Wyqfhe43D6kjPOGqBBKmx3EwWJqZ0cMrFF54yM49.png\",\"width\":186,\"height\":112,\"caption\":\"Guin\u00e9e Diversit\u00e9\"},\"image\":{\"@id\":\"https:\/\/guineediversite.com\/#\/schema\/logo\/image\/\"},\"sameAs\":[\"https:\/\/www.facebook.com\/guineediversite\/\",\"https:\/\/x.com\/GuineeDiversite\",\"https:\/\/www.youtube.com\/channel\/UC8sUY16qelG5ge6_D5SB83g\"]},{\"@type\":\"Person\",\"@id\":\"https:\/\/guineediversite.com\/#\/schema\/person\/0e0e3e424768a50d025ac2218ccca73f\",\"name\":\"Bilguissa Diallo\",\"image\":{\"@type\":\"ImageObject\",\"inLanguage\":\"fr-FR\",\"@id\":\"https:\/\/guineediversite.com\/#\/schema\/person\/image\/\",\"url\":\"https:\/\/secure.gravatar.com\/avatar\/49bbbd2420ee34d62b1b191791f4b5df?s=96&d=mm&r=g\",\"contentUrl\":\"https:\/\/secure.gravatar.com\/avatar\/49bbbd2420ee34d62b1b191791f4b5df?s=96&d=mm&r=g\",\"caption\":\"Bilguissa Diallo\"},\"url\":\"https:\/\/guineediversite.com\/index.php\/author\/bilguissa\/\"}]}<\/script>\n<!-- \/ Yoast SEO plugin. -->","yoast_head_json":{"title":"Gambie: le gouvernement saisit les biens et les avoirs de Yahya Jammeh | Guin\u00e9e Diversit\u00e9","robots":{"index":"index","follow":"follow","max-snippet":"max-snippet:-1","max-image-preview":"max-image-preview:large","max-video-preview":"max-video-preview:-1"},"canonical":"https:\/\/guineediversite.com\/index.php\/2019\/06\/14\/gambie-le-gouvernement-saisit-les-biens-et-les-avoirs-de-yahya-jammeh\/","og_locale":"fr_FR","og_type":"article","og_title":"Gambie: le gouvernement saisit les biens et les avoirs de Yahya Jammeh | Guin\u00e9e Diversit\u00e9","og_description":"En Gambie, le gouvernement a saisi les biens et les avoirs de l&rsquo;ancien pr\u00e9sident Yahya Jammeh et de son associ\u00e9, l&rsquo;homme d&rsquo;affaire libanais Muhammed Bazzi. Ils \u00e9taient gel\u00e9s jusqu&rsquo;au 17 juin. Cette confiscation fait suite \u00e0 l&rsquo;enqu\u00eate de la \u00ab\u00a0Janneh Commission\u00a0\u00bb close fin mars, sur les crimes \u00e9conomiques pendant le r\u00e9gime. L\u2019\u00c9tat gambien saisi des [&hellip;]","og_url":"https:\/\/guineediversite.com\/index.php\/2019\/06\/14\/gambie-le-gouvernement-saisit-les-biens-et-les-avoirs-de-yahya-jammeh\/","og_site_name":"Guin\u00e9e Diversit\u00e9","article_publisher":"https:\/\/www.facebook.com\/guineediversite\/","article_published_time":"2019-06-14T11:39:54+00:00","og_image":[{"width":1024,"height":578,"url":"https:\/\/guineediversite.com\/wp-content\/uploads\/2019\/06\/GAMBIE.jpg","type":"image\/jpeg"}],"author":"Bilguissa Diallo","twitter_card":"summary_large_image","twitter_creator":"@GuineeDiversite","twitter_site":"@GuineeDiversite","twitter_misc":{"\u00c9crit par":"Bilguissa Diallo","Dur\u00e9e de lecture estim\u00e9e":"1 minute"},"schema":{"@context":"https:\/\/schema.org","@graph":[{"@type":"Article","@id":"https:\/\/guineediversite.com\/index.php\/2019\/06\/14\/gambie-le-gouvernement-saisit-les-biens-et-les-avoirs-de-yahya-jammeh\/#article","isPartOf":{"@id":"https:\/\/guineediversite.com\/index.php\/2019\/06\/14\/gambie-le-gouvernement-saisit-les-biens-et-les-avoirs-de-yahya-jammeh\/"},"author":{"name":"Bilguissa Diallo","@id":"https:\/\/guineediversite.com\/#\/schema\/person\/0e0e3e424768a50d025ac2218ccca73f"},"headline":"Gambie: le gouvernement saisit les biens et les avoirs de Yahya Jammeh","datePublished":"2019-06-14T11:39:54+00:00","dateModified":"2019-06-14T11:39:54+00:00","mainEntityOfPage":{"@id":"https:\/\/guineediversite.com\/index.php\/2019\/06\/14\/gambie-le-gouvernement-saisit-les-biens-et-les-avoirs-de-yahya-jammeh\/"},"wordCount":322,"publisher":{"@id":"https:\/\/guineediversite.com\/#organization"},"image":{"@id":"https:\/\/guineediversite.com\/index.php\/2019\/06\/14\/gambie-le-gouvernement-saisit-les-biens-et-les-avoirs-de-yahya-jammeh\/#primaryimage"},"thumbnailUrl":"https:\/\/guineediversite.com\/wp-content\/uploads\/2019\/06\/GAMBIE.jpg","articleSection":["International"],"inLanguage":"fr-FR"},{"@type":"WebPage","@id":"https:\/\/guineediversite.com\/index.php\/2019\/06\/14\/gambie-le-gouvernement-saisit-les-biens-et-les-avoirs-de-yahya-jammeh\/","url":"https:\/\/guineediversite.com\/index.php\/2019\/06\/14\/gambie-le-gouvernement-saisit-les-biens-et-les-avoirs-de-yahya-jammeh\/","name":"Gambie: le gouvernement saisit les biens et les avoirs de Yahya Jammeh | Guin\u00e9e Diversit\u00e9","isPartOf":{"@id":"https:\/\/guineediversite.com\/#website"},"primaryImageOfPage":{"@id":"https:\/\/guineediversite.com\/index.php\/2019\/06\/14\/gambie-le-gouvernement-saisit-les-biens-et-les-avoirs-de-yahya-jammeh\/#primaryimage"},"image":{"@id":"https:\/\/guineediversite.com\/index.php\/2019\/06\/14\/gambie-le-gouvernement-saisit-les-biens-et-les-avoirs-de-yahya-jammeh\/#primaryimage"},"thumbnailUrl":"https:\/\/guineediversite.com\/wp-content\/uploads\/2019\/06\/GAMBIE.jpg","datePublished":"2019-06-14T11:39:54+00:00","dateModified":"2019-06-14T11:39:54+00:00","breadcrumb":{"@id":"https:\/\/guineediversite.com\/index.php\/2019\/06\/14\/gambie-le-gouvernement-saisit-les-biens-et-les-avoirs-de-yahya-jammeh\/#breadcrumb"},"inLanguage":"fr-FR","potentialAction":[{"@type":"ReadAction","target":["https:\/\/guineediversite.com\/index.php\/2019\/06\/14\/gambie-le-gouvernement-saisit-les-biens-et-les-avoirs-de-yahya-jammeh\/"]}]},{"@type":"ImageObject","inLanguage":"fr-FR","@id":"https:\/\/guineediversite.com\/index.php\/2019\/06\/14\/gambie-le-gouvernement-saisit-les-biens-et-les-avoirs-de-yahya-jammeh\/#primaryimage","url":"https:\/\/guineediversite.com\/wp-content\/uploads\/2019\/06\/GAMBIE.jpg","contentUrl":"https:\/\/guineediversite.com\/wp-content\/uploads\/2019\/06\/GAMBIE.jpg","width":1024,"height":578},{"@type":"BreadcrumbList","@id":"https:\/\/guineediversite.com\/index.php\/2019\/06\/14\/gambie-le-gouvernement-saisit-les-biens-et-les-avoirs-de-yahya-jammeh\/#breadcrumb","itemListElement":[{"@type":"ListItem","position":1,"name":"Accueil","item":"https:\/\/guineediversite.com\/"},{"@type":"ListItem","position":2,"name":"Gambie: le gouvernement saisit les biens et les avoirs de Yahya Jammeh"}]},{"@type":"WebSite","@id":"https:\/\/guineediversite.com\/#website","url":"https:\/\/guineediversite.com\/","name":"Guin\u00e9e Diversit\u00e9","description":"L&#039;Info dans toute sa diversit\u00e9","publisher":{"@id":"https:\/\/guineediversite.com\/#organization"},"potentialAction":[{"@type":"SearchAction","target":{"@type":"EntryPoint","urlTemplate":"https:\/\/guineediversite.com\/?s={search_term_string}"},"query-input":{"@type":"PropertyValueSpecification","valueRequired":true,"valueName":"search_term_string"}}],"inLanguage":"fr-FR"},{"@type":"Organization","@id":"https:\/\/guineediversite.com\/#organization","name":"Guin\u00e9e Diversit\u00e9","url":"https:\/\/guineediversite.com\/","logo":{"@type":"ImageObject","inLanguage":"fr-FR","@id":"https:\/\/guineediversite.com\/#\/schema\/logo\/image\/","url":"https:\/\/guineediversite.com\/wp-content\/uploads\/2017\/04\/cropped-1jojlxEOMkX9Wyqfhe43D6kjPOGqBBKmx3EwWJqZ0cMrFF54yM49.png","contentUrl":"https:\/\/guineediversite.com\/wp-content\/uploads\/2017\/04\/cropped-1jojlxEOMkX9Wyqfhe43D6kjPOGqBBKmx3EwWJqZ0cMrFF54yM49.png","width":186,"height":112,"caption":"Guin\u00e9e Diversit\u00e9"},"image":{"@id":"https:\/\/guineediversite.com\/#\/schema\/logo\/image\/"},"sameAs":["https:\/\/www.facebook.com\/guineediversite\/","https:\/\/x.com\/GuineeDiversite","https:\/\/www.youtube.com\/channel\/UC8sUY16qelG5ge6_D5SB83g"]},{"@type":"Person","@id":"https:\/\/guineediversite.com\/#\/schema\/person\/0e0e3e424768a50d025ac2218ccca73f","name":"Bilguissa Diallo","image":{"@type":"ImageObject","inLanguage":"fr-FR","@id":"https:\/\/guineediversite.com\/#\/schema\/person\/image\/","url":"https:\/\/secure.gravatar.com\/avatar\/49bbbd2420ee34d62b1b191791f4b5df?s=96&d=mm&r=g","contentUrl":"https:\/\/secure.gravatar.com\/avatar\/49bbbd2420ee34d62b1b191791f4b5df?s=96&d=mm&r=g","caption":"Bilguissa Diallo"},"url":"https:\/\/guineediversite.com\/index.php\/author\/bilguissa\/"}]}},"_links":{"self":[{"href":"https:\/\/guineediversite.com\/index.php\/wp-json\/wp\/v2\/posts\/28581"}],"collection":[{"href":"https:\/\/guineediversite.com\/index.php\/wp-json\/wp\/v2\/posts"}],"about":[{"href":"https:\/\/guineediversite.com\/index.php\/wp-json\/wp\/v2\/types\/post"}],"author":[{"embeddable":true,"href":"https:\/\/guineediversite.com\/index.php\/wp-json\/wp\/v2\/users\/7"}],"replies":[{"embeddable":true,"href":"https:\/\/guineediversite.com\/index.php\/wp-json\/wp\/v2\/comments?post=28581"}],"version-history":[{"count":0,"href":"https:\/\/guineediversite.com\/index.php\/wp-json\/wp\/v2\/posts\/28581\/revisions"}],"wp:featuredmedia":[{"embeddable":true,"href":"https:\/\/guineediversite.com\/index.php\/wp-json\/wp\/v2\/media\/28582"}],"wp:attachment":[{"href":"https:\/\/guineediversite.com\/index.php\/wp-json\/wp\/v2\/media?parent=28581"}],"wp:term":[{"taxonomy":"category","embeddable":true,"href":"https:\/\/guineediversite.com\/index.php\/wp-json\/wp\/v2\/categories?post=28581"},{"taxonomy":"post_tag","embeddable":true,"href":"https:\/\/guineediversite.com\/index.php\/wp-json\/wp\/v2\/tags?post=28581"}],"curies":[{"name":"wp","href":"https:\/\/api.w.org\/{rel}","templated":true}]}}