{"id":28575,"date":"2019-05-27T17:01:57","date_gmt":"2019-05-27T15:01:57","guid":{"rendered":"https:\/\/guineediversite.com\/?p=28575"},"modified":"2019-07-10T19:00:33","modified_gmt":"2019-07-10T17:00:33","slug":"justice-voici-la-lettre-de-demission-du-ministre-de-la-justice","status":"publish","type":"post","link":"https:\/\/guineediversite.com\/index.php\/2019\/05\/27\/justice-voici-la-lettre-de-demission-du-ministre-de-la-justice\/","title":{"rendered":"Justice : Voici la lettre de d\u00e9mission du ministre de la justice"},"content":{"rendered":"<p>Dans cette lettre adress\u00e9e au pr\u00e9sident Alpha Cond\u00e9 par son d\u00e9sormais ex-ministre de la justice, garde des sceaux, il (Cheick Sako Ndlr) \u00e0 mentionn\u00e9  qu\u2019il n\u2019a jamais \u00e9t\u00e9 associ\u00e9 \u00e0 la modification de cette nouvelle constitution. Il affirme son opposition cat\u00e9gorique face \u00e0 cette modification ou changement de la constitution.<br \/>\nLisez la lettre<\/p>\n<p><img loading=\"lazy\" decoding=\"async\" class=\"wp-image-28576 aligncenter\" src=\"https:\/\/guineediversite.com.bwjx4292.odns.fr\/wp-content\/uploads\/2019\/05\/LETTRE-MINI-203x300.jpg\" alt=\"\" width=\"731\" height=\"1080\" srcset=\"https:\/\/guineediversite.com\/wp-content\/uploads\/2019\/05\/LETTRE-MINI-203x300.jpg 203w, https:\/\/guineediversite.com\/wp-content\/uploads\/2019\/05\/LETTRE-MINI-694x1024.jpg 694w, https:\/\/guineediversite.com\/wp-content\/uploads\/2019\/05\/LETTRE-MINI-600x885.jpg 600w\" sizes=\"(max-width: 731px) 100vw, 731px\" \/><\/p>\n","protected":false},"excerpt":{"rendered":"<p>Dans cette lettre adress\u00e9e au pr\u00e9sident Alpha Cond\u00e9 par son d\u00e9sormais ex-ministre de la justice, garde des sceaux, il (Cheick Sako Ndlr) \u00e0 mentionn\u00e9 qu\u2019il n\u2019a jamais \u00e9t\u00e9 associ\u00e9 \u00e0 la modification de cette nouvelle constitution. Il affirme son opposition cat\u00e9gorique face \u00e0 cette modification ou changement de la constitution. Lisez la lettre<\/p>\n","protected":false},"author":12,"featured_media":28577,"comment_status":"closed","ping_status":"closed","sticky":false,"template":"","format":"standard","meta":{"_exactmetrics_skip_tracking":false,"_exactmetrics_sitenote_active":false,"_exactmetrics_sitenote_note":"","_exactmetrics_sitenote_category":0,"tdm_status":"","tdm_grid_status":"","footnotes":""},"categories":[14],"tags":[],"class_list":{"0":"post-28575","1":"post","2":"type-post","3":"status-publish","4":"format-standard","5":"has-post-thumbnail","7":"category-politique"},"yoast_head":"<!-- This site is optimized with the Yoast SEO plugin v24.2 - https:\/\/yoast.com\/wordpress\/plugins\/seo\/ -->\n<title>Justice : Voici la lettre de d\u00e9mission du ministre de la justice | Guin\u00e9e Diversit\u00e9<\/title>\n<meta name=\"robots\" content=\"index, follow, max-snippet:-1, max-image-preview:large, max-video-preview:-1\" \/>\n<link rel=\"canonical\" href=\"https:\/\/guineediversite.com\/index.php\/2019\/05\/27\/justice-voici-la-lettre-de-demission-du-ministre-de-la-justice\/\" \/>\n<meta property=\"og:locale\" content=\"fr_FR\" \/>\n<meta property=\"og:type\" content=\"article\" \/>\n<meta property=\"og:title\" content=\"Justice : Voici la lettre de d\u00e9mission du ministre de la justice | Guin\u00e9e Diversit\u00e9\" \/>\n<meta property=\"og:description\" content=\"Dans cette lettre adress\u00e9e au pr\u00e9sident Alpha Cond\u00e9 par son d\u00e9sormais ex-ministre de la justice, garde des sceaux, il (Cheick Sako Ndlr) \u00e0 mentionn\u00e9 qu\u2019il n\u2019a jamais \u00e9t\u00e9 associ\u00e9 \u00e0 la modification de cette nouvelle constitution. Il affirme son opposition cat\u00e9gorique face \u00e0 cette modification ou changement de la constitution. Lisez la lettre\" \/>\n<meta property=\"og:url\" content=\"https:\/\/guineediversite.com\/index.php\/2019\/05\/27\/justice-voici-la-lettre-de-demission-du-ministre-de-la-justice\/\" \/>\n<meta property=\"og:site_name\" content=\"Guin\u00e9e Diversit\u00e9\" \/>\n<meta property=\"article:publisher\" content=\"https:\/\/www.facebook.com\/guineediversite\/\" \/>\n<meta property=\"article:published_time\" content=\"2019-05-27T15:01:57+00:00\" \/>\n<meta property=\"article:modified_time\" content=\"2019-07-10T17:00:33+00:00\" \/>\n<meta property=\"og:image\" content=\"https:\/\/guineediversite.com\/wp-content\/uploads\/2019\/05\/kkk.jpg\" \/>\n\t<meta property=\"og:image:width\" content=\"1367\" \/>\n\t<meta property=\"og:image:height\" content=\"1024\" \/>\n\t<meta property=\"og:image:type\" content=\"image\/jpeg\" \/>\n<meta name=\"author\" content=\"Guin\u00e9e Diversit\u00e9\" \/>\n<meta name=\"twitter:card\" content=\"summary_large_image\" \/>\n<meta name=\"twitter:creator\" content=\"@GuineeDiversite\" \/>\n<meta name=\"twitter:site\" content=\"@GuineeDiversite\" \/>\n<meta name=\"twitter:label1\" content=\"\u00c9crit par\" \/>\n\t<meta name=\"twitter:data1\" content=\"Guin\u00e9e Diversit\u00e9\" \/>\n<script type=\"application\/ld+json\" class=\"yoast-schema-graph\">{\"@context\":\"https:\/\/schema.org\",\"@graph\":[{\"@type\":\"Article\",\"@id\":\"https:\/\/guineediversite.com\/index.php\/2019\/05\/27\/justice-voici-la-lettre-de-demission-du-ministre-de-la-justice\/#article\",\"isPartOf\":{\"@id\":\"https:\/\/guineediversite.com\/index.php\/2019\/05\/27\/justice-voici-la-lettre-de-demission-du-ministre-de-la-justice\/\"},\"author\":{\"name\":\"Guin\u00e9e Diversit\u00e9\",\"@id\":\"https:\/\/guineediversite.com\/#\/schema\/person\/afa08fb34e7fc6e1feafc892612bc836\"},\"headline\":\"Justice : Voici la lettre de d\u00e9mission du ministre de la justice\",\"datePublished\":\"2019-05-27T15:01:57+00:00\",\"dateModified\":\"2019-07-10T17:00:33+00:00\",\"mainEntityOfPage\":{\"@id\":\"https:\/\/guineediversite.com\/index.php\/2019\/05\/27\/justice-voici-la-lettre-de-demission-du-ministre-de-la-justice\/\"},\"wordCount\":68,\"publisher\":{\"@id\":\"https:\/\/guineediversite.com\/#organization\"},\"image\":{\"@id\":\"https:\/\/guineediversite.com\/index.php\/2019\/05\/27\/justice-voici-la-lettre-de-demission-du-ministre-de-la-justice\/#primaryimage\"},\"thumbnailUrl\":\"https:\/\/guineediversite.com\/wp-content\/uploads\/2019\/05\/kkk.jpg\",\"articleSection\":[\"Politique\"],\"inLanguage\":\"fr-FR\"},{\"@type\":\"WebPage\",\"@id\":\"https:\/\/guineediversite.com\/index.php\/2019\/05\/27\/justice-voici-la-lettre-de-demission-du-ministre-de-la-justice\/\",\"url\":\"https:\/\/guineediversite.com\/index.php\/2019\/05\/27\/justice-voici-la-lettre-de-demission-du-ministre-de-la-justice\/\",\"name\":\"Justice : Voici la lettre de d\u00e9mission du ministre de la justice | Guin\u00e9e Diversit\u00e9\",\"isPartOf\":{\"@id\":\"https:\/\/guineediversite.com\/#website\"},\"primaryImageOfPage\":{\"@id\":\"https:\/\/guineediversite.com\/index.php\/2019\/05\/27\/justice-voici-la-lettre-de-demission-du-ministre-de-la-justice\/#primaryimage\"},\"image\":{\"@id\":\"https:\/\/guineediversite.com\/index.php\/2019\/05\/27\/justice-voici-la-lettre-de-demission-du-ministre-de-la-justice\/#primaryimage\"},\"thumbnailUrl\":\"https:\/\/guineediversite.com\/wp-content\/uploads\/2019\/05\/kkk.jpg\",\"datePublished\":\"2019-05-27T15:01:57+00:00\",\"dateModified\":\"2019-07-10T17:00:33+00:00\",\"breadcrumb\":{\"@id\":\"https:\/\/guineediversite.com\/index.php\/2019\/05\/27\/justice-voici-la-lettre-de-demission-du-ministre-de-la-justice\/#breadcrumb\"},\"inLanguage\":\"fr-FR\",\"potentialAction\":[{\"@type\":\"ReadAction\",\"target\":[\"https:\/\/guineediversite.com\/index.php\/2019\/05\/27\/justice-voici-la-lettre-de-demission-du-ministre-de-la-justice\/\"]}]},{\"@type\":\"ImageObject\",\"inLanguage\":\"fr-FR\",\"@id\":\"https:\/\/guineediversite.com\/index.php\/2019\/05\/27\/justice-voici-la-lettre-de-demission-du-ministre-de-la-justice\/#primaryimage\",\"url\":\"https:\/\/guineediversite.com\/wp-content\/uploads\/2019\/05\/kkk.jpg\",\"contentUrl\":\"https:\/\/guineediversite.com\/wp-content\/uploads\/2019\/05\/kkk.jpg\",\"width\":1367,\"height\":1024},{\"@type\":\"BreadcrumbList\",\"@id\":\"https:\/\/guineediversite.com\/index.php\/2019\/05\/27\/justice-voici-la-lettre-de-demission-du-ministre-de-la-justice\/#breadcrumb\",\"itemListElement\":[{\"@type\":\"ListItem\",\"position\":1,\"name\":\"Accueil\",\"item\":\"https:\/\/guineediversite.com\/\"},{\"@type\":\"ListItem\",\"position\":2,\"name\":\"Justice : Voici la lettre de d\u00e9mission du ministre de la justice\"}]},{\"@type\":\"WebSite\",\"@id\":\"https:\/\/guineediversite.com\/#website\",\"url\":\"https:\/\/guineediversite.com\/\",\"name\":\"Guin\u00e9e Diversit\u00e9\",\"description\":\"L&#039;Info dans toute sa diversit\u00e9\",\"publisher\":{\"@id\":\"https:\/\/guineediversite.com\/#organization\"},\"potentialAction\":[{\"@type\":\"SearchAction\",\"target\":{\"@type\":\"EntryPoint\",\"urlTemplate\":\"https:\/\/guineediversite.com\/?s={search_term_string}\"},\"query-input\":{\"@type\":\"PropertyValueSpecification\",\"valueRequired\":true,\"valueName\":\"search_term_string\"}}],\"inLanguage\":\"fr-FR\"},{\"@type\":\"Organization\",\"@id\":\"https:\/\/guineediversite.com\/#organization\",\"name\":\"Guin\u00e9e Diversit\u00e9\",\"url\":\"https:\/\/guineediversite.com\/\",\"logo\":{\"@type\":\"ImageObject\",\"inLanguage\":\"fr-FR\",\"@id\":\"https:\/\/guineediversite.com\/#\/schema\/logo\/image\/\",\"url\":\"https:\/\/guineediversite.com\/wp-content\/uploads\/2017\/04\/cropped-1jojlxEOMkX9Wyqfhe43D6kjPOGqBBKmx3EwWJqZ0cMrFF54yM49.png\",\"contentUrl\":\"https:\/\/guineediversite.com\/wp-content\/uploads\/2017\/04\/cropped-1jojlxEOMkX9Wyqfhe43D6kjPOGqBBKmx3EwWJqZ0cMrFF54yM49.png\",\"width\":186,\"height\":112,\"caption\":\"Guin\u00e9e Diversit\u00e9\"},\"image\":{\"@id\":\"https:\/\/guineediversite.com\/#\/schema\/logo\/image\/\"},\"sameAs\":[\"https:\/\/www.facebook.com\/guineediversite\/\",\"https:\/\/x.com\/GuineeDiversite\",\"https:\/\/www.youtube.com\/channel\/UC8sUY16qelG5ge6_D5SB83g\"]},{\"@type\":\"Person\",\"@id\":\"https:\/\/guineediversite.com\/#\/schema\/person\/afa08fb34e7fc6e1feafc892612bc836\",\"name\":\"Guin\u00e9e Diversit\u00e9\",\"image\":{\"@type\":\"ImageObject\",\"inLanguage\":\"fr-FR\",\"@id\":\"https:\/\/guineediversite.com\/#\/schema\/person\/image\/\",\"url\":\"https:\/\/secure.gravatar.com\/avatar\/50d5eb5b390f8b65ac30ac6f898eb83a?s=96&d=mm&r=g\",\"contentUrl\":\"https:\/\/secure.gravatar.com\/avatar\/50d5eb5b390f8b65ac30ac6f898eb83a?s=96&d=mm&r=g\",\"caption\":\"Guin\u00e9e Diversit\u00e9\"},\"url\":\"https:\/\/guineediversite.com\/index.php\/author\/guineediversite\/\"}]}<\/script>\n<!-- \/ Yoast SEO plugin. -->","yoast_head_json":{"title":"Justice : Voici la lettre de d\u00e9mission du ministre de la justice | Guin\u00e9e Diversit\u00e9","robots":{"index":"index","follow":"follow","max-snippet":"max-snippet:-1","max-image-preview":"max-image-preview:large","max-video-preview":"max-video-preview:-1"},"canonical":"https:\/\/guineediversite.com\/index.php\/2019\/05\/27\/justice-voici-la-lettre-de-demission-du-ministre-de-la-justice\/","og_locale":"fr_FR","og_type":"article","og_title":"Justice : Voici la lettre de d\u00e9mission du ministre de la justice | Guin\u00e9e Diversit\u00e9","og_description":"Dans cette lettre adress\u00e9e au pr\u00e9sident Alpha Cond\u00e9 par son d\u00e9sormais ex-ministre de la justice, garde des sceaux, il (Cheick Sako Ndlr) \u00e0 mentionn\u00e9 qu\u2019il n\u2019a jamais \u00e9t\u00e9 associ\u00e9 \u00e0 la modification de cette nouvelle constitution. Il affirme son opposition cat\u00e9gorique face \u00e0 cette modification ou changement de la constitution. Lisez la lettre","og_url":"https:\/\/guineediversite.com\/index.php\/2019\/05\/27\/justice-voici-la-lettre-de-demission-du-ministre-de-la-justice\/","og_site_name":"Guin\u00e9e Diversit\u00e9","article_publisher":"https:\/\/www.facebook.com\/guineediversite\/","article_published_time":"2019-05-27T15:01:57+00:00","article_modified_time":"2019-07-10T17:00:33+00:00","og_image":[{"width":1367,"height":1024,"url":"https:\/\/guineediversite.com\/wp-content\/uploads\/2019\/05\/kkk.jpg","type":"image\/jpeg"}],"author":"Guin\u00e9e Diversit\u00e9","twitter_card":"summary_large_image","twitter_creator":"@GuineeDiversite","twitter_site":"@GuineeDiversite","twitter_misc":{"\u00c9crit par":"Guin\u00e9e Diversit\u00e9"},"schema":{"@context":"https:\/\/schema.org","@graph":[{"@type":"Article","@id":"https:\/\/guineediversite.com\/index.php\/2019\/05\/27\/justice-voici-la-lettre-de-demission-du-ministre-de-la-justice\/#article","isPartOf":{"@id":"https:\/\/guineediversite.com\/index.php\/2019\/05\/27\/justice-voici-la-lettre-de-demission-du-ministre-de-la-justice\/"},"author":{"name":"Guin\u00e9e Diversit\u00e9","@id":"https:\/\/guineediversite.com\/#\/schema\/person\/afa08fb34e7fc6e1feafc892612bc836"},"headline":"Justice : Voici la lettre de d\u00e9mission du ministre de la justice","datePublished":"2019-05-27T15:01:57+00:00","dateModified":"2019-07-10T17:00:33+00:00","mainEntityOfPage":{"@id":"https:\/\/guineediversite.com\/index.php\/2019\/05\/27\/justice-voici-la-lettre-de-demission-du-ministre-de-la-justice\/"},"wordCount":68,"publisher":{"@id":"https:\/\/guineediversite.com\/#organization"},"image":{"@id":"https:\/\/guineediversite.com\/index.php\/2019\/05\/27\/justice-voici-la-lettre-de-demission-du-ministre-de-la-justice\/#primaryimage"},"thumbnailUrl":"https:\/\/guineediversite.com\/wp-content\/uploads\/2019\/05\/kkk.jpg","articleSection":["Politique"],"inLanguage":"fr-FR"},{"@type":"WebPage","@id":"https:\/\/guineediversite.com\/index.php\/2019\/05\/27\/justice-voici-la-lettre-de-demission-du-ministre-de-la-justice\/","url":"https:\/\/guineediversite.com\/index.php\/2019\/05\/27\/justice-voici-la-lettre-de-demission-du-ministre-de-la-justice\/","name":"Justice : Voici la lettre de d\u00e9mission du ministre de la justice | Guin\u00e9e Diversit\u00e9","isPartOf":{"@id":"https:\/\/guineediversite.com\/#website"},"primaryImageOfPage":{"@id":"https:\/\/guineediversite.com\/index.php\/2019\/05\/27\/justice-voici-la-lettre-de-demission-du-ministre-de-la-justice\/#primaryimage"},"image":{"@id":"https:\/\/guineediversite.com\/index.php\/2019\/05\/27\/justice-voici-la-lettre-de-demission-du-ministre-de-la-justice\/#primaryimage"},"thumbnailUrl":"https:\/\/guineediversite.com\/wp-content\/uploads\/2019\/05\/kkk.jpg","datePublished":"2019-05-27T15:01:57+00:00","dateModified":"2019-07-10T17:00:33+00:00","breadcrumb":{"@id":"https:\/\/guineediversite.com\/index.php\/2019\/05\/27\/justice-voici-la-lettre-de-demission-du-ministre-de-la-justice\/#breadcrumb"},"inLanguage":"fr-FR","potentialAction":[{"@type":"ReadAction","target":["https:\/\/guineediversite.com\/index.php\/2019\/05\/27\/justice-voici-la-lettre-de-demission-du-ministre-de-la-justice\/"]}]},{"@type":"ImageObject","inLanguage":"fr-FR","@id":"https:\/\/guineediversite.com\/index.php\/2019\/05\/27\/justice-voici-la-lettre-de-demission-du-ministre-de-la-justice\/#primaryimage","url":"https:\/\/guineediversite.com\/wp-content\/uploads\/2019\/05\/kkk.jpg","contentUrl":"https:\/\/guineediversite.com\/wp-content\/uploads\/2019\/05\/kkk.jpg","width":1367,"height":1024},{"@type":"BreadcrumbList","@id":"https:\/\/guineediversite.com\/index.php\/2019\/05\/27\/justice-voici-la-lettre-de-demission-du-ministre-de-la-justice\/#breadcrumb","itemListElement":[{"@type":"ListItem","position":1,"name":"Accueil","item":"https:\/\/guineediversite.com\/"},{"@type":"ListItem","position":2,"name":"Justice : Voici la lettre de d\u00e9mission du ministre de la justice"}]},{"@type":"WebSite","@id":"https:\/\/guineediversite.com\/#website","url":"https:\/\/guineediversite.com\/","name":"Guin\u00e9e Diversit\u00e9","description":"L&#039;Info dans toute sa diversit\u00e9","publisher":{"@id":"https:\/\/guineediversite.com\/#organization"},"potentialAction":[{"@type":"SearchAction","target":{"@type":"EntryPoint","urlTemplate":"https:\/\/guineediversite.com\/?s={search_term_string}"},"query-input":{"@type":"PropertyValueSpecification","valueRequired":true,"valueName":"search_term_string"}}],"inLanguage":"fr-FR"},{"@type":"Organization","@id":"https:\/\/guineediversite.com\/#organization","name":"Guin\u00e9e Diversit\u00e9","url":"https:\/\/guineediversite.com\/","logo":{"@type":"ImageObject","inLanguage":"fr-FR","@id":"https:\/\/guineediversite.com\/#\/schema\/logo\/image\/","url":"https:\/\/guineediversite.com\/wp-content\/uploads\/2017\/04\/cropped-1jojlxEOMkX9Wyqfhe43D6kjPOGqBBKmx3EwWJqZ0cMrFF54yM49.png","contentUrl":"https:\/\/guineediversite.com\/wp-content\/uploads\/2017\/04\/cropped-1jojlxEOMkX9Wyqfhe43D6kjPOGqBBKmx3EwWJqZ0cMrFF54yM49.png","width":186,"height":112,"caption":"Guin\u00e9e Diversit\u00e9"},"image":{"@id":"https:\/\/guineediversite.com\/#\/schema\/logo\/image\/"},"sameAs":["https:\/\/www.facebook.com\/guineediversite\/","https:\/\/x.com\/GuineeDiversite","https:\/\/www.youtube.com\/channel\/UC8sUY16qelG5ge6_D5SB83g"]},{"@type":"Person","@id":"https:\/\/guineediversite.com\/#\/schema\/person\/afa08fb34e7fc6e1feafc892612bc836","name":"Guin\u00e9e Diversit\u00e9","image":{"@type":"ImageObject","inLanguage":"fr-FR","@id":"https:\/\/guineediversite.com\/#\/schema\/person\/image\/","url":"https:\/\/secure.gravatar.com\/avatar\/50d5eb5b390f8b65ac30ac6f898eb83a?s=96&d=mm&r=g","contentUrl":"https:\/\/secure.gravatar.com\/avatar\/50d5eb5b390f8b65ac30ac6f898eb83a?s=96&d=mm&r=g","caption":"Guin\u00e9e Diversit\u00e9"},"url":"https:\/\/guineediversite.com\/index.php\/author\/guineediversite\/"}]}},"_links":{"self":[{"href":"https:\/\/guineediversite.com\/index.php\/wp-json\/wp\/v2\/posts\/28575"}],"collection":[{"href":"https:\/\/guineediversite.com\/index.php\/wp-json\/wp\/v2\/posts"}],"about":[{"href":"https:\/\/guineediversite.com\/index.php\/wp-json\/wp\/v2\/types\/post"}],"author":[{"embeddable":true,"href":"https:\/\/guineediversite.com\/index.php\/wp-json\/wp\/v2\/users\/12"}],"replies":[{"embeddable":true,"href":"https:\/\/guineediversite.com\/index.php\/wp-json\/wp\/v2\/comments?post=28575"}],"version-history":[{"count":0,"href":"https:\/\/guineediversite.com\/index.php\/wp-json\/wp\/v2\/posts\/28575\/revisions"}],"wp:featuredmedia":[{"embeddable":true,"href":"https:\/\/guineediversite.com\/index.php\/wp-json\/wp\/v2\/media\/28577"}],"wp:attachment":[{"href":"https:\/\/guineediversite.com\/index.php\/wp-json\/wp\/v2\/media?parent=28575"}],"wp:term":[{"taxonomy":"category","embeddable":true,"href":"https:\/\/guineediversite.com\/index.php\/wp-json\/wp\/v2\/categories?post=28575"},{"taxonomy":"post_tag","embeddable":true,"href":"https:\/\/guineediversite.com\/index.php\/wp-json\/wp\/v2\/tags?post=28575"}],"curies":[{"name":"wp","href":"https:\/\/api.w.org\/{rel}","templated":true}]}}