{"id":28571,"date":"2019-05-27T16:14:42","date_gmt":"2019-05-27T14:14:42","guid":{"rendered":"https:\/\/guineediversite.com\/?p=28571"},"modified":"2019-05-27T17:15:39","modified_gmt":"2019-05-27T15:15:39","slug":"guinee-le-ministre-de-la-justice-cheick-sacko-a-demissionne","status":"publish","type":"post","link":"https:\/\/guineediversite.com\/index.php\/2019\/05\/27\/guinee-le-ministre-de-la-justice-cheick-sacko-a-demissionne\/","title":{"rendered":"Guin\u00e9e : le ministre de la Justice Cheick Sako a d\u00e9missionn\u00e9"},"content":{"rendered":"<p><strong>Ministre de la Justice depuis 2014, Cheick Sako a pr\u00e9sent\u00e9 le 20 mai sa d\u00e9mission \u00e0 Alpha Cond\u00e9. Dans son courrier adress\u00e9 au chef de l&rsquo;\u00c9tat, entre autres motifs, il justifie sa d\u00e9cision par son opposition \u00e0 toute modification constitutionnelle.<\/strong><\/p>\n<p>\u00ab\u00a0Tirant les cons\u00e9quences de votre silence depuis le 4 avril 2019, jour de notre entretien et de la remise du courrier vous demandant de me remplacer dans mes fonctions de ministre de la Justice, garde des Sceaux, je vous pr\u00e9sente ma d\u00e9mission du gouvernement\u00a0\u00bb, \u00e9crit Cheick Sako dans un courrier adress\u00e9 au pr\u00e9sident Alpha Cond\u00e9 le 20 mai dernier, que ce dernier a r\u00e9ceptionn\u00e9.<\/p>\n<p><strong>Nous y reviendrons\u00a0!!!<\/strong><\/p>\n","protected":false},"excerpt":{"rendered":"<p>Ministre de la Justice depuis 2014, Cheick Sako a pr\u00e9sent\u00e9 le 20 mai sa d\u00e9mission \u00e0 Alpha Cond\u00e9. Dans son courrier adress\u00e9 au chef de l&rsquo;\u00c9tat, entre autres motifs, il justifie sa d\u00e9cision par son opposition \u00e0 toute modification constitutionnelle. \u00ab\u00a0Tirant les cons\u00e9quences de votre silence depuis le 4 avril 2019, jour de notre entretien [&hellip;]<\/p>\n","protected":false},"author":12,"featured_media":28572,"comment_status":"closed","ping_status":"closed","sticky":false,"template":"","format":"standard","meta":{"_exactmetrics_skip_tracking":false,"_exactmetrics_sitenote_active":false,"_exactmetrics_sitenote_note":"","_exactmetrics_sitenote_category":0,"tdm_status":"","tdm_grid_status":"","footnotes":""},"categories":[14],"tags":[],"class_list":{"0":"post-28571","1":"post","2":"type-post","3":"status-publish","4":"format-standard","5":"has-post-thumbnail","7":"category-politique"},"yoast_head":"<!-- This site is optimized with the Yoast SEO plugin v24.2 - https:\/\/yoast.com\/wordpress\/plugins\/seo\/ -->\n<title>Guin\u00e9e : le ministre de la Justice Cheick Sako a d\u00e9missionn\u00e9 | Guin\u00e9e Diversit\u00e9<\/title>\n<meta name=\"robots\" content=\"index, follow, max-snippet:-1, max-image-preview:large, max-video-preview:-1\" \/>\n<link rel=\"canonical\" href=\"https:\/\/guineediversite.com\/index.php\/2019\/05\/27\/guinee-le-ministre-de-la-justice-cheick-sacko-a-demissionne\/\" \/>\n<meta property=\"og:locale\" content=\"fr_FR\" \/>\n<meta property=\"og:type\" content=\"article\" \/>\n<meta property=\"og:title\" content=\"Guin\u00e9e : le ministre de la Justice Cheick Sako a d\u00e9missionn\u00e9 | Guin\u00e9e Diversit\u00e9\" \/>\n<meta property=\"og:description\" content=\"Ministre de la Justice depuis 2014, Cheick Sako a pr\u00e9sent\u00e9 le 20 mai sa d\u00e9mission \u00e0 Alpha Cond\u00e9. Dans son courrier adress\u00e9 au chef de l&rsquo;\u00c9tat, entre autres motifs, il justifie sa d\u00e9cision par son opposition \u00e0 toute modification constitutionnelle. \u00ab\u00a0Tirant les cons\u00e9quences de votre silence depuis le 4 avril 2019, jour de notre entretien [&hellip;]\" \/>\n<meta property=\"og:url\" content=\"https:\/\/guineediversite.com\/index.php\/2019\/05\/27\/guinee-le-ministre-de-la-justice-cheick-sacko-a-demissionne\/\" \/>\n<meta property=\"og:site_name\" content=\"Guin\u00e9e Diversit\u00e9\" \/>\n<meta property=\"article:publisher\" content=\"https:\/\/www.facebook.com\/guineediversite\/\" \/>\n<meta property=\"article:published_time\" content=\"2019-05-27T14:14:42+00:00\" \/>\n<meta property=\"article:modified_time\" content=\"2019-05-27T15:15:39+00:00\" \/>\n<meta property=\"og:image\" content=\"https:\/\/guineediversite.com\/wp-content\/uploads\/2019\/05\/DEMI.jpg\" \/>\n\t<meta property=\"og:image:width\" content=\"1707\" \/>\n\t<meta property=\"og:image:height\" content=\"1024\" \/>\n\t<meta property=\"og:image:type\" content=\"image\/jpeg\" \/>\n<meta name=\"author\" content=\"Guin\u00e9e Diversit\u00e9\" \/>\n<meta name=\"twitter:card\" content=\"summary_large_image\" \/>\n<meta name=\"twitter:creator\" content=\"@GuineeDiversite\" \/>\n<meta name=\"twitter:site\" content=\"@GuineeDiversite\" \/>\n<meta name=\"twitter:label1\" content=\"\u00c9crit par\" \/>\n\t<meta name=\"twitter:data1\" content=\"Guin\u00e9e Diversit\u00e9\" \/>\n\t<meta name=\"twitter:label2\" content=\"Dur\u00e9e de lecture estim\u00e9e\" \/>\n\t<meta name=\"twitter:data2\" content=\"1 minute\" \/>\n<script type=\"application\/ld+json\" class=\"yoast-schema-graph\">{\"@context\":\"https:\/\/schema.org\",\"@graph\":[{\"@type\":\"Article\",\"@id\":\"https:\/\/guineediversite.com\/index.php\/2019\/05\/27\/guinee-le-ministre-de-la-justice-cheick-sacko-a-demissionne\/#article\",\"isPartOf\":{\"@id\":\"https:\/\/guineediversite.com\/index.php\/2019\/05\/27\/guinee-le-ministre-de-la-justice-cheick-sacko-a-demissionne\/\"},\"author\":{\"name\":\"Guin\u00e9e Diversit\u00e9\",\"@id\":\"https:\/\/guineediversite.com\/#\/schema\/person\/afa08fb34e7fc6e1feafc892612bc836\"},\"headline\":\"Guin\u00e9e : le ministre de la Justice Cheick Sako a d\u00e9missionn\u00e9\",\"datePublished\":\"2019-05-27T14:14:42+00:00\",\"dateModified\":\"2019-05-27T15:15:39+00:00\",\"mainEntityOfPage\":{\"@id\":\"https:\/\/guineediversite.com\/index.php\/2019\/05\/27\/guinee-le-ministre-de-la-justice-cheick-sacko-a-demissionne\/\"},\"wordCount\":121,\"publisher\":{\"@id\":\"https:\/\/guineediversite.com\/#organization\"},\"image\":{\"@id\":\"https:\/\/guineediversite.com\/index.php\/2019\/05\/27\/guinee-le-ministre-de-la-justice-cheick-sacko-a-demissionne\/#primaryimage\"},\"thumbnailUrl\":\"https:\/\/guineediversite.com\/wp-content\/uploads\/2019\/05\/DEMI.jpg\",\"articleSection\":[\"Politique\"],\"inLanguage\":\"fr-FR\"},{\"@type\":\"WebPage\",\"@id\":\"https:\/\/guineediversite.com\/index.php\/2019\/05\/27\/guinee-le-ministre-de-la-justice-cheick-sacko-a-demissionne\/\",\"url\":\"https:\/\/guineediversite.com\/index.php\/2019\/05\/27\/guinee-le-ministre-de-la-justice-cheick-sacko-a-demissionne\/\",\"name\":\"Guin\u00e9e : le ministre de la Justice Cheick Sako a d\u00e9missionn\u00e9 | Guin\u00e9e Diversit\u00e9\",\"isPartOf\":{\"@id\":\"https:\/\/guineediversite.com\/#website\"},\"primaryImageOfPage\":{\"@id\":\"https:\/\/guineediversite.com\/index.php\/2019\/05\/27\/guinee-le-ministre-de-la-justice-cheick-sacko-a-demissionne\/#primaryimage\"},\"image\":{\"@id\":\"https:\/\/guineediversite.com\/index.php\/2019\/05\/27\/guinee-le-ministre-de-la-justice-cheick-sacko-a-demissionne\/#primaryimage\"},\"thumbnailUrl\":\"https:\/\/guineediversite.com\/wp-content\/uploads\/2019\/05\/DEMI.jpg\",\"datePublished\":\"2019-05-27T14:14:42+00:00\",\"dateModified\":\"2019-05-27T15:15:39+00:00\",\"breadcrumb\":{\"@id\":\"https:\/\/guineediversite.com\/index.php\/2019\/05\/27\/guinee-le-ministre-de-la-justice-cheick-sacko-a-demissionne\/#breadcrumb\"},\"inLanguage\":\"fr-FR\",\"potentialAction\":[{\"@type\":\"ReadAction\",\"target\":[\"https:\/\/guineediversite.com\/index.php\/2019\/05\/27\/guinee-le-ministre-de-la-justice-cheick-sacko-a-demissionne\/\"]}]},{\"@type\":\"ImageObject\",\"inLanguage\":\"fr-FR\",\"@id\":\"https:\/\/guineediversite.com\/index.php\/2019\/05\/27\/guinee-le-ministre-de-la-justice-cheick-sacko-a-demissionne\/#primaryimage\",\"url\":\"https:\/\/guineediversite.com\/wp-content\/uploads\/2019\/05\/DEMI.jpg\",\"contentUrl\":\"https:\/\/guineediversite.com\/wp-content\/uploads\/2019\/05\/DEMI.jpg\",\"width\":1707,\"height\":1024},{\"@type\":\"BreadcrumbList\",\"@id\":\"https:\/\/guineediversite.com\/index.php\/2019\/05\/27\/guinee-le-ministre-de-la-justice-cheick-sacko-a-demissionne\/#breadcrumb\",\"itemListElement\":[{\"@type\":\"ListItem\",\"position\":1,\"name\":\"Accueil\",\"item\":\"https:\/\/guineediversite.com\/\"},{\"@type\":\"ListItem\",\"position\":2,\"name\":\"Guin\u00e9e : le ministre de la Justice Cheick Sako a d\u00e9missionn\u00e9\"}]},{\"@type\":\"WebSite\",\"@id\":\"https:\/\/guineediversite.com\/#website\",\"url\":\"https:\/\/guineediversite.com\/\",\"name\":\"Guin\u00e9e Diversit\u00e9\",\"description\":\"L&#039;Info dans toute sa diversit\u00e9\",\"publisher\":{\"@id\":\"https:\/\/guineediversite.com\/#organization\"},\"potentialAction\":[{\"@type\":\"SearchAction\",\"target\":{\"@type\":\"EntryPoint\",\"urlTemplate\":\"https:\/\/guineediversite.com\/?s={search_term_string}\"},\"query-input\":{\"@type\":\"PropertyValueSpecification\",\"valueRequired\":true,\"valueName\":\"search_term_string\"}}],\"inLanguage\":\"fr-FR\"},{\"@type\":\"Organization\",\"@id\":\"https:\/\/guineediversite.com\/#organization\",\"name\":\"Guin\u00e9e Diversit\u00e9\",\"url\":\"https:\/\/guineediversite.com\/\",\"logo\":{\"@type\":\"ImageObject\",\"inLanguage\":\"fr-FR\",\"@id\":\"https:\/\/guineediversite.com\/#\/schema\/logo\/image\/\",\"url\":\"https:\/\/guineediversite.com\/wp-content\/uploads\/2017\/04\/cropped-1jojlxEOMkX9Wyqfhe43D6kjPOGqBBKmx3EwWJqZ0cMrFF54yM49.png\",\"contentUrl\":\"https:\/\/guineediversite.com\/wp-content\/uploads\/2017\/04\/cropped-1jojlxEOMkX9Wyqfhe43D6kjPOGqBBKmx3EwWJqZ0cMrFF54yM49.png\",\"width\":186,\"height\":112,\"caption\":\"Guin\u00e9e Diversit\u00e9\"},\"image\":{\"@id\":\"https:\/\/guineediversite.com\/#\/schema\/logo\/image\/\"},\"sameAs\":[\"https:\/\/www.facebook.com\/guineediversite\/\",\"https:\/\/x.com\/GuineeDiversite\",\"https:\/\/www.youtube.com\/channel\/UC8sUY16qelG5ge6_D5SB83g\"]},{\"@type\":\"Person\",\"@id\":\"https:\/\/guineediversite.com\/#\/schema\/person\/afa08fb34e7fc6e1feafc892612bc836\",\"name\":\"Guin\u00e9e Diversit\u00e9\",\"image\":{\"@type\":\"ImageObject\",\"inLanguage\":\"fr-FR\",\"@id\":\"https:\/\/guineediversite.com\/#\/schema\/person\/image\/\",\"url\":\"https:\/\/secure.gravatar.com\/avatar\/50d5eb5b390f8b65ac30ac6f898eb83a?s=96&d=mm&r=g\",\"contentUrl\":\"https:\/\/secure.gravatar.com\/avatar\/50d5eb5b390f8b65ac30ac6f898eb83a?s=96&d=mm&r=g\",\"caption\":\"Guin\u00e9e Diversit\u00e9\"},\"url\":\"https:\/\/guineediversite.com\/index.php\/author\/guineediversite\/\"}]}<\/script>\n<!-- \/ Yoast SEO plugin. -->","yoast_head_json":{"title":"Guin\u00e9e : le ministre de la Justice Cheick Sako a d\u00e9missionn\u00e9 | Guin\u00e9e Diversit\u00e9","robots":{"index":"index","follow":"follow","max-snippet":"max-snippet:-1","max-image-preview":"max-image-preview:large","max-video-preview":"max-video-preview:-1"},"canonical":"https:\/\/guineediversite.com\/index.php\/2019\/05\/27\/guinee-le-ministre-de-la-justice-cheick-sacko-a-demissionne\/","og_locale":"fr_FR","og_type":"article","og_title":"Guin\u00e9e : le ministre de la Justice Cheick Sako a d\u00e9missionn\u00e9 | Guin\u00e9e Diversit\u00e9","og_description":"Ministre de la Justice depuis 2014, Cheick Sako a pr\u00e9sent\u00e9 le 20 mai sa d\u00e9mission \u00e0 Alpha Cond\u00e9. Dans son courrier adress\u00e9 au chef de l&rsquo;\u00c9tat, entre autres motifs, il justifie sa d\u00e9cision par son opposition \u00e0 toute modification constitutionnelle. \u00ab\u00a0Tirant les cons\u00e9quences de votre silence depuis le 4 avril 2019, jour de notre entretien [&hellip;]","og_url":"https:\/\/guineediversite.com\/index.php\/2019\/05\/27\/guinee-le-ministre-de-la-justice-cheick-sacko-a-demissionne\/","og_site_name":"Guin\u00e9e Diversit\u00e9","article_publisher":"https:\/\/www.facebook.com\/guineediversite\/","article_published_time":"2019-05-27T14:14:42+00:00","article_modified_time":"2019-05-27T15:15:39+00:00","og_image":[{"width":1707,"height":1024,"url":"https:\/\/guineediversite.com\/wp-content\/uploads\/2019\/05\/DEMI.jpg","type":"image\/jpeg"}],"author":"Guin\u00e9e Diversit\u00e9","twitter_card":"summary_large_image","twitter_creator":"@GuineeDiversite","twitter_site":"@GuineeDiversite","twitter_misc":{"\u00c9crit par":"Guin\u00e9e Diversit\u00e9","Dur\u00e9e de lecture estim\u00e9e":"1 minute"},"schema":{"@context":"https:\/\/schema.org","@graph":[{"@type":"Article","@id":"https:\/\/guineediversite.com\/index.php\/2019\/05\/27\/guinee-le-ministre-de-la-justice-cheick-sacko-a-demissionne\/#article","isPartOf":{"@id":"https:\/\/guineediversite.com\/index.php\/2019\/05\/27\/guinee-le-ministre-de-la-justice-cheick-sacko-a-demissionne\/"},"author":{"name":"Guin\u00e9e Diversit\u00e9","@id":"https:\/\/guineediversite.com\/#\/schema\/person\/afa08fb34e7fc6e1feafc892612bc836"},"headline":"Guin\u00e9e : le ministre de la Justice Cheick Sako a d\u00e9missionn\u00e9","datePublished":"2019-05-27T14:14:42+00:00","dateModified":"2019-05-27T15:15:39+00:00","mainEntityOfPage":{"@id":"https:\/\/guineediversite.com\/index.php\/2019\/05\/27\/guinee-le-ministre-de-la-justice-cheick-sacko-a-demissionne\/"},"wordCount":121,"publisher":{"@id":"https:\/\/guineediversite.com\/#organization"},"image":{"@id":"https:\/\/guineediversite.com\/index.php\/2019\/05\/27\/guinee-le-ministre-de-la-justice-cheick-sacko-a-demissionne\/#primaryimage"},"thumbnailUrl":"https:\/\/guineediversite.com\/wp-content\/uploads\/2019\/05\/DEMI.jpg","articleSection":["Politique"],"inLanguage":"fr-FR"},{"@type":"WebPage","@id":"https:\/\/guineediversite.com\/index.php\/2019\/05\/27\/guinee-le-ministre-de-la-justice-cheick-sacko-a-demissionne\/","url":"https:\/\/guineediversite.com\/index.php\/2019\/05\/27\/guinee-le-ministre-de-la-justice-cheick-sacko-a-demissionne\/","name":"Guin\u00e9e : le ministre de la Justice Cheick Sako a d\u00e9missionn\u00e9 | Guin\u00e9e Diversit\u00e9","isPartOf":{"@id":"https:\/\/guineediversite.com\/#website"},"primaryImageOfPage":{"@id":"https:\/\/guineediversite.com\/index.php\/2019\/05\/27\/guinee-le-ministre-de-la-justice-cheick-sacko-a-demissionne\/#primaryimage"},"image":{"@id":"https:\/\/guineediversite.com\/index.php\/2019\/05\/27\/guinee-le-ministre-de-la-justice-cheick-sacko-a-demissionne\/#primaryimage"},"thumbnailUrl":"https:\/\/guineediversite.com\/wp-content\/uploads\/2019\/05\/DEMI.jpg","datePublished":"2019-05-27T14:14:42+00:00","dateModified":"2019-05-27T15:15:39+00:00","breadcrumb":{"@id":"https:\/\/guineediversite.com\/index.php\/2019\/05\/27\/guinee-le-ministre-de-la-justice-cheick-sacko-a-demissionne\/#breadcrumb"},"inLanguage":"fr-FR","potentialAction":[{"@type":"ReadAction","target":["https:\/\/guineediversite.com\/index.php\/2019\/05\/27\/guinee-le-ministre-de-la-justice-cheick-sacko-a-demissionne\/"]}]},{"@type":"ImageObject","inLanguage":"fr-FR","@id":"https:\/\/guineediversite.com\/index.php\/2019\/05\/27\/guinee-le-ministre-de-la-justice-cheick-sacko-a-demissionne\/#primaryimage","url":"https:\/\/guineediversite.com\/wp-content\/uploads\/2019\/05\/DEMI.jpg","contentUrl":"https:\/\/guineediversite.com\/wp-content\/uploads\/2019\/05\/DEMI.jpg","width":1707,"height":1024},{"@type":"BreadcrumbList","@id":"https:\/\/guineediversite.com\/index.php\/2019\/05\/27\/guinee-le-ministre-de-la-justice-cheick-sacko-a-demissionne\/#breadcrumb","itemListElement":[{"@type":"ListItem","position":1,"name":"Accueil","item":"https:\/\/guineediversite.com\/"},{"@type":"ListItem","position":2,"name":"Guin\u00e9e : le ministre de la Justice Cheick Sako a d\u00e9missionn\u00e9"}]},{"@type":"WebSite","@id":"https:\/\/guineediversite.com\/#website","url":"https:\/\/guineediversite.com\/","name":"Guin\u00e9e Diversit\u00e9","description":"L&#039;Info dans toute sa diversit\u00e9","publisher":{"@id":"https:\/\/guineediversite.com\/#organization"},"potentialAction":[{"@type":"SearchAction","target":{"@type":"EntryPoint","urlTemplate":"https:\/\/guineediversite.com\/?s={search_term_string}"},"query-input":{"@type":"PropertyValueSpecification","valueRequired":true,"valueName":"search_term_string"}}],"inLanguage":"fr-FR"},{"@type":"Organization","@id":"https:\/\/guineediversite.com\/#organization","name":"Guin\u00e9e Diversit\u00e9","url":"https:\/\/guineediversite.com\/","logo":{"@type":"ImageObject","inLanguage":"fr-FR","@id":"https:\/\/guineediversite.com\/#\/schema\/logo\/image\/","url":"https:\/\/guineediversite.com\/wp-content\/uploads\/2017\/04\/cropped-1jojlxEOMkX9Wyqfhe43D6kjPOGqBBKmx3EwWJqZ0cMrFF54yM49.png","contentUrl":"https:\/\/guineediversite.com\/wp-content\/uploads\/2017\/04\/cropped-1jojlxEOMkX9Wyqfhe43D6kjPOGqBBKmx3EwWJqZ0cMrFF54yM49.png","width":186,"height":112,"caption":"Guin\u00e9e Diversit\u00e9"},"image":{"@id":"https:\/\/guineediversite.com\/#\/schema\/logo\/image\/"},"sameAs":["https:\/\/www.facebook.com\/guineediversite\/","https:\/\/x.com\/GuineeDiversite","https:\/\/www.youtube.com\/channel\/UC8sUY16qelG5ge6_D5SB83g"]},{"@type":"Person","@id":"https:\/\/guineediversite.com\/#\/schema\/person\/afa08fb34e7fc6e1feafc892612bc836","name":"Guin\u00e9e Diversit\u00e9","image":{"@type":"ImageObject","inLanguage":"fr-FR","@id":"https:\/\/guineediversite.com\/#\/schema\/person\/image\/","url":"https:\/\/secure.gravatar.com\/avatar\/50d5eb5b390f8b65ac30ac6f898eb83a?s=96&d=mm&r=g","contentUrl":"https:\/\/secure.gravatar.com\/avatar\/50d5eb5b390f8b65ac30ac6f898eb83a?s=96&d=mm&r=g","caption":"Guin\u00e9e Diversit\u00e9"},"url":"https:\/\/guineediversite.com\/index.php\/author\/guineediversite\/"}]}},"_links":{"self":[{"href":"https:\/\/guineediversite.com\/index.php\/wp-json\/wp\/v2\/posts\/28571"}],"collection":[{"href":"https:\/\/guineediversite.com\/index.php\/wp-json\/wp\/v2\/posts"}],"about":[{"href":"https:\/\/guineediversite.com\/index.php\/wp-json\/wp\/v2\/types\/post"}],"author":[{"embeddable":true,"href":"https:\/\/guineediversite.com\/index.php\/wp-json\/wp\/v2\/users\/12"}],"replies":[{"embeddable":true,"href":"https:\/\/guineediversite.com\/index.php\/wp-json\/wp\/v2\/comments?post=28571"}],"version-history":[{"count":0,"href":"https:\/\/guineediversite.com\/index.php\/wp-json\/wp\/v2\/posts\/28571\/revisions"}],"wp:featuredmedia":[{"embeddable":true,"href":"https:\/\/guineediversite.com\/index.php\/wp-json\/wp\/v2\/media\/28572"}],"wp:attachment":[{"href":"https:\/\/guineediversite.com\/index.php\/wp-json\/wp\/v2\/media?parent=28571"}],"wp:term":[{"taxonomy":"category","embeddable":true,"href":"https:\/\/guineediversite.com\/index.php\/wp-json\/wp\/v2\/categories?post=28571"},{"taxonomy":"post_tag","embeddable":true,"href":"https:\/\/guineediversite.com\/index.php\/wp-json\/wp\/v2\/tags?post=28571"}],"curies":[{"name":"wp","href":"https:\/\/api.w.org\/{rel}","templated":true}]}}