{"id":28567,"date":"2019-05-27T12:58:46","date_gmt":"2019-05-27T10:58:46","guid":{"rendered":"https:\/\/guineediversite.com\/?p=28567"},"modified":"2019-05-27T12:58:46","modified_gmt":"2019-05-27T10:58:46","slug":"rwanda-ouganda-la-tension-monte-apres-un-nouvel-incident-a-la-frontiere","status":"publish","type":"post","link":"https:\/\/guineediversite.com\/index.php\/2019\/05\/27\/rwanda-ouganda-la-tension-monte-apres-un-nouvel-incident-a-la-frontiere\/","title":{"rendered":"Rwanda \u2013 Ouganda : la tension monte apr\u00e8s un nouvel incident \u00e0 la fronti\u00e8re"},"content":{"rendered":"<p><strong>Kampala a accus\u00e9 l&rsquo;arm\u00e9e rwandaise d&rsquo;avoir tu\u00e9 deux personnes pr\u00e8s d&rsquo;un poste fronti\u00e8re lors d&rsquo;une incursion que les autorit\u00e9s qualifient de violation territoriale. Kigali conteste cette version de l&rsquo;incident. Apr\u00e8s plusieurs mois de crise, l&rsquo;incident marque un nouveau regain de tension entre les deux pays.<\/strong><\/p>\n<p>Hasard du calendrier, le pr\u00e9sident rwandais Paul Kagame et son homologue ougandais Yoweri Museveni, en froid depuis plusieurs mois, se retrouvaient samedi c\u00f4te-\u00e0-c\u00f4te dans les tribunes du stade de Pretoria o\u00f9 Cyril Ramaphosa organisait sa c\u00e9r\u00e9monie d\u2019investiture. Au m\u00eame moment\u00a0<a href=\"https:\/\/www.jeuneafrique.com\/745295\/politique\/rwanda-ouganda-accuse-par-kigali-de-fournir-un-soutien-a-des-membres-du-rnc-kampala-dement\/\">la crise diplomatique que traversent leurs deux pays<\/a>prenait un nouveau tournant suite \u00e0 un incident pr\u00e8s d\u2019un poste fronti\u00e8re.<\/p>\n<p><strong>Version divergentes<\/strong><\/p>\n<p>Samedi , le minist\u00e8re des Affaires \u00e9trang\u00e8res ougandais a accus\u00e9 l\u2019arm\u00e9e rwandaise d\u2019avoir viol\u00e9 l\u2019int\u00e9grit\u00e9 de son territoire. Selon la version des faits relat\u00e9e dans un communiqu\u00e9 de la police ougandaise diffus\u00e9 samedi, l\u2019incident s\u2019est produit vendredi soir dans le village de Kiruhura, situ\u00e9 pr\u00e8s d\u2019un poste-fronti\u00e8re dans le sud-ouest de l\u2019Ouganda. Un commer\u00e7ant rwandais aurait tent\u00e9 de traverser la fronti\u00e8re en direction du Rwanda \u00e0 bord d\u2019une moto charg\u00e9e de marchandises et aurait fait demi-tour \u00e0 la vue des soldats rwandais.<\/p>\n<p>Ces derniers auraient alors pourchass\u00e9 le commer\u00e7ant en p\u00e9n\u00e9trant d\u2019environ \u00ab\u00a080 m\u00e8tres\u00a0\u00bb sur le territoire ougandais avant d\u2019abattre le jeune homme d\u2019une balle dans la t\u00eate, apr\u00e8s que celui-ci a r\u00e9sist\u00e9 \u00e0 son arrestation, pr\u00e9cise le communiqu\u00e9.<\/p>\n<p>Toujours selon la version ougandaise, l\u2019arm\u00e9e rwandaise aurait \u00e9galement tu\u00e9 un citoyen ougandais, qui aurait tent\u00e9 de s\u2019interposer, avant de battre en retraite, laissant les deux corps c\u00f4t\u00e9 ougandais. \u00ab\u00a0Le gouvernement ougandais proteste dans les termes les plus forts contre cette violation de son int\u00e9grit\u00e9 territoriale par des soldats rwandais ainsi que contre cet acte criminel, brutal et violent\u00a0\u00bb, ajoute le minist\u00e8re des Affaires \u00e9trang\u00e8res.<\/p>\n<p>La version rwandaise de l\u2019incident diff\u00e8re. Selon la police, \u00ab\u00a0l\u2019incident s\u2019est d\u00e9roul\u00e9 du c\u00f4t\u00e9 rwandais\u00a0\u00bb, dans le district de Tabagwe. Une patrouille aurait alors intercept\u00e9 un contrebandier pr\u00e9sum\u00e9 qui venait de traverser la fronti\u00e8re depuis l\u2019Ouganda. Le contr\u00f4le aurait mal tourn\u00e9. L\u2019individu est, selon la police rwandaise, devenu \u00ab\u00a0violent\u00a0\u00bb et a \u00e9t\u00e9 \u00ab\u00a0rejoint par d\u2019autres qui ont attaqu\u00e9 les agents avec des machettes tout en tentant de retourner en Ouganda\u00a0\u00bb.<\/p>\n<p>Les forces de s\u00e9curit\u00e9 ont alors tir\u00e9 et tu\u00e9 deux personnes, dont un ougandais. \u00ab\u00a0Lorsque le gang est repass\u00e9 du c\u00f4t\u00e9 ougandais de la fronti\u00e8re, aucune autre action n\u2019a \u00e9t\u00e9 entreprise par la patrouille\u00a0\u00bb, pr\u00e9cise-t-il.<\/p>\n<p>L\u2019incident a par la suite \u00e9t\u00e9 discut\u00e9 par les officiels des deux districts frontaliers, pr\u00e9cise le minist\u00e8re des Affaires \u00e9trang\u00e8res rwandais.<\/p>\n<p><strong>Tensions r\u00e9currentes<\/strong><\/p>\n<p>Apr\u00e8s plusieurs mois de mise en garde et d\u2019accusations mutuelles entre les deux gouvernements, la mort des deux personnes jette un nouveau froid sur les relations entre Kigali et Kampala. Les diff\u00e9rends qui opposent les deux voisins sont nombreux.<\/p>\n<p><a href=\"https:\/\/www.jeuneafrique.com\/743500\/politique\/rwanda-ouganda-polemique-autour-de-la-fermeture-dun-poste-frontiere\/\">Fin f\u00e9vrier, la fermeture temporaire pour cause de travaux d\u2019un des postes fronti\u00e8res entre les deux pays<\/a>\u00a0\u2013 celui de Gatuna dans le nord-ouest du Rwanda- a contribu\u00e9 a d\u00e9t\u00e9riorer les relations entre les deux pays, l\u2019Ouganda accusant son voisin de vouloir\u00a0<a href=\"https:\/\/www.jeuneafrique.com\/748962\/politique\/rwanda-paul-kagame-revient-sur-lassassinat-de-seth-sendashonga-dans-un-contexte-de-tension-avec-louganda\/\">imposer un embargo commercial<\/a>. Selon Kampala, 44 ressortissants rwandais ont \u00e9t\u00e9 intercept\u00e9s \u00e0 la fronti\u00e8re et renvoy\u00e9s au Rwanda.<\/p>\n<p>Kigali a soulev\u00e9 de son c\u00f4t\u00e9 plusieurs probl\u00e8mes dont des cas d\u2019arrestations et de torture de ses ressortissants en Ouganda. Les autorit\u00e9s rwandaises accusent aussi certains officiels ougandais d\u2019entretenir des liens \u2013 et de fournir un soutien \u2013\u00a0<a href=\"https:\/\/www.jeuneafrique.com\/745295\/politique\/rwanda-ouganda-accuse-par-kigali-de-fournir-un-soutien-a-des-membres-du-rnc-kampala-dement\/\">avec des groupes\u00a0rebelles rwandais, dont le Rwanda National Congress (RNC)<\/a>\u00a0de l\u2019ancien g\u00e9n\u00e9ral Kayumba Nyamwasa.<\/p>\n<p>Jeudi 23 mai, lors de sa premi\u00e8re audition devant\u00a0<a href=\"https:\/\/www.jeuneafrique.com\/779661\/societe\/rwanda-callixte-nsabimana-plaide-coupable-et-evoque-des-contacts-avec-le-burundi-et-louganda\/\">la justice rwandaise Callixte Nsabamina,<\/a>\u00a0disident du RNC et depuis porte-parole des FNL, branche arm\u00e9e du MRCD de Paul Rusesabagina, a lui-m\u00eame \u00e9voqu\u00e9 des contacts avec les renseignements ougandais.<\/p>\n<p><strong>JA<\/strong><\/p>\n","protected":false},"excerpt":{"rendered":"<p>Kampala a accus\u00e9 l&rsquo;arm\u00e9e rwandaise d&rsquo;avoir tu\u00e9 deux personnes pr\u00e8s d&rsquo;un poste fronti\u00e8re lors d&rsquo;une incursion que les autorit\u00e9s qualifient de violation territoriale. Kigali conteste cette version de l&rsquo;incident. Apr\u00e8s plusieurs mois de crise, l&rsquo;incident marque un nouveau regain de tension entre les deux pays. Hasard du calendrier, le pr\u00e9sident rwandais Paul Kagame et son [&hellip;]<\/p>\n","protected":false},"author":12,"featured_media":28568,"comment_status":"closed","ping_status":"closed","sticky":false,"template":"","format":"standard","meta":{"_exactmetrics_skip_tracking":false,"_exactmetrics_sitenote_active":false,"_exactmetrics_sitenote_note":"","_exactmetrics_sitenote_category":0,"tdm_status":"","tdm_grid_status":"","footnotes":""},"categories":[21],"tags":[],"class_list":{"0":"post-28567","1":"post","2":"type-post","3":"status-publish","4":"format-standard","5":"has-post-thumbnail","7":"category-international"},"yoast_head":"<!-- This site is optimized with the Yoast SEO plugin v24.2 - https:\/\/yoast.com\/wordpress\/plugins\/seo\/ -->\n<title>Rwanda \u2013 Ouganda : la tension monte apr\u00e8s un nouvel incident \u00e0 la fronti\u00e8re | Guin\u00e9e Diversit\u00e9<\/title>\n<meta name=\"robots\" content=\"index, follow, max-snippet:-1, max-image-preview:large, max-video-preview:-1\" \/>\n<link rel=\"canonical\" href=\"https:\/\/guineediversite.com\/index.php\/2019\/05\/27\/rwanda-ouganda-la-tension-monte-apres-un-nouvel-incident-a-la-frontiere\/\" \/>\n<meta property=\"og:locale\" content=\"fr_FR\" \/>\n<meta property=\"og:type\" content=\"article\" \/>\n<meta property=\"og:title\" content=\"Rwanda \u2013 Ouganda : la tension monte apr\u00e8s un nouvel incident \u00e0 la fronti\u00e8re | Guin\u00e9e Diversit\u00e9\" \/>\n<meta property=\"og:description\" content=\"Kampala a accus\u00e9 l&rsquo;arm\u00e9e rwandaise d&rsquo;avoir tu\u00e9 deux personnes pr\u00e8s d&rsquo;un poste fronti\u00e8re lors d&rsquo;une incursion que les autorit\u00e9s qualifient de violation territoriale. Kigali conteste cette version de l&rsquo;incident. Apr\u00e8s plusieurs mois de crise, l&rsquo;incident marque un nouveau regain de tension entre les deux pays. Hasard du calendrier, le pr\u00e9sident rwandais Paul Kagame et son [&hellip;]\" \/>\n<meta property=\"og:url\" content=\"https:\/\/guineediversite.com\/index.php\/2019\/05\/27\/rwanda-ouganda-la-tension-monte-apres-un-nouvel-incident-a-la-frontiere\/\" \/>\n<meta property=\"og:site_name\" content=\"Guin\u00e9e Diversit\u00e9\" \/>\n<meta property=\"article:publisher\" content=\"https:\/\/www.facebook.com\/guineediversite\/\" \/>\n<meta property=\"article:published_time\" content=\"2019-05-27T10:58:46+00:00\" \/>\n<meta property=\"og:image\" content=\"https:\/\/guineediversite.com\/wp-content\/uploads\/2019\/05\/RWAND.jpg\" \/>\n\t<meta property=\"og:image:width\" content=\"1900\" \/>\n\t<meta property=\"og:image:height\" content=\"950\" \/>\n\t<meta property=\"og:image:type\" content=\"image\/jpeg\" \/>\n<meta name=\"author\" content=\"Guin\u00e9e Diversit\u00e9\" \/>\n<meta name=\"twitter:card\" content=\"summary_large_image\" \/>\n<meta name=\"twitter:creator\" content=\"@GuineeDiversite\" \/>\n<meta name=\"twitter:site\" content=\"@GuineeDiversite\" \/>\n<meta name=\"twitter:label1\" content=\"\u00c9crit par\" \/>\n\t<meta name=\"twitter:data1\" content=\"Guin\u00e9e Diversit\u00e9\" \/>\n\t<meta name=\"twitter:label2\" content=\"Dur\u00e9e de lecture estim\u00e9e\" \/>\n\t<meta name=\"twitter:data2\" content=\"3 minutes\" \/>\n<script type=\"application\/ld+json\" class=\"yoast-schema-graph\">{\"@context\":\"https:\/\/schema.org\",\"@graph\":[{\"@type\":\"Article\",\"@id\":\"https:\/\/guineediversite.com\/index.php\/2019\/05\/27\/rwanda-ouganda-la-tension-monte-apres-un-nouvel-incident-a-la-frontiere\/#article\",\"isPartOf\":{\"@id\":\"https:\/\/guineediversite.com\/index.php\/2019\/05\/27\/rwanda-ouganda-la-tension-monte-apres-un-nouvel-incident-a-la-frontiere\/\"},\"author\":{\"name\":\"Guin\u00e9e Diversit\u00e9\",\"@id\":\"https:\/\/guineediversite.com\/#\/schema\/person\/afa08fb34e7fc6e1feafc892612bc836\"},\"headline\":\"Rwanda \u2013 Ouganda : la tension monte apr\u00e8s un nouvel incident \u00e0 la fronti\u00e8re\",\"datePublished\":\"2019-05-27T10:58:46+00:00\",\"dateModified\":\"2019-05-27T10:58:46+00:00\",\"mainEntityOfPage\":{\"@id\":\"https:\/\/guineediversite.com\/index.php\/2019\/05\/27\/rwanda-ouganda-la-tension-monte-apres-un-nouvel-incident-a-la-frontiere\/\"},\"wordCount\":715,\"publisher\":{\"@id\":\"https:\/\/guineediversite.com\/#organization\"},\"image\":{\"@id\":\"https:\/\/guineediversite.com\/index.php\/2019\/05\/27\/rwanda-ouganda-la-tension-monte-apres-un-nouvel-incident-a-la-frontiere\/#primaryimage\"},\"thumbnailUrl\":\"https:\/\/guineediversite.com\/wp-content\/uploads\/2019\/05\/RWAND.jpg\",\"articleSection\":[\"International\"],\"inLanguage\":\"fr-FR\"},{\"@type\":\"WebPage\",\"@id\":\"https:\/\/guineediversite.com\/index.php\/2019\/05\/27\/rwanda-ouganda-la-tension-monte-apres-un-nouvel-incident-a-la-frontiere\/\",\"url\":\"https:\/\/guineediversite.com\/index.php\/2019\/05\/27\/rwanda-ouganda-la-tension-monte-apres-un-nouvel-incident-a-la-frontiere\/\",\"name\":\"Rwanda \u2013 Ouganda : la tension monte apr\u00e8s un nouvel incident \u00e0 la fronti\u00e8re | Guin\u00e9e Diversit\u00e9\",\"isPartOf\":{\"@id\":\"https:\/\/guineediversite.com\/#website\"},\"primaryImageOfPage\":{\"@id\":\"https:\/\/guineediversite.com\/index.php\/2019\/05\/27\/rwanda-ouganda-la-tension-monte-apres-un-nouvel-incident-a-la-frontiere\/#primaryimage\"},\"image\":{\"@id\":\"https:\/\/guineediversite.com\/index.php\/2019\/05\/27\/rwanda-ouganda-la-tension-monte-apres-un-nouvel-incident-a-la-frontiere\/#primaryimage\"},\"thumbnailUrl\":\"https:\/\/guineediversite.com\/wp-content\/uploads\/2019\/05\/RWAND.jpg\",\"datePublished\":\"2019-05-27T10:58:46+00:00\",\"dateModified\":\"2019-05-27T10:58:46+00:00\",\"breadcrumb\":{\"@id\":\"https:\/\/guineediversite.com\/index.php\/2019\/05\/27\/rwanda-ouganda-la-tension-monte-apres-un-nouvel-incident-a-la-frontiere\/#breadcrumb\"},\"inLanguage\":\"fr-FR\",\"potentialAction\":[{\"@type\":\"ReadAction\",\"target\":[\"https:\/\/guineediversite.com\/index.php\/2019\/05\/27\/rwanda-ouganda-la-tension-monte-apres-un-nouvel-incident-a-la-frontiere\/\"]}]},{\"@type\":\"ImageObject\",\"inLanguage\":\"fr-FR\",\"@id\":\"https:\/\/guineediversite.com\/index.php\/2019\/05\/27\/rwanda-ouganda-la-tension-monte-apres-un-nouvel-incident-a-la-frontiere\/#primaryimage\",\"url\":\"https:\/\/guineediversite.com\/wp-content\/uploads\/2019\/05\/RWAND.jpg\",\"contentUrl\":\"https:\/\/guineediversite.com\/wp-content\/uploads\/2019\/05\/RWAND.jpg\",\"width\":1900,\"height\":950},{\"@type\":\"BreadcrumbList\",\"@id\":\"https:\/\/guineediversite.com\/index.php\/2019\/05\/27\/rwanda-ouganda-la-tension-monte-apres-un-nouvel-incident-a-la-frontiere\/#breadcrumb\",\"itemListElement\":[{\"@type\":\"ListItem\",\"position\":1,\"name\":\"Accueil\",\"item\":\"https:\/\/guineediversite.com\/\"},{\"@type\":\"ListItem\",\"position\":2,\"name\":\"Rwanda \u2013 Ouganda : la tension monte apr\u00e8s un nouvel incident \u00e0 la fronti\u00e8re\"}]},{\"@type\":\"WebSite\",\"@id\":\"https:\/\/guineediversite.com\/#website\",\"url\":\"https:\/\/guineediversite.com\/\",\"name\":\"Guin\u00e9e Diversit\u00e9\",\"description\":\"L&#039;Info dans toute sa diversit\u00e9\",\"publisher\":{\"@id\":\"https:\/\/guineediversite.com\/#organization\"},\"potentialAction\":[{\"@type\":\"SearchAction\",\"target\":{\"@type\":\"EntryPoint\",\"urlTemplate\":\"https:\/\/guineediversite.com\/?s={search_term_string}\"},\"query-input\":{\"@type\":\"PropertyValueSpecification\",\"valueRequired\":true,\"valueName\":\"search_term_string\"}}],\"inLanguage\":\"fr-FR\"},{\"@type\":\"Organization\",\"@id\":\"https:\/\/guineediversite.com\/#organization\",\"name\":\"Guin\u00e9e Diversit\u00e9\",\"url\":\"https:\/\/guineediversite.com\/\",\"logo\":{\"@type\":\"ImageObject\",\"inLanguage\":\"fr-FR\",\"@id\":\"https:\/\/guineediversite.com\/#\/schema\/logo\/image\/\",\"url\":\"https:\/\/guineediversite.com\/wp-content\/uploads\/2017\/04\/cropped-1jojlxEOMkX9Wyqfhe43D6kjPOGqBBKmx3EwWJqZ0cMrFF54yM49.png\",\"contentUrl\":\"https:\/\/guineediversite.com\/wp-content\/uploads\/2017\/04\/cropped-1jojlxEOMkX9Wyqfhe43D6kjPOGqBBKmx3EwWJqZ0cMrFF54yM49.png\",\"width\":186,\"height\":112,\"caption\":\"Guin\u00e9e Diversit\u00e9\"},\"image\":{\"@id\":\"https:\/\/guineediversite.com\/#\/schema\/logo\/image\/\"},\"sameAs\":[\"https:\/\/www.facebook.com\/guineediversite\/\",\"https:\/\/x.com\/GuineeDiversite\",\"https:\/\/www.youtube.com\/channel\/UC8sUY16qelG5ge6_D5SB83g\"]},{\"@type\":\"Person\",\"@id\":\"https:\/\/guineediversite.com\/#\/schema\/person\/afa08fb34e7fc6e1feafc892612bc836\",\"name\":\"Guin\u00e9e Diversit\u00e9\",\"image\":{\"@type\":\"ImageObject\",\"inLanguage\":\"fr-FR\",\"@id\":\"https:\/\/guineediversite.com\/#\/schema\/person\/image\/\",\"url\":\"https:\/\/secure.gravatar.com\/avatar\/50d5eb5b390f8b65ac30ac6f898eb83a?s=96&d=mm&r=g\",\"contentUrl\":\"https:\/\/secure.gravatar.com\/avatar\/50d5eb5b390f8b65ac30ac6f898eb83a?s=96&d=mm&r=g\",\"caption\":\"Guin\u00e9e Diversit\u00e9\"},\"url\":\"https:\/\/guineediversite.com\/index.php\/author\/guineediversite\/\"}]}<\/script>\n<!-- \/ Yoast SEO plugin. -->","yoast_head_json":{"title":"Rwanda \u2013 Ouganda : la tension monte apr\u00e8s un nouvel incident \u00e0 la fronti\u00e8re | Guin\u00e9e Diversit\u00e9","robots":{"index":"index","follow":"follow","max-snippet":"max-snippet:-1","max-image-preview":"max-image-preview:large","max-video-preview":"max-video-preview:-1"},"canonical":"https:\/\/guineediversite.com\/index.php\/2019\/05\/27\/rwanda-ouganda-la-tension-monte-apres-un-nouvel-incident-a-la-frontiere\/","og_locale":"fr_FR","og_type":"article","og_title":"Rwanda \u2013 Ouganda : la tension monte apr\u00e8s un nouvel incident \u00e0 la fronti\u00e8re | Guin\u00e9e Diversit\u00e9","og_description":"Kampala a accus\u00e9 l&rsquo;arm\u00e9e rwandaise d&rsquo;avoir tu\u00e9 deux personnes pr\u00e8s d&rsquo;un poste fronti\u00e8re lors d&rsquo;une incursion que les autorit\u00e9s qualifient de violation territoriale. Kigali conteste cette version de l&rsquo;incident. Apr\u00e8s plusieurs mois de crise, l&rsquo;incident marque un nouveau regain de tension entre les deux pays. Hasard du calendrier, le pr\u00e9sident rwandais Paul Kagame et son [&hellip;]","og_url":"https:\/\/guineediversite.com\/index.php\/2019\/05\/27\/rwanda-ouganda-la-tension-monte-apres-un-nouvel-incident-a-la-frontiere\/","og_site_name":"Guin\u00e9e Diversit\u00e9","article_publisher":"https:\/\/www.facebook.com\/guineediversite\/","article_published_time":"2019-05-27T10:58:46+00:00","og_image":[{"width":1900,"height":950,"url":"https:\/\/guineediversite.com\/wp-content\/uploads\/2019\/05\/RWAND.jpg","type":"image\/jpeg"}],"author":"Guin\u00e9e Diversit\u00e9","twitter_card":"summary_large_image","twitter_creator":"@GuineeDiversite","twitter_site":"@GuineeDiversite","twitter_misc":{"\u00c9crit par":"Guin\u00e9e Diversit\u00e9","Dur\u00e9e de lecture estim\u00e9e":"3 minutes"},"schema":{"@context":"https:\/\/schema.org","@graph":[{"@type":"Article","@id":"https:\/\/guineediversite.com\/index.php\/2019\/05\/27\/rwanda-ouganda-la-tension-monte-apres-un-nouvel-incident-a-la-frontiere\/#article","isPartOf":{"@id":"https:\/\/guineediversite.com\/index.php\/2019\/05\/27\/rwanda-ouganda-la-tension-monte-apres-un-nouvel-incident-a-la-frontiere\/"},"author":{"name":"Guin\u00e9e Diversit\u00e9","@id":"https:\/\/guineediversite.com\/#\/schema\/person\/afa08fb34e7fc6e1feafc892612bc836"},"headline":"Rwanda \u2013 Ouganda : la tension monte apr\u00e8s un nouvel incident \u00e0 la fronti\u00e8re","datePublished":"2019-05-27T10:58:46+00:00","dateModified":"2019-05-27T10:58:46+00:00","mainEntityOfPage":{"@id":"https:\/\/guineediversite.com\/index.php\/2019\/05\/27\/rwanda-ouganda-la-tension-monte-apres-un-nouvel-incident-a-la-frontiere\/"},"wordCount":715,"publisher":{"@id":"https:\/\/guineediversite.com\/#organization"},"image":{"@id":"https:\/\/guineediversite.com\/index.php\/2019\/05\/27\/rwanda-ouganda-la-tension-monte-apres-un-nouvel-incident-a-la-frontiere\/#primaryimage"},"thumbnailUrl":"https:\/\/guineediversite.com\/wp-content\/uploads\/2019\/05\/RWAND.jpg","articleSection":["International"],"inLanguage":"fr-FR"},{"@type":"WebPage","@id":"https:\/\/guineediversite.com\/index.php\/2019\/05\/27\/rwanda-ouganda-la-tension-monte-apres-un-nouvel-incident-a-la-frontiere\/","url":"https:\/\/guineediversite.com\/index.php\/2019\/05\/27\/rwanda-ouganda-la-tension-monte-apres-un-nouvel-incident-a-la-frontiere\/","name":"Rwanda \u2013 Ouganda : la tension monte apr\u00e8s un nouvel incident \u00e0 la fronti\u00e8re | Guin\u00e9e Diversit\u00e9","isPartOf":{"@id":"https:\/\/guineediversite.com\/#website"},"primaryImageOfPage":{"@id":"https:\/\/guineediversite.com\/index.php\/2019\/05\/27\/rwanda-ouganda-la-tension-monte-apres-un-nouvel-incident-a-la-frontiere\/#primaryimage"},"image":{"@id":"https:\/\/guineediversite.com\/index.php\/2019\/05\/27\/rwanda-ouganda-la-tension-monte-apres-un-nouvel-incident-a-la-frontiere\/#primaryimage"},"thumbnailUrl":"https:\/\/guineediversite.com\/wp-content\/uploads\/2019\/05\/RWAND.jpg","datePublished":"2019-05-27T10:58:46+00:00","dateModified":"2019-05-27T10:58:46+00:00","breadcrumb":{"@id":"https:\/\/guineediversite.com\/index.php\/2019\/05\/27\/rwanda-ouganda-la-tension-monte-apres-un-nouvel-incident-a-la-frontiere\/#breadcrumb"},"inLanguage":"fr-FR","potentialAction":[{"@type":"ReadAction","target":["https:\/\/guineediversite.com\/index.php\/2019\/05\/27\/rwanda-ouganda-la-tension-monte-apres-un-nouvel-incident-a-la-frontiere\/"]}]},{"@type":"ImageObject","inLanguage":"fr-FR","@id":"https:\/\/guineediversite.com\/index.php\/2019\/05\/27\/rwanda-ouganda-la-tension-monte-apres-un-nouvel-incident-a-la-frontiere\/#primaryimage","url":"https:\/\/guineediversite.com\/wp-content\/uploads\/2019\/05\/RWAND.jpg","contentUrl":"https:\/\/guineediversite.com\/wp-content\/uploads\/2019\/05\/RWAND.jpg","width":1900,"height":950},{"@type":"BreadcrumbList","@id":"https:\/\/guineediversite.com\/index.php\/2019\/05\/27\/rwanda-ouganda-la-tension-monte-apres-un-nouvel-incident-a-la-frontiere\/#breadcrumb","itemListElement":[{"@type":"ListItem","position":1,"name":"Accueil","item":"https:\/\/guineediversite.com\/"},{"@type":"ListItem","position":2,"name":"Rwanda \u2013 Ouganda : la tension monte apr\u00e8s un nouvel incident \u00e0 la fronti\u00e8re"}]},{"@type":"WebSite","@id":"https:\/\/guineediversite.com\/#website","url":"https:\/\/guineediversite.com\/","name":"Guin\u00e9e Diversit\u00e9","description":"L&#039;Info dans toute sa diversit\u00e9","publisher":{"@id":"https:\/\/guineediversite.com\/#organization"},"potentialAction":[{"@type":"SearchAction","target":{"@type":"EntryPoint","urlTemplate":"https:\/\/guineediversite.com\/?s={search_term_string}"},"query-input":{"@type":"PropertyValueSpecification","valueRequired":true,"valueName":"search_term_string"}}],"inLanguage":"fr-FR"},{"@type":"Organization","@id":"https:\/\/guineediversite.com\/#organization","name":"Guin\u00e9e Diversit\u00e9","url":"https:\/\/guineediversite.com\/","logo":{"@type":"ImageObject","inLanguage":"fr-FR","@id":"https:\/\/guineediversite.com\/#\/schema\/logo\/image\/","url":"https:\/\/guineediversite.com\/wp-content\/uploads\/2017\/04\/cropped-1jojlxEOMkX9Wyqfhe43D6kjPOGqBBKmx3EwWJqZ0cMrFF54yM49.png","contentUrl":"https:\/\/guineediversite.com\/wp-content\/uploads\/2017\/04\/cropped-1jojlxEOMkX9Wyqfhe43D6kjPOGqBBKmx3EwWJqZ0cMrFF54yM49.png","width":186,"height":112,"caption":"Guin\u00e9e Diversit\u00e9"},"image":{"@id":"https:\/\/guineediversite.com\/#\/schema\/logo\/image\/"},"sameAs":["https:\/\/www.facebook.com\/guineediversite\/","https:\/\/x.com\/GuineeDiversite","https:\/\/www.youtube.com\/channel\/UC8sUY16qelG5ge6_D5SB83g"]},{"@type":"Person","@id":"https:\/\/guineediversite.com\/#\/schema\/person\/afa08fb34e7fc6e1feafc892612bc836","name":"Guin\u00e9e Diversit\u00e9","image":{"@type":"ImageObject","inLanguage":"fr-FR","@id":"https:\/\/guineediversite.com\/#\/schema\/person\/image\/","url":"https:\/\/secure.gravatar.com\/avatar\/50d5eb5b390f8b65ac30ac6f898eb83a?s=96&d=mm&r=g","contentUrl":"https:\/\/secure.gravatar.com\/avatar\/50d5eb5b390f8b65ac30ac6f898eb83a?s=96&d=mm&r=g","caption":"Guin\u00e9e Diversit\u00e9"},"url":"https:\/\/guineediversite.com\/index.php\/author\/guineediversite\/"}]}},"_links":{"self":[{"href":"https:\/\/guineediversite.com\/index.php\/wp-json\/wp\/v2\/posts\/28567"}],"collection":[{"href":"https:\/\/guineediversite.com\/index.php\/wp-json\/wp\/v2\/posts"}],"about":[{"href":"https:\/\/guineediversite.com\/index.php\/wp-json\/wp\/v2\/types\/post"}],"author":[{"embeddable":true,"href":"https:\/\/guineediversite.com\/index.php\/wp-json\/wp\/v2\/users\/12"}],"replies":[{"embeddable":true,"href":"https:\/\/guineediversite.com\/index.php\/wp-json\/wp\/v2\/comments?post=28567"}],"version-history":[{"count":0,"href":"https:\/\/guineediversite.com\/index.php\/wp-json\/wp\/v2\/posts\/28567\/revisions"}],"wp:featuredmedia":[{"embeddable":true,"href":"https:\/\/guineediversite.com\/index.php\/wp-json\/wp\/v2\/media\/28568"}],"wp:attachment":[{"href":"https:\/\/guineediversite.com\/index.php\/wp-json\/wp\/v2\/media?parent=28567"}],"wp:term":[{"taxonomy":"category","embeddable":true,"href":"https:\/\/guineediversite.com\/index.php\/wp-json\/wp\/v2\/categories?post=28567"},{"taxonomy":"post_tag","embeddable":true,"href":"https:\/\/guineediversite.com\/index.php\/wp-json\/wp\/v2\/tags?post=28567"}],"curies":[{"name":"wp","href":"https:\/\/api.w.org\/{rel}","templated":true}]}}