{"id":28561,"date":"2019-05-27T12:28:14","date_gmt":"2019-05-27T10:28:14","guid":{"rendered":"https:\/\/guineediversite.com\/?p=28561"},"modified":"2019-05-27T12:28:14","modified_gmt":"2019-05-27T10:28:14","slug":"marouane-chamakh-prend-sa-retraite","status":"publish","type":"post","link":"https:\/\/guineediversite.com\/index.php\/2019\/05\/27\/marouane-chamakh-prend-sa-retraite\/","title":{"rendered":"Marouane Chamakh prend sa retraite"},"content":{"rendered":"<p>Sans club depuis son exp\u00e9rience rat\u00e9e \u00e0 Cardiff en 2016, Marouane Chamakh, international marocain, a confirm\u00e9 dimanche 26 mai qu&rsquo;il s&rsquo;\u00e9tait \u00ab\u00a0<em>retir\u00e9 du football<\/em>\u00a0\u00bb. L\u2019ancien joueur de Bordeaux envisage la suite de sa vie professionnelle dans la peau d\u2019un entr\u00e2ineur.Mute<\/p>\n<p>Marouane Chamakh avait disparu des radars. A 35 ans, il a officialis\u00e9 ce dimanche 26 mai qu&rsquo;il s&rsquo;\u00e9tait \u00ab\u00a0<em>retir\u00e9 du football<\/em>\u00a0\u00bb apr\u00e8s son aventure avort\u00e9e du c\u00f4t\u00e9 de Cardiff, il y a un peu plus de deux ans.<\/p>\n<p><strong>\u00ab\u00a0<em>Je peux dire que je me suis vraiment retir\u00e9 du football<\/em>\u00a0\u00bb<\/strong><\/p>\n<p>Invit\u00e9 de l&rsquo;\u00e9mission L&rsquo;Expresso sur BeIN Sports, l&rsquo;ancien attaquant bordelais est revenu sur sa fin de carri\u00e8re discr\u00e8te en Premier League. \u00ab\u00a0<em>\u00c7a fait deux ans que j&rsquo;ai vraiment coup\u00e9 du football, c&rsquo;\u00e9tait voulu. Je voulais me rapprocher de ma famille. Aujourd&rsquo;hui, je peux dire que je me suis vraiment retir\u00e9 du football<\/em>\u00a0\u00bb, a avanc\u00e9 celui qui avait \u00e9t\u00e9 \u00e9lu Meilleur joueur africain de Ligue 1 par RFI en 2009. L&rsquo;international marocain (65 s\u00e9l., 18 buts) n&rsquo;avait plus jou\u00e9 depuis d\u00e9cembre 2016, et la rupture anticip\u00e9e de son contrat avec le club de Cardiff, alors en Championship, o\u00f9 il n&rsquo;\u00e9tait rest\u00e9 que deux petits mois (2 matchs, 0 but).<\/p>\n<p>Aujord\u2019hui, Marouane Chamakh songe s\u00e9rieusement \u00e0 revenir dans le monde du ballon rond. \u00ab\u00a0<em>Je n&rsquo;envisageais pas de revenir dans le football, que ce soit comme consultant ou entra\u00eeneur, mais je sens que c&rsquo;est quelque chose qui me manque. Donc je vais essayer de revenir. Je vais essayer de passer mes dipl\u00f4mes. Je veux faire les choses petit \u00e0 petit et s\u00e9rieusement<\/em>\u00a0\u00bb, dit-il.<\/p>\n<p><strong>Ars\u00e8ne Wenger le voulait<\/strong><\/p>\n<p>Marouane Chamakh a commenc\u00e9 sa carri\u00e8re \u00e0 Bordeaux avant de s\u2019envoler pour l\u2019Angleterre o\u00f9 ce ne sera pas vraiment une r\u00e9ussite. Il signe d\u2019abord \u00e0 Arsenal, avant de rejoindre d\u2019autres clubs anglais (Crystal Palace, West Ham, Cardiff).<\/p>\n<p>A son arriv\u00e9e \u00e0 Arsenal, Ars\u00e8ne Wenger \u00a0avait d\u00e9clar\u00e9 : \u00ab\u00a0<em>C&rsquo;est un joueur que l&rsquo;on adore et que l&rsquo;on suit depuis longtemps. Je sais qu&rsquo;il va nous apporter beaucoup de qualit\u00e9<\/em>.\u00a0\u00bb Mais il n&rsquo;a jamais \u00e9t\u00e9 \u00e0 la hauteur des esp\u00e9rances du technicien fran\u00e7ais qui l&rsquo;a m\u00eame envoy\u00e9 en pr\u00eat \u00e0 Wet Ham lors de sa derni\u00e8re ann\u00e9e de contrat.<\/p>\n<p>Chamakh, qui n&rsquo;avait marqu\u00e9 que 14 buts en 67 matches depuis son arriv\u00e9e \u00e0 Arsenal, signait ensuite un contrat de trois saisons \u00e0 Crystal Palace apr\u00e8s trois saisons d&rsquo;insucc\u00e8s chez les Gunners. Avec les Eagles, il n&rsquo;inscrit que 10 buts en 65 matches. Quittant le club par la petite porte, il termine sa carri\u00e8re avec deux rencontres avec Cardiff au Pays de Galles.<\/p>\n<p><strong>RFI<\/strong><\/p>\n","protected":false},"excerpt":{"rendered":"<p>Sans club depuis son exp\u00e9rience rat\u00e9e \u00e0 Cardiff en 2016, Marouane Chamakh, international marocain, a confirm\u00e9 dimanche 26 mai qu&rsquo;il s&rsquo;\u00e9tait \u00ab\u00a0retir\u00e9 du football\u00a0\u00bb. L\u2019ancien joueur de Bordeaux envisage la suite de sa vie professionnelle dans la peau d\u2019un entr\u00e2ineur.Mute Marouane Chamakh avait disparu des radars. A 35 ans, il a officialis\u00e9 ce dimanche 26 [&hellip;]<\/p>\n","protected":false},"author":7,"featured_media":28562,"comment_status":"closed","ping_status":"closed","sticky":false,"template":"","format":"standard","meta":{"_exactmetrics_skip_tracking":false,"_exactmetrics_sitenote_active":false,"_exactmetrics_sitenote_note":"","_exactmetrics_sitenote_category":0,"tdm_status":"","tdm_grid_status":"","footnotes":""},"categories":[21],"tags":[],"class_list":{"0":"post-28561","1":"post","2":"type-post","3":"status-publish","4":"format-standard","5":"has-post-thumbnail","7":"category-international"},"yoast_head":"<!-- This site is optimized with the Yoast SEO plugin v24.2 - https:\/\/yoast.com\/wordpress\/plugins\/seo\/ -->\n<title>Marouane Chamakh prend sa retraite | Guin\u00e9e Diversit\u00e9<\/title>\n<meta name=\"robots\" content=\"index, follow, max-snippet:-1, max-image-preview:large, max-video-preview:-1\" \/>\n<link rel=\"canonical\" href=\"https:\/\/guineediversite.com\/index.php\/2019\/05\/27\/marouane-chamakh-prend-sa-retraite\/\" \/>\n<meta property=\"og:locale\" content=\"fr_FR\" \/>\n<meta property=\"og:type\" content=\"article\" \/>\n<meta property=\"og:title\" content=\"Marouane Chamakh prend sa retraite | Guin\u00e9e Diversit\u00e9\" \/>\n<meta property=\"og:description\" content=\"Sans club depuis son exp\u00e9rience rat\u00e9e \u00e0 Cardiff en 2016, Marouane Chamakh, international marocain, a confirm\u00e9 dimanche 26 mai qu&rsquo;il s&rsquo;\u00e9tait \u00ab\u00a0retir\u00e9 du football\u00a0\u00bb. L\u2019ancien joueur de Bordeaux envisage la suite de sa vie professionnelle dans la peau d\u2019un entr\u00e2ineur.Mute Marouane Chamakh avait disparu des radars. A 35 ans, il a officialis\u00e9 ce dimanche 26 [&hellip;]\" \/>\n<meta property=\"og:url\" content=\"https:\/\/guineediversite.com\/index.php\/2019\/05\/27\/marouane-chamakh-prend-sa-retraite\/\" \/>\n<meta property=\"og:site_name\" content=\"Guin\u00e9e Diversit\u00e9\" \/>\n<meta property=\"article:publisher\" content=\"https:\/\/www.facebook.com\/guineediversite\/\" \/>\n<meta property=\"article:published_time\" content=\"2019-05-27T10:28:14+00:00\" \/>\n<meta property=\"og:image\" content=\"https:\/\/guineediversite.com\/wp-content\/uploads\/2019\/05\/CHAMACK.jpg\" \/>\n\t<meta property=\"og:image:width\" content=\"1024\" \/>\n\t<meta property=\"og:image:height\" content=\"578\" \/>\n\t<meta property=\"og:image:type\" content=\"image\/jpeg\" \/>\n<meta name=\"author\" content=\"Bilguissa Diallo\" \/>\n<meta name=\"twitter:card\" content=\"summary_large_image\" \/>\n<meta name=\"twitter:creator\" content=\"@GuineeDiversite\" \/>\n<meta name=\"twitter:site\" content=\"@GuineeDiversite\" \/>\n<meta name=\"twitter:label1\" content=\"\u00c9crit par\" \/>\n\t<meta name=\"twitter:data1\" content=\"Bilguissa Diallo\" \/>\n\t<meta name=\"twitter:label2\" content=\"Dur\u00e9e de lecture estim\u00e9e\" \/>\n\t<meta name=\"twitter:data2\" content=\"2 minutes\" \/>\n<script type=\"application\/ld+json\" class=\"yoast-schema-graph\">{\"@context\":\"https:\/\/schema.org\",\"@graph\":[{\"@type\":\"Article\",\"@id\":\"https:\/\/guineediversite.com\/index.php\/2019\/05\/27\/marouane-chamakh-prend-sa-retraite\/#article\",\"isPartOf\":{\"@id\":\"https:\/\/guineediversite.com\/index.php\/2019\/05\/27\/marouane-chamakh-prend-sa-retraite\/\"},\"author\":{\"name\":\"Bilguissa Diallo\",\"@id\":\"https:\/\/guineediversite.com\/#\/schema\/person\/0e0e3e424768a50d025ac2218ccca73f\"},\"headline\":\"Marouane Chamakh prend sa retraite\",\"datePublished\":\"2019-05-27T10:28:14+00:00\",\"dateModified\":\"2019-05-27T10:28:14+00:00\",\"mainEntityOfPage\":{\"@id\":\"https:\/\/guineediversite.com\/index.php\/2019\/05\/27\/marouane-chamakh-prend-sa-retraite\/\"},\"wordCount\":466,\"publisher\":{\"@id\":\"https:\/\/guineediversite.com\/#organization\"},\"image\":{\"@id\":\"https:\/\/guineediversite.com\/index.php\/2019\/05\/27\/marouane-chamakh-prend-sa-retraite\/#primaryimage\"},\"thumbnailUrl\":\"https:\/\/guineediversite.com\/wp-content\/uploads\/2019\/05\/CHAMACK.jpg\",\"articleSection\":[\"International\"],\"inLanguage\":\"fr-FR\"},{\"@type\":\"WebPage\",\"@id\":\"https:\/\/guineediversite.com\/index.php\/2019\/05\/27\/marouane-chamakh-prend-sa-retraite\/\",\"url\":\"https:\/\/guineediversite.com\/index.php\/2019\/05\/27\/marouane-chamakh-prend-sa-retraite\/\",\"name\":\"Marouane Chamakh prend sa retraite | Guin\u00e9e Diversit\u00e9\",\"isPartOf\":{\"@id\":\"https:\/\/guineediversite.com\/#website\"},\"primaryImageOfPage\":{\"@id\":\"https:\/\/guineediversite.com\/index.php\/2019\/05\/27\/marouane-chamakh-prend-sa-retraite\/#primaryimage\"},\"image\":{\"@id\":\"https:\/\/guineediversite.com\/index.php\/2019\/05\/27\/marouane-chamakh-prend-sa-retraite\/#primaryimage\"},\"thumbnailUrl\":\"https:\/\/guineediversite.com\/wp-content\/uploads\/2019\/05\/CHAMACK.jpg\",\"datePublished\":\"2019-05-27T10:28:14+00:00\",\"dateModified\":\"2019-05-27T10:28:14+00:00\",\"breadcrumb\":{\"@id\":\"https:\/\/guineediversite.com\/index.php\/2019\/05\/27\/marouane-chamakh-prend-sa-retraite\/#breadcrumb\"},\"inLanguage\":\"fr-FR\",\"potentialAction\":[{\"@type\":\"ReadAction\",\"target\":[\"https:\/\/guineediversite.com\/index.php\/2019\/05\/27\/marouane-chamakh-prend-sa-retraite\/\"]}]},{\"@type\":\"ImageObject\",\"inLanguage\":\"fr-FR\",\"@id\":\"https:\/\/guineediversite.com\/index.php\/2019\/05\/27\/marouane-chamakh-prend-sa-retraite\/#primaryimage\",\"url\":\"https:\/\/guineediversite.com\/wp-content\/uploads\/2019\/05\/CHAMACK.jpg\",\"contentUrl\":\"https:\/\/guineediversite.com\/wp-content\/uploads\/2019\/05\/CHAMACK.jpg\",\"width\":1024,\"height\":578},{\"@type\":\"BreadcrumbList\",\"@id\":\"https:\/\/guineediversite.com\/index.php\/2019\/05\/27\/marouane-chamakh-prend-sa-retraite\/#breadcrumb\",\"itemListElement\":[{\"@type\":\"ListItem\",\"position\":1,\"name\":\"Accueil\",\"item\":\"https:\/\/guineediversite.com\/\"},{\"@type\":\"ListItem\",\"position\":2,\"name\":\"Marouane Chamakh prend sa retraite\"}]},{\"@type\":\"WebSite\",\"@id\":\"https:\/\/guineediversite.com\/#website\",\"url\":\"https:\/\/guineediversite.com\/\",\"name\":\"Guin\u00e9e Diversit\u00e9\",\"description\":\"L&#039;Info dans toute sa diversit\u00e9\",\"publisher\":{\"@id\":\"https:\/\/guineediversite.com\/#organization\"},\"potentialAction\":[{\"@type\":\"SearchAction\",\"target\":{\"@type\":\"EntryPoint\",\"urlTemplate\":\"https:\/\/guineediversite.com\/?s={search_term_string}\"},\"query-input\":{\"@type\":\"PropertyValueSpecification\",\"valueRequired\":true,\"valueName\":\"search_term_string\"}}],\"inLanguage\":\"fr-FR\"},{\"@type\":\"Organization\",\"@id\":\"https:\/\/guineediversite.com\/#organization\",\"name\":\"Guin\u00e9e Diversit\u00e9\",\"url\":\"https:\/\/guineediversite.com\/\",\"logo\":{\"@type\":\"ImageObject\",\"inLanguage\":\"fr-FR\",\"@id\":\"https:\/\/guineediversite.com\/#\/schema\/logo\/image\/\",\"url\":\"https:\/\/guineediversite.com\/wp-content\/uploads\/2017\/04\/cropped-1jojlxEOMkX9Wyqfhe43D6kjPOGqBBKmx3EwWJqZ0cMrFF54yM49.png\",\"contentUrl\":\"https:\/\/guineediversite.com\/wp-content\/uploads\/2017\/04\/cropped-1jojlxEOMkX9Wyqfhe43D6kjPOGqBBKmx3EwWJqZ0cMrFF54yM49.png\",\"width\":186,\"height\":112,\"caption\":\"Guin\u00e9e Diversit\u00e9\"},\"image\":{\"@id\":\"https:\/\/guineediversite.com\/#\/schema\/logo\/image\/\"},\"sameAs\":[\"https:\/\/www.facebook.com\/guineediversite\/\",\"https:\/\/x.com\/GuineeDiversite\",\"https:\/\/www.youtube.com\/channel\/UC8sUY16qelG5ge6_D5SB83g\"]},{\"@type\":\"Person\",\"@id\":\"https:\/\/guineediversite.com\/#\/schema\/person\/0e0e3e424768a50d025ac2218ccca73f\",\"name\":\"Bilguissa Diallo\",\"image\":{\"@type\":\"ImageObject\",\"inLanguage\":\"fr-FR\",\"@id\":\"https:\/\/guineediversite.com\/#\/schema\/person\/image\/\",\"url\":\"https:\/\/secure.gravatar.com\/avatar\/49bbbd2420ee34d62b1b191791f4b5df?s=96&d=mm&r=g\",\"contentUrl\":\"https:\/\/secure.gravatar.com\/avatar\/49bbbd2420ee34d62b1b191791f4b5df?s=96&d=mm&r=g\",\"caption\":\"Bilguissa Diallo\"},\"url\":\"https:\/\/guineediversite.com\/index.php\/author\/bilguissa\/\"}]}<\/script>\n<!-- \/ Yoast SEO plugin. -->","yoast_head_json":{"title":"Marouane Chamakh prend sa retraite | Guin\u00e9e Diversit\u00e9","robots":{"index":"index","follow":"follow","max-snippet":"max-snippet:-1","max-image-preview":"max-image-preview:large","max-video-preview":"max-video-preview:-1"},"canonical":"https:\/\/guineediversite.com\/index.php\/2019\/05\/27\/marouane-chamakh-prend-sa-retraite\/","og_locale":"fr_FR","og_type":"article","og_title":"Marouane Chamakh prend sa retraite | Guin\u00e9e Diversit\u00e9","og_description":"Sans club depuis son exp\u00e9rience rat\u00e9e \u00e0 Cardiff en 2016, Marouane Chamakh, international marocain, a confirm\u00e9 dimanche 26 mai qu&rsquo;il s&rsquo;\u00e9tait \u00ab\u00a0retir\u00e9 du football\u00a0\u00bb. L\u2019ancien joueur de Bordeaux envisage la suite de sa vie professionnelle dans la peau d\u2019un entr\u00e2ineur.Mute Marouane Chamakh avait disparu des radars. A 35 ans, il a officialis\u00e9 ce dimanche 26 [&hellip;]","og_url":"https:\/\/guineediversite.com\/index.php\/2019\/05\/27\/marouane-chamakh-prend-sa-retraite\/","og_site_name":"Guin\u00e9e Diversit\u00e9","article_publisher":"https:\/\/www.facebook.com\/guineediversite\/","article_published_time":"2019-05-27T10:28:14+00:00","og_image":[{"width":1024,"height":578,"url":"https:\/\/guineediversite.com\/wp-content\/uploads\/2019\/05\/CHAMACK.jpg","type":"image\/jpeg"}],"author":"Bilguissa Diallo","twitter_card":"summary_large_image","twitter_creator":"@GuineeDiversite","twitter_site":"@GuineeDiversite","twitter_misc":{"\u00c9crit par":"Bilguissa Diallo","Dur\u00e9e de lecture estim\u00e9e":"2 minutes"},"schema":{"@context":"https:\/\/schema.org","@graph":[{"@type":"Article","@id":"https:\/\/guineediversite.com\/index.php\/2019\/05\/27\/marouane-chamakh-prend-sa-retraite\/#article","isPartOf":{"@id":"https:\/\/guineediversite.com\/index.php\/2019\/05\/27\/marouane-chamakh-prend-sa-retraite\/"},"author":{"name":"Bilguissa Diallo","@id":"https:\/\/guineediversite.com\/#\/schema\/person\/0e0e3e424768a50d025ac2218ccca73f"},"headline":"Marouane Chamakh prend sa retraite","datePublished":"2019-05-27T10:28:14+00:00","dateModified":"2019-05-27T10:28:14+00:00","mainEntityOfPage":{"@id":"https:\/\/guineediversite.com\/index.php\/2019\/05\/27\/marouane-chamakh-prend-sa-retraite\/"},"wordCount":466,"publisher":{"@id":"https:\/\/guineediversite.com\/#organization"},"image":{"@id":"https:\/\/guineediversite.com\/index.php\/2019\/05\/27\/marouane-chamakh-prend-sa-retraite\/#primaryimage"},"thumbnailUrl":"https:\/\/guineediversite.com\/wp-content\/uploads\/2019\/05\/CHAMACK.jpg","articleSection":["International"],"inLanguage":"fr-FR"},{"@type":"WebPage","@id":"https:\/\/guineediversite.com\/index.php\/2019\/05\/27\/marouane-chamakh-prend-sa-retraite\/","url":"https:\/\/guineediversite.com\/index.php\/2019\/05\/27\/marouane-chamakh-prend-sa-retraite\/","name":"Marouane Chamakh prend sa retraite | Guin\u00e9e Diversit\u00e9","isPartOf":{"@id":"https:\/\/guineediversite.com\/#website"},"primaryImageOfPage":{"@id":"https:\/\/guineediversite.com\/index.php\/2019\/05\/27\/marouane-chamakh-prend-sa-retraite\/#primaryimage"},"image":{"@id":"https:\/\/guineediversite.com\/index.php\/2019\/05\/27\/marouane-chamakh-prend-sa-retraite\/#primaryimage"},"thumbnailUrl":"https:\/\/guineediversite.com\/wp-content\/uploads\/2019\/05\/CHAMACK.jpg","datePublished":"2019-05-27T10:28:14+00:00","dateModified":"2019-05-27T10:28:14+00:00","breadcrumb":{"@id":"https:\/\/guineediversite.com\/index.php\/2019\/05\/27\/marouane-chamakh-prend-sa-retraite\/#breadcrumb"},"inLanguage":"fr-FR","potentialAction":[{"@type":"ReadAction","target":["https:\/\/guineediversite.com\/index.php\/2019\/05\/27\/marouane-chamakh-prend-sa-retraite\/"]}]},{"@type":"ImageObject","inLanguage":"fr-FR","@id":"https:\/\/guineediversite.com\/index.php\/2019\/05\/27\/marouane-chamakh-prend-sa-retraite\/#primaryimage","url":"https:\/\/guineediversite.com\/wp-content\/uploads\/2019\/05\/CHAMACK.jpg","contentUrl":"https:\/\/guineediversite.com\/wp-content\/uploads\/2019\/05\/CHAMACK.jpg","width":1024,"height":578},{"@type":"BreadcrumbList","@id":"https:\/\/guineediversite.com\/index.php\/2019\/05\/27\/marouane-chamakh-prend-sa-retraite\/#breadcrumb","itemListElement":[{"@type":"ListItem","position":1,"name":"Accueil","item":"https:\/\/guineediversite.com\/"},{"@type":"ListItem","position":2,"name":"Marouane Chamakh prend sa retraite"}]},{"@type":"WebSite","@id":"https:\/\/guineediversite.com\/#website","url":"https:\/\/guineediversite.com\/","name":"Guin\u00e9e Diversit\u00e9","description":"L&#039;Info dans toute sa diversit\u00e9","publisher":{"@id":"https:\/\/guineediversite.com\/#organization"},"potentialAction":[{"@type":"SearchAction","target":{"@type":"EntryPoint","urlTemplate":"https:\/\/guineediversite.com\/?s={search_term_string}"},"query-input":{"@type":"PropertyValueSpecification","valueRequired":true,"valueName":"search_term_string"}}],"inLanguage":"fr-FR"},{"@type":"Organization","@id":"https:\/\/guineediversite.com\/#organization","name":"Guin\u00e9e Diversit\u00e9","url":"https:\/\/guineediversite.com\/","logo":{"@type":"ImageObject","inLanguage":"fr-FR","@id":"https:\/\/guineediversite.com\/#\/schema\/logo\/image\/","url":"https:\/\/guineediversite.com\/wp-content\/uploads\/2017\/04\/cropped-1jojlxEOMkX9Wyqfhe43D6kjPOGqBBKmx3EwWJqZ0cMrFF54yM49.png","contentUrl":"https:\/\/guineediversite.com\/wp-content\/uploads\/2017\/04\/cropped-1jojlxEOMkX9Wyqfhe43D6kjPOGqBBKmx3EwWJqZ0cMrFF54yM49.png","width":186,"height":112,"caption":"Guin\u00e9e Diversit\u00e9"},"image":{"@id":"https:\/\/guineediversite.com\/#\/schema\/logo\/image\/"},"sameAs":["https:\/\/www.facebook.com\/guineediversite\/","https:\/\/x.com\/GuineeDiversite","https:\/\/www.youtube.com\/channel\/UC8sUY16qelG5ge6_D5SB83g"]},{"@type":"Person","@id":"https:\/\/guineediversite.com\/#\/schema\/person\/0e0e3e424768a50d025ac2218ccca73f","name":"Bilguissa Diallo","image":{"@type":"ImageObject","inLanguage":"fr-FR","@id":"https:\/\/guineediversite.com\/#\/schema\/person\/image\/","url":"https:\/\/secure.gravatar.com\/avatar\/49bbbd2420ee34d62b1b191791f4b5df?s=96&d=mm&r=g","contentUrl":"https:\/\/secure.gravatar.com\/avatar\/49bbbd2420ee34d62b1b191791f4b5df?s=96&d=mm&r=g","caption":"Bilguissa Diallo"},"url":"https:\/\/guineediversite.com\/index.php\/author\/bilguissa\/"}]}},"_links":{"self":[{"href":"https:\/\/guineediversite.com\/index.php\/wp-json\/wp\/v2\/posts\/28561"}],"collection":[{"href":"https:\/\/guineediversite.com\/index.php\/wp-json\/wp\/v2\/posts"}],"about":[{"href":"https:\/\/guineediversite.com\/index.php\/wp-json\/wp\/v2\/types\/post"}],"author":[{"embeddable":true,"href":"https:\/\/guineediversite.com\/index.php\/wp-json\/wp\/v2\/users\/7"}],"replies":[{"embeddable":true,"href":"https:\/\/guineediversite.com\/index.php\/wp-json\/wp\/v2\/comments?post=28561"}],"version-history":[{"count":0,"href":"https:\/\/guineediversite.com\/index.php\/wp-json\/wp\/v2\/posts\/28561\/revisions"}],"wp:featuredmedia":[{"embeddable":true,"href":"https:\/\/guineediversite.com\/index.php\/wp-json\/wp\/v2\/media\/28562"}],"wp:attachment":[{"href":"https:\/\/guineediversite.com\/index.php\/wp-json\/wp\/v2\/media?parent=28561"}],"wp:term":[{"taxonomy":"category","embeddable":true,"href":"https:\/\/guineediversite.com\/index.php\/wp-json\/wp\/v2\/categories?post=28561"},{"taxonomy":"post_tag","embeddable":true,"href":"https:\/\/guineediversite.com\/index.php\/wp-json\/wp\/v2\/tags?post=28561"}],"curies":[{"name":"wp","href":"https:\/\/api.w.org\/{rel}","templated":true}]}}