{"id":28542,"date":"2019-05-09T14:13:52","date_gmt":"2019-05-09T12:13:52","guid":{"rendered":"https:\/\/guineediversite.com\/?p=28542"},"modified":"2019-05-09T14:13:52","modified_gmt":"2019-05-09T12:13:52","slug":"mali-une-liberation-dotages-obtenue-en-echange-de-celle-de-18-jihadistes","status":"publish","type":"post","link":"https:\/\/guineediversite.com\/index.php\/2019\/05\/09\/mali-une-liberation-dotages-obtenue-en-echange-de-celle-de-18-jihadistes\/","title":{"rendered":"Mali: une lib\u00e9ration d&rsquo;otages obtenue en \u00e9change de celle de 18 jihadistes"},"content":{"rendered":"<p><strong>Un pr\u00e9fet et un journaliste maliens enlev\u00e9s dans le centre du Mali et lib\u00e9r\u00e9s en f\u00e9vrier l&rsquo;ont \u00e9t\u00e9 en \u00e9change de 18 jihadistes, dont un condamn\u00e9 en ao\u00fbt 2017 \u00e0 dix ans de prison. C&rsquo;est ce que r\u00e9v\u00e8lent ce mercredi 8 mai plusieurs sources, dont un avocat, conseil d&rsquo;un des jihadistes qui purgeait une peine de prison.<\/strong><\/p>\n<p>Le gouvernement malien avait annonc\u00e9 le 19 f\u00e9vrier\u00a0<a href=\"http:\/\/www.rfi.fr\/afrique\/20190219-mali-liberation-prefet-tenenkou\"><strong>la lib\u00e9ration du pr\u00e9fet de T\u00e9nenkou<\/strong><\/a>\u00a0(centre), Makan Doumbia, et du journaliste Issiaka Tamboura, tous deux enlev\u00e9s en 2018 dans cette r\u00e9gion, \u00ab\u00a0<em>fruit d&rsquo;un long processus initi\u00e9 pour pr\u00e9server leur vie<\/em>\u00a0\u00bb, sans autres pr\u00e9cisions.<\/p>\n<p>\u00ab\u00a0<em>Mon client Aliou Mahamane Tour\u00e9 m&rsquo;a appel\u00e9 r\u00e9cemment au t\u00e9l\u00e9phone pour me dire qu&rsquo;en compagnie de 17 autres prisonniers, il a \u00e9t\u00e9 lib\u00e9r\u00e9 en f\u00e9vrier dernier dans le cadre d&rsquo;un \u00e9change de prisonniers avec les jihadistes quelque part sur le territoire malien<\/em>\u00a0\u00bb, a d\u00e9clar\u00e9 son avocat, Maliki Ibrahim.<\/p>\n<p>Commissaire islamique \u00e0 Gao, principale ville du nord du Mali pass\u00e9 en 2012 sous la coupe des jihadistes, Aliou Mahamane Tour\u00e9 a \u00e9t\u00e9 condamn\u00e9 le 18 ao\u00fbt 2017 par la cour d&rsquo;assises de Bamako \u00e0 dix ans de r\u00e9clusion pour association de malfaiteurs, d\u00e9tention ill\u00e9gale d&rsquo;armes, atteinte \u00e0 la s\u00fbret\u00e9 int\u00e9rieure et coups et blessures aggrav\u00e9s.<\/p>\n<p>Le jour de l&rsquo;\u00e9change, le groupe des 18 condamn\u00e9s pour terrorisme, ou en attente de jugement, monte dans un pick-up en direction du centre du Mali. Arriv\u00e9s dans un espace bois\u00e9, ils retrouvent d\u2019autres v\u00e9hicules arborant le drapeau islamiste. L\u2019\u00e9change de prisonniers aurait \u00e9t\u00e9 rapide. D\u2019un c\u00f4t\u00e9, les 18 jihadistes ou pr\u00e9sum\u00e9s jihadistes sont lib\u00e9r\u00e9s, de l\u2019autre c\u00f4t\u00e9,\u00a0<a href=\"http:\/\/www.rfi.fr\/afrique\/20190306-otages-liberes-mali-contreparties-aliou-mahamar-toure-libere\"><strong>les deux otages maliens sont rendus.<\/strong><\/a><\/p>\n<p>Le gouvernement malien n\u2019a pas, de son c\u00f4t\u00e9, reconnu cet \u00e9change de prisonniers mais il n\u2019a pas non plus, pour le moment, d\u00e9menti l\u2019information.<\/p>\n<p><strong>RFI<\/strong><\/p>\n","protected":false},"excerpt":{"rendered":"<p>Un pr\u00e9fet et un journaliste maliens enlev\u00e9s dans le centre du Mali et lib\u00e9r\u00e9s en f\u00e9vrier l&rsquo;ont \u00e9t\u00e9 en \u00e9change de 18 jihadistes, dont un condamn\u00e9 en ao\u00fbt 2017 \u00e0 dix ans de prison. C&rsquo;est ce que r\u00e9v\u00e8lent ce mercredi 8 mai plusieurs sources, dont un avocat, conseil d&rsquo;un des jihadistes qui purgeait une peine [&hellip;]<\/p>\n","protected":false},"author":12,"featured_media":28543,"comment_status":"closed","ping_status":"closed","sticky":false,"template":"","format":"standard","meta":{"_exactmetrics_skip_tracking":false,"_exactmetrics_sitenote_active":false,"_exactmetrics_sitenote_note":"","_exactmetrics_sitenote_category":0,"tdm_status":"","tdm_grid_status":"","footnotes":""},"categories":[21],"tags":[],"class_list":{"0":"post-28542","1":"post","2":"type-post","3":"status-publish","4":"format-standard","5":"has-post-thumbnail","7":"category-international"},"yoast_head":"<!-- This site is optimized with the Yoast SEO plugin v24.2 - https:\/\/yoast.com\/wordpress\/plugins\/seo\/ -->\n<title>Mali: une lib\u00e9ration d&#039;otages obtenue en \u00e9change de celle de 18 jihadistes | Guin\u00e9e Diversit\u00e9<\/title>\n<meta name=\"robots\" content=\"index, follow, max-snippet:-1, max-image-preview:large, max-video-preview:-1\" \/>\n<link rel=\"canonical\" href=\"https:\/\/guineediversite.com\/index.php\/2019\/05\/09\/mali-une-liberation-dotages-obtenue-en-echange-de-celle-de-18-jihadistes\/\" \/>\n<meta property=\"og:locale\" content=\"fr_FR\" \/>\n<meta property=\"og:type\" content=\"article\" \/>\n<meta property=\"og:title\" content=\"Mali: une lib\u00e9ration d&#039;otages obtenue en \u00e9change de celle de 18 jihadistes | Guin\u00e9e Diversit\u00e9\" \/>\n<meta property=\"og:description\" content=\"Un pr\u00e9fet et un journaliste maliens enlev\u00e9s dans le centre du Mali et lib\u00e9r\u00e9s en f\u00e9vrier l&rsquo;ont \u00e9t\u00e9 en \u00e9change de 18 jihadistes, dont un condamn\u00e9 en ao\u00fbt 2017 \u00e0 dix ans de prison. C&rsquo;est ce que r\u00e9v\u00e8lent ce mercredi 8 mai plusieurs sources, dont un avocat, conseil d&rsquo;un des jihadistes qui purgeait une peine [&hellip;]\" \/>\n<meta property=\"og:url\" content=\"https:\/\/guineediversite.com\/index.php\/2019\/05\/09\/mali-une-liberation-dotages-obtenue-en-echange-de-celle-de-18-jihadistes\/\" \/>\n<meta property=\"og:site_name\" content=\"Guin\u00e9e Diversit\u00e9\" \/>\n<meta property=\"article:publisher\" content=\"https:\/\/www.facebook.com\/guineediversite\/\" \/>\n<meta property=\"article:published_time\" content=\"2019-05-09T12:13:52+00:00\" \/>\n<meta property=\"og:image\" content=\"https:\/\/guineediversite.com\/wp-content\/uploads\/2019\/05\/JJ.jpg\" \/>\n\t<meta property=\"og:image:width\" content=\"1024\" \/>\n\t<meta property=\"og:image:height\" content=\"578\" \/>\n\t<meta property=\"og:image:type\" content=\"image\/jpeg\" \/>\n<meta name=\"author\" content=\"Guin\u00e9e Diversit\u00e9\" \/>\n<meta name=\"twitter:card\" content=\"summary_large_image\" \/>\n<meta name=\"twitter:creator\" content=\"@GuineeDiversite\" \/>\n<meta name=\"twitter:site\" content=\"@GuineeDiversite\" \/>\n<meta name=\"twitter:label1\" content=\"\u00c9crit par\" \/>\n\t<meta name=\"twitter:data1\" content=\"Guin\u00e9e Diversit\u00e9\" \/>\n\t<meta name=\"twitter:label2\" content=\"Dur\u00e9e de lecture estim\u00e9e\" \/>\n\t<meta name=\"twitter:data2\" content=\"2 minutes\" \/>\n<script type=\"application\/ld+json\" class=\"yoast-schema-graph\">{\"@context\":\"https:\/\/schema.org\",\"@graph\":[{\"@type\":\"Article\",\"@id\":\"https:\/\/guineediversite.com\/index.php\/2019\/05\/09\/mali-une-liberation-dotages-obtenue-en-echange-de-celle-de-18-jihadistes\/#article\",\"isPartOf\":{\"@id\":\"https:\/\/guineediversite.com\/index.php\/2019\/05\/09\/mali-une-liberation-dotages-obtenue-en-echange-de-celle-de-18-jihadistes\/\"},\"author\":{\"name\":\"Guin\u00e9e Diversit\u00e9\",\"@id\":\"https:\/\/guineediversite.com\/#\/schema\/person\/afa08fb34e7fc6e1feafc892612bc836\"},\"headline\":\"Mali: une lib\u00e9ration d&rsquo;otages obtenue en \u00e9change de celle de 18 jihadistes\",\"datePublished\":\"2019-05-09T12:13:52+00:00\",\"dateModified\":\"2019-05-09T12:13:52+00:00\",\"mainEntityOfPage\":{\"@id\":\"https:\/\/guineediversite.com\/index.php\/2019\/05\/09\/mali-une-liberation-dotages-obtenue-en-echange-de-celle-de-18-jihadistes\/\"},\"wordCount\":347,\"publisher\":{\"@id\":\"https:\/\/guineediversite.com\/#organization\"},\"image\":{\"@id\":\"https:\/\/guineediversite.com\/index.php\/2019\/05\/09\/mali-une-liberation-dotages-obtenue-en-echange-de-celle-de-18-jihadistes\/#primaryimage\"},\"thumbnailUrl\":\"https:\/\/guineediversite.com\/wp-content\/uploads\/2019\/05\/JJ.jpg\",\"articleSection\":[\"International\"],\"inLanguage\":\"fr-FR\"},{\"@type\":\"WebPage\",\"@id\":\"https:\/\/guineediversite.com\/index.php\/2019\/05\/09\/mali-une-liberation-dotages-obtenue-en-echange-de-celle-de-18-jihadistes\/\",\"url\":\"https:\/\/guineediversite.com\/index.php\/2019\/05\/09\/mali-une-liberation-dotages-obtenue-en-echange-de-celle-de-18-jihadistes\/\",\"name\":\"Mali: une lib\u00e9ration d'otages obtenue en \u00e9change de celle de 18 jihadistes | Guin\u00e9e Diversit\u00e9\",\"isPartOf\":{\"@id\":\"https:\/\/guineediversite.com\/#website\"},\"primaryImageOfPage\":{\"@id\":\"https:\/\/guineediversite.com\/index.php\/2019\/05\/09\/mali-une-liberation-dotages-obtenue-en-echange-de-celle-de-18-jihadistes\/#primaryimage\"},\"image\":{\"@id\":\"https:\/\/guineediversite.com\/index.php\/2019\/05\/09\/mali-une-liberation-dotages-obtenue-en-echange-de-celle-de-18-jihadistes\/#primaryimage\"},\"thumbnailUrl\":\"https:\/\/guineediversite.com\/wp-content\/uploads\/2019\/05\/JJ.jpg\",\"datePublished\":\"2019-05-09T12:13:52+00:00\",\"dateModified\":\"2019-05-09T12:13:52+00:00\",\"breadcrumb\":{\"@id\":\"https:\/\/guineediversite.com\/index.php\/2019\/05\/09\/mali-une-liberation-dotages-obtenue-en-echange-de-celle-de-18-jihadistes\/#breadcrumb\"},\"inLanguage\":\"fr-FR\",\"potentialAction\":[{\"@type\":\"ReadAction\",\"target\":[\"https:\/\/guineediversite.com\/index.php\/2019\/05\/09\/mali-une-liberation-dotages-obtenue-en-echange-de-celle-de-18-jihadistes\/\"]}]},{\"@type\":\"ImageObject\",\"inLanguage\":\"fr-FR\",\"@id\":\"https:\/\/guineediversite.com\/index.php\/2019\/05\/09\/mali-une-liberation-dotages-obtenue-en-echange-de-celle-de-18-jihadistes\/#primaryimage\",\"url\":\"https:\/\/guineediversite.com\/wp-content\/uploads\/2019\/05\/JJ.jpg\",\"contentUrl\":\"https:\/\/guineediversite.com\/wp-content\/uploads\/2019\/05\/JJ.jpg\",\"width\":1024,\"height\":578},{\"@type\":\"BreadcrumbList\",\"@id\":\"https:\/\/guineediversite.com\/index.php\/2019\/05\/09\/mali-une-liberation-dotages-obtenue-en-echange-de-celle-de-18-jihadistes\/#breadcrumb\",\"itemListElement\":[{\"@type\":\"ListItem\",\"position\":1,\"name\":\"Accueil\",\"item\":\"https:\/\/guineediversite.com\/\"},{\"@type\":\"ListItem\",\"position\":2,\"name\":\"Mali: une lib\u00e9ration d&rsquo;otages obtenue en \u00e9change de celle de 18 jihadistes\"}]},{\"@type\":\"WebSite\",\"@id\":\"https:\/\/guineediversite.com\/#website\",\"url\":\"https:\/\/guineediversite.com\/\",\"name\":\"Guin\u00e9e Diversit\u00e9\",\"description\":\"L&#039;Info dans toute sa diversit\u00e9\",\"publisher\":{\"@id\":\"https:\/\/guineediversite.com\/#organization\"},\"potentialAction\":[{\"@type\":\"SearchAction\",\"target\":{\"@type\":\"EntryPoint\",\"urlTemplate\":\"https:\/\/guineediversite.com\/?s={search_term_string}\"},\"query-input\":{\"@type\":\"PropertyValueSpecification\",\"valueRequired\":true,\"valueName\":\"search_term_string\"}}],\"inLanguage\":\"fr-FR\"},{\"@type\":\"Organization\",\"@id\":\"https:\/\/guineediversite.com\/#organization\",\"name\":\"Guin\u00e9e Diversit\u00e9\",\"url\":\"https:\/\/guineediversite.com\/\",\"logo\":{\"@type\":\"ImageObject\",\"inLanguage\":\"fr-FR\",\"@id\":\"https:\/\/guineediversite.com\/#\/schema\/logo\/image\/\",\"url\":\"https:\/\/guineediversite.com\/wp-content\/uploads\/2017\/04\/cropped-1jojlxEOMkX9Wyqfhe43D6kjPOGqBBKmx3EwWJqZ0cMrFF54yM49.png\",\"contentUrl\":\"https:\/\/guineediversite.com\/wp-content\/uploads\/2017\/04\/cropped-1jojlxEOMkX9Wyqfhe43D6kjPOGqBBKmx3EwWJqZ0cMrFF54yM49.png\",\"width\":186,\"height\":112,\"caption\":\"Guin\u00e9e Diversit\u00e9\"},\"image\":{\"@id\":\"https:\/\/guineediversite.com\/#\/schema\/logo\/image\/\"},\"sameAs\":[\"https:\/\/www.facebook.com\/guineediversite\/\",\"https:\/\/x.com\/GuineeDiversite\",\"https:\/\/www.youtube.com\/channel\/UC8sUY16qelG5ge6_D5SB83g\"]},{\"@type\":\"Person\",\"@id\":\"https:\/\/guineediversite.com\/#\/schema\/person\/afa08fb34e7fc6e1feafc892612bc836\",\"name\":\"Guin\u00e9e Diversit\u00e9\",\"image\":{\"@type\":\"ImageObject\",\"inLanguage\":\"fr-FR\",\"@id\":\"https:\/\/guineediversite.com\/#\/schema\/person\/image\/\",\"url\":\"https:\/\/secure.gravatar.com\/avatar\/50d5eb5b390f8b65ac30ac6f898eb83a?s=96&d=mm&r=g\",\"contentUrl\":\"https:\/\/secure.gravatar.com\/avatar\/50d5eb5b390f8b65ac30ac6f898eb83a?s=96&d=mm&r=g\",\"caption\":\"Guin\u00e9e Diversit\u00e9\"},\"url\":\"https:\/\/guineediversite.com\/index.php\/author\/guineediversite\/\"}]}<\/script>\n<!-- \/ Yoast SEO plugin. -->","yoast_head_json":{"title":"Mali: une lib\u00e9ration d'otages obtenue en \u00e9change de celle de 18 jihadistes | Guin\u00e9e Diversit\u00e9","robots":{"index":"index","follow":"follow","max-snippet":"max-snippet:-1","max-image-preview":"max-image-preview:large","max-video-preview":"max-video-preview:-1"},"canonical":"https:\/\/guineediversite.com\/index.php\/2019\/05\/09\/mali-une-liberation-dotages-obtenue-en-echange-de-celle-de-18-jihadistes\/","og_locale":"fr_FR","og_type":"article","og_title":"Mali: une lib\u00e9ration d'otages obtenue en \u00e9change de celle de 18 jihadistes | Guin\u00e9e Diversit\u00e9","og_description":"Un pr\u00e9fet et un journaliste maliens enlev\u00e9s dans le centre du Mali et lib\u00e9r\u00e9s en f\u00e9vrier l&rsquo;ont \u00e9t\u00e9 en \u00e9change de 18 jihadistes, dont un condamn\u00e9 en ao\u00fbt 2017 \u00e0 dix ans de prison. C&rsquo;est ce que r\u00e9v\u00e8lent ce mercredi 8 mai plusieurs sources, dont un avocat, conseil d&rsquo;un des jihadistes qui purgeait une peine [&hellip;]","og_url":"https:\/\/guineediversite.com\/index.php\/2019\/05\/09\/mali-une-liberation-dotages-obtenue-en-echange-de-celle-de-18-jihadistes\/","og_site_name":"Guin\u00e9e Diversit\u00e9","article_publisher":"https:\/\/www.facebook.com\/guineediversite\/","article_published_time":"2019-05-09T12:13:52+00:00","og_image":[{"width":1024,"height":578,"url":"https:\/\/guineediversite.com\/wp-content\/uploads\/2019\/05\/JJ.jpg","type":"image\/jpeg"}],"author":"Guin\u00e9e Diversit\u00e9","twitter_card":"summary_large_image","twitter_creator":"@GuineeDiversite","twitter_site":"@GuineeDiversite","twitter_misc":{"\u00c9crit par":"Guin\u00e9e Diversit\u00e9","Dur\u00e9e de lecture estim\u00e9e":"2 minutes"},"schema":{"@context":"https:\/\/schema.org","@graph":[{"@type":"Article","@id":"https:\/\/guineediversite.com\/index.php\/2019\/05\/09\/mali-une-liberation-dotages-obtenue-en-echange-de-celle-de-18-jihadistes\/#article","isPartOf":{"@id":"https:\/\/guineediversite.com\/index.php\/2019\/05\/09\/mali-une-liberation-dotages-obtenue-en-echange-de-celle-de-18-jihadistes\/"},"author":{"name":"Guin\u00e9e Diversit\u00e9","@id":"https:\/\/guineediversite.com\/#\/schema\/person\/afa08fb34e7fc6e1feafc892612bc836"},"headline":"Mali: une lib\u00e9ration d&rsquo;otages obtenue en \u00e9change de celle de 18 jihadistes","datePublished":"2019-05-09T12:13:52+00:00","dateModified":"2019-05-09T12:13:52+00:00","mainEntityOfPage":{"@id":"https:\/\/guineediversite.com\/index.php\/2019\/05\/09\/mali-une-liberation-dotages-obtenue-en-echange-de-celle-de-18-jihadistes\/"},"wordCount":347,"publisher":{"@id":"https:\/\/guineediversite.com\/#organization"},"image":{"@id":"https:\/\/guineediversite.com\/index.php\/2019\/05\/09\/mali-une-liberation-dotages-obtenue-en-echange-de-celle-de-18-jihadistes\/#primaryimage"},"thumbnailUrl":"https:\/\/guineediversite.com\/wp-content\/uploads\/2019\/05\/JJ.jpg","articleSection":["International"],"inLanguage":"fr-FR"},{"@type":"WebPage","@id":"https:\/\/guineediversite.com\/index.php\/2019\/05\/09\/mali-une-liberation-dotages-obtenue-en-echange-de-celle-de-18-jihadistes\/","url":"https:\/\/guineediversite.com\/index.php\/2019\/05\/09\/mali-une-liberation-dotages-obtenue-en-echange-de-celle-de-18-jihadistes\/","name":"Mali: une lib\u00e9ration d'otages obtenue en \u00e9change de celle de 18 jihadistes | Guin\u00e9e Diversit\u00e9","isPartOf":{"@id":"https:\/\/guineediversite.com\/#website"},"primaryImageOfPage":{"@id":"https:\/\/guineediversite.com\/index.php\/2019\/05\/09\/mali-une-liberation-dotages-obtenue-en-echange-de-celle-de-18-jihadistes\/#primaryimage"},"image":{"@id":"https:\/\/guineediversite.com\/index.php\/2019\/05\/09\/mali-une-liberation-dotages-obtenue-en-echange-de-celle-de-18-jihadistes\/#primaryimage"},"thumbnailUrl":"https:\/\/guineediversite.com\/wp-content\/uploads\/2019\/05\/JJ.jpg","datePublished":"2019-05-09T12:13:52+00:00","dateModified":"2019-05-09T12:13:52+00:00","breadcrumb":{"@id":"https:\/\/guineediversite.com\/index.php\/2019\/05\/09\/mali-une-liberation-dotages-obtenue-en-echange-de-celle-de-18-jihadistes\/#breadcrumb"},"inLanguage":"fr-FR","potentialAction":[{"@type":"ReadAction","target":["https:\/\/guineediversite.com\/index.php\/2019\/05\/09\/mali-une-liberation-dotages-obtenue-en-echange-de-celle-de-18-jihadistes\/"]}]},{"@type":"ImageObject","inLanguage":"fr-FR","@id":"https:\/\/guineediversite.com\/index.php\/2019\/05\/09\/mali-une-liberation-dotages-obtenue-en-echange-de-celle-de-18-jihadistes\/#primaryimage","url":"https:\/\/guineediversite.com\/wp-content\/uploads\/2019\/05\/JJ.jpg","contentUrl":"https:\/\/guineediversite.com\/wp-content\/uploads\/2019\/05\/JJ.jpg","width":1024,"height":578},{"@type":"BreadcrumbList","@id":"https:\/\/guineediversite.com\/index.php\/2019\/05\/09\/mali-une-liberation-dotages-obtenue-en-echange-de-celle-de-18-jihadistes\/#breadcrumb","itemListElement":[{"@type":"ListItem","position":1,"name":"Accueil","item":"https:\/\/guineediversite.com\/"},{"@type":"ListItem","position":2,"name":"Mali: une lib\u00e9ration d&rsquo;otages obtenue en \u00e9change de celle de 18 jihadistes"}]},{"@type":"WebSite","@id":"https:\/\/guineediversite.com\/#website","url":"https:\/\/guineediversite.com\/","name":"Guin\u00e9e Diversit\u00e9","description":"L&#039;Info dans toute sa diversit\u00e9","publisher":{"@id":"https:\/\/guineediversite.com\/#organization"},"potentialAction":[{"@type":"SearchAction","target":{"@type":"EntryPoint","urlTemplate":"https:\/\/guineediversite.com\/?s={search_term_string}"},"query-input":{"@type":"PropertyValueSpecification","valueRequired":true,"valueName":"search_term_string"}}],"inLanguage":"fr-FR"},{"@type":"Organization","@id":"https:\/\/guineediversite.com\/#organization","name":"Guin\u00e9e Diversit\u00e9","url":"https:\/\/guineediversite.com\/","logo":{"@type":"ImageObject","inLanguage":"fr-FR","@id":"https:\/\/guineediversite.com\/#\/schema\/logo\/image\/","url":"https:\/\/guineediversite.com\/wp-content\/uploads\/2017\/04\/cropped-1jojlxEOMkX9Wyqfhe43D6kjPOGqBBKmx3EwWJqZ0cMrFF54yM49.png","contentUrl":"https:\/\/guineediversite.com\/wp-content\/uploads\/2017\/04\/cropped-1jojlxEOMkX9Wyqfhe43D6kjPOGqBBKmx3EwWJqZ0cMrFF54yM49.png","width":186,"height":112,"caption":"Guin\u00e9e Diversit\u00e9"},"image":{"@id":"https:\/\/guineediversite.com\/#\/schema\/logo\/image\/"},"sameAs":["https:\/\/www.facebook.com\/guineediversite\/","https:\/\/x.com\/GuineeDiversite","https:\/\/www.youtube.com\/channel\/UC8sUY16qelG5ge6_D5SB83g"]},{"@type":"Person","@id":"https:\/\/guineediversite.com\/#\/schema\/person\/afa08fb34e7fc6e1feafc892612bc836","name":"Guin\u00e9e Diversit\u00e9","image":{"@type":"ImageObject","inLanguage":"fr-FR","@id":"https:\/\/guineediversite.com\/#\/schema\/person\/image\/","url":"https:\/\/secure.gravatar.com\/avatar\/50d5eb5b390f8b65ac30ac6f898eb83a?s=96&d=mm&r=g","contentUrl":"https:\/\/secure.gravatar.com\/avatar\/50d5eb5b390f8b65ac30ac6f898eb83a?s=96&d=mm&r=g","caption":"Guin\u00e9e Diversit\u00e9"},"url":"https:\/\/guineediversite.com\/index.php\/author\/guineediversite\/"}]}},"_links":{"self":[{"href":"https:\/\/guineediversite.com\/index.php\/wp-json\/wp\/v2\/posts\/28542"}],"collection":[{"href":"https:\/\/guineediversite.com\/index.php\/wp-json\/wp\/v2\/posts"}],"about":[{"href":"https:\/\/guineediversite.com\/index.php\/wp-json\/wp\/v2\/types\/post"}],"author":[{"embeddable":true,"href":"https:\/\/guineediversite.com\/index.php\/wp-json\/wp\/v2\/users\/12"}],"replies":[{"embeddable":true,"href":"https:\/\/guineediversite.com\/index.php\/wp-json\/wp\/v2\/comments?post=28542"}],"version-history":[{"count":0,"href":"https:\/\/guineediversite.com\/index.php\/wp-json\/wp\/v2\/posts\/28542\/revisions"}],"wp:featuredmedia":[{"embeddable":true,"href":"https:\/\/guineediversite.com\/index.php\/wp-json\/wp\/v2\/media\/28543"}],"wp:attachment":[{"href":"https:\/\/guineediversite.com\/index.php\/wp-json\/wp\/v2\/media?parent=28542"}],"wp:term":[{"taxonomy":"category","embeddable":true,"href":"https:\/\/guineediversite.com\/index.php\/wp-json\/wp\/v2\/categories?post=28542"},{"taxonomy":"post_tag","embeddable":true,"href":"https:\/\/guineediversite.com\/index.php\/wp-json\/wp\/v2\/tags?post=28542"}],"curies":[{"name":"wp","href":"https:\/\/api.w.org\/{rel}","templated":true}]}}