{"id":28539,"date":"2019-05-09T14:07:04","date_gmt":"2019-05-09T12:07:04","guid":{"rendered":"https:\/\/guineediversite.com\/?p=28539"},"modified":"2019-05-09T14:07:04","modified_gmt":"2019-05-09T12:07:04","slug":"togo-la-reforme-constitutionnelle-est-votee-par-les-deputes","status":"publish","type":"post","link":"https:\/\/guineediversite.com\/index.php\/2019\/05\/09\/togo-la-reforme-constitutionnelle-est-votee-par-les-deputes\/","title":{"rendered":"Togo: la r\u00e9forme constitutionnelle est vot\u00e9e par les d\u00e9put\u00e9s"},"content":{"rendered":"<p><strong>Les Togolais ont r\u00e9clam\u00e9 pendant 18 mois, \u00e0 travers des manifestations parfois violentes, des r\u00e9formes politiques. Hier mercredi 8 mai, les d\u00e9put\u00e9s, apr\u00e8s une longue pl\u00e9ni\u00e8re jusque tard dans la nuit, ont vot\u00e9. La r\u00e9forme constitutionnelle est adopt\u00e9e\u00a0: le nombre de mandats pr\u00e9sidentiels est limit\u00e9 \u00e0 deux pour une m\u00eame personne, la l\u00e9gislature passe de cinq \u00e0 six ans, renouvelable deux fois. Un d\u00e9put\u00e9 togolais pourra donc passer 18 ans dans l&rsquo;h\u00e9micycle.<\/strong><\/p>\n<p>Le mandat pr\u00e9sidentiel devait \u00eatre vot\u00e9 \u00e0 sept ans, renouvelable une seule fois.<\/p>\n<p>Les motivations \u00e9taient toutes trouv\u00e9es : \u00ab\u00a0<em>c\u2019est une mesure salutaire pour permettre au pays de faire des enjamb\u00e9es<\/em>\u00a0<em>\u00bb<\/em>, d\u00e9clare le d\u00e9put\u00e9 Atigb\u00e9 Ihou de la mouvance pr\u00e9sidentielle.<\/p>\n<p>Le d\u00e9bat prend de l\u2019ampleur. S\u00e9na Alipui, de l\u2019Union des forces de changement, opposition, annonce qu\u2019il ne votera pas le texte si l\u2019article 59 relatif au mandat pr\u00e9sidentiel maintient la dur\u00e9e \u00e0 sept ans.<\/p>\n<p>Agb\u00e9yom\u00e9 Gabriel Kodjo appelle \u00e0 la sagesse et au rassemblement puis une suspension de s\u00e9ance d&rsquo;une heure est d\u00e9cid\u00e9e pour concertation. Les tractations durent environ une heure.<\/p>\n<p>A la reprise, coup de th\u00e9\u00e2tre, le pr\u00e9sident du groupe parlementaire Union pour la R\u00e9publique (UNIR au pouvoir) Atcholi Aklesso annonce: \u00ab\u00a0<em>puisqu&rsquo;il nous fait aller ensemble pour aller plus loin, nous avons pens\u00e9 -apr\u00e8s r\u00e9flexion- qu&rsquo;il \u00e9tait judicieux que nous revenions sur la dur\u00e9e du mandat du pr\u00e9sident de la R\u00e9publique et (restions) \u00e7\u00e0 cinq ans, comme cela \u00e9tait.<\/em>\u00a0\u00bb<\/p>\n<p>Lors du vote, 90 d\u00e9put\u00e9s sur 91 inscrits votent la r\u00e9forme. Il est 23h23, tous les d\u00e9put\u00e9s se l\u00e8vent pour entonner \u00ab<em>La terre de nos a\u00efeux<\/em>\u00bb, l\u2019hymne national.<\/p>\n<p><strong>RFI<\/strong><\/p>\n","protected":false},"excerpt":{"rendered":"<p>Les Togolais ont r\u00e9clam\u00e9 pendant 18 mois, \u00e0 travers des manifestations parfois violentes, des r\u00e9formes politiques. Hier mercredi 8 mai, les d\u00e9put\u00e9s, apr\u00e8s une longue pl\u00e9ni\u00e8re jusque tard dans la nuit, ont vot\u00e9. La r\u00e9forme constitutionnelle est adopt\u00e9e\u00a0: le nombre de mandats pr\u00e9sidentiels est limit\u00e9 \u00e0 deux pour une m\u00eame personne, la l\u00e9gislature passe de [&hellip;]<\/p>\n","protected":false},"author":12,"featured_media":28540,"comment_status":"closed","ping_status":"closed","sticky":false,"template":"","format":"standard","meta":{"_exactmetrics_skip_tracking":false,"_exactmetrics_sitenote_active":false,"_exactmetrics_sitenote_note":"","_exactmetrics_sitenote_category":0,"tdm_status":"","tdm_grid_status":"","footnotes":""},"categories":[21],"tags":[],"class_list":{"0":"post-28539","1":"post","2":"type-post","3":"status-publish","4":"format-standard","5":"has-post-thumbnail","7":"category-international"},"yoast_head":"<!-- This site is optimized with the Yoast SEO plugin v24.2 - https:\/\/yoast.com\/wordpress\/plugins\/seo\/ -->\n<title>Togo: la r\u00e9forme constitutionnelle est vot\u00e9e par les d\u00e9put\u00e9s | Guin\u00e9e Diversit\u00e9<\/title>\n<meta name=\"robots\" content=\"index, follow, max-snippet:-1, max-image-preview:large, max-video-preview:-1\" \/>\n<link rel=\"canonical\" href=\"https:\/\/guineediversite.com\/index.php\/2019\/05\/09\/togo-la-reforme-constitutionnelle-est-votee-par-les-deputes\/\" \/>\n<meta property=\"og:locale\" content=\"fr_FR\" \/>\n<meta property=\"og:type\" content=\"article\" \/>\n<meta property=\"og:title\" content=\"Togo: la r\u00e9forme constitutionnelle est vot\u00e9e par les d\u00e9put\u00e9s | Guin\u00e9e Diversit\u00e9\" \/>\n<meta property=\"og:description\" content=\"Les Togolais ont r\u00e9clam\u00e9 pendant 18 mois, \u00e0 travers des manifestations parfois violentes, des r\u00e9formes politiques. Hier mercredi 8 mai, les d\u00e9put\u00e9s, apr\u00e8s une longue pl\u00e9ni\u00e8re jusque tard dans la nuit, ont vot\u00e9. La r\u00e9forme constitutionnelle est adopt\u00e9e\u00a0: le nombre de mandats pr\u00e9sidentiels est limit\u00e9 \u00e0 deux pour une m\u00eame personne, la l\u00e9gislature passe de [&hellip;]\" \/>\n<meta property=\"og:url\" content=\"https:\/\/guineediversite.com\/index.php\/2019\/05\/09\/togo-la-reforme-constitutionnelle-est-votee-par-les-deputes\/\" \/>\n<meta property=\"og:site_name\" content=\"Guin\u00e9e Diversit\u00e9\" \/>\n<meta property=\"article:publisher\" content=\"https:\/\/www.facebook.com\/guineediversite\/\" \/>\n<meta property=\"article:published_time\" content=\"2019-05-09T12:07:04+00:00\" \/>\n<meta property=\"og:image\" content=\"https:\/\/guineediversite.com\/wp-content\/uploads\/2019\/05\/TOGC.jpg\" \/>\n\t<meta property=\"og:image:width\" content=\"1023\" \/>\n\t<meta property=\"og:image:height\" content=\"578\" \/>\n\t<meta property=\"og:image:type\" content=\"image\/jpeg\" \/>\n<meta name=\"author\" content=\"Guin\u00e9e Diversit\u00e9\" \/>\n<meta name=\"twitter:card\" content=\"summary_large_image\" \/>\n<meta name=\"twitter:creator\" content=\"@GuineeDiversite\" \/>\n<meta name=\"twitter:site\" content=\"@GuineeDiversite\" \/>\n<meta name=\"twitter:label1\" content=\"\u00c9crit par\" \/>\n\t<meta name=\"twitter:data1\" content=\"Guin\u00e9e Diversit\u00e9\" \/>\n\t<meta name=\"twitter:label2\" content=\"Dur\u00e9e de lecture estim\u00e9e\" \/>\n\t<meta name=\"twitter:data2\" content=\"1 minute\" \/>\n<script type=\"application\/ld+json\" class=\"yoast-schema-graph\">{\"@context\":\"https:\/\/schema.org\",\"@graph\":[{\"@type\":\"Article\",\"@id\":\"https:\/\/guineediversite.com\/index.php\/2019\/05\/09\/togo-la-reforme-constitutionnelle-est-votee-par-les-deputes\/#article\",\"isPartOf\":{\"@id\":\"https:\/\/guineediversite.com\/index.php\/2019\/05\/09\/togo-la-reforme-constitutionnelle-est-votee-par-les-deputes\/\"},\"author\":{\"name\":\"Guin\u00e9e Diversit\u00e9\",\"@id\":\"https:\/\/guineediversite.com\/#\/schema\/person\/afa08fb34e7fc6e1feafc892612bc836\"},\"headline\":\"Togo: la r\u00e9forme constitutionnelle est vot\u00e9e par les d\u00e9put\u00e9s\",\"datePublished\":\"2019-05-09T12:07:04+00:00\",\"dateModified\":\"2019-05-09T12:07:04+00:00\",\"mainEntityOfPage\":{\"@id\":\"https:\/\/guineediversite.com\/index.php\/2019\/05\/09\/togo-la-reforme-constitutionnelle-est-votee-par-les-deputes\/\"},\"wordCount\":313,\"publisher\":{\"@id\":\"https:\/\/guineediversite.com\/#organization\"},\"image\":{\"@id\":\"https:\/\/guineediversite.com\/index.php\/2019\/05\/09\/togo-la-reforme-constitutionnelle-est-votee-par-les-deputes\/#primaryimage\"},\"thumbnailUrl\":\"https:\/\/guineediversite.com\/wp-content\/uploads\/2019\/05\/TOGC.jpg\",\"articleSection\":[\"International\"],\"inLanguage\":\"fr-FR\"},{\"@type\":\"WebPage\",\"@id\":\"https:\/\/guineediversite.com\/index.php\/2019\/05\/09\/togo-la-reforme-constitutionnelle-est-votee-par-les-deputes\/\",\"url\":\"https:\/\/guineediversite.com\/index.php\/2019\/05\/09\/togo-la-reforme-constitutionnelle-est-votee-par-les-deputes\/\",\"name\":\"Togo: la r\u00e9forme constitutionnelle est vot\u00e9e par les d\u00e9put\u00e9s | Guin\u00e9e Diversit\u00e9\",\"isPartOf\":{\"@id\":\"https:\/\/guineediversite.com\/#website\"},\"primaryImageOfPage\":{\"@id\":\"https:\/\/guineediversite.com\/index.php\/2019\/05\/09\/togo-la-reforme-constitutionnelle-est-votee-par-les-deputes\/#primaryimage\"},\"image\":{\"@id\":\"https:\/\/guineediversite.com\/index.php\/2019\/05\/09\/togo-la-reforme-constitutionnelle-est-votee-par-les-deputes\/#primaryimage\"},\"thumbnailUrl\":\"https:\/\/guineediversite.com\/wp-content\/uploads\/2019\/05\/TOGC.jpg\",\"datePublished\":\"2019-05-09T12:07:04+00:00\",\"dateModified\":\"2019-05-09T12:07:04+00:00\",\"breadcrumb\":{\"@id\":\"https:\/\/guineediversite.com\/index.php\/2019\/05\/09\/togo-la-reforme-constitutionnelle-est-votee-par-les-deputes\/#breadcrumb\"},\"inLanguage\":\"fr-FR\",\"potentialAction\":[{\"@type\":\"ReadAction\",\"target\":[\"https:\/\/guineediversite.com\/index.php\/2019\/05\/09\/togo-la-reforme-constitutionnelle-est-votee-par-les-deputes\/\"]}]},{\"@type\":\"ImageObject\",\"inLanguage\":\"fr-FR\",\"@id\":\"https:\/\/guineediversite.com\/index.php\/2019\/05\/09\/togo-la-reforme-constitutionnelle-est-votee-par-les-deputes\/#primaryimage\",\"url\":\"https:\/\/guineediversite.com\/wp-content\/uploads\/2019\/05\/TOGC.jpg\",\"contentUrl\":\"https:\/\/guineediversite.com\/wp-content\/uploads\/2019\/05\/TOGC.jpg\",\"width\":1023,\"height\":578},{\"@type\":\"BreadcrumbList\",\"@id\":\"https:\/\/guineediversite.com\/index.php\/2019\/05\/09\/togo-la-reforme-constitutionnelle-est-votee-par-les-deputes\/#breadcrumb\",\"itemListElement\":[{\"@type\":\"ListItem\",\"position\":1,\"name\":\"Accueil\",\"item\":\"https:\/\/guineediversite.com\/\"},{\"@type\":\"ListItem\",\"position\":2,\"name\":\"Togo: la r\u00e9forme constitutionnelle est vot\u00e9e par les d\u00e9put\u00e9s\"}]},{\"@type\":\"WebSite\",\"@id\":\"https:\/\/guineediversite.com\/#website\",\"url\":\"https:\/\/guineediversite.com\/\",\"name\":\"Guin\u00e9e Diversit\u00e9\",\"description\":\"L&#039;Info dans toute sa diversit\u00e9\",\"publisher\":{\"@id\":\"https:\/\/guineediversite.com\/#organization\"},\"potentialAction\":[{\"@type\":\"SearchAction\",\"target\":{\"@type\":\"EntryPoint\",\"urlTemplate\":\"https:\/\/guineediversite.com\/?s={search_term_string}\"},\"query-input\":{\"@type\":\"PropertyValueSpecification\",\"valueRequired\":true,\"valueName\":\"search_term_string\"}}],\"inLanguage\":\"fr-FR\"},{\"@type\":\"Organization\",\"@id\":\"https:\/\/guineediversite.com\/#organization\",\"name\":\"Guin\u00e9e Diversit\u00e9\",\"url\":\"https:\/\/guineediversite.com\/\",\"logo\":{\"@type\":\"ImageObject\",\"inLanguage\":\"fr-FR\",\"@id\":\"https:\/\/guineediversite.com\/#\/schema\/logo\/image\/\",\"url\":\"https:\/\/guineediversite.com\/wp-content\/uploads\/2017\/04\/cropped-1jojlxEOMkX9Wyqfhe43D6kjPOGqBBKmx3EwWJqZ0cMrFF54yM49.png\",\"contentUrl\":\"https:\/\/guineediversite.com\/wp-content\/uploads\/2017\/04\/cropped-1jojlxEOMkX9Wyqfhe43D6kjPOGqBBKmx3EwWJqZ0cMrFF54yM49.png\",\"width\":186,\"height\":112,\"caption\":\"Guin\u00e9e Diversit\u00e9\"},\"image\":{\"@id\":\"https:\/\/guineediversite.com\/#\/schema\/logo\/image\/\"},\"sameAs\":[\"https:\/\/www.facebook.com\/guineediversite\/\",\"https:\/\/x.com\/GuineeDiversite\",\"https:\/\/www.youtube.com\/channel\/UC8sUY16qelG5ge6_D5SB83g\"]},{\"@type\":\"Person\",\"@id\":\"https:\/\/guineediversite.com\/#\/schema\/person\/afa08fb34e7fc6e1feafc892612bc836\",\"name\":\"Guin\u00e9e Diversit\u00e9\",\"image\":{\"@type\":\"ImageObject\",\"inLanguage\":\"fr-FR\",\"@id\":\"https:\/\/guineediversite.com\/#\/schema\/person\/image\/\",\"url\":\"https:\/\/secure.gravatar.com\/avatar\/50d5eb5b390f8b65ac30ac6f898eb83a?s=96&d=mm&r=g\",\"contentUrl\":\"https:\/\/secure.gravatar.com\/avatar\/50d5eb5b390f8b65ac30ac6f898eb83a?s=96&d=mm&r=g\",\"caption\":\"Guin\u00e9e Diversit\u00e9\"},\"url\":\"https:\/\/guineediversite.com\/index.php\/author\/guineediversite\/\"}]}<\/script>\n<!-- \/ Yoast SEO plugin. -->","yoast_head_json":{"title":"Togo: la r\u00e9forme constitutionnelle est vot\u00e9e par les d\u00e9put\u00e9s | Guin\u00e9e Diversit\u00e9","robots":{"index":"index","follow":"follow","max-snippet":"max-snippet:-1","max-image-preview":"max-image-preview:large","max-video-preview":"max-video-preview:-1"},"canonical":"https:\/\/guineediversite.com\/index.php\/2019\/05\/09\/togo-la-reforme-constitutionnelle-est-votee-par-les-deputes\/","og_locale":"fr_FR","og_type":"article","og_title":"Togo: la r\u00e9forme constitutionnelle est vot\u00e9e par les d\u00e9put\u00e9s | Guin\u00e9e Diversit\u00e9","og_description":"Les Togolais ont r\u00e9clam\u00e9 pendant 18 mois, \u00e0 travers des manifestations parfois violentes, des r\u00e9formes politiques. Hier mercredi 8 mai, les d\u00e9put\u00e9s, apr\u00e8s une longue pl\u00e9ni\u00e8re jusque tard dans la nuit, ont vot\u00e9. La r\u00e9forme constitutionnelle est adopt\u00e9e\u00a0: le nombre de mandats pr\u00e9sidentiels est limit\u00e9 \u00e0 deux pour une m\u00eame personne, la l\u00e9gislature passe de [&hellip;]","og_url":"https:\/\/guineediversite.com\/index.php\/2019\/05\/09\/togo-la-reforme-constitutionnelle-est-votee-par-les-deputes\/","og_site_name":"Guin\u00e9e Diversit\u00e9","article_publisher":"https:\/\/www.facebook.com\/guineediversite\/","article_published_time":"2019-05-09T12:07:04+00:00","og_image":[{"width":1023,"height":578,"url":"https:\/\/guineediversite.com\/wp-content\/uploads\/2019\/05\/TOGC.jpg","type":"image\/jpeg"}],"author":"Guin\u00e9e Diversit\u00e9","twitter_card":"summary_large_image","twitter_creator":"@GuineeDiversite","twitter_site":"@GuineeDiversite","twitter_misc":{"\u00c9crit par":"Guin\u00e9e Diversit\u00e9","Dur\u00e9e de lecture estim\u00e9e":"1 minute"},"schema":{"@context":"https:\/\/schema.org","@graph":[{"@type":"Article","@id":"https:\/\/guineediversite.com\/index.php\/2019\/05\/09\/togo-la-reforme-constitutionnelle-est-votee-par-les-deputes\/#article","isPartOf":{"@id":"https:\/\/guineediversite.com\/index.php\/2019\/05\/09\/togo-la-reforme-constitutionnelle-est-votee-par-les-deputes\/"},"author":{"name":"Guin\u00e9e Diversit\u00e9","@id":"https:\/\/guineediversite.com\/#\/schema\/person\/afa08fb34e7fc6e1feafc892612bc836"},"headline":"Togo: la r\u00e9forme constitutionnelle est vot\u00e9e par les d\u00e9put\u00e9s","datePublished":"2019-05-09T12:07:04+00:00","dateModified":"2019-05-09T12:07:04+00:00","mainEntityOfPage":{"@id":"https:\/\/guineediversite.com\/index.php\/2019\/05\/09\/togo-la-reforme-constitutionnelle-est-votee-par-les-deputes\/"},"wordCount":313,"publisher":{"@id":"https:\/\/guineediversite.com\/#organization"},"image":{"@id":"https:\/\/guineediversite.com\/index.php\/2019\/05\/09\/togo-la-reforme-constitutionnelle-est-votee-par-les-deputes\/#primaryimage"},"thumbnailUrl":"https:\/\/guineediversite.com\/wp-content\/uploads\/2019\/05\/TOGC.jpg","articleSection":["International"],"inLanguage":"fr-FR"},{"@type":"WebPage","@id":"https:\/\/guineediversite.com\/index.php\/2019\/05\/09\/togo-la-reforme-constitutionnelle-est-votee-par-les-deputes\/","url":"https:\/\/guineediversite.com\/index.php\/2019\/05\/09\/togo-la-reforme-constitutionnelle-est-votee-par-les-deputes\/","name":"Togo: la r\u00e9forme constitutionnelle est vot\u00e9e par les d\u00e9put\u00e9s | Guin\u00e9e Diversit\u00e9","isPartOf":{"@id":"https:\/\/guineediversite.com\/#website"},"primaryImageOfPage":{"@id":"https:\/\/guineediversite.com\/index.php\/2019\/05\/09\/togo-la-reforme-constitutionnelle-est-votee-par-les-deputes\/#primaryimage"},"image":{"@id":"https:\/\/guineediversite.com\/index.php\/2019\/05\/09\/togo-la-reforme-constitutionnelle-est-votee-par-les-deputes\/#primaryimage"},"thumbnailUrl":"https:\/\/guineediversite.com\/wp-content\/uploads\/2019\/05\/TOGC.jpg","datePublished":"2019-05-09T12:07:04+00:00","dateModified":"2019-05-09T12:07:04+00:00","breadcrumb":{"@id":"https:\/\/guineediversite.com\/index.php\/2019\/05\/09\/togo-la-reforme-constitutionnelle-est-votee-par-les-deputes\/#breadcrumb"},"inLanguage":"fr-FR","potentialAction":[{"@type":"ReadAction","target":["https:\/\/guineediversite.com\/index.php\/2019\/05\/09\/togo-la-reforme-constitutionnelle-est-votee-par-les-deputes\/"]}]},{"@type":"ImageObject","inLanguage":"fr-FR","@id":"https:\/\/guineediversite.com\/index.php\/2019\/05\/09\/togo-la-reforme-constitutionnelle-est-votee-par-les-deputes\/#primaryimage","url":"https:\/\/guineediversite.com\/wp-content\/uploads\/2019\/05\/TOGC.jpg","contentUrl":"https:\/\/guineediversite.com\/wp-content\/uploads\/2019\/05\/TOGC.jpg","width":1023,"height":578},{"@type":"BreadcrumbList","@id":"https:\/\/guineediversite.com\/index.php\/2019\/05\/09\/togo-la-reforme-constitutionnelle-est-votee-par-les-deputes\/#breadcrumb","itemListElement":[{"@type":"ListItem","position":1,"name":"Accueil","item":"https:\/\/guineediversite.com\/"},{"@type":"ListItem","position":2,"name":"Togo: la r\u00e9forme constitutionnelle est vot\u00e9e par les d\u00e9put\u00e9s"}]},{"@type":"WebSite","@id":"https:\/\/guineediversite.com\/#website","url":"https:\/\/guineediversite.com\/","name":"Guin\u00e9e Diversit\u00e9","description":"L&#039;Info dans toute sa diversit\u00e9","publisher":{"@id":"https:\/\/guineediversite.com\/#organization"},"potentialAction":[{"@type":"SearchAction","target":{"@type":"EntryPoint","urlTemplate":"https:\/\/guineediversite.com\/?s={search_term_string}"},"query-input":{"@type":"PropertyValueSpecification","valueRequired":true,"valueName":"search_term_string"}}],"inLanguage":"fr-FR"},{"@type":"Organization","@id":"https:\/\/guineediversite.com\/#organization","name":"Guin\u00e9e Diversit\u00e9","url":"https:\/\/guineediversite.com\/","logo":{"@type":"ImageObject","inLanguage":"fr-FR","@id":"https:\/\/guineediversite.com\/#\/schema\/logo\/image\/","url":"https:\/\/guineediversite.com\/wp-content\/uploads\/2017\/04\/cropped-1jojlxEOMkX9Wyqfhe43D6kjPOGqBBKmx3EwWJqZ0cMrFF54yM49.png","contentUrl":"https:\/\/guineediversite.com\/wp-content\/uploads\/2017\/04\/cropped-1jojlxEOMkX9Wyqfhe43D6kjPOGqBBKmx3EwWJqZ0cMrFF54yM49.png","width":186,"height":112,"caption":"Guin\u00e9e Diversit\u00e9"},"image":{"@id":"https:\/\/guineediversite.com\/#\/schema\/logo\/image\/"},"sameAs":["https:\/\/www.facebook.com\/guineediversite\/","https:\/\/x.com\/GuineeDiversite","https:\/\/www.youtube.com\/channel\/UC8sUY16qelG5ge6_D5SB83g"]},{"@type":"Person","@id":"https:\/\/guineediversite.com\/#\/schema\/person\/afa08fb34e7fc6e1feafc892612bc836","name":"Guin\u00e9e Diversit\u00e9","image":{"@type":"ImageObject","inLanguage":"fr-FR","@id":"https:\/\/guineediversite.com\/#\/schema\/person\/image\/","url":"https:\/\/secure.gravatar.com\/avatar\/50d5eb5b390f8b65ac30ac6f898eb83a?s=96&d=mm&r=g","contentUrl":"https:\/\/secure.gravatar.com\/avatar\/50d5eb5b390f8b65ac30ac6f898eb83a?s=96&d=mm&r=g","caption":"Guin\u00e9e Diversit\u00e9"},"url":"https:\/\/guineediversite.com\/index.php\/author\/guineediversite\/"}]}},"_links":{"self":[{"href":"https:\/\/guineediversite.com\/index.php\/wp-json\/wp\/v2\/posts\/28539"}],"collection":[{"href":"https:\/\/guineediversite.com\/index.php\/wp-json\/wp\/v2\/posts"}],"about":[{"href":"https:\/\/guineediversite.com\/index.php\/wp-json\/wp\/v2\/types\/post"}],"author":[{"embeddable":true,"href":"https:\/\/guineediversite.com\/index.php\/wp-json\/wp\/v2\/users\/12"}],"replies":[{"embeddable":true,"href":"https:\/\/guineediversite.com\/index.php\/wp-json\/wp\/v2\/comments?post=28539"}],"version-history":[{"count":0,"href":"https:\/\/guineediversite.com\/index.php\/wp-json\/wp\/v2\/posts\/28539\/revisions"}],"wp:featuredmedia":[{"embeddable":true,"href":"https:\/\/guineediversite.com\/index.php\/wp-json\/wp\/v2\/media\/28540"}],"wp:attachment":[{"href":"https:\/\/guineediversite.com\/index.php\/wp-json\/wp\/v2\/media?parent=28539"}],"wp:term":[{"taxonomy":"category","embeddable":true,"href":"https:\/\/guineediversite.com\/index.php\/wp-json\/wp\/v2\/categories?post=28539"},{"taxonomy":"post_tag","embeddable":true,"href":"https:\/\/guineediversite.com\/index.php\/wp-json\/wp\/v2\/tags?post=28539"}],"curies":[{"name":"wp","href":"https:\/\/api.w.org\/{rel}","templated":true}]}}