{"id":28526,"date":"2019-05-08T17:38:15","date_gmt":"2019-05-08T15:38:15","guid":{"rendered":"https:\/\/guineediversite.com\/?p=28526"},"modified":"2019-05-09T02:03:52","modified_gmt":"2019-05-09T00:03:52","slug":"kindia-le-fndc-sindigne-apres-la-condamnation-des-manifestants-anti-3eme-mandat","status":"publish","type":"post","link":"https:\/\/guineediversite.com\/index.php\/2019\/05\/08\/kindia-le-fndc-sindigne-apres-la-condamnation-des-manifestants-anti-3eme-mandat\/","title":{"rendered":"Kindia: le FNDC s&rsquo;indigne apr\u00e8s la condamnation des manifestants anti-troisi\u00e8me mandat"},"content":{"rendered":"<p><strong>Le Front National pour la D\u00e9fense de la Constitution r\u00e9agi \u00e0 la condamnation des militants anti-troisi\u00e8me mandat \u00e0 Kindia et parle d\u2019une justice exp\u00e9ditive.<\/strong><\/p>\n<p>Ils sont Sept dont les noms suivent: Boubacar Barry, Thierno Mamadou Diallo, Mohamed Camara, Amadou Soumah, Mohamed Sylla, Mamadou Cellou Diallo et Mohamed Keita qui\u00a0 ont \u00e9cop\u00e9 chacun d\u2019une peine de 3 mois de prison ferme et le payement d\u2019une amende de 500 000 francs guin\u00e9ens. Leur tort \u00e9tait de manifester contre un \u00e9ventuel troisi\u00e8me mandat du Pr\u00e9sident Cond\u00e9 lors de sa derni\u00e8re visite le 04 mai \u00e0 Kindia.<\/p>\n<p>Outr\u00e9s par cette nouvelle, les membres du Front National pour la d\u00e9fense de la Constitution ont condamn\u00e9 \u00ab avec la derni\u00e8re \u00e9nergie cette peine inflig\u00e9e aux citoyens,\u00bb\u00a0 qui selon eux, ne font qu&rsquo;exprimer leurs opinions sur un sujet d\u2019int\u00e9r\u00eat national.<\/p>\n<blockquote><p><em>Le Professeur Alpha Cond\u00e9 ne passera pas une seule nuit\u00a0 au Palais S\u00e9khoutour\u00e9yah\u00a0apr\u00e8s le 21 d\u00e9cembre 2020.<\/em><\/p><\/blockquote>\n<p>Interrog\u00e9 ce mercredi 08 mai, S\u00e9kou Koundouno l\u2019un des responsables de ce mouvement anti-troisi\u00e8me mandat n\u2019a pas cach\u00e9 sa col\u00e8re face \u00e0 ce qu\u2019il appelle injustice. \u00ab <em>nous condamnons par la plus grande \u00e9nergie cette justice exp\u00e9ditive. Cette condamnation galvanise et remobilise toute la troupe du FNDC \u00e0 continuer le combat. Nous avons compris que\u00a0 l\u2019adversaire ou l\u2019ennemie qui se trouve en face de nous, qui veut tripatouiller la constitution guin\u00e9enne afin de satisfaire ses sales besognes, a la peur au ventre<\/em>\u00bb, a expliqu\u00e9 ce membre du FNDC, visiblement tr\u00e8s en col\u00e8re.<\/p>\n<h2><strong>Une justice \u00e0 deux vitesses<\/strong><\/h2>\n<p>S\u00e9kou Koundouno \u00abd\u00e9nonce une justice \u00e0 deux vitesses\u00bb . Il a en plus compar\u00e9 ce cas avec celui qui s&rsquo;est produit recement \u00e0 Coyah, o\u00f9 certains opposants au troisi\u00e8me mandat ont \u00e9t\u00e9 purement et simplement relax\u00e9s par la justice.\u00a0 \u00ab<em>\u00a0Il faudrait comprendre que des efforts ont \u00e9t\u00e9 faites par l\u2019actuel ministre de la Justice mais malgr\u00e9 cela, certains magistrats veulent toujours rester aux ordres.<\/em> Mais ce que nous pouvons vous rassurer, c\u2019est que le collectif des avocats du Front National pour la D\u00e9fense de la Constitution est en train de d\u00e9monter cette parodie de justice afin de r\u00e9tablir nos camarades et honn\u00eates citoyens dans leurs droits pour que la lutte puisse continuer \u00bb, a fait savoir S\u00e9kou Koundouno.<\/p>\n<p>Pour lui, ces actes ne sont que pures intimidations et ne freineront pas l\u2019\u00e9lan d\u00e9j\u00e0 trac\u00e9. \u00ab C<em>es intimidations, ces condamnations, ces menaces ne feront que remobiliser la troupe du FNDC .<br \/>\nLe Professeur Alpha Cond\u00e9 ne passera pas une seule nuit\u00a0 au Palais S\u00e9khoutour\u00e9yah\u00a0apr\u00e8s le 21 d\u00e9cembre 2020, car des dispositions drastiques sont en cours afin de trouver un autre locataire \u00e0 ce Palais <\/em>\u00bb, a pr\u00e9venu S\u00e9kou Koundouno.<\/p>\n","protected":false},"excerpt":{"rendered":"<p>Le Front National pour la D\u00e9fense de la Constitution r\u00e9agi \u00e0 la condamnation des militants anti-troisi\u00e8me mandat \u00e0 Kindia et parle d\u2019une justice exp\u00e9ditive<\/p>\n","protected":false},"author":16,"featured_media":28527,"comment_status":"closed","ping_status":"closed","sticky":false,"template":"","format":"standard","meta":{"_exactmetrics_skip_tracking":false,"_exactmetrics_sitenote_active":false,"_exactmetrics_sitenote_note":"","_exactmetrics_sitenote_category":0,"tdm_status":"","tdm_grid_status":"","footnotes":""},"categories":[14],"tags":[437,41,54,436,438],"class_list":{"0":"post-28526","1":"post","2":"type-post","3":"status-publish","4":"format-standard","5":"has-post-thumbnail","7":"category-politique","8":"tag-anti-troisieme-mandant","9":"tag-guinee","10":"tag-kindia","11":"tag-manisfestants","12":"tag-sekou-koundouno"},"yoast_head":"<!-- This site is optimized with the Yoast SEO plugin v24.2 - https:\/\/yoast.com\/wordpress\/plugins\/seo\/ -->\n<title>Kindia: le FNDC s&#039;indigne apr\u00e8s la condamnation des manifestants anti-troisi\u00e8me mandat | Guin\u00e9e Diversit\u00e9<\/title>\n<meta name=\"description\" content=\"Le Front National pour la D\u00e9fense de la Constitution r\u00e9agi \u00e0 la condamnation des militants anti-troisi\u00e8me mandat \u00e0 Kindia et parle d\u2019une justice exp\u00e9ditive.\" \/>\n<meta name=\"robots\" content=\"index, follow, max-snippet:-1, max-image-preview:large, max-video-preview:-1\" \/>\n<link rel=\"canonical\" href=\"https:\/\/guineediversite.com\/index.php\/2019\/05\/08\/kindia-le-fndc-sindigne-apres-la-condamnation-des-manifestants-anti-3eme-mandat\/\" \/>\n<meta property=\"og:locale\" content=\"fr_FR\" \/>\n<meta property=\"og:type\" content=\"article\" \/>\n<meta property=\"og:title\" content=\"Kindia: le FNDC s&#039;indigne apr\u00e8s la condamnation des manifestants anti-troisi\u00e8me mandat | Guin\u00e9e Diversit\u00e9\" \/>\n<meta property=\"og:description\" content=\"Le Front National pour la D\u00e9fense de la Constitution r\u00e9agi \u00e0 la condamnation des militants anti-troisi\u00e8me mandat \u00e0 Kindia et parle d\u2019une justice exp\u00e9ditive.\" \/>\n<meta property=\"og:url\" content=\"https:\/\/guineediversite.com\/index.php\/2019\/05\/08\/kindia-le-fndc-sindigne-apres-la-condamnation-des-manifestants-anti-3eme-mandat\/\" \/>\n<meta property=\"og:site_name\" content=\"Guin\u00e9e Diversit\u00e9\" \/>\n<meta property=\"article:publisher\" content=\"https:\/\/www.facebook.com\/guineediversite\/\" \/>\n<meta property=\"article:published_time\" content=\"2019-05-08T15:38:15+00:00\" \/>\n<meta property=\"article:modified_time\" content=\"2019-05-09T00:03:52+00:00\" \/>\n<meta property=\"og:image\" content=\"https:\/\/guineediversite.com\/wp-content\/uploads\/2019\/05\/KOUND.jpg\" \/>\n\t<meta property=\"og:image:width\" content=\"1617\" \/>\n\t<meta property=\"og:image:height\" content=\"1024\" \/>\n\t<meta property=\"og:image:type\" content=\"image\/jpeg\" \/>\n<meta name=\"author\" content=\"Moussa Mo\u00efse K\u00e9ita\" \/>\n<meta name=\"twitter:card\" content=\"summary_large_image\" \/>\n<meta name=\"twitter:creator\" content=\"@GuineeDiversite\" \/>\n<meta name=\"twitter:site\" content=\"@GuineeDiversite\" \/>\n<meta name=\"twitter:label1\" content=\"\u00c9crit par\" \/>\n\t<meta name=\"twitter:data1\" content=\"Moussa Mo\u00efse K\u00e9ita\" \/>\n\t<meta name=\"twitter:label2\" content=\"Dur\u00e9e de lecture estim\u00e9e\" \/>\n\t<meta name=\"twitter:data2\" content=\"2 minutes\" \/>\n<script type=\"application\/ld+json\" class=\"yoast-schema-graph\">{\"@context\":\"https:\/\/schema.org\",\"@graph\":[{\"@type\":\"Article\",\"@id\":\"https:\/\/guineediversite.com\/index.php\/2019\/05\/08\/kindia-le-fndc-sindigne-apres-la-condamnation-des-manifestants-anti-3eme-mandat\/#article\",\"isPartOf\":{\"@id\":\"https:\/\/guineediversite.com\/index.php\/2019\/05\/08\/kindia-le-fndc-sindigne-apres-la-condamnation-des-manifestants-anti-3eme-mandat\/\"},\"author\":{\"name\":\"Moussa Mo\u00efse K\u00e9ita\",\"@id\":\"https:\/\/guineediversite.com\/#\/schema\/person\/079ec347f72d2acde4b56a50a4fd46dc\"},\"headline\":\"Kindia: le FNDC s&rsquo;indigne apr\u00e8s la condamnation des manifestants anti-troisi\u00e8me mandat\",\"datePublished\":\"2019-05-08T15:38:15+00:00\",\"dateModified\":\"2019-05-09T00:03:52+00:00\",\"mainEntityOfPage\":{\"@id\":\"https:\/\/guineediversite.com\/index.php\/2019\/05\/08\/kindia-le-fndc-sindigne-apres-la-condamnation-des-manifestants-anti-3eme-mandat\/\"},\"wordCount\":481,\"publisher\":{\"@id\":\"https:\/\/guineediversite.com\/#organization\"},\"image\":{\"@id\":\"https:\/\/guineediversite.com\/index.php\/2019\/05\/08\/kindia-le-fndc-sindigne-apres-la-condamnation-des-manifestants-anti-3eme-mandat\/#primaryimage\"},\"thumbnailUrl\":\"https:\/\/guineediversite.com\/wp-content\/uploads\/2019\/05\/KOUND.jpg\",\"keywords\":[\"Anti-troisi\u00e8me mandant\",\"Guin\u00e9e\",\"Kindia\",\"Manisfestants\",\"S\u00e9kou Koundouno\"],\"articleSection\":[\"Politique\"],\"inLanguage\":\"fr-FR\"},{\"@type\":\"WebPage\",\"@id\":\"https:\/\/guineediversite.com\/index.php\/2019\/05\/08\/kindia-le-fndc-sindigne-apres-la-condamnation-des-manifestants-anti-3eme-mandat\/\",\"url\":\"https:\/\/guineediversite.com\/index.php\/2019\/05\/08\/kindia-le-fndc-sindigne-apres-la-condamnation-des-manifestants-anti-3eme-mandat\/\",\"name\":\"Kindia: le FNDC s'indigne apr\u00e8s la condamnation des manifestants anti-troisi\u00e8me mandat | Guin\u00e9e Diversit\u00e9\",\"isPartOf\":{\"@id\":\"https:\/\/guineediversite.com\/#website\"},\"primaryImageOfPage\":{\"@id\":\"https:\/\/guineediversite.com\/index.php\/2019\/05\/08\/kindia-le-fndc-sindigne-apres-la-condamnation-des-manifestants-anti-3eme-mandat\/#primaryimage\"},\"image\":{\"@id\":\"https:\/\/guineediversite.com\/index.php\/2019\/05\/08\/kindia-le-fndc-sindigne-apres-la-condamnation-des-manifestants-anti-3eme-mandat\/#primaryimage\"},\"thumbnailUrl\":\"https:\/\/guineediversite.com\/wp-content\/uploads\/2019\/05\/KOUND.jpg\",\"datePublished\":\"2019-05-08T15:38:15+00:00\",\"dateModified\":\"2019-05-09T00:03:52+00:00\",\"description\":\"Le Front National pour la D\u00e9fense de la Constitution r\u00e9agi \u00e0 la condamnation des militants anti-troisi\u00e8me mandat \u00e0 Kindia et parle d\u2019une justice exp\u00e9ditive.\",\"breadcrumb\":{\"@id\":\"https:\/\/guineediversite.com\/index.php\/2019\/05\/08\/kindia-le-fndc-sindigne-apres-la-condamnation-des-manifestants-anti-3eme-mandat\/#breadcrumb\"},\"inLanguage\":\"fr-FR\",\"potentialAction\":[{\"@type\":\"ReadAction\",\"target\":[\"https:\/\/guineediversite.com\/index.php\/2019\/05\/08\/kindia-le-fndc-sindigne-apres-la-condamnation-des-manifestants-anti-3eme-mandat\/\"]}]},{\"@type\":\"ImageObject\",\"inLanguage\":\"fr-FR\",\"@id\":\"https:\/\/guineediversite.com\/index.php\/2019\/05\/08\/kindia-le-fndc-sindigne-apres-la-condamnation-des-manifestants-anti-3eme-mandat\/#primaryimage\",\"url\":\"https:\/\/guineediversite.com\/wp-content\/uploads\/2019\/05\/KOUND.jpg\",\"contentUrl\":\"https:\/\/guineediversite.com\/wp-content\/uploads\/2019\/05\/KOUND.jpg\",\"width\":1617,\"height\":1024,\"caption\":\"Le Front National pour la D\u00e9fense de la Constitution au sortir d'une r\u00e9union.\"},{\"@type\":\"BreadcrumbList\",\"@id\":\"https:\/\/guineediversite.com\/index.php\/2019\/05\/08\/kindia-le-fndc-sindigne-apres-la-condamnation-des-manifestants-anti-3eme-mandat\/#breadcrumb\",\"itemListElement\":[{\"@type\":\"ListItem\",\"position\":1,\"name\":\"Accueil\",\"item\":\"https:\/\/guineediversite.com\/\"},{\"@type\":\"ListItem\",\"position\":2,\"name\":\"Kindia: le FNDC s&rsquo;indigne apr\u00e8s la condamnation des manifestants anti-troisi\u00e8me mandat\"}]},{\"@type\":\"WebSite\",\"@id\":\"https:\/\/guineediversite.com\/#website\",\"url\":\"https:\/\/guineediversite.com\/\",\"name\":\"Guin\u00e9e Diversit\u00e9\",\"description\":\"L&#039;Info dans toute sa diversit\u00e9\",\"publisher\":{\"@id\":\"https:\/\/guineediversite.com\/#organization\"},\"potentialAction\":[{\"@type\":\"SearchAction\",\"target\":{\"@type\":\"EntryPoint\",\"urlTemplate\":\"https:\/\/guineediversite.com\/?s={search_term_string}\"},\"query-input\":{\"@type\":\"PropertyValueSpecification\",\"valueRequired\":true,\"valueName\":\"search_term_string\"}}],\"inLanguage\":\"fr-FR\"},{\"@type\":\"Organization\",\"@id\":\"https:\/\/guineediversite.com\/#organization\",\"name\":\"Guin\u00e9e Diversit\u00e9\",\"url\":\"https:\/\/guineediversite.com\/\",\"logo\":{\"@type\":\"ImageObject\",\"inLanguage\":\"fr-FR\",\"@id\":\"https:\/\/guineediversite.com\/#\/schema\/logo\/image\/\",\"url\":\"https:\/\/guineediversite.com\/wp-content\/uploads\/2017\/04\/cropped-1jojlxEOMkX9Wyqfhe43D6kjPOGqBBKmx3EwWJqZ0cMrFF54yM49.png\",\"contentUrl\":\"https:\/\/guineediversite.com\/wp-content\/uploads\/2017\/04\/cropped-1jojlxEOMkX9Wyqfhe43D6kjPOGqBBKmx3EwWJqZ0cMrFF54yM49.png\",\"width\":186,\"height\":112,\"caption\":\"Guin\u00e9e Diversit\u00e9\"},\"image\":{\"@id\":\"https:\/\/guineediversite.com\/#\/schema\/logo\/image\/\"},\"sameAs\":[\"https:\/\/www.facebook.com\/guineediversite\/\",\"https:\/\/x.com\/GuineeDiversite\",\"https:\/\/www.youtube.com\/channel\/UC8sUY16qelG5ge6_D5SB83g\"]},{\"@type\":\"Person\",\"@id\":\"https:\/\/guineediversite.com\/#\/schema\/person\/079ec347f72d2acde4b56a50a4fd46dc\",\"name\":\"Moussa Mo\u00efse K\u00e9ita\",\"image\":{\"@type\":\"ImageObject\",\"inLanguage\":\"fr-FR\",\"@id\":\"https:\/\/guineediversite.com\/#\/schema\/person\/image\/\",\"url\":\"https:\/\/secure.gravatar.com\/avatar\/edf1ea2cc01841e6c0b49384bcb1385b?s=96&d=mm&r=g\",\"contentUrl\":\"https:\/\/secure.gravatar.com\/avatar\/edf1ea2cc01841e6c0b49384bcb1385b?s=96&d=mm&r=g\",\"caption\":\"Moussa Mo\u00efse K\u00e9ita\"},\"url\":\"https:\/\/guineediversite.com\/index.php\/author\/moussa-moise\/\"}]}<\/script>\n<!-- \/ Yoast SEO plugin. -->","yoast_head_json":{"title":"Kindia: le FNDC s'indigne apr\u00e8s la condamnation des manifestants anti-troisi\u00e8me mandat | Guin\u00e9e Diversit\u00e9","description":"Le Front National pour la D\u00e9fense de la Constitution r\u00e9agi \u00e0 la condamnation des militants anti-troisi\u00e8me mandat \u00e0 Kindia et parle d\u2019une justice exp\u00e9ditive.","robots":{"index":"index","follow":"follow","max-snippet":"max-snippet:-1","max-image-preview":"max-image-preview:large","max-video-preview":"max-video-preview:-1"},"canonical":"https:\/\/guineediversite.com\/index.php\/2019\/05\/08\/kindia-le-fndc-sindigne-apres-la-condamnation-des-manifestants-anti-3eme-mandat\/","og_locale":"fr_FR","og_type":"article","og_title":"Kindia: le FNDC s'indigne apr\u00e8s la condamnation des manifestants anti-troisi\u00e8me mandat | Guin\u00e9e Diversit\u00e9","og_description":"Le Front National pour la D\u00e9fense de la Constitution r\u00e9agi \u00e0 la condamnation des militants anti-troisi\u00e8me mandat \u00e0 Kindia et parle d\u2019une justice exp\u00e9ditive.","og_url":"https:\/\/guineediversite.com\/index.php\/2019\/05\/08\/kindia-le-fndc-sindigne-apres-la-condamnation-des-manifestants-anti-3eme-mandat\/","og_site_name":"Guin\u00e9e Diversit\u00e9","article_publisher":"https:\/\/www.facebook.com\/guineediversite\/","article_published_time":"2019-05-08T15:38:15+00:00","article_modified_time":"2019-05-09T00:03:52+00:00","og_image":[{"width":1617,"height":1024,"url":"https:\/\/guineediversite.com\/wp-content\/uploads\/2019\/05\/KOUND.jpg","type":"image\/jpeg"}],"author":"Moussa Mo\u00efse K\u00e9ita","twitter_card":"summary_large_image","twitter_creator":"@GuineeDiversite","twitter_site":"@GuineeDiversite","twitter_misc":{"\u00c9crit par":"Moussa Mo\u00efse K\u00e9ita","Dur\u00e9e de lecture estim\u00e9e":"2 minutes"},"schema":{"@context":"https:\/\/schema.org","@graph":[{"@type":"Article","@id":"https:\/\/guineediversite.com\/index.php\/2019\/05\/08\/kindia-le-fndc-sindigne-apres-la-condamnation-des-manifestants-anti-3eme-mandat\/#article","isPartOf":{"@id":"https:\/\/guineediversite.com\/index.php\/2019\/05\/08\/kindia-le-fndc-sindigne-apres-la-condamnation-des-manifestants-anti-3eme-mandat\/"},"author":{"name":"Moussa Mo\u00efse K\u00e9ita","@id":"https:\/\/guineediversite.com\/#\/schema\/person\/079ec347f72d2acde4b56a50a4fd46dc"},"headline":"Kindia: le FNDC s&rsquo;indigne apr\u00e8s la condamnation des manifestants anti-troisi\u00e8me mandat","datePublished":"2019-05-08T15:38:15+00:00","dateModified":"2019-05-09T00:03:52+00:00","mainEntityOfPage":{"@id":"https:\/\/guineediversite.com\/index.php\/2019\/05\/08\/kindia-le-fndc-sindigne-apres-la-condamnation-des-manifestants-anti-3eme-mandat\/"},"wordCount":481,"publisher":{"@id":"https:\/\/guineediversite.com\/#organization"},"image":{"@id":"https:\/\/guineediversite.com\/index.php\/2019\/05\/08\/kindia-le-fndc-sindigne-apres-la-condamnation-des-manifestants-anti-3eme-mandat\/#primaryimage"},"thumbnailUrl":"https:\/\/guineediversite.com\/wp-content\/uploads\/2019\/05\/KOUND.jpg","keywords":["Anti-troisi\u00e8me mandant","Guin\u00e9e","Kindia","Manisfestants","S\u00e9kou Koundouno"],"articleSection":["Politique"],"inLanguage":"fr-FR"},{"@type":"WebPage","@id":"https:\/\/guineediversite.com\/index.php\/2019\/05\/08\/kindia-le-fndc-sindigne-apres-la-condamnation-des-manifestants-anti-3eme-mandat\/","url":"https:\/\/guineediversite.com\/index.php\/2019\/05\/08\/kindia-le-fndc-sindigne-apres-la-condamnation-des-manifestants-anti-3eme-mandat\/","name":"Kindia: le FNDC s'indigne apr\u00e8s la condamnation des manifestants anti-troisi\u00e8me mandat | Guin\u00e9e Diversit\u00e9","isPartOf":{"@id":"https:\/\/guineediversite.com\/#website"},"primaryImageOfPage":{"@id":"https:\/\/guineediversite.com\/index.php\/2019\/05\/08\/kindia-le-fndc-sindigne-apres-la-condamnation-des-manifestants-anti-3eme-mandat\/#primaryimage"},"image":{"@id":"https:\/\/guineediversite.com\/index.php\/2019\/05\/08\/kindia-le-fndc-sindigne-apres-la-condamnation-des-manifestants-anti-3eme-mandat\/#primaryimage"},"thumbnailUrl":"https:\/\/guineediversite.com\/wp-content\/uploads\/2019\/05\/KOUND.jpg","datePublished":"2019-05-08T15:38:15+00:00","dateModified":"2019-05-09T00:03:52+00:00","description":"Le Front National pour la D\u00e9fense de la Constitution r\u00e9agi \u00e0 la condamnation des militants anti-troisi\u00e8me mandat \u00e0 Kindia et parle d\u2019une justice exp\u00e9ditive.","breadcrumb":{"@id":"https:\/\/guineediversite.com\/index.php\/2019\/05\/08\/kindia-le-fndc-sindigne-apres-la-condamnation-des-manifestants-anti-3eme-mandat\/#breadcrumb"},"inLanguage":"fr-FR","potentialAction":[{"@type":"ReadAction","target":["https:\/\/guineediversite.com\/index.php\/2019\/05\/08\/kindia-le-fndc-sindigne-apres-la-condamnation-des-manifestants-anti-3eme-mandat\/"]}]},{"@type":"ImageObject","inLanguage":"fr-FR","@id":"https:\/\/guineediversite.com\/index.php\/2019\/05\/08\/kindia-le-fndc-sindigne-apres-la-condamnation-des-manifestants-anti-3eme-mandat\/#primaryimage","url":"https:\/\/guineediversite.com\/wp-content\/uploads\/2019\/05\/KOUND.jpg","contentUrl":"https:\/\/guineediversite.com\/wp-content\/uploads\/2019\/05\/KOUND.jpg","width":1617,"height":1024,"caption":"Le Front National pour la D\u00e9fense de la Constitution au sortir d'une r\u00e9union."},{"@type":"BreadcrumbList","@id":"https:\/\/guineediversite.com\/index.php\/2019\/05\/08\/kindia-le-fndc-sindigne-apres-la-condamnation-des-manifestants-anti-3eme-mandat\/#breadcrumb","itemListElement":[{"@type":"ListItem","position":1,"name":"Accueil","item":"https:\/\/guineediversite.com\/"},{"@type":"ListItem","position":2,"name":"Kindia: le FNDC s&rsquo;indigne apr\u00e8s la condamnation des manifestants anti-troisi\u00e8me mandat"}]},{"@type":"WebSite","@id":"https:\/\/guineediversite.com\/#website","url":"https:\/\/guineediversite.com\/","name":"Guin\u00e9e Diversit\u00e9","description":"L&#039;Info dans toute sa diversit\u00e9","publisher":{"@id":"https:\/\/guineediversite.com\/#organization"},"potentialAction":[{"@type":"SearchAction","target":{"@type":"EntryPoint","urlTemplate":"https:\/\/guineediversite.com\/?s={search_term_string}"},"query-input":{"@type":"PropertyValueSpecification","valueRequired":true,"valueName":"search_term_string"}}],"inLanguage":"fr-FR"},{"@type":"Organization","@id":"https:\/\/guineediversite.com\/#organization","name":"Guin\u00e9e Diversit\u00e9","url":"https:\/\/guineediversite.com\/","logo":{"@type":"ImageObject","inLanguage":"fr-FR","@id":"https:\/\/guineediversite.com\/#\/schema\/logo\/image\/","url":"https:\/\/guineediversite.com\/wp-content\/uploads\/2017\/04\/cropped-1jojlxEOMkX9Wyqfhe43D6kjPOGqBBKmx3EwWJqZ0cMrFF54yM49.png","contentUrl":"https:\/\/guineediversite.com\/wp-content\/uploads\/2017\/04\/cropped-1jojlxEOMkX9Wyqfhe43D6kjPOGqBBKmx3EwWJqZ0cMrFF54yM49.png","width":186,"height":112,"caption":"Guin\u00e9e Diversit\u00e9"},"image":{"@id":"https:\/\/guineediversite.com\/#\/schema\/logo\/image\/"},"sameAs":["https:\/\/www.facebook.com\/guineediversite\/","https:\/\/x.com\/GuineeDiversite","https:\/\/www.youtube.com\/channel\/UC8sUY16qelG5ge6_D5SB83g"]},{"@type":"Person","@id":"https:\/\/guineediversite.com\/#\/schema\/person\/079ec347f72d2acde4b56a50a4fd46dc","name":"Moussa Mo\u00efse K\u00e9ita","image":{"@type":"ImageObject","inLanguage":"fr-FR","@id":"https:\/\/guineediversite.com\/#\/schema\/person\/image\/","url":"https:\/\/secure.gravatar.com\/avatar\/edf1ea2cc01841e6c0b49384bcb1385b?s=96&d=mm&r=g","contentUrl":"https:\/\/secure.gravatar.com\/avatar\/edf1ea2cc01841e6c0b49384bcb1385b?s=96&d=mm&r=g","caption":"Moussa Mo\u00efse K\u00e9ita"},"url":"https:\/\/guineediversite.com\/index.php\/author\/moussa-moise\/"}]}},"_links":{"self":[{"href":"https:\/\/guineediversite.com\/index.php\/wp-json\/wp\/v2\/posts\/28526"}],"collection":[{"href":"https:\/\/guineediversite.com\/index.php\/wp-json\/wp\/v2\/posts"}],"about":[{"href":"https:\/\/guineediversite.com\/index.php\/wp-json\/wp\/v2\/types\/post"}],"author":[{"embeddable":true,"href":"https:\/\/guineediversite.com\/index.php\/wp-json\/wp\/v2\/users\/16"}],"replies":[{"embeddable":true,"href":"https:\/\/guineediversite.com\/index.php\/wp-json\/wp\/v2\/comments?post=28526"}],"version-history":[{"count":0,"href":"https:\/\/guineediversite.com\/index.php\/wp-json\/wp\/v2\/posts\/28526\/revisions"}],"wp:featuredmedia":[{"embeddable":true,"href":"https:\/\/guineediversite.com\/index.php\/wp-json\/wp\/v2\/media\/28527"}],"wp:attachment":[{"href":"https:\/\/guineediversite.com\/index.php\/wp-json\/wp\/v2\/media?parent=28526"}],"wp:term":[{"taxonomy":"category","embeddable":true,"href":"https:\/\/guineediversite.com\/index.php\/wp-json\/wp\/v2\/categories?post=28526"},{"taxonomy":"post_tag","embeddable":true,"href":"https:\/\/guineediversite.com\/index.php\/wp-json\/wp\/v2\/tags?post=28526"}],"curies":[{"name":"wp","href":"https:\/\/api.w.org\/{rel}","templated":true}]}}