{"id":28519,"date":"2019-05-08T12:10:46","date_gmt":"2019-05-08T10:10:46","guid":{"rendered":"https:\/\/guineediversite.com\/?p=28519"},"modified":"2019-05-08T12:10:46","modified_gmt":"2019-05-08T10:10:46","slug":"la-chretienne-pakistanaise-asia-bibi-aurait-quitte-le-pakistan","status":"publish","type":"post","link":"https:\/\/guineediversite.com\/index.php\/2019\/05\/08\/la-chretienne-pakistanaise-asia-bibi-aurait-quitte-le-pakistan\/","title":{"rendered":"La chr\u00e9tienne pakistanaise Asia Bibi aurait quitt\u00e9 le Pakistan"},"content":{"rendered":"<p>La chr\u00e9tienne Asia Bibi aurait quitt\u00e9 le Pakistan et serait, selon son avocat, au Canada. Elle avait \u00e9t\u00e9 acquitt\u00e9e il y a six mois apr\u00e8s avoir \u00e9t\u00e9 condamn\u00e9e \u00e0 mort pour blasph\u00e8me. Une condamnation tr\u00e8s critiqu\u00e9e \u00e0 l&rsquo;international.te<\/p>\n<p>Selon l&rsquo;avocat d&rsquo;Asia Bibi,\u00a0Saif Ul Malook, la jeune femme serait partie au Canada : \u00ab\u00a0<em>J&rsquo;ai interrog\u00e9 les canaux disponibles, et selon eux, elle est partie pour le Canada<\/em>\u00a0\u00bb, a-t-il d\u00e9clar\u00e9. Les m\u00e9dias pakistanais titrent \u00e9galement sur son d\u00e9part du pays, mais pour le moment, aucune preuve ne vient encore confirmer ces informations. C&rsquo;est que la s\u00e9curit\u00e9 de cette chr\u00e9tienne pakistanaise est en jeu. Blanchie par la justice, mais condamn\u00e9e par la rue, Asia Bibi \u00e9tait devenue la cible des milieux religieux fondamentalistes qui appelaient de longue date \u00e0 l&rsquo;ex\u00e9cution de la chr\u00e9tienne.<\/p>\n<p>En 2009, Asia Bibi avait \u00e9t\u00e9 arr\u00eat\u00e9e, emprisonn\u00e9e, accus\u00e9e d&rsquo;insultes envers le proph\u00e8te Mahomet pour des faits survenues dans un champ alors qu&rsquo;elle r\u00e9coltait des baies et qu&rsquo;elle faisait une pause pour se d\u00e9salt\u00e9rer. Une dispute \u00e9clate entre Asia Bibi, la chr\u00e9tienne, et les autres paysannes pr\u00e9sentes ce jour-l\u00e0 qui sont musulmanes. \u00ab\u00a0<em>Comment oses-tu souiller l&rsquo;eau du puits, on ne peut pas boire \u00e0 la m\u00eame source que toi.\u00a0<\/em>\u00bb Voil\u00e0 le blasph\u00e8me dont elle est accus\u00e9e. S&rsquo;ensuit un bras de fer judiciaire.<\/p>\n<p>Un an plus tard, en premi\u00e8re instance, elle est condamn\u00e9e \u00e0 mort.\u00a0En 2011, le puissant gouverneur de la r\u00e9gion du Pendjab est assassin\u00e9 par son propre garde du corps pour avoir d\u00e9nonc\u00e9 la loi anti-blasph\u00e8me et demand\u00e9 la cl\u00e9mence pour Asia Bibi. Aux yeux des islamistes, la chr\u00e9tienne est responsable de la mort de ce garde du corps qui fut ex\u00e9cut\u00e9 pour le crime commis.\u00a0Acquitt\u00e9e en f\u00e9vrier dernier par la Cour supr\u00eame, la question de l&rsquo;exfiltration du pays de la chr\u00e9tienne pakistanaise \u00e9tait\u00a0<a href=\"http:\/\/www.rfi.fr\/asie-pacifique\/20190130-pakistan-asia-bibi-blaspheme-justice-exfiltration-canada\"><strong>un secret bien gard\u00e9<\/strong><\/a>.<\/p>\n<p><strong>RFI<\/strong><\/p>\n","protected":false},"excerpt":{"rendered":"<p>La chr\u00e9tienne Asia Bibi aurait quitt\u00e9 le Pakistan et serait, selon son avocat, au Canada. Elle avait \u00e9t\u00e9 acquitt\u00e9e il y a six mois apr\u00e8s avoir \u00e9t\u00e9 condamn\u00e9e \u00e0 mort pour blasph\u00e8me. Une condamnation tr\u00e8s critiqu\u00e9e \u00e0 l&rsquo;international.te Selon l&rsquo;avocat d&rsquo;Asia Bibi,\u00a0Saif Ul Malook, la jeune femme serait partie au Canada : \u00ab\u00a0J&rsquo;ai interrog\u00e9 les [&hellip;]<\/p>\n","protected":false},"author":12,"featured_media":28522,"comment_status":"closed","ping_status":"closed","sticky":false,"template":"","format":"standard","meta":{"_exactmetrics_skip_tracking":false,"_exactmetrics_sitenote_active":false,"_exactmetrics_sitenote_note":"","_exactmetrics_sitenote_category":0,"tdm_status":"","tdm_grid_status":"","footnotes":""},"categories":[21],"tags":[],"class_list":{"0":"post-28519","1":"post","2":"type-post","3":"status-publish","4":"format-standard","5":"has-post-thumbnail","7":"category-international"},"yoast_head":"<!-- This site is optimized with the Yoast SEO plugin v24.2 - https:\/\/yoast.com\/wordpress\/plugins\/seo\/ -->\n<title>La chr\u00e9tienne pakistanaise Asia Bibi aurait quitt\u00e9 le Pakistan | Guin\u00e9e Diversit\u00e9<\/title>\n<meta name=\"robots\" content=\"index, follow, max-snippet:-1, max-image-preview:large, max-video-preview:-1\" \/>\n<link rel=\"canonical\" href=\"https:\/\/guineediversite.com\/index.php\/2019\/05\/08\/la-chretienne-pakistanaise-asia-bibi-aurait-quitte-le-pakistan\/\" \/>\n<meta property=\"og:locale\" content=\"fr_FR\" \/>\n<meta property=\"og:type\" content=\"article\" \/>\n<meta property=\"og:title\" content=\"La chr\u00e9tienne pakistanaise Asia Bibi aurait quitt\u00e9 le Pakistan | Guin\u00e9e Diversit\u00e9\" \/>\n<meta property=\"og:description\" content=\"La chr\u00e9tienne Asia Bibi aurait quitt\u00e9 le Pakistan et serait, selon son avocat, au Canada. Elle avait \u00e9t\u00e9 acquitt\u00e9e il y a six mois apr\u00e8s avoir \u00e9t\u00e9 condamn\u00e9e \u00e0 mort pour blasph\u00e8me. Une condamnation tr\u00e8s critiqu\u00e9e \u00e0 l&rsquo;international.te Selon l&rsquo;avocat d&rsquo;Asia Bibi,\u00a0Saif Ul Malook, la jeune femme serait partie au Canada : \u00ab\u00a0J&rsquo;ai interrog\u00e9 les [&hellip;]\" \/>\n<meta property=\"og:url\" content=\"https:\/\/guineediversite.com\/index.php\/2019\/05\/08\/la-chretienne-pakistanaise-asia-bibi-aurait-quitte-le-pakistan\/\" \/>\n<meta property=\"og:site_name\" content=\"Guin\u00e9e Diversit\u00e9\" \/>\n<meta property=\"article:publisher\" content=\"https:\/\/www.facebook.com\/guineediversite\/\" \/>\n<meta property=\"article:published_time\" content=\"2019-05-08T10:10:46+00:00\" \/>\n<meta property=\"og:image\" content=\"https:\/\/guineediversite.com\/wp-content\/uploads\/2019\/05\/PAK-2.jpg\" \/>\n\t<meta property=\"og:image:width\" content=\"1024\" \/>\n\t<meta property=\"og:image:height\" content=\"578\" \/>\n\t<meta property=\"og:image:type\" content=\"image\/jpeg\" \/>\n<meta name=\"author\" content=\"Guin\u00e9e Diversit\u00e9\" \/>\n<meta name=\"twitter:card\" content=\"summary_large_image\" \/>\n<meta name=\"twitter:creator\" content=\"@GuineeDiversite\" \/>\n<meta name=\"twitter:site\" content=\"@GuineeDiversite\" \/>\n<meta name=\"twitter:label1\" content=\"\u00c9crit par\" \/>\n\t<meta name=\"twitter:data1\" content=\"Guin\u00e9e Diversit\u00e9\" \/>\n\t<meta name=\"twitter:label2\" content=\"Dur\u00e9e de lecture estim\u00e9e\" \/>\n\t<meta name=\"twitter:data2\" content=\"2 minutes\" \/>\n<script type=\"application\/ld+json\" class=\"yoast-schema-graph\">{\"@context\":\"https:\/\/schema.org\",\"@graph\":[{\"@type\":\"Article\",\"@id\":\"https:\/\/guineediversite.com\/index.php\/2019\/05\/08\/la-chretienne-pakistanaise-asia-bibi-aurait-quitte-le-pakistan\/#article\",\"isPartOf\":{\"@id\":\"https:\/\/guineediversite.com\/index.php\/2019\/05\/08\/la-chretienne-pakistanaise-asia-bibi-aurait-quitte-le-pakistan\/\"},\"author\":{\"name\":\"Guin\u00e9e Diversit\u00e9\",\"@id\":\"https:\/\/guineediversite.com\/#\/schema\/person\/afa08fb34e7fc6e1feafc892612bc836\"},\"headline\":\"La chr\u00e9tienne pakistanaise Asia Bibi aurait quitt\u00e9 le Pakistan\",\"datePublished\":\"2019-05-08T10:10:46+00:00\",\"dateModified\":\"2019-05-08T10:10:46+00:00\",\"mainEntityOfPage\":{\"@id\":\"https:\/\/guineediversite.com\/index.php\/2019\/05\/08\/la-chretienne-pakistanaise-asia-bibi-aurait-quitte-le-pakistan\/\"},\"wordCount\":358,\"publisher\":{\"@id\":\"https:\/\/guineediversite.com\/#organization\"},\"image\":{\"@id\":\"https:\/\/guineediversite.com\/index.php\/2019\/05\/08\/la-chretienne-pakistanaise-asia-bibi-aurait-quitte-le-pakistan\/#primaryimage\"},\"thumbnailUrl\":\"https:\/\/guineediversite.com\/wp-content\/uploads\/2019\/05\/PAK-2.jpg\",\"articleSection\":[\"International\"],\"inLanguage\":\"fr-FR\"},{\"@type\":\"WebPage\",\"@id\":\"https:\/\/guineediversite.com\/index.php\/2019\/05\/08\/la-chretienne-pakistanaise-asia-bibi-aurait-quitte-le-pakistan\/\",\"url\":\"https:\/\/guineediversite.com\/index.php\/2019\/05\/08\/la-chretienne-pakistanaise-asia-bibi-aurait-quitte-le-pakistan\/\",\"name\":\"La chr\u00e9tienne pakistanaise Asia Bibi aurait quitt\u00e9 le Pakistan | Guin\u00e9e Diversit\u00e9\",\"isPartOf\":{\"@id\":\"https:\/\/guineediversite.com\/#website\"},\"primaryImageOfPage\":{\"@id\":\"https:\/\/guineediversite.com\/index.php\/2019\/05\/08\/la-chretienne-pakistanaise-asia-bibi-aurait-quitte-le-pakistan\/#primaryimage\"},\"image\":{\"@id\":\"https:\/\/guineediversite.com\/index.php\/2019\/05\/08\/la-chretienne-pakistanaise-asia-bibi-aurait-quitte-le-pakistan\/#primaryimage\"},\"thumbnailUrl\":\"https:\/\/guineediversite.com\/wp-content\/uploads\/2019\/05\/PAK-2.jpg\",\"datePublished\":\"2019-05-08T10:10:46+00:00\",\"dateModified\":\"2019-05-08T10:10:46+00:00\",\"breadcrumb\":{\"@id\":\"https:\/\/guineediversite.com\/index.php\/2019\/05\/08\/la-chretienne-pakistanaise-asia-bibi-aurait-quitte-le-pakistan\/#breadcrumb\"},\"inLanguage\":\"fr-FR\",\"potentialAction\":[{\"@type\":\"ReadAction\",\"target\":[\"https:\/\/guineediversite.com\/index.php\/2019\/05\/08\/la-chretienne-pakistanaise-asia-bibi-aurait-quitte-le-pakistan\/\"]}]},{\"@type\":\"ImageObject\",\"inLanguage\":\"fr-FR\",\"@id\":\"https:\/\/guineediversite.com\/index.php\/2019\/05\/08\/la-chretienne-pakistanaise-asia-bibi-aurait-quitte-le-pakistan\/#primaryimage\",\"url\":\"https:\/\/guineediversite.com\/wp-content\/uploads\/2019\/05\/PAK-2.jpg\",\"contentUrl\":\"https:\/\/guineediversite.com\/wp-content\/uploads\/2019\/05\/PAK-2.jpg\",\"width\":1024,\"height\":578},{\"@type\":\"BreadcrumbList\",\"@id\":\"https:\/\/guineediversite.com\/index.php\/2019\/05\/08\/la-chretienne-pakistanaise-asia-bibi-aurait-quitte-le-pakistan\/#breadcrumb\",\"itemListElement\":[{\"@type\":\"ListItem\",\"position\":1,\"name\":\"Accueil\",\"item\":\"https:\/\/guineediversite.com\/\"},{\"@type\":\"ListItem\",\"position\":2,\"name\":\"La chr\u00e9tienne pakistanaise Asia Bibi aurait quitt\u00e9 le Pakistan\"}]},{\"@type\":\"WebSite\",\"@id\":\"https:\/\/guineediversite.com\/#website\",\"url\":\"https:\/\/guineediversite.com\/\",\"name\":\"Guin\u00e9e Diversit\u00e9\",\"description\":\"L&#039;Info dans toute sa diversit\u00e9\",\"publisher\":{\"@id\":\"https:\/\/guineediversite.com\/#organization\"},\"potentialAction\":[{\"@type\":\"SearchAction\",\"target\":{\"@type\":\"EntryPoint\",\"urlTemplate\":\"https:\/\/guineediversite.com\/?s={search_term_string}\"},\"query-input\":{\"@type\":\"PropertyValueSpecification\",\"valueRequired\":true,\"valueName\":\"search_term_string\"}}],\"inLanguage\":\"fr-FR\"},{\"@type\":\"Organization\",\"@id\":\"https:\/\/guineediversite.com\/#organization\",\"name\":\"Guin\u00e9e Diversit\u00e9\",\"url\":\"https:\/\/guineediversite.com\/\",\"logo\":{\"@type\":\"ImageObject\",\"inLanguage\":\"fr-FR\",\"@id\":\"https:\/\/guineediversite.com\/#\/schema\/logo\/image\/\",\"url\":\"https:\/\/guineediversite.com\/wp-content\/uploads\/2017\/04\/cropped-1jojlxEOMkX9Wyqfhe43D6kjPOGqBBKmx3EwWJqZ0cMrFF54yM49.png\",\"contentUrl\":\"https:\/\/guineediversite.com\/wp-content\/uploads\/2017\/04\/cropped-1jojlxEOMkX9Wyqfhe43D6kjPOGqBBKmx3EwWJqZ0cMrFF54yM49.png\",\"width\":186,\"height\":112,\"caption\":\"Guin\u00e9e Diversit\u00e9\"},\"image\":{\"@id\":\"https:\/\/guineediversite.com\/#\/schema\/logo\/image\/\"},\"sameAs\":[\"https:\/\/www.facebook.com\/guineediversite\/\",\"https:\/\/x.com\/GuineeDiversite\",\"https:\/\/www.youtube.com\/channel\/UC8sUY16qelG5ge6_D5SB83g\"]},{\"@type\":\"Person\",\"@id\":\"https:\/\/guineediversite.com\/#\/schema\/person\/afa08fb34e7fc6e1feafc892612bc836\",\"name\":\"Guin\u00e9e Diversit\u00e9\",\"image\":{\"@type\":\"ImageObject\",\"inLanguage\":\"fr-FR\",\"@id\":\"https:\/\/guineediversite.com\/#\/schema\/person\/image\/\",\"url\":\"https:\/\/secure.gravatar.com\/avatar\/50d5eb5b390f8b65ac30ac6f898eb83a?s=96&d=mm&r=g\",\"contentUrl\":\"https:\/\/secure.gravatar.com\/avatar\/50d5eb5b390f8b65ac30ac6f898eb83a?s=96&d=mm&r=g\",\"caption\":\"Guin\u00e9e Diversit\u00e9\"},\"url\":\"https:\/\/guineediversite.com\/index.php\/author\/guineediversite\/\"}]}<\/script>\n<!-- \/ Yoast SEO plugin. -->","yoast_head_json":{"title":"La chr\u00e9tienne pakistanaise Asia Bibi aurait quitt\u00e9 le Pakistan | Guin\u00e9e Diversit\u00e9","robots":{"index":"index","follow":"follow","max-snippet":"max-snippet:-1","max-image-preview":"max-image-preview:large","max-video-preview":"max-video-preview:-1"},"canonical":"https:\/\/guineediversite.com\/index.php\/2019\/05\/08\/la-chretienne-pakistanaise-asia-bibi-aurait-quitte-le-pakistan\/","og_locale":"fr_FR","og_type":"article","og_title":"La chr\u00e9tienne pakistanaise Asia Bibi aurait quitt\u00e9 le Pakistan | Guin\u00e9e Diversit\u00e9","og_description":"La chr\u00e9tienne Asia Bibi aurait quitt\u00e9 le Pakistan et serait, selon son avocat, au Canada. Elle avait \u00e9t\u00e9 acquitt\u00e9e il y a six mois apr\u00e8s avoir \u00e9t\u00e9 condamn\u00e9e \u00e0 mort pour blasph\u00e8me. Une condamnation tr\u00e8s critiqu\u00e9e \u00e0 l&rsquo;international.te Selon l&rsquo;avocat d&rsquo;Asia Bibi,\u00a0Saif Ul Malook, la jeune femme serait partie au Canada : \u00ab\u00a0J&rsquo;ai interrog\u00e9 les [&hellip;]","og_url":"https:\/\/guineediversite.com\/index.php\/2019\/05\/08\/la-chretienne-pakistanaise-asia-bibi-aurait-quitte-le-pakistan\/","og_site_name":"Guin\u00e9e Diversit\u00e9","article_publisher":"https:\/\/www.facebook.com\/guineediversite\/","article_published_time":"2019-05-08T10:10:46+00:00","og_image":[{"width":1024,"height":578,"url":"https:\/\/guineediversite.com\/wp-content\/uploads\/2019\/05\/PAK-2.jpg","type":"image\/jpeg"}],"author":"Guin\u00e9e Diversit\u00e9","twitter_card":"summary_large_image","twitter_creator":"@GuineeDiversite","twitter_site":"@GuineeDiversite","twitter_misc":{"\u00c9crit par":"Guin\u00e9e Diversit\u00e9","Dur\u00e9e de lecture estim\u00e9e":"2 minutes"},"schema":{"@context":"https:\/\/schema.org","@graph":[{"@type":"Article","@id":"https:\/\/guineediversite.com\/index.php\/2019\/05\/08\/la-chretienne-pakistanaise-asia-bibi-aurait-quitte-le-pakistan\/#article","isPartOf":{"@id":"https:\/\/guineediversite.com\/index.php\/2019\/05\/08\/la-chretienne-pakistanaise-asia-bibi-aurait-quitte-le-pakistan\/"},"author":{"name":"Guin\u00e9e Diversit\u00e9","@id":"https:\/\/guineediversite.com\/#\/schema\/person\/afa08fb34e7fc6e1feafc892612bc836"},"headline":"La chr\u00e9tienne pakistanaise Asia Bibi aurait quitt\u00e9 le Pakistan","datePublished":"2019-05-08T10:10:46+00:00","dateModified":"2019-05-08T10:10:46+00:00","mainEntityOfPage":{"@id":"https:\/\/guineediversite.com\/index.php\/2019\/05\/08\/la-chretienne-pakistanaise-asia-bibi-aurait-quitte-le-pakistan\/"},"wordCount":358,"publisher":{"@id":"https:\/\/guineediversite.com\/#organization"},"image":{"@id":"https:\/\/guineediversite.com\/index.php\/2019\/05\/08\/la-chretienne-pakistanaise-asia-bibi-aurait-quitte-le-pakistan\/#primaryimage"},"thumbnailUrl":"https:\/\/guineediversite.com\/wp-content\/uploads\/2019\/05\/PAK-2.jpg","articleSection":["International"],"inLanguage":"fr-FR"},{"@type":"WebPage","@id":"https:\/\/guineediversite.com\/index.php\/2019\/05\/08\/la-chretienne-pakistanaise-asia-bibi-aurait-quitte-le-pakistan\/","url":"https:\/\/guineediversite.com\/index.php\/2019\/05\/08\/la-chretienne-pakistanaise-asia-bibi-aurait-quitte-le-pakistan\/","name":"La chr\u00e9tienne pakistanaise Asia Bibi aurait quitt\u00e9 le Pakistan | Guin\u00e9e Diversit\u00e9","isPartOf":{"@id":"https:\/\/guineediversite.com\/#website"},"primaryImageOfPage":{"@id":"https:\/\/guineediversite.com\/index.php\/2019\/05\/08\/la-chretienne-pakistanaise-asia-bibi-aurait-quitte-le-pakistan\/#primaryimage"},"image":{"@id":"https:\/\/guineediversite.com\/index.php\/2019\/05\/08\/la-chretienne-pakistanaise-asia-bibi-aurait-quitte-le-pakistan\/#primaryimage"},"thumbnailUrl":"https:\/\/guineediversite.com\/wp-content\/uploads\/2019\/05\/PAK-2.jpg","datePublished":"2019-05-08T10:10:46+00:00","dateModified":"2019-05-08T10:10:46+00:00","breadcrumb":{"@id":"https:\/\/guineediversite.com\/index.php\/2019\/05\/08\/la-chretienne-pakistanaise-asia-bibi-aurait-quitte-le-pakistan\/#breadcrumb"},"inLanguage":"fr-FR","potentialAction":[{"@type":"ReadAction","target":["https:\/\/guineediversite.com\/index.php\/2019\/05\/08\/la-chretienne-pakistanaise-asia-bibi-aurait-quitte-le-pakistan\/"]}]},{"@type":"ImageObject","inLanguage":"fr-FR","@id":"https:\/\/guineediversite.com\/index.php\/2019\/05\/08\/la-chretienne-pakistanaise-asia-bibi-aurait-quitte-le-pakistan\/#primaryimage","url":"https:\/\/guineediversite.com\/wp-content\/uploads\/2019\/05\/PAK-2.jpg","contentUrl":"https:\/\/guineediversite.com\/wp-content\/uploads\/2019\/05\/PAK-2.jpg","width":1024,"height":578},{"@type":"BreadcrumbList","@id":"https:\/\/guineediversite.com\/index.php\/2019\/05\/08\/la-chretienne-pakistanaise-asia-bibi-aurait-quitte-le-pakistan\/#breadcrumb","itemListElement":[{"@type":"ListItem","position":1,"name":"Accueil","item":"https:\/\/guineediversite.com\/"},{"@type":"ListItem","position":2,"name":"La chr\u00e9tienne pakistanaise Asia Bibi aurait quitt\u00e9 le Pakistan"}]},{"@type":"WebSite","@id":"https:\/\/guineediversite.com\/#website","url":"https:\/\/guineediversite.com\/","name":"Guin\u00e9e Diversit\u00e9","description":"L&#039;Info dans toute sa diversit\u00e9","publisher":{"@id":"https:\/\/guineediversite.com\/#organization"},"potentialAction":[{"@type":"SearchAction","target":{"@type":"EntryPoint","urlTemplate":"https:\/\/guineediversite.com\/?s={search_term_string}"},"query-input":{"@type":"PropertyValueSpecification","valueRequired":true,"valueName":"search_term_string"}}],"inLanguage":"fr-FR"},{"@type":"Organization","@id":"https:\/\/guineediversite.com\/#organization","name":"Guin\u00e9e Diversit\u00e9","url":"https:\/\/guineediversite.com\/","logo":{"@type":"ImageObject","inLanguage":"fr-FR","@id":"https:\/\/guineediversite.com\/#\/schema\/logo\/image\/","url":"https:\/\/guineediversite.com\/wp-content\/uploads\/2017\/04\/cropped-1jojlxEOMkX9Wyqfhe43D6kjPOGqBBKmx3EwWJqZ0cMrFF54yM49.png","contentUrl":"https:\/\/guineediversite.com\/wp-content\/uploads\/2017\/04\/cropped-1jojlxEOMkX9Wyqfhe43D6kjPOGqBBKmx3EwWJqZ0cMrFF54yM49.png","width":186,"height":112,"caption":"Guin\u00e9e Diversit\u00e9"},"image":{"@id":"https:\/\/guineediversite.com\/#\/schema\/logo\/image\/"},"sameAs":["https:\/\/www.facebook.com\/guineediversite\/","https:\/\/x.com\/GuineeDiversite","https:\/\/www.youtube.com\/channel\/UC8sUY16qelG5ge6_D5SB83g"]},{"@type":"Person","@id":"https:\/\/guineediversite.com\/#\/schema\/person\/afa08fb34e7fc6e1feafc892612bc836","name":"Guin\u00e9e Diversit\u00e9","image":{"@type":"ImageObject","inLanguage":"fr-FR","@id":"https:\/\/guineediversite.com\/#\/schema\/person\/image\/","url":"https:\/\/secure.gravatar.com\/avatar\/50d5eb5b390f8b65ac30ac6f898eb83a?s=96&d=mm&r=g","contentUrl":"https:\/\/secure.gravatar.com\/avatar\/50d5eb5b390f8b65ac30ac6f898eb83a?s=96&d=mm&r=g","caption":"Guin\u00e9e Diversit\u00e9"},"url":"https:\/\/guineediversite.com\/index.php\/author\/guineediversite\/"}]}},"_links":{"self":[{"href":"https:\/\/guineediversite.com\/index.php\/wp-json\/wp\/v2\/posts\/28519"}],"collection":[{"href":"https:\/\/guineediversite.com\/index.php\/wp-json\/wp\/v2\/posts"}],"about":[{"href":"https:\/\/guineediversite.com\/index.php\/wp-json\/wp\/v2\/types\/post"}],"author":[{"embeddable":true,"href":"https:\/\/guineediversite.com\/index.php\/wp-json\/wp\/v2\/users\/12"}],"replies":[{"embeddable":true,"href":"https:\/\/guineediversite.com\/index.php\/wp-json\/wp\/v2\/comments?post=28519"}],"version-history":[{"count":0,"href":"https:\/\/guineediversite.com\/index.php\/wp-json\/wp\/v2\/posts\/28519\/revisions"}],"wp:featuredmedia":[{"embeddable":true,"href":"https:\/\/guineediversite.com\/index.php\/wp-json\/wp\/v2\/media\/28522"}],"wp:attachment":[{"href":"https:\/\/guineediversite.com\/index.php\/wp-json\/wp\/v2\/media?parent=28519"}],"wp:term":[{"taxonomy":"category","embeddable":true,"href":"https:\/\/guineediversite.com\/index.php\/wp-json\/wp\/v2\/categories?post=28519"},{"taxonomy":"post_tag","embeddable":true,"href":"https:\/\/guineediversite.com\/index.php\/wp-json\/wp\/v2\/tags?post=28519"}],"curies":[{"name":"wp","href":"https:\/\/api.w.org\/{rel}","templated":true}]}}