{"id":28475,"date":"2019-05-03T18:18:06","date_gmt":"2019-05-03T16:18:06","guid":{"rendered":"https:\/\/guineediversite.com\/?p=28475"},"modified":"2019-05-03T18:18:06","modified_gmt":"2019-05-03T16:18:06","slug":"le-printemps-de-la-presse-ethiopienne","status":"publish","type":"post","link":"https:\/\/guineediversite.com\/index.php\/2019\/05\/03\/le-printemps-de-la-presse-ethiopienne\/","title":{"rendered":"Le printemps de la presse \u00e9thiopienne"},"content":{"rendered":"<p><strong>La Journ\u00e9e mondiale de la libert\u00e9 de la presse est c\u00e9l\u00e9br\u00e9e ce 3 mai par l&rsquo;Unesco pour la 26e ann\u00e9e. Le th\u00e8me 2019\u00a0: \u00ab\u00a0M\u00e9dias pour la d\u00e9mocratie\u00a0: le journalisme et les \u00e9lections en p\u00e9riode de d\u00e9sinformation\u00a0\u00bb. Des \u00e9v\u00e9nements ont lieu dans diff\u00e9rents endroits du monde mais la capitale de la libert\u00e9 m\u00e9diatique, ce vendredi, est en Afrique. Addis-Abeba accueille en effet les c\u00e9r\u00e9monies et conf\u00e9rences jeudi et vendredi.<\/strong><\/p>\n<p>L\u2019\u00c9thiopie est un pays\u00a0<strong><a href=\"http:\/\/www.rfi.fr\/afrique\/20180826-ethiopie-abiy-ahmed-elections-justes-libres-2020-nouveau-souffle-democratie\">en plein changement<\/a><\/strong>\u00a0depuis l&rsquo;arriv\u00e9e d&rsquo;<strong><a href=\"http:\/\/www.rfi.fr\/emission\/20181025-ethiopie-douze-travaux-premier-ministre-abiy-ahmed\">Abiy Ahmed<\/a><\/strong>\u00a0au pouvoir en avril 2018, sur de nombreux plans.<\/p>\n<p>C&rsquo;est le cas du secteur m\u00e9diatique. L&rsquo;acc\u00e8s \u00e0 264 sites internet est \u00e0 nouveau autoris\u00e9, des m\u00e9dias se cr\u00e9ent. Le pays fait un \u00e9norme bond de 40 places au dernier classement de Reporters sans fronti\u00e8res (110\/180 pays), publi\u00e9 il y a deux semaines (18 avril). De nombreux journalistes sont rentr\u00e9s d&rsquo;exil, sortis de prison ou tout simplement plus libres.<\/p>\n<p><strong>\u00ab\u00a0<em>Bonheur<\/em>\u00a0\u00bb<\/strong><\/p>\n<p>Parmi eux, Mesfin Negash, revenu fin 2018, apr\u00e8s neuf ans d&rsquo;exil. Il avait d\u00fb fuir pr\u00e9cipitamment avant de se faire arr\u00eater en vertu de la loi anti-terroriste. \u00ab\u00a0<em>Bien s\u00fbr le bonheur est l\u00e0 mais ce n&rsquo;est pas le bonheur habituel. Je ne sais&#8230; si vous n&rsquo;avez jamais \u00e9t\u00e9 dans ma situation, la d\u00e9finition de votre bonheur ne ressemblera pas \u00e0 ce que j&rsquo;ai ressenti ce jour-l\u00e0.<\/em>\u00a0\u00bb<\/p>\n<p>En 2014, RSF estimait que 30 journalistes avaient fui le pays. Dix-sept \u00e9taient en prison. Et pour les journaux qui publiaient encore, Biruh Yihunbelay, r\u00e9dacteur en chef du bihebdomadaire<em>\u00a0The Reporter<\/em>, nous explique\u00a0: \u00ab\u00a0<em>Nous nous auto-censurions car certains des sujets sur lesquels nous voulions \u00e9crire pouvaient nous conduire en prison. Nous le savions, donc nous ne franchissions pas les lignes rouges, c&rsquo;est ce que nous faisions \u00e0 cette \u00e9poque.<\/em>\u00a0\u00bb<\/p>\n<p>Une \u00e9poque qui semble d\u00e9j\u00e0 loin. Aujourd&rsquo;hui, les lois qui servaient \u00e0 attaquer les m\u00e9dias sont en train d&rsquo;\u00eatre revues.<\/p>\n<p><strong>Tout n&rsquo;est pas parfait<\/strong><\/p>\n<p>Mais tout n&rsquo;est pas parfait selon Befeqadu Hailu, blogueur et journaliste, qui\u00a0 lors d&rsquo;une conf\u00e9rence de l&rsquo;ONU. \u00ab\u00a0<em>En novembre 2018, un groupe de journalistes est all\u00e9 dans l\u2019\u00c9tat r\u00e9gional de Gambella pour un reportage. Ils ont demand\u00e9 aux officiels r\u00e9gionaux leur r\u00e9action et se sont fait enlever, intimider et m\u00eame frapper pour l&rsquo;un d&rsquo;eux.<\/em>\u00a0\u00bb<\/p>\n<p>Selon Befeqadu, les menaces contre les journalistes proviennent d\u00e9sormais davantage des acteurs non-\u00e9tatiques, aliment\u00e9s par les r\u00e9seaux sociaux notamment. Le gouvernement souhaite faire voter une loi sur les discours haineux et les fausses informations. Une d\u00e9cision qui divise&#8230;<\/p>\n<p>\u25a0 Le Premier ministre \u00e9thiopien,\u00a0<strong><a href=\"http:\/\/www.rfi.fr\/emission\/20181025-ethiopie-douze-travaux-premier-ministre-abiy-ahmed\">Abiy Ahmed Ali<\/a><\/strong>, est le laur\u00e9at de l&rsquo;\u00e9dition 2019 du prix F\u00e9lix Houphou\u00ebt-Boigny-Unesco pour la recherche de la paix, notamment pour avoir r\u00e9tabli les relations avec l&rsquo;\u00c9rythr\u00e9e, l&rsquo;ancien ennemi jur\u00e9 du pays.<\/p>\n<p>\u25a0 La directrice g\u00e9n\u00e9rale de l&rsquo;Unesco, Audrey Azoulay, en visite officielle en \u00c9thiopie dans le cadre de la conf\u00e9rence internationale organis\u00e9e pour la Journ\u00e9e mondiale de la libert\u00e9 de la presse, doit s&rsquo;y entretenir avec le Premier ministre Abiy Ahmed et \u00ab\u00a0<em>lui faire part de ses chaleureuses f\u00e9licitations<\/em>\u00a0\u00bb. Elle doit aussi y assister \u00e0 la c\u00e9r\u00e9monie du prix mondial de la libert\u00e9 de la presse Unesco\/Guillermo Cano, d\u00e9cern\u00e9 cette ann\u00e9e aux reporters de Reuters emprisonn\u00e9s en Birmanie, Kyaw Soe Oo et Wa Lone.<\/p>\n<p>\u25a0 \u00c0 l\u2019invitation de l\u2019Unesco,\u00a0<strong>Cartooning for Peace<\/strong>\u00a0organise une session dans le cadre du colloque \u00e0 l\u2019Union africaine autour de la libert\u00e9 d\u2019expression (3 mai), la rencontre unique de 15 dessinateurs de presse africains \u00e0 l\u2019Alliance \u00e9thio-fran\u00e7aise suivie d\u2019une conf\u00e9rence de presse (4 mai) et la cr\u00e9ation d\u2019une exposition sur les m\u00e9dias avec un focus sur l&rsquo;Afrique.<\/p>\n<p><strong>RFI<\/strong><\/p>\n","protected":false},"excerpt":{"rendered":"<p>La Journ\u00e9e mondiale de la libert\u00e9 de la presse est c\u00e9l\u00e9br\u00e9e ce 3 mai par l&rsquo;Unesco pour la 26e ann\u00e9e. Le th\u00e8me 2019\u00a0: \u00ab\u00a0M\u00e9dias pour la d\u00e9mocratie\u00a0: le journalisme et les \u00e9lections en p\u00e9riode de d\u00e9sinformation\u00a0\u00bb. Des \u00e9v\u00e9nements ont lieu dans diff\u00e9rents endroits du monde mais la capitale de la libert\u00e9 m\u00e9diatique, ce vendredi, est [&hellip;]<\/p>\n","protected":false},"author":12,"featured_media":28476,"comment_status":"closed","ping_status":"closed","sticky":false,"template":"","format":"standard","meta":{"_exactmetrics_skip_tracking":false,"_exactmetrics_sitenote_active":false,"_exactmetrics_sitenote_note":"","_exactmetrics_sitenote_category":0,"tdm_status":"","tdm_grid_status":"","footnotes":""},"categories":[21],"tags":[],"class_list":{"0":"post-28475","1":"post","2":"type-post","3":"status-publish","4":"format-standard","5":"has-post-thumbnail","7":"category-international"},"yoast_head":"<!-- This site is optimized with the Yoast SEO plugin v24.2 - https:\/\/yoast.com\/wordpress\/plugins\/seo\/ -->\n<title>Le printemps de la presse \u00e9thiopienne | Guin\u00e9e Diversit\u00e9<\/title>\n<meta name=\"robots\" content=\"index, follow, max-snippet:-1, max-image-preview:large, max-video-preview:-1\" \/>\n<link rel=\"canonical\" href=\"https:\/\/guineediversite.com\/index.php\/2019\/05\/03\/le-printemps-de-la-presse-ethiopienne\/\" \/>\n<meta property=\"og:locale\" content=\"fr_FR\" \/>\n<meta property=\"og:type\" content=\"article\" \/>\n<meta property=\"og:title\" content=\"Le printemps de la presse \u00e9thiopienne | Guin\u00e9e Diversit\u00e9\" \/>\n<meta property=\"og:description\" content=\"La Journ\u00e9e mondiale de la libert\u00e9 de la presse est c\u00e9l\u00e9br\u00e9e ce 3 mai par l&rsquo;Unesco pour la 26e ann\u00e9e. Le th\u00e8me 2019\u00a0: \u00ab\u00a0M\u00e9dias pour la d\u00e9mocratie\u00a0: le journalisme et les \u00e9lections en p\u00e9riode de d\u00e9sinformation\u00a0\u00bb. Des \u00e9v\u00e9nements ont lieu dans diff\u00e9rents endroits du monde mais la capitale de la libert\u00e9 m\u00e9diatique, ce vendredi, est [&hellip;]\" \/>\n<meta property=\"og:url\" content=\"https:\/\/guineediversite.com\/index.php\/2019\/05\/03\/le-printemps-de-la-presse-ethiopienne\/\" \/>\n<meta property=\"og:site_name\" content=\"Guin\u00e9e Diversit\u00e9\" \/>\n<meta property=\"article:publisher\" content=\"https:\/\/www.facebook.com\/guineediversite\/\" \/>\n<meta property=\"article:published_time\" content=\"2019-05-03T16:18:06+00:00\" \/>\n<meta property=\"og:image\" content=\"https:\/\/guineediversite.com\/wp-content\/uploads\/2019\/05\/ETHIO.jpg\" \/>\n\t<meta property=\"og:image:width\" content=\"1024\" \/>\n\t<meta property=\"og:image:height\" content=\"578\" \/>\n\t<meta property=\"og:image:type\" content=\"image\/jpeg\" \/>\n<meta name=\"author\" content=\"Guin\u00e9e Diversit\u00e9\" \/>\n<meta name=\"twitter:card\" content=\"summary_large_image\" \/>\n<meta name=\"twitter:creator\" content=\"@GuineeDiversite\" \/>\n<meta name=\"twitter:site\" content=\"@GuineeDiversite\" \/>\n<meta name=\"twitter:label1\" content=\"\u00c9crit par\" \/>\n\t<meta name=\"twitter:data1\" content=\"Guin\u00e9e Diversit\u00e9\" \/>\n\t<meta name=\"twitter:label2\" content=\"Dur\u00e9e de lecture estim\u00e9e\" \/>\n\t<meta name=\"twitter:data2\" content=\"3 minutes\" \/>\n<script type=\"application\/ld+json\" class=\"yoast-schema-graph\">{\"@context\":\"https:\/\/schema.org\",\"@graph\":[{\"@type\":\"Article\",\"@id\":\"https:\/\/guineediversite.com\/index.php\/2019\/05\/03\/le-printemps-de-la-presse-ethiopienne\/#article\",\"isPartOf\":{\"@id\":\"https:\/\/guineediversite.com\/index.php\/2019\/05\/03\/le-printemps-de-la-presse-ethiopienne\/\"},\"author\":{\"name\":\"Guin\u00e9e Diversit\u00e9\",\"@id\":\"https:\/\/guineediversite.com\/#\/schema\/person\/afa08fb34e7fc6e1feafc892612bc836\"},\"headline\":\"Le printemps de la presse \u00e9thiopienne\",\"datePublished\":\"2019-05-03T16:18:06+00:00\",\"dateModified\":\"2019-05-03T16:18:06+00:00\",\"mainEntityOfPage\":{\"@id\":\"https:\/\/guineediversite.com\/index.php\/2019\/05\/03\/le-printemps-de-la-presse-ethiopienne\/\"},\"wordCount\":653,\"publisher\":{\"@id\":\"https:\/\/guineediversite.com\/#organization\"},\"image\":{\"@id\":\"https:\/\/guineediversite.com\/index.php\/2019\/05\/03\/le-printemps-de-la-presse-ethiopienne\/#primaryimage\"},\"thumbnailUrl\":\"https:\/\/guineediversite.com\/wp-content\/uploads\/2019\/05\/ETHIO.jpg\",\"articleSection\":[\"International\"],\"inLanguage\":\"fr-FR\"},{\"@type\":\"WebPage\",\"@id\":\"https:\/\/guineediversite.com\/index.php\/2019\/05\/03\/le-printemps-de-la-presse-ethiopienne\/\",\"url\":\"https:\/\/guineediversite.com\/index.php\/2019\/05\/03\/le-printemps-de-la-presse-ethiopienne\/\",\"name\":\"Le printemps de la presse \u00e9thiopienne | Guin\u00e9e Diversit\u00e9\",\"isPartOf\":{\"@id\":\"https:\/\/guineediversite.com\/#website\"},\"primaryImageOfPage\":{\"@id\":\"https:\/\/guineediversite.com\/index.php\/2019\/05\/03\/le-printemps-de-la-presse-ethiopienne\/#primaryimage\"},\"image\":{\"@id\":\"https:\/\/guineediversite.com\/index.php\/2019\/05\/03\/le-printemps-de-la-presse-ethiopienne\/#primaryimage\"},\"thumbnailUrl\":\"https:\/\/guineediversite.com\/wp-content\/uploads\/2019\/05\/ETHIO.jpg\",\"datePublished\":\"2019-05-03T16:18:06+00:00\",\"dateModified\":\"2019-05-03T16:18:06+00:00\",\"breadcrumb\":{\"@id\":\"https:\/\/guineediversite.com\/index.php\/2019\/05\/03\/le-printemps-de-la-presse-ethiopienne\/#breadcrumb\"},\"inLanguage\":\"fr-FR\",\"potentialAction\":[{\"@type\":\"ReadAction\",\"target\":[\"https:\/\/guineediversite.com\/index.php\/2019\/05\/03\/le-printemps-de-la-presse-ethiopienne\/\"]}]},{\"@type\":\"ImageObject\",\"inLanguage\":\"fr-FR\",\"@id\":\"https:\/\/guineediversite.com\/index.php\/2019\/05\/03\/le-printemps-de-la-presse-ethiopienne\/#primaryimage\",\"url\":\"https:\/\/guineediversite.com\/wp-content\/uploads\/2019\/05\/ETHIO.jpg\",\"contentUrl\":\"https:\/\/guineediversite.com\/wp-content\/uploads\/2019\/05\/ETHIO.jpg\",\"width\":1024,\"height\":578},{\"@type\":\"BreadcrumbList\",\"@id\":\"https:\/\/guineediversite.com\/index.php\/2019\/05\/03\/le-printemps-de-la-presse-ethiopienne\/#breadcrumb\",\"itemListElement\":[{\"@type\":\"ListItem\",\"position\":1,\"name\":\"Accueil\",\"item\":\"https:\/\/guineediversite.com\/\"},{\"@type\":\"ListItem\",\"position\":2,\"name\":\"Le printemps de la presse \u00e9thiopienne\"}]},{\"@type\":\"WebSite\",\"@id\":\"https:\/\/guineediversite.com\/#website\",\"url\":\"https:\/\/guineediversite.com\/\",\"name\":\"Guin\u00e9e Diversit\u00e9\",\"description\":\"L&#039;Info dans toute sa diversit\u00e9\",\"publisher\":{\"@id\":\"https:\/\/guineediversite.com\/#organization\"},\"potentialAction\":[{\"@type\":\"SearchAction\",\"target\":{\"@type\":\"EntryPoint\",\"urlTemplate\":\"https:\/\/guineediversite.com\/?s={search_term_string}\"},\"query-input\":{\"@type\":\"PropertyValueSpecification\",\"valueRequired\":true,\"valueName\":\"search_term_string\"}}],\"inLanguage\":\"fr-FR\"},{\"@type\":\"Organization\",\"@id\":\"https:\/\/guineediversite.com\/#organization\",\"name\":\"Guin\u00e9e Diversit\u00e9\",\"url\":\"https:\/\/guineediversite.com\/\",\"logo\":{\"@type\":\"ImageObject\",\"inLanguage\":\"fr-FR\",\"@id\":\"https:\/\/guineediversite.com\/#\/schema\/logo\/image\/\",\"url\":\"https:\/\/guineediversite.com\/wp-content\/uploads\/2017\/04\/cropped-1jojlxEOMkX9Wyqfhe43D6kjPOGqBBKmx3EwWJqZ0cMrFF54yM49.png\",\"contentUrl\":\"https:\/\/guineediversite.com\/wp-content\/uploads\/2017\/04\/cropped-1jojlxEOMkX9Wyqfhe43D6kjPOGqBBKmx3EwWJqZ0cMrFF54yM49.png\",\"width\":186,\"height\":112,\"caption\":\"Guin\u00e9e Diversit\u00e9\"},\"image\":{\"@id\":\"https:\/\/guineediversite.com\/#\/schema\/logo\/image\/\"},\"sameAs\":[\"https:\/\/www.facebook.com\/guineediversite\/\",\"https:\/\/x.com\/GuineeDiversite\",\"https:\/\/www.youtube.com\/channel\/UC8sUY16qelG5ge6_D5SB83g\"]},{\"@type\":\"Person\",\"@id\":\"https:\/\/guineediversite.com\/#\/schema\/person\/afa08fb34e7fc6e1feafc892612bc836\",\"name\":\"Guin\u00e9e Diversit\u00e9\",\"image\":{\"@type\":\"ImageObject\",\"inLanguage\":\"fr-FR\",\"@id\":\"https:\/\/guineediversite.com\/#\/schema\/person\/image\/\",\"url\":\"https:\/\/secure.gravatar.com\/avatar\/50d5eb5b390f8b65ac30ac6f898eb83a?s=96&d=mm&r=g\",\"contentUrl\":\"https:\/\/secure.gravatar.com\/avatar\/50d5eb5b390f8b65ac30ac6f898eb83a?s=96&d=mm&r=g\",\"caption\":\"Guin\u00e9e Diversit\u00e9\"},\"url\":\"https:\/\/guineediversite.com\/index.php\/author\/guineediversite\/\"}]}<\/script>\n<!-- \/ Yoast SEO plugin. -->","yoast_head_json":{"title":"Le printemps de la presse \u00e9thiopienne | Guin\u00e9e Diversit\u00e9","robots":{"index":"index","follow":"follow","max-snippet":"max-snippet:-1","max-image-preview":"max-image-preview:large","max-video-preview":"max-video-preview:-1"},"canonical":"https:\/\/guineediversite.com\/index.php\/2019\/05\/03\/le-printemps-de-la-presse-ethiopienne\/","og_locale":"fr_FR","og_type":"article","og_title":"Le printemps de la presse \u00e9thiopienne | Guin\u00e9e Diversit\u00e9","og_description":"La Journ\u00e9e mondiale de la libert\u00e9 de la presse est c\u00e9l\u00e9br\u00e9e ce 3 mai par l&rsquo;Unesco pour la 26e ann\u00e9e. Le th\u00e8me 2019\u00a0: \u00ab\u00a0M\u00e9dias pour la d\u00e9mocratie\u00a0: le journalisme et les \u00e9lections en p\u00e9riode de d\u00e9sinformation\u00a0\u00bb. Des \u00e9v\u00e9nements ont lieu dans diff\u00e9rents endroits du monde mais la capitale de la libert\u00e9 m\u00e9diatique, ce vendredi, est [&hellip;]","og_url":"https:\/\/guineediversite.com\/index.php\/2019\/05\/03\/le-printemps-de-la-presse-ethiopienne\/","og_site_name":"Guin\u00e9e Diversit\u00e9","article_publisher":"https:\/\/www.facebook.com\/guineediversite\/","article_published_time":"2019-05-03T16:18:06+00:00","og_image":[{"width":1024,"height":578,"url":"https:\/\/guineediversite.com\/wp-content\/uploads\/2019\/05\/ETHIO.jpg","type":"image\/jpeg"}],"author":"Guin\u00e9e Diversit\u00e9","twitter_card":"summary_large_image","twitter_creator":"@GuineeDiversite","twitter_site":"@GuineeDiversite","twitter_misc":{"\u00c9crit par":"Guin\u00e9e Diversit\u00e9","Dur\u00e9e de lecture estim\u00e9e":"3 minutes"},"schema":{"@context":"https:\/\/schema.org","@graph":[{"@type":"Article","@id":"https:\/\/guineediversite.com\/index.php\/2019\/05\/03\/le-printemps-de-la-presse-ethiopienne\/#article","isPartOf":{"@id":"https:\/\/guineediversite.com\/index.php\/2019\/05\/03\/le-printemps-de-la-presse-ethiopienne\/"},"author":{"name":"Guin\u00e9e Diversit\u00e9","@id":"https:\/\/guineediversite.com\/#\/schema\/person\/afa08fb34e7fc6e1feafc892612bc836"},"headline":"Le printemps de la presse \u00e9thiopienne","datePublished":"2019-05-03T16:18:06+00:00","dateModified":"2019-05-03T16:18:06+00:00","mainEntityOfPage":{"@id":"https:\/\/guineediversite.com\/index.php\/2019\/05\/03\/le-printemps-de-la-presse-ethiopienne\/"},"wordCount":653,"publisher":{"@id":"https:\/\/guineediversite.com\/#organization"},"image":{"@id":"https:\/\/guineediversite.com\/index.php\/2019\/05\/03\/le-printemps-de-la-presse-ethiopienne\/#primaryimage"},"thumbnailUrl":"https:\/\/guineediversite.com\/wp-content\/uploads\/2019\/05\/ETHIO.jpg","articleSection":["International"],"inLanguage":"fr-FR"},{"@type":"WebPage","@id":"https:\/\/guineediversite.com\/index.php\/2019\/05\/03\/le-printemps-de-la-presse-ethiopienne\/","url":"https:\/\/guineediversite.com\/index.php\/2019\/05\/03\/le-printemps-de-la-presse-ethiopienne\/","name":"Le printemps de la presse \u00e9thiopienne | Guin\u00e9e Diversit\u00e9","isPartOf":{"@id":"https:\/\/guineediversite.com\/#website"},"primaryImageOfPage":{"@id":"https:\/\/guineediversite.com\/index.php\/2019\/05\/03\/le-printemps-de-la-presse-ethiopienne\/#primaryimage"},"image":{"@id":"https:\/\/guineediversite.com\/index.php\/2019\/05\/03\/le-printemps-de-la-presse-ethiopienne\/#primaryimage"},"thumbnailUrl":"https:\/\/guineediversite.com\/wp-content\/uploads\/2019\/05\/ETHIO.jpg","datePublished":"2019-05-03T16:18:06+00:00","dateModified":"2019-05-03T16:18:06+00:00","breadcrumb":{"@id":"https:\/\/guineediversite.com\/index.php\/2019\/05\/03\/le-printemps-de-la-presse-ethiopienne\/#breadcrumb"},"inLanguage":"fr-FR","potentialAction":[{"@type":"ReadAction","target":["https:\/\/guineediversite.com\/index.php\/2019\/05\/03\/le-printemps-de-la-presse-ethiopienne\/"]}]},{"@type":"ImageObject","inLanguage":"fr-FR","@id":"https:\/\/guineediversite.com\/index.php\/2019\/05\/03\/le-printemps-de-la-presse-ethiopienne\/#primaryimage","url":"https:\/\/guineediversite.com\/wp-content\/uploads\/2019\/05\/ETHIO.jpg","contentUrl":"https:\/\/guineediversite.com\/wp-content\/uploads\/2019\/05\/ETHIO.jpg","width":1024,"height":578},{"@type":"BreadcrumbList","@id":"https:\/\/guineediversite.com\/index.php\/2019\/05\/03\/le-printemps-de-la-presse-ethiopienne\/#breadcrumb","itemListElement":[{"@type":"ListItem","position":1,"name":"Accueil","item":"https:\/\/guineediversite.com\/"},{"@type":"ListItem","position":2,"name":"Le printemps de la presse \u00e9thiopienne"}]},{"@type":"WebSite","@id":"https:\/\/guineediversite.com\/#website","url":"https:\/\/guineediversite.com\/","name":"Guin\u00e9e Diversit\u00e9","description":"L&#039;Info dans toute sa diversit\u00e9","publisher":{"@id":"https:\/\/guineediversite.com\/#organization"},"potentialAction":[{"@type":"SearchAction","target":{"@type":"EntryPoint","urlTemplate":"https:\/\/guineediversite.com\/?s={search_term_string}"},"query-input":{"@type":"PropertyValueSpecification","valueRequired":true,"valueName":"search_term_string"}}],"inLanguage":"fr-FR"},{"@type":"Organization","@id":"https:\/\/guineediversite.com\/#organization","name":"Guin\u00e9e Diversit\u00e9","url":"https:\/\/guineediversite.com\/","logo":{"@type":"ImageObject","inLanguage":"fr-FR","@id":"https:\/\/guineediversite.com\/#\/schema\/logo\/image\/","url":"https:\/\/guineediversite.com\/wp-content\/uploads\/2017\/04\/cropped-1jojlxEOMkX9Wyqfhe43D6kjPOGqBBKmx3EwWJqZ0cMrFF54yM49.png","contentUrl":"https:\/\/guineediversite.com\/wp-content\/uploads\/2017\/04\/cropped-1jojlxEOMkX9Wyqfhe43D6kjPOGqBBKmx3EwWJqZ0cMrFF54yM49.png","width":186,"height":112,"caption":"Guin\u00e9e Diversit\u00e9"},"image":{"@id":"https:\/\/guineediversite.com\/#\/schema\/logo\/image\/"},"sameAs":["https:\/\/www.facebook.com\/guineediversite\/","https:\/\/x.com\/GuineeDiversite","https:\/\/www.youtube.com\/channel\/UC8sUY16qelG5ge6_D5SB83g"]},{"@type":"Person","@id":"https:\/\/guineediversite.com\/#\/schema\/person\/afa08fb34e7fc6e1feafc892612bc836","name":"Guin\u00e9e Diversit\u00e9","image":{"@type":"ImageObject","inLanguage":"fr-FR","@id":"https:\/\/guineediversite.com\/#\/schema\/person\/image\/","url":"https:\/\/secure.gravatar.com\/avatar\/50d5eb5b390f8b65ac30ac6f898eb83a?s=96&d=mm&r=g","contentUrl":"https:\/\/secure.gravatar.com\/avatar\/50d5eb5b390f8b65ac30ac6f898eb83a?s=96&d=mm&r=g","caption":"Guin\u00e9e Diversit\u00e9"},"url":"https:\/\/guineediversite.com\/index.php\/author\/guineediversite\/"}]}},"_links":{"self":[{"href":"https:\/\/guineediversite.com\/index.php\/wp-json\/wp\/v2\/posts\/28475"}],"collection":[{"href":"https:\/\/guineediversite.com\/index.php\/wp-json\/wp\/v2\/posts"}],"about":[{"href":"https:\/\/guineediversite.com\/index.php\/wp-json\/wp\/v2\/types\/post"}],"author":[{"embeddable":true,"href":"https:\/\/guineediversite.com\/index.php\/wp-json\/wp\/v2\/users\/12"}],"replies":[{"embeddable":true,"href":"https:\/\/guineediversite.com\/index.php\/wp-json\/wp\/v2\/comments?post=28475"}],"version-history":[{"count":0,"href":"https:\/\/guineediversite.com\/index.php\/wp-json\/wp\/v2\/posts\/28475\/revisions"}],"wp:featuredmedia":[{"embeddable":true,"href":"https:\/\/guineediversite.com\/index.php\/wp-json\/wp\/v2\/media\/28476"}],"wp:attachment":[{"href":"https:\/\/guineediversite.com\/index.php\/wp-json\/wp\/v2\/media?parent=28475"}],"wp:term":[{"taxonomy":"category","embeddable":true,"href":"https:\/\/guineediversite.com\/index.php\/wp-json\/wp\/v2\/categories?post=28475"},{"taxonomy":"post_tag","embeddable":true,"href":"https:\/\/guineediversite.com\/index.php\/wp-json\/wp\/v2\/tags?post=28475"}],"curies":[{"name":"wp","href":"https:\/\/api.w.org\/{rel}","templated":true}]}}