{"id":28472,"date":"2019-05-03T18:12:32","date_gmt":"2019-05-03T16:12:32","guid":{"rendered":"https:\/\/guineediversite.com\/?p=28472"},"modified":"2019-05-03T18:12:32","modified_gmt":"2019-05-03T16:12:32","slug":"guinee-journee-internationale-de-la-liberte-de-la-presse-la-hac-invite-les-journalistes-a-plus-de-responsabilite","status":"publish","type":"post","link":"https:\/\/guineediversite.com\/index.php\/2019\/05\/03\/guinee-journee-internationale-de-la-liberte-de-la-presse-la-hac-invite-les-journalistes-a-plus-de-responsabilite\/","title":{"rendered":"Guin\u00e9e\/Journ\u00e9e Internationale de la libert\u00e9 de la presse : la HAC invite les journalistes \u00e0 plus de responsabilit\u00e9"},"content":{"rendered":"<p>La journ\u00e9e mondiale de la libert\u00e9 de la presse est c\u00e9l\u00e9br\u00e9e ce vendredi 03 mai partout dans le monde. En Guin\u00e9e la c\u00e9r\u00e9monie s\u2019est tenue dans r\u00e9ceptif h\u00f4telier de Conakry, elle a connu la pr\u00e9sence des journalistes, les patrons des associations de la presse en Guin\u00e9e, les responsables de la Haute Autorit\u00e9 de la Communication HAC et le minist\u00e8re de la communication.<\/p>\n<p>A l\u2019entame de la c\u00e9r\u00e9monie la repr\u00e9sentante de la pr\u00e9sidente de la Haute Autorit\u00e9 de la Communication, a rappel\u00e9 le r\u00f4le des m\u00e9dias pour le bon d\u00e9roulement d\u2019un processus \u00e9lectoral \u00ab\u00a0<em>les m\u00e9dias jouent un r\u00f4le incontournable, ce r\u00f4le consiste \u00e0 d\u00e9fendre les principes fondamentaux de la d\u00e9mocratie et de l\u2019\u00e9tat de droit, \u00e0 faciliter le bon d\u00e9roulement du processus \u00e9lectoral, \u00e0 bien informer les citoyens pour permettre de faire un choix juste et responsable\u00a0<\/em>\u00bb pr\u00e9cise Hawa Camille Camara.<\/p>\n<p>Dans la m\u00eame perspective, elle a invit\u00e9 aux professionnels des m\u00e9dias \u00e0 \u0153uvrer au bon d\u00e9roulement des prochaines \u00e9lections en privil\u00e9giant la recherche du consensus, la coh\u00e9sion des communaut\u00e9s et la stabilit\u00e9 socio\u00e9conomique de notre pays.<\/p>\n<p>Loin, elle dira ceci \u00ab\u00a0<em>la multiplication des poursuites judiciaires contre les journalistes, dont certaines semblent contre productives, les atteintes aux r\u00e8gles d\u00e9ontologiques et aux principes fondamentaux du journalisme, le caract\u00e8re partisan et partial de certains m\u00e9dias, la pr\u00e9carit\u00e9 des entreprises de presse, la faiblesse de la formation de nombreux journalistes entre autre<\/em>\u00a0\u00bb d\u00e9nonce-t-elle.<\/p>\n<p>La commissaire \u00e0 la HAC a dans ces lignes interpell\u00e9 le gouvernement guin\u00e9en \u00e0 investir davantage pour que les m\u00e9dias guin\u00e9ens soient une r\u00e9f\u00e9rence \u00ab<em>\u00a0Je plaide Au nom de la HAC, pour que le gouvernement guin\u00e9en et le Pr\u00e9sident de la R\u00e9publique, mettent en \u0153uvre plus d\u2019initiatives en faveur du d\u00e9veloppement des m\u00e9dias guin\u00e9ens. Je souhaite que la HAC et ses partenaires du gouvernement \u00e0 savoir le minist\u00e8re des postes et t\u00e9l\u00e9communication et de l\u2019\u00e9conomie num\u00e9rique et le minist\u00e8re de l\u2019information et de la communication mettent en place, un cadre de concertation pour se pencher sur tous les probl\u00e8mes qui assaillent les m\u00e9dias et rechercher des pistes de solution\u00a0<\/em>\u00bb lance-t-elle.<\/p>\n","protected":false},"excerpt":{"rendered":"<p>La journ\u00e9e mondiale de la libert\u00e9 de la presse est c\u00e9l\u00e9br\u00e9e ce vendredi 03 mai partout dans le monde. En Guin\u00e9e la c\u00e9r\u00e9monie s\u2019est tenue dans r\u00e9ceptif h\u00f4telier de Conakry, elle a connu la pr\u00e9sence des journalistes, les patrons des associations de la presse en Guin\u00e9e, les responsables de la Haute Autorit\u00e9 de la Communication [&hellip;]<\/p>\n","protected":false},"author":7,"featured_media":28473,"comment_status":"closed","ping_status":"closed","sticky":false,"template":"","format":"standard","meta":{"_exactmetrics_skip_tracking":false,"_exactmetrics_sitenote_active":false,"_exactmetrics_sitenote_note":"","_exactmetrics_sitenote_category":0,"tdm_status":"","tdm_grid_status":"","footnotes":""},"categories":[16],"tags":[],"class_list":{"0":"post-28472","1":"post","2":"type-post","3":"status-publish","4":"format-standard","5":"has-post-thumbnail","7":"category-societe"},"yoast_head":"<!-- This site is optimized with the Yoast SEO plugin v24.2 - https:\/\/yoast.com\/wordpress\/plugins\/seo\/ -->\n<title>Guin\u00e9e\/Journ\u00e9e Internationale de la libert\u00e9 de la presse : la HAC invite les journalistes \u00e0 plus de responsabilit\u00e9 | Guin\u00e9e Diversit\u00e9<\/title>\n<meta name=\"robots\" content=\"index, follow, max-snippet:-1, max-image-preview:large, max-video-preview:-1\" \/>\n<link rel=\"canonical\" href=\"https:\/\/guineediversite.com\/index.php\/2019\/05\/03\/guinee-journee-internationale-de-la-liberte-de-la-presse-la-hac-invite-les-journalistes-a-plus-de-responsabilite\/\" \/>\n<meta property=\"og:locale\" content=\"fr_FR\" \/>\n<meta property=\"og:type\" content=\"article\" \/>\n<meta property=\"og:title\" content=\"Guin\u00e9e\/Journ\u00e9e Internationale de la libert\u00e9 de la presse : la HAC invite les journalistes \u00e0 plus de responsabilit\u00e9 | Guin\u00e9e Diversit\u00e9\" \/>\n<meta property=\"og:description\" content=\"La journ\u00e9e mondiale de la libert\u00e9 de la presse est c\u00e9l\u00e9br\u00e9e ce vendredi 03 mai partout dans le monde. En Guin\u00e9e la c\u00e9r\u00e9monie s\u2019est tenue dans r\u00e9ceptif h\u00f4telier de Conakry, elle a connu la pr\u00e9sence des journalistes, les patrons des associations de la presse en Guin\u00e9e, les responsables de la Haute Autorit\u00e9 de la Communication [&hellip;]\" \/>\n<meta property=\"og:url\" content=\"https:\/\/guineediversite.com\/index.php\/2019\/05\/03\/guinee-journee-internationale-de-la-liberte-de-la-presse-la-hac-invite-les-journalistes-a-plus-de-responsabilite\/\" \/>\n<meta property=\"og:site_name\" content=\"Guin\u00e9e Diversit\u00e9\" \/>\n<meta property=\"article:publisher\" content=\"https:\/\/www.facebook.com\/guineediversite\/\" \/>\n<meta property=\"article:published_time\" content=\"2019-05-03T16:12:32+00:00\" \/>\n<meta property=\"og:image\" content=\"https:\/\/guineediversite.com\/wp-content\/uploads\/2019\/05\/HAC.jpg\" \/>\n\t<meta property=\"og:image:width\" content=\"1707\" \/>\n\t<meta property=\"og:image:height\" content=\"1024\" \/>\n\t<meta property=\"og:image:type\" content=\"image\/jpeg\" \/>\n<meta name=\"author\" content=\"Bilguissa Diallo\" \/>\n<meta name=\"twitter:card\" content=\"summary_large_image\" \/>\n<meta name=\"twitter:creator\" content=\"@GuineeDiversite\" \/>\n<meta name=\"twitter:site\" content=\"@GuineeDiversite\" \/>\n<meta name=\"twitter:label1\" content=\"\u00c9crit par\" \/>\n\t<meta name=\"twitter:data1\" content=\"Bilguissa Diallo\" \/>\n\t<meta name=\"twitter:label2\" content=\"Dur\u00e9e de lecture estim\u00e9e\" \/>\n\t<meta name=\"twitter:data2\" content=\"2 minutes\" \/>\n<script type=\"application\/ld+json\" class=\"yoast-schema-graph\">{\"@context\":\"https:\/\/schema.org\",\"@graph\":[{\"@type\":\"Article\",\"@id\":\"https:\/\/guineediversite.com\/index.php\/2019\/05\/03\/guinee-journee-internationale-de-la-liberte-de-la-presse-la-hac-invite-les-journalistes-a-plus-de-responsabilite\/#article\",\"isPartOf\":{\"@id\":\"https:\/\/guineediversite.com\/index.php\/2019\/05\/03\/guinee-journee-internationale-de-la-liberte-de-la-presse-la-hac-invite-les-journalistes-a-plus-de-responsabilite\/\"},\"author\":{\"name\":\"Bilguissa Diallo\",\"@id\":\"https:\/\/guineediversite.com\/#\/schema\/person\/0e0e3e424768a50d025ac2218ccca73f\"},\"headline\":\"Guin\u00e9e\/Journ\u00e9e Internationale de la libert\u00e9 de la presse : la HAC invite les journalistes \u00e0 plus de responsabilit\u00e9\",\"datePublished\":\"2019-05-03T16:12:32+00:00\",\"dateModified\":\"2019-05-03T16:12:32+00:00\",\"mainEntityOfPage\":{\"@id\":\"https:\/\/guineediversite.com\/index.php\/2019\/05\/03\/guinee-journee-internationale-de-la-liberte-de-la-presse-la-hac-invite-les-journalistes-a-plus-de-responsabilite\/\"},\"wordCount\":414,\"publisher\":{\"@id\":\"https:\/\/guineediversite.com\/#organization\"},\"image\":{\"@id\":\"https:\/\/guineediversite.com\/index.php\/2019\/05\/03\/guinee-journee-internationale-de-la-liberte-de-la-presse-la-hac-invite-les-journalistes-a-plus-de-responsabilite\/#primaryimage\"},\"thumbnailUrl\":\"https:\/\/guineediversite.com\/wp-content\/uploads\/2019\/05\/HAC.jpg\",\"articleSection\":[\"Soci\u00e9t\u00e9\"],\"inLanguage\":\"fr-FR\"},{\"@type\":\"WebPage\",\"@id\":\"https:\/\/guineediversite.com\/index.php\/2019\/05\/03\/guinee-journee-internationale-de-la-liberte-de-la-presse-la-hac-invite-les-journalistes-a-plus-de-responsabilite\/\",\"url\":\"https:\/\/guineediversite.com\/index.php\/2019\/05\/03\/guinee-journee-internationale-de-la-liberte-de-la-presse-la-hac-invite-les-journalistes-a-plus-de-responsabilite\/\",\"name\":\"Guin\u00e9e\/Journ\u00e9e Internationale de la libert\u00e9 de la presse : la HAC invite les journalistes \u00e0 plus de responsabilit\u00e9 | Guin\u00e9e Diversit\u00e9\",\"isPartOf\":{\"@id\":\"https:\/\/guineediversite.com\/#website\"},\"primaryImageOfPage\":{\"@id\":\"https:\/\/guineediversite.com\/index.php\/2019\/05\/03\/guinee-journee-internationale-de-la-liberte-de-la-presse-la-hac-invite-les-journalistes-a-plus-de-responsabilite\/#primaryimage\"},\"image\":{\"@id\":\"https:\/\/guineediversite.com\/index.php\/2019\/05\/03\/guinee-journee-internationale-de-la-liberte-de-la-presse-la-hac-invite-les-journalistes-a-plus-de-responsabilite\/#primaryimage\"},\"thumbnailUrl\":\"https:\/\/guineediversite.com\/wp-content\/uploads\/2019\/05\/HAC.jpg\",\"datePublished\":\"2019-05-03T16:12:32+00:00\",\"dateModified\":\"2019-05-03T16:12:32+00:00\",\"breadcrumb\":{\"@id\":\"https:\/\/guineediversite.com\/index.php\/2019\/05\/03\/guinee-journee-internationale-de-la-liberte-de-la-presse-la-hac-invite-les-journalistes-a-plus-de-responsabilite\/#breadcrumb\"},\"inLanguage\":\"fr-FR\",\"potentialAction\":[{\"@type\":\"ReadAction\",\"target\":[\"https:\/\/guineediversite.com\/index.php\/2019\/05\/03\/guinee-journee-internationale-de-la-liberte-de-la-presse-la-hac-invite-les-journalistes-a-plus-de-responsabilite\/\"]}]},{\"@type\":\"ImageObject\",\"inLanguage\":\"fr-FR\",\"@id\":\"https:\/\/guineediversite.com\/index.php\/2019\/05\/03\/guinee-journee-internationale-de-la-liberte-de-la-presse-la-hac-invite-les-journalistes-a-plus-de-responsabilite\/#primaryimage\",\"url\":\"https:\/\/guineediversite.com\/wp-content\/uploads\/2019\/05\/HAC.jpg\",\"contentUrl\":\"https:\/\/guineediversite.com\/wp-content\/uploads\/2019\/05\/HAC.jpg\",\"width\":1707,\"height\":1024},{\"@type\":\"BreadcrumbList\",\"@id\":\"https:\/\/guineediversite.com\/index.php\/2019\/05\/03\/guinee-journee-internationale-de-la-liberte-de-la-presse-la-hac-invite-les-journalistes-a-plus-de-responsabilite\/#breadcrumb\",\"itemListElement\":[{\"@type\":\"ListItem\",\"position\":1,\"name\":\"Accueil\",\"item\":\"https:\/\/guineediversite.com\/\"},{\"@type\":\"ListItem\",\"position\":2,\"name\":\"Guin\u00e9e\/Journ\u00e9e Internationale de la libert\u00e9 de la presse : la HAC invite les journalistes \u00e0 plus de responsabilit\u00e9\"}]},{\"@type\":\"WebSite\",\"@id\":\"https:\/\/guineediversite.com\/#website\",\"url\":\"https:\/\/guineediversite.com\/\",\"name\":\"Guin\u00e9e Diversit\u00e9\",\"description\":\"L&#039;Info dans toute sa diversit\u00e9\",\"publisher\":{\"@id\":\"https:\/\/guineediversite.com\/#organization\"},\"potentialAction\":[{\"@type\":\"SearchAction\",\"target\":{\"@type\":\"EntryPoint\",\"urlTemplate\":\"https:\/\/guineediversite.com\/?s={search_term_string}\"},\"query-input\":{\"@type\":\"PropertyValueSpecification\",\"valueRequired\":true,\"valueName\":\"search_term_string\"}}],\"inLanguage\":\"fr-FR\"},{\"@type\":\"Organization\",\"@id\":\"https:\/\/guineediversite.com\/#organization\",\"name\":\"Guin\u00e9e Diversit\u00e9\",\"url\":\"https:\/\/guineediversite.com\/\",\"logo\":{\"@type\":\"ImageObject\",\"inLanguage\":\"fr-FR\",\"@id\":\"https:\/\/guineediversite.com\/#\/schema\/logo\/image\/\",\"url\":\"https:\/\/guineediversite.com\/wp-content\/uploads\/2017\/04\/cropped-1jojlxEOMkX9Wyqfhe43D6kjPOGqBBKmx3EwWJqZ0cMrFF54yM49.png\",\"contentUrl\":\"https:\/\/guineediversite.com\/wp-content\/uploads\/2017\/04\/cropped-1jojlxEOMkX9Wyqfhe43D6kjPOGqBBKmx3EwWJqZ0cMrFF54yM49.png\",\"width\":186,\"height\":112,\"caption\":\"Guin\u00e9e Diversit\u00e9\"},\"image\":{\"@id\":\"https:\/\/guineediversite.com\/#\/schema\/logo\/image\/\"},\"sameAs\":[\"https:\/\/www.facebook.com\/guineediversite\/\",\"https:\/\/x.com\/GuineeDiversite\",\"https:\/\/www.youtube.com\/channel\/UC8sUY16qelG5ge6_D5SB83g\"]},{\"@type\":\"Person\",\"@id\":\"https:\/\/guineediversite.com\/#\/schema\/person\/0e0e3e424768a50d025ac2218ccca73f\",\"name\":\"Bilguissa Diallo\",\"image\":{\"@type\":\"ImageObject\",\"inLanguage\":\"fr-FR\",\"@id\":\"https:\/\/guineediversite.com\/#\/schema\/person\/image\/\",\"url\":\"https:\/\/secure.gravatar.com\/avatar\/49bbbd2420ee34d62b1b191791f4b5df?s=96&d=mm&r=g\",\"contentUrl\":\"https:\/\/secure.gravatar.com\/avatar\/49bbbd2420ee34d62b1b191791f4b5df?s=96&d=mm&r=g\",\"caption\":\"Bilguissa Diallo\"},\"url\":\"https:\/\/guineediversite.com\/index.php\/author\/bilguissa\/\"}]}<\/script>\n<!-- \/ Yoast SEO plugin. -->","yoast_head_json":{"title":"Guin\u00e9e\/Journ\u00e9e Internationale de la libert\u00e9 de la presse : la HAC invite les journalistes \u00e0 plus de responsabilit\u00e9 | Guin\u00e9e Diversit\u00e9","robots":{"index":"index","follow":"follow","max-snippet":"max-snippet:-1","max-image-preview":"max-image-preview:large","max-video-preview":"max-video-preview:-1"},"canonical":"https:\/\/guineediversite.com\/index.php\/2019\/05\/03\/guinee-journee-internationale-de-la-liberte-de-la-presse-la-hac-invite-les-journalistes-a-plus-de-responsabilite\/","og_locale":"fr_FR","og_type":"article","og_title":"Guin\u00e9e\/Journ\u00e9e Internationale de la libert\u00e9 de la presse : la HAC invite les journalistes \u00e0 plus de responsabilit\u00e9 | Guin\u00e9e Diversit\u00e9","og_description":"La journ\u00e9e mondiale de la libert\u00e9 de la presse est c\u00e9l\u00e9br\u00e9e ce vendredi 03 mai partout dans le monde. En Guin\u00e9e la c\u00e9r\u00e9monie s\u2019est tenue dans r\u00e9ceptif h\u00f4telier de Conakry, elle a connu la pr\u00e9sence des journalistes, les patrons des associations de la presse en Guin\u00e9e, les responsables de la Haute Autorit\u00e9 de la Communication [&hellip;]","og_url":"https:\/\/guineediversite.com\/index.php\/2019\/05\/03\/guinee-journee-internationale-de-la-liberte-de-la-presse-la-hac-invite-les-journalistes-a-plus-de-responsabilite\/","og_site_name":"Guin\u00e9e Diversit\u00e9","article_publisher":"https:\/\/www.facebook.com\/guineediversite\/","article_published_time":"2019-05-03T16:12:32+00:00","og_image":[{"width":1707,"height":1024,"url":"https:\/\/guineediversite.com\/wp-content\/uploads\/2019\/05\/HAC.jpg","type":"image\/jpeg"}],"author":"Bilguissa Diallo","twitter_card":"summary_large_image","twitter_creator":"@GuineeDiversite","twitter_site":"@GuineeDiversite","twitter_misc":{"\u00c9crit par":"Bilguissa Diallo","Dur\u00e9e de lecture estim\u00e9e":"2 minutes"},"schema":{"@context":"https:\/\/schema.org","@graph":[{"@type":"Article","@id":"https:\/\/guineediversite.com\/index.php\/2019\/05\/03\/guinee-journee-internationale-de-la-liberte-de-la-presse-la-hac-invite-les-journalistes-a-plus-de-responsabilite\/#article","isPartOf":{"@id":"https:\/\/guineediversite.com\/index.php\/2019\/05\/03\/guinee-journee-internationale-de-la-liberte-de-la-presse-la-hac-invite-les-journalistes-a-plus-de-responsabilite\/"},"author":{"name":"Bilguissa Diallo","@id":"https:\/\/guineediversite.com\/#\/schema\/person\/0e0e3e424768a50d025ac2218ccca73f"},"headline":"Guin\u00e9e\/Journ\u00e9e Internationale de la libert\u00e9 de la presse : la HAC invite les journalistes \u00e0 plus de responsabilit\u00e9","datePublished":"2019-05-03T16:12:32+00:00","dateModified":"2019-05-03T16:12:32+00:00","mainEntityOfPage":{"@id":"https:\/\/guineediversite.com\/index.php\/2019\/05\/03\/guinee-journee-internationale-de-la-liberte-de-la-presse-la-hac-invite-les-journalistes-a-plus-de-responsabilite\/"},"wordCount":414,"publisher":{"@id":"https:\/\/guineediversite.com\/#organization"},"image":{"@id":"https:\/\/guineediversite.com\/index.php\/2019\/05\/03\/guinee-journee-internationale-de-la-liberte-de-la-presse-la-hac-invite-les-journalistes-a-plus-de-responsabilite\/#primaryimage"},"thumbnailUrl":"https:\/\/guineediversite.com\/wp-content\/uploads\/2019\/05\/HAC.jpg","articleSection":["Soci\u00e9t\u00e9"],"inLanguage":"fr-FR"},{"@type":"WebPage","@id":"https:\/\/guineediversite.com\/index.php\/2019\/05\/03\/guinee-journee-internationale-de-la-liberte-de-la-presse-la-hac-invite-les-journalistes-a-plus-de-responsabilite\/","url":"https:\/\/guineediversite.com\/index.php\/2019\/05\/03\/guinee-journee-internationale-de-la-liberte-de-la-presse-la-hac-invite-les-journalistes-a-plus-de-responsabilite\/","name":"Guin\u00e9e\/Journ\u00e9e Internationale de la libert\u00e9 de la presse : la HAC invite les journalistes \u00e0 plus de responsabilit\u00e9 | Guin\u00e9e Diversit\u00e9","isPartOf":{"@id":"https:\/\/guineediversite.com\/#website"},"primaryImageOfPage":{"@id":"https:\/\/guineediversite.com\/index.php\/2019\/05\/03\/guinee-journee-internationale-de-la-liberte-de-la-presse-la-hac-invite-les-journalistes-a-plus-de-responsabilite\/#primaryimage"},"image":{"@id":"https:\/\/guineediversite.com\/index.php\/2019\/05\/03\/guinee-journee-internationale-de-la-liberte-de-la-presse-la-hac-invite-les-journalistes-a-plus-de-responsabilite\/#primaryimage"},"thumbnailUrl":"https:\/\/guineediversite.com\/wp-content\/uploads\/2019\/05\/HAC.jpg","datePublished":"2019-05-03T16:12:32+00:00","dateModified":"2019-05-03T16:12:32+00:00","breadcrumb":{"@id":"https:\/\/guineediversite.com\/index.php\/2019\/05\/03\/guinee-journee-internationale-de-la-liberte-de-la-presse-la-hac-invite-les-journalistes-a-plus-de-responsabilite\/#breadcrumb"},"inLanguage":"fr-FR","potentialAction":[{"@type":"ReadAction","target":["https:\/\/guineediversite.com\/index.php\/2019\/05\/03\/guinee-journee-internationale-de-la-liberte-de-la-presse-la-hac-invite-les-journalistes-a-plus-de-responsabilite\/"]}]},{"@type":"ImageObject","inLanguage":"fr-FR","@id":"https:\/\/guineediversite.com\/index.php\/2019\/05\/03\/guinee-journee-internationale-de-la-liberte-de-la-presse-la-hac-invite-les-journalistes-a-plus-de-responsabilite\/#primaryimage","url":"https:\/\/guineediversite.com\/wp-content\/uploads\/2019\/05\/HAC.jpg","contentUrl":"https:\/\/guineediversite.com\/wp-content\/uploads\/2019\/05\/HAC.jpg","width":1707,"height":1024},{"@type":"BreadcrumbList","@id":"https:\/\/guineediversite.com\/index.php\/2019\/05\/03\/guinee-journee-internationale-de-la-liberte-de-la-presse-la-hac-invite-les-journalistes-a-plus-de-responsabilite\/#breadcrumb","itemListElement":[{"@type":"ListItem","position":1,"name":"Accueil","item":"https:\/\/guineediversite.com\/"},{"@type":"ListItem","position":2,"name":"Guin\u00e9e\/Journ\u00e9e Internationale de la libert\u00e9 de la presse : la HAC invite les journalistes \u00e0 plus de responsabilit\u00e9"}]},{"@type":"WebSite","@id":"https:\/\/guineediversite.com\/#website","url":"https:\/\/guineediversite.com\/","name":"Guin\u00e9e Diversit\u00e9","description":"L&#039;Info dans toute sa diversit\u00e9","publisher":{"@id":"https:\/\/guineediversite.com\/#organization"},"potentialAction":[{"@type":"SearchAction","target":{"@type":"EntryPoint","urlTemplate":"https:\/\/guineediversite.com\/?s={search_term_string}"},"query-input":{"@type":"PropertyValueSpecification","valueRequired":true,"valueName":"search_term_string"}}],"inLanguage":"fr-FR"},{"@type":"Organization","@id":"https:\/\/guineediversite.com\/#organization","name":"Guin\u00e9e Diversit\u00e9","url":"https:\/\/guineediversite.com\/","logo":{"@type":"ImageObject","inLanguage":"fr-FR","@id":"https:\/\/guineediversite.com\/#\/schema\/logo\/image\/","url":"https:\/\/guineediversite.com\/wp-content\/uploads\/2017\/04\/cropped-1jojlxEOMkX9Wyqfhe43D6kjPOGqBBKmx3EwWJqZ0cMrFF54yM49.png","contentUrl":"https:\/\/guineediversite.com\/wp-content\/uploads\/2017\/04\/cropped-1jojlxEOMkX9Wyqfhe43D6kjPOGqBBKmx3EwWJqZ0cMrFF54yM49.png","width":186,"height":112,"caption":"Guin\u00e9e Diversit\u00e9"},"image":{"@id":"https:\/\/guineediversite.com\/#\/schema\/logo\/image\/"},"sameAs":["https:\/\/www.facebook.com\/guineediversite\/","https:\/\/x.com\/GuineeDiversite","https:\/\/www.youtube.com\/channel\/UC8sUY16qelG5ge6_D5SB83g"]},{"@type":"Person","@id":"https:\/\/guineediversite.com\/#\/schema\/person\/0e0e3e424768a50d025ac2218ccca73f","name":"Bilguissa Diallo","image":{"@type":"ImageObject","inLanguage":"fr-FR","@id":"https:\/\/guineediversite.com\/#\/schema\/person\/image\/","url":"https:\/\/secure.gravatar.com\/avatar\/49bbbd2420ee34d62b1b191791f4b5df?s=96&d=mm&r=g","contentUrl":"https:\/\/secure.gravatar.com\/avatar\/49bbbd2420ee34d62b1b191791f4b5df?s=96&d=mm&r=g","caption":"Bilguissa Diallo"},"url":"https:\/\/guineediversite.com\/index.php\/author\/bilguissa\/"}]}},"_links":{"self":[{"href":"https:\/\/guineediversite.com\/index.php\/wp-json\/wp\/v2\/posts\/28472"}],"collection":[{"href":"https:\/\/guineediversite.com\/index.php\/wp-json\/wp\/v2\/posts"}],"about":[{"href":"https:\/\/guineediversite.com\/index.php\/wp-json\/wp\/v2\/types\/post"}],"author":[{"embeddable":true,"href":"https:\/\/guineediversite.com\/index.php\/wp-json\/wp\/v2\/users\/7"}],"replies":[{"embeddable":true,"href":"https:\/\/guineediversite.com\/index.php\/wp-json\/wp\/v2\/comments?post=28472"}],"version-history":[{"count":0,"href":"https:\/\/guineediversite.com\/index.php\/wp-json\/wp\/v2\/posts\/28472\/revisions"}],"wp:featuredmedia":[{"embeddable":true,"href":"https:\/\/guineediversite.com\/index.php\/wp-json\/wp\/v2\/media\/28473"}],"wp:attachment":[{"href":"https:\/\/guineediversite.com\/index.php\/wp-json\/wp\/v2\/media?parent=28472"}],"wp:term":[{"taxonomy":"category","embeddable":true,"href":"https:\/\/guineediversite.com\/index.php\/wp-json\/wp\/v2\/categories?post=28472"},{"taxonomy":"post_tag","embeddable":true,"href":"https:\/\/guineediversite.com\/index.php\/wp-json\/wp\/v2\/tags?post=28472"}],"curies":[{"name":"wp","href":"https:\/\/api.w.org\/{rel}","templated":true}]}}