{"id":28469,"date":"2019-05-03T18:10:01","date_gmt":"2019-05-03T16:10:01","guid":{"rendered":"https:\/\/guineediversite.com\/?p=28469"},"modified":"2019-05-03T18:10:01","modified_gmt":"2019-05-03T16:10:01","slug":"rsf-sinquiete-pour-la-liberte-de-la-presse-en-afrique","status":"publish","type":"post","link":"https:\/\/guineediversite.com\/index.php\/2019\/05\/03\/rsf-sinquiete-pour-la-liberte-de-la-presse-en-afrique\/","title":{"rendered":"RSF s\u2019inqui\u00e8te pour la libert\u00e9 de la presse en Afrique"},"content":{"rendered":"<p><strong>Le 3 mai est la Journ\u00e9e mondiale de la libert\u00e9 de la presse. L&rsquo;occasion pour l&rsquo;ONG Reporters sans fronti\u00e8res (RSF) de dresser un \u00e9tat des lieux sur le continent et de se pencher sur la situation dans plusieurs pays d&rsquo;Afrique.<\/strong><\/p>\n<p>\u2666\u00a0<strong>La R\u00e9publique d\u00e9mocratique du Congo<\/strong><\/p>\n<p>RSF note que des signaux favorables ont \u00e9t\u00e9 envoy\u00e9s depuis le d\u00e9but de l&rsquo;ann\u00e9e. Mais l&rsquo;ONG insiste\u00a0: ils\u00a0<strong><a href=\"http:\/\/www.rfi.fr\/afrique\/20190213-rdc-medias-presse-alternance\">doivent se poursuivre<\/a><\/strong>\u00a0au vu du passif du pays en mati\u00e8re de libert\u00e9 de la presse.<\/p>\n<p>La RDC reste le pays dans lequel RSF a enregistr\u00e9 le plus grand nombre d\u2019exactions et d\u2019atteintes \u00e0 la libert\u00e9 de la presse pour la deuxi\u00e8me ann\u00e9e cons\u00e9cutive en 2018. Il est donc urgent que le nouveau pr\u00e9sident F\u00e9lix Tshisekedi change de logiciel, de politique.<\/p>\n<p>\u2666\u00a0<strong>La Guin\u00e9e<\/strong><\/p>\n<p>Des progr\u00e8s ont \u00e9t\u00e9 r\u00e9alis\u00e9s dans les textes, mais la situation demeure pr\u00e9occupante. Le pays a perdu trois places dans le dernier classement 2019 de la libert\u00e9 de la presse \u00e9tabli par RSF.<\/p>\n<p>La Guin\u00e9e continue de mettre en prison, pour des courtes dur\u00e9es mais tout de m\u00eame en prison, des journalistes dans l\u2019exercice de leur fonction, alors que le code de la communication pr\u00e9voit la d\u00e9p\u00e9nalisation des d\u00e9lits de presse.<\/p>\n<p>\u2666\u00a0<strong>Les Comores<\/strong><\/p>\n<p>La situation s&rsquo;est\u00a0<strong><a href=\"http:\/\/www.rfi.fr\/afrique\/20190216-comores-marche-liberte-expression-empechee-journalistes-societe-civile\">d\u00e9grad\u00e9e aux Comores<\/a><\/strong>. RSF juge qu&rsquo;elle est m\u00eame particuli\u00e8rement alarmante, d&rsquo;autant que le pays ne faisait jusque-l\u00e0 pas partie des plus r\u00e9pressifs en mati\u00e8re de libert\u00e9 de la presse.<\/p>\n<p>On constate depuis un an une recrudescence assez alarmante des exactions. (\u2026) Il y a une vraie pression qui est mise sur les m\u00e9dias et les journalistes comoriens qui couvrent la crise post-\u00e9lectorale et on a not\u00e9 derni\u00e8rement deux journalistes fran\u00e7ais qui ont \u00e9t\u00e9 contraints de quitter le pays.<strong>00:00<\/strong><\/p>\n<p>\u2666\u00a0<strong>Le Maroc<\/strong><\/p>\n<p>Le<strong><a href=\"http:\/\/www.rfi.fr\/afrique\/20180629-maroc-3-ans-prison-journaliste-suivi-manifestations-rif\">\u00a0harc\u00e8lement judiciaire\u00a0<\/a><\/strong>des journalistes pr\u00e9occupe particuli\u00e8rement RSF au Maroc. Tout comme la censure entourant certains sujets.<\/p>\n<p>Certains sujets sont toujours aussi tabous et difficiles \u00e0 traiter. Des journalistes peuvent se faire arr\u00eater et \u00eatre inqui\u00e9t\u00e9s pour traiter la situation dans le Rif, ou pour traiter les sujets concernant l\u2019immigration. Et l\u2019autre grand probl\u00e8me c\u2019est les poursuites judiciaires.\u00a0<strong>00:00<\/strong><\/p>\n<p>\u2666<strong>\u00a0Le Congo-Brazzaville<\/strong><\/p>\n<p>La pression est toujours tr\u00e8s forte sur les m\u00e9dias au Congo-Brazzaville, s&rsquo;alarme RSF.<\/p>\n<p>Les conditions d\u2019exercice du journalisme au Congo-Brazzaville restent difficiles. Le pays a encore perdu trois places au classement mondial de la libert\u00e9 de la presse \u00e9tabli par RSF en 219. L\u2019autocensure reste un probl\u00e8me permanent, pour des journalistes qui sont intimid\u00e9s et ont peur de critiquer le pouvoir.<strong>00:00<\/strong><\/p>\n<p>\u2666\u00a0<strong>Le Burundi<\/strong><\/p>\n<p>Au Burundi,<strong><a href=\"http:\/\/www.rfi.fr\/afrique\/20190330-burundi-medias-bbc-voa-nouveau-sanctionnees-bankumukunzi-rsf\">\u00a0la situation s&rsquo;est d\u00e9grad\u00e9e<\/a><\/strong>\u00a0depuis 2015 et pour ce pays, RSF peine \u00e0 faire preuve d&rsquo;optimisme.<\/p>\n<p>Les choses n\u2019\u00e9voluent pas favorablement au Burundi et rien n\u2019indique que la situation va s\u2019am\u00e9liorer dans les mois ou ann\u00e9es \u00e0 venir. Nous sommes en p\u00e9riode pr\u00e9-\u00e9lectorale, la censure et la propagande sont directement prises en charge par le pr\u00e9sident Nkurunziza.<\/p>\n<p><strong>RFI<\/strong><\/p>\n","protected":false},"excerpt":{"rendered":"<p>Le 3 mai est la Journ\u00e9e mondiale de la libert\u00e9 de la presse. L&rsquo;occasion pour l&rsquo;ONG Reporters sans fronti\u00e8res (RSF) de dresser un \u00e9tat des lieux sur le continent et de se pencher sur la situation dans plusieurs pays d&rsquo;Afrique. \u2666\u00a0La R\u00e9publique d\u00e9mocratique du Congo RSF note que des signaux favorables ont \u00e9t\u00e9 envoy\u00e9s depuis [&hellip;]<\/p>\n","protected":false},"author":12,"featured_media":28470,"comment_status":"closed","ping_status":"closed","sticky":false,"template":"","format":"standard","meta":{"_exactmetrics_skip_tracking":false,"_exactmetrics_sitenote_active":false,"_exactmetrics_sitenote_note":"","_exactmetrics_sitenote_category":0,"tdm_status":"","tdm_grid_status":"","footnotes":""},"categories":[21],"tags":[],"class_list":{"0":"post-28469","1":"post","2":"type-post","3":"status-publish","4":"format-standard","5":"has-post-thumbnail","7":"category-international"},"yoast_head":"<!-- This site is optimized with the Yoast SEO plugin v24.2 - https:\/\/yoast.com\/wordpress\/plugins\/seo\/ -->\n<title>RSF s\u2019inqui\u00e8te pour la libert\u00e9 de la presse en Afrique | Guin\u00e9e Diversit\u00e9<\/title>\n<meta name=\"robots\" content=\"index, follow, max-snippet:-1, max-image-preview:large, max-video-preview:-1\" \/>\n<link rel=\"canonical\" href=\"https:\/\/guineediversite.com\/index.php\/2019\/05\/03\/rsf-sinquiete-pour-la-liberte-de-la-presse-en-afrique\/\" \/>\n<meta property=\"og:locale\" content=\"fr_FR\" \/>\n<meta property=\"og:type\" content=\"article\" \/>\n<meta property=\"og:title\" content=\"RSF s\u2019inqui\u00e8te pour la libert\u00e9 de la presse en Afrique | Guin\u00e9e Diversit\u00e9\" \/>\n<meta property=\"og:description\" content=\"Le 3 mai est la Journ\u00e9e mondiale de la libert\u00e9 de la presse. L&rsquo;occasion pour l&rsquo;ONG Reporters sans fronti\u00e8res (RSF) de dresser un \u00e9tat des lieux sur le continent et de se pencher sur la situation dans plusieurs pays d&rsquo;Afrique. \u2666\u00a0La R\u00e9publique d\u00e9mocratique du Congo RSF note que des signaux favorables ont \u00e9t\u00e9 envoy\u00e9s depuis [&hellip;]\" \/>\n<meta property=\"og:url\" content=\"https:\/\/guineediversite.com\/index.php\/2019\/05\/03\/rsf-sinquiete-pour-la-liberte-de-la-presse-en-afrique\/\" \/>\n<meta property=\"og:site_name\" content=\"Guin\u00e9e Diversit\u00e9\" \/>\n<meta property=\"article:publisher\" content=\"https:\/\/www.facebook.com\/guineediversite\/\" \/>\n<meta property=\"article:published_time\" content=\"2019-05-03T16:10:01+00:00\" \/>\n<meta property=\"og:image\" content=\"https:\/\/guineediversite.com\/wp-content\/uploads\/2019\/05\/RSF.jpg\" \/>\n\t<meta property=\"og:image:width\" content=\"1024\" \/>\n\t<meta property=\"og:image:height\" content=\"578\" \/>\n\t<meta property=\"og:image:type\" content=\"image\/jpeg\" \/>\n<meta name=\"author\" content=\"Guin\u00e9e Diversit\u00e9\" \/>\n<meta name=\"twitter:card\" content=\"summary_large_image\" \/>\n<meta name=\"twitter:creator\" content=\"@GuineeDiversite\" \/>\n<meta name=\"twitter:site\" content=\"@GuineeDiversite\" \/>\n<meta name=\"twitter:label1\" content=\"\u00c9crit par\" \/>\n\t<meta name=\"twitter:data1\" content=\"Guin\u00e9e Diversit\u00e9\" \/>\n\t<meta name=\"twitter:label2\" content=\"Dur\u00e9e de lecture estim\u00e9e\" \/>\n\t<meta name=\"twitter:data2\" content=\"3 minutes\" \/>\n<script type=\"application\/ld+json\" class=\"yoast-schema-graph\">{\"@context\":\"https:\/\/schema.org\",\"@graph\":[{\"@type\":\"Article\",\"@id\":\"https:\/\/guineediversite.com\/index.php\/2019\/05\/03\/rsf-sinquiete-pour-la-liberte-de-la-presse-en-afrique\/#article\",\"isPartOf\":{\"@id\":\"https:\/\/guineediversite.com\/index.php\/2019\/05\/03\/rsf-sinquiete-pour-la-liberte-de-la-presse-en-afrique\/\"},\"author\":{\"name\":\"Guin\u00e9e Diversit\u00e9\",\"@id\":\"https:\/\/guineediversite.com\/#\/schema\/person\/afa08fb34e7fc6e1feafc892612bc836\"},\"headline\":\"RSF s\u2019inqui\u00e8te pour la libert\u00e9 de la presse en Afrique\",\"datePublished\":\"2019-05-03T16:10:01+00:00\",\"dateModified\":\"2019-05-03T16:10:01+00:00\",\"mainEntityOfPage\":{\"@id\":\"https:\/\/guineediversite.com\/index.php\/2019\/05\/03\/rsf-sinquiete-pour-la-liberte-de-la-presse-en-afrique\/\"},\"wordCount\":543,\"publisher\":{\"@id\":\"https:\/\/guineediversite.com\/#organization\"},\"image\":{\"@id\":\"https:\/\/guineediversite.com\/index.php\/2019\/05\/03\/rsf-sinquiete-pour-la-liberte-de-la-presse-en-afrique\/#primaryimage\"},\"thumbnailUrl\":\"https:\/\/guineediversite.com\/wp-content\/uploads\/2019\/05\/RSF.jpg\",\"articleSection\":[\"International\"],\"inLanguage\":\"fr-FR\"},{\"@type\":\"WebPage\",\"@id\":\"https:\/\/guineediversite.com\/index.php\/2019\/05\/03\/rsf-sinquiete-pour-la-liberte-de-la-presse-en-afrique\/\",\"url\":\"https:\/\/guineediversite.com\/index.php\/2019\/05\/03\/rsf-sinquiete-pour-la-liberte-de-la-presse-en-afrique\/\",\"name\":\"RSF s\u2019inqui\u00e8te pour la libert\u00e9 de la presse en Afrique | Guin\u00e9e Diversit\u00e9\",\"isPartOf\":{\"@id\":\"https:\/\/guineediversite.com\/#website\"},\"primaryImageOfPage\":{\"@id\":\"https:\/\/guineediversite.com\/index.php\/2019\/05\/03\/rsf-sinquiete-pour-la-liberte-de-la-presse-en-afrique\/#primaryimage\"},\"image\":{\"@id\":\"https:\/\/guineediversite.com\/index.php\/2019\/05\/03\/rsf-sinquiete-pour-la-liberte-de-la-presse-en-afrique\/#primaryimage\"},\"thumbnailUrl\":\"https:\/\/guineediversite.com\/wp-content\/uploads\/2019\/05\/RSF.jpg\",\"datePublished\":\"2019-05-03T16:10:01+00:00\",\"dateModified\":\"2019-05-03T16:10:01+00:00\",\"breadcrumb\":{\"@id\":\"https:\/\/guineediversite.com\/index.php\/2019\/05\/03\/rsf-sinquiete-pour-la-liberte-de-la-presse-en-afrique\/#breadcrumb\"},\"inLanguage\":\"fr-FR\",\"potentialAction\":[{\"@type\":\"ReadAction\",\"target\":[\"https:\/\/guineediversite.com\/index.php\/2019\/05\/03\/rsf-sinquiete-pour-la-liberte-de-la-presse-en-afrique\/\"]}]},{\"@type\":\"ImageObject\",\"inLanguage\":\"fr-FR\",\"@id\":\"https:\/\/guineediversite.com\/index.php\/2019\/05\/03\/rsf-sinquiete-pour-la-liberte-de-la-presse-en-afrique\/#primaryimage\",\"url\":\"https:\/\/guineediversite.com\/wp-content\/uploads\/2019\/05\/RSF.jpg\",\"contentUrl\":\"https:\/\/guineediversite.com\/wp-content\/uploads\/2019\/05\/RSF.jpg\",\"width\":1024,\"height\":578},{\"@type\":\"BreadcrumbList\",\"@id\":\"https:\/\/guineediversite.com\/index.php\/2019\/05\/03\/rsf-sinquiete-pour-la-liberte-de-la-presse-en-afrique\/#breadcrumb\",\"itemListElement\":[{\"@type\":\"ListItem\",\"position\":1,\"name\":\"Accueil\",\"item\":\"https:\/\/guineediversite.com\/\"},{\"@type\":\"ListItem\",\"position\":2,\"name\":\"RSF s\u2019inqui\u00e8te pour la libert\u00e9 de la presse en Afrique\"}]},{\"@type\":\"WebSite\",\"@id\":\"https:\/\/guineediversite.com\/#website\",\"url\":\"https:\/\/guineediversite.com\/\",\"name\":\"Guin\u00e9e Diversit\u00e9\",\"description\":\"L&#039;Info dans toute sa diversit\u00e9\",\"publisher\":{\"@id\":\"https:\/\/guineediversite.com\/#organization\"},\"potentialAction\":[{\"@type\":\"SearchAction\",\"target\":{\"@type\":\"EntryPoint\",\"urlTemplate\":\"https:\/\/guineediversite.com\/?s={search_term_string}\"},\"query-input\":{\"@type\":\"PropertyValueSpecification\",\"valueRequired\":true,\"valueName\":\"search_term_string\"}}],\"inLanguage\":\"fr-FR\"},{\"@type\":\"Organization\",\"@id\":\"https:\/\/guineediversite.com\/#organization\",\"name\":\"Guin\u00e9e Diversit\u00e9\",\"url\":\"https:\/\/guineediversite.com\/\",\"logo\":{\"@type\":\"ImageObject\",\"inLanguage\":\"fr-FR\",\"@id\":\"https:\/\/guineediversite.com\/#\/schema\/logo\/image\/\",\"url\":\"https:\/\/guineediversite.com\/wp-content\/uploads\/2017\/04\/cropped-1jojlxEOMkX9Wyqfhe43D6kjPOGqBBKmx3EwWJqZ0cMrFF54yM49.png\",\"contentUrl\":\"https:\/\/guineediversite.com\/wp-content\/uploads\/2017\/04\/cropped-1jojlxEOMkX9Wyqfhe43D6kjPOGqBBKmx3EwWJqZ0cMrFF54yM49.png\",\"width\":186,\"height\":112,\"caption\":\"Guin\u00e9e Diversit\u00e9\"},\"image\":{\"@id\":\"https:\/\/guineediversite.com\/#\/schema\/logo\/image\/\"},\"sameAs\":[\"https:\/\/www.facebook.com\/guineediversite\/\",\"https:\/\/x.com\/GuineeDiversite\",\"https:\/\/www.youtube.com\/channel\/UC8sUY16qelG5ge6_D5SB83g\"]},{\"@type\":\"Person\",\"@id\":\"https:\/\/guineediversite.com\/#\/schema\/person\/afa08fb34e7fc6e1feafc892612bc836\",\"name\":\"Guin\u00e9e Diversit\u00e9\",\"image\":{\"@type\":\"ImageObject\",\"inLanguage\":\"fr-FR\",\"@id\":\"https:\/\/guineediversite.com\/#\/schema\/person\/image\/\",\"url\":\"https:\/\/secure.gravatar.com\/avatar\/50d5eb5b390f8b65ac30ac6f898eb83a?s=96&d=mm&r=g\",\"contentUrl\":\"https:\/\/secure.gravatar.com\/avatar\/50d5eb5b390f8b65ac30ac6f898eb83a?s=96&d=mm&r=g\",\"caption\":\"Guin\u00e9e Diversit\u00e9\"},\"url\":\"https:\/\/guineediversite.com\/index.php\/author\/guineediversite\/\"}]}<\/script>\n<!-- \/ Yoast SEO plugin. -->","yoast_head_json":{"title":"RSF s\u2019inqui\u00e8te pour la libert\u00e9 de la presse en Afrique | Guin\u00e9e Diversit\u00e9","robots":{"index":"index","follow":"follow","max-snippet":"max-snippet:-1","max-image-preview":"max-image-preview:large","max-video-preview":"max-video-preview:-1"},"canonical":"https:\/\/guineediversite.com\/index.php\/2019\/05\/03\/rsf-sinquiete-pour-la-liberte-de-la-presse-en-afrique\/","og_locale":"fr_FR","og_type":"article","og_title":"RSF s\u2019inqui\u00e8te pour la libert\u00e9 de la presse en Afrique | Guin\u00e9e Diversit\u00e9","og_description":"Le 3 mai est la Journ\u00e9e mondiale de la libert\u00e9 de la presse. L&rsquo;occasion pour l&rsquo;ONG Reporters sans fronti\u00e8res (RSF) de dresser un \u00e9tat des lieux sur le continent et de se pencher sur la situation dans plusieurs pays d&rsquo;Afrique. \u2666\u00a0La R\u00e9publique d\u00e9mocratique du Congo RSF note que des signaux favorables ont \u00e9t\u00e9 envoy\u00e9s depuis [&hellip;]","og_url":"https:\/\/guineediversite.com\/index.php\/2019\/05\/03\/rsf-sinquiete-pour-la-liberte-de-la-presse-en-afrique\/","og_site_name":"Guin\u00e9e Diversit\u00e9","article_publisher":"https:\/\/www.facebook.com\/guineediversite\/","article_published_time":"2019-05-03T16:10:01+00:00","og_image":[{"width":1024,"height":578,"url":"https:\/\/guineediversite.com\/wp-content\/uploads\/2019\/05\/RSF.jpg","type":"image\/jpeg"}],"author":"Guin\u00e9e Diversit\u00e9","twitter_card":"summary_large_image","twitter_creator":"@GuineeDiversite","twitter_site":"@GuineeDiversite","twitter_misc":{"\u00c9crit par":"Guin\u00e9e Diversit\u00e9","Dur\u00e9e de lecture estim\u00e9e":"3 minutes"},"schema":{"@context":"https:\/\/schema.org","@graph":[{"@type":"Article","@id":"https:\/\/guineediversite.com\/index.php\/2019\/05\/03\/rsf-sinquiete-pour-la-liberte-de-la-presse-en-afrique\/#article","isPartOf":{"@id":"https:\/\/guineediversite.com\/index.php\/2019\/05\/03\/rsf-sinquiete-pour-la-liberte-de-la-presse-en-afrique\/"},"author":{"name":"Guin\u00e9e Diversit\u00e9","@id":"https:\/\/guineediversite.com\/#\/schema\/person\/afa08fb34e7fc6e1feafc892612bc836"},"headline":"RSF s\u2019inqui\u00e8te pour la libert\u00e9 de la presse en Afrique","datePublished":"2019-05-03T16:10:01+00:00","dateModified":"2019-05-03T16:10:01+00:00","mainEntityOfPage":{"@id":"https:\/\/guineediversite.com\/index.php\/2019\/05\/03\/rsf-sinquiete-pour-la-liberte-de-la-presse-en-afrique\/"},"wordCount":543,"publisher":{"@id":"https:\/\/guineediversite.com\/#organization"},"image":{"@id":"https:\/\/guineediversite.com\/index.php\/2019\/05\/03\/rsf-sinquiete-pour-la-liberte-de-la-presse-en-afrique\/#primaryimage"},"thumbnailUrl":"https:\/\/guineediversite.com\/wp-content\/uploads\/2019\/05\/RSF.jpg","articleSection":["International"],"inLanguage":"fr-FR"},{"@type":"WebPage","@id":"https:\/\/guineediversite.com\/index.php\/2019\/05\/03\/rsf-sinquiete-pour-la-liberte-de-la-presse-en-afrique\/","url":"https:\/\/guineediversite.com\/index.php\/2019\/05\/03\/rsf-sinquiete-pour-la-liberte-de-la-presse-en-afrique\/","name":"RSF s\u2019inqui\u00e8te pour la libert\u00e9 de la presse en Afrique | Guin\u00e9e Diversit\u00e9","isPartOf":{"@id":"https:\/\/guineediversite.com\/#website"},"primaryImageOfPage":{"@id":"https:\/\/guineediversite.com\/index.php\/2019\/05\/03\/rsf-sinquiete-pour-la-liberte-de-la-presse-en-afrique\/#primaryimage"},"image":{"@id":"https:\/\/guineediversite.com\/index.php\/2019\/05\/03\/rsf-sinquiete-pour-la-liberte-de-la-presse-en-afrique\/#primaryimage"},"thumbnailUrl":"https:\/\/guineediversite.com\/wp-content\/uploads\/2019\/05\/RSF.jpg","datePublished":"2019-05-03T16:10:01+00:00","dateModified":"2019-05-03T16:10:01+00:00","breadcrumb":{"@id":"https:\/\/guineediversite.com\/index.php\/2019\/05\/03\/rsf-sinquiete-pour-la-liberte-de-la-presse-en-afrique\/#breadcrumb"},"inLanguage":"fr-FR","potentialAction":[{"@type":"ReadAction","target":["https:\/\/guineediversite.com\/index.php\/2019\/05\/03\/rsf-sinquiete-pour-la-liberte-de-la-presse-en-afrique\/"]}]},{"@type":"ImageObject","inLanguage":"fr-FR","@id":"https:\/\/guineediversite.com\/index.php\/2019\/05\/03\/rsf-sinquiete-pour-la-liberte-de-la-presse-en-afrique\/#primaryimage","url":"https:\/\/guineediversite.com\/wp-content\/uploads\/2019\/05\/RSF.jpg","contentUrl":"https:\/\/guineediversite.com\/wp-content\/uploads\/2019\/05\/RSF.jpg","width":1024,"height":578},{"@type":"BreadcrumbList","@id":"https:\/\/guineediversite.com\/index.php\/2019\/05\/03\/rsf-sinquiete-pour-la-liberte-de-la-presse-en-afrique\/#breadcrumb","itemListElement":[{"@type":"ListItem","position":1,"name":"Accueil","item":"https:\/\/guineediversite.com\/"},{"@type":"ListItem","position":2,"name":"RSF s\u2019inqui\u00e8te pour la libert\u00e9 de la presse en Afrique"}]},{"@type":"WebSite","@id":"https:\/\/guineediversite.com\/#website","url":"https:\/\/guineediversite.com\/","name":"Guin\u00e9e Diversit\u00e9","description":"L&#039;Info dans toute sa diversit\u00e9","publisher":{"@id":"https:\/\/guineediversite.com\/#organization"},"potentialAction":[{"@type":"SearchAction","target":{"@type":"EntryPoint","urlTemplate":"https:\/\/guineediversite.com\/?s={search_term_string}"},"query-input":{"@type":"PropertyValueSpecification","valueRequired":true,"valueName":"search_term_string"}}],"inLanguage":"fr-FR"},{"@type":"Organization","@id":"https:\/\/guineediversite.com\/#organization","name":"Guin\u00e9e Diversit\u00e9","url":"https:\/\/guineediversite.com\/","logo":{"@type":"ImageObject","inLanguage":"fr-FR","@id":"https:\/\/guineediversite.com\/#\/schema\/logo\/image\/","url":"https:\/\/guineediversite.com\/wp-content\/uploads\/2017\/04\/cropped-1jojlxEOMkX9Wyqfhe43D6kjPOGqBBKmx3EwWJqZ0cMrFF54yM49.png","contentUrl":"https:\/\/guineediversite.com\/wp-content\/uploads\/2017\/04\/cropped-1jojlxEOMkX9Wyqfhe43D6kjPOGqBBKmx3EwWJqZ0cMrFF54yM49.png","width":186,"height":112,"caption":"Guin\u00e9e Diversit\u00e9"},"image":{"@id":"https:\/\/guineediversite.com\/#\/schema\/logo\/image\/"},"sameAs":["https:\/\/www.facebook.com\/guineediversite\/","https:\/\/x.com\/GuineeDiversite","https:\/\/www.youtube.com\/channel\/UC8sUY16qelG5ge6_D5SB83g"]},{"@type":"Person","@id":"https:\/\/guineediversite.com\/#\/schema\/person\/afa08fb34e7fc6e1feafc892612bc836","name":"Guin\u00e9e Diversit\u00e9","image":{"@type":"ImageObject","inLanguage":"fr-FR","@id":"https:\/\/guineediversite.com\/#\/schema\/person\/image\/","url":"https:\/\/secure.gravatar.com\/avatar\/50d5eb5b390f8b65ac30ac6f898eb83a?s=96&d=mm&r=g","contentUrl":"https:\/\/secure.gravatar.com\/avatar\/50d5eb5b390f8b65ac30ac6f898eb83a?s=96&d=mm&r=g","caption":"Guin\u00e9e Diversit\u00e9"},"url":"https:\/\/guineediversite.com\/index.php\/author\/guineediversite\/"}]}},"_links":{"self":[{"href":"https:\/\/guineediversite.com\/index.php\/wp-json\/wp\/v2\/posts\/28469"}],"collection":[{"href":"https:\/\/guineediversite.com\/index.php\/wp-json\/wp\/v2\/posts"}],"about":[{"href":"https:\/\/guineediversite.com\/index.php\/wp-json\/wp\/v2\/types\/post"}],"author":[{"embeddable":true,"href":"https:\/\/guineediversite.com\/index.php\/wp-json\/wp\/v2\/users\/12"}],"replies":[{"embeddable":true,"href":"https:\/\/guineediversite.com\/index.php\/wp-json\/wp\/v2\/comments?post=28469"}],"version-history":[{"count":0,"href":"https:\/\/guineediversite.com\/index.php\/wp-json\/wp\/v2\/posts\/28469\/revisions"}],"wp:featuredmedia":[{"embeddable":true,"href":"https:\/\/guineediversite.com\/index.php\/wp-json\/wp\/v2\/media\/28470"}],"wp:attachment":[{"href":"https:\/\/guineediversite.com\/index.php\/wp-json\/wp\/v2\/media?parent=28469"}],"wp:term":[{"taxonomy":"category","embeddable":true,"href":"https:\/\/guineediversite.com\/index.php\/wp-json\/wp\/v2\/categories?post=28469"},{"taxonomy":"post_tag","embeddable":true,"href":"https:\/\/guineediversite.com\/index.php\/wp-json\/wp\/v2\/tags?post=28469"}],"curies":[{"name":"wp","href":"https:\/\/api.w.org\/{rel}","templated":true}]}}