{"id":28466,"date":"2019-05-03T18:07:41","date_gmt":"2019-05-03T16:07:41","guid":{"rendered":"https:\/\/guineediversite.com\/?p=28466"},"modified":"2019-05-03T18:07:41","modified_gmt":"2019-05-03T16:07:41","slug":"guinee-liberte-de-la-presse-80-des-journalistes-guineens-nont-pas-la-carte-professionnelle-delivree-par-la-hac-declare-sidy-diallo","status":"publish","type":"post","link":"https:\/\/guineediversite.com\/index.php\/2019\/05\/03\/guinee-liberte-de-la-presse-80-des-journalistes-guineens-nont-pas-la-carte-professionnelle-delivree-par-la-hac-declare-sidy-diallo\/","title":{"rendered":"Guin\u00e9e\/Libert\u00e9 de la presse : \u00ab 80% des journalistes guin\u00e9ens n\u2019ont pas la carte professionnelle d\u00e9livr\u00e9e par la HAC\u00bb, d\u00e9clare Sidy Diallo"},"content":{"rendered":"<p>Joint au t\u00e9l\u00e9phone ce matin par nos confr\u00e8res de la Radio Espace FM, dans l\u2019\u00e9mission les \u2018\u2019GG\u2019\u2019, sur la question de la libert\u00e9 de la presse, camarde Sidy Diallo le secr\u00e9taire g\u00e9n\u00e9ral du Syndicat des Professionnels de la Presse Priv\u00e9e de Guin\u00e9e(SPPG) a \u00e9voqu\u00e9 certaines \u00a0difficult\u00e9s auxquelles les journalistes guin\u00e9ens sont confront\u00e9s.<\/p>\n<p>\u00ab\u00a0<em>Il est grave de constater que les simples contrats de travail n\u2019ont pas \u00e9t\u00e9 sign\u00e9s par beaucoup d\u2019associations des patrons de presse. C\u2019est ce qui fait que \u00a080% des journalistes guin\u00e9ens n\u2019ont la pas la carte professionnelle d\u00e9livr\u00e9e par la Haute Autorit\u00e9 de la Communication(HAC). Pour avoir la carte professionnelle, la HAC exige de d\u00e9poser le contrat de travail, mais malheureusement beaucoup de radios, patrons n\u2019ont pas accept\u00e9 de d\u00e9livrer ce simple contrat de travail aux journalistes<\/em>\u00a0\u00bb, a regrette le secr\u00e9taire g\u00e9n\u00e9ral du SPPG.<\/p>\n<p>Et de poursuivre, il n\u2019y a pas deux ou trois radios qui ont ses journalistes assur\u00e9s soit \u00e0 la caisse nationale, soit dans une banque d\u2019assurance.<\/p>\n<p>Pour le secr\u00e9taire g\u00e9n\u00e9ral du SPPG, la r\u00e9mun\u00e9ration des journalistes de la presse priv\u00e9e en Guin\u00e9e, est un autre probl\u00e8me qui se pose avec acuit\u00e9.<\/p>\n<p>\u00ab\u00a0<em>Certains journalistes n\u2019ont pas le prix de SMIG (440\u00a0000fg), surtout ceux qui sont \u00e0 l\u2019int\u00e9rieur du pays. D\u2019ailleurs, ceux qui ont 440\u00a0000fg ou plus par mois, beaucoup peuvent aller jusqu\u2019\u00e0 2 ou 6 moi sans sans\u00a0\u00eatre pay\u00e9s. Je connais un m\u00e9dia\u00a0aujourd\u2019hui, jusqu\u2019\u00e0 \u00a06 mois les journalistes ne sont pas en possession de leur salaire<\/em>\u00a0\u00bb, a-t-il martel\u00e9.<\/p>\n<p>&nbsp;<\/p>\n<p>&nbsp;<\/p>\n","protected":false},"excerpt":{"rendered":"<p>Joint au t\u00e9l\u00e9phone ce matin par nos confr\u00e8res de la Radio Espace FM, dans l\u2019\u00e9mission les \u2018\u2019GG\u2019\u2019, sur la question de la libert\u00e9 de la presse, camarde Sidy Diallo le secr\u00e9taire g\u00e9n\u00e9ral du Syndicat des Professionnels de la Presse Priv\u00e9e de Guin\u00e9e(SPPG) a \u00e9voqu\u00e9 certaines \u00a0difficult\u00e9s auxquelles les journalistes guin\u00e9ens sont confront\u00e9s. \u00ab\u00a0Il est grave [&hellip;]<\/p>\n","protected":false},"author":10,"featured_media":28467,"comment_status":"closed","ping_status":"closed","sticky":false,"template":"","format":"standard","meta":{"_exactmetrics_skip_tracking":false,"_exactmetrics_sitenote_active":false,"_exactmetrics_sitenote_note":"","_exactmetrics_sitenote_category":0,"tdm_status":"","tdm_grid_status":"","footnotes":""},"categories":[16],"tags":[],"class_list":{"0":"post-28466","1":"post","2":"type-post","3":"status-publish","4":"format-standard","5":"has-post-thumbnail","7":"category-societe"},"yoast_head":"<!-- This site is optimized with the Yoast SEO plugin v24.2 - https:\/\/yoast.com\/wordpress\/plugins\/seo\/ -->\n<title>Guin\u00e9e\/Libert\u00e9 de la presse : \u00ab 80% des journalistes guin\u00e9ens n\u2019ont pas la carte professionnelle d\u00e9livr\u00e9e par la HAC\u00bb, d\u00e9clare Sidy Diallo | Guin\u00e9e Diversit\u00e9<\/title>\n<meta name=\"robots\" content=\"index, follow, max-snippet:-1, max-image-preview:large, max-video-preview:-1\" \/>\n<link rel=\"canonical\" href=\"https:\/\/guineediversite.com\/index.php\/2019\/05\/03\/guinee-liberte-de-la-presse-80-des-journalistes-guineens-nont-pas-la-carte-professionnelle-delivree-par-la-hac-declare-sidy-diallo\/\" \/>\n<meta property=\"og:locale\" content=\"fr_FR\" \/>\n<meta property=\"og:type\" content=\"article\" \/>\n<meta property=\"og:title\" content=\"Guin\u00e9e\/Libert\u00e9 de la presse : \u00ab 80% des journalistes guin\u00e9ens n\u2019ont pas la carte professionnelle d\u00e9livr\u00e9e par la HAC\u00bb, d\u00e9clare Sidy Diallo | Guin\u00e9e Diversit\u00e9\" \/>\n<meta property=\"og:description\" content=\"Joint au t\u00e9l\u00e9phone ce matin par nos confr\u00e8res de la Radio Espace FM, dans l\u2019\u00e9mission les \u2018\u2019GG\u2019\u2019, sur la question de la libert\u00e9 de la presse, camarde Sidy Diallo le secr\u00e9taire g\u00e9n\u00e9ral du Syndicat des Professionnels de la Presse Priv\u00e9e de Guin\u00e9e(SPPG) a \u00e9voqu\u00e9 certaines \u00a0difficult\u00e9s auxquelles les journalistes guin\u00e9ens sont confront\u00e9s. \u00ab\u00a0Il est grave [&hellip;]\" \/>\n<meta property=\"og:url\" content=\"https:\/\/guineediversite.com\/index.php\/2019\/05\/03\/guinee-liberte-de-la-presse-80-des-journalistes-guineens-nont-pas-la-carte-professionnelle-delivree-par-la-hac-declare-sidy-diallo\/\" \/>\n<meta property=\"og:site_name\" content=\"Guin\u00e9e Diversit\u00e9\" \/>\n<meta property=\"article:publisher\" content=\"https:\/\/www.facebook.com\/guineediversite\/\" \/>\n<meta property=\"article:published_time\" content=\"2019-05-03T16:07:41+00:00\" \/>\n<meta property=\"og:image\" content=\"https:\/\/guineediversite.com\/wp-content\/uploads\/2019\/05\/SIDI.jpg\" \/>\n\t<meta property=\"og:image:width\" content=\"1829\" \/>\n\t<meta property=\"og:image:height\" content=\"1024\" \/>\n\t<meta property=\"og:image:type\" content=\"image\/jpeg\" \/>\n<meta name=\"author\" content=\"Morcire Camara\" \/>\n<meta name=\"twitter:card\" content=\"summary_large_image\" \/>\n<meta name=\"twitter:creator\" content=\"@GuineeDiversite\" \/>\n<meta name=\"twitter:site\" content=\"@GuineeDiversite\" \/>\n<meta name=\"twitter:label1\" content=\"\u00c9crit par\" \/>\n\t<meta name=\"twitter:data1\" content=\"Morcire Camara\" \/>\n\t<meta name=\"twitter:label2\" content=\"Dur\u00e9e de lecture estim\u00e9e\" \/>\n\t<meta name=\"twitter:data2\" content=\"1 minute\" \/>\n<script type=\"application\/ld+json\" class=\"yoast-schema-graph\">{\"@context\":\"https:\/\/schema.org\",\"@graph\":[{\"@type\":\"Article\",\"@id\":\"https:\/\/guineediversite.com\/index.php\/2019\/05\/03\/guinee-liberte-de-la-presse-80-des-journalistes-guineens-nont-pas-la-carte-professionnelle-delivree-par-la-hac-declare-sidy-diallo\/#article\",\"isPartOf\":{\"@id\":\"https:\/\/guineediversite.com\/index.php\/2019\/05\/03\/guinee-liberte-de-la-presse-80-des-journalistes-guineens-nont-pas-la-carte-professionnelle-delivree-par-la-hac-declare-sidy-diallo\/\"},\"author\":{\"name\":\"Morcire Camara\",\"@id\":\"https:\/\/guineediversite.com\/#\/schema\/person\/fa362494c47202ce4b3adf55abcc9d01\"},\"headline\":\"Guin\u00e9e\/Libert\u00e9 de la presse : \u00ab 80% des journalistes guin\u00e9ens n\u2019ont pas la carte professionnelle d\u00e9livr\u00e9e par la HAC\u00bb, d\u00e9clare Sidy Diallo\",\"datePublished\":\"2019-05-03T16:07:41+00:00\",\"dateModified\":\"2019-05-03T16:07:41+00:00\",\"mainEntityOfPage\":{\"@id\":\"https:\/\/guineediversite.com\/index.php\/2019\/05\/03\/guinee-liberte-de-la-presse-80-des-journalistes-guineens-nont-pas-la-carte-professionnelle-delivree-par-la-hac-declare-sidy-diallo\/\"},\"wordCount\":313,\"publisher\":{\"@id\":\"https:\/\/guineediversite.com\/#organization\"},\"image\":{\"@id\":\"https:\/\/guineediversite.com\/index.php\/2019\/05\/03\/guinee-liberte-de-la-presse-80-des-journalistes-guineens-nont-pas-la-carte-professionnelle-delivree-par-la-hac-declare-sidy-diallo\/#primaryimage\"},\"thumbnailUrl\":\"https:\/\/guineediversite.com\/wp-content\/uploads\/2019\/05\/SIDI.jpg\",\"articleSection\":[\"Soci\u00e9t\u00e9\"],\"inLanguage\":\"fr-FR\"},{\"@type\":\"WebPage\",\"@id\":\"https:\/\/guineediversite.com\/index.php\/2019\/05\/03\/guinee-liberte-de-la-presse-80-des-journalistes-guineens-nont-pas-la-carte-professionnelle-delivree-par-la-hac-declare-sidy-diallo\/\",\"url\":\"https:\/\/guineediversite.com\/index.php\/2019\/05\/03\/guinee-liberte-de-la-presse-80-des-journalistes-guineens-nont-pas-la-carte-professionnelle-delivree-par-la-hac-declare-sidy-diallo\/\",\"name\":\"Guin\u00e9e\/Libert\u00e9 de la presse : \u00ab 80% des journalistes guin\u00e9ens n\u2019ont pas la carte professionnelle d\u00e9livr\u00e9e par la HAC\u00bb, d\u00e9clare Sidy Diallo | Guin\u00e9e Diversit\u00e9\",\"isPartOf\":{\"@id\":\"https:\/\/guineediversite.com\/#website\"},\"primaryImageOfPage\":{\"@id\":\"https:\/\/guineediversite.com\/index.php\/2019\/05\/03\/guinee-liberte-de-la-presse-80-des-journalistes-guineens-nont-pas-la-carte-professionnelle-delivree-par-la-hac-declare-sidy-diallo\/#primaryimage\"},\"image\":{\"@id\":\"https:\/\/guineediversite.com\/index.php\/2019\/05\/03\/guinee-liberte-de-la-presse-80-des-journalistes-guineens-nont-pas-la-carte-professionnelle-delivree-par-la-hac-declare-sidy-diallo\/#primaryimage\"},\"thumbnailUrl\":\"https:\/\/guineediversite.com\/wp-content\/uploads\/2019\/05\/SIDI.jpg\",\"datePublished\":\"2019-05-03T16:07:41+00:00\",\"dateModified\":\"2019-05-03T16:07:41+00:00\",\"breadcrumb\":{\"@id\":\"https:\/\/guineediversite.com\/index.php\/2019\/05\/03\/guinee-liberte-de-la-presse-80-des-journalistes-guineens-nont-pas-la-carte-professionnelle-delivree-par-la-hac-declare-sidy-diallo\/#breadcrumb\"},\"inLanguage\":\"fr-FR\",\"potentialAction\":[{\"@type\":\"ReadAction\",\"target\":[\"https:\/\/guineediversite.com\/index.php\/2019\/05\/03\/guinee-liberte-de-la-presse-80-des-journalistes-guineens-nont-pas-la-carte-professionnelle-delivree-par-la-hac-declare-sidy-diallo\/\"]}]},{\"@type\":\"ImageObject\",\"inLanguage\":\"fr-FR\",\"@id\":\"https:\/\/guineediversite.com\/index.php\/2019\/05\/03\/guinee-liberte-de-la-presse-80-des-journalistes-guineens-nont-pas-la-carte-professionnelle-delivree-par-la-hac-declare-sidy-diallo\/#primaryimage\",\"url\":\"https:\/\/guineediversite.com\/wp-content\/uploads\/2019\/05\/SIDI.jpg\",\"contentUrl\":\"https:\/\/guineediversite.com\/wp-content\/uploads\/2019\/05\/SIDI.jpg\",\"width\":1829,\"height\":1024},{\"@type\":\"BreadcrumbList\",\"@id\":\"https:\/\/guineediversite.com\/index.php\/2019\/05\/03\/guinee-liberte-de-la-presse-80-des-journalistes-guineens-nont-pas-la-carte-professionnelle-delivree-par-la-hac-declare-sidy-diallo\/#breadcrumb\",\"itemListElement\":[{\"@type\":\"ListItem\",\"position\":1,\"name\":\"Accueil\",\"item\":\"https:\/\/guineediversite.com\/\"},{\"@type\":\"ListItem\",\"position\":2,\"name\":\"Guin\u00e9e\/Libert\u00e9 de la presse : \u00ab 80% des journalistes guin\u00e9ens n\u2019ont pas la carte professionnelle d\u00e9livr\u00e9e par la HAC\u00bb, d\u00e9clare Sidy Diallo\"}]},{\"@type\":\"WebSite\",\"@id\":\"https:\/\/guineediversite.com\/#website\",\"url\":\"https:\/\/guineediversite.com\/\",\"name\":\"Guin\u00e9e Diversit\u00e9\",\"description\":\"L&#039;Info dans toute sa diversit\u00e9\",\"publisher\":{\"@id\":\"https:\/\/guineediversite.com\/#organization\"},\"potentialAction\":[{\"@type\":\"SearchAction\",\"target\":{\"@type\":\"EntryPoint\",\"urlTemplate\":\"https:\/\/guineediversite.com\/?s={search_term_string}\"},\"query-input\":{\"@type\":\"PropertyValueSpecification\",\"valueRequired\":true,\"valueName\":\"search_term_string\"}}],\"inLanguage\":\"fr-FR\"},{\"@type\":\"Organization\",\"@id\":\"https:\/\/guineediversite.com\/#organization\",\"name\":\"Guin\u00e9e Diversit\u00e9\",\"url\":\"https:\/\/guineediversite.com\/\",\"logo\":{\"@type\":\"ImageObject\",\"inLanguage\":\"fr-FR\",\"@id\":\"https:\/\/guineediversite.com\/#\/schema\/logo\/image\/\",\"url\":\"https:\/\/guineediversite.com\/wp-content\/uploads\/2017\/04\/cropped-1jojlxEOMkX9Wyqfhe43D6kjPOGqBBKmx3EwWJqZ0cMrFF54yM49.png\",\"contentUrl\":\"https:\/\/guineediversite.com\/wp-content\/uploads\/2017\/04\/cropped-1jojlxEOMkX9Wyqfhe43D6kjPOGqBBKmx3EwWJqZ0cMrFF54yM49.png\",\"width\":186,\"height\":112,\"caption\":\"Guin\u00e9e Diversit\u00e9\"},\"image\":{\"@id\":\"https:\/\/guineediversite.com\/#\/schema\/logo\/image\/\"},\"sameAs\":[\"https:\/\/www.facebook.com\/guineediversite\/\",\"https:\/\/x.com\/GuineeDiversite\",\"https:\/\/www.youtube.com\/channel\/UC8sUY16qelG5ge6_D5SB83g\"]},{\"@type\":\"Person\",\"@id\":\"https:\/\/guineediversite.com\/#\/schema\/person\/fa362494c47202ce4b3adf55abcc9d01\",\"name\":\"Morcire Camara\",\"image\":{\"@type\":\"ImageObject\",\"inLanguage\":\"fr-FR\",\"@id\":\"https:\/\/guineediversite.com\/#\/schema\/person\/image\/\",\"url\":\"https:\/\/secure.gravatar.com\/avatar\/3ec324f02295bbcebe03d99b39330ab4?s=96&d=mm&r=g\",\"contentUrl\":\"https:\/\/secure.gravatar.com\/avatar\/3ec324f02295bbcebe03d99b39330ab4?s=96&d=mm&r=g\",\"caption\":\"Morcire Camara\"},\"url\":\"https:\/\/guineediversite.com\/index.php\/author\/morcire\/\"}]}<\/script>\n<!-- \/ Yoast SEO plugin. -->","yoast_head_json":{"title":"Guin\u00e9e\/Libert\u00e9 de la presse : \u00ab 80% des journalistes guin\u00e9ens n\u2019ont pas la carte professionnelle d\u00e9livr\u00e9e par la HAC\u00bb, d\u00e9clare Sidy Diallo | Guin\u00e9e Diversit\u00e9","robots":{"index":"index","follow":"follow","max-snippet":"max-snippet:-1","max-image-preview":"max-image-preview:large","max-video-preview":"max-video-preview:-1"},"canonical":"https:\/\/guineediversite.com\/index.php\/2019\/05\/03\/guinee-liberte-de-la-presse-80-des-journalistes-guineens-nont-pas-la-carte-professionnelle-delivree-par-la-hac-declare-sidy-diallo\/","og_locale":"fr_FR","og_type":"article","og_title":"Guin\u00e9e\/Libert\u00e9 de la presse : \u00ab 80% des journalistes guin\u00e9ens n\u2019ont pas la carte professionnelle d\u00e9livr\u00e9e par la HAC\u00bb, d\u00e9clare Sidy Diallo | Guin\u00e9e Diversit\u00e9","og_description":"Joint au t\u00e9l\u00e9phone ce matin par nos confr\u00e8res de la Radio Espace FM, dans l\u2019\u00e9mission les \u2018\u2019GG\u2019\u2019, sur la question de la libert\u00e9 de la presse, camarde Sidy Diallo le secr\u00e9taire g\u00e9n\u00e9ral du Syndicat des Professionnels de la Presse Priv\u00e9e de Guin\u00e9e(SPPG) a \u00e9voqu\u00e9 certaines \u00a0difficult\u00e9s auxquelles les journalistes guin\u00e9ens sont confront\u00e9s. \u00ab\u00a0Il est grave [&hellip;]","og_url":"https:\/\/guineediversite.com\/index.php\/2019\/05\/03\/guinee-liberte-de-la-presse-80-des-journalistes-guineens-nont-pas-la-carte-professionnelle-delivree-par-la-hac-declare-sidy-diallo\/","og_site_name":"Guin\u00e9e Diversit\u00e9","article_publisher":"https:\/\/www.facebook.com\/guineediversite\/","article_published_time":"2019-05-03T16:07:41+00:00","og_image":[{"width":1829,"height":1024,"url":"https:\/\/guineediversite.com\/wp-content\/uploads\/2019\/05\/SIDI.jpg","type":"image\/jpeg"}],"author":"Morcire Camara","twitter_card":"summary_large_image","twitter_creator":"@GuineeDiversite","twitter_site":"@GuineeDiversite","twitter_misc":{"\u00c9crit par":"Morcire Camara","Dur\u00e9e de lecture estim\u00e9e":"1 minute"},"schema":{"@context":"https:\/\/schema.org","@graph":[{"@type":"Article","@id":"https:\/\/guineediversite.com\/index.php\/2019\/05\/03\/guinee-liberte-de-la-presse-80-des-journalistes-guineens-nont-pas-la-carte-professionnelle-delivree-par-la-hac-declare-sidy-diallo\/#article","isPartOf":{"@id":"https:\/\/guineediversite.com\/index.php\/2019\/05\/03\/guinee-liberte-de-la-presse-80-des-journalistes-guineens-nont-pas-la-carte-professionnelle-delivree-par-la-hac-declare-sidy-diallo\/"},"author":{"name":"Morcire Camara","@id":"https:\/\/guineediversite.com\/#\/schema\/person\/fa362494c47202ce4b3adf55abcc9d01"},"headline":"Guin\u00e9e\/Libert\u00e9 de la presse : \u00ab 80% des journalistes guin\u00e9ens n\u2019ont pas la carte professionnelle d\u00e9livr\u00e9e par la HAC\u00bb, d\u00e9clare Sidy Diallo","datePublished":"2019-05-03T16:07:41+00:00","dateModified":"2019-05-03T16:07:41+00:00","mainEntityOfPage":{"@id":"https:\/\/guineediversite.com\/index.php\/2019\/05\/03\/guinee-liberte-de-la-presse-80-des-journalistes-guineens-nont-pas-la-carte-professionnelle-delivree-par-la-hac-declare-sidy-diallo\/"},"wordCount":313,"publisher":{"@id":"https:\/\/guineediversite.com\/#organization"},"image":{"@id":"https:\/\/guineediversite.com\/index.php\/2019\/05\/03\/guinee-liberte-de-la-presse-80-des-journalistes-guineens-nont-pas-la-carte-professionnelle-delivree-par-la-hac-declare-sidy-diallo\/#primaryimage"},"thumbnailUrl":"https:\/\/guineediversite.com\/wp-content\/uploads\/2019\/05\/SIDI.jpg","articleSection":["Soci\u00e9t\u00e9"],"inLanguage":"fr-FR"},{"@type":"WebPage","@id":"https:\/\/guineediversite.com\/index.php\/2019\/05\/03\/guinee-liberte-de-la-presse-80-des-journalistes-guineens-nont-pas-la-carte-professionnelle-delivree-par-la-hac-declare-sidy-diallo\/","url":"https:\/\/guineediversite.com\/index.php\/2019\/05\/03\/guinee-liberte-de-la-presse-80-des-journalistes-guineens-nont-pas-la-carte-professionnelle-delivree-par-la-hac-declare-sidy-diallo\/","name":"Guin\u00e9e\/Libert\u00e9 de la presse : \u00ab 80% des journalistes guin\u00e9ens n\u2019ont pas la carte professionnelle d\u00e9livr\u00e9e par la HAC\u00bb, d\u00e9clare Sidy Diallo | Guin\u00e9e Diversit\u00e9","isPartOf":{"@id":"https:\/\/guineediversite.com\/#website"},"primaryImageOfPage":{"@id":"https:\/\/guineediversite.com\/index.php\/2019\/05\/03\/guinee-liberte-de-la-presse-80-des-journalistes-guineens-nont-pas-la-carte-professionnelle-delivree-par-la-hac-declare-sidy-diallo\/#primaryimage"},"image":{"@id":"https:\/\/guineediversite.com\/index.php\/2019\/05\/03\/guinee-liberte-de-la-presse-80-des-journalistes-guineens-nont-pas-la-carte-professionnelle-delivree-par-la-hac-declare-sidy-diallo\/#primaryimage"},"thumbnailUrl":"https:\/\/guineediversite.com\/wp-content\/uploads\/2019\/05\/SIDI.jpg","datePublished":"2019-05-03T16:07:41+00:00","dateModified":"2019-05-03T16:07:41+00:00","breadcrumb":{"@id":"https:\/\/guineediversite.com\/index.php\/2019\/05\/03\/guinee-liberte-de-la-presse-80-des-journalistes-guineens-nont-pas-la-carte-professionnelle-delivree-par-la-hac-declare-sidy-diallo\/#breadcrumb"},"inLanguage":"fr-FR","potentialAction":[{"@type":"ReadAction","target":["https:\/\/guineediversite.com\/index.php\/2019\/05\/03\/guinee-liberte-de-la-presse-80-des-journalistes-guineens-nont-pas-la-carte-professionnelle-delivree-par-la-hac-declare-sidy-diallo\/"]}]},{"@type":"ImageObject","inLanguage":"fr-FR","@id":"https:\/\/guineediversite.com\/index.php\/2019\/05\/03\/guinee-liberte-de-la-presse-80-des-journalistes-guineens-nont-pas-la-carte-professionnelle-delivree-par-la-hac-declare-sidy-diallo\/#primaryimage","url":"https:\/\/guineediversite.com\/wp-content\/uploads\/2019\/05\/SIDI.jpg","contentUrl":"https:\/\/guineediversite.com\/wp-content\/uploads\/2019\/05\/SIDI.jpg","width":1829,"height":1024},{"@type":"BreadcrumbList","@id":"https:\/\/guineediversite.com\/index.php\/2019\/05\/03\/guinee-liberte-de-la-presse-80-des-journalistes-guineens-nont-pas-la-carte-professionnelle-delivree-par-la-hac-declare-sidy-diallo\/#breadcrumb","itemListElement":[{"@type":"ListItem","position":1,"name":"Accueil","item":"https:\/\/guineediversite.com\/"},{"@type":"ListItem","position":2,"name":"Guin\u00e9e\/Libert\u00e9 de la presse : \u00ab 80% des journalistes guin\u00e9ens n\u2019ont pas la carte professionnelle d\u00e9livr\u00e9e par la HAC\u00bb, d\u00e9clare Sidy Diallo"}]},{"@type":"WebSite","@id":"https:\/\/guineediversite.com\/#website","url":"https:\/\/guineediversite.com\/","name":"Guin\u00e9e Diversit\u00e9","description":"L&#039;Info dans toute sa diversit\u00e9","publisher":{"@id":"https:\/\/guineediversite.com\/#organization"},"potentialAction":[{"@type":"SearchAction","target":{"@type":"EntryPoint","urlTemplate":"https:\/\/guineediversite.com\/?s={search_term_string}"},"query-input":{"@type":"PropertyValueSpecification","valueRequired":true,"valueName":"search_term_string"}}],"inLanguage":"fr-FR"},{"@type":"Organization","@id":"https:\/\/guineediversite.com\/#organization","name":"Guin\u00e9e Diversit\u00e9","url":"https:\/\/guineediversite.com\/","logo":{"@type":"ImageObject","inLanguage":"fr-FR","@id":"https:\/\/guineediversite.com\/#\/schema\/logo\/image\/","url":"https:\/\/guineediversite.com\/wp-content\/uploads\/2017\/04\/cropped-1jojlxEOMkX9Wyqfhe43D6kjPOGqBBKmx3EwWJqZ0cMrFF54yM49.png","contentUrl":"https:\/\/guineediversite.com\/wp-content\/uploads\/2017\/04\/cropped-1jojlxEOMkX9Wyqfhe43D6kjPOGqBBKmx3EwWJqZ0cMrFF54yM49.png","width":186,"height":112,"caption":"Guin\u00e9e Diversit\u00e9"},"image":{"@id":"https:\/\/guineediversite.com\/#\/schema\/logo\/image\/"},"sameAs":["https:\/\/www.facebook.com\/guineediversite\/","https:\/\/x.com\/GuineeDiversite","https:\/\/www.youtube.com\/channel\/UC8sUY16qelG5ge6_D5SB83g"]},{"@type":"Person","@id":"https:\/\/guineediversite.com\/#\/schema\/person\/fa362494c47202ce4b3adf55abcc9d01","name":"Morcire Camara","image":{"@type":"ImageObject","inLanguage":"fr-FR","@id":"https:\/\/guineediversite.com\/#\/schema\/person\/image\/","url":"https:\/\/secure.gravatar.com\/avatar\/3ec324f02295bbcebe03d99b39330ab4?s=96&d=mm&r=g","contentUrl":"https:\/\/secure.gravatar.com\/avatar\/3ec324f02295bbcebe03d99b39330ab4?s=96&d=mm&r=g","caption":"Morcire Camara"},"url":"https:\/\/guineediversite.com\/index.php\/author\/morcire\/"}]}},"_links":{"self":[{"href":"https:\/\/guineediversite.com\/index.php\/wp-json\/wp\/v2\/posts\/28466"}],"collection":[{"href":"https:\/\/guineediversite.com\/index.php\/wp-json\/wp\/v2\/posts"}],"about":[{"href":"https:\/\/guineediversite.com\/index.php\/wp-json\/wp\/v2\/types\/post"}],"author":[{"embeddable":true,"href":"https:\/\/guineediversite.com\/index.php\/wp-json\/wp\/v2\/users\/10"}],"replies":[{"embeddable":true,"href":"https:\/\/guineediversite.com\/index.php\/wp-json\/wp\/v2\/comments?post=28466"}],"version-history":[{"count":0,"href":"https:\/\/guineediversite.com\/index.php\/wp-json\/wp\/v2\/posts\/28466\/revisions"}],"wp:featuredmedia":[{"embeddable":true,"href":"https:\/\/guineediversite.com\/index.php\/wp-json\/wp\/v2\/media\/28467"}],"wp:attachment":[{"href":"https:\/\/guineediversite.com\/index.php\/wp-json\/wp\/v2\/media?parent=28466"}],"wp:term":[{"taxonomy":"category","embeddable":true,"href":"https:\/\/guineediversite.com\/index.php\/wp-json\/wp\/v2\/categories?post=28466"},{"taxonomy":"post_tag","embeddable":true,"href":"https:\/\/guineediversite.com\/index.php\/wp-json\/wp\/v2\/tags?post=28466"}],"curies":[{"name":"wp","href":"https:\/\/api.w.org\/{rel}","templated":true}]}}