{"id":28462,"date":"2019-05-01T21:15:22","date_gmt":"2019-05-01T19:15:22","guid":{"rendered":"https:\/\/guineediversite.com\/?p=28462"},"modified":"2019-05-01T21:15:22","modified_gmt":"2019-05-01T19:15:22","slug":"fete-du-travail-voici-le-bilan-du-ministere-du-travail","status":"publish","type":"post","link":"https:\/\/guineediversite.com\/index.php\/2019\/05\/01\/fete-du-travail-voici-le-bilan-du-ministere-du-travail\/","title":{"rendered":"F\u00eate du travail: Voici le bilan du minist\u00e8re du travail"},"content":{"rendered":"<p>La Guin\u00e9e \u00e0 l\u2019instar des autres Pays du monde, a c\u00e9l\u00e9br\u00e9 ce mercredi 01 er mai la journ\u00e9e international du travail, pour cette ann\u00e9e le th\u00e8me retenu a \u00e9t\u00e9 \u201dl\u2019avenir du travail, d\u00e9fit et perspective\u201d.<\/p>\n<p>\u00c0 Conakry, \u00a0c\u2019est l\u2019esplanade du palais du peuple a servi de cadre \u00e0 cette c\u00e9r\u00e9monie qui a connu la mobilisation des travailleuses et travailleurs de la R\u00e9publique de Guin\u00e9e.<\/p>\n<p>Dans son discours de circonstance, le ministre du travail a dress\u00e9 les acquis de son d\u00e9partement depuis l\u2019av\u00e8nement de la troisi\u00e8me r\u00e9publique \u2039\u2039pour la Guin\u00e9e, de 2010 \u00e0 2018, la troisi\u00e8me r\u00e9publique a permis aux partenaires sociaux, notamment des organisations syndicales d\u2019avoir les acquis importants et significatifs. On peut citer entre autre, l\u2019instauration d\u2019un salaire minimum interprofessionnel garanti, la cr\u00e9ation de deux institutions de protection sociale \u00e0 savoir la caisse nationale de pr\u00e9vention sociale des agents de l\u2019Etat et d\u2019un site national d\u2019assurance, l\u2019instauration pour la premi\u00e8re fois d\u2019une indemnit\u00e9 de d\u00e9part \u00e0 la retraite pour le secteur public, l\u2019am\u00e9lioration consistante des salaires pour le secteur public \u00e0 hauteur de 177%\u203a\u203a dresse Lansana Komara ministre du travail.<br \/>\nCependant, cette journ\u00e9e a enregistr\u00e9 des \u00e9chauffour\u00e9es entre les structures syndicales.<\/p>\n<p>&nbsp;<\/p>\n","protected":false},"excerpt":{"rendered":"<p>La Guin\u00e9e \u00e0 l\u2019instar des autres Pays du monde, a c\u00e9l\u00e9br\u00e9 ce mercredi 01 er mai la journ\u00e9e international du travail, pour cette ann\u00e9e le th\u00e8me retenu a \u00e9t\u00e9 \u201dl\u2019avenir du travail, d\u00e9fit et perspective\u201d. \u00c0 Conakry, \u00a0c\u2019est l\u2019esplanade du palais du peuple a servi de cadre \u00e0 cette c\u00e9r\u00e9monie qui a connu la mobilisation [&hellip;]<\/p>\n","protected":false},"author":7,"featured_media":28463,"comment_status":"closed","ping_status":"closed","sticky":false,"template":"","format":"standard","meta":{"_exactmetrics_skip_tracking":false,"_exactmetrics_sitenote_active":false,"_exactmetrics_sitenote_note":"","_exactmetrics_sitenote_category":0,"tdm_status":"","tdm_grid_status":"","footnotes":""},"categories":[16],"tags":[],"class_list":{"0":"post-28462","1":"post","2":"type-post","3":"status-publish","4":"format-standard","5":"has-post-thumbnail","7":"category-societe"},"yoast_head":"<!-- This site is optimized with the Yoast SEO plugin v24.2 - https:\/\/yoast.com\/wordpress\/plugins\/seo\/ -->\n<title>F\u00eate du travail: Voici le bilan du minist\u00e8re du travail | Guin\u00e9e Diversit\u00e9<\/title>\n<meta name=\"robots\" content=\"index, follow, max-snippet:-1, max-image-preview:large, max-video-preview:-1\" \/>\n<link rel=\"canonical\" href=\"https:\/\/guineediversite.com\/index.php\/2019\/05\/01\/fete-du-travail-voici-le-bilan-du-ministere-du-travail\/\" \/>\n<meta property=\"og:locale\" content=\"fr_FR\" \/>\n<meta property=\"og:type\" content=\"article\" \/>\n<meta property=\"og:title\" content=\"F\u00eate du travail: Voici le bilan du minist\u00e8re du travail | Guin\u00e9e Diversit\u00e9\" \/>\n<meta property=\"og:description\" content=\"La Guin\u00e9e \u00e0 l\u2019instar des autres Pays du monde, a c\u00e9l\u00e9br\u00e9 ce mercredi 01 er mai la journ\u00e9e international du travail, pour cette ann\u00e9e le th\u00e8me retenu a \u00e9t\u00e9 \u201dl\u2019avenir du travail, d\u00e9fit et perspective\u201d. \u00c0 Conakry, \u00a0c\u2019est l\u2019esplanade du palais du peuple a servi de cadre \u00e0 cette c\u00e9r\u00e9monie qui a connu la mobilisation [&hellip;]\" \/>\n<meta property=\"og:url\" content=\"https:\/\/guineediversite.com\/index.php\/2019\/05\/01\/fete-du-travail-voici-le-bilan-du-ministere-du-travail\/\" \/>\n<meta property=\"og:site_name\" content=\"Guin\u00e9e Diversit\u00e9\" \/>\n<meta property=\"article:publisher\" content=\"https:\/\/www.facebook.com\/guineediversite\/\" \/>\n<meta property=\"article:published_time\" content=\"2019-05-01T19:15:22+00:00\" \/>\n<meta property=\"og:image\" content=\"https:\/\/guineediversite.com\/wp-content\/uploads\/2019\/05\/TRA.jpeg\" \/>\n\t<meta property=\"og:image:width\" content=\"1713\" \/>\n\t<meta property=\"og:image:height\" content=\"1024\" \/>\n\t<meta property=\"og:image:type\" content=\"image\/jpeg\" \/>\n<meta name=\"author\" content=\"Bilguissa Diallo\" \/>\n<meta name=\"twitter:card\" content=\"summary_large_image\" \/>\n<meta name=\"twitter:creator\" content=\"@GuineeDiversite\" \/>\n<meta name=\"twitter:site\" content=\"@GuineeDiversite\" \/>\n<meta name=\"twitter:label1\" content=\"\u00c9crit par\" \/>\n\t<meta name=\"twitter:data1\" content=\"Bilguissa Diallo\" \/>\n\t<meta name=\"twitter:label2\" content=\"Dur\u00e9e de lecture estim\u00e9e\" \/>\n\t<meta name=\"twitter:data2\" content=\"1 minute\" \/>\n<script type=\"application\/ld+json\" class=\"yoast-schema-graph\">{\"@context\":\"https:\/\/schema.org\",\"@graph\":[{\"@type\":\"Article\",\"@id\":\"https:\/\/guineediversite.com\/index.php\/2019\/05\/01\/fete-du-travail-voici-le-bilan-du-ministere-du-travail\/#article\",\"isPartOf\":{\"@id\":\"https:\/\/guineediversite.com\/index.php\/2019\/05\/01\/fete-du-travail-voici-le-bilan-du-ministere-du-travail\/\"},\"author\":{\"name\":\"Bilguissa Diallo\",\"@id\":\"https:\/\/guineediversite.com\/#\/schema\/person\/0e0e3e424768a50d025ac2218ccca73f\"},\"headline\":\"F\u00eate du travail: Voici le bilan du minist\u00e8re du travail\",\"datePublished\":\"2019-05-01T19:15:22+00:00\",\"dateModified\":\"2019-05-01T19:15:22+00:00\",\"mainEntityOfPage\":{\"@id\":\"https:\/\/guineediversite.com\/index.php\/2019\/05\/01\/fete-du-travail-voici-le-bilan-du-ministere-du-travail\/\"},\"wordCount\":233,\"publisher\":{\"@id\":\"https:\/\/guineediversite.com\/#organization\"},\"image\":{\"@id\":\"https:\/\/guineediversite.com\/index.php\/2019\/05\/01\/fete-du-travail-voici-le-bilan-du-ministere-du-travail\/#primaryimage\"},\"thumbnailUrl\":\"https:\/\/guineediversite.com\/wp-content\/uploads\/2019\/05\/TRA.jpeg\",\"articleSection\":[\"Soci\u00e9t\u00e9\"],\"inLanguage\":\"fr-FR\"},{\"@type\":\"WebPage\",\"@id\":\"https:\/\/guineediversite.com\/index.php\/2019\/05\/01\/fete-du-travail-voici-le-bilan-du-ministere-du-travail\/\",\"url\":\"https:\/\/guineediversite.com\/index.php\/2019\/05\/01\/fete-du-travail-voici-le-bilan-du-ministere-du-travail\/\",\"name\":\"F\u00eate du travail: Voici le bilan du minist\u00e8re du travail | Guin\u00e9e Diversit\u00e9\",\"isPartOf\":{\"@id\":\"https:\/\/guineediversite.com\/#website\"},\"primaryImageOfPage\":{\"@id\":\"https:\/\/guineediversite.com\/index.php\/2019\/05\/01\/fete-du-travail-voici-le-bilan-du-ministere-du-travail\/#primaryimage\"},\"image\":{\"@id\":\"https:\/\/guineediversite.com\/index.php\/2019\/05\/01\/fete-du-travail-voici-le-bilan-du-ministere-du-travail\/#primaryimage\"},\"thumbnailUrl\":\"https:\/\/guineediversite.com\/wp-content\/uploads\/2019\/05\/TRA.jpeg\",\"datePublished\":\"2019-05-01T19:15:22+00:00\",\"dateModified\":\"2019-05-01T19:15:22+00:00\",\"breadcrumb\":{\"@id\":\"https:\/\/guineediversite.com\/index.php\/2019\/05\/01\/fete-du-travail-voici-le-bilan-du-ministere-du-travail\/#breadcrumb\"},\"inLanguage\":\"fr-FR\",\"potentialAction\":[{\"@type\":\"ReadAction\",\"target\":[\"https:\/\/guineediversite.com\/index.php\/2019\/05\/01\/fete-du-travail-voici-le-bilan-du-ministere-du-travail\/\"]}]},{\"@type\":\"ImageObject\",\"inLanguage\":\"fr-FR\",\"@id\":\"https:\/\/guineediversite.com\/index.php\/2019\/05\/01\/fete-du-travail-voici-le-bilan-du-ministere-du-travail\/#primaryimage\",\"url\":\"https:\/\/guineediversite.com\/wp-content\/uploads\/2019\/05\/TRA.jpeg\",\"contentUrl\":\"https:\/\/guineediversite.com\/wp-content\/uploads\/2019\/05\/TRA.jpeg\",\"width\":1713,\"height\":1024},{\"@type\":\"BreadcrumbList\",\"@id\":\"https:\/\/guineediversite.com\/index.php\/2019\/05\/01\/fete-du-travail-voici-le-bilan-du-ministere-du-travail\/#breadcrumb\",\"itemListElement\":[{\"@type\":\"ListItem\",\"position\":1,\"name\":\"Accueil\",\"item\":\"https:\/\/guineediversite.com\/\"},{\"@type\":\"ListItem\",\"position\":2,\"name\":\"F\u00eate du travail: Voici le bilan du minist\u00e8re du travail\"}]},{\"@type\":\"WebSite\",\"@id\":\"https:\/\/guineediversite.com\/#website\",\"url\":\"https:\/\/guineediversite.com\/\",\"name\":\"Guin\u00e9e Diversit\u00e9\",\"description\":\"L&#039;Info dans toute sa diversit\u00e9\",\"publisher\":{\"@id\":\"https:\/\/guineediversite.com\/#organization\"},\"potentialAction\":[{\"@type\":\"SearchAction\",\"target\":{\"@type\":\"EntryPoint\",\"urlTemplate\":\"https:\/\/guineediversite.com\/?s={search_term_string}\"},\"query-input\":{\"@type\":\"PropertyValueSpecification\",\"valueRequired\":true,\"valueName\":\"search_term_string\"}}],\"inLanguage\":\"fr-FR\"},{\"@type\":\"Organization\",\"@id\":\"https:\/\/guineediversite.com\/#organization\",\"name\":\"Guin\u00e9e Diversit\u00e9\",\"url\":\"https:\/\/guineediversite.com\/\",\"logo\":{\"@type\":\"ImageObject\",\"inLanguage\":\"fr-FR\",\"@id\":\"https:\/\/guineediversite.com\/#\/schema\/logo\/image\/\",\"url\":\"https:\/\/guineediversite.com\/wp-content\/uploads\/2017\/04\/cropped-1jojlxEOMkX9Wyqfhe43D6kjPOGqBBKmx3EwWJqZ0cMrFF54yM49.png\",\"contentUrl\":\"https:\/\/guineediversite.com\/wp-content\/uploads\/2017\/04\/cropped-1jojlxEOMkX9Wyqfhe43D6kjPOGqBBKmx3EwWJqZ0cMrFF54yM49.png\",\"width\":186,\"height\":112,\"caption\":\"Guin\u00e9e Diversit\u00e9\"},\"image\":{\"@id\":\"https:\/\/guineediversite.com\/#\/schema\/logo\/image\/\"},\"sameAs\":[\"https:\/\/www.facebook.com\/guineediversite\/\",\"https:\/\/x.com\/GuineeDiversite\",\"https:\/\/www.youtube.com\/channel\/UC8sUY16qelG5ge6_D5SB83g\"]},{\"@type\":\"Person\",\"@id\":\"https:\/\/guineediversite.com\/#\/schema\/person\/0e0e3e424768a50d025ac2218ccca73f\",\"name\":\"Bilguissa Diallo\",\"image\":{\"@type\":\"ImageObject\",\"inLanguage\":\"fr-FR\",\"@id\":\"https:\/\/guineediversite.com\/#\/schema\/person\/image\/\",\"url\":\"https:\/\/secure.gravatar.com\/avatar\/49bbbd2420ee34d62b1b191791f4b5df?s=96&d=mm&r=g\",\"contentUrl\":\"https:\/\/secure.gravatar.com\/avatar\/49bbbd2420ee34d62b1b191791f4b5df?s=96&d=mm&r=g\",\"caption\":\"Bilguissa Diallo\"},\"url\":\"https:\/\/guineediversite.com\/index.php\/author\/bilguissa\/\"}]}<\/script>\n<!-- \/ Yoast SEO plugin. -->","yoast_head_json":{"title":"F\u00eate du travail: Voici le bilan du minist\u00e8re du travail | Guin\u00e9e Diversit\u00e9","robots":{"index":"index","follow":"follow","max-snippet":"max-snippet:-1","max-image-preview":"max-image-preview:large","max-video-preview":"max-video-preview:-1"},"canonical":"https:\/\/guineediversite.com\/index.php\/2019\/05\/01\/fete-du-travail-voici-le-bilan-du-ministere-du-travail\/","og_locale":"fr_FR","og_type":"article","og_title":"F\u00eate du travail: Voici le bilan du minist\u00e8re du travail | Guin\u00e9e Diversit\u00e9","og_description":"La Guin\u00e9e \u00e0 l\u2019instar des autres Pays du monde, a c\u00e9l\u00e9br\u00e9 ce mercredi 01 er mai la journ\u00e9e international du travail, pour cette ann\u00e9e le th\u00e8me retenu a \u00e9t\u00e9 \u201dl\u2019avenir du travail, d\u00e9fit et perspective\u201d. \u00c0 Conakry, \u00a0c\u2019est l\u2019esplanade du palais du peuple a servi de cadre \u00e0 cette c\u00e9r\u00e9monie qui a connu la mobilisation [&hellip;]","og_url":"https:\/\/guineediversite.com\/index.php\/2019\/05\/01\/fete-du-travail-voici-le-bilan-du-ministere-du-travail\/","og_site_name":"Guin\u00e9e Diversit\u00e9","article_publisher":"https:\/\/www.facebook.com\/guineediversite\/","article_published_time":"2019-05-01T19:15:22+00:00","og_image":[{"width":1713,"height":1024,"url":"https:\/\/guineediversite.com\/wp-content\/uploads\/2019\/05\/TRA.jpeg","type":"image\/jpeg"}],"author":"Bilguissa Diallo","twitter_card":"summary_large_image","twitter_creator":"@GuineeDiversite","twitter_site":"@GuineeDiversite","twitter_misc":{"\u00c9crit par":"Bilguissa Diallo","Dur\u00e9e de lecture estim\u00e9e":"1 minute"},"schema":{"@context":"https:\/\/schema.org","@graph":[{"@type":"Article","@id":"https:\/\/guineediversite.com\/index.php\/2019\/05\/01\/fete-du-travail-voici-le-bilan-du-ministere-du-travail\/#article","isPartOf":{"@id":"https:\/\/guineediversite.com\/index.php\/2019\/05\/01\/fete-du-travail-voici-le-bilan-du-ministere-du-travail\/"},"author":{"name":"Bilguissa Diallo","@id":"https:\/\/guineediversite.com\/#\/schema\/person\/0e0e3e424768a50d025ac2218ccca73f"},"headline":"F\u00eate du travail: Voici le bilan du minist\u00e8re du travail","datePublished":"2019-05-01T19:15:22+00:00","dateModified":"2019-05-01T19:15:22+00:00","mainEntityOfPage":{"@id":"https:\/\/guineediversite.com\/index.php\/2019\/05\/01\/fete-du-travail-voici-le-bilan-du-ministere-du-travail\/"},"wordCount":233,"publisher":{"@id":"https:\/\/guineediversite.com\/#organization"},"image":{"@id":"https:\/\/guineediversite.com\/index.php\/2019\/05\/01\/fete-du-travail-voici-le-bilan-du-ministere-du-travail\/#primaryimage"},"thumbnailUrl":"https:\/\/guineediversite.com\/wp-content\/uploads\/2019\/05\/TRA.jpeg","articleSection":["Soci\u00e9t\u00e9"],"inLanguage":"fr-FR"},{"@type":"WebPage","@id":"https:\/\/guineediversite.com\/index.php\/2019\/05\/01\/fete-du-travail-voici-le-bilan-du-ministere-du-travail\/","url":"https:\/\/guineediversite.com\/index.php\/2019\/05\/01\/fete-du-travail-voici-le-bilan-du-ministere-du-travail\/","name":"F\u00eate du travail: Voici le bilan du minist\u00e8re du travail | Guin\u00e9e Diversit\u00e9","isPartOf":{"@id":"https:\/\/guineediversite.com\/#website"},"primaryImageOfPage":{"@id":"https:\/\/guineediversite.com\/index.php\/2019\/05\/01\/fete-du-travail-voici-le-bilan-du-ministere-du-travail\/#primaryimage"},"image":{"@id":"https:\/\/guineediversite.com\/index.php\/2019\/05\/01\/fete-du-travail-voici-le-bilan-du-ministere-du-travail\/#primaryimage"},"thumbnailUrl":"https:\/\/guineediversite.com\/wp-content\/uploads\/2019\/05\/TRA.jpeg","datePublished":"2019-05-01T19:15:22+00:00","dateModified":"2019-05-01T19:15:22+00:00","breadcrumb":{"@id":"https:\/\/guineediversite.com\/index.php\/2019\/05\/01\/fete-du-travail-voici-le-bilan-du-ministere-du-travail\/#breadcrumb"},"inLanguage":"fr-FR","potentialAction":[{"@type":"ReadAction","target":["https:\/\/guineediversite.com\/index.php\/2019\/05\/01\/fete-du-travail-voici-le-bilan-du-ministere-du-travail\/"]}]},{"@type":"ImageObject","inLanguage":"fr-FR","@id":"https:\/\/guineediversite.com\/index.php\/2019\/05\/01\/fete-du-travail-voici-le-bilan-du-ministere-du-travail\/#primaryimage","url":"https:\/\/guineediversite.com\/wp-content\/uploads\/2019\/05\/TRA.jpeg","contentUrl":"https:\/\/guineediversite.com\/wp-content\/uploads\/2019\/05\/TRA.jpeg","width":1713,"height":1024},{"@type":"BreadcrumbList","@id":"https:\/\/guineediversite.com\/index.php\/2019\/05\/01\/fete-du-travail-voici-le-bilan-du-ministere-du-travail\/#breadcrumb","itemListElement":[{"@type":"ListItem","position":1,"name":"Accueil","item":"https:\/\/guineediversite.com\/"},{"@type":"ListItem","position":2,"name":"F\u00eate du travail: Voici le bilan du minist\u00e8re du travail"}]},{"@type":"WebSite","@id":"https:\/\/guineediversite.com\/#website","url":"https:\/\/guineediversite.com\/","name":"Guin\u00e9e Diversit\u00e9","description":"L&#039;Info dans toute sa diversit\u00e9","publisher":{"@id":"https:\/\/guineediversite.com\/#organization"},"potentialAction":[{"@type":"SearchAction","target":{"@type":"EntryPoint","urlTemplate":"https:\/\/guineediversite.com\/?s={search_term_string}"},"query-input":{"@type":"PropertyValueSpecification","valueRequired":true,"valueName":"search_term_string"}}],"inLanguage":"fr-FR"},{"@type":"Organization","@id":"https:\/\/guineediversite.com\/#organization","name":"Guin\u00e9e Diversit\u00e9","url":"https:\/\/guineediversite.com\/","logo":{"@type":"ImageObject","inLanguage":"fr-FR","@id":"https:\/\/guineediversite.com\/#\/schema\/logo\/image\/","url":"https:\/\/guineediversite.com\/wp-content\/uploads\/2017\/04\/cropped-1jojlxEOMkX9Wyqfhe43D6kjPOGqBBKmx3EwWJqZ0cMrFF54yM49.png","contentUrl":"https:\/\/guineediversite.com\/wp-content\/uploads\/2017\/04\/cropped-1jojlxEOMkX9Wyqfhe43D6kjPOGqBBKmx3EwWJqZ0cMrFF54yM49.png","width":186,"height":112,"caption":"Guin\u00e9e Diversit\u00e9"},"image":{"@id":"https:\/\/guineediversite.com\/#\/schema\/logo\/image\/"},"sameAs":["https:\/\/www.facebook.com\/guineediversite\/","https:\/\/x.com\/GuineeDiversite","https:\/\/www.youtube.com\/channel\/UC8sUY16qelG5ge6_D5SB83g"]},{"@type":"Person","@id":"https:\/\/guineediversite.com\/#\/schema\/person\/0e0e3e424768a50d025ac2218ccca73f","name":"Bilguissa Diallo","image":{"@type":"ImageObject","inLanguage":"fr-FR","@id":"https:\/\/guineediversite.com\/#\/schema\/person\/image\/","url":"https:\/\/secure.gravatar.com\/avatar\/49bbbd2420ee34d62b1b191791f4b5df?s=96&d=mm&r=g","contentUrl":"https:\/\/secure.gravatar.com\/avatar\/49bbbd2420ee34d62b1b191791f4b5df?s=96&d=mm&r=g","caption":"Bilguissa Diallo"},"url":"https:\/\/guineediversite.com\/index.php\/author\/bilguissa\/"}]}},"_links":{"self":[{"href":"https:\/\/guineediversite.com\/index.php\/wp-json\/wp\/v2\/posts\/28462"}],"collection":[{"href":"https:\/\/guineediversite.com\/index.php\/wp-json\/wp\/v2\/posts"}],"about":[{"href":"https:\/\/guineediversite.com\/index.php\/wp-json\/wp\/v2\/types\/post"}],"author":[{"embeddable":true,"href":"https:\/\/guineediversite.com\/index.php\/wp-json\/wp\/v2\/users\/7"}],"replies":[{"embeddable":true,"href":"https:\/\/guineediversite.com\/index.php\/wp-json\/wp\/v2\/comments?post=28462"}],"version-history":[{"count":0,"href":"https:\/\/guineediversite.com\/index.php\/wp-json\/wp\/v2\/posts\/28462\/revisions"}],"wp:featuredmedia":[{"embeddable":true,"href":"https:\/\/guineediversite.com\/index.php\/wp-json\/wp\/v2\/media\/28463"}],"wp:attachment":[{"href":"https:\/\/guineediversite.com\/index.php\/wp-json\/wp\/v2\/media?parent=28462"}],"wp:term":[{"taxonomy":"category","embeddable":true,"href":"https:\/\/guineediversite.com\/index.php\/wp-json\/wp\/v2\/categories?post=28462"},{"taxonomy":"post_tag","embeddable":true,"href":"https:\/\/guineediversite.com\/index.php\/wp-json\/wp\/v2\/tags?post=28462"}],"curies":[{"name":"wp","href":"https:\/\/api.w.org\/{rel}","templated":true}]}}