{"id":28448,"date":"2019-04-26T12:34:58","date_gmt":"2019-04-26T10:34:58","guid":{"rendered":"https:\/\/guineediversite.com\/?p=28448"},"modified":"2019-04-26T12:34:58","modified_gmt":"2019-04-26T10:34:58","slug":"algerie-les-limogeages-calmeront-ils-la-rue-ce-vendredi","status":"publish","type":"post","link":"https:\/\/guineediversite.com\/index.php\/2019\/04\/26\/algerie-les-limogeages-calmeront-ils-la-rue-ce-vendredi\/","title":{"rendered":"Alg\u00e9rie: les limogeages calmeront-ils la rue ce vendredi?"},"content":{"rendered":"<p><strong>En Alg\u00e9rie, c\u2019est un 10e vendredi de manifestation qui se pr\u00e9pare pour les Alg\u00e9riens. Cette semaine, pas de bouleversement politique, mais plusieurs hommes d\u2019affaires ont \u00e9t\u00e9 arr\u00eat\u00e9s. Alors les manifestants, dans tout le pays, ont demand\u00e9 au cours des derni\u00e8res semaines \u00ab\u00a0le d\u00e9part de la mafia\u00a0\u00bb. Mais ces arrestations suffiront-elles \u00e0 calmer la contestation\u00a0?<\/strong><\/p>\n<p>Les fr\u00e8res Kouninef, Issad Rebrab, Chakib Khelil. Des oligarques, la premi\u00e8re fortune du pays, un ancien\u00a0<a href=\"http:\/\/www.rfi.fr\/afrique\/20190425-corruption-algerie-justice-s-interesse-ancien-ministre-energie\">ministre de l\u2019\u00c9nergie<\/a>. Ce sont des hommes puissants qui ont \u00e9t\u00e9 vis\u00e9s par la justice cette semaine. Parall\u00e8lement, dans un message, Ahmed Ga\u00efd Salah, le chef d\u2019\u00e9tat-major a r\u00e9p\u00e9t\u00e9 que la justice s\u2019emparerait des affaires de corruption.<\/p>\n<p>Pourtant, les annonces ne semblent pas calmer les esprits. D\u2019abord, parce que de nombreux manifestants ne croient pas en la sinc\u00e9rit\u00e9 de cette\u00a0<a href=\"http:\/\/www.rfi.fr\/emission\/20190425-operation-mains-propres-algerie\">op\u00e9ration \u00ab mains propres \u00bb<\/a>. Certains soulignent que les plus hauts responsables n\u2019ont jamais \u00e9t\u00e9 inqui\u00e9t\u00e9s. D\u2019autres consid\u00e8rent qu\u2019il s\u2019agit d\u2019une guerre de clans, car cela touche principalement des proches de la famille Bouteflika. Par ailleurs, des rassemblements de soutien \u00e0 Issad Rebrab, le patron de Cevital, ont eu lieu ce jeudi en Kabylie.<\/p>\n<p>Mais surtout, dans l\u2019opinion publique, c\u2019est le r\u00f4le d\u2019Ahmed Ga\u00efd Salah qui est contest\u00e9. L\u2019impression que le chef d\u2019\u00e9tat-major donnait des ordres \u00e0 la justice \u00e9tait suffisamment importante pour que l\u2019arm\u00e9e et le parquet d\u2019Alger publient des communiqu\u00e9s \u00e0 destination de la presse affirmant que l\u2019arm\u00e9e n\u2019\u00e9tait \u00e0 l\u2019origine d\u2019aucune contrainte ni d\u2019aucune pression sur la justice.<\/p>\n<p><strong>RFI<\/strong><\/p>\n","protected":false},"excerpt":{"rendered":"<p>En Alg\u00e9rie, c\u2019est un 10e vendredi de manifestation qui se pr\u00e9pare pour les Alg\u00e9riens. Cette semaine, pas de bouleversement politique, mais plusieurs hommes d\u2019affaires ont \u00e9t\u00e9 arr\u00eat\u00e9s. Alors les manifestants, dans tout le pays, ont demand\u00e9 au cours des derni\u00e8res semaines \u00ab\u00a0le d\u00e9part de la mafia\u00a0\u00bb. Mais ces arrestations suffiront-elles \u00e0 calmer la contestation\u00a0? Les [&hellip;]<\/p>\n","protected":false},"author":12,"featured_media":28449,"comment_status":"closed","ping_status":"closed","sticky":false,"template":"","format":"standard","meta":{"_exactmetrics_skip_tracking":false,"_exactmetrics_sitenote_active":false,"_exactmetrics_sitenote_note":"","_exactmetrics_sitenote_category":0,"tdm_status":"","tdm_grid_status":"","footnotes":""},"categories":[21],"tags":[],"class_list":{"0":"post-28448","1":"post","2":"type-post","3":"status-publish","4":"format-standard","5":"has-post-thumbnail","7":"category-international"},"yoast_head":"<!-- This site is optimized with the Yoast SEO plugin v24.2 - https:\/\/yoast.com\/wordpress\/plugins\/seo\/ -->\n<title>Alg\u00e9rie: les limogeages calmeront-ils la rue ce vendredi? | Guin\u00e9e Diversit\u00e9<\/title>\n<meta name=\"robots\" content=\"index, follow, max-snippet:-1, max-image-preview:large, max-video-preview:-1\" \/>\n<link rel=\"canonical\" href=\"https:\/\/guineediversite.com\/index.php\/2019\/04\/26\/algerie-les-limogeages-calmeront-ils-la-rue-ce-vendredi\/\" \/>\n<meta property=\"og:locale\" content=\"fr_FR\" \/>\n<meta property=\"og:type\" content=\"article\" \/>\n<meta property=\"og:title\" content=\"Alg\u00e9rie: les limogeages calmeront-ils la rue ce vendredi? | Guin\u00e9e Diversit\u00e9\" \/>\n<meta property=\"og:description\" content=\"En Alg\u00e9rie, c\u2019est un 10e vendredi de manifestation qui se pr\u00e9pare pour les Alg\u00e9riens. Cette semaine, pas de bouleversement politique, mais plusieurs hommes d\u2019affaires ont \u00e9t\u00e9 arr\u00eat\u00e9s. Alors les manifestants, dans tout le pays, ont demand\u00e9 au cours des derni\u00e8res semaines \u00ab\u00a0le d\u00e9part de la mafia\u00a0\u00bb. Mais ces arrestations suffiront-elles \u00e0 calmer la contestation\u00a0? Les [&hellip;]\" \/>\n<meta property=\"og:url\" content=\"https:\/\/guineediversite.com\/index.php\/2019\/04\/26\/algerie-les-limogeages-calmeront-ils-la-rue-ce-vendredi\/\" \/>\n<meta property=\"og:site_name\" content=\"Guin\u00e9e Diversit\u00e9\" \/>\n<meta property=\"article:publisher\" content=\"https:\/\/www.facebook.com\/guineediversite\/\" \/>\n<meta property=\"article:published_time\" content=\"2019-04-26T10:34:58+00:00\" \/>\n<meta property=\"og:image\" content=\"https:\/\/guineediversite.com\/wp-content\/uploads\/2019\/04\/vendred.jpg\" \/>\n\t<meta property=\"og:image:width\" content=\"1024\" \/>\n\t<meta property=\"og:image:height\" content=\"578\" \/>\n\t<meta property=\"og:image:type\" content=\"image\/jpeg\" \/>\n<meta name=\"author\" content=\"Guin\u00e9e Diversit\u00e9\" \/>\n<meta name=\"twitter:card\" content=\"summary_large_image\" \/>\n<meta name=\"twitter:creator\" content=\"@GuineeDiversite\" \/>\n<meta name=\"twitter:site\" content=\"@GuineeDiversite\" \/>\n<meta name=\"twitter:label1\" content=\"\u00c9crit par\" \/>\n\t<meta name=\"twitter:data1\" content=\"Guin\u00e9e Diversit\u00e9\" \/>\n\t<meta name=\"twitter:label2\" content=\"Dur\u00e9e de lecture estim\u00e9e\" \/>\n\t<meta name=\"twitter:data2\" content=\"1 minute\" \/>\n<script type=\"application\/ld+json\" class=\"yoast-schema-graph\">{\"@context\":\"https:\/\/schema.org\",\"@graph\":[{\"@type\":\"Article\",\"@id\":\"https:\/\/guineediversite.com\/index.php\/2019\/04\/26\/algerie-les-limogeages-calmeront-ils-la-rue-ce-vendredi\/#article\",\"isPartOf\":{\"@id\":\"https:\/\/guineediversite.com\/index.php\/2019\/04\/26\/algerie-les-limogeages-calmeront-ils-la-rue-ce-vendredi\/\"},\"author\":{\"name\":\"Guin\u00e9e Diversit\u00e9\",\"@id\":\"https:\/\/guineediversite.com\/#\/schema\/person\/afa08fb34e7fc6e1feafc892612bc836\"},\"headline\":\"Alg\u00e9rie: les limogeages calmeront-ils la rue ce vendredi?\",\"datePublished\":\"2019-04-26T10:34:58+00:00\",\"dateModified\":\"2019-04-26T10:34:58+00:00\",\"mainEntityOfPage\":{\"@id\":\"https:\/\/guineediversite.com\/index.php\/2019\/04\/26\/algerie-les-limogeages-calmeront-ils-la-rue-ce-vendredi\/\"},\"wordCount\":291,\"publisher\":{\"@id\":\"https:\/\/guineediversite.com\/#organization\"},\"image\":{\"@id\":\"https:\/\/guineediversite.com\/index.php\/2019\/04\/26\/algerie-les-limogeages-calmeront-ils-la-rue-ce-vendredi\/#primaryimage\"},\"thumbnailUrl\":\"https:\/\/guineediversite.com\/wp-content\/uploads\/2019\/04\/vendred.jpg\",\"articleSection\":[\"International\"],\"inLanguage\":\"fr-FR\"},{\"@type\":\"WebPage\",\"@id\":\"https:\/\/guineediversite.com\/index.php\/2019\/04\/26\/algerie-les-limogeages-calmeront-ils-la-rue-ce-vendredi\/\",\"url\":\"https:\/\/guineediversite.com\/index.php\/2019\/04\/26\/algerie-les-limogeages-calmeront-ils-la-rue-ce-vendredi\/\",\"name\":\"Alg\u00e9rie: les limogeages calmeront-ils la rue ce vendredi? | Guin\u00e9e Diversit\u00e9\",\"isPartOf\":{\"@id\":\"https:\/\/guineediversite.com\/#website\"},\"primaryImageOfPage\":{\"@id\":\"https:\/\/guineediversite.com\/index.php\/2019\/04\/26\/algerie-les-limogeages-calmeront-ils-la-rue-ce-vendredi\/#primaryimage\"},\"image\":{\"@id\":\"https:\/\/guineediversite.com\/index.php\/2019\/04\/26\/algerie-les-limogeages-calmeront-ils-la-rue-ce-vendredi\/#primaryimage\"},\"thumbnailUrl\":\"https:\/\/guineediversite.com\/wp-content\/uploads\/2019\/04\/vendred.jpg\",\"datePublished\":\"2019-04-26T10:34:58+00:00\",\"dateModified\":\"2019-04-26T10:34:58+00:00\",\"breadcrumb\":{\"@id\":\"https:\/\/guineediversite.com\/index.php\/2019\/04\/26\/algerie-les-limogeages-calmeront-ils-la-rue-ce-vendredi\/#breadcrumb\"},\"inLanguage\":\"fr-FR\",\"potentialAction\":[{\"@type\":\"ReadAction\",\"target\":[\"https:\/\/guineediversite.com\/index.php\/2019\/04\/26\/algerie-les-limogeages-calmeront-ils-la-rue-ce-vendredi\/\"]}]},{\"@type\":\"ImageObject\",\"inLanguage\":\"fr-FR\",\"@id\":\"https:\/\/guineediversite.com\/index.php\/2019\/04\/26\/algerie-les-limogeages-calmeront-ils-la-rue-ce-vendredi\/#primaryimage\",\"url\":\"https:\/\/guineediversite.com\/wp-content\/uploads\/2019\/04\/vendred.jpg\",\"contentUrl\":\"https:\/\/guineediversite.com\/wp-content\/uploads\/2019\/04\/vendred.jpg\",\"width\":1024,\"height\":578},{\"@type\":\"BreadcrumbList\",\"@id\":\"https:\/\/guineediversite.com\/index.php\/2019\/04\/26\/algerie-les-limogeages-calmeront-ils-la-rue-ce-vendredi\/#breadcrumb\",\"itemListElement\":[{\"@type\":\"ListItem\",\"position\":1,\"name\":\"Accueil\",\"item\":\"https:\/\/guineediversite.com\/\"},{\"@type\":\"ListItem\",\"position\":2,\"name\":\"Alg\u00e9rie: les limogeages calmeront-ils la rue ce vendredi?\"}]},{\"@type\":\"WebSite\",\"@id\":\"https:\/\/guineediversite.com\/#website\",\"url\":\"https:\/\/guineediversite.com\/\",\"name\":\"Guin\u00e9e Diversit\u00e9\",\"description\":\"L&#039;Info dans toute sa diversit\u00e9\",\"publisher\":{\"@id\":\"https:\/\/guineediversite.com\/#organization\"},\"potentialAction\":[{\"@type\":\"SearchAction\",\"target\":{\"@type\":\"EntryPoint\",\"urlTemplate\":\"https:\/\/guineediversite.com\/?s={search_term_string}\"},\"query-input\":{\"@type\":\"PropertyValueSpecification\",\"valueRequired\":true,\"valueName\":\"search_term_string\"}}],\"inLanguage\":\"fr-FR\"},{\"@type\":\"Organization\",\"@id\":\"https:\/\/guineediversite.com\/#organization\",\"name\":\"Guin\u00e9e Diversit\u00e9\",\"url\":\"https:\/\/guineediversite.com\/\",\"logo\":{\"@type\":\"ImageObject\",\"inLanguage\":\"fr-FR\",\"@id\":\"https:\/\/guineediversite.com\/#\/schema\/logo\/image\/\",\"url\":\"https:\/\/guineediversite.com\/wp-content\/uploads\/2017\/04\/cropped-1jojlxEOMkX9Wyqfhe43D6kjPOGqBBKmx3EwWJqZ0cMrFF54yM49.png\",\"contentUrl\":\"https:\/\/guineediversite.com\/wp-content\/uploads\/2017\/04\/cropped-1jojlxEOMkX9Wyqfhe43D6kjPOGqBBKmx3EwWJqZ0cMrFF54yM49.png\",\"width\":186,\"height\":112,\"caption\":\"Guin\u00e9e Diversit\u00e9\"},\"image\":{\"@id\":\"https:\/\/guineediversite.com\/#\/schema\/logo\/image\/\"},\"sameAs\":[\"https:\/\/www.facebook.com\/guineediversite\/\",\"https:\/\/x.com\/GuineeDiversite\",\"https:\/\/www.youtube.com\/channel\/UC8sUY16qelG5ge6_D5SB83g\"]},{\"@type\":\"Person\",\"@id\":\"https:\/\/guineediversite.com\/#\/schema\/person\/afa08fb34e7fc6e1feafc892612bc836\",\"name\":\"Guin\u00e9e Diversit\u00e9\",\"image\":{\"@type\":\"ImageObject\",\"inLanguage\":\"fr-FR\",\"@id\":\"https:\/\/guineediversite.com\/#\/schema\/person\/image\/\",\"url\":\"https:\/\/secure.gravatar.com\/avatar\/50d5eb5b390f8b65ac30ac6f898eb83a?s=96&d=mm&r=g\",\"contentUrl\":\"https:\/\/secure.gravatar.com\/avatar\/50d5eb5b390f8b65ac30ac6f898eb83a?s=96&d=mm&r=g\",\"caption\":\"Guin\u00e9e Diversit\u00e9\"},\"url\":\"https:\/\/guineediversite.com\/index.php\/author\/guineediversite\/\"}]}<\/script>\n<!-- \/ Yoast SEO plugin. -->","yoast_head_json":{"title":"Alg\u00e9rie: les limogeages calmeront-ils la rue ce vendredi? | Guin\u00e9e Diversit\u00e9","robots":{"index":"index","follow":"follow","max-snippet":"max-snippet:-1","max-image-preview":"max-image-preview:large","max-video-preview":"max-video-preview:-1"},"canonical":"https:\/\/guineediversite.com\/index.php\/2019\/04\/26\/algerie-les-limogeages-calmeront-ils-la-rue-ce-vendredi\/","og_locale":"fr_FR","og_type":"article","og_title":"Alg\u00e9rie: les limogeages calmeront-ils la rue ce vendredi? | Guin\u00e9e Diversit\u00e9","og_description":"En Alg\u00e9rie, c\u2019est un 10e vendredi de manifestation qui se pr\u00e9pare pour les Alg\u00e9riens. Cette semaine, pas de bouleversement politique, mais plusieurs hommes d\u2019affaires ont \u00e9t\u00e9 arr\u00eat\u00e9s. Alors les manifestants, dans tout le pays, ont demand\u00e9 au cours des derni\u00e8res semaines \u00ab\u00a0le d\u00e9part de la mafia\u00a0\u00bb. Mais ces arrestations suffiront-elles \u00e0 calmer la contestation\u00a0? Les [&hellip;]","og_url":"https:\/\/guineediversite.com\/index.php\/2019\/04\/26\/algerie-les-limogeages-calmeront-ils-la-rue-ce-vendredi\/","og_site_name":"Guin\u00e9e Diversit\u00e9","article_publisher":"https:\/\/www.facebook.com\/guineediversite\/","article_published_time":"2019-04-26T10:34:58+00:00","og_image":[{"width":1024,"height":578,"url":"https:\/\/guineediversite.com\/wp-content\/uploads\/2019\/04\/vendred.jpg","type":"image\/jpeg"}],"author":"Guin\u00e9e Diversit\u00e9","twitter_card":"summary_large_image","twitter_creator":"@GuineeDiversite","twitter_site":"@GuineeDiversite","twitter_misc":{"\u00c9crit par":"Guin\u00e9e Diversit\u00e9","Dur\u00e9e de lecture estim\u00e9e":"1 minute"},"schema":{"@context":"https:\/\/schema.org","@graph":[{"@type":"Article","@id":"https:\/\/guineediversite.com\/index.php\/2019\/04\/26\/algerie-les-limogeages-calmeront-ils-la-rue-ce-vendredi\/#article","isPartOf":{"@id":"https:\/\/guineediversite.com\/index.php\/2019\/04\/26\/algerie-les-limogeages-calmeront-ils-la-rue-ce-vendredi\/"},"author":{"name":"Guin\u00e9e Diversit\u00e9","@id":"https:\/\/guineediversite.com\/#\/schema\/person\/afa08fb34e7fc6e1feafc892612bc836"},"headline":"Alg\u00e9rie: les limogeages calmeront-ils la rue ce vendredi?","datePublished":"2019-04-26T10:34:58+00:00","dateModified":"2019-04-26T10:34:58+00:00","mainEntityOfPage":{"@id":"https:\/\/guineediversite.com\/index.php\/2019\/04\/26\/algerie-les-limogeages-calmeront-ils-la-rue-ce-vendredi\/"},"wordCount":291,"publisher":{"@id":"https:\/\/guineediversite.com\/#organization"},"image":{"@id":"https:\/\/guineediversite.com\/index.php\/2019\/04\/26\/algerie-les-limogeages-calmeront-ils-la-rue-ce-vendredi\/#primaryimage"},"thumbnailUrl":"https:\/\/guineediversite.com\/wp-content\/uploads\/2019\/04\/vendred.jpg","articleSection":["International"],"inLanguage":"fr-FR"},{"@type":"WebPage","@id":"https:\/\/guineediversite.com\/index.php\/2019\/04\/26\/algerie-les-limogeages-calmeront-ils-la-rue-ce-vendredi\/","url":"https:\/\/guineediversite.com\/index.php\/2019\/04\/26\/algerie-les-limogeages-calmeront-ils-la-rue-ce-vendredi\/","name":"Alg\u00e9rie: les limogeages calmeront-ils la rue ce vendredi? | Guin\u00e9e Diversit\u00e9","isPartOf":{"@id":"https:\/\/guineediversite.com\/#website"},"primaryImageOfPage":{"@id":"https:\/\/guineediversite.com\/index.php\/2019\/04\/26\/algerie-les-limogeages-calmeront-ils-la-rue-ce-vendredi\/#primaryimage"},"image":{"@id":"https:\/\/guineediversite.com\/index.php\/2019\/04\/26\/algerie-les-limogeages-calmeront-ils-la-rue-ce-vendredi\/#primaryimage"},"thumbnailUrl":"https:\/\/guineediversite.com\/wp-content\/uploads\/2019\/04\/vendred.jpg","datePublished":"2019-04-26T10:34:58+00:00","dateModified":"2019-04-26T10:34:58+00:00","breadcrumb":{"@id":"https:\/\/guineediversite.com\/index.php\/2019\/04\/26\/algerie-les-limogeages-calmeront-ils-la-rue-ce-vendredi\/#breadcrumb"},"inLanguage":"fr-FR","potentialAction":[{"@type":"ReadAction","target":["https:\/\/guineediversite.com\/index.php\/2019\/04\/26\/algerie-les-limogeages-calmeront-ils-la-rue-ce-vendredi\/"]}]},{"@type":"ImageObject","inLanguage":"fr-FR","@id":"https:\/\/guineediversite.com\/index.php\/2019\/04\/26\/algerie-les-limogeages-calmeront-ils-la-rue-ce-vendredi\/#primaryimage","url":"https:\/\/guineediversite.com\/wp-content\/uploads\/2019\/04\/vendred.jpg","contentUrl":"https:\/\/guineediversite.com\/wp-content\/uploads\/2019\/04\/vendred.jpg","width":1024,"height":578},{"@type":"BreadcrumbList","@id":"https:\/\/guineediversite.com\/index.php\/2019\/04\/26\/algerie-les-limogeages-calmeront-ils-la-rue-ce-vendredi\/#breadcrumb","itemListElement":[{"@type":"ListItem","position":1,"name":"Accueil","item":"https:\/\/guineediversite.com\/"},{"@type":"ListItem","position":2,"name":"Alg\u00e9rie: les limogeages calmeront-ils la rue ce vendredi?"}]},{"@type":"WebSite","@id":"https:\/\/guineediversite.com\/#website","url":"https:\/\/guineediversite.com\/","name":"Guin\u00e9e Diversit\u00e9","description":"L&#039;Info dans toute sa diversit\u00e9","publisher":{"@id":"https:\/\/guineediversite.com\/#organization"},"potentialAction":[{"@type":"SearchAction","target":{"@type":"EntryPoint","urlTemplate":"https:\/\/guineediversite.com\/?s={search_term_string}"},"query-input":{"@type":"PropertyValueSpecification","valueRequired":true,"valueName":"search_term_string"}}],"inLanguage":"fr-FR"},{"@type":"Organization","@id":"https:\/\/guineediversite.com\/#organization","name":"Guin\u00e9e Diversit\u00e9","url":"https:\/\/guineediversite.com\/","logo":{"@type":"ImageObject","inLanguage":"fr-FR","@id":"https:\/\/guineediversite.com\/#\/schema\/logo\/image\/","url":"https:\/\/guineediversite.com\/wp-content\/uploads\/2017\/04\/cropped-1jojlxEOMkX9Wyqfhe43D6kjPOGqBBKmx3EwWJqZ0cMrFF54yM49.png","contentUrl":"https:\/\/guineediversite.com\/wp-content\/uploads\/2017\/04\/cropped-1jojlxEOMkX9Wyqfhe43D6kjPOGqBBKmx3EwWJqZ0cMrFF54yM49.png","width":186,"height":112,"caption":"Guin\u00e9e Diversit\u00e9"},"image":{"@id":"https:\/\/guineediversite.com\/#\/schema\/logo\/image\/"},"sameAs":["https:\/\/www.facebook.com\/guineediversite\/","https:\/\/x.com\/GuineeDiversite","https:\/\/www.youtube.com\/channel\/UC8sUY16qelG5ge6_D5SB83g"]},{"@type":"Person","@id":"https:\/\/guineediversite.com\/#\/schema\/person\/afa08fb34e7fc6e1feafc892612bc836","name":"Guin\u00e9e Diversit\u00e9","image":{"@type":"ImageObject","inLanguage":"fr-FR","@id":"https:\/\/guineediversite.com\/#\/schema\/person\/image\/","url":"https:\/\/secure.gravatar.com\/avatar\/50d5eb5b390f8b65ac30ac6f898eb83a?s=96&d=mm&r=g","contentUrl":"https:\/\/secure.gravatar.com\/avatar\/50d5eb5b390f8b65ac30ac6f898eb83a?s=96&d=mm&r=g","caption":"Guin\u00e9e Diversit\u00e9"},"url":"https:\/\/guineediversite.com\/index.php\/author\/guineediversite\/"}]}},"_links":{"self":[{"href":"https:\/\/guineediversite.com\/index.php\/wp-json\/wp\/v2\/posts\/28448"}],"collection":[{"href":"https:\/\/guineediversite.com\/index.php\/wp-json\/wp\/v2\/posts"}],"about":[{"href":"https:\/\/guineediversite.com\/index.php\/wp-json\/wp\/v2\/types\/post"}],"author":[{"embeddable":true,"href":"https:\/\/guineediversite.com\/index.php\/wp-json\/wp\/v2\/users\/12"}],"replies":[{"embeddable":true,"href":"https:\/\/guineediversite.com\/index.php\/wp-json\/wp\/v2\/comments?post=28448"}],"version-history":[{"count":0,"href":"https:\/\/guineediversite.com\/index.php\/wp-json\/wp\/v2\/posts\/28448\/revisions"}],"wp:featuredmedia":[{"embeddable":true,"href":"https:\/\/guineediversite.com\/index.php\/wp-json\/wp\/v2\/media\/28449"}],"wp:attachment":[{"href":"https:\/\/guineediversite.com\/index.php\/wp-json\/wp\/v2\/media?parent=28448"}],"wp:term":[{"taxonomy":"category","embeddable":true,"href":"https:\/\/guineediversite.com\/index.php\/wp-json\/wp\/v2\/categories?post=28448"},{"taxonomy":"post_tag","embeddable":true,"href":"https:\/\/guineediversite.com\/index.php\/wp-json\/wp\/v2\/tags?post=28448"}],"curies":[{"name":"wp","href":"https:\/\/api.w.org\/{rel}","templated":true}]}}