{"id":28435,"date":"2019-04-26T00:28:28","date_gmt":"2019-04-25T22:28:28","guid":{"rendered":"https:\/\/guineediversite.com\/?p=28435"},"modified":"2019-04-26T00:28:28","modified_gmt":"2019-04-25T22:28:28","slug":"soudan-marche-gigantesque-a-khartoum-pour-demander-un-pouvoir-civil","status":"publish","type":"post","link":"https:\/\/guineediversite.com\/index.php\/2019\/04\/26\/soudan-marche-gigantesque-a-khartoum-pour-demander-un-pouvoir-civil\/","title":{"rendered":"Soudan: marche gigantesque \u00e0 Khartoum pour demander un pouvoir civil"},"content":{"rendered":"<p><strong>L\u2019opposition soudanaise a appel\u00e9 \u00e0 une \u00abmarche du million\u00bb pour faire pression sur les autorit\u00e9s militaires afin qu\u2019elles transf\u00e8rent le pouvoir aux civils. C\u2019est un succ\u00e8s : en bus, en voiture ou m\u00eame en train, les manifestants sont arriv\u00e9s de partout pour r\u00e9pondre \u00e0 l\u2019appel de l\u2019opposition.<\/strong><\/p>\n<p>La manifestation du million s\u2019est tenue \u00e0 Khartoum ce jeudi 25 avril pour acc\u00e9l\u00e9rer le processus de transition d\u00e9mocratique. L\u2019appel de l\u2019opposition a \u00e9t\u00e9 tr\u00e8s suivi malgr\u00e9 les engagements du Conseil militaire de satisfaire l\u2019essentiel des demandes de l\u2019opposition.<\/p>\n<p>Devant le quartier g\u00e9n\u00e9ral de l\u2019arm\u00e9e, c\u2019est une v\u00e9ritable mar\u00e9e humaine. Chants, cris, b\u00e2tons qu\u2019on frappe contre des grillages : les manifestants ont d\u00e9cid\u00e9 de faire du bruit. Et de prouver au Conseil militaire qui dirige le pays que leur d\u00e9termination est intacte.<\/p>\n<p>Ali Mohamed, 32 ans, est venu d\u2019Atbara, o\u00f9 ont commenc\u00e9 les \u00e9meutes en d\u00e9cembre. Pour lui, la r\u00e9volution n\u2019est pas termin\u00e9e : \u00ab\u00a0\u00a0<em>L\u2019ancien r\u00e9gime n\u2019est pas totalement d\u00e9truit. Car on voit encore des visages de cette \u00e9poque. Il ne faut pas s\u2019arr\u00eater de manifester maintenant. On va rester l\u00e0 jusqu\u2019\u00e0 ce qu\u2019on ait tout obtenu<\/em>\u00a0\u00bb.<\/p>\n<p>La jeunesse, qui n\u2019a connu que le r\u00e9gime d\u2019Omar el-B\u00e9chir, n\u2019est pas pr\u00eate \u00e0 c\u00e9der. Elle est consciente de sa force et se dit fi\u00e8re d\u2019avoir r\u00e9ussi avec une r\u00e9volution pacifique \u00e0 faire plier un r\u00e9gime qu\u2019elle a tant redout\u00e9. Mansour el Khalifa Ahmed, avocat, a absolument tenu \u00e0 participer \u00e0 cette marche du million : \u00ab\u00a0<em>\u00catre l\u00e0, c\u2019est tr\u00e8s important pour garantir nos droits. On a aucun autre moyen pour les garantir. Nous, on n\u2019a ni force ni arme<\/em>\u00a0\u00bb.<\/p>\n<p>Le Conseil militaire de transition, qui avait annonc\u00e9 vouloir r\u00e9pondre favorablement aux demandes de l\u2019opposition, a d\u00fb prendre acte ce jeudi de l\u2019ampleur de la mobilisation populaire au Soudan.<\/p>\n<p><strong>RFI<\/strong><\/p>\n","protected":false},"excerpt":{"rendered":"<p>L\u2019opposition soudanaise a appel\u00e9 \u00e0 une \u00abmarche du million\u00bb pour faire pression sur les autorit\u00e9s militaires afin qu\u2019elles transf\u00e8rent le pouvoir aux civils. C\u2019est un succ\u00e8s : en bus, en voiture ou m\u00eame en train, les manifestants sont arriv\u00e9s de partout pour r\u00e9pondre \u00e0 l\u2019appel de l\u2019opposition. La manifestation du million s\u2019est tenue \u00e0 Khartoum [&hellip;]<\/p>\n","protected":false},"author":12,"featured_media":28436,"comment_status":"closed","ping_status":"closed","sticky":false,"template":"","format":"standard","meta":{"_exactmetrics_skip_tracking":false,"_exactmetrics_sitenote_active":false,"_exactmetrics_sitenote_note":"","_exactmetrics_sitenote_category":0,"tdm_status":"","tdm_grid_status":"","footnotes":""},"categories":[21],"tags":[],"class_list":{"0":"post-28435","1":"post","2":"type-post","3":"status-publish","4":"format-standard","5":"has-post-thumbnail","7":"category-international"},"yoast_head":"<!-- This site is optimized with the Yoast SEO plugin v24.2 - https:\/\/yoast.com\/wordpress\/plugins\/seo\/ -->\n<title>Soudan: marche gigantesque \u00e0 Khartoum pour demander un pouvoir civil | Guin\u00e9e Diversit\u00e9<\/title>\n<meta name=\"robots\" content=\"index, follow, max-snippet:-1, max-image-preview:large, max-video-preview:-1\" \/>\n<link rel=\"canonical\" href=\"https:\/\/guineediversite.com\/index.php\/2019\/04\/26\/soudan-marche-gigantesque-a-khartoum-pour-demander-un-pouvoir-civil\/\" \/>\n<meta property=\"og:locale\" content=\"fr_FR\" \/>\n<meta property=\"og:type\" content=\"article\" \/>\n<meta property=\"og:title\" content=\"Soudan: marche gigantesque \u00e0 Khartoum pour demander un pouvoir civil | Guin\u00e9e Diversit\u00e9\" \/>\n<meta property=\"og:description\" content=\"L\u2019opposition soudanaise a appel\u00e9 \u00e0 une \u00abmarche du million\u00bb pour faire pression sur les autorit\u00e9s militaires afin qu\u2019elles transf\u00e8rent le pouvoir aux civils. C\u2019est un succ\u00e8s : en bus, en voiture ou m\u00eame en train, les manifestants sont arriv\u00e9s de partout pour r\u00e9pondre \u00e0 l\u2019appel de l\u2019opposition. La manifestation du million s\u2019est tenue \u00e0 Khartoum [&hellip;]\" \/>\n<meta property=\"og:url\" content=\"https:\/\/guineediversite.com\/index.php\/2019\/04\/26\/soudan-marche-gigantesque-a-khartoum-pour-demander-un-pouvoir-civil\/\" \/>\n<meta property=\"og:site_name\" content=\"Guin\u00e9e Diversit\u00e9\" \/>\n<meta property=\"article:publisher\" content=\"https:\/\/www.facebook.com\/guineediversite\/\" \/>\n<meta property=\"article:published_time\" content=\"2019-04-25T22:28:28+00:00\" \/>\n<meta property=\"og:image\" content=\"https:\/\/guineediversite.com\/wp-content\/uploads\/2019\/04\/sou.jpg\" \/>\n\t<meta property=\"og:image:width\" content=\"1024\" \/>\n\t<meta property=\"og:image:height\" content=\"578\" \/>\n\t<meta property=\"og:image:type\" content=\"image\/jpeg\" \/>\n<meta name=\"author\" content=\"Guin\u00e9e Diversit\u00e9\" \/>\n<meta name=\"twitter:card\" content=\"summary_large_image\" \/>\n<meta name=\"twitter:creator\" content=\"@GuineeDiversite\" \/>\n<meta name=\"twitter:site\" content=\"@GuineeDiversite\" \/>\n<meta name=\"twitter:label1\" content=\"\u00c9crit par\" \/>\n\t<meta name=\"twitter:data1\" content=\"Guin\u00e9e Diversit\u00e9\" \/>\n\t<meta name=\"twitter:label2\" content=\"Dur\u00e9e de lecture estim\u00e9e\" \/>\n\t<meta name=\"twitter:data2\" content=\"2 minutes\" \/>\n<script type=\"application\/ld+json\" class=\"yoast-schema-graph\">{\"@context\":\"https:\/\/schema.org\",\"@graph\":[{\"@type\":\"Article\",\"@id\":\"https:\/\/guineediversite.com\/index.php\/2019\/04\/26\/soudan-marche-gigantesque-a-khartoum-pour-demander-un-pouvoir-civil\/#article\",\"isPartOf\":{\"@id\":\"https:\/\/guineediversite.com\/index.php\/2019\/04\/26\/soudan-marche-gigantesque-a-khartoum-pour-demander-un-pouvoir-civil\/\"},\"author\":{\"name\":\"Guin\u00e9e Diversit\u00e9\",\"@id\":\"https:\/\/guineediversite.com\/#\/schema\/person\/afa08fb34e7fc6e1feafc892612bc836\"},\"headline\":\"Soudan: marche gigantesque \u00e0 Khartoum pour demander un pouvoir civil\",\"datePublished\":\"2019-04-25T22:28:28+00:00\",\"dateModified\":\"2019-04-25T22:28:28+00:00\",\"mainEntityOfPage\":{\"@id\":\"https:\/\/guineediversite.com\/index.php\/2019\/04\/26\/soudan-marche-gigantesque-a-khartoum-pour-demander-un-pouvoir-civil\/\"},\"wordCount\":352,\"publisher\":{\"@id\":\"https:\/\/guineediversite.com\/#organization\"},\"image\":{\"@id\":\"https:\/\/guineediversite.com\/index.php\/2019\/04\/26\/soudan-marche-gigantesque-a-khartoum-pour-demander-un-pouvoir-civil\/#primaryimage\"},\"thumbnailUrl\":\"https:\/\/guineediversite.com\/wp-content\/uploads\/2019\/04\/sou.jpg\",\"articleSection\":[\"International\"],\"inLanguage\":\"fr-FR\"},{\"@type\":\"WebPage\",\"@id\":\"https:\/\/guineediversite.com\/index.php\/2019\/04\/26\/soudan-marche-gigantesque-a-khartoum-pour-demander-un-pouvoir-civil\/\",\"url\":\"https:\/\/guineediversite.com\/index.php\/2019\/04\/26\/soudan-marche-gigantesque-a-khartoum-pour-demander-un-pouvoir-civil\/\",\"name\":\"Soudan: marche gigantesque \u00e0 Khartoum pour demander un pouvoir civil | Guin\u00e9e Diversit\u00e9\",\"isPartOf\":{\"@id\":\"https:\/\/guineediversite.com\/#website\"},\"primaryImageOfPage\":{\"@id\":\"https:\/\/guineediversite.com\/index.php\/2019\/04\/26\/soudan-marche-gigantesque-a-khartoum-pour-demander-un-pouvoir-civil\/#primaryimage\"},\"image\":{\"@id\":\"https:\/\/guineediversite.com\/index.php\/2019\/04\/26\/soudan-marche-gigantesque-a-khartoum-pour-demander-un-pouvoir-civil\/#primaryimage\"},\"thumbnailUrl\":\"https:\/\/guineediversite.com\/wp-content\/uploads\/2019\/04\/sou.jpg\",\"datePublished\":\"2019-04-25T22:28:28+00:00\",\"dateModified\":\"2019-04-25T22:28:28+00:00\",\"breadcrumb\":{\"@id\":\"https:\/\/guineediversite.com\/index.php\/2019\/04\/26\/soudan-marche-gigantesque-a-khartoum-pour-demander-un-pouvoir-civil\/#breadcrumb\"},\"inLanguage\":\"fr-FR\",\"potentialAction\":[{\"@type\":\"ReadAction\",\"target\":[\"https:\/\/guineediversite.com\/index.php\/2019\/04\/26\/soudan-marche-gigantesque-a-khartoum-pour-demander-un-pouvoir-civil\/\"]}]},{\"@type\":\"ImageObject\",\"inLanguage\":\"fr-FR\",\"@id\":\"https:\/\/guineediversite.com\/index.php\/2019\/04\/26\/soudan-marche-gigantesque-a-khartoum-pour-demander-un-pouvoir-civil\/#primaryimage\",\"url\":\"https:\/\/guineediversite.com\/wp-content\/uploads\/2019\/04\/sou.jpg\",\"contentUrl\":\"https:\/\/guineediversite.com\/wp-content\/uploads\/2019\/04\/sou.jpg\",\"width\":1024,\"height\":578},{\"@type\":\"BreadcrumbList\",\"@id\":\"https:\/\/guineediversite.com\/index.php\/2019\/04\/26\/soudan-marche-gigantesque-a-khartoum-pour-demander-un-pouvoir-civil\/#breadcrumb\",\"itemListElement\":[{\"@type\":\"ListItem\",\"position\":1,\"name\":\"Accueil\",\"item\":\"https:\/\/guineediversite.com\/\"},{\"@type\":\"ListItem\",\"position\":2,\"name\":\"Soudan: marche gigantesque \u00e0 Khartoum pour demander un pouvoir civil\"}]},{\"@type\":\"WebSite\",\"@id\":\"https:\/\/guineediversite.com\/#website\",\"url\":\"https:\/\/guineediversite.com\/\",\"name\":\"Guin\u00e9e Diversit\u00e9\",\"description\":\"L&#039;Info dans toute sa diversit\u00e9\",\"publisher\":{\"@id\":\"https:\/\/guineediversite.com\/#organization\"},\"potentialAction\":[{\"@type\":\"SearchAction\",\"target\":{\"@type\":\"EntryPoint\",\"urlTemplate\":\"https:\/\/guineediversite.com\/?s={search_term_string}\"},\"query-input\":{\"@type\":\"PropertyValueSpecification\",\"valueRequired\":true,\"valueName\":\"search_term_string\"}}],\"inLanguage\":\"fr-FR\"},{\"@type\":\"Organization\",\"@id\":\"https:\/\/guineediversite.com\/#organization\",\"name\":\"Guin\u00e9e Diversit\u00e9\",\"url\":\"https:\/\/guineediversite.com\/\",\"logo\":{\"@type\":\"ImageObject\",\"inLanguage\":\"fr-FR\",\"@id\":\"https:\/\/guineediversite.com\/#\/schema\/logo\/image\/\",\"url\":\"https:\/\/guineediversite.com\/wp-content\/uploads\/2017\/04\/cropped-1jojlxEOMkX9Wyqfhe43D6kjPOGqBBKmx3EwWJqZ0cMrFF54yM49.png\",\"contentUrl\":\"https:\/\/guineediversite.com\/wp-content\/uploads\/2017\/04\/cropped-1jojlxEOMkX9Wyqfhe43D6kjPOGqBBKmx3EwWJqZ0cMrFF54yM49.png\",\"width\":186,\"height\":112,\"caption\":\"Guin\u00e9e Diversit\u00e9\"},\"image\":{\"@id\":\"https:\/\/guineediversite.com\/#\/schema\/logo\/image\/\"},\"sameAs\":[\"https:\/\/www.facebook.com\/guineediversite\/\",\"https:\/\/x.com\/GuineeDiversite\",\"https:\/\/www.youtube.com\/channel\/UC8sUY16qelG5ge6_D5SB83g\"]},{\"@type\":\"Person\",\"@id\":\"https:\/\/guineediversite.com\/#\/schema\/person\/afa08fb34e7fc6e1feafc892612bc836\",\"name\":\"Guin\u00e9e Diversit\u00e9\",\"image\":{\"@type\":\"ImageObject\",\"inLanguage\":\"fr-FR\",\"@id\":\"https:\/\/guineediversite.com\/#\/schema\/person\/image\/\",\"url\":\"https:\/\/secure.gravatar.com\/avatar\/50d5eb5b390f8b65ac30ac6f898eb83a?s=96&d=mm&r=g\",\"contentUrl\":\"https:\/\/secure.gravatar.com\/avatar\/50d5eb5b390f8b65ac30ac6f898eb83a?s=96&d=mm&r=g\",\"caption\":\"Guin\u00e9e Diversit\u00e9\"},\"url\":\"https:\/\/guineediversite.com\/index.php\/author\/guineediversite\/\"}]}<\/script>\n<!-- \/ Yoast SEO plugin. -->","yoast_head_json":{"title":"Soudan: marche gigantesque \u00e0 Khartoum pour demander un pouvoir civil | Guin\u00e9e Diversit\u00e9","robots":{"index":"index","follow":"follow","max-snippet":"max-snippet:-1","max-image-preview":"max-image-preview:large","max-video-preview":"max-video-preview:-1"},"canonical":"https:\/\/guineediversite.com\/index.php\/2019\/04\/26\/soudan-marche-gigantesque-a-khartoum-pour-demander-un-pouvoir-civil\/","og_locale":"fr_FR","og_type":"article","og_title":"Soudan: marche gigantesque \u00e0 Khartoum pour demander un pouvoir civil | Guin\u00e9e Diversit\u00e9","og_description":"L\u2019opposition soudanaise a appel\u00e9 \u00e0 une \u00abmarche du million\u00bb pour faire pression sur les autorit\u00e9s militaires afin qu\u2019elles transf\u00e8rent le pouvoir aux civils. C\u2019est un succ\u00e8s : en bus, en voiture ou m\u00eame en train, les manifestants sont arriv\u00e9s de partout pour r\u00e9pondre \u00e0 l\u2019appel de l\u2019opposition. La manifestation du million s\u2019est tenue \u00e0 Khartoum [&hellip;]","og_url":"https:\/\/guineediversite.com\/index.php\/2019\/04\/26\/soudan-marche-gigantesque-a-khartoum-pour-demander-un-pouvoir-civil\/","og_site_name":"Guin\u00e9e Diversit\u00e9","article_publisher":"https:\/\/www.facebook.com\/guineediversite\/","article_published_time":"2019-04-25T22:28:28+00:00","og_image":[{"width":1024,"height":578,"url":"https:\/\/guineediversite.com\/wp-content\/uploads\/2019\/04\/sou.jpg","type":"image\/jpeg"}],"author":"Guin\u00e9e Diversit\u00e9","twitter_card":"summary_large_image","twitter_creator":"@GuineeDiversite","twitter_site":"@GuineeDiversite","twitter_misc":{"\u00c9crit par":"Guin\u00e9e Diversit\u00e9","Dur\u00e9e de lecture estim\u00e9e":"2 minutes"},"schema":{"@context":"https:\/\/schema.org","@graph":[{"@type":"Article","@id":"https:\/\/guineediversite.com\/index.php\/2019\/04\/26\/soudan-marche-gigantesque-a-khartoum-pour-demander-un-pouvoir-civil\/#article","isPartOf":{"@id":"https:\/\/guineediversite.com\/index.php\/2019\/04\/26\/soudan-marche-gigantesque-a-khartoum-pour-demander-un-pouvoir-civil\/"},"author":{"name":"Guin\u00e9e Diversit\u00e9","@id":"https:\/\/guineediversite.com\/#\/schema\/person\/afa08fb34e7fc6e1feafc892612bc836"},"headline":"Soudan: marche gigantesque \u00e0 Khartoum pour demander un pouvoir civil","datePublished":"2019-04-25T22:28:28+00:00","dateModified":"2019-04-25T22:28:28+00:00","mainEntityOfPage":{"@id":"https:\/\/guineediversite.com\/index.php\/2019\/04\/26\/soudan-marche-gigantesque-a-khartoum-pour-demander-un-pouvoir-civil\/"},"wordCount":352,"publisher":{"@id":"https:\/\/guineediversite.com\/#organization"},"image":{"@id":"https:\/\/guineediversite.com\/index.php\/2019\/04\/26\/soudan-marche-gigantesque-a-khartoum-pour-demander-un-pouvoir-civil\/#primaryimage"},"thumbnailUrl":"https:\/\/guineediversite.com\/wp-content\/uploads\/2019\/04\/sou.jpg","articleSection":["International"],"inLanguage":"fr-FR"},{"@type":"WebPage","@id":"https:\/\/guineediversite.com\/index.php\/2019\/04\/26\/soudan-marche-gigantesque-a-khartoum-pour-demander-un-pouvoir-civil\/","url":"https:\/\/guineediversite.com\/index.php\/2019\/04\/26\/soudan-marche-gigantesque-a-khartoum-pour-demander-un-pouvoir-civil\/","name":"Soudan: marche gigantesque \u00e0 Khartoum pour demander un pouvoir civil | Guin\u00e9e Diversit\u00e9","isPartOf":{"@id":"https:\/\/guineediversite.com\/#website"},"primaryImageOfPage":{"@id":"https:\/\/guineediversite.com\/index.php\/2019\/04\/26\/soudan-marche-gigantesque-a-khartoum-pour-demander-un-pouvoir-civil\/#primaryimage"},"image":{"@id":"https:\/\/guineediversite.com\/index.php\/2019\/04\/26\/soudan-marche-gigantesque-a-khartoum-pour-demander-un-pouvoir-civil\/#primaryimage"},"thumbnailUrl":"https:\/\/guineediversite.com\/wp-content\/uploads\/2019\/04\/sou.jpg","datePublished":"2019-04-25T22:28:28+00:00","dateModified":"2019-04-25T22:28:28+00:00","breadcrumb":{"@id":"https:\/\/guineediversite.com\/index.php\/2019\/04\/26\/soudan-marche-gigantesque-a-khartoum-pour-demander-un-pouvoir-civil\/#breadcrumb"},"inLanguage":"fr-FR","potentialAction":[{"@type":"ReadAction","target":["https:\/\/guineediversite.com\/index.php\/2019\/04\/26\/soudan-marche-gigantesque-a-khartoum-pour-demander-un-pouvoir-civil\/"]}]},{"@type":"ImageObject","inLanguage":"fr-FR","@id":"https:\/\/guineediversite.com\/index.php\/2019\/04\/26\/soudan-marche-gigantesque-a-khartoum-pour-demander-un-pouvoir-civil\/#primaryimage","url":"https:\/\/guineediversite.com\/wp-content\/uploads\/2019\/04\/sou.jpg","contentUrl":"https:\/\/guineediversite.com\/wp-content\/uploads\/2019\/04\/sou.jpg","width":1024,"height":578},{"@type":"BreadcrumbList","@id":"https:\/\/guineediversite.com\/index.php\/2019\/04\/26\/soudan-marche-gigantesque-a-khartoum-pour-demander-un-pouvoir-civil\/#breadcrumb","itemListElement":[{"@type":"ListItem","position":1,"name":"Accueil","item":"https:\/\/guineediversite.com\/"},{"@type":"ListItem","position":2,"name":"Soudan: marche gigantesque \u00e0 Khartoum pour demander un pouvoir civil"}]},{"@type":"WebSite","@id":"https:\/\/guineediversite.com\/#website","url":"https:\/\/guineediversite.com\/","name":"Guin\u00e9e Diversit\u00e9","description":"L&#039;Info dans toute sa diversit\u00e9","publisher":{"@id":"https:\/\/guineediversite.com\/#organization"},"potentialAction":[{"@type":"SearchAction","target":{"@type":"EntryPoint","urlTemplate":"https:\/\/guineediversite.com\/?s={search_term_string}"},"query-input":{"@type":"PropertyValueSpecification","valueRequired":true,"valueName":"search_term_string"}}],"inLanguage":"fr-FR"},{"@type":"Organization","@id":"https:\/\/guineediversite.com\/#organization","name":"Guin\u00e9e Diversit\u00e9","url":"https:\/\/guineediversite.com\/","logo":{"@type":"ImageObject","inLanguage":"fr-FR","@id":"https:\/\/guineediversite.com\/#\/schema\/logo\/image\/","url":"https:\/\/guineediversite.com\/wp-content\/uploads\/2017\/04\/cropped-1jojlxEOMkX9Wyqfhe43D6kjPOGqBBKmx3EwWJqZ0cMrFF54yM49.png","contentUrl":"https:\/\/guineediversite.com\/wp-content\/uploads\/2017\/04\/cropped-1jojlxEOMkX9Wyqfhe43D6kjPOGqBBKmx3EwWJqZ0cMrFF54yM49.png","width":186,"height":112,"caption":"Guin\u00e9e Diversit\u00e9"},"image":{"@id":"https:\/\/guineediversite.com\/#\/schema\/logo\/image\/"},"sameAs":["https:\/\/www.facebook.com\/guineediversite\/","https:\/\/x.com\/GuineeDiversite","https:\/\/www.youtube.com\/channel\/UC8sUY16qelG5ge6_D5SB83g"]},{"@type":"Person","@id":"https:\/\/guineediversite.com\/#\/schema\/person\/afa08fb34e7fc6e1feafc892612bc836","name":"Guin\u00e9e Diversit\u00e9","image":{"@type":"ImageObject","inLanguage":"fr-FR","@id":"https:\/\/guineediversite.com\/#\/schema\/person\/image\/","url":"https:\/\/secure.gravatar.com\/avatar\/50d5eb5b390f8b65ac30ac6f898eb83a?s=96&d=mm&r=g","contentUrl":"https:\/\/secure.gravatar.com\/avatar\/50d5eb5b390f8b65ac30ac6f898eb83a?s=96&d=mm&r=g","caption":"Guin\u00e9e Diversit\u00e9"},"url":"https:\/\/guineediversite.com\/index.php\/author\/guineediversite\/"}]}},"_links":{"self":[{"href":"https:\/\/guineediversite.com\/index.php\/wp-json\/wp\/v2\/posts\/28435"}],"collection":[{"href":"https:\/\/guineediversite.com\/index.php\/wp-json\/wp\/v2\/posts"}],"about":[{"href":"https:\/\/guineediversite.com\/index.php\/wp-json\/wp\/v2\/types\/post"}],"author":[{"embeddable":true,"href":"https:\/\/guineediversite.com\/index.php\/wp-json\/wp\/v2\/users\/12"}],"replies":[{"embeddable":true,"href":"https:\/\/guineediversite.com\/index.php\/wp-json\/wp\/v2\/comments?post=28435"}],"version-history":[{"count":0,"href":"https:\/\/guineediversite.com\/index.php\/wp-json\/wp\/v2\/posts\/28435\/revisions"}],"wp:featuredmedia":[{"embeddable":true,"href":"https:\/\/guineediversite.com\/index.php\/wp-json\/wp\/v2\/media\/28436"}],"wp:attachment":[{"href":"https:\/\/guineediversite.com\/index.php\/wp-json\/wp\/v2\/media?parent=28435"}],"wp:term":[{"taxonomy":"category","embeddable":true,"href":"https:\/\/guineediversite.com\/index.php\/wp-json\/wp\/v2\/categories?post=28435"},{"taxonomy":"post_tag","embeddable":true,"href":"https:\/\/guineediversite.com\/index.php\/wp-json\/wp\/v2\/tags?post=28435"}],"curies":[{"name":"wp","href":"https:\/\/api.w.org\/{rel}","templated":true}]}}