{"id":28431,"date":"2019-04-26T00:25:25","date_gmt":"2019-04-25T22:25:25","guid":{"rendered":"https:\/\/guineediversite.com\/?p=28431"},"modified":"2019-04-26T12:51:24","modified_gmt":"2019-04-26T10:51:24","slug":"symposium-mines-guinee-2019-cest-aussi-le-debat-sur-la-gestion-des-impacts-environnementaux-dans-les-zones-minieres","status":"publish","type":"post","link":"https:\/\/guineediversite.com\/index.php\/2019\/04\/26\/symposium-mines-guinee-2019-cest-aussi-le-debat-sur-la-gestion-des-impacts-environnementaux-dans-les-zones-minieres\/","title":{"rendered":"Symposium Mines Guin\u00e9e 2019 : La gestion des impacts environnementaux dans les zones mini\u00e8res au c\u0153ur des d\u00e9bats"},"content":{"rendered":"<p><b>A Conakry\u00a0se tient le plus grand \u00e9v\u00e9nement\u00a0minier de l\u2019Afrique de l\u2019Ouest depuis le 24 avril dernier, au cours de cette rencontre plusieurs panels ont \u00e9t\u00e9\u00a0organis\u00e9. <\/b><\/p>\n<p>Ce jeudi au compte de cette 6 \u00e8me\u00a0 \u00a0\u00e9dition du symposium Mines Guin\u00e9e, le secr\u00e9taire g\u00e9n\u00e9ral du minist\u00e8re de l\u2019environnement, des eaux et for\u00eats et le Directeur g\u00e9n\u00e9ral de la Soci\u00e9t\u00e9 Anglogold Ashanti (SAG), ont donn\u00e9 leurs avis sur la gestion des impacts environnementaux dans les zones mini\u00e8res en r\u00e9publique de Guin\u00e9e.<\/p>\n<p>Le repr\u00e9sentant du d\u00e9partement en charge de l\u2019environnement, des eaux et for\u00eats, Seydou Bari SIDIBE, a, \u00e0 l&rsquo;entame de ces propos rappel\u00e9s que \u00ab <em>la gestion des impacts environnementaux, est la mise en place des plans de gestion environnementale et sociale, qui fait partie du document de projet, c\u2019est-\u00e0-dire qui est r\u00e9alis\u00e9 avant m\u00eame la mise \u0153uvre du projet<\/em> \u00bb.<\/p>\n<p>Et de pr\u00e9cis\u00e9 : \u00ab <em>le plan de gestion environnementale est un document dans lequel on peut trouver toutes les activit\u00e9s qui doivent \u00eatre r\u00e9alis\u00e9es dans le cadre du projet depuis le d\u00e9but, jusqu\u2019\u00e0 la fermeture du projet. Et chaque activit\u00e9 qui sera r\u00e9alit\u00e9 dans le cadre du projet, les types d\u2019impacts et les mesures prises pour soi, att\u00e9nuer, supprimer, compenser ces impacts sont \u00e9galement mentionn\u00e9 et budg\u00e9tis\u00e9 dans ce document <\/em>\u00bb.<\/p>\n<p>Pour ce cadre du ministre de l\u2019environnement, si toutefois une soci\u00e9t\u00e9 mini\u00e8re n\u2019applique pas les mesure de ce document comme il le faut, \u00ab <em>il va s\u2019en dire, qu\u2019il aura d\u00e9faillance et c\u2019est ce qui fait souvent qu\u2019il y a des mouvements sociaux au niveau des soci\u00e9t\u00e9s mini\u00e8res<\/em> \u00bb.<\/p>\n<p>Loin, il (Seydou Bari SIDIBE) a soulign\u00e9 que toutes les soci\u00e9t\u00e9s qui \u00e9voluent aujourd\u2019hui dans le cadre des activit\u00e9s mini\u00e8res, mettent en \u0153uvre leur plan de gestion environnementale et sociale. \u00ab <em>Mais souvent, dit-il, les populations revendiquent souvent des choses qui ne sont pas contenues dans le plan de gestion environnemental et social, ou qui ne font pas partie des obligations de la soci\u00e9t\u00e9 mini\u00e8re. Notamment la construction des routes, des ponts\u2026 ces soci\u00e9t\u00e9s paient tr\u00e8s g\u00e9n\u00e9ralement des taxes afin de contribuer au d\u00e9veloppement local<\/em> \u00bb.<\/p>\n<p>\u00c9voluant dans l\u2019une des zones les plus affect\u00e9s par l\u2019exploitation mini\u00e8re (Siguiri Ndlr), le DG de la SAG (Soci\u00e9t\u00e9 Anglogold Ashanti) n\u2019a pas cach\u00e9 sa pr\u00e9occupation vis-\u00e0-vis de ce probl\u00e8me de gestion des impacts environnementale et sociale, qui selon lui, le mieux serait d\u2019\u00e9viter, le maximum possible. \u00ab <em>Si on dit que l\u2019or est pr\u00e9cieux, l\u2019environnement est dix fois plus pr\u00e9cieux que l\u2019or, parce que si vous d\u00e9truisez l\u2019environnement, vous d\u00e9truisez l\u00e0 o\u00f9 vous-m\u00eame vous habitez\u2026 l\u2019\u00eatre humain doit \u00eatre au centre de ce que nous faisons pour les impacts environnementaux <\/em>\u00bb, a-t-il d\u00e9clar\u00e9.<\/p>\n<p><img loading=\"lazy\" decoding=\"async\" class=\"alignnone wp-image-28433\" src=\"https:\/\/guineediversite.com.bwjx4292.odns.fr\/wp-content\/uploads\/2019\/04\/SAG-300x169.jpg\" alt=\"\" width=\"811\" height=\"457\" srcset=\"https:\/\/guineediversite.com\/wp-content\/uploads\/2019\/04\/SAG-300x169.jpg 300w, https:\/\/guineediversite.com\/wp-content\/uploads\/2019\/04\/SAG-768x432.jpg 768w, https:\/\/guineediversite.com\/wp-content\/uploads\/2019\/04\/SAG-1024x576.jpg 1024w, https:\/\/guineediversite.com\/wp-content\/uploads\/2019\/04\/SAG-600x338.jpg 600w, https:\/\/guineediversite.com\/wp-content\/uploads\/2019\/04\/SAG-678x381.jpg 678w, https:\/\/guineediversite.com\/wp-content\/uploads\/2019\/04\/SAG.jpg 1820w\" sizes=\"(max-width: 811px) 100vw, 811px\" \/><\/p>\n<p>Le premier responsable de SAG de Siguiri va poursuivre en affirmant ceci, \u00ab<em>il ne faut plus attendre que la soci\u00e9t\u00e9 ferme pour dire que vous allez commencer de r\u00e9habilitation et de compensation ou de plan de gestion environnementale. Il faut le faire au jour le jour et graduellement, c\u2019est-\u00e0-dire la r\u00e9dhibition continue<\/em> \u00bb.<\/p>\n","protected":false},"excerpt":{"rendered":"<p>A Conakry\u00a0se tient le plus grand \u00e9v\u00e9nement\u00a0minier de l\u2019Afrique de l\u2019Ouest depuis le 24 avril dernier, au cours de cette rencontre plusieurs panels ont \u00e9t\u00e9\u00a0organis\u00e9. Ce jeudi au compte de cette 6 \u00e8me\u00a0 \u00a0\u00e9dition du symposium Mines Guin\u00e9e, le secr\u00e9taire g\u00e9n\u00e9ral du minist\u00e8re de l\u2019environnement, des eaux et for\u00eats et le Directeur g\u00e9n\u00e9ral de la [&hellip;]<\/p>\n","protected":false},"author":10,"featured_media":28432,"comment_status":"closed","ping_status":"closed","sticky":false,"template":"","format":"standard","meta":{"_exactmetrics_skip_tracking":false,"_exactmetrics_sitenote_active":false,"_exactmetrics_sitenote_note":"","_exactmetrics_sitenote_category":0,"tdm_status":"","tdm_grid_status":"","footnotes":""},"categories":[16],"tags":[],"class_list":{"0":"post-28431","1":"post","2":"type-post","3":"status-publish","4":"format-standard","5":"has-post-thumbnail","7":"category-societe"},"yoast_head":"<!-- This site is optimized with the Yoast SEO plugin v24.2 - https:\/\/yoast.com\/wordpress\/plugins\/seo\/ -->\n<title>Symposium Mines Guin\u00e9e 2019 : La gestion des impacts environnementaux dans les zones mini\u00e8res au c\u0153ur des d\u00e9bats | Guin\u00e9e Diversit\u00e9<\/title>\n<meta name=\"robots\" content=\"index, follow, max-snippet:-1, max-image-preview:large, max-video-preview:-1\" \/>\n<link rel=\"canonical\" href=\"https:\/\/guineediversite.com\/index.php\/2019\/04\/26\/symposium-mines-guinee-2019-cest-aussi-le-debat-sur-la-gestion-des-impacts-environnementaux-dans-les-zones-minieres\/\" \/>\n<meta property=\"og:locale\" content=\"fr_FR\" \/>\n<meta property=\"og:type\" content=\"article\" \/>\n<meta property=\"og:title\" content=\"Symposium Mines Guin\u00e9e 2019 : La gestion des impacts environnementaux dans les zones mini\u00e8res au c\u0153ur des d\u00e9bats | Guin\u00e9e Diversit\u00e9\" \/>\n<meta property=\"og:description\" content=\"A Conakry\u00a0se tient le plus grand \u00e9v\u00e9nement\u00a0minier de l\u2019Afrique de l\u2019Ouest depuis le 24 avril dernier, au cours de cette rencontre plusieurs panels ont \u00e9t\u00e9\u00a0organis\u00e9. Ce jeudi au compte de cette 6 \u00e8me\u00a0 \u00a0\u00e9dition du symposium Mines Guin\u00e9e, le secr\u00e9taire g\u00e9n\u00e9ral du minist\u00e8re de l\u2019environnement, des eaux et for\u00eats et le Directeur g\u00e9n\u00e9ral de la [&hellip;]\" \/>\n<meta property=\"og:url\" content=\"https:\/\/guineediversite.com\/index.php\/2019\/04\/26\/symposium-mines-guinee-2019-cest-aussi-le-debat-sur-la-gestion-des-impacts-environnementaux-dans-les-zones-minieres\/\" \/>\n<meta property=\"og:site_name\" content=\"Guin\u00e9e Diversit\u00e9\" \/>\n<meta property=\"article:publisher\" content=\"https:\/\/www.facebook.com\/guineediversite\/\" \/>\n<meta property=\"article:published_time\" content=\"2019-04-25T22:25:25+00:00\" \/>\n<meta property=\"article:modified_time\" content=\"2019-04-26T10:51:24+00:00\" \/>\n<meta property=\"og:image\" content=\"https:\/\/guineediversite.com\/wp-content\/uploads\/2019\/04\/PP.jpg\" \/>\n\t<meta property=\"og:image:width\" content=\"1820\" \/>\n\t<meta property=\"og:image:height\" content=\"1024\" \/>\n\t<meta property=\"og:image:type\" content=\"image\/jpeg\" \/>\n<meta name=\"author\" content=\"Morcire Camara\" \/>\n<meta name=\"twitter:card\" content=\"summary_large_image\" \/>\n<meta name=\"twitter:creator\" content=\"@GuineeDiversite\" \/>\n<meta name=\"twitter:site\" content=\"@GuineeDiversite\" \/>\n<meta name=\"twitter:label1\" content=\"\u00c9crit par\" \/>\n\t<meta name=\"twitter:data1\" content=\"Morcire Camara\" \/>\n\t<meta name=\"twitter:label2\" content=\"Dur\u00e9e de lecture estim\u00e9e\" \/>\n\t<meta name=\"twitter:data2\" content=\"3 minutes\" \/>\n<script type=\"application\/ld+json\" class=\"yoast-schema-graph\">{\"@context\":\"https:\/\/schema.org\",\"@graph\":[{\"@type\":\"Article\",\"@id\":\"https:\/\/guineediversite.com\/index.php\/2019\/04\/26\/symposium-mines-guinee-2019-cest-aussi-le-debat-sur-la-gestion-des-impacts-environnementaux-dans-les-zones-minieres\/#article\",\"isPartOf\":{\"@id\":\"https:\/\/guineediversite.com\/index.php\/2019\/04\/26\/symposium-mines-guinee-2019-cest-aussi-le-debat-sur-la-gestion-des-impacts-environnementaux-dans-les-zones-minieres\/\"},\"author\":{\"name\":\"Morcire Camara\",\"@id\":\"https:\/\/guineediversite.com\/#\/schema\/person\/fa362494c47202ce4b3adf55abcc9d01\"},\"headline\":\"Symposium Mines Guin\u00e9e 2019 : La gestion des impacts environnementaux dans les zones mini\u00e8res au c\u0153ur des d\u00e9bats\",\"datePublished\":\"2019-04-25T22:25:25+00:00\",\"dateModified\":\"2019-04-26T10:51:24+00:00\",\"mainEntityOfPage\":{\"@id\":\"https:\/\/guineediversite.com\/index.php\/2019\/04\/26\/symposium-mines-guinee-2019-cest-aussi-le-debat-sur-la-gestion-des-impacts-environnementaux-dans-les-zones-minieres\/\"},\"wordCount\":585,\"publisher\":{\"@id\":\"https:\/\/guineediversite.com\/#organization\"},\"image\":{\"@id\":\"https:\/\/guineediversite.com\/index.php\/2019\/04\/26\/symposium-mines-guinee-2019-cest-aussi-le-debat-sur-la-gestion-des-impacts-environnementaux-dans-les-zones-minieres\/#primaryimage\"},\"thumbnailUrl\":\"https:\/\/guineediversite.com\/wp-content\/uploads\/2019\/04\/PP.jpg\",\"articleSection\":[\"Soci\u00e9t\u00e9\"],\"inLanguage\":\"fr-FR\"},{\"@type\":\"WebPage\",\"@id\":\"https:\/\/guineediversite.com\/index.php\/2019\/04\/26\/symposium-mines-guinee-2019-cest-aussi-le-debat-sur-la-gestion-des-impacts-environnementaux-dans-les-zones-minieres\/\",\"url\":\"https:\/\/guineediversite.com\/index.php\/2019\/04\/26\/symposium-mines-guinee-2019-cest-aussi-le-debat-sur-la-gestion-des-impacts-environnementaux-dans-les-zones-minieres\/\",\"name\":\"Symposium Mines Guin\u00e9e 2019 : La gestion des impacts environnementaux dans les zones mini\u00e8res au c\u0153ur des d\u00e9bats | Guin\u00e9e Diversit\u00e9\",\"isPartOf\":{\"@id\":\"https:\/\/guineediversite.com\/#website\"},\"primaryImageOfPage\":{\"@id\":\"https:\/\/guineediversite.com\/index.php\/2019\/04\/26\/symposium-mines-guinee-2019-cest-aussi-le-debat-sur-la-gestion-des-impacts-environnementaux-dans-les-zones-minieres\/#primaryimage\"},\"image\":{\"@id\":\"https:\/\/guineediversite.com\/index.php\/2019\/04\/26\/symposium-mines-guinee-2019-cest-aussi-le-debat-sur-la-gestion-des-impacts-environnementaux-dans-les-zones-minieres\/#primaryimage\"},\"thumbnailUrl\":\"https:\/\/guineediversite.com\/wp-content\/uploads\/2019\/04\/PP.jpg\",\"datePublished\":\"2019-04-25T22:25:25+00:00\",\"dateModified\":\"2019-04-26T10:51:24+00:00\",\"breadcrumb\":{\"@id\":\"https:\/\/guineediversite.com\/index.php\/2019\/04\/26\/symposium-mines-guinee-2019-cest-aussi-le-debat-sur-la-gestion-des-impacts-environnementaux-dans-les-zones-minieres\/#breadcrumb\"},\"inLanguage\":\"fr-FR\",\"potentialAction\":[{\"@type\":\"ReadAction\",\"target\":[\"https:\/\/guineediversite.com\/index.php\/2019\/04\/26\/symposium-mines-guinee-2019-cest-aussi-le-debat-sur-la-gestion-des-impacts-environnementaux-dans-les-zones-minieres\/\"]}]},{\"@type\":\"ImageObject\",\"inLanguage\":\"fr-FR\",\"@id\":\"https:\/\/guineediversite.com\/index.php\/2019\/04\/26\/symposium-mines-guinee-2019-cest-aussi-le-debat-sur-la-gestion-des-impacts-environnementaux-dans-les-zones-minieres\/#primaryimage\",\"url\":\"https:\/\/guineediversite.com\/wp-content\/uploads\/2019\/04\/PP.jpg\",\"contentUrl\":\"https:\/\/guineediversite.com\/wp-content\/uploads\/2019\/04\/PP.jpg\",\"width\":1820,\"height\":1024},{\"@type\":\"BreadcrumbList\",\"@id\":\"https:\/\/guineediversite.com\/index.php\/2019\/04\/26\/symposium-mines-guinee-2019-cest-aussi-le-debat-sur-la-gestion-des-impacts-environnementaux-dans-les-zones-minieres\/#breadcrumb\",\"itemListElement\":[{\"@type\":\"ListItem\",\"position\":1,\"name\":\"Accueil\",\"item\":\"https:\/\/guineediversite.com\/\"},{\"@type\":\"ListItem\",\"position\":2,\"name\":\"Symposium Mines Guin\u00e9e 2019 : La gestion des impacts environnementaux dans les zones mini\u00e8res au c\u0153ur des d\u00e9bats\"}]},{\"@type\":\"WebSite\",\"@id\":\"https:\/\/guineediversite.com\/#website\",\"url\":\"https:\/\/guineediversite.com\/\",\"name\":\"Guin\u00e9e Diversit\u00e9\",\"description\":\"L&#039;Info dans toute sa diversit\u00e9\",\"publisher\":{\"@id\":\"https:\/\/guineediversite.com\/#organization\"},\"potentialAction\":[{\"@type\":\"SearchAction\",\"target\":{\"@type\":\"EntryPoint\",\"urlTemplate\":\"https:\/\/guineediversite.com\/?s={search_term_string}\"},\"query-input\":{\"@type\":\"PropertyValueSpecification\",\"valueRequired\":true,\"valueName\":\"search_term_string\"}}],\"inLanguage\":\"fr-FR\"},{\"@type\":\"Organization\",\"@id\":\"https:\/\/guineediversite.com\/#organization\",\"name\":\"Guin\u00e9e Diversit\u00e9\",\"url\":\"https:\/\/guineediversite.com\/\",\"logo\":{\"@type\":\"ImageObject\",\"inLanguage\":\"fr-FR\",\"@id\":\"https:\/\/guineediversite.com\/#\/schema\/logo\/image\/\",\"url\":\"https:\/\/guineediversite.com\/wp-content\/uploads\/2017\/04\/cropped-1jojlxEOMkX9Wyqfhe43D6kjPOGqBBKmx3EwWJqZ0cMrFF54yM49.png\",\"contentUrl\":\"https:\/\/guineediversite.com\/wp-content\/uploads\/2017\/04\/cropped-1jojlxEOMkX9Wyqfhe43D6kjPOGqBBKmx3EwWJqZ0cMrFF54yM49.png\",\"width\":186,\"height\":112,\"caption\":\"Guin\u00e9e Diversit\u00e9\"},\"image\":{\"@id\":\"https:\/\/guineediversite.com\/#\/schema\/logo\/image\/\"},\"sameAs\":[\"https:\/\/www.facebook.com\/guineediversite\/\",\"https:\/\/x.com\/GuineeDiversite\",\"https:\/\/www.youtube.com\/channel\/UC8sUY16qelG5ge6_D5SB83g\"]},{\"@type\":\"Person\",\"@id\":\"https:\/\/guineediversite.com\/#\/schema\/person\/fa362494c47202ce4b3adf55abcc9d01\",\"name\":\"Morcire Camara\",\"image\":{\"@type\":\"ImageObject\",\"inLanguage\":\"fr-FR\",\"@id\":\"https:\/\/guineediversite.com\/#\/schema\/person\/image\/\",\"url\":\"https:\/\/secure.gravatar.com\/avatar\/3ec324f02295bbcebe03d99b39330ab4?s=96&d=mm&r=g\",\"contentUrl\":\"https:\/\/secure.gravatar.com\/avatar\/3ec324f02295bbcebe03d99b39330ab4?s=96&d=mm&r=g\",\"caption\":\"Morcire Camara\"},\"url\":\"https:\/\/guineediversite.com\/index.php\/author\/morcire\/\"}]}<\/script>\n<!-- \/ Yoast SEO plugin. -->","yoast_head_json":{"title":"Symposium Mines Guin\u00e9e 2019 : La gestion des impacts environnementaux dans les zones mini\u00e8res au c\u0153ur des d\u00e9bats | Guin\u00e9e Diversit\u00e9","robots":{"index":"index","follow":"follow","max-snippet":"max-snippet:-1","max-image-preview":"max-image-preview:large","max-video-preview":"max-video-preview:-1"},"canonical":"https:\/\/guineediversite.com\/index.php\/2019\/04\/26\/symposium-mines-guinee-2019-cest-aussi-le-debat-sur-la-gestion-des-impacts-environnementaux-dans-les-zones-minieres\/","og_locale":"fr_FR","og_type":"article","og_title":"Symposium Mines Guin\u00e9e 2019 : La gestion des impacts environnementaux dans les zones mini\u00e8res au c\u0153ur des d\u00e9bats | Guin\u00e9e Diversit\u00e9","og_description":"A Conakry\u00a0se tient le plus grand \u00e9v\u00e9nement\u00a0minier de l\u2019Afrique de l\u2019Ouest depuis le 24 avril dernier, au cours de cette rencontre plusieurs panels ont \u00e9t\u00e9\u00a0organis\u00e9. Ce jeudi au compte de cette 6 \u00e8me\u00a0 \u00a0\u00e9dition du symposium Mines Guin\u00e9e, le secr\u00e9taire g\u00e9n\u00e9ral du minist\u00e8re de l\u2019environnement, des eaux et for\u00eats et le Directeur g\u00e9n\u00e9ral de la [&hellip;]","og_url":"https:\/\/guineediversite.com\/index.php\/2019\/04\/26\/symposium-mines-guinee-2019-cest-aussi-le-debat-sur-la-gestion-des-impacts-environnementaux-dans-les-zones-minieres\/","og_site_name":"Guin\u00e9e Diversit\u00e9","article_publisher":"https:\/\/www.facebook.com\/guineediversite\/","article_published_time":"2019-04-25T22:25:25+00:00","article_modified_time":"2019-04-26T10:51:24+00:00","og_image":[{"width":1820,"height":1024,"url":"https:\/\/guineediversite.com\/wp-content\/uploads\/2019\/04\/PP.jpg","type":"image\/jpeg"}],"author":"Morcire Camara","twitter_card":"summary_large_image","twitter_creator":"@GuineeDiversite","twitter_site":"@GuineeDiversite","twitter_misc":{"\u00c9crit par":"Morcire Camara","Dur\u00e9e de lecture estim\u00e9e":"3 minutes"},"schema":{"@context":"https:\/\/schema.org","@graph":[{"@type":"Article","@id":"https:\/\/guineediversite.com\/index.php\/2019\/04\/26\/symposium-mines-guinee-2019-cest-aussi-le-debat-sur-la-gestion-des-impacts-environnementaux-dans-les-zones-minieres\/#article","isPartOf":{"@id":"https:\/\/guineediversite.com\/index.php\/2019\/04\/26\/symposium-mines-guinee-2019-cest-aussi-le-debat-sur-la-gestion-des-impacts-environnementaux-dans-les-zones-minieres\/"},"author":{"name":"Morcire Camara","@id":"https:\/\/guineediversite.com\/#\/schema\/person\/fa362494c47202ce4b3adf55abcc9d01"},"headline":"Symposium Mines Guin\u00e9e 2019 : La gestion des impacts environnementaux dans les zones mini\u00e8res au c\u0153ur des d\u00e9bats","datePublished":"2019-04-25T22:25:25+00:00","dateModified":"2019-04-26T10:51:24+00:00","mainEntityOfPage":{"@id":"https:\/\/guineediversite.com\/index.php\/2019\/04\/26\/symposium-mines-guinee-2019-cest-aussi-le-debat-sur-la-gestion-des-impacts-environnementaux-dans-les-zones-minieres\/"},"wordCount":585,"publisher":{"@id":"https:\/\/guineediversite.com\/#organization"},"image":{"@id":"https:\/\/guineediversite.com\/index.php\/2019\/04\/26\/symposium-mines-guinee-2019-cest-aussi-le-debat-sur-la-gestion-des-impacts-environnementaux-dans-les-zones-minieres\/#primaryimage"},"thumbnailUrl":"https:\/\/guineediversite.com\/wp-content\/uploads\/2019\/04\/PP.jpg","articleSection":["Soci\u00e9t\u00e9"],"inLanguage":"fr-FR"},{"@type":"WebPage","@id":"https:\/\/guineediversite.com\/index.php\/2019\/04\/26\/symposium-mines-guinee-2019-cest-aussi-le-debat-sur-la-gestion-des-impacts-environnementaux-dans-les-zones-minieres\/","url":"https:\/\/guineediversite.com\/index.php\/2019\/04\/26\/symposium-mines-guinee-2019-cest-aussi-le-debat-sur-la-gestion-des-impacts-environnementaux-dans-les-zones-minieres\/","name":"Symposium Mines Guin\u00e9e 2019 : La gestion des impacts environnementaux dans les zones mini\u00e8res au c\u0153ur des d\u00e9bats | Guin\u00e9e Diversit\u00e9","isPartOf":{"@id":"https:\/\/guineediversite.com\/#website"},"primaryImageOfPage":{"@id":"https:\/\/guineediversite.com\/index.php\/2019\/04\/26\/symposium-mines-guinee-2019-cest-aussi-le-debat-sur-la-gestion-des-impacts-environnementaux-dans-les-zones-minieres\/#primaryimage"},"image":{"@id":"https:\/\/guineediversite.com\/index.php\/2019\/04\/26\/symposium-mines-guinee-2019-cest-aussi-le-debat-sur-la-gestion-des-impacts-environnementaux-dans-les-zones-minieres\/#primaryimage"},"thumbnailUrl":"https:\/\/guineediversite.com\/wp-content\/uploads\/2019\/04\/PP.jpg","datePublished":"2019-04-25T22:25:25+00:00","dateModified":"2019-04-26T10:51:24+00:00","breadcrumb":{"@id":"https:\/\/guineediversite.com\/index.php\/2019\/04\/26\/symposium-mines-guinee-2019-cest-aussi-le-debat-sur-la-gestion-des-impacts-environnementaux-dans-les-zones-minieres\/#breadcrumb"},"inLanguage":"fr-FR","potentialAction":[{"@type":"ReadAction","target":["https:\/\/guineediversite.com\/index.php\/2019\/04\/26\/symposium-mines-guinee-2019-cest-aussi-le-debat-sur-la-gestion-des-impacts-environnementaux-dans-les-zones-minieres\/"]}]},{"@type":"ImageObject","inLanguage":"fr-FR","@id":"https:\/\/guineediversite.com\/index.php\/2019\/04\/26\/symposium-mines-guinee-2019-cest-aussi-le-debat-sur-la-gestion-des-impacts-environnementaux-dans-les-zones-minieres\/#primaryimage","url":"https:\/\/guineediversite.com\/wp-content\/uploads\/2019\/04\/PP.jpg","contentUrl":"https:\/\/guineediversite.com\/wp-content\/uploads\/2019\/04\/PP.jpg","width":1820,"height":1024},{"@type":"BreadcrumbList","@id":"https:\/\/guineediversite.com\/index.php\/2019\/04\/26\/symposium-mines-guinee-2019-cest-aussi-le-debat-sur-la-gestion-des-impacts-environnementaux-dans-les-zones-minieres\/#breadcrumb","itemListElement":[{"@type":"ListItem","position":1,"name":"Accueil","item":"https:\/\/guineediversite.com\/"},{"@type":"ListItem","position":2,"name":"Symposium Mines Guin\u00e9e 2019 : La gestion des impacts environnementaux dans les zones mini\u00e8res au c\u0153ur des d\u00e9bats"}]},{"@type":"WebSite","@id":"https:\/\/guineediversite.com\/#website","url":"https:\/\/guineediversite.com\/","name":"Guin\u00e9e Diversit\u00e9","description":"L&#039;Info dans toute sa diversit\u00e9","publisher":{"@id":"https:\/\/guineediversite.com\/#organization"},"potentialAction":[{"@type":"SearchAction","target":{"@type":"EntryPoint","urlTemplate":"https:\/\/guineediversite.com\/?s={search_term_string}"},"query-input":{"@type":"PropertyValueSpecification","valueRequired":true,"valueName":"search_term_string"}}],"inLanguage":"fr-FR"},{"@type":"Organization","@id":"https:\/\/guineediversite.com\/#organization","name":"Guin\u00e9e Diversit\u00e9","url":"https:\/\/guineediversite.com\/","logo":{"@type":"ImageObject","inLanguage":"fr-FR","@id":"https:\/\/guineediversite.com\/#\/schema\/logo\/image\/","url":"https:\/\/guineediversite.com\/wp-content\/uploads\/2017\/04\/cropped-1jojlxEOMkX9Wyqfhe43D6kjPOGqBBKmx3EwWJqZ0cMrFF54yM49.png","contentUrl":"https:\/\/guineediversite.com\/wp-content\/uploads\/2017\/04\/cropped-1jojlxEOMkX9Wyqfhe43D6kjPOGqBBKmx3EwWJqZ0cMrFF54yM49.png","width":186,"height":112,"caption":"Guin\u00e9e Diversit\u00e9"},"image":{"@id":"https:\/\/guineediversite.com\/#\/schema\/logo\/image\/"},"sameAs":["https:\/\/www.facebook.com\/guineediversite\/","https:\/\/x.com\/GuineeDiversite","https:\/\/www.youtube.com\/channel\/UC8sUY16qelG5ge6_D5SB83g"]},{"@type":"Person","@id":"https:\/\/guineediversite.com\/#\/schema\/person\/fa362494c47202ce4b3adf55abcc9d01","name":"Morcire Camara","image":{"@type":"ImageObject","inLanguage":"fr-FR","@id":"https:\/\/guineediversite.com\/#\/schema\/person\/image\/","url":"https:\/\/secure.gravatar.com\/avatar\/3ec324f02295bbcebe03d99b39330ab4?s=96&d=mm&r=g","contentUrl":"https:\/\/secure.gravatar.com\/avatar\/3ec324f02295bbcebe03d99b39330ab4?s=96&d=mm&r=g","caption":"Morcire Camara"},"url":"https:\/\/guineediversite.com\/index.php\/author\/morcire\/"}]}},"_links":{"self":[{"href":"https:\/\/guineediversite.com\/index.php\/wp-json\/wp\/v2\/posts\/28431"}],"collection":[{"href":"https:\/\/guineediversite.com\/index.php\/wp-json\/wp\/v2\/posts"}],"about":[{"href":"https:\/\/guineediversite.com\/index.php\/wp-json\/wp\/v2\/types\/post"}],"author":[{"embeddable":true,"href":"https:\/\/guineediversite.com\/index.php\/wp-json\/wp\/v2\/users\/10"}],"replies":[{"embeddable":true,"href":"https:\/\/guineediversite.com\/index.php\/wp-json\/wp\/v2\/comments?post=28431"}],"version-history":[{"count":0,"href":"https:\/\/guineediversite.com\/index.php\/wp-json\/wp\/v2\/posts\/28431\/revisions"}],"wp:featuredmedia":[{"embeddable":true,"href":"https:\/\/guineediversite.com\/index.php\/wp-json\/wp\/v2\/media\/28432"}],"wp:attachment":[{"href":"https:\/\/guineediversite.com\/index.php\/wp-json\/wp\/v2\/media?parent=28431"}],"wp:term":[{"taxonomy":"category","embeddable":true,"href":"https:\/\/guineediversite.com\/index.php\/wp-json\/wp\/v2\/categories?post=28431"},{"taxonomy":"post_tag","embeddable":true,"href":"https:\/\/guineediversite.com\/index.php\/wp-json\/wp\/v2\/tags?post=28431"}],"curies":[{"name":"wp","href":"https:\/\/api.w.org\/{rel}","templated":true}]}}