{"id":28412,"date":"2019-04-24T15:46:45","date_gmt":"2019-04-24T13:46:45","guid":{"rendered":"https:\/\/guineediversite.com\/?p=28412"},"modified":"2019-04-24T15:46:45","modified_gmt":"2019-04-24T13:46:45","slug":"can-u17-nigeria-guinee-le-onze-de-depart-du-syli-cadet","status":"publish","type":"post","link":"https:\/\/guineediversite.com\/index.php\/2019\/04\/24\/can-u17-nigeria-guinee-le-onze-de-depart-du-syli-cadet\/","title":{"rendered":"CAN U17\/Nigeria \u2013 Guin\u00e9e : Le Onze de d\u00e9part du Syli cadet"},"content":{"rendered":"<p>A quelques heures du coup d\u2019envoi du choc entre le Nigeria et la Guin\u00e9e au compte des demi-finales de la Coupe d\u2019Afrique des moins de 17 ans, le s\u00e9lectionneur guin\u00e9en a d\u00e9voil\u00e9 sa composition.<\/p>\n<p>Mohamed Mal\u00e8ah Camara opte toujours pour un 4-3-3. Dans son onze de d\u00e9part, le technicien guin\u00e9en aligne dans les buts Sekou Camara. En d\u00e9fense, on note la pr\u00e9sence d\u2019Alya Bangoura qui revient de suspension. Excellent joker lors des deux derniers match, Momo Fany\u00e9 Tour\u00e9 est align\u00e9 \u00e0 la pointe de l\u2019attaque.<\/p>\n<p>Voici le 11 de d\u00e9part :<\/p>\n<ul>\n<li>D\u00e9fenseurs: Alya Bangoura , Ahmed Tidiane keita , Brahima Kalil Dabo, Mahamoud Ben Bangoura .<\/li>\n<li>Milieux: Ibrahima Br\u00e8ze Fofana , Sekou Tidiane Bangoura ,Aboubacar Cont\u00e9<\/li>\n<li>Attaquants: Agassime Bah, Alya Tour\u00e9 ,Momo Fany\u00e9 Tour\u00e9 .<\/li>\n<\/ul>\n<p>Le coup d\u2019envoi de la rencontre est pr\u00e9vu \u00e0 16h (heure locale) et 13h GMT au National Stadium de Dar ES Salam.<\/p>\n<p>&nbsp;<\/p>\n","protected":false},"excerpt":{"rendered":"<p>A quelques heures du coup d\u2019envoi du choc entre le Nigeria et la Guin\u00e9e au compte des demi-finales de la Coupe d\u2019Afrique des moins de 17 ans, le s\u00e9lectionneur guin\u00e9en a d\u00e9voil\u00e9 sa composition. Mohamed Mal\u00e8ah Camara opte toujours pour un 4-3-3. Dans son onze de d\u00e9part, le technicien guin\u00e9en aligne dans les buts Sekou [&hellip;]<\/p>\n","protected":false},"author":7,"featured_media":28413,"comment_status":"closed","ping_status":"closed","sticky":false,"template":"","format":"standard","meta":{"_exactmetrics_skip_tracking":false,"_exactmetrics_sitenote_active":false,"_exactmetrics_sitenote_note":"","_exactmetrics_sitenote_category":0,"tdm_status":"","tdm_grid_status":"","footnotes":""},"categories":[18],"tags":[],"class_list":{"0":"post-28412","1":"post","2":"type-post","3":"status-publish","4":"format-standard","5":"has-post-thumbnail","7":"category-sport"},"yoast_head":"<!-- This site is optimized with the Yoast SEO plugin v24.2 - https:\/\/yoast.com\/wordpress\/plugins\/seo\/ -->\n<title>CAN U17\/Nigeria \u2013 Guin\u00e9e : Le Onze de d\u00e9part du Syli cadet | Guin\u00e9e Diversit\u00e9<\/title>\n<meta name=\"robots\" content=\"index, follow, max-snippet:-1, max-image-preview:large, max-video-preview:-1\" \/>\n<link rel=\"canonical\" href=\"https:\/\/guineediversite.com\/index.php\/2019\/04\/24\/can-u17-nigeria-guinee-le-onze-de-depart-du-syli-cadet\/\" \/>\n<meta property=\"og:locale\" content=\"fr_FR\" \/>\n<meta property=\"og:type\" content=\"article\" \/>\n<meta property=\"og:title\" content=\"CAN U17\/Nigeria \u2013 Guin\u00e9e : Le Onze de d\u00e9part du Syli cadet | Guin\u00e9e Diversit\u00e9\" \/>\n<meta property=\"og:description\" content=\"A quelques heures du coup d\u2019envoi du choc entre le Nigeria et la Guin\u00e9e au compte des demi-finales de la Coupe d\u2019Afrique des moins de 17 ans, le s\u00e9lectionneur guin\u00e9en a d\u00e9voil\u00e9 sa composition. Mohamed Mal\u00e8ah Camara opte toujours pour un 4-3-3. Dans son onze de d\u00e9part, le technicien guin\u00e9en aligne dans les buts Sekou [&hellip;]\" \/>\n<meta property=\"og:url\" content=\"https:\/\/guineediversite.com\/index.php\/2019\/04\/24\/can-u17-nigeria-guinee-le-onze-de-depart-du-syli-cadet\/\" \/>\n<meta property=\"og:site_name\" content=\"Guin\u00e9e Diversit\u00e9\" \/>\n<meta property=\"article:publisher\" content=\"https:\/\/www.facebook.com\/guineediversite\/\" \/>\n<meta property=\"article:published_time\" content=\"2019-04-24T13:46:45+00:00\" \/>\n<meta property=\"og:image\" content=\"https:\/\/guineediversite.com\/wp-content\/uploads\/2019\/04\/SN.jpg\" \/>\n\t<meta property=\"og:image:width\" content=\"1555\" \/>\n\t<meta property=\"og:image:height\" content=\"1024\" \/>\n\t<meta property=\"og:image:type\" content=\"image\/jpeg\" \/>\n<meta name=\"author\" content=\"Bilguissa Diallo\" \/>\n<meta name=\"twitter:card\" content=\"summary_large_image\" \/>\n<meta name=\"twitter:creator\" content=\"@GuineeDiversite\" \/>\n<meta name=\"twitter:site\" content=\"@GuineeDiversite\" \/>\n<meta name=\"twitter:label1\" content=\"\u00c9crit par\" \/>\n\t<meta name=\"twitter:data1\" content=\"Bilguissa Diallo\" \/>\n\t<meta name=\"twitter:label2\" content=\"Dur\u00e9e de lecture estim\u00e9e\" \/>\n\t<meta name=\"twitter:data2\" content=\"1 minute\" \/>\n<script type=\"application\/ld+json\" class=\"yoast-schema-graph\">{\"@context\":\"https:\/\/schema.org\",\"@graph\":[{\"@type\":\"Article\",\"@id\":\"https:\/\/guineediversite.com\/index.php\/2019\/04\/24\/can-u17-nigeria-guinee-le-onze-de-depart-du-syli-cadet\/#article\",\"isPartOf\":{\"@id\":\"https:\/\/guineediversite.com\/index.php\/2019\/04\/24\/can-u17-nigeria-guinee-le-onze-de-depart-du-syli-cadet\/\"},\"author\":{\"name\":\"Bilguissa Diallo\",\"@id\":\"https:\/\/guineediversite.com\/#\/schema\/person\/0e0e3e424768a50d025ac2218ccca73f\"},\"headline\":\"CAN U17\/Nigeria \u2013 Guin\u00e9e : Le Onze de d\u00e9part du Syli cadet\",\"datePublished\":\"2019-04-24T13:46:45+00:00\",\"dateModified\":\"2019-04-24T13:46:45+00:00\",\"mainEntityOfPage\":{\"@id\":\"https:\/\/guineediversite.com\/index.php\/2019\/04\/24\/can-u17-nigeria-guinee-le-onze-de-depart-du-syli-cadet\/\"},\"wordCount\":170,\"publisher\":{\"@id\":\"https:\/\/guineediversite.com\/#organization\"},\"image\":{\"@id\":\"https:\/\/guineediversite.com\/index.php\/2019\/04\/24\/can-u17-nigeria-guinee-le-onze-de-depart-du-syli-cadet\/#primaryimage\"},\"thumbnailUrl\":\"https:\/\/guineediversite.com\/wp-content\/uploads\/2019\/04\/SN.jpg\",\"articleSection\":[\"Sport\"],\"inLanguage\":\"fr-FR\"},{\"@type\":\"WebPage\",\"@id\":\"https:\/\/guineediversite.com\/index.php\/2019\/04\/24\/can-u17-nigeria-guinee-le-onze-de-depart-du-syli-cadet\/\",\"url\":\"https:\/\/guineediversite.com\/index.php\/2019\/04\/24\/can-u17-nigeria-guinee-le-onze-de-depart-du-syli-cadet\/\",\"name\":\"CAN U17\/Nigeria \u2013 Guin\u00e9e : Le Onze de d\u00e9part du Syli cadet | Guin\u00e9e Diversit\u00e9\",\"isPartOf\":{\"@id\":\"https:\/\/guineediversite.com\/#website\"},\"primaryImageOfPage\":{\"@id\":\"https:\/\/guineediversite.com\/index.php\/2019\/04\/24\/can-u17-nigeria-guinee-le-onze-de-depart-du-syli-cadet\/#primaryimage\"},\"image\":{\"@id\":\"https:\/\/guineediversite.com\/index.php\/2019\/04\/24\/can-u17-nigeria-guinee-le-onze-de-depart-du-syli-cadet\/#primaryimage\"},\"thumbnailUrl\":\"https:\/\/guineediversite.com\/wp-content\/uploads\/2019\/04\/SN.jpg\",\"datePublished\":\"2019-04-24T13:46:45+00:00\",\"dateModified\":\"2019-04-24T13:46:45+00:00\",\"breadcrumb\":{\"@id\":\"https:\/\/guineediversite.com\/index.php\/2019\/04\/24\/can-u17-nigeria-guinee-le-onze-de-depart-du-syli-cadet\/#breadcrumb\"},\"inLanguage\":\"fr-FR\",\"potentialAction\":[{\"@type\":\"ReadAction\",\"target\":[\"https:\/\/guineediversite.com\/index.php\/2019\/04\/24\/can-u17-nigeria-guinee-le-onze-de-depart-du-syli-cadet\/\"]}]},{\"@type\":\"ImageObject\",\"inLanguage\":\"fr-FR\",\"@id\":\"https:\/\/guineediversite.com\/index.php\/2019\/04\/24\/can-u17-nigeria-guinee-le-onze-de-depart-du-syli-cadet\/#primaryimage\",\"url\":\"https:\/\/guineediversite.com\/wp-content\/uploads\/2019\/04\/SN.jpg\",\"contentUrl\":\"https:\/\/guineediversite.com\/wp-content\/uploads\/2019\/04\/SN.jpg\",\"width\":1555,\"height\":1024},{\"@type\":\"BreadcrumbList\",\"@id\":\"https:\/\/guineediversite.com\/index.php\/2019\/04\/24\/can-u17-nigeria-guinee-le-onze-de-depart-du-syli-cadet\/#breadcrumb\",\"itemListElement\":[{\"@type\":\"ListItem\",\"position\":1,\"name\":\"Accueil\",\"item\":\"https:\/\/guineediversite.com\/\"},{\"@type\":\"ListItem\",\"position\":2,\"name\":\"CAN U17\/Nigeria \u2013 Guin\u00e9e : Le Onze de d\u00e9part du Syli cadet\"}]},{\"@type\":\"WebSite\",\"@id\":\"https:\/\/guineediversite.com\/#website\",\"url\":\"https:\/\/guineediversite.com\/\",\"name\":\"Guin\u00e9e Diversit\u00e9\",\"description\":\"L&#039;Info dans toute sa diversit\u00e9\",\"publisher\":{\"@id\":\"https:\/\/guineediversite.com\/#organization\"},\"potentialAction\":[{\"@type\":\"SearchAction\",\"target\":{\"@type\":\"EntryPoint\",\"urlTemplate\":\"https:\/\/guineediversite.com\/?s={search_term_string}\"},\"query-input\":{\"@type\":\"PropertyValueSpecification\",\"valueRequired\":true,\"valueName\":\"search_term_string\"}}],\"inLanguage\":\"fr-FR\"},{\"@type\":\"Organization\",\"@id\":\"https:\/\/guineediversite.com\/#organization\",\"name\":\"Guin\u00e9e Diversit\u00e9\",\"url\":\"https:\/\/guineediversite.com\/\",\"logo\":{\"@type\":\"ImageObject\",\"inLanguage\":\"fr-FR\",\"@id\":\"https:\/\/guineediversite.com\/#\/schema\/logo\/image\/\",\"url\":\"https:\/\/guineediversite.com\/wp-content\/uploads\/2017\/04\/cropped-1jojlxEOMkX9Wyqfhe43D6kjPOGqBBKmx3EwWJqZ0cMrFF54yM49.png\",\"contentUrl\":\"https:\/\/guineediversite.com\/wp-content\/uploads\/2017\/04\/cropped-1jojlxEOMkX9Wyqfhe43D6kjPOGqBBKmx3EwWJqZ0cMrFF54yM49.png\",\"width\":186,\"height\":112,\"caption\":\"Guin\u00e9e Diversit\u00e9\"},\"image\":{\"@id\":\"https:\/\/guineediversite.com\/#\/schema\/logo\/image\/\"},\"sameAs\":[\"https:\/\/www.facebook.com\/guineediversite\/\",\"https:\/\/x.com\/GuineeDiversite\",\"https:\/\/www.youtube.com\/channel\/UC8sUY16qelG5ge6_D5SB83g\"]},{\"@type\":\"Person\",\"@id\":\"https:\/\/guineediversite.com\/#\/schema\/person\/0e0e3e424768a50d025ac2218ccca73f\",\"name\":\"Bilguissa Diallo\",\"image\":{\"@type\":\"ImageObject\",\"inLanguage\":\"fr-FR\",\"@id\":\"https:\/\/guineediversite.com\/#\/schema\/person\/image\/\",\"url\":\"https:\/\/secure.gravatar.com\/avatar\/49bbbd2420ee34d62b1b191791f4b5df?s=96&d=mm&r=g\",\"contentUrl\":\"https:\/\/secure.gravatar.com\/avatar\/49bbbd2420ee34d62b1b191791f4b5df?s=96&d=mm&r=g\",\"caption\":\"Bilguissa Diallo\"},\"url\":\"https:\/\/guineediversite.com\/index.php\/author\/bilguissa\/\"}]}<\/script>\n<!-- \/ Yoast SEO plugin. -->","yoast_head_json":{"title":"CAN U17\/Nigeria \u2013 Guin\u00e9e : Le Onze de d\u00e9part du Syli cadet | Guin\u00e9e Diversit\u00e9","robots":{"index":"index","follow":"follow","max-snippet":"max-snippet:-1","max-image-preview":"max-image-preview:large","max-video-preview":"max-video-preview:-1"},"canonical":"https:\/\/guineediversite.com\/index.php\/2019\/04\/24\/can-u17-nigeria-guinee-le-onze-de-depart-du-syli-cadet\/","og_locale":"fr_FR","og_type":"article","og_title":"CAN U17\/Nigeria \u2013 Guin\u00e9e : Le Onze de d\u00e9part du Syli cadet | Guin\u00e9e Diversit\u00e9","og_description":"A quelques heures du coup d\u2019envoi du choc entre le Nigeria et la Guin\u00e9e au compte des demi-finales de la Coupe d\u2019Afrique des moins de 17 ans, le s\u00e9lectionneur guin\u00e9en a d\u00e9voil\u00e9 sa composition. Mohamed Mal\u00e8ah Camara opte toujours pour un 4-3-3. Dans son onze de d\u00e9part, le technicien guin\u00e9en aligne dans les buts Sekou [&hellip;]","og_url":"https:\/\/guineediversite.com\/index.php\/2019\/04\/24\/can-u17-nigeria-guinee-le-onze-de-depart-du-syli-cadet\/","og_site_name":"Guin\u00e9e Diversit\u00e9","article_publisher":"https:\/\/www.facebook.com\/guineediversite\/","article_published_time":"2019-04-24T13:46:45+00:00","og_image":[{"width":1555,"height":1024,"url":"https:\/\/guineediversite.com\/wp-content\/uploads\/2019\/04\/SN.jpg","type":"image\/jpeg"}],"author":"Bilguissa Diallo","twitter_card":"summary_large_image","twitter_creator":"@GuineeDiversite","twitter_site":"@GuineeDiversite","twitter_misc":{"\u00c9crit par":"Bilguissa Diallo","Dur\u00e9e de lecture estim\u00e9e":"1 minute"},"schema":{"@context":"https:\/\/schema.org","@graph":[{"@type":"Article","@id":"https:\/\/guineediversite.com\/index.php\/2019\/04\/24\/can-u17-nigeria-guinee-le-onze-de-depart-du-syli-cadet\/#article","isPartOf":{"@id":"https:\/\/guineediversite.com\/index.php\/2019\/04\/24\/can-u17-nigeria-guinee-le-onze-de-depart-du-syli-cadet\/"},"author":{"name":"Bilguissa Diallo","@id":"https:\/\/guineediversite.com\/#\/schema\/person\/0e0e3e424768a50d025ac2218ccca73f"},"headline":"CAN U17\/Nigeria \u2013 Guin\u00e9e : Le Onze de d\u00e9part du Syli cadet","datePublished":"2019-04-24T13:46:45+00:00","dateModified":"2019-04-24T13:46:45+00:00","mainEntityOfPage":{"@id":"https:\/\/guineediversite.com\/index.php\/2019\/04\/24\/can-u17-nigeria-guinee-le-onze-de-depart-du-syli-cadet\/"},"wordCount":170,"publisher":{"@id":"https:\/\/guineediversite.com\/#organization"},"image":{"@id":"https:\/\/guineediversite.com\/index.php\/2019\/04\/24\/can-u17-nigeria-guinee-le-onze-de-depart-du-syli-cadet\/#primaryimage"},"thumbnailUrl":"https:\/\/guineediversite.com\/wp-content\/uploads\/2019\/04\/SN.jpg","articleSection":["Sport"],"inLanguage":"fr-FR"},{"@type":"WebPage","@id":"https:\/\/guineediversite.com\/index.php\/2019\/04\/24\/can-u17-nigeria-guinee-le-onze-de-depart-du-syli-cadet\/","url":"https:\/\/guineediversite.com\/index.php\/2019\/04\/24\/can-u17-nigeria-guinee-le-onze-de-depart-du-syli-cadet\/","name":"CAN U17\/Nigeria \u2013 Guin\u00e9e : Le Onze de d\u00e9part du Syli cadet | Guin\u00e9e Diversit\u00e9","isPartOf":{"@id":"https:\/\/guineediversite.com\/#website"},"primaryImageOfPage":{"@id":"https:\/\/guineediversite.com\/index.php\/2019\/04\/24\/can-u17-nigeria-guinee-le-onze-de-depart-du-syli-cadet\/#primaryimage"},"image":{"@id":"https:\/\/guineediversite.com\/index.php\/2019\/04\/24\/can-u17-nigeria-guinee-le-onze-de-depart-du-syli-cadet\/#primaryimage"},"thumbnailUrl":"https:\/\/guineediversite.com\/wp-content\/uploads\/2019\/04\/SN.jpg","datePublished":"2019-04-24T13:46:45+00:00","dateModified":"2019-04-24T13:46:45+00:00","breadcrumb":{"@id":"https:\/\/guineediversite.com\/index.php\/2019\/04\/24\/can-u17-nigeria-guinee-le-onze-de-depart-du-syli-cadet\/#breadcrumb"},"inLanguage":"fr-FR","potentialAction":[{"@type":"ReadAction","target":["https:\/\/guineediversite.com\/index.php\/2019\/04\/24\/can-u17-nigeria-guinee-le-onze-de-depart-du-syli-cadet\/"]}]},{"@type":"ImageObject","inLanguage":"fr-FR","@id":"https:\/\/guineediversite.com\/index.php\/2019\/04\/24\/can-u17-nigeria-guinee-le-onze-de-depart-du-syli-cadet\/#primaryimage","url":"https:\/\/guineediversite.com\/wp-content\/uploads\/2019\/04\/SN.jpg","contentUrl":"https:\/\/guineediversite.com\/wp-content\/uploads\/2019\/04\/SN.jpg","width":1555,"height":1024},{"@type":"BreadcrumbList","@id":"https:\/\/guineediversite.com\/index.php\/2019\/04\/24\/can-u17-nigeria-guinee-le-onze-de-depart-du-syli-cadet\/#breadcrumb","itemListElement":[{"@type":"ListItem","position":1,"name":"Accueil","item":"https:\/\/guineediversite.com\/"},{"@type":"ListItem","position":2,"name":"CAN U17\/Nigeria \u2013 Guin\u00e9e : Le Onze de d\u00e9part du Syli cadet"}]},{"@type":"WebSite","@id":"https:\/\/guineediversite.com\/#website","url":"https:\/\/guineediversite.com\/","name":"Guin\u00e9e Diversit\u00e9","description":"L&#039;Info dans toute sa diversit\u00e9","publisher":{"@id":"https:\/\/guineediversite.com\/#organization"},"potentialAction":[{"@type":"SearchAction","target":{"@type":"EntryPoint","urlTemplate":"https:\/\/guineediversite.com\/?s={search_term_string}"},"query-input":{"@type":"PropertyValueSpecification","valueRequired":true,"valueName":"search_term_string"}}],"inLanguage":"fr-FR"},{"@type":"Organization","@id":"https:\/\/guineediversite.com\/#organization","name":"Guin\u00e9e Diversit\u00e9","url":"https:\/\/guineediversite.com\/","logo":{"@type":"ImageObject","inLanguage":"fr-FR","@id":"https:\/\/guineediversite.com\/#\/schema\/logo\/image\/","url":"https:\/\/guineediversite.com\/wp-content\/uploads\/2017\/04\/cropped-1jojlxEOMkX9Wyqfhe43D6kjPOGqBBKmx3EwWJqZ0cMrFF54yM49.png","contentUrl":"https:\/\/guineediversite.com\/wp-content\/uploads\/2017\/04\/cropped-1jojlxEOMkX9Wyqfhe43D6kjPOGqBBKmx3EwWJqZ0cMrFF54yM49.png","width":186,"height":112,"caption":"Guin\u00e9e Diversit\u00e9"},"image":{"@id":"https:\/\/guineediversite.com\/#\/schema\/logo\/image\/"},"sameAs":["https:\/\/www.facebook.com\/guineediversite\/","https:\/\/x.com\/GuineeDiversite","https:\/\/www.youtube.com\/channel\/UC8sUY16qelG5ge6_D5SB83g"]},{"@type":"Person","@id":"https:\/\/guineediversite.com\/#\/schema\/person\/0e0e3e424768a50d025ac2218ccca73f","name":"Bilguissa Diallo","image":{"@type":"ImageObject","inLanguage":"fr-FR","@id":"https:\/\/guineediversite.com\/#\/schema\/person\/image\/","url":"https:\/\/secure.gravatar.com\/avatar\/49bbbd2420ee34d62b1b191791f4b5df?s=96&d=mm&r=g","contentUrl":"https:\/\/secure.gravatar.com\/avatar\/49bbbd2420ee34d62b1b191791f4b5df?s=96&d=mm&r=g","caption":"Bilguissa Diallo"},"url":"https:\/\/guineediversite.com\/index.php\/author\/bilguissa\/"}]}},"_links":{"self":[{"href":"https:\/\/guineediversite.com\/index.php\/wp-json\/wp\/v2\/posts\/28412"}],"collection":[{"href":"https:\/\/guineediversite.com\/index.php\/wp-json\/wp\/v2\/posts"}],"about":[{"href":"https:\/\/guineediversite.com\/index.php\/wp-json\/wp\/v2\/types\/post"}],"author":[{"embeddable":true,"href":"https:\/\/guineediversite.com\/index.php\/wp-json\/wp\/v2\/users\/7"}],"replies":[{"embeddable":true,"href":"https:\/\/guineediversite.com\/index.php\/wp-json\/wp\/v2\/comments?post=28412"}],"version-history":[{"count":0,"href":"https:\/\/guineediversite.com\/index.php\/wp-json\/wp\/v2\/posts\/28412\/revisions"}],"wp:featuredmedia":[{"embeddable":true,"href":"https:\/\/guineediversite.com\/index.php\/wp-json\/wp\/v2\/media\/28413"}],"wp:attachment":[{"href":"https:\/\/guineediversite.com\/index.php\/wp-json\/wp\/v2\/media?parent=28412"}],"wp:term":[{"taxonomy":"category","embeddable":true,"href":"https:\/\/guineediversite.com\/index.php\/wp-json\/wp\/v2\/categories?post=28412"},{"taxonomy":"post_tag","embeddable":true,"href":"https:\/\/guineediversite.com\/index.php\/wp-json\/wp\/v2\/tags?post=28412"}],"curies":[{"name":"wp","href":"https:\/\/api.w.org\/{rel}","templated":true}]}}