{"id":28399,"date":"2019-04-23T23:56:32","date_gmt":"2019-04-23T21:56:32","guid":{"rendered":"https:\/\/guineediversite.com\/?p=28399"},"modified":"2019-04-23T23:56:32","modified_gmt":"2019-04-23T21:56:32","slug":"guinee-assemblee-nationale-ils-deputes-sont-tous-perimes-dixit-faya-milimono","status":"publish","type":"post","link":"https:\/\/guineediversite.com\/index.php\/2019\/04\/23\/guinee-assemblee-nationale-ils-deputes-sont-tous-perimes-dixit-faya-milimono\/","title":{"rendered":"Guin\u00e9e\/Assembl\u00e9e Nationale, \u00ab ils (d\u00e9put\u00e9s) sont tous p\u00e9rim\u00e9s\u2026 \u00bb, dixit Faya Milimono"},"content":{"rendered":"<p><em>Ils sont p\u00e9rim\u00e9s ces \u00a0messieurs et dames qui ont choisies de favoriser leur int\u00e9r\u00eat personnel \u00e0\u00a0l\u2019int\u00e9r\u00eat\u00a0commun des guin\u00e9ens. S\u2019ils si\u00e8gent aujourd\u2019hui, ils sont clairement les employ\u00e9s d\u2019Apha Cond\u00e9 et ils seront trait\u00e9s comme tels<\/em>, c\u2019est ce qu\u2019\u00e0 fait savoir Faya Milimono, le pr\u00e9sident du Bloc lib\u00e9ral invit\u00e9 ce mardi dans les grandes gueules de la radio Espace FM.<\/p>\n<p>Pour ce qui est de son engagement pour lutter contre un \u00a03<sup>\u00e8me<\/sup>\u00a0mandat en faveur du pr\u00e9sident Cond\u00e9, le leader du BL a d\u00e9plor\u00e9 \u00a0l\u2019incoh\u00e9rence qui mine la d\u00e9marche des d\u00e9put\u00e9s qui, selon lui, sont en train de jouer \u00e0 l\u2019int\u00e9r\u00eat g\u00e9n\u00e9ral.<\/p>\n<p>\u00ab\u00a0<em>Je n\u2019irai pas jusqu\u2019\u00e0 dire qu\u2019ils n\u2019ont pas le droit d\u2019emp\u00eacher le \u00a03<\/em><em><sup>\u00e8me<\/sup><\/em><em>\u00a0mandat, mais ce que je vais dire c\u2019est qu\u2019il y\u2019a une contradiction dans leur attitude de dire d\u2019un c\u00f4t\u00e9 nous voulons prot\u00e9ger la constitution et de l\u2019autre l\u2019article 60 de la m\u00eame constitution qu\u2019on veut prot\u00e9ger dit que le mandat des d\u00e9put\u00e9s est de 5 ans et l\u2019assembl\u00e9e que nous avons maintenant est p\u00e9rim\u00e9e. On devait \u00eatre constant avec soi-m\u00eame. Je respecte certains militants de l\u2019UFDG, ils ne veulent pas voir leurs d\u00e9put\u00e9s si\u00e9ger. C\u2019est la m\u00eame chose du c\u00f4t\u00e9 de l\u2019UFR o\u00f9 j\u2019avais parl\u00e9 avec le pr\u00e9sident qui n\u2019a pas voulu que les d\u00e9put\u00e9s y aillent. Nous sommes clairs qu\u2019il y\u2019a des deals qui se font sur le dos du peuple de Guin\u00e9e\u00a0\u00bb<\/em>,\u00a0a-t-il \u00e9voqu\u00e9.<\/p>\n<p>&nbsp;<\/p>\n","protected":false},"excerpt":{"rendered":"<p>Ils sont p\u00e9rim\u00e9s ces \u00a0messieurs et dames qui ont choisies de favoriser leur int\u00e9r\u00eat personnel \u00e0\u00a0l\u2019int\u00e9r\u00eat\u00a0commun des guin\u00e9ens. S\u2019ils si\u00e8gent aujourd\u2019hui, ils sont clairement les employ\u00e9s d\u2019Apha Cond\u00e9 et ils seront trait\u00e9s comme tels, c\u2019est ce qu\u2019\u00e0 fait savoir Faya Milimono, le pr\u00e9sident du Bloc lib\u00e9ral invit\u00e9 ce mardi dans les grandes gueules de la [&hellip;]<\/p>\n","protected":false},"author":7,"featured_media":28400,"comment_status":"closed","ping_status":"closed","sticky":false,"template":"","format":"standard","meta":{"_exactmetrics_skip_tracking":false,"_exactmetrics_sitenote_active":false,"_exactmetrics_sitenote_note":"","_exactmetrics_sitenote_category":0,"tdm_status":"","tdm_grid_status":"","footnotes":""},"categories":[14],"tags":[],"class_list":{"0":"post-28399","1":"post","2":"type-post","3":"status-publish","4":"format-standard","5":"has-post-thumbnail","7":"category-politique"},"yoast_head":"<!-- This site is optimized with the Yoast SEO plugin v24.2 - https:\/\/yoast.com\/wordpress\/plugins\/seo\/ -->\n<title>Guin\u00e9e\/Assembl\u00e9e Nationale, \u00ab ils (d\u00e9put\u00e9s) sont tous p\u00e9rim\u00e9s\u2026 \u00bb, dixit Faya Milimono | Guin\u00e9e Diversit\u00e9<\/title>\n<meta name=\"robots\" content=\"index, follow, max-snippet:-1, max-image-preview:large, max-video-preview:-1\" \/>\n<link rel=\"canonical\" href=\"https:\/\/guineediversite.com\/index.php\/2019\/04\/23\/guinee-assemblee-nationale-ils-deputes-sont-tous-perimes-dixit-faya-milimono\/\" \/>\n<meta property=\"og:locale\" content=\"fr_FR\" \/>\n<meta property=\"og:type\" content=\"article\" \/>\n<meta property=\"og:title\" content=\"Guin\u00e9e\/Assembl\u00e9e Nationale, \u00ab ils (d\u00e9put\u00e9s) sont tous p\u00e9rim\u00e9s\u2026 \u00bb, dixit Faya Milimono | Guin\u00e9e Diversit\u00e9\" \/>\n<meta property=\"og:description\" content=\"Ils sont p\u00e9rim\u00e9s ces \u00a0messieurs et dames qui ont choisies de favoriser leur int\u00e9r\u00eat personnel \u00e0\u00a0l\u2019int\u00e9r\u00eat\u00a0commun des guin\u00e9ens. S\u2019ils si\u00e8gent aujourd\u2019hui, ils sont clairement les employ\u00e9s d\u2019Apha Cond\u00e9 et ils seront trait\u00e9s comme tels, c\u2019est ce qu\u2019\u00e0 fait savoir Faya Milimono, le pr\u00e9sident du Bloc lib\u00e9ral invit\u00e9 ce mardi dans les grandes gueules de la [&hellip;]\" \/>\n<meta property=\"og:url\" content=\"https:\/\/guineediversite.com\/index.php\/2019\/04\/23\/guinee-assemblee-nationale-ils-deputes-sont-tous-perimes-dixit-faya-milimono\/\" \/>\n<meta property=\"og:site_name\" content=\"Guin\u00e9e Diversit\u00e9\" \/>\n<meta property=\"article:publisher\" content=\"https:\/\/www.facebook.com\/guineediversite\/\" \/>\n<meta property=\"article:published_time\" content=\"2019-04-23T21:56:32+00:00\" \/>\n<meta property=\"og:image\" content=\"https:\/\/guineediversite.com\/wp-content\/uploads\/2019\/04\/FAYA-.jpg\" \/>\n\t<meta property=\"og:image:width\" content=\"1024\" \/>\n\t<meta property=\"og:image:height\" content=\"1065\" \/>\n\t<meta property=\"og:image:type\" content=\"image\/jpeg\" \/>\n<meta name=\"author\" content=\"Bilguissa Diallo\" \/>\n<meta name=\"twitter:card\" content=\"summary_large_image\" \/>\n<meta name=\"twitter:creator\" content=\"@GuineeDiversite\" \/>\n<meta name=\"twitter:site\" content=\"@GuineeDiversite\" \/>\n<meta name=\"twitter:label1\" content=\"\u00c9crit par\" \/>\n\t<meta name=\"twitter:data1\" content=\"Bilguissa Diallo\" \/>\n\t<meta name=\"twitter:label2\" content=\"Dur\u00e9e de lecture estim\u00e9e\" \/>\n\t<meta name=\"twitter:data2\" content=\"1 minute\" \/>\n<script type=\"application\/ld+json\" class=\"yoast-schema-graph\">{\"@context\":\"https:\/\/schema.org\",\"@graph\":[{\"@type\":\"Article\",\"@id\":\"https:\/\/guineediversite.com\/index.php\/2019\/04\/23\/guinee-assemblee-nationale-ils-deputes-sont-tous-perimes-dixit-faya-milimono\/#article\",\"isPartOf\":{\"@id\":\"https:\/\/guineediversite.com\/index.php\/2019\/04\/23\/guinee-assemblee-nationale-ils-deputes-sont-tous-perimes-dixit-faya-milimono\/\"},\"author\":{\"name\":\"Bilguissa Diallo\",\"@id\":\"https:\/\/guineediversite.com\/#\/schema\/person\/0e0e3e424768a50d025ac2218ccca73f\"},\"headline\":\"Guin\u00e9e\/Assembl\u00e9e Nationale, \u00ab ils (d\u00e9put\u00e9s) sont tous p\u00e9rim\u00e9s\u2026 \u00bb, dixit Faya Milimono\",\"datePublished\":\"2019-04-23T21:56:32+00:00\",\"dateModified\":\"2019-04-23T21:56:32+00:00\",\"mainEntityOfPage\":{\"@id\":\"https:\/\/guineediversite.com\/index.php\/2019\/04\/23\/guinee-assemblee-nationale-ils-deputes-sont-tous-perimes-dixit-faya-milimono\/\"},\"wordCount\":313,\"publisher\":{\"@id\":\"https:\/\/guineediversite.com\/#organization\"},\"image\":{\"@id\":\"https:\/\/guineediversite.com\/index.php\/2019\/04\/23\/guinee-assemblee-nationale-ils-deputes-sont-tous-perimes-dixit-faya-milimono\/#primaryimage\"},\"thumbnailUrl\":\"https:\/\/guineediversite.com\/wp-content\/uploads\/2019\/04\/FAYA-.jpg\",\"articleSection\":[\"Politique\"],\"inLanguage\":\"fr-FR\"},{\"@type\":\"WebPage\",\"@id\":\"https:\/\/guineediversite.com\/index.php\/2019\/04\/23\/guinee-assemblee-nationale-ils-deputes-sont-tous-perimes-dixit-faya-milimono\/\",\"url\":\"https:\/\/guineediversite.com\/index.php\/2019\/04\/23\/guinee-assemblee-nationale-ils-deputes-sont-tous-perimes-dixit-faya-milimono\/\",\"name\":\"Guin\u00e9e\/Assembl\u00e9e Nationale, \u00ab ils (d\u00e9put\u00e9s) sont tous p\u00e9rim\u00e9s\u2026 \u00bb, dixit Faya Milimono | Guin\u00e9e Diversit\u00e9\",\"isPartOf\":{\"@id\":\"https:\/\/guineediversite.com\/#website\"},\"primaryImageOfPage\":{\"@id\":\"https:\/\/guineediversite.com\/index.php\/2019\/04\/23\/guinee-assemblee-nationale-ils-deputes-sont-tous-perimes-dixit-faya-milimono\/#primaryimage\"},\"image\":{\"@id\":\"https:\/\/guineediversite.com\/index.php\/2019\/04\/23\/guinee-assemblee-nationale-ils-deputes-sont-tous-perimes-dixit-faya-milimono\/#primaryimage\"},\"thumbnailUrl\":\"https:\/\/guineediversite.com\/wp-content\/uploads\/2019\/04\/FAYA-.jpg\",\"datePublished\":\"2019-04-23T21:56:32+00:00\",\"dateModified\":\"2019-04-23T21:56:32+00:00\",\"breadcrumb\":{\"@id\":\"https:\/\/guineediversite.com\/index.php\/2019\/04\/23\/guinee-assemblee-nationale-ils-deputes-sont-tous-perimes-dixit-faya-milimono\/#breadcrumb\"},\"inLanguage\":\"fr-FR\",\"potentialAction\":[{\"@type\":\"ReadAction\",\"target\":[\"https:\/\/guineediversite.com\/index.php\/2019\/04\/23\/guinee-assemblee-nationale-ils-deputes-sont-tous-perimes-dixit-faya-milimono\/\"]}]},{\"@type\":\"ImageObject\",\"inLanguage\":\"fr-FR\",\"@id\":\"https:\/\/guineediversite.com\/index.php\/2019\/04\/23\/guinee-assemblee-nationale-ils-deputes-sont-tous-perimes-dixit-faya-milimono\/#primaryimage\",\"url\":\"https:\/\/guineediversite.com\/wp-content\/uploads\/2019\/04\/FAYA-.jpg\",\"contentUrl\":\"https:\/\/guineediversite.com\/wp-content\/uploads\/2019\/04\/FAYA-.jpg\",\"width\":1024,\"height\":1065},{\"@type\":\"BreadcrumbList\",\"@id\":\"https:\/\/guineediversite.com\/index.php\/2019\/04\/23\/guinee-assemblee-nationale-ils-deputes-sont-tous-perimes-dixit-faya-milimono\/#breadcrumb\",\"itemListElement\":[{\"@type\":\"ListItem\",\"position\":1,\"name\":\"Accueil\",\"item\":\"https:\/\/guineediversite.com\/\"},{\"@type\":\"ListItem\",\"position\":2,\"name\":\"Guin\u00e9e\/Assembl\u00e9e Nationale, \u00ab ils (d\u00e9put\u00e9s) sont tous p\u00e9rim\u00e9s\u2026 \u00bb, dixit Faya Milimono\"}]},{\"@type\":\"WebSite\",\"@id\":\"https:\/\/guineediversite.com\/#website\",\"url\":\"https:\/\/guineediversite.com\/\",\"name\":\"Guin\u00e9e Diversit\u00e9\",\"description\":\"L&#039;Info dans toute sa diversit\u00e9\",\"publisher\":{\"@id\":\"https:\/\/guineediversite.com\/#organization\"},\"potentialAction\":[{\"@type\":\"SearchAction\",\"target\":{\"@type\":\"EntryPoint\",\"urlTemplate\":\"https:\/\/guineediversite.com\/?s={search_term_string}\"},\"query-input\":{\"@type\":\"PropertyValueSpecification\",\"valueRequired\":true,\"valueName\":\"search_term_string\"}}],\"inLanguage\":\"fr-FR\"},{\"@type\":\"Organization\",\"@id\":\"https:\/\/guineediversite.com\/#organization\",\"name\":\"Guin\u00e9e Diversit\u00e9\",\"url\":\"https:\/\/guineediversite.com\/\",\"logo\":{\"@type\":\"ImageObject\",\"inLanguage\":\"fr-FR\",\"@id\":\"https:\/\/guineediversite.com\/#\/schema\/logo\/image\/\",\"url\":\"https:\/\/guineediversite.com\/wp-content\/uploads\/2017\/04\/cropped-1jojlxEOMkX9Wyqfhe43D6kjPOGqBBKmx3EwWJqZ0cMrFF54yM49.png\",\"contentUrl\":\"https:\/\/guineediversite.com\/wp-content\/uploads\/2017\/04\/cropped-1jojlxEOMkX9Wyqfhe43D6kjPOGqBBKmx3EwWJqZ0cMrFF54yM49.png\",\"width\":186,\"height\":112,\"caption\":\"Guin\u00e9e Diversit\u00e9\"},\"image\":{\"@id\":\"https:\/\/guineediversite.com\/#\/schema\/logo\/image\/\"},\"sameAs\":[\"https:\/\/www.facebook.com\/guineediversite\/\",\"https:\/\/x.com\/GuineeDiversite\",\"https:\/\/www.youtube.com\/channel\/UC8sUY16qelG5ge6_D5SB83g\"]},{\"@type\":\"Person\",\"@id\":\"https:\/\/guineediversite.com\/#\/schema\/person\/0e0e3e424768a50d025ac2218ccca73f\",\"name\":\"Bilguissa Diallo\",\"image\":{\"@type\":\"ImageObject\",\"inLanguage\":\"fr-FR\",\"@id\":\"https:\/\/guineediversite.com\/#\/schema\/person\/image\/\",\"url\":\"https:\/\/secure.gravatar.com\/avatar\/49bbbd2420ee34d62b1b191791f4b5df?s=96&d=mm&r=g\",\"contentUrl\":\"https:\/\/secure.gravatar.com\/avatar\/49bbbd2420ee34d62b1b191791f4b5df?s=96&d=mm&r=g\",\"caption\":\"Bilguissa Diallo\"},\"url\":\"https:\/\/guineediversite.com\/index.php\/author\/bilguissa\/\"}]}<\/script>\n<!-- \/ Yoast SEO plugin. -->","yoast_head_json":{"title":"Guin\u00e9e\/Assembl\u00e9e Nationale, \u00ab ils (d\u00e9put\u00e9s) sont tous p\u00e9rim\u00e9s\u2026 \u00bb, dixit Faya Milimono | Guin\u00e9e Diversit\u00e9","robots":{"index":"index","follow":"follow","max-snippet":"max-snippet:-1","max-image-preview":"max-image-preview:large","max-video-preview":"max-video-preview:-1"},"canonical":"https:\/\/guineediversite.com\/index.php\/2019\/04\/23\/guinee-assemblee-nationale-ils-deputes-sont-tous-perimes-dixit-faya-milimono\/","og_locale":"fr_FR","og_type":"article","og_title":"Guin\u00e9e\/Assembl\u00e9e Nationale, \u00ab ils (d\u00e9put\u00e9s) sont tous p\u00e9rim\u00e9s\u2026 \u00bb, dixit Faya Milimono | Guin\u00e9e Diversit\u00e9","og_description":"Ils sont p\u00e9rim\u00e9s ces \u00a0messieurs et dames qui ont choisies de favoriser leur int\u00e9r\u00eat personnel \u00e0\u00a0l\u2019int\u00e9r\u00eat\u00a0commun des guin\u00e9ens. S\u2019ils si\u00e8gent aujourd\u2019hui, ils sont clairement les employ\u00e9s d\u2019Apha Cond\u00e9 et ils seront trait\u00e9s comme tels, c\u2019est ce qu\u2019\u00e0 fait savoir Faya Milimono, le pr\u00e9sident du Bloc lib\u00e9ral invit\u00e9 ce mardi dans les grandes gueules de la [&hellip;]","og_url":"https:\/\/guineediversite.com\/index.php\/2019\/04\/23\/guinee-assemblee-nationale-ils-deputes-sont-tous-perimes-dixit-faya-milimono\/","og_site_name":"Guin\u00e9e Diversit\u00e9","article_publisher":"https:\/\/www.facebook.com\/guineediversite\/","article_published_time":"2019-04-23T21:56:32+00:00","og_image":[{"width":1024,"height":1065,"url":"https:\/\/guineediversite.com\/wp-content\/uploads\/2019\/04\/FAYA-.jpg","type":"image\/jpeg"}],"author":"Bilguissa Diallo","twitter_card":"summary_large_image","twitter_creator":"@GuineeDiversite","twitter_site":"@GuineeDiversite","twitter_misc":{"\u00c9crit par":"Bilguissa Diallo","Dur\u00e9e de lecture estim\u00e9e":"1 minute"},"schema":{"@context":"https:\/\/schema.org","@graph":[{"@type":"Article","@id":"https:\/\/guineediversite.com\/index.php\/2019\/04\/23\/guinee-assemblee-nationale-ils-deputes-sont-tous-perimes-dixit-faya-milimono\/#article","isPartOf":{"@id":"https:\/\/guineediversite.com\/index.php\/2019\/04\/23\/guinee-assemblee-nationale-ils-deputes-sont-tous-perimes-dixit-faya-milimono\/"},"author":{"name":"Bilguissa Diallo","@id":"https:\/\/guineediversite.com\/#\/schema\/person\/0e0e3e424768a50d025ac2218ccca73f"},"headline":"Guin\u00e9e\/Assembl\u00e9e Nationale, \u00ab ils (d\u00e9put\u00e9s) sont tous p\u00e9rim\u00e9s\u2026 \u00bb, dixit Faya Milimono","datePublished":"2019-04-23T21:56:32+00:00","dateModified":"2019-04-23T21:56:32+00:00","mainEntityOfPage":{"@id":"https:\/\/guineediversite.com\/index.php\/2019\/04\/23\/guinee-assemblee-nationale-ils-deputes-sont-tous-perimes-dixit-faya-milimono\/"},"wordCount":313,"publisher":{"@id":"https:\/\/guineediversite.com\/#organization"},"image":{"@id":"https:\/\/guineediversite.com\/index.php\/2019\/04\/23\/guinee-assemblee-nationale-ils-deputes-sont-tous-perimes-dixit-faya-milimono\/#primaryimage"},"thumbnailUrl":"https:\/\/guineediversite.com\/wp-content\/uploads\/2019\/04\/FAYA-.jpg","articleSection":["Politique"],"inLanguage":"fr-FR"},{"@type":"WebPage","@id":"https:\/\/guineediversite.com\/index.php\/2019\/04\/23\/guinee-assemblee-nationale-ils-deputes-sont-tous-perimes-dixit-faya-milimono\/","url":"https:\/\/guineediversite.com\/index.php\/2019\/04\/23\/guinee-assemblee-nationale-ils-deputes-sont-tous-perimes-dixit-faya-milimono\/","name":"Guin\u00e9e\/Assembl\u00e9e Nationale, \u00ab ils (d\u00e9put\u00e9s) sont tous p\u00e9rim\u00e9s\u2026 \u00bb, dixit Faya Milimono | Guin\u00e9e Diversit\u00e9","isPartOf":{"@id":"https:\/\/guineediversite.com\/#website"},"primaryImageOfPage":{"@id":"https:\/\/guineediversite.com\/index.php\/2019\/04\/23\/guinee-assemblee-nationale-ils-deputes-sont-tous-perimes-dixit-faya-milimono\/#primaryimage"},"image":{"@id":"https:\/\/guineediversite.com\/index.php\/2019\/04\/23\/guinee-assemblee-nationale-ils-deputes-sont-tous-perimes-dixit-faya-milimono\/#primaryimage"},"thumbnailUrl":"https:\/\/guineediversite.com\/wp-content\/uploads\/2019\/04\/FAYA-.jpg","datePublished":"2019-04-23T21:56:32+00:00","dateModified":"2019-04-23T21:56:32+00:00","breadcrumb":{"@id":"https:\/\/guineediversite.com\/index.php\/2019\/04\/23\/guinee-assemblee-nationale-ils-deputes-sont-tous-perimes-dixit-faya-milimono\/#breadcrumb"},"inLanguage":"fr-FR","potentialAction":[{"@type":"ReadAction","target":["https:\/\/guineediversite.com\/index.php\/2019\/04\/23\/guinee-assemblee-nationale-ils-deputes-sont-tous-perimes-dixit-faya-milimono\/"]}]},{"@type":"ImageObject","inLanguage":"fr-FR","@id":"https:\/\/guineediversite.com\/index.php\/2019\/04\/23\/guinee-assemblee-nationale-ils-deputes-sont-tous-perimes-dixit-faya-milimono\/#primaryimage","url":"https:\/\/guineediversite.com\/wp-content\/uploads\/2019\/04\/FAYA-.jpg","contentUrl":"https:\/\/guineediversite.com\/wp-content\/uploads\/2019\/04\/FAYA-.jpg","width":1024,"height":1065},{"@type":"BreadcrumbList","@id":"https:\/\/guineediversite.com\/index.php\/2019\/04\/23\/guinee-assemblee-nationale-ils-deputes-sont-tous-perimes-dixit-faya-milimono\/#breadcrumb","itemListElement":[{"@type":"ListItem","position":1,"name":"Accueil","item":"https:\/\/guineediversite.com\/"},{"@type":"ListItem","position":2,"name":"Guin\u00e9e\/Assembl\u00e9e Nationale, \u00ab ils (d\u00e9put\u00e9s) sont tous p\u00e9rim\u00e9s\u2026 \u00bb, dixit Faya Milimono"}]},{"@type":"WebSite","@id":"https:\/\/guineediversite.com\/#website","url":"https:\/\/guineediversite.com\/","name":"Guin\u00e9e Diversit\u00e9","description":"L&#039;Info dans toute sa diversit\u00e9","publisher":{"@id":"https:\/\/guineediversite.com\/#organization"},"potentialAction":[{"@type":"SearchAction","target":{"@type":"EntryPoint","urlTemplate":"https:\/\/guineediversite.com\/?s={search_term_string}"},"query-input":{"@type":"PropertyValueSpecification","valueRequired":true,"valueName":"search_term_string"}}],"inLanguage":"fr-FR"},{"@type":"Organization","@id":"https:\/\/guineediversite.com\/#organization","name":"Guin\u00e9e Diversit\u00e9","url":"https:\/\/guineediversite.com\/","logo":{"@type":"ImageObject","inLanguage":"fr-FR","@id":"https:\/\/guineediversite.com\/#\/schema\/logo\/image\/","url":"https:\/\/guineediversite.com\/wp-content\/uploads\/2017\/04\/cropped-1jojlxEOMkX9Wyqfhe43D6kjPOGqBBKmx3EwWJqZ0cMrFF54yM49.png","contentUrl":"https:\/\/guineediversite.com\/wp-content\/uploads\/2017\/04\/cropped-1jojlxEOMkX9Wyqfhe43D6kjPOGqBBKmx3EwWJqZ0cMrFF54yM49.png","width":186,"height":112,"caption":"Guin\u00e9e Diversit\u00e9"},"image":{"@id":"https:\/\/guineediversite.com\/#\/schema\/logo\/image\/"},"sameAs":["https:\/\/www.facebook.com\/guineediversite\/","https:\/\/x.com\/GuineeDiversite","https:\/\/www.youtube.com\/channel\/UC8sUY16qelG5ge6_D5SB83g"]},{"@type":"Person","@id":"https:\/\/guineediversite.com\/#\/schema\/person\/0e0e3e424768a50d025ac2218ccca73f","name":"Bilguissa Diallo","image":{"@type":"ImageObject","inLanguage":"fr-FR","@id":"https:\/\/guineediversite.com\/#\/schema\/person\/image\/","url":"https:\/\/secure.gravatar.com\/avatar\/49bbbd2420ee34d62b1b191791f4b5df?s=96&d=mm&r=g","contentUrl":"https:\/\/secure.gravatar.com\/avatar\/49bbbd2420ee34d62b1b191791f4b5df?s=96&d=mm&r=g","caption":"Bilguissa Diallo"},"url":"https:\/\/guineediversite.com\/index.php\/author\/bilguissa\/"}]}},"_links":{"self":[{"href":"https:\/\/guineediversite.com\/index.php\/wp-json\/wp\/v2\/posts\/28399"}],"collection":[{"href":"https:\/\/guineediversite.com\/index.php\/wp-json\/wp\/v2\/posts"}],"about":[{"href":"https:\/\/guineediversite.com\/index.php\/wp-json\/wp\/v2\/types\/post"}],"author":[{"embeddable":true,"href":"https:\/\/guineediversite.com\/index.php\/wp-json\/wp\/v2\/users\/7"}],"replies":[{"embeddable":true,"href":"https:\/\/guineediversite.com\/index.php\/wp-json\/wp\/v2\/comments?post=28399"}],"version-history":[{"count":0,"href":"https:\/\/guineediversite.com\/index.php\/wp-json\/wp\/v2\/posts\/28399\/revisions"}],"wp:featuredmedia":[{"embeddable":true,"href":"https:\/\/guineediversite.com\/index.php\/wp-json\/wp\/v2\/media\/28400"}],"wp:attachment":[{"href":"https:\/\/guineediversite.com\/index.php\/wp-json\/wp\/v2\/media?parent=28399"}],"wp:term":[{"taxonomy":"category","embeddable":true,"href":"https:\/\/guineediversite.com\/index.php\/wp-json\/wp\/v2\/categories?post=28399"},{"taxonomy":"post_tag","embeddable":true,"href":"https:\/\/guineediversite.com\/index.php\/wp-json\/wp\/v2\/tags?post=28399"}],"curies":[{"name":"wp","href":"https:\/\/api.w.org\/{rel}","templated":true}]}}