{"id":28353,"date":"2019-04-15T17:20:26","date_gmt":"2019-04-15T15:20:26","guid":{"rendered":"https:\/\/guineediversite.com\/?p=28353"},"modified":"2019-04-17T10:49:14","modified_gmt":"2019-04-17T08:49:14","slug":"guinee-papa-koly-kourouma-prend-officiellement-fonction-au-ministere-de-lhydraulique","status":"publish","type":"post","link":"https:\/\/guineediversite.com\/index.php\/2019\/04\/15\/guinee-papa-koly-kourouma-prend-officiellement-fonction-au-ministere-de-lhydraulique\/","title":{"rendered":"Guin\u00e9e : Papa Koly Kourouma prend officiellement fonction au minist\u00e8re de l\u2019Hydraulique"},"content":{"rendered":"<p>C\u2019est au cours d\u2019une c\u00e9r\u00e9monie qui \u00e0 r\u00e9unit plusieurs cadres du d\u00e9partement de l\u2019\u00e9nergie et de l\u2019hydraulique, que la passation entre le ministre de l\u2019\u00e9nergie et de l\u2019hydraulique s\u2019est tenue ce lundi \u00e0 Conakry. A rappeler que c\u2019est suite \u00e0 un r\u00e9cent d\u00e9cret du pr\u00e9sident de la R\u00e9publique, nommant Papa Koly Kourouma ministre de l\u2019hydraulique et de l\u2019assainissement, que le minist\u00e8re de l\u2019\u00e9nergie et de l\u2019hydraulique a \u00e9t\u00e9 fractionn\u00e9.<\/p>\n<p><img loading=\"lazy\" decoding=\"async\" class=\"alignnone  wp-image-28355\" src=\"https:\/\/guineediversite.com.bwjx4292.odns.fr\/wp-content\/uploads\/2019\/04\/IMG_2500-300x225.jpg\" alt=\"\" width=\"835\" height=\"626\" srcset=\"https:\/\/guineediversite.com\/wp-content\/uploads\/2019\/04\/IMG_2500-300x225.jpg 300w, https:\/\/guineediversite.com\/wp-content\/uploads\/2019\/04\/IMG_2500-768x576.jpg 768w, https:\/\/guineediversite.com\/wp-content\/uploads\/2019\/04\/IMG_2500-1024x768.jpg 1024w, https:\/\/guineediversite.com\/wp-content\/uploads\/2019\/04\/IMG_2500-600x450.jpg 600w, https:\/\/guineediversite.com\/wp-content\/uploads\/2019\/04\/IMG_2500-678x509.jpg 678w, https:\/\/guineediversite.com\/wp-content\/uploads\/2019\/04\/IMG_2500-326x245.jpg 326w, https:\/\/guineediversite.com\/wp-content\/uploads\/2019\/04\/IMG_2500-80x60.jpg 80w, https:\/\/guineediversite.com\/wp-content\/uploads\/2019\/04\/IMG_2500.jpg 1365w\" sizes=\"(max-width: 835px) 100vw, 835px\" \/><\/p>\n<p>Cette c\u00e9r\u00e9monie de passation de service a \u00e9t\u00e9 pr\u00e9sid\u00e9e par madame Kanigb\u00e8 Kaba secr\u00e9taire du gouvernement. Elle a au cours de son allocution indiqu\u00e9 que\u00a0<em>\u00ab le m\u00e9rite et l\u2019exp\u00e9rience de ces deux ministres, je voudrais citer Mr Cheick Talyb\u00e9 Sylla et Mr Papa Koly Kourouma n\u2019est plus \u00e0 d\u00e9montrer dans le cadre de la gestion efficiente des domaines de l\u2019eau et de l\u2019assainissement. C\u2019est pourquoi, reconnaissant leurs effort(\u2026), je voudrais les exhorter \u00e0 une synergie d\u2019action et une compl\u00e9mentarit\u00e9 pour une atteinte des objectifs nobles inscrits \u00e0 l\u2019agenda du gouvernement \u00e0 travers la vision du pr\u00e9sident de la R\u00e9publique, chef de l\u2019\u00e9tat le professeur Alpha Cond\u00e9 \u00bb.<\/em><\/p>\n<p>Prenant la parole, le ministre de l\u2019\u00e9nergie \u00e0 affirmer sa d\u00e9termination et sa bonne volont\u00e9 pour accompagner l\u2019actuel ministre de l\u2019hydraulique et de l\u2019assainissement dans la mission qui lui \u00e0 \u00e9t\u00e9 assign\u00e9e par le chef de l\u2019Etat.<\/p>\n<p>Le nouveau chef du d\u00e9partement de l\u2019hydraulique et de l\u2019assainissement, a quand \u00e0 lui, r\u00e9affirmer sa d\u00e9termination dans l\u2019accomplissement de cette nouvelle tache qui lui a \u00e9t\u00e9 confi\u00e9 par le pr\u00e9sident de la R\u00e9publique Alpha Cond\u00e9.<\/p>\n<p>A pr\u00e9ciser que Papa Koly Kourouma est \u00e0 son troisi\u00e8me come-back dans le gouvernement Cond\u00e9 depuis son arriv\u00e9 au pouvoir.<\/p>\n<p>&nbsp;<\/p>\n","protected":false},"excerpt":{"rendered":"<p>C\u2019est au cours d\u2019une c\u00e9r\u00e9monie qui \u00e0 r\u00e9unit plusieurs cadres du d\u00e9partement de l\u2019\u00e9nergie et de l\u2019hydraulique, que la passation entre le ministre de l\u2019\u00e9nergie et de l\u2019hydraulique s\u2019est tenue ce lundi \u00e0 Conakry. A rappeler que c\u2019est suite \u00e0 un r\u00e9cent d\u00e9cret du pr\u00e9sident de la R\u00e9publique, nommant Papa Koly Kourouma ministre de l\u2019hydraulique [&hellip;]<\/p>\n","protected":false},"author":10,"featured_media":28354,"comment_status":"closed","ping_status":"closed","sticky":false,"template":"","format":"standard","meta":{"_exactmetrics_skip_tracking":false,"_exactmetrics_sitenote_active":false,"_exactmetrics_sitenote_note":"","_exactmetrics_sitenote_category":0,"tdm_status":"","tdm_grid_status":"","footnotes":""},"categories":[14],"tags":[],"class_list":{"0":"post-28353","1":"post","2":"type-post","3":"status-publish","4":"format-standard","5":"has-post-thumbnail","7":"category-politique"},"yoast_head":"<!-- This site is optimized with the Yoast SEO plugin v24.2 - https:\/\/yoast.com\/wordpress\/plugins\/seo\/ -->\n<title>Guin\u00e9e : Papa Koly Kourouma prend officiellement fonction au minist\u00e8re de l\u2019Hydraulique | Guin\u00e9e Diversit\u00e9<\/title>\n<meta name=\"robots\" content=\"index, follow, max-snippet:-1, max-image-preview:large, max-video-preview:-1\" \/>\n<link rel=\"canonical\" href=\"https:\/\/guineediversite.com\/index.php\/2019\/04\/15\/guinee-papa-koly-kourouma-prend-officiellement-fonction-au-ministere-de-lhydraulique\/\" \/>\n<meta property=\"og:locale\" content=\"fr_FR\" \/>\n<meta property=\"og:type\" content=\"article\" \/>\n<meta property=\"og:title\" content=\"Guin\u00e9e : Papa Koly Kourouma prend officiellement fonction au minist\u00e8re de l\u2019Hydraulique | Guin\u00e9e Diversit\u00e9\" \/>\n<meta property=\"og:description\" content=\"C\u2019est au cours d\u2019une c\u00e9r\u00e9monie qui \u00e0 r\u00e9unit plusieurs cadres du d\u00e9partement de l\u2019\u00e9nergie et de l\u2019hydraulique, que la passation entre le ministre de l\u2019\u00e9nergie et de l\u2019hydraulique s\u2019est tenue ce lundi \u00e0 Conakry. A rappeler que c\u2019est suite \u00e0 un r\u00e9cent d\u00e9cret du pr\u00e9sident de la R\u00e9publique, nommant Papa Koly Kourouma ministre de l\u2019hydraulique [&hellip;]\" \/>\n<meta property=\"og:url\" content=\"https:\/\/guineediversite.com\/index.php\/2019\/04\/15\/guinee-papa-koly-kourouma-prend-officiellement-fonction-au-ministere-de-lhydraulique\/\" \/>\n<meta property=\"og:site_name\" content=\"Guin\u00e9e Diversit\u00e9\" \/>\n<meta property=\"article:publisher\" content=\"https:\/\/www.facebook.com\/guineediversite\/\" \/>\n<meta property=\"article:published_time\" content=\"2019-04-15T15:20:26+00:00\" \/>\n<meta property=\"article:modified_time\" content=\"2019-04-17T08:49:14+00:00\" \/>\n<meta property=\"og:image\" content=\"https:\/\/guineediversite.com\/wp-content\/uploads\/2019\/04\/IMG_2502.jpg\" \/>\n\t<meta property=\"og:image:width\" content=\"1365\" \/>\n\t<meta property=\"og:image:height\" content=\"1024\" \/>\n\t<meta property=\"og:image:type\" content=\"image\/jpeg\" \/>\n<meta name=\"author\" content=\"Morcire Camara\" \/>\n<meta name=\"twitter:card\" content=\"summary_large_image\" \/>\n<meta name=\"twitter:creator\" content=\"@GuineeDiversite\" \/>\n<meta name=\"twitter:site\" content=\"@GuineeDiversite\" \/>\n<meta name=\"twitter:label1\" content=\"\u00c9crit par\" \/>\n\t<meta name=\"twitter:data1\" content=\"Morcire Camara\" \/>\n\t<meta name=\"twitter:label2\" content=\"Dur\u00e9e de lecture estim\u00e9e\" \/>\n\t<meta name=\"twitter:data2\" content=\"2 minutes\" \/>\n<script type=\"application\/ld+json\" class=\"yoast-schema-graph\">{\"@context\":\"https:\/\/schema.org\",\"@graph\":[{\"@type\":\"Article\",\"@id\":\"https:\/\/guineediversite.com\/index.php\/2019\/04\/15\/guinee-papa-koly-kourouma-prend-officiellement-fonction-au-ministere-de-lhydraulique\/#article\",\"isPartOf\":{\"@id\":\"https:\/\/guineediversite.com\/index.php\/2019\/04\/15\/guinee-papa-koly-kourouma-prend-officiellement-fonction-au-ministere-de-lhydraulique\/\"},\"author\":{\"name\":\"Morcire Camara\",\"@id\":\"https:\/\/guineediversite.com\/#\/schema\/person\/fa362494c47202ce4b3adf55abcc9d01\"},\"headline\":\"Guin\u00e9e : Papa Koly Kourouma prend officiellement fonction au minist\u00e8re de l\u2019Hydraulique\",\"datePublished\":\"2019-04-15T15:20:26+00:00\",\"dateModified\":\"2019-04-17T08:49:14+00:00\",\"mainEntityOfPage\":{\"@id\":\"https:\/\/guineediversite.com\/index.php\/2019\/04\/15\/guinee-papa-koly-kourouma-prend-officiellement-fonction-au-ministere-de-lhydraulique\/\"},\"wordCount\":329,\"publisher\":{\"@id\":\"https:\/\/guineediversite.com\/#organization\"},\"image\":{\"@id\":\"https:\/\/guineediversite.com\/index.php\/2019\/04\/15\/guinee-papa-koly-kourouma-prend-officiellement-fonction-au-ministere-de-lhydraulique\/#primaryimage\"},\"thumbnailUrl\":\"https:\/\/guineediversite.com\/wp-content\/uploads\/2019\/04\/IMG_2502.jpg\",\"articleSection\":[\"Politique\"],\"inLanguage\":\"fr-FR\"},{\"@type\":\"WebPage\",\"@id\":\"https:\/\/guineediversite.com\/index.php\/2019\/04\/15\/guinee-papa-koly-kourouma-prend-officiellement-fonction-au-ministere-de-lhydraulique\/\",\"url\":\"https:\/\/guineediversite.com\/index.php\/2019\/04\/15\/guinee-papa-koly-kourouma-prend-officiellement-fonction-au-ministere-de-lhydraulique\/\",\"name\":\"Guin\u00e9e : Papa Koly Kourouma prend officiellement fonction au minist\u00e8re de l\u2019Hydraulique | Guin\u00e9e Diversit\u00e9\",\"isPartOf\":{\"@id\":\"https:\/\/guineediversite.com\/#website\"},\"primaryImageOfPage\":{\"@id\":\"https:\/\/guineediversite.com\/index.php\/2019\/04\/15\/guinee-papa-koly-kourouma-prend-officiellement-fonction-au-ministere-de-lhydraulique\/#primaryimage\"},\"image\":{\"@id\":\"https:\/\/guineediversite.com\/index.php\/2019\/04\/15\/guinee-papa-koly-kourouma-prend-officiellement-fonction-au-ministere-de-lhydraulique\/#primaryimage\"},\"thumbnailUrl\":\"https:\/\/guineediversite.com\/wp-content\/uploads\/2019\/04\/IMG_2502.jpg\",\"datePublished\":\"2019-04-15T15:20:26+00:00\",\"dateModified\":\"2019-04-17T08:49:14+00:00\",\"breadcrumb\":{\"@id\":\"https:\/\/guineediversite.com\/index.php\/2019\/04\/15\/guinee-papa-koly-kourouma-prend-officiellement-fonction-au-ministere-de-lhydraulique\/#breadcrumb\"},\"inLanguage\":\"fr-FR\",\"potentialAction\":[{\"@type\":\"ReadAction\",\"target\":[\"https:\/\/guineediversite.com\/index.php\/2019\/04\/15\/guinee-papa-koly-kourouma-prend-officiellement-fonction-au-ministere-de-lhydraulique\/\"]}]},{\"@type\":\"ImageObject\",\"inLanguage\":\"fr-FR\",\"@id\":\"https:\/\/guineediversite.com\/index.php\/2019\/04\/15\/guinee-papa-koly-kourouma-prend-officiellement-fonction-au-ministere-de-lhydraulique\/#primaryimage\",\"url\":\"https:\/\/guineediversite.com\/wp-content\/uploads\/2019\/04\/IMG_2502.jpg\",\"contentUrl\":\"https:\/\/guineediversite.com\/wp-content\/uploads\/2019\/04\/IMG_2502.jpg\",\"width\":1365,\"height\":1024},{\"@type\":\"BreadcrumbList\",\"@id\":\"https:\/\/guineediversite.com\/index.php\/2019\/04\/15\/guinee-papa-koly-kourouma-prend-officiellement-fonction-au-ministere-de-lhydraulique\/#breadcrumb\",\"itemListElement\":[{\"@type\":\"ListItem\",\"position\":1,\"name\":\"Accueil\",\"item\":\"https:\/\/guineediversite.com\/\"},{\"@type\":\"ListItem\",\"position\":2,\"name\":\"Guin\u00e9e : Papa Koly Kourouma prend officiellement fonction au minist\u00e8re de l\u2019Hydraulique\"}]},{\"@type\":\"WebSite\",\"@id\":\"https:\/\/guineediversite.com\/#website\",\"url\":\"https:\/\/guineediversite.com\/\",\"name\":\"Guin\u00e9e Diversit\u00e9\",\"description\":\"L&#039;Info dans toute sa diversit\u00e9\",\"publisher\":{\"@id\":\"https:\/\/guineediversite.com\/#organization\"},\"potentialAction\":[{\"@type\":\"SearchAction\",\"target\":{\"@type\":\"EntryPoint\",\"urlTemplate\":\"https:\/\/guineediversite.com\/?s={search_term_string}\"},\"query-input\":{\"@type\":\"PropertyValueSpecification\",\"valueRequired\":true,\"valueName\":\"search_term_string\"}}],\"inLanguage\":\"fr-FR\"},{\"@type\":\"Organization\",\"@id\":\"https:\/\/guineediversite.com\/#organization\",\"name\":\"Guin\u00e9e Diversit\u00e9\",\"url\":\"https:\/\/guineediversite.com\/\",\"logo\":{\"@type\":\"ImageObject\",\"inLanguage\":\"fr-FR\",\"@id\":\"https:\/\/guineediversite.com\/#\/schema\/logo\/image\/\",\"url\":\"https:\/\/guineediversite.com\/wp-content\/uploads\/2017\/04\/cropped-1jojlxEOMkX9Wyqfhe43D6kjPOGqBBKmx3EwWJqZ0cMrFF54yM49.png\",\"contentUrl\":\"https:\/\/guineediversite.com\/wp-content\/uploads\/2017\/04\/cropped-1jojlxEOMkX9Wyqfhe43D6kjPOGqBBKmx3EwWJqZ0cMrFF54yM49.png\",\"width\":186,\"height\":112,\"caption\":\"Guin\u00e9e Diversit\u00e9\"},\"image\":{\"@id\":\"https:\/\/guineediversite.com\/#\/schema\/logo\/image\/\"},\"sameAs\":[\"https:\/\/www.facebook.com\/guineediversite\/\",\"https:\/\/x.com\/GuineeDiversite\",\"https:\/\/www.youtube.com\/channel\/UC8sUY16qelG5ge6_D5SB83g\"]},{\"@type\":\"Person\",\"@id\":\"https:\/\/guineediversite.com\/#\/schema\/person\/fa362494c47202ce4b3adf55abcc9d01\",\"name\":\"Morcire Camara\",\"image\":{\"@type\":\"ImageObject\",\"inLanguage\":\"fr-FR\",\"@id\":\"https:\/\/guineediversite.com\/#\/schema\/person\/image\/\",\"url\":\"https:\/\/secure.gravatar.com\/avatar\/3ec324f02295bbcebe03d99b39330ab4?s=96&d=mm&r=g\",\"contentUrl\":\"https:\/\/secure.gravatar.com\/avatar\/3ec324f02295bbcebe03d99b39330ab4?s=96&d=mm&r=g\",\"caption\":\"Morcire Camara\"},\"url\":\"https:\/\/guineediversite.com\/index.php\/author\/morcire\/\"}]}<\/script>\n<!-- \/ Yoast SEO plugin. -->","yoast_head_json":{"title":"Guin\u00e9e : Papa Koly Kourouma prend officiellement fonction au minist\u00e8re de l\u2019Hydraulique | Guin\u00e9e Diversit\u00e9","robots":{"index":"index","follow":"follow","max-snippet":"max-snippet:-1","max-image-preview":"max-image-preview:large","max-video-preview":"max-video-preview:-1"},"canonical":"https:\/\/guineediversite.com\/index.php\/2019\/04\/15\/guinee-papa-koly-kourouma-prend-officiellement-fonction-au-ministere-de-lhydraulique\/","og_locale":"fr_FR","og_type":"article","og_title":"Guin\u00e9e : Papa Koly Kourouma prend officiellement fonction au minist\u00e8re de l\u2019Hydraulique | Guin\u00e9e Diversit\u00e9","og_description":"C\u2019est au cours d\u2019une c\u00e9r\u00e9monie qui \u00e0 r\u00e9unit plusieurs cadres du d\u00e9partement de l\u2019\u00e9nergie et de l\u2019hydraulique, que la passation entre le ministre de l\u2019\u00e9nergie et de l\u2019hydraulique s\u2019est tenue ce lundi \u00e0 Conakry. A rappeler que c\u2019est suite \u00e0 un r\u00e9cent d\u00e9cret du pr\u00e9sident de la R\u00e9publique, nommant Papa Koly Kourouma ministre de l\u2019hydraulique [&hellip;]","og_url":"https:\/\/guineediversite.com\/index.php\/2019\/04\/15\/guinee-papa-koly-kourouma-prend-officiellement-fonction-au-ministere-de-lhydraulique\/","og_site_name":"Guin\u00e9e Diversit\u00e9","article_publisher":"https:\/\/www.facebook.com\/guineediversite\/","article_published_time":"2019-04-15T15:20:26+00:00","article_modified_time":"2019-04-17T08:49:14+00:00","og_image":[{"width":1365,"height":1024,"url":"https:\/\/guineediversite.com\/wp-content\/uploads\/2019\/04\/IMG_2502.jpg","type":"image\/jpeg"}],"author":"Morcire Camara","twitter_card":"summary_large_image","twitter_creator":"@GuineeDiversite","twitter_site":"@GuineeDiversite","twitter_misc":{"\u00c9crit par":"Morcire Camara","Dur\u00e9e de lecture estim\u00e9e":"2 minutes"},"schema":{"@context":"https:\/\/schema.org","@graph":[{"@type":"Article","@id":"https:\/\/guineediversite.com\/index.php\/2019\/04\/15\/guinee-papa-koly-kourouma-prend-officiellement-fonction-au-ministere-de-lhydraulique\/#article","isPartOf":{"@id":"https:\/\/guineediversite.com\/index.php\/2019\/04\/15\/guinee-papa-koly-kourouma-prend-officiellement-fonction-au-ministere-de-lhydraulique\/"},"author":{"name":"Morcire Camara","@id":"https:\/\/guineediversite.com\/#\/schema\/person\/fa362494c47202ce4b3adf55abcc9d01"},"headline":"Guin\u00e9e : Papa Koly Kourouma prend officiellement fonction au minist\u00e8re de l\u2019Hydraulique","datePublished":"2019-04-15T15:20:26+00:00","dateModified":"2019-04-17T08:49:14+00:00","mainEntityOfPage":{"@id":"https:\/\/guineediversite.com\/index.php\/2019\/04\/15\/guinee-papa-koly-kourouma-prend-officiellement-fonction-au-ministere-de-lhydraulique\/"},"wordCount":329,"publisher":{"@id":"https:\/\/guineediversite.com\/#organization"},"image":{"@id":"https:\/\/guineediversite.com\/index.php\/2019\/04\/15\/guinee-papa-koly-kourouma-prend-officiellement-fonction-au-ministere-de-lhydraulique\/#primaryimage"},"thumbnailUrl":"https:\/\/guineediversite.com\/wp-content\/uploads\/2019\/04\/IMG_2502.jpg","articleSection":["Politique"],"inLanguage":"fr-FR"},{"@type":"WebPage","@id":"https:\/\/guineediversite.com\/index.php\/2019\/04\/15\/guinee-papa-koly-kourouma-prend-officiellement-fonction-au-ministere-de-lhydraulique\/","url":"https:\/\/guineediversite.com\/index.php\/2019\/04\/15\/guinee-papa-koly-kourouma-prend-officiellement-fonction-au-ministere-de-lhydraulique\/","name":"Guin\u00e9e : Papa Koly Kourouma prend officiellement fonction au minist\u00e8re de l\u2019Hydraulique | Guin\u00e9e Diversit\u00e9","isPartOf":{"@id":"https:\/\/guineediversite.com\/#website"},"primaryImageOfPage":{"@id":"https:\/\/guineediversite.com\/index.php\/2019\/04\/15\/guinee-papa-koly-kourouma-prend-officiellement-fonction-au-ministere-de-lhydraulique\/#primaryimage"},"image":{"@id":"https:\/\/guineediversite.com\/index.php\/2019\/04\/15\/guinee-papa-koly-kourouma-prend-officiellement-fonction-au-ministere-de-lhydraulique\/#primaryimage"},"thumbnailUrl":"https:\/\/guineediversite.com\/wp-content\/uploads\/2019\/04\/IMG_2502.jpg","datePublished":"2019-04-15T15:20:26+00:00","dateModified":"2019-04-17T08:49:14+00:00","breadcrumb":{"@id":"https:\/\/guineediversite.com\/index.php\/2019\/04\/15\/guinee-papa-koly-kourouma-prend-officiellement-fonction-au-ministere-de-lhydraulique\/#breadcrumb"},"inLanguage":"fr-FR","potentialAction":[{"@type":"ReadAction","target":["https:\/\/guineediversite.com\/index.php\/2019\/04\/15\/guinee-papa-koly-kourouma-prend-officiellement-fonction-au-ministere-de-lhydraulique\/"]}]},{"@type":"ImageObject","inLanguage":"fr-FR","@id":"https:\/\/guineediversite.com\/index.php\/2019\/04\/15\/guinee-papa-koly-kourouma-prend-officiellement-fonction-au-ministere-de-lhydraulique\/#primaryimage","url":"https:\/\/guineediversite.com\/wp-content\/uploads\/2019\/04\/IMG_2502.jpg","contentUrl":"https:\/\/guineediversite.com\/wp-content\/uploads\/2019\/04\/IMG_2502.jpg","width":1365,"height":1024},{"@type":"BreadcrumbList","@id":"https:\/\/guineediversite.com\/index.php\/2019\/04\/15\/guinee-papa-koly-kourouma-prend-officiellement-fonction-au-ministere-de-lhydraulique\/#breadcrumb","itemListElement":[{"@type":"ListItem","position":1,"name":"Accueil","item":"https:\/\/guineediversite.com\/"},{"@type":"ListItem","position":2,"name":"Guin\u00e9e : Papa Koly Kourouma prend officiellement fonction au minist\u00e8re de l\u2019Hydraulique"}]},{"@type":"WebSite","@id":"https:\/\/guineediversite.com\/#website","url":"https:\/\/guineediversite.com\/","name":"Guin\u00e9e Diversit\u00e9","description":"L&#039;Info dans toute sa diversit\u00e9","publisher":{"@id":"https:\/\/guineediversite.com\/#organization"},"potentialAction":[{"@type":"SearchAction","target":{"@type":"EntryPoint","urlTemplate":"https:\/\/guineediversite.com\/?s={search_term_string}"},"query-input":{"@type":"PropertyValueSpecification","valueRequired":true,"valueName":"search_term_string"}}],"inLanguage":"fr-FR"},{"@type":"Organization","@id":"https:\/\/guineediversite.com\/#organization","name":"Guin\u00e9e Diversit\u00e9","url":"https:\/\/guineediversite.com\/","logo":{"@type":"ImageObject","inLanguage":"fr-FR","@id":"https:\/\/guineediversite.com\/#\/schema\/logo\/image\/","url":"https:\/\/guineediversite.com\/wp-content\/uploads\/2017\/04\/cropped-1jojlxEOMkX9Wyqfhe43D6kjPOGqBBKmx3EwWJqZ0cMrFF54yM49.png","contentUrl":"https:\/\/guineediversite.com\/wp-content\/uploads\/2017\/04\/cropped-1jojlxEOMkX9Wyqfhe43D6kjPOGqBBKmx3EwWJqZ0cMrFF54yM49.png","width":186,"height":112,"caption":"Guin\u00e9e Diversit\u00e9"},"image":{"@id":"https:\/\/guineediversite.com\/#\/schema\/logo\/image\/"},"sameAs":["https:\/\/www.facebook.com\/guineediversite\/","https:\/\/x.com\/GuineeDiversite","https:\/\/www.youtube.com\/channel\/UC8sUY16qelG5ge6_D5SB83g"]},{"@type":"Person","@id":"https:\/\/guineediversite.com\/#\/schema\/person\/fa362494c47202ce4b3adf55abcc9d01","name":"Morcire Camara","image":{"@type":"ImageObject","inLanguage":"fr-FR","@id":"https:\/\/guineediversite.com\/#\/schema\/person\/image\/","url":"https:\/\/secure.gravatar.com\/avatar\/3ec324f02295bbcebe03d99b39330ab4?s=96&d=mm&r=g","contentUrl":"https:\/\/secure.gravatar.com\/avatar\/3ec324f02295bbcebe03d99b39330ab4?s=96&d=mm&r=g","caption":"Morcire Camara"},"url":"https:\/\/guineediversite.com\/index.php\/author\/morcire\/"}]}},"_links":{"self":[{"href":"https:\/\/guineediversite.com\/index.php\/wp-json\/wp\/v2\/posts\/28353"}],"collection":[{"href":"https:\/\/guineediversite.com\/index.php\/wp-json\/wp\/v2\/posts"}],"about":[{"href":"https:\/\/guineediversite.com\/index.php\/wp-json\/wp\/v2\/types\/post"}],"author":[{"embeddable":true,"href":"https:\/\/guineediversite.com\/index.php\/wp-json\/wp\/v2\/users\/10"}],"replies":[{"embeddable":true,"href":"https:\/\/guineediversite.com\/index.php\/wp-json\/wp\/v2\/comments?post=28353"}],"version-history":[{"count":0,"href":"https:\/\/guineediversite.com\/index.php\/wp-json\/wp\/v2\/posts\/28353\/revisions"}],"wp:featuredmedia":[{"embeddable":true,"href":"https:\/\/guineediversite.com\/index.php\/wp-json\/wp\/v2\/media\/28354"}],"wp:attachment":[{"href":"https:\/\/guineediversite.com\/index.php\/wp-json\/wp\/v2\/media?parent=28353"}],"wp:term":[{"taxonomy":"category","embeddable":true,"href":"https:\/\/guineediversite.com\/index.php\/wp-json\/wp\/v2\/categories?post=28353"},{"taxonomy":"post_tag","embeddable":true,"href":"https:\/\/guineediversite.com\/index.php\/wp-json\/wp\/v2\/tags?post=28353"}],"curies":[{"name":"wp","href":"https:\/\/api.w.org\/{rel}","templated":true}]}}