{"id":28346,"date":"2019-04-13T01:54:12","date_gmt":"2019-04-12T23:54:12","guid":{"rendered":"https:\/\/guineediversite.com\/?p=28346"},"modified":"2019-04-13T01:54:12","modified_gmt":"2019-04-12T23:54:12","slug":"urgent-les-magistrats-vont-finalement-traduire-lhonorable-damaro-devant-les-tribunaux","status":"publish","type":"post","link":"https:\/\/guineediversite.com\/index.php\/2019\/04\/13\/urgent-les-magistrats-vont-finalement-traduire-lhonorable-damaro-devant-les-tribunaux\/","title":{"rendered":"Urgent\/Les magistrats  vont finalement traduire l\u2019honorable Damaro devant les tribunaux"},"content":{"rendered":"<p><b>Ils avaient annonc\u00e9\u00a0au cours de la r\u00e9cente conf\u00e9rence de presse. Ce vendredi 12 avril, l\u2019assembl\u00e9e g\u00e9n\u00e9rale de l\u2019association des magistrats de Guin\u00e9e s\u2019est tenue, dans la salle d\u2019audience de la Cour d\u2019appel de Conakry.<\/b><\/p>\n<p>L\u2019un des objectifs de cette rencontre qui a dur\u00e9e des heures, \u00a0a \u00e9t\u00e9 la prise d\u2019une d\u00e9cision contre le d\u00e9put\u00e9 Amadou Damaro Camara, suite aux propos que ce dernier a r\u00e9cemment tenus dans les m\u00e9dias, contre les magistrats et la justice guin\u00e9enne en g\u00e9n\u00e9ral.<\/p>\n<p>Apr\u00e8s des heures d\u2019\u00e9changes, une d\u00e9cision a \u00e9t\u00e9 prise dans l\u2019unanimit\u00e9 par l\u2019association des magistrats de Guin\u00e9e de saisir l\u2019assembl\u00e9e nationale, \u00e0 travers une commission qui a \u00e9t\u00e9 mise en place, pour demander la lev\u00e9e de l\u2019humilit\u00e9 parlementaire de l\u2019honorable Damaro Camara, afin de le poursuivre en justice, pour outrage, injure et diffamation.<\/p>\n<p>Les magistrats ont \u00e9voqu\u00e9s la gravit\u00e9 des propos tenus par le d\u00e9put\u00e9, mais aussi le fait que ces propos soient tenus hors session.<\/p>\n<p>Mohamed Ali Thiam, pr\u00e9sident de l\u2019association des magistrats de Guin\u00e9e \u00a0dira ceci\u00a0:\u00ab\u00a0<em>si cette immunit\u00e9 parlementaire de l\u2019honorable Damaro Camara n\u2019est pas lev\u00e9e, les magistrats ont d\u00e9cid\u00e9 d\u2019arr\u00eater tout travail jusqu\u2019\u00e0 ce que cette revendication soit satisfaite. Et ce, \u00e0 compter de la saisine de l\u2019assembl\u00e9e nationale\u00a0<\/em>\u00bb.<\/p>\n","protected":false},"excerpt":{"rendered":"<p>Ils avaient annonc\u00e9\u00a0au cours de la r\u00e9cente conf\u00e9rence de presse. Ce vendredi 12 avril, l\u2019assembl\u00e9e g\u00e9n\u00e9rale de l\u2019association des magistrats de Guin\u00e9e s\u2019est tenue, dans la salle d\u2019audience de la Cour d\u2019appel de Conakry. L\u2019un des objectifs de cette rencontre qui a dur\u00e9e des heures, \u00a0a \u00e9t\u00e9 la prise d\u2019une d\u00e9cision contre le d\u00e9put\u00e9 Amadou [&hellip;]<\/p>\n","protected":false},"author":10,"featured_media":28347,"comment_status":"closed","ping_status":"closed","sticky":false,"template":"","format":"standard","meta":{"_exactmetrics_skip_tracking":false,"_exactmetrics_sitenote_active":false,"_exactmetrics_sitenote_note":"","_exactmetrics_sitenote_category":0,"tdm_status":"","tdm_grid_status":"","footnotes":""},"categories":[14],"tags":[],"class_list":{"0":"post-28346","1":"post","2":"type-post","3":"status-publish","4":"format-standard","5":"has-post-thumbnail","7":"category-politique"},"yoast_head":"<!-- This site is optimized with the Yoast SEO plugin v24.2 - https:\/\/yoast.com\/wordpress\/plugins\/seo\/ -->\n<title>Urgent\/Les magistrats vont finalement traduire l\u2019honorable Damaro devant les tribunaux | Guin\u00e9e Diversit\u00e9<\/title>\n<meta name=\"robots\" content=\"index, follow, max-snippet:-1, max-image-preview:large, max-video-preview:-1\" \/>\n<link rel=\"canonical\" href=\"https:\/\/guineediversite.com\/index.php\/2019\/04\/13\/urgent-les-magistrats-vont-finalement-traduire-lhonorable-damaro-devant-les-tribunaux\/\" \/>\n<meta property=\"og:locale\" content=\"fr_FR\" \/>\n<meta property=\"og:type\" content=\"article\" \/>\n<meta property=\"og:title\" content=\"Urgent\/Les magistrats vont finalement traduire l\u2019honorable Damaro devant les tribunaux | Guin\u00e9e Diversit\u00e9\" \/>\n<meta property=\"og:description\" content=\"Ils avaient annonc\u00e9\u00a0au cours de la r\u00e9cente conf\u00e9rence de presse. Ce vendredi 12 avril, l\u2019assembl\u00e9e g\u00e9n\u00e9rale de l\u2019association des magistrats de Guin\u00e9e s\u2019est tenue, dans la salle d\u2019audience de la Cour d\u2019appel de Conakry. L\u2019un des objectifs de cette rencontre qui a dur\u00e9e des heures, \u00a0a \u00e9t\u00e9 la prise d\u2019une d\u00e9cision contre le d\u00e9put\u00e9 Amadou [&hellip;]\" \/>\n<meta property=\"og:url\" content=\"https:\/\/guineediversite.com\/index.php\/2019\/04\/13\/urgent-les-magistrats-vont-finalement-traduire-lhonorable-damaro-devant-les-tribunaux\/\" \/>\n<meta property=\"og:site_name\" content=\"Guin\u00e9e Diversit\u00e9\" \/>\n<meta property=\"article:publisher\" content=\"https:\/\/www.facebook.com\/guineediversite\/\" \/>\n<meta property=\"article:published_time\" content=\"2019-04-12T23:54:12+00:00\" \/>\n<meta property=\"og:image\" content=\"https:\/\/guineediversite.com\/wp-content\/uploads\/2019\/04\/mohamed-ali-thiam-696x392.jpg\" \/>\n\t<meta property=\"og:image:width\" content=\"1818\" \/>\n\t<meta property=\"og:image:height\" content=\"1024\" \/>\n\t<meta property=\"og:image:type\" content=\"image\/jpeg\" \/>\n<meta name=\"author\" content=\"Morcire Camara\" \/>\n<meta name=\"twitter:card\" content=\"summary_large_image\" \/>\n<meta name=\"twitter:creator\" content=\"@GuineeDiversite\" \/>\n<meta name=\"twitter:site\" content=\"@GuineeDiversite\" \/>\n<meta name=\"twitter:label1\" content=\"\u00c9crit par\" \/>\n\t<meta name=\"twitter:data1\" content=\"Morcire Camara\" \/>\n\t<meta name=\"twitter:label2\" content=\"Dur\u00e9e de lecture estim\u00e9e\" \/>\n\t<meta name=\"twitter:data2\" content=\"1 minute\" \/>\n<script type=\"application\/ld+json\" class=\"yoast-schema-graph\">{\"@context\":\"https:\/\/schema.org\",\"@graph\":[{\"@type\":\"Article\",\"@id\":\"https:\/\/guineediversite.com\/index.php\/2019\/04\/13\/urgent-les-magistrats-vont-finalement-traduire-lhonorable-damaro-devant-les-tribunaux\/#article\",\"isPartOf\":{\"@id\":\"https:\/\/guineediversite.com\/index.php\/2019\/04\/13\/urgent-les-magistrats-vont-finalement-traduire-lhonorable-damaro-devant-les-tribunaux\/\"},\"author\":{\"name\":\"Morcire Camara\",\"@id\":\"https:\/\/guineediversite.com\/#\/schema\/person\/fa362494c47202ce4b3adf55abcc9d01\"},\"headline\":\"Urgent\/Les magistrats vont finalement traduire l\u2019honorable Damaro devant les tribunaux\",\"datePublished\":\"2019-04-12T23:54:12+00:00\",\"dateModified\":\"2019-04-12T23:54:12+00:00\",\"mainEntityOfPage\":{\"@id\":\"https:\/\/guineediversite.com\/index.php\/2019\/04\/13\/urgent-les-magistrats-vont-finalement-traduire-lhonorable-damaro-devant-les-tribunaux\/\"},\"wordCount\":256,\"publisher\":{\"@id\":\"https:\/\/guineediversite.com\/#organization\"},\"image\":{\"@id\":\"https:\/\/guineediversite.com\/index.php\/2019\/04\/13\/urgent-les-magistrats-vont-finalement-traduire-lhonorable-damaro-devant-les-tribunaux\/#primaryimage\"},\"thumbnailUrl\":\"https:\/\/guineediversite.com\/wp-content\/uploads\/2019\/04\/mohamed-ali-thiam-696x392.jpg\",\"articleSection\":[\"Politique\"],\"inLanguage\":\"fr-FR\"},{\"@type\":\"WebPage\",\"@id\":\"https:\/\/guineediversite.com\/index.php\/2019\/04\/13\/urgent-les-magistrats-vont-finalement-traduire-lhonorable-damaro-devant-les-tribunaux\/\",\"url\":\"https:\/\/guineediversite.com\/index.php\/2019\/04\/13\/urgent-les-magistrats-vont-finalement-traduire-lhonorable-damaro-devant-les-tribunaux\/\",\"name\":\"Urgent\/Les magistrats vont finalement traduire l\u2019honorable Damaro devant les tribunaux | Guin\u00e9e Diversit\u00e9\",\"isPartOf\":{\"@id\":\"https:\/\/guineediversite.com\/#website\"},\"primaryImageOfPage\":{\"@id\":\"https:\/\/guineediversite.com\/index.php\/2019\/04\/13\/urgent-les-magistrats-vont-finalement-traduire-lhonorable-damaro-devant-les-tribunaux\/#primaryimage\"},\"image\":{\"@id\":\"https:\/\/guineediversite.com\/index.php\/2019\/04\/13\/urgent-les-magistrats-vont-finalement-traduire-lhonorable-damaro-devant-les-tribunaux\/#primaryimage\"},\"thumbnailUrl\":\"https:\/\/guineediversite.com\/wp-content\/uploads\/2019\/04\/mohamed-ali-thiam-696x392.jpg\",\"datePublished\":\"2019-04-12T23:54:12+00:00\",\"dateModified\":\"2019-04-12T23:54:12+00:00\",\"breadcrumb\":{\"@id\":\"https:\/\/guineediversite.com\/index.php\/2019\/04\/13\/urgent-les-magistrats-vont-finalement-traduire-lhonorable-damaro-devant-les-tribunaux\/#breadcrumb\"},\"inLanguage\":\"fr-FR\",\"potentialAction\":[{\"@type\":\"ReadAction\",\"target\":[\"https:\/\/guineediversite.com\/index.php\/2019\/04\/13\/urgent-les-magistrats-vont-finalement-traduire-lhonorable-damaro-devant-les-tribunaux\/\"]}]},{\"@type\":\"ImageObject\",\"inLanguage\":\"fr-FR\",\"@id\":\"https:\/\/guineediversite.com\/index.php\/2019\/04\/13\/urgent-les-magistrats-vont-finalement-traduire-lhonorable-damaro-devant-les-tribunaux\/#primaryimage\",\"url\":\"https:\/\/guineediversite.com\/wp-content\/uploads\/2019\/04\/mohamed-ali-thiam-696x392.jpg\",\"contentUrl\":\"https:\/\/guineediversite.com\/wp-content\/uploads\/2019\/04\/mohamed-ali-thiam-696x392.jpg\",\"width\":1818,\"height\":1024},{\"@type\":\"BreadcrumbList\",\"@id\":\"https:\/\/guineediversite.com\/index.php\/2019\/04\/13\/urgent-les-magistrats-vont-finalement-traduire-lhonorable-damaro-devant-les-tribunaux\/#breadcrumb\",\"itemListElement\":[{\"@type\":\"ListItem\",\"position\":1,\"name\":\"Accueil\",\"item\":\"https:\/\/guineediversite.com\/\"},{\"@type\":\"ListItem\",\"position\":2,\"name\":\"Urgent\/Les magistrats vont finalement traduire l\u2019honorable Damaro devant les tribunaux\"}]},{\"@type\":\"WebSite\",\"@id\":\"https:\/\/guineediversite.com\/#website\",\"url\":\"https:\/\/guineediversite.com\/\",\"name\":\"Guin\u00e9e Diversit\u00e9\",\"description\":\"L&#039;Info dans toute sa diversit\u00e9\",\"publisher\":{\"@id\":\"https:\/\/guineediversite.com\/#organization\"},\"potentialAction\":[{\"@type\":\"SearchAction\",\"target\":{\"@type\":\"EntryPoint\",\"urlTemplate\":\"https:\/\/guineediversite.com\/?s={search_term_string}\"},\"query-input\":{\"@type\":\"PropertyValueSpecification\",\"valueRequired\":true,\"valueName\":\"search_term_string\"}}],\"inLanguage\":\"fr-FR\"},{\"@type\":\"Organization\",\"@id\":\"https:\/\/guineediversite.com\/#organization\",\"name\":\"Guin\u00e9e Diversit\u00e9\",\"url\":\"https:\/\/guineediversite.com\/\",\"logo\":{\"@type\":\"ImageObject\",\"inLanguage\":\"fr-FR\",\"@id\":\"https:\/\/guineediversite.com\/#\/schema\/logo\/image\/\",\"url\":\"https:\/\/guineediversite.com\/wp-content\/uploads\/2017\/04\/cropped-1jojlxEOMkX9Wyqfhe43D6kjPOGqBBKmx3EwWJqZ0cMrFF54yM49.png\",\"contentUrl\":\"https:\/\/guineediversite.com\/wp-content\/uploads\/2017\/04\/cropped-1jojlxEOMkX9Wyqfhe43D6kjPOGqBBKmx3EwWJqZ0cMrFF54yM49.png\",\"width\":186,\"height\":112,\"caption\":\"Guin\u00e9e Diversit\u00e9\"},\"image\":{\"@id\":\"https:\/\/guineediversite.com\/#\/schema\/logo\/image\/\"},\"sameAs\":[\"https:\/\/www.facebook.com\/guineediversite\/\",\"https:\/\/x.com\/GuineeDiversite\",\"https:\/\/www.youtube.com\/channel\/UC8sUY16qelG5ge6_D5SB83g\"]},{\"@type\":\"Person\",\"@id\":\"https:\/\/guineediversite.com\/#\/schema\/person\/fa362494c47202ce4b3adf55abcc9d01\",\"name\":\"Morcire Camara\",\"image\":{\"@type\":\"ImageObject\",\"inLanguage\":\"fr-FR\",\"@id\":\"https:\/\/guineediversite.com\/#\/schema\/person\/image\/\",\"url\":\"https:\/\/secure.gravatar.com\/avatar\/3ec324f02295bbcebe03d99b39330ab4?s=96&d=mm&r=g\",\"contentUrl\":\"https:\/\/secure.gravatar.com\/avatar\/3ec324f02295bbcebe03d99b39330ab4?s=96&d=mm&r=g\",\"caption\":\"Morcire Camara\"},\"url\":\"https:\/\/guineediversite.com\/index.php\/author\/morcire\/\"}]}<\/script>\n<!-- \/ Yoast SEO plugin. -->","yoast_head_json":{"title":"Urgent\/Les magistrats vont finalement traduire l\u2019honorable Damaro devant les tribunaux | Guin\u00e9e Diversit\u00e9","robots":{"index":"index","follow":"follow","max-snippet":"max-snippet:-1","max-image-preview":"max-image-preview:large","max-video-preview":"max-video-preview:-1"},"canonical":"https:\/\/guineediversite.com\/index.php\/2019\/04\/13\/urgent-les-magistrats-vont-finalement-traduire-lhonorable-damaro-devant-les-tribunaux\/","og_locale":"fr_FR","og_type":"article","og_title":"Urgent\/Les magistrats vont finalement traduire l\u2019honorable Damaro devant les tribunaux | Guin\u00e9e Diversit\u00e9","og_description":"Ils avaient annonc\u00e9\u00a0au cours de la r\u00e9cente conf\u00e9rence de presse. Ce vendredi 12 avril, l\u2019assembl\u00e9e g\u00e9n\u00e9rale de l\u2019association des magistrats de Guin\u00e9e s\u2019est tenue, dans la salle d\u2019audience de la Cour d\u2019appel de Conakry. L\u2019un des objectifs de cette rencontre qui a dur\u00e9e des heures, \u00a0a \u00e9t\u00e9 la prise d\u2019une d\u00e9cision contre le d\u00e9put\u00e9 Amadou [&hellip;]","og_url":"https:\/\/guineediversite.com\/index.php\/2019\/04\/13\/urgent-les-magistrats-vont-finalement-traduire-lhonorable-damaro-devant-les-tribunaux\/","og_site_name":"Guin\u00e9e Diversit\u00e9","article_publisher":"https:\/\/www.facebook.com\/guineediversite\/","article_published_time":"2019-04-12T23:54:12+00:00","og_image":[{"width":1818,"height":1024,"url":"https:\/\/guineediversite.com\/wp-content\/uploads\/2019\/04\/mohamed-ali-thiam-696x392.jpg","type":"image\/jpeg"}],"author":"Morcire Camara","twitter_card":"summary_large_image","twitter_creator":"@GuineeDiversite","twitter_site":"@GuineeDiversite","twitter_misc":{"\u00c9crit par":"Morcire Camara","Dur\u00e9e de lecture estim\u00e9e":"1 minute"},"schema":{"@context":"https:\/\/schema.org","@graph":[{"@type":"Article","@id":"https:\/\/guineediversite.com\/index.php\/2019\/04\/13\/urgent-les-magistrats-vont-finalement-traduire-lhonorable-damaro-devant-les-tribunaux\/#article","isPartOf":{"@id":"https:\/\/guineediversite.com\/index.php\/2019\/04\/13\/urgent-les-magistrats-vont-finalement-traduire-lhonorable-damaro-devant-les-tribunaux\/"},"author":{"name":"Morcire Camara","@id":"https:\/\/guineediversite.com\/#\/schema\/person\/fa362494c47202ce4b3adf55abcc9d01"},"headline":"Urgent\/Les magistrats vont finalement traduire l\u2019honorable Damaro devant les tribunaux","datePublished":"2019-04-12T23:54:12+00:00","dateModified":"2019-04-12T23:54:12+00:00","mainEntityOfPage":{"@id":"https:\/\/guineediversite.com\/index.php\/2019\/04\/13\/urgent-les-magistrats-vont-finalement-traduire-lhonorable-damaro-devant-les-tribunaux\/"},"wordCount":256,"publisher":{"@id":"https:\/\/guineediversite.com\/#organization"},"image":{"@id":"https:\/\/guineediversite.com\/index.php\/2019\/04\/13\/urgent-les-magistrats-vont-finalement-traduire-lhonorable-damaro-devant-les-tribunaux\/#primaryimage"},"thumbnailUrl":"https:\/\/guineediversite.com\/wp-content\/uploads\/2019\/04\/mohamed-ali-thiam-696x392.jpg","articleSection":["Politique"],"inLanguage":"fr-FR"},{"@type":"WebPage","@id":"https:\/\/guineediversite.com\/index.php\/2019\/04\/13\/urgent-les-magistrats-vont-finalement-traduire-lhonorable-damaro-devant-les-tribunaux\/","url":"https:\/\/guineediversite.com\/index.php\/2019\/04\/13\/urgent-les-magistrats-vont-finalement-traduire-lhonorable-damaro-devant-les-tribunaux\/","name":"Urgent\/Les magistrats vont finalement traduire l\u2019honorable Damaro devant les tribunaux | Guin\u00e9e Diversit\u00e9","isPartOf":{"@id":"https:\/\/guineediversite.com\/#website"},"primaryImageOfPage":{"@id":"https:\/\/guineediversite.com\/index.php\/2019\/04\/13\/urgent-les-magistrats-vont-finalement-traduire-lhonorable-damaro-devant-les-tribunaux\/#primaryimage"},"image":{"@id":"https:\/\/guineediversite.com\/index.php\/2019\/04\/13\/urgent-les-magistrats-vont-finalement-traduire-lhonorable-damaro-devant-les-tribunaux\/#primaryimage"},"thumbnailUrl":"https:\/\/guineediversite.com\/wp-content\/uploads\/2019\/04\/mohamed-ali-thiam-696x392.jpg","datePublished":"2019-04-12T23:54:12+00:00","dateModified":"2019-04-12T23:54:12+00:00","breadcrumb":{"@id":"https:\/\/guineediversite.com\/index.php\/2019\/04\/13\/urgent-les-magistrats-vont-finalement-traduire-lhonorable-damaro-devant-les-tribunaux\/#breadcrumb"},"inLanguage":"fr-FR","potentialAction":[{"@type":"ReadAction","target":["https:\/\/guineediversite.com\/index.php\/2019\/04\/13\/urgent-les-magistrats-vont-finalement-traduire-lhonorable-damaro-devant-les-tribunaux\/"]}]},{"@type":"ImageObject","inLanguage":"fr-FR","@id":"https:\/\/guineediversite.com\/index.php\/2019\/04\/13\/urgent-les-magistrats-vont-finalement-traduire-lhonorable-damaro-devant-les-tribunaux\/#primaryimage","url":"https:\/\/guineediversite.com\/wp-content\/uploads\/2019\/04\/mohamed-ali-thiam-696x392.jpg","contentUrl":"https:\/\/guineediversite.com\/wp-content\/uploads\/2019\/04\/mohamed-ali-thiam-696x392.jpg","width":1818,"height":1024},{"@type":"BreadcrumbList","@id":"https:\/\/guineediversite.com\/index.php\/2019\/04\/13\/urgent-les-magistrats-vont-finalement-traduire-lhonorable-damaro-devant-les-tribunaux\/#breadcrumb","itemListElement":[{"@type":"ListItem","position":1,"name":"Accueil","item":"https:\/\/guineediversite.com\/"},{"@type":"ListItem","position":2,"name":"Urgent\/Les magistrats vont finalement traduire l\u2019honorable Damaro devant les tribunaux"}]},{"@type":"WebSite","@id":"https:\/\/guineediversite.com\/#website","url":"https:\/\/guineediversite.com\/","name":"Guin\u00e9e Diversit\u00e9","description":"L&#039;Info dans toute sa diversit\u00e9","publisher":{"@id":"https:\/\/guineediversite.com\/#organization"},"potentialAction":[{"@type":"SearchAction","target":{"@type":"EntryPoint","urlTemplate":"https:\/\/guineediversite.com\/?s={search_term_string}"},"query-input":{"@type":"PropertyValueSpecification","valueRequired":true,"valueName":"search_term_string"}}],"inLanguage":"fr-FR"},{"@type":"Organization","@id":"https:\/\/guineediversite.com\/#organization","name":"Guin\u00e9e Diversit\u00e9","url":"https:\/\/guineediversite.com\/","logo":{"@type":"ImageObject","inLanguage":"fr-FR","@id":"https:\/\/guineediversite.com\/#\/schema\/logo\/image\/","url":"https:\/\/guineediversite.com\/wp-content\/uploads\/2017\/04\/cropped-1jojlxEOMkX9Wyqfhe43D6kjPOGqBBKmx3EwWJqZ0cMrFF54yM49.png","contentUrl":"https:\/\/guineediversite.com\/wp-content\/uploads\/2017\/04\/cropped-1jojlxEOMkX9Wyqfhe43D6kjPOGqBBKmx3EwWJqZ0cMrFF54yM49.png","width":186,"height":112,"caption":"Guin\u00e9e Diversit\u00e9"},"image":{"@id":"https:\/\/guineediversite.com\/#\/schema\/logo\/image\/"},"sameAs":["https:\/\/www.facebook.com\/guineediversite\/","https:\/\/x.com\/GuineeDiversite","https:\/\/www.youtube.com\/channel\/UC8sUY16qelG5ge6_D5SB83g"]},{"@type":"Person","@id":"https:\/\/guineediversite.com\/#\/schema\/person\/fa362494c47202ce4b3adf55abcc9d01","name":"Morcire Camara","image":{"@type":"ImageObject","inLanguage":"fr-FR","@id":"https:\/\/guineediversite.com\/#\/schema\/person\/image\/","url":"https:\/\/secure.gravatar.com\/avatar\/3ec324f02295bbcebe03d99b39330ab4?s=96&d=mm&r=g","contentUrl":"https:\/\/secure.gravatar.com\/avatar\/3ec324f02295bbcebe03d99b39330ab4?s=96&d=mm&r=g","caption":"Morcire Camara"},"url":"https:\/\/guineediversite.com\/index.php\/author\/morcire\/"}]}},"_links":{"self":[{"href":"https:\/\/guineediversite.com\/index.php\/wp-json\/wp\/v2\/posts\/28346"}],"collection":[{"href":"https:\/\/guineediversite.com\/index.php\/wp-json\/wp\/v2\/posts"}],"about":[{"href":"https:\/\/guineediversite.com\/index.php\/wp-json\/wp\/v2\/types\/post"}],"author":[{"embeddable":true,"href":"https:\/\/guineediversite.com\/index.php\/wp-json\/wp\/v2\/users\/10"}],"replies":[{"embeddable":true,"href":"https:\/\/guineediversite.com\/index.php\/wp-json\/wp\/v2\/comments?post=28346"}],"version-history":[{"count":0,"href":"https:\/\/guineediversite.com\/index.php\/wp-json\/wp\/v2\/posts\/28346\/revisions"}],"wp:featuredmedia":[{"embeddable":true,"href":"https:\/\/guineediversite.com\/index.php\/wp-json\/wp\/v2\/media\/28347"}],"wp:attachment":[{"href":"https:\/\/guineediversite.com\/index.php\/wp-json\/wp\/v2\/media?parent=28346"}],"wp:term":[{"taxonomy":"category","embeddable":true,"href":"https:\/\/guineediversite.com\/index.php\/wp-json\/wp\/v2\/categories?post=28346"},{"taxonomy":"post_tag","embeddable":true,"href":"https:\/\/guineediversite.com\/index.php\/wp-json\/wp\/v2\/tags?post=28346"}],"curies":[{"name":"wp","href":"https:\/\/api.w.org\/{rel}","templated":true}]}}