{"id":28334,"date":"2019-04-11T12:39:47","date_gmt":"2019-04-11T10:39:47","guid":{"rendered":"https:\/\/guineediversite.com\/?p=28334"},"modified":"2019-04-11T12:39:47","modified_gmt":"2019-04-11T10:39:47","slug":"ministere-des-ae-mohamed-camara-nomme-chef-de-cabinet","status":"publish","type":"post","link":"https:\/\/guineediversite.com\/index.php\/2019\/04\/11\/ministere-des-ae-mohamed-camara-nomme-chef-de-cabinet\/","title":{"rendered":"Minist\u00e8re des AE \/ Mohamed Camara, nomm\u00e9 chef de cabinet"},"content":{"rendered":"<p>C\u2019est suite \u00e0 un d\u00e9cret pr\u00e9sidentiel diffus\u00e9 dans la soir\u00e9e de ce mercredi 10 avril, par les m\u00e9dias d\u2019\u00c9tat, que le juriste, professeur de droit et consultant juridique des m\u00e9dias, Mohamed Camara, a \u00e9t\u00e9 nomm\u00e9 chef de cabinet du minist\u00e8re des Affaires \u00e9trang\u00e8res et des Guin\u00e9ens de l\u2019\u00e9tranger.<\/p>\n<p>A signaler que, \u00a0jusque-l\u00e0, Mohamed Camara occupait le poste de directeur adjoint du d\u00e9partement Afrique, Asie, Oc\u00e9anie, au sein du m\u00eame d\u00e9partement minist\u00e9riel.<\/p>\n","protected":false},"excerpt":{"rendered":"<p>C\u2019est suite \u00e0 un d\u00e9cret pr\u00e9sidentiel diffus\u00e9 dans la soir\u00e9e de ce mercredi 10 avril, par les m\u00e9dias d\u2019\u00c9tat, que le juriste, professeur de droit et consultant juridique des m\u00e9dias, Mohamed Camara, a \u00e9t\u00e9 nomm\u00e9 chef de cabinet du minist\u00e8re des Affaires \u00e9trang\u00e8res et des Guin\u00e9ens de l\u2019\u00e9tranger. A signaler que, \u00a0jusque-l\u00e0, Mohamed Camara occupait [&hellip;]<\/p>\n","protected":false},"author":10,"featured_media":28335,"comment_status":"closed","ping_status":"closed","sticky":false,"template":"","format":"standard","meta":{"_exactmetrics_skip_tracking":false,"_exactmetrics_sitenote_active":false,"_exactmetrics_sitenote_note":"","_exactmetrics_sitenote_category":0,"tdm_status":"","tdm_grid_status":"","footnotes":""},"categories":[14],"tags":[],"class_list":{"0":"post-28334","1":"post","2":"type-post","3":"status-publish","4":"format-standard","5":"has-post-thumbnail","7":"category-politique"},"yoast_head":"<!-- This site is optimized with the Yoast SEO plugin v24.2 - https:\/\/yoast.com\/wordpress\/plugins\/seo\/ -->\n<title>Minist\u00e8re des AE \/ Mohamed Camara, nomm\u00e9 chef de cabinet | Guin\u00e9e Diversit\u00e9<\/title>\n<meta name=\"robots\" content=\"index, follow, max-snippet:-1, max-image-preview:large, max-video-preview:-1\" \/>\n<link rel=\"canonical\" href=\"https:\/\/guineediversite.com\/index.php\/2019\/04\/11\/ministere-des-ae-mohamed-camara-nomme-chef-de-cabinet\/\" \/>\n<meta property=\"og:locale\" content=\"fr_FR\" \/>\n<meta property=\"og:type\" content=\"article\" \/>\n<meta property=\"og:title\" content=\"Minist\u00e8re des AE \/ Mohamed Camara, nomm\u00e9 chef de cabinet | Guin\u00e9e Diversit\u00e9\" \/>\n<meta property=\"og:description\" content=\"C\u2019est suite \u00e0 un d\u00e9cret pr\u00e9sidentiel diffus\u00e9 dans la soir\u00e9e de ce mercredi 10 avril, par les m\u00e9dias d\u2019\u00c9tat, que le juriste, professeur de droit et consultant juridique des m\u00e9dias, Mohamed Camara, a \u00e9t\u00e9 nomm\u00e9 chef de cabinet du minist\u00e8re des Affaires \u00e9trang\u00e8res et des Guin\u00e9ens de l\u2019\u00e9tranger. A signaler que, \u00a0jusque-l\u00e0, Mohamed Camara occupait [&hellip;]\" \/>\n<meta property=\"og:url\" content=\"https:\/\/guineediversite.com\/index.php\/2019\/04\/11\/ministere-des-ae-mohamed-camara-nomme-chef-de-cabinet\/\" \/>\n<meta property=\"og:site_name\" content=\"Guin\u00e9e Diversit\u00e9\" \/>\n<meta property=\"article:publisher\" content=\"https:\/\/www.facebook.com\/guineediversite\/\" \/>\n<meta property=\"article:published_time\" content=\"2019-04-11T10:39:47+00:00\" \/>\n<meta property=\"og:image\" content=\"https:\/\/guineediversite.com\/wp-content\/uploads\/2019\/04\/Mohamed-Camara.jpg\" \/>\n\t<meta property=\"og:image:width\" content=\"1304\" \/>\n\t<meta property=\"og:image:height\" content=\"1024\" \/>\n\t<meta property=\"og:image:type\" content=\"image\/jpeg\" \/>\n<meta name=\"author\" content=\"Morcire Camara\" \/>\n<meta name=\"twitter:card\" content=\"summary_large_image\" \/>\n<meta name=\"twitter:creator\" content=\"@GuineeDiversite\" \/>\n<meta name=\"twitter:site\" content=\"@GuineeDiversite\" \/>\n<meta name=\"twitter:label1\" content=\"\u00c9crit par\" \/>\n\t<meta name=\"twitter:data1\" content=\"Morcire Camara\" \/>\n<script type=\"application\/ld+json\" class=\"yoast-schema-graph\">{\"@context\":\"https:\/\/schema.org\",\"@graph\":[{\"@type\":\"Article\",\"@id\":\"https:\/\/guineediversite.com\/index.php\/2019\/04\/11\/ministere-des-ae-mohamed-camara-nomme-chef-de-cabinet\/#article\",\"isPartOf\":{\"@id\":\"https:\/\/guineediversite.com\/index.php\/2019\/04\/11\/ministere-des-ae-mohamed-camara-nomme-chef-de-cabinet\/\"},\"author\":{\"name\":\"Morcire Camara\",\"@id\":\"https:\/\/guineediversite.com\/#\/schema\/person\/fa362494c47202ce4b3adf55abcc9d01\"},\"headline\":\"Minist\u00e8re des AE \/ Mohamed Camara, nomm\u00e9 chef de cabinet\",\"datePublished\":\"2019-04-11T10:39:47+00:00\",\"dateModified\":\"2019-04-11T10:39:47+00:00\",\"mainEntityOfPage\":{\"@id\":\"https:\/\/guineediversite.com\/index.php\/2019\/04\/11\/ministere-des-ae-mohamed-camara-nomme-chef-de-cabinet\/\"},\"wordCount\":95,\"publisher\":{\"@id\":\"https:\/\/guineediversite.com\/#organization\"},\"image\":{\"@id\":\"https:\/\/guineediversite.com\/index.php\/2019\/04\/11\/ministere-des-ae-mohamed-camara-nomme-chef-de-cabinet\/#primaryimage\"},\"thumbnailUrl\":\"https:\/\/guineediversite.com\/wp-content\/uploads\/2019\/04\/Mohamed-Camara.jpg\",\"articleSection\":[\"Politique\"],\"inLanguage\":\"fr-FR\"},{\"@type\":\"WebPage\",\"@id\":\"https:\/\/guineediversite.com\/index.php\/2019\/04\/11\/ministere-des-ae-mohamed-camara-nomme-chef-de-cabinet\/\",\"url\":\"https:\/\/guineediversite.com\/index.php\/2019\/04\/11\/ministere-des-ae-mohamed-camara-nomme-chef-de-cabinet\/\",\"name\":\"Minist\u00e8re des AE \/ Mohamed Camara, nomm\u00e9 chef de cabinet | Guin\u00e9e Diversit\u00e9\",\"isPartOf\":{\"@id\":\"https:\/\/guineediversite.com\/#website\"},\"primaryImageOfPage\":{\"@id\":\"https:\/\/guineediversite.com\/index.php\/2019\/04\/11\/ministere-des-ae-mohamed-camara-nomme-chef-de-cabinet\/#primaryimage\"},\"image\":{\"@id\":\"https:\/\/guineediversite.com\/index.php\/2019\/04\/11\/ministere-des-ae-mohamed-camara-nomme-chef-de-cabinet\/#primaryimage\"},\"thumbnailUrl\":\"https:\/\/guineediversite.com\/wp-content\/uploads\/2019\/04\/Mohamed-Camara.jpg\",\"datePublished\":\"2019-04-11T10:39:47+00:00\",\"dateModified\":\"2019-04-11T10:39:47+00:00\",\"breadcrumb\":{\"@id\":\"https:\/\/guineediversite.com\/index.php\/2019\/04\/11\/ministere-des-ae-mohamed-camara-nomme-chef-de-cabinet\/#breadcrumb\"},\"inLanguage\":\"fr-FR\",\"potentialAction\":[{\"@type\":\"ReadAction\",\"target\":[\"https:\/\/guineediversite.com\/index.php\/2019\/04\/11\/ministere-des-ae-mohamed-camara-nomme-chef-de-cabinet\/\"]}]},{\"@type\":\"ImageObject\",\"inLanguage\":\"fr-FR\",\"@id\":\"https:\/\/guineediversite.com\/index.php\/2019\/04\/11\/ministere-des-ae-mohamed-camara-nomme-chef-de-cabinet\/#primaryimage\",\"url\":\"https:\/\/guineediversite.com\/wp-content\/uploads\/2019\/04\/Mohamed-Camara.jpg\",\"contentUrl\":\"https:\/\/guineediversite.com\/wp-content\/uploads\/2019\/04\/Mohamed-Camara.jpg\",\"width\":1304,\"height\":1024},{\"@type\":\"BreadcrumbList\",\"@id\":\"https:\/\/guineediversite.com\/index.php\/2019\/04\/11\/ministere-des-ae-mohamed-camara-nomme-chef-de-cabinet\/#breadcrumb\",\"itemListElement\":[{\"@type\":\"ListItem\",\"position\":1,\"name\":\"Accueil\",\"item\":\"https:\/\/guineediversite.com\/\"},{\"@type\":\"ListItem\",\"position\":2,\"name\":\"Minist\u00e8re des AE \/ Mohamed Camara, nomm\u00e9 chef de cabinet\"}]},{\"@type\":\"WebSite\",\"@id\":\"https:\/\/guineediversite.com\/#website\",\"url\":\"https:\/\/guineediversite.com\/\",\"name\":\"Guin\u00e9e Diversit\u00e9\",\"description\":\"L&#039;Info dans toute sa diversit\u00e9\",\"publisher\":{\"@id\":\"https:\/\/guineediversite.com\/#organization\"},\"potentialAction\":[{\"@type\":\"SearchAction\",\"target\":{\"@type\":\"EntryPoint\",\"urlTemplate\":\"https:\/\/guineediversite.com\/?s={search_term_string}\"},\"query-input\":{\"@type\":\"PropertyValueSpecification\",\"valueRequired\":true,\"valueName\":\"search_term_string\"}}],\"inLanguage\":\"fr-FR\"},{\"@type\":\"Organization\",\"@id\":\"https:\/\/guineediversite.com\/#organization\",\"name\":\"Guin\u00e9e Diversit\u00e9\",\"url\":\"https:\/\/guineediversite.com\/\",\"logo\":{\"@type\":\"ImageObject\",\"inLanguage\":\"fr-FR\",\"@id\":\"https:\/\/guineediversite.com\/#\/schema\/logo\/image\/\",\"url\":\"https:\/\/guineediversite.com\/wp-content\/uploads\/2017\/04\/cropped-1jojlxEOMkX9Wyqfhe43D6kjPOGqBBKmx3EwWJqZ0cMrFF54yM49.png\",\"contentUrl\":\"https:\/\/guineediversite.com\/wp-content\/uploads\/2017\/04\/cropped-1jojlxEOMkX9Wyqfhe43D6kjPOGqBBKmx3EwWJqZ0cMrFF54yM49.png\",\"width\":186,\"height\":112,\"caption\":\"Guin\u00e9e Diversit\u00e9\"},\"image\":{\"@id\":\"https:\/\/guineediversite.com\/#\/schema\/logo\/image\/\"},\"sameAs\":[\"https:\/\/www.facebook.com\/guineediversite\/\",\"https:\/\/x.com\/GuineeDiversite\",\"https:\/\/www.youtube.com\/channel\/UC8sUY16qelG5ge6_D5SB83g\"]},{\"@type\":\"Person\",\"@id\":\"https:\/\/guineediversite.com\/#\/schema\/person\/fa362494c47202ce4b3adf55abcc9d01\",\"name\":\"Morcire Camara\",\"image\":{\"@type\":\"ImageObject\",\"inLanguage\":\"fr-FR\",\"@id\":\"https:\/\/guineediversite.com\/#\/schema\/person\/image\/\",\"url\":\"https:\/\/secure.gravatar.com\/avatar\/3ec324f02295bbcebe03d99b39330ab4?s=96&d=mm&r=g\",\"contentUrl\":\"https:\/\/secure.gravatar.com\/avatar\/3ec324f02295bbcebe03d99b39330ab4?s=96&d=mm&r=g\",\"caption\":\"Morcire Camara\"},\"url\":\"https:\/\/guineediversite.com\/index.php\/author\/morcire\/\"}]}<\/script>\n<!-- \/ Yoast SEO plugin. -->","yoast_head_json":{"title":"Minist\u00e8re des AE \/ Mohamed Camara, nomm\u00e9 chef de cabinet | Guin\u00e9e Diversit\u00e9","robots":{"index":"index","follow":"follow","max-snippet":"max-snippet:-1","max-image-preview":"max-image-preview:large","max-video-preview":"max-video-preview:-1"},"canonical":"https:\/\/guineediversite.com\/index.php\/2019\/04\/11\/ministere-des-ae-mohamed-camara-nomme-chef-de-cabinet\/","og_locale":"fr_FR","og_type":"article","og_title":"Minist\u00e8re des AE \/ Mohamed Camara, nomm\u00e9 chef de cabinet | Guin\u00e9e Diversit\u00e9","og_description":"C\u2019est suite \u00e0 un d\u00e9cret pr\u00e9sidentiel diffus\u00e9 dans la soir\u00e9e de ce mercredi 10 avril, par les m\u00e9dias d\u2019\u00c9tat, que le juriste, professeur de droit et consultant juridique des m\u00e9dias, Mohamed Camara, a \u00e9t\u00e9 nomm\u00e9 chef de cabinet du minist\u00e8re des Affaires \u00e9trang\u00e8res et des Guin\u00e9ens de l\u2019\u00e9tranger. A signaler que, \u00a0jusque-l\u00e0, Mohamed Camara occupait [&hellip;]","og_url":"https:\/\/guineediversite.com\/index.php\/2019\/04\/11\/ministere-des-ae-mohamed-camara-nomme-chef-de-cabinet\/","og_site_name":"Guin\u00e9e Diversit\u00e9","article_publisher":"https:\/\/www.facebook.com\/guineediversite\/","article_published_time":"2019-04-11T10:39:47+00:00","og_image":[{"width":1304,"height":1024,"url":"https:\/\/guineediversite.com\/wp-content\/uploads\/2019\/04\/Mohamed-Camara.jpg","type":"image\/jpeg"}],"author":"Morcire Camara","twitter_card":"summary_large_image","twitter_creator":"@GuineeDiversite","twitter_site":"@GuineeDiversite","twitter_misc":{"\u00c9crit par":"Morcire Camara"},"schema":{"@context":"https:\/\/schema.org","@graph":[{"@type":"Article","@id":"https:\/\/guineediversite.com\/index.php\/2019\/04\/11\/ministere-des-ae-mohamed-camara-nomme-chef-de-cabinet\/#article","isPartOf":{"@id":"https:\/\/guineediversite.com\/index.php\/2019\/04\/11\/ministere-des-ae-mohamed-camara-nomme-chef-de-cabinet\/"},"author":{"name":"Morcire Camara","@id":"https:\/\/guineediversite.com\/#\/schema\/person\/fa362494c47202ce4b3adf55abcc9d01"},"headline":"Minist\u00e8re des AE \/ Mohamed Camara, nomm\u00e9 chef de cabinet","datePublished":"2019-04-11T10:39:47+00:00","dateModified":"2019-04-11T10:39:47+00:00","mainEntityOfPage":{"@id":"https:\/\/guineediversite.com\/index.php\/2019\/04\/11\/ministere-des-ae-mohamed-camara-nomme-chef-de-cabinet\/"},"wordCount":95,"publisher":{"@id":"https:\/\/guineediversite.com\/#organization"},"image":{"@id":"https:\/\/guineediversite.com\/index.php\/2019\/04\/11\/ministere-des-ae-mohamed-camara-nomme-chef-de-cabinet\/#primaryimage"},"thumbnailUrl":"https:\/\/guineediversite.com\/wp-content\/uploads\/2019\/04\/Mohamed-Camara.jpg","articleSection":["Politique"],"inLanguage":"fr-FR"},{"@type":"WebPage","@id":"https:\/\/guineediversite.com\/index.php\/2019\/04\/11\/ministere-des-ae-mohamed-camara-nomme-chef-de-cabinet\/","url":"https:\/\/guineediversite.com\/index.php\/2019\/04\/11\/ministere-des-ae-mohamed-camara-nomme-chef-de-cabinet\/","name":"Minist\u00e8re des AE \/ Mohamed Camara, nomm\u00e9 chef de cabinet | Guin\u00e9e Diversit\u00e9","isPartOf":{"@id":"https:\/\/guineediversite.com\/#website"},"primaryImageOfPage":{"@id":"https:\/\/guineediversite.com\/index.php\/2019\/04\/11\/ministere-des-ae-mohamed-camara-nomme-chef-de-cabinet\/#primaryimage"},"image":{"@id":"https:\/\/guineediversite.com\/index.php\/2019\/04\/11\/ministere-des-ae-mohamed-camara-nomme-chef-de-cabinet\/#primaryimage"},"thumbnailUrl":"https:\/\/guineediversite.com\/wp-content\/uploads\/2019\/04\/Mohamed-Camara.jpg","datePublished":"2019-04-11T10:39:47+00:00","dateModified":"2019-04-11T10:39:47+00:00","breadcrumb":{"@id":"https:\/\/guineediversite.com\/index.php\/2019\/04\/11\/ministere-des-ae-mohamed-camara-nomme-chef-de-cabinet\/#breadcrumb"},"inLanguage":"fr-FR","potentialAction":[{"@type":"ReadAction","target":["https:\/\/guineediversite.com\/index.php\/2019\/04\/11\/ministere-des-ae-mohamed-camara-nomme-chef-de-cabinet\/"]}]},{"@type":"ImageObject","inLanguage":"fr-FR","@id":"https:\/\/guineediversite.com\/index.php\/2019\/04\/11\/ministere-des-ae-mohamed-camara-nomme-chef-de-cabinet\/#primaryimage","url":"https:\/\/guineediversite.com\/wp-content\/uploads\/2019\/04\/Mohamed-Camara.jpg","contentUrl":"https:\/\/guineediversite.com\/wp-content\/uploads\/2019\/04\/Mohamed-Camara.jpg","width":1304,"height":1024},{"@type":"BreadcrumbList","@id":"https:\/\/guineediversite.com\/index.php\/2019\/04\/11\/ministere-des-ae-mohamed-camara-nomme-chef-de-cabinet\/#breadcrumb","itemListElement":[{"@type":"ListItem","position":1,"name":"Accueil","item":"https:\/\/guineediversite.com\/"},{"@type":"ListItem","position":2,"name":"Minist\u00e8re des AE \/ Mohamed Camara, nomm\u00e9 chef de cabinet"}]},{"@type":"WebSite","@id":"https:\/\/guineediversite.com\/#website","url":"https:\/\/guineediversite.com\/","name":"Guin\u00e9e Diversit\u00e9","description":"L&#039;Info dans toute sa diversit\u00e9","publisher":{"@id":"https:\/\/guineediversite.com\/#organization"},"potentialAction":[{"@type":"SearchAction","target":{"@type":"EntryPoint","urlTemplate":"https:\/\/guineediversite.com\/?s={search_term_string}"},"query-input":{"@type":"PropertyValueSpecification","valueRequired":true,"valueName":"search_term_string"}}],"inLanguage":"fr-FR"},{"@type":"Organization","@id":"https:\/\/guineediversite.com\/#organization","name":"Guin\u00e9e Diversit\u00e9","url":"https:\/\/guineediversite.com\/","logo":{"@type":"ImageObject","inLanguage":"fr-FR","@id":"https:\/\/guineediversite.com\/#\/schema\/logo\/image\/","url":"https:\/\/guineediversite.com\/wp-content\/uploads\/2017\/04\/cropped-1jojlxEOMkX9Wyqfhe43D6kjPOGqBBKmx3EwWJqZ0cMrFF54yM49.png","contentUrl":"https:\/\/guineediversite.com\/wp-content\/uploads\/2017\/04\/cropped-1jojlxEOMkX9Wyqfhe43D6kjPOGqBBKmx3EwWJqZ0cMrFF54yM49.png","width":186,"height":112,"caption":"Guin\u00e9e Diversit\u00e9"},"image":{"@id":"https:\/\/guineediversite.com\/#\/schema\/logo\/image\/"},"sameAs":["https:\/\/www.facebook.com\/guineediversite\/","https:\/\/x.com\/GuineeDiversite","https:\/\/www.youtube.com\/channel\/UC8sUY16qelG5ge6_D5SB83g"]},{"@type":"Person","@id":"https:\/\/guineediversite.com\/#\/schema\/person\/fa362494c47202ce4b3adf55abcc9d01","name":"Morcire Camara","image":{"@type":"ImageObject","inLanguage":"fr-FR","@id":"https:\/\/guineediversite.com\/#\/schema\/person\/image\/","url":"https:\/\/secure.gravatar.com\/avatar\/3ec324f02295bbcebe03d99b39330ab4?s=96&d=mm&r=g","contentUrl":"https:\/\/secure.gravatar.com\/avatar\/3ec324f02295bbcebe03d99b39330ab4?s=96&d=mm&r=g","caption":"Morcire Camara"},"url":"https:\/\/guineediversite.com\/index.php\/author\/morcire\/"}]}},"_links":{"self":[{"href":"https:\/\/guineediversite.com\/index.php\/wp-json\/wp\/v2\/posts\/28334"}],"collection":[{"href":"https:\/\/guineediversite.com\/index.php\/wp-json\/wp\/v2\/posts"}],"about":[{"href":"https:\/\/guineediversite.com\/index.php\/wp-json\/wp\/v2\/types\/post"}],"author":[{"embeddable":true,"href":"https:\/\/guineediversite.com\/index.php\/wp-json\/wp\/v2\/users\/10"}],"replies":[{"embeddable":true,"href":"https:\/\/guineediversite.com\/index.php\/wp-json\/wp\/v2\/comments?post=28334"}],"version-history":[{"count":0,"href":"https:\/\/guineediversite.com\/index.php\/wp-json\/wp\/v2\/posts\/28334\/revisions"}],"wp:featuredmedia":[{"embeddable":true,"href":"https:\/\/guineediversite.com\/index.php\/wp-json\/wp\/v2\/media\/28335"}],"wp:attachment":[{"href":"https:\/\/guineediversite.com\/index.php\/wp-json\/wp\/v2\/media?parent=28334"}],"wp:term":[{"taxonomy":"category","embeddable":true,"href":"https:\/\/guineediversite.com\/index.php\/wp-json\/wp\/v2\/categories?post=28334"},{"taxonomy":"post_tag","embeddable":true,"href":"https:\/\/guineediversite.com\/index.php\/wp-json\/wp\/v2\/tags?post=28334"}],"curies":[{"name":"wp","href":"https:\/\/api.w.org\/{rel}","templated":true}]}}